{"id":5717,"date":"2017-10-17T21:18:14","date_gmt":"2017-10-17T21:18:14","guid":{"rendered":"https:\/\/www.welovecycling.com\/pl\/?p=5717"},"modified":"2017-10-21T20:15:08","modified_gmt":"2017-10-21T20:15:08","slug":"catching-breath-czterech-kolarzy-najwyzsza-przelecz-swiecie","status":"publish","type":"post","link":"https:\/\/www.welovecycling.com\/pl\/2017\/10\/17\/catching-breath-czterech-kolarzy-najwyzsza-przelecz-swiecie\/","title":{"rendered":"Catching Breath: czterech kolarzy i najwy\u017csza prze\u0142\u0119cz na \u015bwiecie"},"content":{"rendered":"<p><strong>Czy ogl\u0105daj\u0105c Tour de France, zastanawiali\u015bcie si\u0119 kiedy\u015b, jak to jest radzi\u0107 sobie z tak zab\u00f3jczymi podjazdami jak Le Tourmalet czy Mont Ventoux? Absolutne wyczerpanie, podupadanie na duchu i osi\u0105ganie granic wytrzyma\u0142o\u015bci, z kt\u00f3rymi musz\u0105 zmaga\u0107 si\u0119 kolarze, s\u0105 przera\u017caj\u0105ce, a \u0142ydki piek\u0105 od samego patrzenia. A gdyby\u015bmy\u00a0wam powiedzieli, \u017ce jest co\u015b znacznie gorszego? I \u017ce s\u0105 ludzie, kt\u00f3rzy si\u0119 tym ekscytuj\u0105 na sam\u0105 my\u015bl? Przyjrzyjmy si\u0119 projektowi \u0160KODY \u201eCatching Breath \/ Jazda przez Himalaje\u201d.<\/strong><br \/>\n<!--more--><\/p>\n<p><span style=\"font-weight: 400;\">Khardung La to prze\u0142\u0119cz g\u00f3rska w regionie Ladakh w indyjskim stanie D\u017cammu i Kaszmir i najwy\u017cej po\u0142o\u017cona droga dla samochod\u00f3w znajduj\u0105ca si\u0119 na wysoko\u015bci 5359 metr\u00f3w nad poziomem morza. Jej pocz\u0105tek le\u017cy oko\u0142o 1000 metr\u00f3w wy\u017cej ni\u017c najwy\u017cszy punkt trasy Tour de France. Kto trze\u017awo my\u015bl\u0105cy wpad\u0142by na pomys\u0142 jazdy na rowerze w takim miejscu? Powiemy wam kto \u2013 czterech \u015bmia\u0142k\u00f3w. Austriacki kolarz Christoph Kluge jest autorem trzygodzinnego nagrania podjazdu po Khardung La w 2012 roku, a nasi czterej kolarze s\u0105 zdeterminowani, by pobi\u0107 jego <a href=\"https:\/\/www.strava.com\/activities\/22109395#8021524304\">wynik.<\/a> Pewnie chcesz dowiedzie\u0107 si\u0119 wi\u0119cej na temat ludzi, kt\u00f3rzy ch\u0119tnie stawi\u0105 czo\u0142a wyzwaniu, jakie dla innych mo\u017ce wydawa\u0107 si\u0119 piekielnym pomys\u0142em. Oto nasi uczestnicy Catching Breath.<\/span><\/p>\n<p><a href=\"https:\/\/d2p6e6u75xmxt8.cloudfront.net\/5\/2017\/10\/IMG-20170919-WA0001.jpg\"><img loading=\"lazy\" decoding=\"async\" class=\"alignnone size-full wp-image-5718\" src=\"https:\/\/d2p6e6u75xmxt8.cloudfront.net\/5\/2017\/10\/IMG-20170919-WA0001.jpg\" alt=\"\" width=\"1600\" height=\"1200\" srcset=\"https:\/\/d2p6e6u75xmxt8.cloudfront.net\/5\/2017\/10\/IMG-20170919-WA0001.jpg 1600w, https:\/\/d2p6e6u75xmxt8.cloudfront.net\/5\/2017\/10\/IMG-20170919-WA0001-300x225.jpg 300w, https:\/\/d2p6e6u75xmxt8.cloudfront.net\/5\/2017\/10\/IMG-20170919-WA0001-768x576.jpg 768w, https:\/\/d2p6e6u75xmxt8.cloudfront.net\/5\/2017\/10\/IMG-20170919-WA0001-1024x768.jpg 1024w\" sizes=\"auto, (max-width: 1600px) 100vw, 1600px\" \/><\/a><\/p>\n<p><strong>Bartosz Huzarski\u00a0<\/strong><span style=\"font-weight: 400;\">jest mi\u0142o\u015bnikiem kolarstwa z Polski, ale mo\u017ce to za ma\u0142o powiedziane. Pokona\u0142 na rowerze 12 000 kilometr\u00f3w (dystans zarejestrowany tylko od czasu, kiedy zacz\u0105\u0142 u\u017cywa\u0107 w tym roku Stravy). To kolarz, kt\u00f3rego rozpiera energia. Nie dziwi wi\u0119c fakt, \u017ce kiedy\u015b by\u0142 zawodowcem w teamie Bora-Argon 18, a obecnie prowadzi akademi\u0119 kolarsk\u0105 Huzar, kt\u00f3r\u0105 sam za\u0142o\u017cy\u0142. Bartosz jest trzykrotnym uczestnikiem Tour de France, a kilka wy\u015bcig\u00f3w w Tybecie przygotowa\u0142o go do jazdy na du\u017cych wysoko\u015bciach, szczeg\u00f3lnie do zmian atmosferycznych. Ma dobrze zaplanowany harmonogram na 14 dni przed wyzwaniem Catching Breath, kt\u00f3ry obejmuje diet\u0119, szkolenia i plan odpoczynku<\/span><\/p>\n<p>https:\/\/www.instagram.com\/p\/BZTTc1onmsz\/?taken-by=huzarskibartosz<\/p>\n<p><strong>Andrea Schilir\u00f2 <span style=\"font-weight: 400;\">jest fotografem freelancerem z Mediolanu, kolarzem i mi\u0142o\u015bnikiem tatua\u017cy. Specjalizuje si\u0119 w fotografii sportowej, a bikepacking i camping na \u0142onie natury to jedne z jego najwi\u0119kszych hobby. Chocia\u017c ma za sob\u0105 wiele d\u0142ugodystansowych wypad\u00f3w rowerowych i jest fanem przyg\u00f3d na rowerach drogowych, przyzna\u0142, \u017ce nigdy nie pr\u00f3bowa\u0142 tak wymagaj\u0105cego podjazdu, ale ch\u0119tnie przekona si\u0119, jak mu podo\u0142a. \u015awiadectwem jego duszy globtrotera jest fakt, \u017ce w czasie pisania tego artyku\u0142u jest na miesi\u0119cznym obozie na Alasce.<\/span><\/strong><\/p>\n<p>https:\/\/www.instagram.com\/p\/BY2_18YAtHr\/?taken-by=xskillyx<\/p>\n<p><span style=\"font-weight: 400;\">A teraz nasza \u017celazna dama \u2013 <strong>Eva Lindskog<\/strong>. Jest zdeklarowan\u0105 specjalistk\u0105 od wytrzyma\u0142o\u015bci ze Szwecji, ale obecnie mieszka w Szwajcarii. Zapytana o najbardziej wymagaj\u0105c\u0105 fizycznie rzecz, kt\u00f3r\u0105 kiedykolwiek zrobi\u0142a, od razu wymienia ultramaraton na 100 mil i brzmi tak, jakby nie by\u0142o to nic wielkiego. Cho\u0107 uwa\u017ca, \u017ce granice jej wytrzyma\u0142o\u015bci jako kolarki nie zosta\u0142y jeszcze zbadane, Eva bra\u0142a udzia\u0142 w wyprawach rowerowych do 300 km, a nawet wjecha\u0142a na Mount Ventoux. A do tego, takie tam &#8211; nic wielkiego, pokona\u0142a na Stravie tras\u0119 z ca\u0142kowitym zwi\u0119kszeniem wysoko\u015bci ponad 60 000 metr\u00f3w. Je\u015bli ju\u017c o tym mowa, zbli\u017ca si\u0119 teraz do wielkiego osi\u0105gni\u0119cia na Stravie &#8211; 1800 indywidualnych udzia\u0142\u00f3w w ramach QOM, odk\u0105d zacz\u0119\u0142a je\u017adzi\u0107 na rowerze. Tak, QOM oznacza Kr\u00f3low\u0105 G\u00f3r.<\/span><\/p>\n<p>https:\/\/www.instagram.com\/p\/BRYwCInFJ-w\/?taken-by=eva_lindskog<\/p>\n<p><span style=\"font-weight: 400;\">Ostatni, ale nie najmniej szalony, to <strong>Valenti Sanjuan<\/strong>, obecnie mieszkaj\u0105cy w Barcelonie w Hiszpanii. Jego profil Strava brzmi nast\u0119puj\u0105co: \u201eIronman, Superman i Batman. Tylko \u017cartuj\u0119, prosz\u0119 pani\u201d. Mo\u017ce si\u0119 wydawa\u0107, \u017ce to lekkie przechwa\u0142ki na prze\u0142amanie lod\u00f3w, dop\u00f3ki nie przyjrzymy si\u0119 jego wynikom i nie spytamy o najwi\u0119ksze fizyczne wyzwania, na jakie zdecydowa\u0142 si\u0119 do tej pory. Od niechcenia wspomina 55 godzin jazdy g\u00f3rskiej bez przerwy i bez snu z Madrytu do Lizbony (770 kilometr\u00f3w), 5 wy\u015bcig\u00f3w Ironman w ci\u0105gu 5 kolejnych dni, co ju\u017c brzmi jak szale\u0144stwo, ale &#8211; co lepsze &#8211; zrobi\u0142 to tylko JEDEN dzie\u0144 po zako\u0144czeniu Titan Desert, wyczerpuj\u0105cego wy\u015bcigu na 600 kilometr\u00f3w przez Sahar\u0119. Ju\u017c teraz opada szcz\u0119ka, ale ostatnia wzmianka o Leyenda Del Dorado w Kolumbii, 7-dniowym wy\u015bcigu MTB w Kolumbii z 16 000 metr\u00f3w wspinaczki, m\u00f3wi w\u0142a\u015bciwie wszystko.<\/span><\/p>\n<p>https:\/\/www.instagram.com\/p\/BZlbgPinu6U\/?taken-by=valentisanjuan<\/p>\n<p><span style=\"font-weight: 400;\">To oczywiste, \u017ce nasi niesamowici kolarze zrobi\u0105 wszystko, aby nie tylko zobaczy\u0107 szczyt Khardung La, ale tak\u017ce pokona\u0107 niezwyk\u0142y rekord Christopha Kluge\u2019a. WeLoveCycling z dum\u0105 daje im tak\u0105 mo\u017cliwo\u015b\u0107, a \u0160koda zapewnia wszechstronne wsparcie w trakcie ca\u0142ej wyprawy.<\/span><\/p>\n","protected":false},"excerpt":{"rendered":"<p>Czy ogl\u0105daj\u0105c Tour de France, zastanawiali\u015bcie si\u0119 kiedy\u015b, jak to jest radzi\u0107 sobie z tak zab\u00f3jczymi podjazdami jak Le Tourmalet [&hellip;]<\/p>\n","protected":false},"author":76,"featured_media":5720,"comment_status":"open","ping_status":"open","sticky":false,"template":"","format":"standard","meta":{"footnotes":""},"categories":[5],"tags":[108,211,214,215,22],"global-categories":[],"class_list":["post-5717","post","type-post","status-publish","format-standard","has-post-thumbnail","hentry","category-outdoormtb","tag-bartosz-huzarski","tag-catching-breath","tag-catching-breath-cycling-up-the-himalayas","tag-cycling-up-the-himalayas","tag-mtb"],"yoast_head":"<!-- This site is optimized with the Yoast SEO Premium plugin v25.3 (Yoast SEO v25.9) - https:\/\/yoast.com\/wordpress\/plugins\/seo\/ -->\n<title>Catching Breath: czterech kolarzy i najwy\u017csza prze\u0142\u0119cz na \u015bwiecie - \u0160koda We Love Cycling - Poland<\/title>\n<meta name=\"robots\" content=\"index, follow, max-snippet:-1, max-image-preview:large, max-video-preview:-1\" \/>\n<link rel=\"canonical\" href=\"https:\/\/www.welovecycling.com\/pl\/2017\/10\/17\/catching-breath-czterech-kolarzy-najwyzsza-przelecz-swiecie\/\" \/>\n<meta property=\"og:locale\" content=\"pl_PL\" \/>\n<meta property=\"og:type\" content=\"article\" \/>\n<meta property=\"og:title\" content=\"Catching Breath: czterech kolarzy i najwy\u017csza prze\u0142\u0119cz na \u015bwiecie\" \/>\n<meta property=\"og:description\" content=\"Czy ogl\u0105daj\u0105c Tour de France, zastanawiali\u015bcie si\u0119 kiedy\u015b, jak to jest radzi\u0107 sobie z tak zab\u00f3jczymi podjazdami jak Le Tourmalet [&hellip;]\" \/>\n<meta property=\"og:url\" content=\"https:\/\/www.welovecycling.com\/pl\/2017\/10\/17\/catching-breath-czterech-kolarzy-najwyzsza-przelecz-swiecie\/\" \/>\n<meta property=\"og:site_name\" content=\"\u0160koda We Love Cycling - Poland\" \/>\n<meta property=\"article:published_time\" content=\"2017-10-17T21:18:14+00:00\" \/>\n<meta property=\"article:modified_time\" content=\"2017-10-21T20:15:08+00:00\" \/>\n<meta property=\"og:image\" content=\"https:\/\/d2p6e6u75xmxt8.cloudfront.net\/5\/2017\/10\/cyclingupthehimalayas.jpg\" \/>\n\t<meta property=\"og:image:width\" content=\"1375\" \/>\n\t<meta property=\"og:image:height\" content=\"600\" \/>\n\t<meta property=\"og:image:type\" content=\"image\/jpeg\" \/>\n<meta name=\"author\" content=\"piotrboczkowski\" \/>\n<meta name=\"twitter:card\" content=\"summary_large_image\" \/>\n<meta name=\"twitter:label1\" content=\"Written by\" \/>\n\t<meta name=\"twitter:data1\" content=\"WeLoveCycling\" \/>\n\t<meta name=\"twitter:label2\" content=\"Est. reading time\" \/>\n\t<meta name=\"twitter:data2\" content=\"4 minutes\" \/>\n<script type=\"application\/ld+json\" class=\"yoast-schema-graph\">{\"@context\":\"https:\/\/schema.org\",\"@graph\":[{\"@type\":\"WebPage\",\"@id\":\"https:\/\/www.welovecycling.com\/pl\/2017\/10\/17\/catching-breath-czterech-kolarzy-najwyzsza-przelecz-swiecie\/\",\"url\":\"https:\/\/www.welovecycling.com\/pl\/2017\/10\/17\/catching-breath-czterech-kolarzy-najwyzsza-przelecz-swiecie\/\",\"name\":\"Catching Breath: czterech kolarzy i najwy\u017csza prze\u0142\u0119cz na \u015bwiecie - \u0160koda We Love Cycling - Poland\",\"isPartOf\":{\"@id\":\"https:\/\/www.welovecycling.com\/pl\/#website\"},\"primaryImageOfPage\":{\"@id\":\"https:\/\/www.welovecycling.com\/pl\/2017\/10\/17\/catching-breath-czterech-kolarzy-najwyzsza-przelecz-swiecie\/#primaryimage\"},\"image\":{\"@id\":\"https:\/\/www.welovecycling.com\/pl\/2017\/10\/17\/catching-breath-czterech-kolarzy-najwyzsza-przelecz-swiecie\/#primaryimage\"},\"thumbnailUrl\":\"https:\/\/d2p6e6u75xmxt8.cloudfront.net\/5\/2017\/10\/cyclingupthehimalayas.jpg\",\"datePublished\":\"2017-10-17T21:18:14+00:00\",\"dateModified\":\"2017-10-21T20:15:08+00:00\",\"author\":{\"@id\":\"https:\/\/www.welovecycling.com\/pl\/#\/schema\/person\/0dba2d39da943db9df3fd8f4687e7f23\"},\"breadcrumb\":{\"@id\":\"https:\/\/www.welovecycling.com\/pl\/2017\/10\/17\/catching-breath-czterech-kolarzy-najwyzsza-przelecz-swiecie\/#breadcrumb\"},\"inLanguage\":\"pl-PL\",\"potentialAction\":[{\"@type\":\"ReadAction\",\"target\":[\"https:\/\/www.welovecycling.com\/pl\/2017\/10\/17\/catching-breath-czterech-kolarzy-najwyzsza-przelecz-swiecie\/\"]}]},{\"@type\":\"ImageObject\",\"inLanguage\":\"pl-PL\",\"@id\":\"https:\/\/www.welovecycling.com\/pl\/2017\/10\/17\/catching-breath-czterech-kolarzy-najwyzsza-przelecz-swiecie\/#primaryimage\",\"url\":\"https:\/\/d2p6e6u75xmxt8.cloudfront.net\/5\/2017\/10\/cyclingupthehimalayas.jpg\",\"contentUrl\":\"https:\/\/d2p6e6u75xmxt8.cloudfront.net\/5\/2017\/10\/cyclingupthehimalayas.jpg\",\"width\":1375,\"height\":600},{\"@type\":\"BreadcrumbList\",\"@id\":\"https:\/\/www.welovecycling.com\/pl\/2017\/10\/17\/catching-breath-czterech-kolarzy-najwyzsza-przelecz-swiecie\/#breadcrumb\",\"itemListElement\":[{\"@type\":\"ListItem\",\"position\":1,\"name\":\"Home\",\"item\":\"https:\/\/www.welovecycling.com\/pl\/\"},{\"@type\":\"ListItem\",\"position\":2,\"name\":\"Catching Breath: czterech kolarzy i najwy\u017csza prze\u0142\u0119cz na \u015bwiecie\"}]},{\"@type\":\"WebSite\",\"@id\":\"https:\/\/www.welovecycling.com\/pl\/#website\",\"url\":\"https:\/\/www.welovecycling.com\/pl\/\",\"name\":\"\u0160koda We Love Cycling - Poland\",\"description\":\"\",\"potentialAction\":[{\"@type\":\"SearchAction\",\"target\":{\"@type\":\"EntryPoint\",\"urlTemplate\":\"https:\/\/www.welovecycling.com\/pl\/?s={search_term_string}\"},\"query-input\":{\"@type\":\"PropertyValueSpecification\",\"valueRequired\":true,\"valueName\":\"search_term_string\"}}],\"inLanguage\":\"pl-PL\"},{\"@type\":\"Person\",\"@id\":\"https:\/\/www.welovecycling.com\/pl\/#\/schema\/person\/0dba2d39da943db9df3fd8f4687e7f23\",\"name\":\"piotrboczkowski\",\"image\":{\"@type\":\"ImageObject\",\"inLanguage\":\"pl-PL\",\"@id\":\"https:\/\/www.welovecycling.com\/pl\/#\/schema\/person\/image\/\",\"url\":\"https:\/\/secure.gravatar.com\/avatar\/533caccae14752e03a2ce2d3fd62d1b98b93e1393c3195c27819e53344ca1ace?s=96&d=mm&r=g\",\"contentUrl\":\"https:\/\/secure.gravatar.com\/avatar\/533caccae14752e03a2ce2d3fd62d1b98b93e1393c3195c27819e53344ca1ace?s=96&d=mm&r=g\",\"caption\":\"piotrboczkowski\"},\"url\":\"https:\/\/www.welovecycling.com\/pl\/author\/piotrboczkowski\/\"}]}<\/script>\n<!-- \/ Yoast SEO Premium plugin. -->","yoast_head_json":{"title":"Catching Breath: czterech kolarzy i najwy\u017csza prze\u0142\u0119cz na \u015bwiecie - \u0160koda We Love Cycling - Poland","robots":{"index":"index","follow":"follow","max-snippet":"max-snippet:-1","max-image-preview":"max-image-preview:large","max-video-preview":"max-video-preview:-1"},"canonical":"https:\/\/www.welovecycling.com\/pl\/2017\/10\/17\/catching-breath-czterech-kolarzy-najwyzsza-przelecz-swiecie\/","og_locale":"pl_PL","og_type":"article","og_title":"Catching Breath: czterech kolarzy i najwy\u017csza prze\u0142\u0119cz na \u015bwiecie","og_description":"Czy ogl\u0105daj\u0105c Tour de France, zastanawiali\u015bcie si\u0119 kiedy\u015b, jak to jest radzi\u0107 sobie z tak zab\u00f3jczymi podjazdami jak Le Tourmalet [&hellip;]","og_url":"https:\/\/www.welovecycling.com\/pl\/2017\/10\/17\/catching-breath-czterech-kolarzy-najwyzsza-przelecz-swiecie\/","og_site_name":"\u0160koda We Love Cycling - Poland","article_published_time":"2017-10-17T21:18:14+00:00","article_modified_time":"2017-10-21T20:15:08+00:00","og_image":[{"width":1375,"height":600,"url":"https:\/\/d2p6e6u75xmxt8.cloudfront.net\/5\/2017\/10\/cyclingupthehimalayas.jpg","type":"image\/jpeg"}],"author":"piotrboczkowski","twitter_card":"summary_large_image","twitter_misc":{"Written by":"WeLoveCycling","Est. reading time":"4 minutes"},"schema":{"@context":"https:\/\/schema.org","@graph":[{"@type":"WebPage","@id":"https:\/\/www.welovecycling.com\/pl\/2017\/10\/17\/catching-breath-czterech-kolarzy-najwyzsza-przelecz-swiecie\/","url":"https:\/\/www.welovecycling.com\/pl\/2017\/10\/17\/catching-breath-czterech-kolarzy-najwyzsza-przelecz-swiecie\/","name":"Catching Breath: czterech kolarzy i najwy\u017csza prze\u0142\u0119cz na \u015bwiecie - \u0160koda We Love Cycling - Poland","isPartOf":{"@id":"https:\/\/www.welovecycling.com\/pl\/#website"},"primaryImageOfPage":{"@id":"https:\/\/www.welovecycling.com\/pl\/2017\/10\/17\/catching-breath-czterech-kolarzy-najwyzsza-przelecz-swiecie\/#primaryimage"},"image":{"@id":"https:\/\/www.welovecycling.com\/pl\/2017\/10\/17\/catching-breath-czterech-kolarzy-najwyzsza-przelecz-swiecie\/#primaryimage"},"thumbnailUrl":"https:\/\/d2p6e6u75xmxt8.cloudfront.net\/5\/2017\/10\/cyclingupthehimalayas.jpg","datePublished":"2017-10-17T21:18:14+00:00","dateModified":"2017-10-21T20:15:08+00:00","author":{"@id":"https:\/\/www.welovecycling.com\/pl\/#\/schema\/person\/0dba2d39da943db9df3fd8f4687e7f23"},"breadcrumb":{"@id":"https:\/\/www.welovecycling.com\/pl\/2017\/10\/17\/catching-breath-czterech-kolarzy-najwyzsza-przelecz-swiecie\/#breadcrumb"},"inLanguage":"pl-PL","potentialAction":[{"@type":"ReadAction","target":["https:\/\/www.welovecycling.com\/pl\/2017\/10\/17\/catching-breath-czterech-kolarzy-najwyzsza-przelecz-swiecie\/"]}]},{"@type":"ImageObject","inLanguage":"pl-PL","@id":"https:\/\/www.welovecycling.com\/pl\/2017\/10\/17\/catching-breath-czterech-kolarzy-najwyzsza-przelecz-swiecie\/#primaryimage","url":"https:\/\/d2p6e6u75xmxt8.cloudfront.net\/5\/2017\/10\/cyclingupthehimalayas.jpg","contentUrl":"https:\/\/d2p6e6u75xmxt8.cloudfront.net\/5\/2017\/10\/cyclingupthehimalayas.jpg","width":1375,"height":600},{"@type":"BreadcrumbList","@id":"https:\/\/www.welovecycling.com\/pl\/2017\/10\/17\/catching-breath-czterech-kolarzy-najwyzsza-przelecz-swiecie\/#breadcrumb","itemListElement":[{"@type":"ListItem","position":1,"name":"Home","item":"https:\/\/www.welovecycling.com\/pl\/"},{"@type":"ListItem","position":2,"name":"Catching Breath: czterech kolarzy i najwy\u017csza prze\u0142\u0119cz na \u015bwiecie"}]},{"@type":"WebSite","@id":"https:\/\/www.welovecycling.com\/pl\/#website","url":"https:\/\/www.welovecycling.com\/pl\/","name":"\u0160koda We Love Cycling - Poland","description":"","potentialAction":[{"@type":"SearchAction","target":{"@type":"EntryPoint","urlTemplate":"https:\/\/www.welovecycling.com\/pl\/?s={search_term_string}"},"query-input":{"@type":"PropertyValueSpecification","valueRequired":true,"valueName":"search_term_string"}}],"inLanguage":"pl-PL"},{"@type":"Person","@id":"https:\/\/www.welovecycling.com\/pl\/#\/schema\/person\/0dba2d39da943db9df3fd8f4687e7f23","name":"piotrboczkowski","image":{"@type":"ImageObject","inLanguage":"pl-PL","@id":"https:\/\/www.welovecycling.com\/pl\/#\/schema\/person\/image\/","url":"https:\/\/secure.gravatar.com\/avatar\/533caccae14752e03a2ce2d3fd62d1b98b93e1393c3195c27819e53344ca1ace?s=96&d=mm&r=g","contentUrl":"https:\/\/secure.gravatar.com\/avatar\/533caccae14752e03a2ce2d3fd62d1b98b93e1393c3195c27819e53344ca1ace?s=96&d=mm&r=g","caption":"piotrboczkowski"},"url":"https:\/\/www.welovecycling.com\/pl\/author\/piotrboczkowski\/"}]}},"_links":{"self":[{"href":"https:\/\/www.welovecycling.com\/pl\/wp-json\/wp\/v2\/posts\/5717","targetHints":{"allow":["GET"]}}],"collection":[{"href":"https:\/\/www.welovecycling.com\/pl\/wp-json\/wp\/v2\/posts"}],"about":[{"href":"https:\/\/www.welovecycling.com\/pl\/wp-json\/wp\/v2\/types\/post"}],"author":[{"embeddable":true,"href":"https:\/\/www.welovecycling.com\/pl\/wp-json\/wp\/v2\/users\/76"}],"replies":[{"embeddable":true,"href":"https:\/\/www.welovecycling.com\/pl\/wp-json\/wp\/v2\/comments?post=5717"}],"version-history":[{"count":2,"href":"https:\/\/www.welovecycling.com\/pl\/wp-json\/wp\/v2\/posts\/5717\/revisions"}],"predecessor-version":[{"id":5795,"href":"https:\/\/www.welovecycling.com\/pl\/wp-json\/wp\/v2\/posts\/5717\/revisions\/5795"}],"wp:featuredmedia":[{"embeddable":true,"href":"https:\/\/www.welovecycling.com\/pl\/wp-json\/wp\/v2\/media\/5720"}],"wp:attachment":[{"href":"https:\/\/www.welovecycling.com\/pl\/wp-json\/wp\/v2\/media?parent=5717"}],"wp:term":[{"taxonomy":"category","embeddable":true,"href":"https:\/\/www.welovecycling.com\/pl\/wp-json\/wp\/v2\/categories?post=5717"},{"taxonomy":"post_tag","embeddable":true,"href":"https:\/\/www.welovecycling.com\/pl\/wp-json\/wp\/v2\/tags?post=5717"},{"taxonomy":"global-categories","embeddable":true,"href":"https:\/\/www.welovecycling.com\/pl\/wp-json\/wp\/v2\/global-categories?post=5717"}],"curies":[{"name":"wp","href":"https:\/\/api.w.org\/{rel}","templated":true}]}}