{"id":5699,"date":"2017-10-17T07:27:00","date_gmt":"2017-10-17T07:27:00","guid":{"rendered":"https:\/\/www.welovecycling.com\/pl\/?p=5699"},"modified":"2017-10-21T19:56:13","modified_gmt":"2017-10-21T19:56:13","slug":"puchar-strefy-mtb-sudety-final-jodlownik","status":"publish","type":"post","link":"https:\/\/www.welovecycling.com\/pl\/2017\/10\/17\/puchar-strefy-mtb-sudety-final-jodlownik\/","title":{"rendered":"Piotr Szwedowski: Puchar Strefy MTB Sudety. Fina\u0142 Jod\u0142ownik"},"content":{"rendered":"<p><span style=\"font-weight: 400;\">Strefa MTB Sudety to rozleg\u0142y system tras rowerowych. Nie od dzi\u015b wiadomo, \u017ce Sudety to najlepsze g\u00f3ry w Polsce dla kolarzy g\u00f3rskich. Ogromna r\u00f3\u017cnorodno\u015b\u0107 terenu i du\u017ca liczba tras to najwa\u017cniejsze zalety. Urodzi\u0142em si\u0119 w Sudetach, tutaj mieszkam i codziennie je\u017cd\u017c\u0119 na rowerze, dlatego z przyjemno\u015bci\u0105 zg\u0142osi\u0142em si\u0119 na start fina\u0142owej rundy Pucharu Strefy MTB Sudety. \u201eStrefa\u201d to nie tylko trasy, ale tak\u017ce organizowane od kilku sezon\u00f3w zawody MTB rozgrywane w formie pucharu. <\/span><\/p>\n<p><a href=\"https:\/\/d2p6e6u75xmxt8.cloudfront.net\/5\/2017\/10\/plakat.jpg\"><img loading=\"lazy\" decoding=\"async\" class=\"alignnone size-full wp-image-5700\" src=\"https:\/\/d2p6e6u75xmxt8.cloudfront.net\/5\/2017\/10\/plakat.jpg\" alt=\"\" width=\"1000\" height=\"750\" srcset=\"https:\/\/d2p6e6u75xmxt8.cloudfront.net\/5\/2017\/10\/plakat.jpg 1000w, https:\/\/d2p6e6u75xmxt8.cloudfront.net\/5\/2017\/10\/plakat-300x225.jpg 300w, https:\/\/d2p6e6u75xmxt8.cloudfront.net\/5\/2017\/10\/plakat-768x576.jpg 768w\" sizes=\"auto, (max-width: 1000px) 100vw, 1000px\" \/><\/a><\/p>\n<p><span style=\"font-weight: 400;\">Jestem fanem motoryzacji, a Jod\u0142ownik, czyli wie\u015b w G\u00f3rach Sowich, kojarzy mi si\u0119 g\u0142\u00f3wnie z mistrzowskimi popisami Mariana Bublewicza, kt\u00f3re mog\u0142em podziwia\u0107 w latach dzieci\u0144stwa na trasie pobliskiego odcinka specjalnego. I to w\u0142a\u015bnie w Jod\u0142owniku zaplanowano fina\u0142ow\u0105 edycj\u0119 Pucharu Strefy MTB Sudety 2017. Na zawodnik\u00f3w czeka\u0142y dwa dystanse:<\/span><\/p>\n<p><span style=\"font-weight: 400;\"> -Mini &#8211; 27,16 kilometra o poka\u017anym jak na tak kr\u00f3tki dystans przewy\u017cszeniu 1161 metr\u00f3w <\/span><\/p>\n<p><span style=\"font-weight: 400;\">&#8211; Mega &#8211; 47,64\u00a0kilometra i 1923 metr\u00f3w w pionie <\/span><\/p>\n<p><span style=\"font-weight: 400;\">Jod\u0142ownik przywita\u0142 mnie bardzo mi\u0142ymi paniami w biurze zawod\u00f3w, ale r\u00f3wnie\u017c deszczem. Pada\u0142o ju\u017c wcze\u015bniej przez kilka dni i to do\u015b\u0107 intensywnie, wi\u0119c spodziewa\u0142em si\u0119, \u017ce fina\u0142owa runda mo\u017ce by\u0107 trudna. Na godzin\u0119 przed pocz\u0105tkiem zawod\u00f3w pod bram\u0105 startow\u0105 zacz\u0119\u0142a ustawia\u0107 si\u0119 spora kolejka zawodnik\u00f3w. 20 minut przed startem wszyscy byli ju\u017c gotowi, motywowali si\u0119 nawzajem.<\/span><\/p>\n<p><a href=\"https:\/\/d2p6e6u75xmxt8.cloudfront.net\/5\/2017\/10\/3.jpg\"><img loading=\"lazy\" decoding=\"async\" class=\"alignnone size-extra-large wp-image-5701\" src=\"https:\/\/d2p6e6u75xmxt8.cloudfront.net\/5\/2017\/10\/3-1280x1920.jpg\" alt=\"\" width=\"1280\" height=\"1920\" srcset=\"https:\/\/d2p6e6u75xmxt8.cloudfront.net\/5\/2017\/10\/3-1280x1920.jpg 1280w, https:\/\/d2p6e6u75xmxt8.cloudfront.net\/5\/2017\/10\/3-200x300.jpg 200w, https:\/\/d2p6e6u75xmxt8.cloudfront.net\/5\/2017\/10\/3-768x1152.jpg 768w, https:\/\/d2p6e6u75xmxt8.cloudfront.net\/5\/2017\/10\/3-683x1024.jpg 683w, https:\/\/d2p6e6u75xmxt8.cloudfront.net\/5\/2017\/10\/3.jpg 2000w, https:\/\/d2p6e6u75xmxt8.cloudfront.net\/5\/2017\/10\/3-1280x1920.jpg 1280w\" sizes=\"auto, (max-width: 1280px) 100vw, 1280px\" \/><\/a><\/p>\n<p><a href=\"https:\/\/d2p6e6u75xmxt8.cloudfront.net\/5\/2017\/10\/13.jpg\"><img loading=\"lazy\" decoding=\"async\" class=\"alignnone size-extra-large wp-image-5702\" src=\"https:\/\/d2p6e6u75xmxt8.cloudfront.net\/5\/2017\/10\/13-1920x1310.jpg\" alt=\"\" width=\"1920\" height=\"1310\" srcset=\"https:\/\/d2p6e6u75xmxt8.cloudfront.net\/5\/2017\/10\/13-1920x1310.jpg 1920w, https:\/\/d2p6e6u75xmxt8.cloudfront.net\/5\/2017\/10\/13-300x205.jpg 300w, https:\/\/d2p6e6u75xmxt8.cloudfront.net\/5\/2017\/10\/13-768x524.jpg 768w, https:\/\/d2p6e6u75xmxt8.cloudfront.net\/5\/2017\/10\/13-1024x699.jpg 1024w, https:\/\/d2p6e6u75xmxt8.cloudfront.net\/5\/2017\/10\/13-1920x1310.jpg 1920w\" sizes=\"auto, (max-width: 1920px) 100vw, 1920px\" \/><\/a><\/p>\n<p><span style=\"font-weight: 400;\">U\u015bmiechy nie schodzi\u0142y z twarzy startuj\u0105cych, ale mo\u017cna by\u0142o wyczu\u0107 w powietrzu napi\u0119cie i adrenalin\u0119. To s\u0105 emocj\u0119! Us\u0142yszeli\u015bmy odliczanie, ruszamy! <\/span><\/p>\n<p><a href=\"https:\/\/d2p6e6u75xmxt8.cloudfront.net\/5\/2017\/10\/4.jpg\"><img loading=\"lazy\" decoding=\"async\" class=\"alignnone size-extra-large wp-image-5703\" src=\"https:\/\/d2p6e6u75xmxt8.cloudfront.net\/5\/2017\/10\/4-1920x1280.jpg\" alt=\"\" width=\"1920\" height=\"1280\" srcset=\"https:\/\/d2p6e6u75xmxt8.cloudfront.net\/5\/2017\/10\/4-1920x1280.jpg 1920w, https:\/\/d2p6e6u75xmxt8.cloudfront.net\/5\/2017\/10\/4-300x200.jpg 300w, https:\/\/d2p6e6u75xmxt8.cloudfront.net\/5\/2017\/10\/4-768x512.jpg 768w, https:\/\/d2p6e6u75xmxt8.cloudfront.net\/5\/2017\/10\/4-1024x683.jpg 1024w, https:\/\/d2p6e6u75xmxt8.cloudfront.net\/5\/2017\/10\/4-272x182.jpg 272w, https:\/\/d2p6e6u75xmxt8.cloudfront.net\/5\/2017\/10\/4-1920x1280.jpg 1920w\" sizes=\"auto, (max-width: 1920px) 100vw, 1920px\" \/><\/a><\/p>\n<h5><span style=\"font-weight: 400;\">Na zdj\u0119ciu jestem z Ireneuszem Rogalskim &#8211; organizatorem i wiceprezesem Strefy Sudety MTB.<\/span><\/h5>\n<p><span style=\"font-weight: 400;\">Wystartowa\u0142em z ostatniego sektora, dzi\u0119ki czemu podczas wyprzedzania zawodnik\u00f3w mog\u0142em zauwa\u017cy\u0107, jak bardzo zr\u00f3\u017cnicowana by\u0142a grupa zawodnik\u00f3w.<\/span><\/p>\n<p><a href=\"https:\/\/d2p6e6u75xmxt8.cloudfront.net\/5\/2017\/10\/11.jpg\"><img loading=\"lazy\" decoding=\"async\" class=\"alignnone size-extra-large wp-image-5704\" src=\"https:\/\/d2p6e6u75xmxt8.cloudfront.net\/5\/2017\/10\/11-1920x1440.jpg\" alt=\"\" width=\"1920\" height=\"1440\" srcset=\"https:\/\/d2p6e6u75xmxt8.cloudfront.net\/5\/2017\/10\/11-1920x1440.jpg 1920w, https:\/\/d2p6e6u75xmxt8.cloudfront.net\/5\/2017\/10\/11-300x225.jpg 300w, https:\/\/d2p6e6u75xmxt8.cloudfront.net\/5\/2017\/10\/11-768x576.jpg 768w, https:\/\/d2p6e6u75xmxt8.cloudfront.net\/5\/2017\/10\/11-1024x768.jpg 1024w, https:\/\/d2p6e6u75xmxt8.cloudfront.net\/5\/2017\/10\/11-1920x1440.jpg 1920w\" sizes=\"auto, (max-width: 1920px) 100vw, 1920px\" \/><\/a><\/p>\n<p><span style=\"font-weight: 400;\">Dziewczyny, ch\u0142opaki, m\u0142odzie\u017c i starsi, osoby w bardzo dobrej formie, ale i pocz\u0105tkuj\u0105cy, wszyscy razem dziarsko \u201enawijali\u201d kolejne g\u00f3rskie kilometry. \u00a0<\/span><\/p>\n<p><a href=\"https:\/\/d2p6e6u75xmxt8.cloudfront.net\/5\/2017\/10\/8.jpg\"><img loading=\"lazy\" decoding=\"async\" class=\"alignnone size-extra-large wp-image-5705\" src=\"https:\/\/d2p6e6u75xmxt8.cloudfront.net\/5\/2017\/10\/8-1920x1080.jpg\" alt=\"\" width=\"1920\" height=\"1080\" srcset=\"https:\/\/d2p6e6u75xmxt8.cloudfront.net\/5\/2017\/10\/8-1920x1080.jpg 1920w, https:\/\/d2p6e6u75xmxt8.cloudfront.net\/5\/2017\/10\/8-300x169.jpg 300w, https:\/\/d2p6e6u75xmxt8.cloudfront.net\/5\/2017\/10\/8-768x432.jpg 768w, https:\/\/d2p6e6u75xmxt8.cloudfront.net\/5\/2017\/10\/8-1024x576.jpg 1024w, https:\/\/d2p6e6u75xmxt8.cloudfront.net\/5\/2017\/10\/8.jpg 2048w, https:\/\/d2p6e6u75xmxt8.cloudfront.net\/5\/2017\/10\/8-1920x1080.jpg 1920w\" sizes=\"auto, (max-width: 1920px) 100vw, 1920px\" \/><\/a><\/p>\n<h5><span style=\"font-weight: 400;\">\u00a0Fot. Strefa Sudety MTB<\/span><\/h5>\n<p><span style=\"font-weight: 400;\">Tras\u0119 pod wzgl\u0119dem technicznym mo\u017cna zaliczy\u0107 do prostych, praktycznie ka\u017cdy dawa\u0142 sobie \u00a0rad\u0119. Dla mnie, osoby od zawsze zwi\u0105zanej z grawitacyjn\u0105 stron\u0105 MTB, katorg\u0105 by\u0142y d\u0142ugie strome podjazdy, kt\u00f3rych by\u0142o naprawd\u0119 sporo. Natomiast wi\u0119kszo\u015b\u0107 zjazd\u00f3w prowadzi\u0142a drogami szutrowymi i pomijaj\u0105c kilka kr\u00f3tkich przepi\u0119knych \u201esingli\u201d, zje\u017cd\u017canie by\u0142o monotonne.<\/span><\/p>\n<p><a href=\"https:\/\/d2p6e6u75xmxt8.cloudfront.net\/5\/2017\/10\/7.jpg\"><img loading=\"lazy\" decoding=\"async\" class=\"alignnone size-full wp-image-5706\" src=\"https:\/\/d2p6e6u75xmxt8.cloudfront.net\/5\/2017\/10\/7.jpg\" alt=\"\" width=\"640\" height=\"960\" srcset=\"https:\/\/d2p6e6u75xmxt8.cloudfront.net\/5\/2017\/10\/7.jpg 640w, https:\/\/d2p6e6u75xmxt8.cloudfront.net\/5\/2017\/10\/7-200x300.jpg 200w\" sizes=\"auto, (max-width: 640px) 100vw, 640px\" \/><\/a><\/p>\n<p><a href=\"https:\/\/d2p6e6u75xmxt8.cloudfront.net\/5\/2017\/10\/1.jpg\"><img loading=\"lazy\" decoding=\"async\" class=\"alignnone size-extra-large wp-image-5707\" src=\"https:\/\/d2p6e6u75xmxt8.cloudfront.net\/5\/2017\/10\/1-1920x1280.jpg\" alt=\"\" width=\"1920\" height=\"1280\" srcset=\"https:\/\/d2p6e6u75xmxt8.cloudfront.net\/5\/2017\/10\/1-1920x1280.jpg 1920w, https:\/\/d2p6e6u75xmxt8.cloudfront.net\/5\/2017\/10\/1-300x200.jpg 300w, https:\/\/d2p6e6u75xmxt8.cloudfront.net\/5\/2017\/10\/1-768x512.jpg 768w, https:\/\/d2p6e6u75xmxt8.cloudfront.net\/5\/2017\/10\/1-1024x683.jpg 1024w, https:\/\/d2p6e6u75xmxt8.cloudfront.net\/5\/2017\/10\/1-272x182.jpg 272w, https:\/\/d2p6e6u75xmxt8.cloudfront.net\/5\/2017\/10\/1.jpg 2048w, https:\/\/d2p6e6u75xmxt8.cloudfront.net\/5\/2017\/10\/1-1920x1280.jpg 1920w\" sizes=\"auto, (max-width: 1920px) 100vw, 1920px\" \/><\/a><\/p>\n<h5><span style=\"font-weight: 400;\">\u00a0Fot. Strefa Sudety MTB<\/span><\/h5>\n<p><span style=\"font-weight: 400;\">Tras\u0119 poprowadzono przez bardzo malownicze miejsca, niestety w kilku z nich zawiod\u0142o oznakowanie. Doceni\u0107 trzeba natomiast ciekawy dob\u00f3r miejsc na bufety oraz swojski klimat, jaki panowa\u0142 podczas posi\u0142ku.<\/span><\/p>\n<p><a href=\"https:\/\/d2p6e6u75xmxt8.cloudfront.net\/5\/2017\/10\/9.jpg\"><img loading=\"lazy\" decoding=\"async\" class=\"alignnone size-extra-large wp-image-5708\" src=\"https:\/\/d2p6e6u75xmxt8.cloudfront.net\/5\/2017\/10\/9-1920x1280.jpg\" alt=\"\" width=\"1920\" height=\"1280\" srcset=\"https:\/\/d2p6e6u75xmxt8.cloudfront.net\/5\/2017\/10\/9-1920x1280.jpg 1920w, https:\/\/d2p6e6u75xmxt8.cloudfront.net\/5\/2017\/10\/9-300x200.jpg 300w, https:\/\/d2p6e6u75xmxt8.cloudfront.net\/5\/2017\/10\/9-768x512.jpg 768w, https:\/\/d2p6e6u75xmxt8.cloudfront.net\/5\/2017\/10\/9-1024x683.jpg 1024w, https:\/\/d2p6e6u75xmxt8.cloudfront.net\/5\/2017\/10\/9-272x182.jpg 272w, https:\/\/d2p6e6u75xmxt8.cloudfront.net\/5\/2017\/10\/9-1920x1280.jpg 1920w\" sizes=\"auto, (max-width: 1920px) 100vw, 1920px\" \/><\/a><\/p>\n<p><span style=\"font-weight: 400;\">W czasie kiedy my walczyli\u015bmy na trasie rowerowej, nasi najbli\u017csi nie nudzili si\u0119 w autach. Organizator zadba\u0142 o to, aby dzieci mog\u0142y poszale\u0107 i konkurowa\u0107 mi\u0119dzy sob\u0105 na specjalnie przygotowanej trasie. Zacz\u0119li najm\u0142odsi na rowerkach pchanych typu pushbike. Potem wystartowa\u0142y starsze grupy dzieci na MTB. Rodzice dopingowali, ludzie biegali wzd\u0142u\u017c trasy, dzieci szala\u0142y. Pola\u0142y si\u0119 \u0142zy przegranych, a na podium stan\u0119\u0142y najszybsze pociechy.<\/span><\/p>\n<p><a href=\"https:\/\/d2p6e6u75xmxt8.cloudfront.net\/5\/2017\/10\/5.jpg\"><img loading=\"lazy\" decoding=\"async\" class=\"alignnone size-extra-large wp-image-5709\" src=\"https:\/\/d2p6e6u75xmxt8.cloudfront.net\/5\/2017\/10\/5-1920x1280.jpg\" alt=\"\" width=\"1920\" height=\"1280\" srcset=\"https:\/\/d2p6e6u75xmxt8.cloudfront.net\/5\/2017\/10\/5-1920x1280.jpg 1920w, https:\/\/d2p6e6u75xmxt8.cloudfront.net\/5\/2017\/10\/5-300x200.jpg 300w, https:\/\/d2p6e6u75xmxt8.cloudfront.net\/5\/2017\/10\/5-768x512.jpg 768w, https:\/\/d2p6e6u75xmxt8.cloudfront.net\/5\/2017\/10\/5-1024x683.jpg 1024w, https:\/\/d2p6e6u75xmxt8.cloudfront.net\/5\/2017\/10\/5-272x182.jpg 272w, https:\/\/d2p6e6u75xmxt8.cloudfront.net\/5\/2017\/10\/5-1920x1280.jpg 1920w\" sizes=\"auto, (max-width: 1920px) 100vw, 1920px\" \/><\/a><\/p>\n<p><a href=\"https:\/\/d2p6e6u75xmxt8.cloudfront.net\/5\/2017\/10\/10.jpg\"><img loading=\"lazy\" decoding=\"async\" class=\"alignnone size-extra-large wp-image-5710\" src=\"https:\/\/d2p6e6u75xmxt8.cloudfront.net\/5\/2017\/10\/10-1920x1280.jpg\" alt=\"\" width=\"1920\" height=\"1280\" srcset=\"https:\/\/d2p6e6u75xmxt8.cloudfront.net\/5\/2017\/10\/10-1920x1280.jpg 1920w, https:\/\/d2p6e6u75xmxt8.cloudfront.net\/5\/2017\/10\/10-300x200.jpg 300w, https:\/\/d2p6e6u75xmxt8.cloudfront.net\/5\/2017\/10\/10-768x512.jpg 768w, https:\/\/d2p6e6u75xmxt8.cloudfront.net\/5\/2017\/10\/10-1024x683.jpg 1024w, https:\/\/d2p6e6u75xmxt8.cloudfront.net\/5\/2017\/10\/10-272x182.jpg 272w, https:\/\/d2p6e6u75xmxt8.cloudfront.net\/5\/2017\/10\/10-1920x1280.jpg 1920w\" sizes=\"auto, (max-width: 1920px) 100vw, 1920px\" \/><\/a><\/p>\n<p><a href=\"https:\/\/d2p6e6u75xmxt8.cloudfront.net\/5\/2017\/10\/12.JPG.jpg\"><img loading=\"lazy\" decoding=\"async\" class=\"alignnone size-extra-large wp-image-5711\" src=\"https:\/\/d2p6e6u75xmxt8.cloudfront.net\/5\/2017\/10\/12.JPG-1920x1280.jpg\" alt=\"\" width=\"1920\" height=\"1280\" srcset=\"https:\/\/d2p6e6u75xmxt8.cloudfront.net\/5\/2017\/10\/12.JPG-1920x1280.jpg 1920w, https:\/\/d2p6e6u75xmxt8.cloudfront.net\/5\/2017\/10\/12.JPG-300x200.jpg 300w, https:\/\/d2p6e6u75xmxt8.cloudfront.net\/5\/2017\/10\/12.JPG-768x512.jpg 768w, https:\/\/d2p6e6u75xmxt8.cloudfront.net\/5\/2017\/10\/12.JPG-1024x683.jpg 1024w, https:\/\/d2p6e6u75xmxt8.cloudfront.net\/5\/2017\/10\/12.JPG-272x182.jpg 272w, https:\/\/d2p6e6u75xmxt8.cloudfront.net\/5\/2017\/10\/12.JPG-1920x1280.jpg 1920w\" sizes=\"auto, (max-width: 1920px) 100vw, 1920px\" \/><\/a><\/p>\n<p><span style=\"font-weight: 400;\">Maratony w naszym kraju sta\u0142y si\u0119 najbardziej popularnymi zawodami kolarstwa g\u00f3rskiego. Zdecydowana wi\u0119kszo\u015b\u0107 z nich odbywa si\u0119 na nizinach blisko du\u017cych aglomeracji na bardzo prostych trasach. \u015aciganie si\u0119 na rowerze g\u00f3rskim na takim terenie jest jednak tylko namiastk\u0105 prawdziwego kolarstwa g\u00f3rskiego.<\/span><\/p>\n<p><span style=\"font-weight: 400;\">Zawody Strefa MTB Sudety daj\u0105 mo\u017cliwo\u015b\u0107 rywalizacji w naturalnym dla MTB otoczeniu, czyli w g\u00f3rach. Trasa w Jod\u0142owniku nale\u017ca\u0142a do do\u015b\u0107 \u0142atwych, natomiast poprzednie edycje rozgrywane by\u0142y na \u015bcie\u017ckach du\u017co bardziej wymagaj\u0105cych. W uko\u0144czenie takich zawod\u00f3w trzeba w\u0142o\u017cy\u0107 znacznie wi\u0119cej wysi\u0142ku i umiej\u0119tno\u015bci ni\u017c w start w p\u0142askich maratonach. Wspierana przez <\/span><span style=\"font-weight: 400;\">\u0160KOD\u0118 <\/span><span style=\"font-weight: 400;\">Polska seria Puchar Strefy MTB Sudety jest idealnym rozwi\u0105zaniem dla os\u00f3b, kt\u00f3re chc\u0105 sprawdzi\u0107 swoje si\u0142y w prawdziwym maratonie MTB. Z <\/span><span style=\"font-weight: 400;\">pewno\u015bci\u0105 wystartuj\u0119 w tym cyklu jeszcze nie raz.<\/span><\/p>\n","protected":false},"excerpt":{"rendered":"<p>Strefa MTB Sudety to rozleg\u0142y system tras rowerowych. Nie od dzi\u015b wiadomo, \u017ce Sudety to najlepsze g\u00f3ry w Polsce dla [&hellip;]<\/p>\n","protected":false},"author":76,"featured_media":5705,"comment_status":"open","ping_status":"open","sticky":false,"template":"","format":"standard","meta":{"footnotes":""},"categories":[5],"tags":[22,134,137],"global-categories":[],"class_list":["post-5699","post","type-post","status-publish","format-standard","has-post-thumbnail","hentry","category-outdoormtb","tag-mtb","tag-piotr-szwed-szwedowski","tag-wyscigi"],"yoast_head":"<!-- This site is optimized with the Yoast SEO Premium plugin v25.3 (Yoast SEO v25.9) - https:\/\/yoast.com\/wordpress\/plugins\/seo\/ -->\n<title>Piotr Szwedowski: Puchar Strefy MTB Sudety. Fina\u0142 Jod\u0142ownik - \u0160koda We Love Cycling - Poland<\/title>\n<meta name=\"robots\" content=\"index, follow, max-snippet:-1, max-image-preview:large, max-video-preview:-1\" \/>\n<link rel=\"canonical\" href=\"https:\/\/www.welovecycling.com\/pl\/2017\/10\/17\/puchar-strefy-mtb-sudety-final-jodlownik\/\" \/>\n<meta property=\"og:locale\" content=\"pl_PL\" \/>\n<meta property=\"og:type\" content=\"article\" \/>\n<meta property=\"og:title\" content=\"Piotr Szwedowski: Puchar Strefy MTB Sudety. Fina\u0142 Jod\u0142ownik\" \/>\n<meta property=\"og:description\" content=\"Strefa MTB Sudety to rozleg\u0142y system tras rowerowych. Nie od dzi\u015b wiadomo, \u017ce Sudety to najlepsze g\u00f3ry w Polsce dla [&hellip;]\" \/>\n<meta property=\"og:url\" content=\"https:\/\/www.welovecycling.com\/pl\/2017\/10\/17\/puchar-strefy-mtb-sudety-final-jodlownik\/\" \/>\n<meta property=\"og:site_name\" content=\"\u0160koda We Love Cycling - Poland\" \/>\n<meta property=\"article:published_time\" content=\"2017-10-17T07:27:00+00:00\" \/>\n<meta property=\"article:modified_time\" content=\"2017-10-21T19:56:13+00:00\" \/>\n<meta property=\"og:image\" content=\"https:\/\/d2p6e6u75xmxt8.cloudfront.net\/5\/2017\/10\/8.jpg\" \/>\n\t<meta property=\"og:image:width\" content=\"2048\" \/>\n\t<meta property=\"og:image:height\" content=\"1152\" \/>\n\t<meta property=\"og:image:type\" content=\"image\/jpeg\" \/>\n<meta name=\"author\" content=\"piotrboczkowski\" \/>\n<meta name=\"twitter:card\" content=\"summary_large_image\" \/>\n<meta name=\"twitter:label1\" content=\"Written by\" \/>\n\t<meta name=\"twitter:data1\" content=\"Piotr Szwed Szwedowski\" \/>\n\t<meta name=\"twitter:label2\" content=\"Est. reading time\" \/>\n\t<meta name=\"twitter:data2\" content=\"3 minutes\" \/>\n<script type=\"application\/ld+json\" class=\"yoast-schema-graph\">{\"@context\":\"https:\/\/schema.org\",\"@graph\":[{\"@type\":\"WebPage\",\"@id\":\"https:\/\/www.welovecycling.com\/pl\/2017\/10\/17\/puchar-strefy-mtb-sudety-final-jodlownik\/\",\"url\":\"https:\/\/www.welovecycling.com\/pl\/2017\/10\/17\/puchar-strefy-mtb-sudety-final-jodlownik\/\",\"name\":\"Piotr Szwedowski: Puchar Strefy MTB Sudety. Fina\u0142 Jod\u0142ownik - \u0160koda We Love Cycling - Poland\",\"isPartOf\":{\"@id\":\"https:\/\/www.welovecycling.com\/pl\/#website\"},\"primaryImageOfPage\":{\"@id\":\"https:\/\/www.welovecycling.com\/pl\/2017\/10\/17\/puchar-strefy-mtb-sudety-final-jodlownik\/#primaryimage\"},\"image\":{\"@id\":\"https:\/\/www.welovecycling.com\/pl\/2017\/10\/17\/puchar-strefy-mtb-sudety-final-jodlownik\/#primaryimage\"},\"thumbnailUrl\":\"https:\/\/d2p6e6u75xmxt8.cloudfront.net\/5\/2017\/10\/8.jpg\",\"datePublished\":\"2017-10-17T07:27:00+00:00\",\"dateModified\":\"2017-10-21T19:56:13+00:00\",\"author\":{\"@id\":\"https:\/\/www.welovecycling.com\/pl\/#\/schema\/person\/0dba2d39da943db9df3fd8f4687e7f23\"},\"breadcrumb\":{\"@id\":\"https:\/\/www.welovecycling.com\/pl\/2017\/10\/17\/puchar-strefy-mtb-sudety-final-jodlownik\/#breadcrumb\"},\"inLanguage\":\"pl-PL\",\"potentialAction\":[{\"@type\":\"ReadAction\",\"target\":[\"https:\/\/www.welovecycling.com\/pl\/2017\/10\/17\/puchar-strefy-mtb-sudety-final-jodlownik\/\"]}]},{\"@type\":\"ImageObject\",\"inLanguage\":\"pl-PL\",\"@id\":\"https:\/\/www.welovecycling.com\/pl\/2017\/10\/17\/puchar-strefy-mtb-sudety-final-jodlownik\/#primaryimage\",\"url\":\"https:\/\/d2p6e6u75xmxt8.cloudfront.net\/5\/2017\/10\/8.jpg\",\"contentUrl\":\"https:\/\/d2p6e6u75xmxt8.cloudfront.net\/5\/2017\/10\/8.jpg\",\"width\":2048,\"height\":1152},{\"@type\":\"BreadcrumbList\",\"@id\":\"https:\/\/www.welovecycling.com\/pl\/2017\/10\/17\/puchar-strefy-mtb-sudety-final-jodlownik\/#breadcrumb\",\"itemListElement\":[{\"@type\":\"ListItem\",\"position\":1,\"name\":\"Home\",\"item\":\"https:\/\/www.welovecycling.com\/pl\/\"},{\"@type\":\"ListItem\",\"position\":2,\"name\":\"Piotr Szwedowski: Puchar Strefy MTB Sudety. Fina\u0142 Jod\u0142ownik\"}]},{\"@type\":\"WebSite\",\"@id\":\"https:\/\/www.welovecycling.com\/pl\/#website\",\"url\":\"https:\/\/www.welovecycling.com\/pl\/\",\"name\":\"\u0160koda We Love Cycling - Poland\",\"description\":\"\",\"potentialAction\":[{\"@type\":\"SearchAction\",\"target\":{\"@type\":\"EntryPoint\",\"urlTemplate\":\"https:\/\/www.welovecycling.com\/pl\/?s={search_term_string}\"},\"query-input\":{\"@type\":\"PropertyValueSpecification\",\"valueRequired\":true,\"valueName\":\"search_term_string\"}}],\"inLanguage\":\"pl-PL\"},{\"@type\":\"Person\",\"@id\":\"https:\/\/www.welovecycling.com\/pl\/#\/schema\/person\/0dba2d39da943db9df3fd8f4687e7f23\",\"name\":\"piotrboczkowski\",\"image\":{\"@type\":\"ImageObject\",\"inLanguage\":\"pl-PL\",\"@id\":\"https:\/\/www.welovecycling.com\/pl\/#\/schema\/person\/image\/\",\"url\":\"https:\/\/secure.gravatar.com\/avatar\/533caccae14752e03a2ce2d3fd62d1b98b93e1393c3195c27819e53344ca1ace?s=96&d=mm&r=g\",\"contentUrl\":\"https:\/\/secure.gravatar.com\/avatar\/533caccae14752e03a2ce2d3fd62d1b98b93e1393c3195c27819e53344ca1ace?s=96&d=mm&r=g\",\"caption\":\"piotrboczkowski\"},\"url\":\"https:\/\/www.welovecycling.com\/pl\/author\/piotrboczkowski\/\"}]}<\/script>\n<!-- \/ Yoast SEO Premium plugin. -->","yoast_head_json":{"title":"Piotr Szwedowski: Puchar Strefy MTB Sudety. Fina\u0142 Jod\u0142ownik - \u0160koda We Love Cycling - Poland","robots":{"index":"index","follow":"follow","max-snippet":"max-snippet:-1","max-image-preview":"max-image-preview:large","max-video-preview":"max-video-preview:-1"},"canonical":"https:\/\/www.welovecycling.com\/pl\/2017\/10\/17\/puchar-strefy-mtb-sudety-final-jodlownik\/","og_locale":"pl_PL","og_type":"article","og_title":"Piotr Szwedowski: Puchar Strefy MTB Sudety. Fina\u0142 Jod\u0142ownik","og_description":"Strefa MTB Sudety to rozleg\u0142y system tras rowerowych. Nie od dzi\u015b wiadomo, \u017ce Sudety to najlepsze g\u00f3ry w Polsce dla [&hellip;]","og_url":"https:\/\/www.welovecycling.com\/pl\/2017\/10\/17\/puchar-strefy-mtb-sudety-final-jodlownik\/","og_site_name":"\u0160koda We Love Cycling - Poland","article_published_time":"2017-10-17T07:27:00+00:00","article_modified_time":"2017-10-21T19:56:13+00:00","og_image":[{"width":2048,"height":1152,"url":"https:\/\/d2p6e6u75xmxt8.cloudfront.net\/5\/2017\/10\/8.jpg","type":"image\/jpeg"}],"author":"piotrboczkowski","twitter_card":"summary_large_image","twitter_misc":{"Written by":"Piotr Szwed Szwedowski","Est. reading time":"3 minutes"},"schema":{"@context":"https:\/\/schema.org","@graph":[{"@type":"WebPage","@id":"https:\/\/www.welovecycling.com\/pl\/2017\/10\/17\/puchar-strefy-mtb-sudety-final-jodlownik\/","url":"https:\/\/www.welovecycling.com\/pl\/2017\/10\/17\/puchar-strefy-mtb-sudety-final-jodlownik\/","name":"Piotr Szwedowski: Puchar Strefy MTB Sudety. Fina\u0142 Jod\u0142ownik - \u0160koda We Love Cycling - Poland","isPartOf":{"@id":"https:\/\/www.welovecycling.com\/pl\/#website"},"primaryImageOfPage":{"@id":"https:\/\/www.welovecycling.com\/pl\/2017\/10\/17\/puchar-strefy-mtb-sudety-final-jodlownik\/#primaryimage"},"image":{"@id":"https:\/\/www.welovecycling.com\/pl\/2017\/10\/17\/puchar-strefy-mtb-sudety-final-jodlownik\/#primaryimage"},"thumbnailUrl":"https:\/\/d2p6e6u75xmxt8.cloudfront.net\/5\/2017\/10\/8.jpg","datePublished":"2017-10-17T07:27:00+00:00","dateModified":"2017-10-21T19:56:13+00:00","author":{"@id":"https:\/\/www.welovecycling.com\/pl\/#\/schema\/person\/0dba2d39da943db9df3fd8f4687e7f23"},"breadcrumb":{"@id":"https:\/\/www.welovecycling.com\/pl\/2017\/10\/17\/puchar-strefy-mtb-sudety-final-jodlownik\/#breadcrumb"},"inLanguage":"pl-PL","potentialAction":[{"@type":"ReadAction","target":["https:\/\/www.welovecycling.com\/pl\/2017\/10\/17\/puchar-strefy-mtb-sudety-final-jodlownik\/"]}]},{"@type":"ImageObject","inLanguage":"pl-PL","@id":"https:\/\/www.welovecycling.com\/pl\/2017\/10\/17\/puchar-strefy-mtb-sudety-final-jodlownik\/#primaryimage","url":"https:\/\/d2p6e6u75xmxt8.cloudfront.net\/5\/2017\/10\/8.jpg","contentUrl":"https:\/\/d2p6e6u75xmxt8.cloudfront.net\/5\/2017\/10\/8.jpg","width":2048,"height":1152},{"@type":"BreadcrumbList","@id":"https:\/\/www.welovecycling.com\/pl\/2017\/10\/17\/puchar-strefy-mtb-sudety-final-jodlownik\/#breadcrumb","itemListElement":[{"@type":"ListItem","position":1,"name":"Home","item":"https:\/\/www.welovecycling.com\/pl\/"},{"@type":"ListItem","position":2,"name":"Piotr Szwedowski: Puchar Strefy MTB Sudety. Fina\u0142 Jod\u0142ownik"}]},{"@type":"WebSite","@id":"https:\/\/www.welovecycling.com\/pl\/#website","url":"https:\/\/www.welovecycling.com\/pl\/","name":"\u0160koda We Love Cycling - Poland","description":"","potentialAction":[{"@type":"SearchAction","target":{"@type":"EntryPoint","urlTemplate":"https:\/\/www.welovecycling.com\/pl\/?s={search_term_string}"},"query-input":{"@type":"PropertyValueSpecification","valueRequired":true,"valueName":"search_term_string"}}],"inLanguage":"pl-PL"},{"@type":"Person","@id":"https:\/\/www.welovecycling.com\/pl\/#\/schema\/person\/0dba2d39da943db9df3fd8f4687e7f23","name":"piotrboczkowski","image":{"@type":"ImageObject","inLanguage":"pl-PL","@id":"https:\/\/www.welovecycling.com\/pl\/#\/schema\/person\/image\/","url":"https:\/\/secure.gravatar.com\/avatar\/533caccae14752e03a2ce2d3fd62d1b98b93e1393c3195c27819e53344ca1ace?s=96&d=mm&r=g","contentUrl":"https:\/\/secure.gravatar.com\/avatar\/533caccae14752e03a2ce2d3fd62d1b98b93e1393c3195c27819e53344ca1ace?s=96&d=mm&r=g","caption":"piotrboczkowski"},"url":"https:\/\/www.welovecycling.com\/pl\/author\/piotrboczkowski\/"}]}},"_links":{"self":[{"href":"https:\/\/www.welovecycling.com\/pl\/wp-json\/wp\/v2\/posts\/5699","targetHints":{"allow":["GET"]}}],"collection":[{"href":"https:\/\/www.welovecycling.com\/pl\/wp-json\/wp\/v2\/posts"}],"about":[{"href":"https:\/\/www.welovecycling.com\/pl\/wp-json\/wp\/v2\/types\/post"}],"author":[{"embeddable":true,"href":"https:\/\/www.welovecycling.com\/pl\/wp-json\/wp\/v2\/users\/76"}],"replies":[{"embeddable":true,"href":"https:\/\/www.welovecycling.com\/pl\/wp-json\/wp\/v2\/comments?post=5699"}],"version-history":[{"count":2,"href":"https:\/\/www.welovecycling.com\/pl\/wp-json\/wp\/v2\/posts\/5699\/revisions"}],"predecessor-version":[{"id":5792,"href":"https:\/\/www.welovecycling.com\/pl\/wp-json\/wp\/v2\/posts\/5699\/revisions\/5792"}],"wp:featuredmedia":[{"embeddable":true,"href":"https:\/\/www.welovecycling.com\/pl\/wp-json\/wp\/v2\/media\/5705"}],"wp:attachment":[{"href":"https:\/\/www.welovecycling.com\/pl\/wp-json\/wp\/v2\/media?parent=5699"}],"wp:term":[{"taxonomy":"category","embeddable":true,"href":"https:\/\/www.welovecycling.com\/pl\/wp-json\/wp\/v2\/categories?post=5699"},{"taxonomy":"post_tag","embeddable":true,"href":"https:\/\/www.welovecycling.com\/pl\/wp-json\/wp\/v2\/tags?post=5699"},{"taxonomy":"global-categories","embeddable":true,"href":"https:\/\/www.welovecycling.com\/pl\/wp-json\/wp\/v2\/global-categories?post=5699"}],"curies":[{"name":"wp","href":"https:\/\/api.w.org\/{rel}","templated":true}]}}