{"id":5693,"date":"2017-10-14T14:53:31","date_gmt":"2017-10-14T14:53:31","guid":{"rendered":"https:\/\/www.welovecycling.com\/pl\/?p=5693"},"modified":"2017-11-08T13:33:00","modified_gmt":"2017-11-08T13:33:00","slug":"cos-wielkiego-wisi-powietrzu","status":"publish","type":"post","link":"https:\/\/www.welovecycling.com\/pl\/2017\/10\/14\/cos-wielkiego-wisi-powietrzu\/","title":{"rendered":"Co\u015b wielkiego wisi w powietrzu!"},"content":{"rendered":"<p><strong>Himalaje \u2013 najbardziej osza\u0142amiaj\u0105ce i znane pasmo g\u00f3rskie na \u015bwiecie. Tylko szale\u0144cy odwa\u017cyliby si\u0119 je\u017adzi\u0107 tam na rowerze. Ka\u017cda trasa obejmuje strome podjazdy, nieko\u0144cz\u0105ce si\u0119, niestabilne, skaliste i serpentynowe szlaki, a jakby tego by\u0142o ma\u0142o, droga jest pe\u0142na czynnych wojskowych punkt\u00f3w kontrolnych.<\/strong><br \/>\n<!--more--><\/p>\n<p><span style=\"font-weight: 400;\">A gdyby\u015bmy powiedzieli, \u017ce \u0160koda znalaz\u0142a nie tylko jednego szale\u0144ca, ale ca\u0142\u0105 ich grup\u0119, a dok\u0142adnie cztery osoby chc\u0105ce podj\u0105\u0107 si\u0119 tego wyzwania? Jedn\u0105 \u017celazn\u0105 dam\u0119 i trzech \u015bmia\u0142k\u00f3w. Nie mo\u017cemy jeszcze ujawni\u0107, czemu dok\u0142adnie stawi\u0105 czo\u0142a, ale mo\u017cemy zagwarantowa\u0107, \u017ce w indyjskim regionie Kaszmir b\u0119d\u0105 zmaga\u0107 si\u0119 z ekstremalnymi warunkami. Id\u017a na ca\u0142o\u015b\u0107 albo wracaj do domu? Z ca\u0142\u0105 pewno\u015bci\u0105.<\/span><\/p>\n<p><span style=\"font-weight: 400;\">Wy\u015bcig odb\u0119dzie si\u0119 w drugiej po\u0142owie pa\u017adziernika i chocia\u017c nasi czterej dzielni \u015bmia\u0142kowie mog\u0105 sprawia\u0107 wra\u017cenie lekkomy\u015blnie decyduj\u0105cych si\u0119 ryzykowa\u0107 \u017cyciem, zacz\u0119li ju\u017c powa\u017cne przygotowania do radzenia sobie ze zmianami atmosferycznymi, kt\u00f3rych do\u015bwiadcza si\u0119 podczas uprawiania sportu na du\u017cych wysoko\u015bciach.<\/span><\/p>\n<p>https:\/\/www.instagram.com\/p\/BY2_18YAtHr\/<\/p>\n<p><span style=\"font-weight: 400;\">Ten sprytny wynalazek to namiot Hypoxico, kt\u00f3ry symuluje braki tlenu, jakie mog\u0105 przydarzy\u0107 si\u0119 podczas jazdy na rowerze na du\u017cych wysoko\u015bciach. Dzia\u0142anie namiotu demonstruje jeden z naszych uczestnik\u00f3w. W najbli\u017cszych miesi\u0105cach dowiesz si\u0119 wi\u0119cej o mi\u0119dzynarodowym zespole kolarzy. A gdy sportowcy wylewaj\u0105 pot i \u0142zy, w\u0105tpi\u0105c w sw\u00f3j zdrowy rozs\u0105dek, nasza ekipa zdj\u0119ciowa przygotowuje si\u0119 ju\u017c do pracy po\u015br\u00f3d o\u015bnie\u017conych szczyt\u00f3w Himalaj\u00f3w, poniewa\u017c nie chcieliby\u015bmy przegapi\u0107 \u017cadnego fotogenicznego miejsca tego niesamowitego cudu natury.<\/span><\/p>\n<p><a href=\"https:\/\/d2p6e6u75xmxt8.cloudfront.net\/5\/2017\/10\/DSC09936.JPG.jpg\"><img loading=\"lazy\" decoding=\"async\" class=\"alignnone size-full wp-image-5694\" src=\"https:\/\/d2p6e6u75xmxt8.cloudfront.net\/5\/2017\/10\/DSC09936.JPG.jpg\" alt=\"\" width=\"1600\" height=\"900\" srcset=\"https:\/\/d2p6e6u75xmxt8.cloudfront.net\/5\/2017\/10\/DSC09936.JPG.jpg 1600w, https:\/\/d2p6e6u75xmxt8.cloudfront.net\/5\/2017\/10\/DSC09936.JPG-300x169.jpg 300w, https:\/\/d2p6e6u75xmxt8.cloudfront.net\/5\/2017\/10\/DSC09936.JPG-768x432.jpg 768w, https:\/\/d2p6e6u75xmxt8.cloudfront.net\/5\/2017\/10\/DSC09936.JPG-1024x576.jpg 1024w\" sizes=\"auto, (max-width: 1600px) 100vw, 1600px\" \/><\/a><\/p>\n<p><span style=\"font-weight: 400;\">Dlaczego pozwalamy, aby grupa sportowc\u00f3w celowo wbija\u0142a si\u0119 w taki magiel? Wi\u0119cej szczeg\u00f3\u0142\u00f3w wkr\u00f3tce, wi\u0119c b\u0105d\u017a na bie\u017c\u0105co!<\/span><\/p>\n","protected":false},"excerpt":{"rendered":"<p>Himalaje \u2013 najbardziej osza\u0142amiaj\u0105ce i znane pasmo g\u00f3rskie na \u015bwiecie. Tylko szale\u0144cy odwa\u017cyliby si\u0119 je\u017adzi\u0107 tam na rowerze. Ka\u017cda trasa [&hellip;]<\/p>\n","protected":false},"author":76,"featured_media":5696,"comment_status":"open","ping_status":"open","sticky":false,"template":"","format":"standard","meta":{"footnotes":""},"categories":[5],"tags":[108,211,214,210,82],"global-categories":[],"class_list":["post-5693","post","type-post","status-publish","format-standard","has-post-thumbnail","hentry","category-outdoormtb","tag-bartosz-huzarski","tag-catching-breath","tag-catching-breath-cycling-up-the-himalayas","tag-himalaje","tag-welovecycling"],"yoast_head":"<!-- This site is optimized with the Yoast SEO Premium plugin v25.3 (Yoast SEO v25.9) - https:\/\/yoast.com\/wordpress\/plugins\/seo\/ -->\n<title>Co\u015b wielkiego wisi w powietrzu! - \u0160koda We Love Cycling - Poland<\/title>\n<meta name=\"robots\" content=\"index, follow, max-snippet:-1, max-image-preview:large, max-video-preview:-1\" \/>\n<link rel=\"canonical\" href=\"https:\/\/www.welovecycling.com\/pl\/2017\/10\/14\/cos-wielkiego-wisi-powietrzu\/\" \/>\n<meta property=\"og:locale\" content=\"pl_PL\" \/>\n<meta property=\"og:type\" content=\"article\" \/>\n<meta property=\"og:title\" content=\"Co\u015b wielkiego wisi w powietrzu!\" \/>\n<meta property=\"og:description\" content=\"Himalaje \u2013 najbardziej osza\u0142amiaj\u0105ce i znane pasmo g\u00f3rskie na \u015bwiecie. Tylko szale\u0144cy odwa\u017cyliby si\u0119 je\u017adzi\u0107 tam na rowerze. Ka\u017cda trasa [&hellip;]\" \/>\n<meta property=\"og:url\" content=\"https:\/\/www.welovecycling.com\/pl\/2017\/10\/14\/cos-wielkiego-wisi-powietrzu\/\" \/>\n<meta property=\"og:site_name\" content=\"\u0160koda We Love Cycling - Poland\" \/>\n<meta property=\"article:published_time\" content=\"2017-10-14T14:53:31+00:00\" \/>\n<meta property=\"article:modified_time\" content=\"2017-11-08T13:33:00+00:00\" \/>\n<meta property=\"og:image\" content=\"https:\/\/d2p6e6u75xmxt8.cloudfront.net\/5\/2017\/10\/himalayas.jpg\" \/>\n\t<meta property=\"og:image:width\" content=\"1375\" \/>\n\t<meta property=\"og:image:height\" content=\"600\" \/>\n\t<meta property=\"og:image:type\" content=\"image\/jpeg\" \/>\n<meta name=\"author\" content=\"piotrboczkowski\" \/>\n<meta name=\"twitter:card\" content=\"summary_large_image\" \/>\n<meta name=\"twitter:label1\" content=\"Written by\" \/>\n\t<meta name=\"twitter:data1\" content=\"WeLoveCycling\" \/>\n\t<meta name=\"twitter:label2\" content=\"Est. reading time\" \/>\n\t<meta name=\"twitter:data2\" content=\"2 minutes\" \/>\n<script type=\"application\/ld+json\" class=\"yoast-schema-graph\">{\"@context\":\"https:\/\/schema.org\",\"@graph\":[{\"@type\":\"WebPage\",\"@id\":\"https:\/\/www.welovecycling.com\/pl\/2017\/10\/14\/cos-wielkiego-wisi-powietrzu\/\",\"url\":\"https:\/\/www.welovecycling.com\/pl\/2017\/10\/14\/cos-wielkiego-wisi-powietrzu\/\",\"name\":\"Co\u015b wielkiego wisi w powietrzu! - \u0160koda We Love Cycling - Poland\",\"isPartOf\":{\"@id\":\"https:\/\/www.welovecycling.com\/pl\/#website\"},\"primaryImageOfPage\":{\"@id\":\"https:\/\/www.welovecycling.com\/pl\/2017\/10\/14\/cos-wielkiego-wisi-powietrzu\/#primaryimage\"},\"image\":{\"@id\":\"https:\/\/www.welovecycling.com\/pl\/2017\/10\/14\/cos-wielkiego-wisi-powietrzu\/#primaryimage\"},\"thumbnailUrl\":\"https:\/\/d2p6e6u75xmxt8.cloudfront.net\/5\/2017\/10\/himalayas.jpg\",\"datePublished\":\"2017-10-14T14:53:31+00:00\",\"dateModified\":\"2017-11-08T13:33:00+00:00\",\"author\":{\"@id\":\"https:\/\/www.welovecycling.com\/pl\/#\/schema\/person\/0dba2d39da943db9df3fd8f4687e7f23\"},\"breadcrumb\":{\"@id\":\"https:\/\/www.welovecycling.com\/pl\/2017\/10\/14\/cos-wielkiego-wisi-powietrzu\/#breadcrumb\"},\"inLanguage\":\"pl-PL\",\"potentialAction\":[{\"@type\":\"ReadAction\",\"target\":[\"https:\/\/www.welovecycling.com\/pl\/2017\/10\/14\/cos-wielkiego-wisi-powietrzu\/\"]}]},{\"@type\":\"ImageObject\",\"inLanguage\":\"pl-PL\",\"@id\":\"https:\/\/www.welovecycling.com\/pl\/2017\/10\/14\/cos-wielkiego-wisi-powietrzu\/#primaryimage\",\"url\":\"https:\/\/d2p6e6u75xmxt8.cloudfront.net\/5\/2017\/10\/himalayas.jpg\",\"contentUrl\":\"https:\/\/d2p6e6u75xmxt8.cloudfront.net\/5\/2017\/10\/himalayas.jpg\",\"width\":1375,\"height\":600},{\"@type\":\"BreadcrumbList\",\"@id\":\"https:\/\/www.welovecycling.com\/pl\/2017\/10\/14\/cos-wielkiego-wisi-powietrzu\/#breadcrumb\",\"itemListElement\":[{\"@type\":\"ListItem\",\"position\":1,\"name\":\"Home\",\"item\":\"https:\/\/www.welovecycling.com\/pl\/\"},{\"@type\":\"ListItem\",\"position\":2,\"name\":\"Co\u015b wielkiego wisi w powietrzu!\"}]},{\"@type\":\"WebSite\",\"@id\":\"https:\/\/www.welovecycling.com\/pl\/#website\",\"url\":\"https:\/\/www.welovecycling.com\/pl\/\",\"name\":\"\u0160koda We Love Cycling - Poland\",\"description\":\"\",\"potentialAction\":[{\"@type\":\"SearchAction\",\"target\":{\"@type\":\"EntryPoint\",\"urlTemplate\":\"https:\/\/www.welovecycling.com\/pl\/?s={search_term_string}\"},\"query-input\":{\"@type\":\"PropertyValueSpecification\",\"valueRequired\":true,\"valueName\":\"search_term_string\"}}],\"inLanguage\":\"pl-PL\"},{\"@type\":\"Person\",\"@id\":\"https:\/\/www.welovecycling.com\/pl\/#\/schema\/person\/0dba2d39da943db9df3fd8f4687e7f23\",\"name\":\"piotrboczkowski\",\"image\":{\"@type\":\"ImageObject\",\"inLanguage\":\"pl-PL\",\"@id\":\"https:\/\/www.welovecycling.com\/pl\/#\/schema\/person\/image\/\",\"url\":\"https:\/\/secure.gravatar.com\/avatar\/533caccae14752e03a2ce2d3fd62d1b98b93e1393c3195c27819e53344ca1ace?s=96&d=mm&r=g\",\"contentUrl\":\"https:\/\/secure.gravatar.com\/avatar\/533caccae14752e03a2ce2d3fd62d1b98b93e1393c3195c27819e53344ca1ace?s=96&d=mm&r=g\",\"caption\":\"piotrboczkowski\"},\"url\":\"https:\/\/www.welovecycling.com\/pl\/author\/piotrboczkowski\/\"}]}<\/script>\n<!-- \/ Yoast SEO Premium plugin. -->","yoast_head_json":{"title":"Co\u015b wielkiego wisi w powietrzu! - \u0160koda We Love Cycling - Poland","robots":{"index":"index","follow":"follow","max-snippet":"max-snippet:-1","max-image-preview":"max-image-preview:large","max-video-preview":"max-video-preview:-1"},"canonical":"https:\/\/www.welovecycling.com\/pl\/2017\/10\/14\/cos-wielkiego-wisi-powietrzu\/","og_locale":"pl_PL","og_type":"article","og_title":"Co\u015b wielkiego wisi w powietrzu!","og_description":"Himalaje \u2013 najbardziej osza\u0142amiaj\u0105ce i znane pasmo g\u00f3rskie na \u015bwiecie. Tylko szale\u0144cy odwa\u017cyliby si\u0119 je\u017adzi\u0107 tam na rowerze. Ka\u017cda trasa [&hellip;]","og_url":"https:\/\/www.welovecycling.com\/pl\/2017\/10\/14\/cos-wielkiego-wisi-powietrzu\/","og_site_name":"\u0160koda We Love Cycling - Poland","article_published_time":"2017-10-14T14:53:31+00:00","article_modified_time":"2017-11-08T13:33:00+00:00","og_image":[{"width":1375,"height":600,"url":"https:\/\/d2p6e6u75xmxt8.cloudfront.net\/5\/2017\/10\/himalayas.jpg","type":"image\/jpeg"}],"author":"piotrboczkowski","twitter_card":"summary_large_image","twitter_misc":{"Written by":"WeLoveCycling","Est. reading time":"2 minutes"},"schema":{"@context":"https:\/\/schema.org","@graph":[{"@type":"WebPage","@id":"https:\/\/www.welovecycling.com\/pl\/2017\/10\/14\/cos-wielkiego-wisi-powietrzu\/","url":"https:\/\/www.welovecycling.com\/pl\/2017\/10\/14\/cos-wielkiego-wisi-powietrzu\/","name":"Co\u015b wielkiego wisi w powietrzu! - \u0160koda We Love Cycling - Poland","isPartOf":{"@id":"https:\/\/www.welovecycling.com\/pl\/#website"},"primaryImageOfPage":{"@id":"https:\/\/www.welovecycling.com\/pl\/2017\/10\/14\/cos-wielkiego-wisi-powietrzu\/#primaryimage"},"image":{"@id":"https:\/\/www.welovecycling.com\/pl\/2017\/10\/14\/cos-wielkiego-wisi-powietrzu\/#primaryimage"},"thumbnailUrl":"https:\/\/d2p6e6u75xmxt8.cloudfront.net\/5\/2017\/10\/himalayas.jpg","datePublished":"2017-10-14T14:53:31+00:00","dateModified":"2017-11-08T13:33:00+00:00","author":{"@id":"https:\/\/www.welovecycling.com\/pl\/#\/schema\/person\/0dba2d39da943db9df3fd8f4687e7f23"},"breadcrumb":{"@id":"https:\/\/www.welovecycling.com\/pl\/2017\/10\/14\/cos-wielkiego-wisi-powietrzu\/#breadcrumb"},"inLanguage":"pl-PL","potentialAction":[{"@type":"ReadAction","target":["https:\/\/www.welovecycling.com\/pl\/2017\/10\/14\/cos-wielkiego-wisi-powietrzu\/"]}]},{"@type":"ImageObject","inLanguage":"pl-PL","@id":"https:\/\/www.welovecycling.com\/pl\/2017\/10\/14\/cos-wielkiego-wisi-powietrzu\/#primaryimage","url":"https:\/\/d2p6e6u75xmxt8.cloudfront.net\/5\/2017\/10\/himalayas.jpg","contentUrl":"https:\/\/d2p6e6u75xmxt8.cloudfront.net\/5\/2017\/10\/himalayas.jpg","width":1375,"height":600},{"@type":"BreadcrumbList","@id":"https:\/\/www.welovecycling.com\/pl\/2017\/10\/14\/cos-wielkiego-wisi-powietrzu\/#breadcrumb","itemListElement":[{"@type":"ListItem","position":1,"name":"Home","item":"https:\/\/www.welovecycling.com\/pl\/"},{"@type":"ListItem","position":2,"name":"Co\u015b wielkiego wisi w powietrzu!"}]},{"@type":"WebSite","@id":"https:\/\/www.welovecycling.com\/pl\/#website","url":"https:\/\/www.welovecycling.com\/pl\/","name":"\u0160koda We Love Cycling - Poland","description":"","potentialAction":[{"@type":"SearchAction","target":{"@type":"EntryPoint","urlTemplate":"https:\/\/www.welovecycling.com\/pl\/?s={search_term_string}"},"query-input":{"@type":"PropertyValueSpecification","valueRequired":true,"valueName":"search_term_string"}}],"inLanguage":"pl-PL"},{"@type":"Person","@id":"https:\/\/www.welovecycling.com\/pl\/#\/schema\/person\/0dba2d39da943db9df3fd8f4687e7f23","name":"piotrboczkowski","image":{"@type":"ImageObject","inLanguage":"pl-PL","@id":"https:\/\/www.welovecycling.com\/pl\/#\/schema\/person\/image\/","url":"https:\/\/secure.gravatar.com\/avatar\/533caccae14752e03a2ce2d3fd62d1b98b93e1393c3195c27819e53344ca1ace?s=96&d=mm&r=g","contentUrl":"https:\/\/secure.gravatar.com\/avatar\/533caccae14752e03a2ce2d3fd62d1b98b93e1393c3195c27819e53344ca1ace?s=96&d=mm&r=g","caption":"piotrboczkowski"},"url":"https:\/\/www.welovecycling.com\/pl\/author\/piotrboczkowski\/"}]}},"_links":{"self":[{"href":"https:\/\/www.welovecycling.com\/pl\/wp-json\/wp\/v2\/posts\/5693","targetHints":{"allow":["GET"]}}],"collection":[{"href":"https:\/\/www.welovecycling.com\/pl\/wp-json\/wp\/v2\/posts"}],"about":[{"href":"https:\/\/www.welovecycling.com\/pl\/wp-json\/wp\/v2\/types\/post"}],"author":[{"embeddable":true,"href":"https:\/\/www.welovecycling.com\/pl\/wp-json\/wp\/v2\/users\/76"}],"replies":[{"embeddable":true,"href":"https:\/\/www.welovecycling.com\/pl\/wp-json\/wp\/v2\/comments?post=5693"}],"version-history":[{"count":2,"href":"https:\/\/www.welovecycling.com\/pl\/wp-json\/wp\/v2\/posts\/5693\/revisions"}],"predecessor-version":[{"id":5789,"href":"https:\/\/www.welovecycling.com\/pl\/wp-json\/wp\/v2\/posts\/5693\/revisions\/5789"}],"wp:featuredmedia":[{"embeddable":true,"href":"https:\/\/www.welovecycling.com\/pl\/wp-json\/wp\/v2\/media\/5696"}],"wp:attachment":[{"href":"https:\/\/www.welovecycling.com\/pl\/wp-json\/wp\/v2\/media?parent=5693"}],"wp:term":[{"taxonomy":"category","embeddable":true,"href":"https:\/\/www.welovecycling.com\/pl\/wp-json\/wp\/v2\/categories?post=5693"},{"taxonomy":"post_tag","embeddable":true,"href":"https:\/\/www.welovecycling.com\/pl\/wp-json\/wp\/v2\/tags?post=5693"},{"taxonomy":"global-categories","embeddable":true,"href":"https:\/\/www.welovecycling.com\/pl\/wp-json\/wp\/v2\/global-categories?post=5693"}],"curies":[{"name":"wp","href":"https:\/\/api.w.org\/{rel}","templated":true}]}}