{"id":5674,"date":"2017-10-12T07:29:09","date_gmt":"2017-10-12T07:29:09","guid":{"rendered":"https:\/\/www.welovecycling.com\/pl\/?p=5674"},"modified":"2017-10-14T09:28:31","modified_gmt":"2017-10-14T09:28:31","slug":"safety-first-czyli-o-bezpieczenstwie-drodze","status":"publish","type":"post","link":"https:\/\/www.welovecycling.com\/pl\/2017\/10\/12\/safety-first-czyli-o-bezpieczenstwie-drodze\/","title":{"rendered":"Safety first, czyli o bezpiecze\u0144stwie na drodze"},"content":{"rendered":"<p><span style=\"font-weight: 400;\">Jesie\u0144 zmusza do zachowania wzmo\u017conej ostro\u017cno\u015bci podczas naszych rowerowych wypraw czy trening\u00f3w. Nie ma nic nadzwyczajnego w stwierdzeniu, \u017ce podczas kolizji rowerzysty z samochodem ten pierwszy ma du\u017co mniejsze szanse. B\u0105d\u017amy wi\u0119c widoczni, aby by\u0142o bezpieczniej. Pami\u0119tajcie, \u017ce kierowca samochodu o\u015blepiony zachodz\u0105cym s\u0142o\u0144cem, zm\u0119czony po pracy czy jad\u0105cy przy lekkim ju\u017c zmroku mo\u017ce Was po prostu nie zauwa\u017cy\u0107.<\/span><\/p>\n<p><a href=\"https:\/\/d2p6e6u75xmxt8.cloudfront.net\/5\/2017\/10\/DSC05247.jpg\"><img loading=\"lazy\" decoding=\"async\" class=\"alignnone size-extra-large wp-image-5678\" src=\"https:\/\/d2p6e6u75xmxt8.cloudfront.net\/5\/2017\/10\/DSC05247-1920x1281.jpg\" alt=\"\" width=\"1920\" height=\"1281\" srcset=\"https:\/\/d2p6e6u75xmxt8.cloudfront.net\/5\/2017\/10\/DSC05247-1920x1281.jpg 1920w, https:\/\/d2p6e6u75xmxt8.cloudfront.net\/5\/2017\/10\/DSC05247-300x200.jpg 300w, https:\/\/d2p6e6u75xmxt8.cloudfront.net\/5\/2017\/10\/DSC05247-768x512.jpg 768w, https:\/\/d2p6e6u75xmxt8.cloudfront.net\/5\/2017\/10\/DSC05247-1024x683.jpg 1024w, https:\/\/d2p6e6u75xmxt8.cloudfront.net\/5\/2017\/10\/DSC05247-272x182.jpg 272w, https:\/\/d2p6e6u75xmxt8.cloudfront.net\/5\/2017\/10\/DSC05247.jpg 2000w, https:\/\/d2p6e6u75xmxt8.cloudfront.net\/5\/2017\/10\/DSC05247-1920x1281.jpg 1920w\" sizes=\"auto, (max-width: 1920px) 100vw, 1920px\" \/><\/a><\/p>\n<p><span style=\"font-weight: 400;\">Dni staj\u0105 si\u0119 coraz kr\u00f3tsze, ale to nie pow\u00f3d, \u017ceby rezygnowa\u0107 z przyjemno\u015bci jazdy na rowerze. Wszak sport to zdrowie, a pora dnia nie ma na to \u017cadnego wp\u0142ywu. Dop\u00f3ki nie przyjdzie jesienna plucha i wczesnozimowe och\u0142odzenie, sp\u0119dzajmy na rowerze jak najwi\u0119cej czasu, by p\u00f3\u017aniej wiosn\u0105 jak najszybciej uda\u0142o si\u0119 nam wr\u00f3ci\u0107 do formy. <\/span><\/p>\n<p><span style=\"font-weight: 400;\">Jak wi\u0119c pogodzi\u0107 to wszystko: kr\u00f3tki dzie\u0144, zmierzch i ograniczon\u0105 widoczno\u015b\u0107? Rynek rowerowych akcesori\u00f3w daje nam du\u017co mo\u017cliwo\u015bci, kt\u00f3re wp\u0142yn\u0105 korzystnie <\/span><span style=\"font-weight: 400;\">na nasz\u0105 widoczno\u015b\u0107 <\/span><span style=\"font-weight: 400;\"><br \/>\n<\/span><span style=\"font-weight: 400;\">i zwi\u0119ksz\u0105 bezpiecze\u0144stwo.<\/span><\/p>\n<p><a href=\"https:\/\/d2p6e6u75xmxt8.cloudfront.net\/5\/2017\/10\/DSC05279.jpg\"><img loading=\"lazy\" decoding=\"async\" class=\"alignnone size-extra-large wp-image-5676\" src=\"https:\/\/d2p6e6u75xmxt8.cloudfront.net\/5\/2017\/10\/DSC05279-1920x1281.jpg\" alt=\"\" width=\"1920\" height=\"1281\" srcset=\"https:\/\/d2p6e6u75xmxt8.cloudfront.net\/5\/2017\/10\/DSC05279-1920x1281.jpg 1920w, https:\/\/d2p6e6u75xmxt8.cloudfront.net\/5\/2017\/10\/DSC05279-300x200.jpg 300w, https:\/\/d2p6e6u75xmxt8.cloudfront.net\/5\/2017\/10\/DSC05279-768x512.jpg 768w, https:\/\/d2p6e6u75xmxt8.cloudfront.net\/5\/2017\/10\/DSC05279-1024x683.jpg 1024w, https:\/\/d2p6e6u75xmxt8.cloudfront.net\/5\/2017\/10\/DSC05279-272x182.jpg 272w, https:\/\/d2p6e6u75xmxt8.cloudfront.net\/5\/2017\/10\/DSC05279.jpg 2000w, https:\/\/d2p6e6u75xmxt8.cloudfront.net\/5\/2017\/10\/DSC05279-1920x1281.jpg 1920w\" sizes=\"auto, (max-width: 1920px) 100vw, 1920px\" \/><\/a><\/p>\n<p><span style=\"font-weight: 400;\">Wszelkiego rodzaju rowerowe o\u015bwietlenie to podstawowe wyposa\u017cenie jesiennego rowerzysty. B\u0105d\u017a widoczny z daleka, a b\u0119dziesz bardziej bezpieczny. Dodatki w postaci odblask\u00f3w, jaskrawe stroje czy kamizelki odblaskowe &#8211; wszystkie te detale pomog\u0105 innym u\u017cytkownikom ruchu szybciej Ci\u0119 zauwa\u017cy\u0107, a to wp\u0142ynie bezpo\u015brednio na Twoje bezpiecze\u0144stwo. Zdecydowanie staraj si\u0119 unika\u0107 ciemnych stroj\u00f3w; wiem, \u017ce bia\u0142e s\u0105 ma\u0142o praktyczne, ale rynek i tutaj daje nam wielkie mo\u017cliwo\u015bci doboru jasnego lub jaskrawego, widocznego z daleka stroju. <\/span><\/p>\n<p><span style=\"font-weight: 400;\">Pami\u0119taj, \u017ce zmierzch mo\u017ce Ci\u0119 zasta\u0107 wsz\u0119dzie, s\u0142o\u0144ce zachodzi coraz szybciej, do tego wi\u0119ksze lub mniejsze zachmurzenie. Po prostu nie daj si\u0119 zaskoczy\u0107, na jesienne wypady rowerowe po pracy obierz przemy\u015blan\u0105 taktyk\u0119. Jak na wy\u015bcigu, musisz by\u0107 zawsze o krok przed swoim przeciwnikiem, obserwuj jego poczynania, a z jesiennych trening\u00f3w wyjdziesz obronn\u0105 r\u0119k\u0105. Tak jak kiedy\u015b radzi\u0142em, by razem z zapasow\u0105 d\u0119tk\u0105 wozi\u0107 10 z\u0142, tak na wszelki wypadek, r\u00f3wnie\u017c w tym celu, na ka\u017cdy trening zabierz ze sob\u0105 cho\u0107by jakie\u015b miniaturowe, diodowe o\u015bwietlenie. Nigdy bowiem nie wiesz, co na trasie mo\u017ce si\u0119 wydarzy\u0107. Nawet je\u015bli masz dok\u0142adnie obliczony czas i kilometry, jest jeszcze element nieprzewidywalno\u015bci. Defekt roweru, gorsza kondycja fizyczna czy silny wiatr znacz\u0105co wp\u0142yn\u0105 na przed\u0142u\u017cenie obliczonej co do minuty rundy. <\/span><\/p>\n<p><span style=\"font-weight: 400;\">Nie daj si\u0119 wi\u0119c zaskoczy\u0107. <\/span><\/p>\n<p><span style=\"font-weight: 400;\">Ale nawet najlepsze, najdro\u017csze i zintegrowane z rowerowym licznikiem o\u015bwietlenie i rowerowe radary (pewna firma na G takie fajne robi) ostrzegaj\u0105ce przed zbli\u017caj\u0105cym si\u0119 z ty\u0142u samochodem mog\u0105 zawie\u015b\u0107, je\u015bli im <\/span><span style=\"font-weight: 400;\">nie pomo\u017cesz. Wybieraj wi\u0119c treningowe trasy rozs\u0105dnie, najlepiej te o ograniczonym ruchu, z pasem utwardzonego pobocza. Korzystaj ze \u015bcie\u017cek rowerowych, je\u015bli takie s\u0105 na trasie naszego treningu. Niestety, ale musisz my\u015ble\u0107 zar\u00f3wno za siebie, jak i za swoje najbli\u017csze otoczenie, gdy\u017c to w\u0142a\u015bnie u\u017cytkownik dw\u00f3ch ko\u0142ek jest najbardziej nara\u017cony na kontuzj\u0119 po nieprzyjemnym spotkaniu z samochodem. Uwa\u017caj na innych u\u017cytkownik\u00f3w \u015bcie\u017cek rowerowych, tu szczeg\u00f3lnie trzeba mie\u0107 oczy i uszy szeroko otwarte i przede wszystkim dostosowa\u0107 pr\u0119dko\u015b\u0107 do panuj\u0105cych warunk\u00f3w.<\/span><\/p>\n<p><a href=\"https:\/\/d2p6e6u75xmxt8.cloudfront.net\/5\/2017\/10\/DSC05298.jpg\"><img loading=\"lazy\" decoding=\"async\" class=\"alignnone size-extra-large wp-image-5677\" src=\"https:\/\/d2p6e6u75xmxt8.cloudfront.net\/5\/2017\/10\/DSC05298-1920x1281.jpg\" alt=\"\" width=\"1920\" height=\"1281\" srcset=\"https:\/\/d2p6e6u75xmxt8.cloudfront.net\/5\/2017\/10\/DSC05298-1920x1281.jpg 1920w, https:\/\/d2p6e6u75xmxt8.cloudfront.net\/5\/2017\/10\/DSC05298-300x200.jpg 300w, https:\/\/d2p6e6u75xmxt8.cloudfront.net\/5\/2017\/10\/DSC05298-768x512.jpg 768w, https:\/\/d2p6e6u75xmxt8.cloudfront.net\/5\/2017\/10\/DSC05298-1024x683.jpg 1024w, https:\/\/d2p6e6u75xmxt8.cloudfront.net\/5\/2017\/10\/DSC05298-272x182.jpg 272w, https:\/\/d2p6e6u75xmxt8.cloudfront.net\/5\/2017\/10\/DSC05298.jpg 2000w, https:\/\/d2p6e6u75xmxt8.cloudfront.net\/5\/2017\/10\/DSC05298-1920x1281.jpg 1920w\" sizes=\"auto, (max-width: 1920px) 100vw, 1920px\" \/><\/a><\/p>\n<p><span style=\"font-weight: 400;\">Podzielmy si\u0119 szos\u0105, je\u017ad\u017amy rozwa\u017cnie i b\u0105d\u017amy widoczni na drodze, a wiosna nadejdzie bardzo szybko.<\/span><\/p>\n","protected":false},"excerpt":{"rendered":"<p>Jesie\u0144 zmusza do zachowania wzmo\u017conej ostro\u017cno\u015bci podczas naszych rowerowych wypraw czy trening\u00f3w. Nie ma nic nadzwyczajnego w stwierdzeniu, \u017ce podczas [&hellip;]<\/p>\n","protected":false},"author":76,"featured_media":5682,"comment_status":"open","ping_status":"open","sticky":false,"template":"","format":"standard","meta":{"footnotes":""},"categories":[203],"tags":[108,198,41,209,82],"global-categories":[],"class_list":["post-5674","post","type-post","status-publish","format-standard","has-post-thumbnail","hentry","category-bartosz-huzarski","tag-bartosz-huzarski","tag-bloger","tag-cycling","tag-savoir-vivre","tag-welovecycling"],"yoast_head":"<!-- This site is optimized with the Yoast SEO Premium plugin v25.3 (Yoast SEO v25.9) - https:\/\/yoast.com\/wordpress\/plugins\/seo\/ -->\n<title>Safety first, czyli o bezpiecze\u0144stwie na drodze - \u0160koda We Love Cycling - Poland<\/title>\n<meta name=\"robots\" content=\"index, follow, max-snippet:-1, max-image-preview:large, max-video-preview:-1\" \/>\n<link rel=\"canonical\" href=\"https:\/\/www.welovecycling.com\/pl\/2017\/10\/12\/safety-first-czyli-o-bezpieczenstwie-drodze\/\" \/>\n<meta property=\"og:locale\" content=\"pl_PL\" \/>\n<meta property=\"og:type\" content=\"article\" \/>\n<meta property=\"og:title\" content=\"Safety first, czyli o bezpiecze\u0144stwie na drodze\" \/>\n<meta property=\"og:description\" content=\"Jesie\u0144 zmusza do zachowania wzmo\u017conej ostro\u017cno\u015bci podczas naszych rowerowych wypraw czy trening\u00f3w. Nie ma nic nadzwyczajnego w stwierdzeniu, \u017ce podczas [&hellip;]\" \/>\n<meta property=\"og:url\" content=\"https:\/\/www.welovecycling.com\/pl\/2017\/10\/12\/safety-first-czyli-o-bezpieczenstwie-drodze\/\" \/>\n<meta property=\"og:site_name\" content=\"\u0160koda We Love Cycling - Poland\" \/>\n<meta property=\"article:published_time\" content=\"2017-10-12T07:29:09+00:00\" \/>\n<meta property=\"article:modified_time\" content=\"2017-10-14T09:28:31+00:00\" \/>\n<meta property=\"og:image\" content=\"https:\/\/d2p6e6u75xmxt8.cloudfront.net\/5\/2017\/10\/DSC05263.jpg\" \/>\n\t<meta property=\"og:image:width\" content=\"2000\" \/>\n\t<meta property=\"og:image:height\" content=\"1334\" \/>\n\t<meta property=\"og:image:type\" content=\"image\/jpeg\" \/>\n<meta name=\"author\" content=\"piotrboczkowski\" \/>\n<meta name=\"twitter:card\" content=\"summary_large_image\" \/>\n<meta name=\"twitter:label1\" content=\"Written by\" \/>\n\t<meta name=\"twitter:data1\" content=\"Bartosz Huzarski\" \/>\n\t<meta name=\"twitter:label2\" content=\"Est. reading time\" \/>\n\t<meta name=\"twitter:data2\" content=\"3 minutes\" \/>\n<script type=\"application\/ld+json\" class=\"yoast-schema-graph\">{\"@context\":\"https:\/\/schema.org\",\"@graph\":[{\"@type\":\"WebPage\",\"@id\":\"https:\/\/www.welovecycling.com\/pl\/2017\/10\/12\/safety-first-czyli-o-bezpieczenstwie-drodze\/\",\"url\":\"https:\/\/www.welovecycling.com\/pl\/2017\/10\/12\/safety-first-czyli-o-bezpieczenstwie-drodze\/\",\"name\":\"Safety first, czyli o bezpiecze\u0144stwie na drodze - \u0160koda We Love Cycling - Poland\",\"isPartOf\":{\"@id\":\"https:\/\/www.welovecycling.com\/pl\/#website\"},\"primaryImageOfPage\":{\"@id\":\"https:\/\/www.welovecycling.com\/pl\/2017\/10\/12\/safety-first-czyli-o-bezpieczenstwie-drodze\/#primaryimage\"},\"image\":{\"@id\":\"https:\/\/www.welovecycling.com\/pl\/2017\/10\/12\/safety-first-czyli-o-bezpieczenstwie-drodze\/#primaryimage\"},\"thumbnailUrl\":\"https:\/\/d2p6e6u75xmxt8.cloudfront.net\/5\/2017\/10\/DSC05263.jpg\",\"datePublished\":\"2017-10-12T07:29:09+00:00\",\"dateModified\":\"2017-10-14T09:28:31+00:00\",\"author\":{\"@id\":\"https:\/\/www.welovecycling.com\/pl\/#\/schema\/person\/0dba2d39da943db9df3fd8f4687e7f23\"},\"breadcrumb\":{\"@id\":\"https:\/\/www.welovecycling.com\/pl\/2017\/10\/12\/safety-first-czyli-o-bezpieczenstwie-drodze\/#breadcrumb\"},\"inLanguage\":\"pl-PL\",\"potentialAction\":[{\"@type\":\"ReadAction\",\"target\":[\"https:\/\/www.welovecycling.com\/pl\/2017\/10\/12\/safety-first-czyli-o-bezpieczenstwie-drodze\/\"]}]},{\"@type\":\"ImageObject\",\"inLanguage\":\"pl-PL\",\"@id\":\"https:\/\/www.welovecycling.com\/pl\/2017\/10\/12\/safety-first-czyli-o-bezpieczenstwie-drodze\/#primaryimage\",\"url\":\"https:\/\/d2p6e6u75xmxt8.cloudfront.net\/5\/2017\/10\/DSC05263.jpg\",\"contentUrl\":\"https:\/\/d2p6e6u75xmxt8.cloudfront.net\/5\/2017\/10\/DSC05263.jpg\",\"width\":2000,\"height\":1334},{\"@type\":\"BreadcrumbList\",\"@id\":\"https:\/\/www.welovecycling.com\/pl\/2017\/10\/12\/safety-first-czyli-o-bezpieczenstwie-drodze\/#breadcrumb\",\"itemListElement\":[{\"@type\":\"ListItem\",\"position\":1,\"name\":\"Home\",\"item\":\"https:\/\/www.welovecycling.com\/pl\/\"},{\"@type\":\"ListItem\",\"position\":2,\"name\":\"Safety first, czyli o bezpiecze\u0144stwie na drodze\"}]},{\"@type\":\"WebSite\",\"@id\":\"https:\/\/www.welovecycling.com\/pl\/#website\",\"url\":\"https:\/\/www.welovecycling.com\/pl\/\",\"name\":\"\u0160koda We Love Cycling - Poland\",\"description\":\"\",\"potentialAction\":[{\"@type\":\"SearchAction\",\"target\":{\"@type\":\"EntryPoint\",\"urlTemplate\":\"https:\/\/www.welovecycling.com\/pl\/?s={search_term_string}\"},\"query-input\":{\"@type\":\"PropertyValueSpecification\",\"valueRequired\":true,\"valueName\":\"search_term_string\"}}],\"inLanguage\":\"pl-PL\"},{\"@type\":\"Person\",\"@id\":\"https:\/\/www.welovecycling.com\/pl\/#\/schema\/person\/0dba2d39da943db9df3fd8f4687e7f23\",\"name\":\"piotrboczkowski\",\"image\":{\"@type\":\"ImageObject\",\"inLanguage\":\"pl-PL\",\"@id\":\"https:\/\/www.welovecycling.com\/pl\/#\/schema\/person\/image\/\",\"url\":\"https:\/\/secure.gravatar.com\/avatar\/533caccae14752e03a2ce2d3fd62d1b98b93e1393c3195c27819e53344ca1ace?s=96&d=mm&r=g\",\"contentUrl\":\"https:\/\/secure.gravatar.com\/avatar\/533caccae14752e03a2ce2d3fd62d1b98b93e1393c3195c27819e53344ca1ace?s=96&d=mm&r=g\",\"caption\":\"piotrboczkowski\"},\"url\":\"https:\/\/www.welovecycling.com\/pl\/author\/piotrboczkowski\/\"}]}<\/script>\n<!-- \/ Yoast SEO Premium plugin. -->","yoast_head_json":{"title":"Safety first, czyli o bezpiecze\u0144stwie na drodze - \u0160koda We Love Cycling - Poland","robots":{"index":"index","follow":"follow","max-snippet":"max-snippet:-1","max-image-preview":"max-image-preview:large","max-video-preview":"max-video-preview:-1"},"canonical":"https:\/\/www.welovecycling.com\/pl\/2017\/10\/12\/safety-first-czyli-o-bezpieczenstwie-drodze\/","og_locale":"pl_PL","og_type":"article","og_title":"Safety first, czyli o bezpiecze\u0144stwie na drodze","og_description":"Jesie\u0144 zmusza do zachowania wzmo\u017conej ostro\u017cno\u015bci podczas naszych rowerowych wypraw czy trening\u00f3w. Nie ma nic nadzwyczajnego w stwierdzeniu, \u017ce podczas [&hellip;]","og_url":"https:\/\/www.welovecycling.com\/pl\/2017\/10\/12\/safety-first-czyli-o-bezpieczenstwie-drodze\/","og_site_name":"\u0160koda We Love Cycling - Poland","article_published_time":"2017-10-12T07:29:09+00:00","article_modified_time":"2017-10-14T09:28:31+00:00","og_image":[{"width":2000,"height":1334,"url":"https:\/\/d2p6e6u75xmxt8.cloudfront.net\/5\/2017\/10\/DSC05263.jpg","type":"image\/jpeg"}],"author":"piotrboczkowski","twitter_card":"summary_large_image","twitter_misc":{"Written by":"Bartosz Huzarski","Est. reading time":"3 minutes"},"schema":{"@context":"https:\/\/schema.org","@graph":[{"@type":"WebPage","@id":"https:\/\/www.welovecycling.com\/pl\/2017\/10\/12\/safety-first-czyli-o-bezpieczenstwie-drodze\/","url":"https:\/\/www.welovecycling.com\/pl\/2017\/10\/12\/safety-first-czyli-o-bezpieczenstwie-drodze\/","name":"Safety first, czyli o bezpiecze\u0144stwie na drodze - \u0160koda We Love Cycling - Poland","isPartOf":{"@id":"https:\/\/www.welovecycling.com\/pl\/#website"},"primaryImageOfPage":{"@id":"https:\/\/www.welovecycling.com\/pl\/2017\/10\/12\/safety-first-czyli-o-bezpieczenstwie-drodze\/#primaryimage"},"image":{"@id":"https:\/\/www.welovecycling.com\/pl\/2017\/10\/12\/safety-first-czyli-o-bezpieczenstwie-drodze\/#primaryimage"},"thumbnailUrl":"https:\/\/d2p6e6u75xmxt8.cloudfront.net\/5\/2017\/10\/DSC05263.jpg","datePublished":"2017-10-12T07:29:09+00:00","dateModified":"2017-10-14T09:28:31+00:00","author":{"@id":"https:\/\/www.welovecycling.com\/pl\/#\/schema\/person\/0dba2d39da943db9df3fd8f4687e7f23"},"breadcrumb":{"@id":"https:\/\/www.welovecycling.com\/pl\/2017\/10\/12\/safety-first-czyli-o-bezpieczenstwie-drodze\/#breadcrumb"},"inLanguage":"pl-PL","potentialAction":[{"@type":"ReadAction","target":["https:\/\/www.welovecycling.com\/pl\/2017\/10\/12\/safety-first-czyli-o-bezpieczenstwie-drodze\/"]}]},{"@type":"ImageObject","inLanguage":"pl-PL","@id":"https:\/\/www.welovecycling.com\/pl\/2017\/10\/12\/safety-first-czyli-o-bezpieczenstwie-drodze\/#primaryimage","url":"https:\/\/d2p6e6u75xmxt8.cloudfront.net\/5\/2017\/10\/DSC05263.jpg","contentUrl":"https:\/\/d2p6e6u75xmxt8.cloudfront.net\/5\/2017\/10\/DSC05263.jpg","width":2000,"height":1334},{"@type":"BreadcrumbList","@id":"https:\/\/www.welovecycling.com\/pl\/2017\/10\/12\/safety-first-czyli-o-bezpieczenstwie-drodze\/#breadcrumb","itemListElement":[{"@type":"ListItem","position":1,"name":"Home","item":"https:\/\/www.welovecycling.com\/pl\/"},{"@type":"ListItem","position":2,"name":"Safety first, czyli o bezpiecze\u0144stwie na drodze"}]},{"@type":"WebSite","@id":"https:\/\/www.welovecycling.com\/pl\/#website","url":"https:\/\/www.welovecycling.com\/pl\/","name":"\u0160koda We Love Cycling - Poland","description":"","potentialAction":[{"@type":"SearchAction","target":{"@type":"EntryPoint","urlTemplate":"https:\/\/www.welovecycling.com\/pl\/?s={search_term_string}"},"query-input":{"@type":"PropertyValueSpecification","valueRequired":true,"valueName":"search_term_string"}}],"inLanguage":"pl-PL"},{"@type":"Person","@id":"https:\/\/www.welovecycling.com\/pl\/#\/schema\/person\/0dba2d39da943db9df3fd8f4687e7f23","name":"piotrboczkowski","image":{"@type":"ImageObject","inLanguage":"pl-PL","@id":"https:\/\/www.welovecycling.com\/pl\/#\/schema\/person\/image\/","url":"https:\/\/secure.gravatar.com\/avatar\/533caccae14752e03a2ce2d3fd62d1b98b93e1393c3195c27819e53344ca1ace?s=96&d=mm&r=g","contentUrl":"https:\/\/secure.gravatar.com\/avatar\/533caccae14752e03a2ce2d3fd62d1b98b93e1393c3195c27819e53344ca1ace?s=96&d=mm&r=g","caption":"piotrboczkowski"},"url":"https:\/\/www.welovecycling.com\/pl\/author\/piotrboczkowski\/"}]}},"_links":{"self":[{"href":"https:\/\/www.welovecycling.com\/pl\/wp-json\/wp\/v2\/posts\/5674","targetHints":{"allow":["GET"]}}],"collection":[{"href":"https:\/\/www.welovecycling.com\/pl\/wp-json\/wp\/v2\/posts"}],"about":[{"href":"https:\/\/www.welovecycling.com\/pl\/wp-json\/wp\/v2\/types\/post"}],"author":[{"embeddable":true,"href":"https:\/\/www.welovecycling.com\/pl\/wp-json\/wp\/v2\/users\/76"}],"replies":[{"embeddable":true,"href":"https:\/\/www.welovecycling.com\/pl\/wp-json\/wp\/v2\/comments?post=5674"}],"version-history":[{"count":2,"href":"https:\/\/www.welovecycling.com\/pl\/wp-json\/wp\/v2\/posts\/5674\/revisions"}],"predecessor-version":[{"id":5692,"href":"https:\/\/www.welovecycling.com\/pl\/wp-json\/wp\/v2\/posts\/5674\/revisions\/5692"}],"wp:featuredmedia":[{"embeddable":true,"href":"https:\/\/www.welovecycling.com\/pl\/wp-json\/wp\/v2\/media\/5682"}],"wp:attachment":[{"href":"https:\/\/www.welovecycling.com\/pl\/wp-json\/wp\/v2\/media?parent=5674"}],"wp:term":[{"taxonomy":"category","embeddable":true,"href":"https:\/\/www.welovecycling.com\/pl\/wp-json\/wp\/v2\/categories?post=5674"},{"taxonomy":"post_tag","embeddable":true,"href":"https:\/\/www.welovecycling.com\/pl\/wp-json\/wp\/v2\/tags?post=5674"},{"taxonomy":"global-categories","embeddable":true,"href":"https:\/\/www.welovecycling.com\/pl\/wp-json\/wp\/v2\/global-categories?post=5674"}],"curies":[{"name":"wp","href":"https:\/\/api.w.org\/{rel}","templated":true}]}}