{"id":5640,"date":"2017-10-09T22:02:07","date_gmt":"2017-10-09T22:02:07","guid":{"rendered":"https:\/\/www.welovecycling.com\/pl\/?p=5640"},"modified":"2017-10-14T09:04:50","modified_gmt":"2017-10-14T09:04:50","slug":"kolarstwo-kochamy-tour-de-france","status":"publish","type":"post","link":"https:\/\/www.welovecycling.com\/pl\/2017\/10\/09\/kolarstwo-kochamy-tour-de-france\/","title":{"rendered":"Nie tylko kolarstwo\u2026 Za to kochamy Tour de France!"},"content":{"rendered":"<p><span style=\"font-weight: 400;\">My\u015bleli\u015bcie, \u017ce to zwyci\u0119zca pierwszy przecina met\u0119 etapu na Tour de France? Nie, nic z tych rzeczy. Wcze\u015bniej robi to\u2026 170 wymy\u015blnych pojazd\u00f3w. Zapraszamy do samego \u015brodka wielkiej karawany sponsorskiej, kt\u00f3ra od 87 lat jedzie wraz z Wielk\u0105 P\u0119tl\u0105!<\/span><\/p>\n<p><span style=\"font-weight: 400;\">Dane nie pozostawiaj\u0105 w\u0105tpliwo\u015bci \u2013 kibice przyje\u017cd\u017caj\u0105 na Tour de France przede wszystkim dla kolarzy, ale jako drugi najwa\u017cniejszy pow\u00f3d wskazuj\u0105 w\u0142a\u015bnie parad\u0119! Kolorow\u0105, rozta\u0144czon\u0105, hojn\u0105 i \u00a0przede wszystkim przypominaj\u0105c\u0105, \u017ce ten wy\u015bcig to wielki sport, ale te\u017c \u015bwietna zabawa!<\/span><\/p>\n<figure id=\"attachment_5644\" aria-describedby=\"caption-attachment-5644\" style=\"width: 1000px\" class=\"wp-caption alignnone\"><a href=\"https:\/\/d2p6e6u75xmxt8.cloudfront.net\/5\/2017\/10\/20170723211_151629-1.jpg\"><img loading=\"lazy\" decoding=\"async\" class=\"size-full wp-image-5644\" src=\"https:\/\/d2p6e6u75xmxt8.cloudfront.net\/5\/2017\/10\/20170723211_151629-1.jpg\" alt=\"\" width=\"1000\" height=\"666\" srcset=\"https:\/\/d2p6e6u75xmxt8.cloudfront.net\/5\/2017\/10\/20170723211_151629-1.jpg 1000w, https:\/\/d2p6e6u75xmxt8.cloudfront.net\/5\/2017\/10\/20170723211_151629-1-300x200.jpg 300w, https:\/\/d2p6e6u75xmxt8.cloudfront.net\/5\/2017\/10\/20170723211_151629-1-768x511.jpg 768w, https:\/\/d2p6e6u75xmxt8.cloudfront.net\/5\/2017\/10\/20170723211_151629-1-272x182.jpg 272w\" sizes=\"auto, (max-width: 1000px) 100vw, 1000px\" \/><\/a><figcaption id=\"caption-attachment-5644\" class=\"wp-caption-text\">Tour de France 2017 &#8211; 15.07.2017 &#8211; Etap 14 &#8211; Blagnac \/ Rodez (181,5 km) &#8211; Francja &#8211; Caravane Vittel<\/figcaption><\/figure>\n<figure id=\"attachment_5645\" aria-describedby=\"caption-attachment-5645\" style=\"width: 1000px\" class=\"wp-caption alignnone\"><a href=\"https:\/\/d2p6e6u75xmxt8.cloudfront.net\/5\/2017\/10\/20170723152_231452.jpg\"><img loading=\"lazy\" decoding=\"async\" class=\"size-full wp-image-5645\" src=\"https:\/\/d2p6e6u75xmxt8.cloudfront.net\/5\/2017\/10\/20170723152_231452.jpg\" alt=\"\" width=\"1000\" height=\"666\" srcset=\"https:\/\/d2p6e6u75xmxt8.cloudfront.net\/5\/2017\/10\/20170723152_231452.jpg 1000w, https:\/\/d2p6e6u75xmxt8.cloudfront.net\/5\/2017\/10\/20170723152_231452-300x200.jpg 300w, https:\/\/d2p6e6u75xmxt8.cloudfront.net\/5\/2017\/10\/20170723152_231452-768x511.jpg 768w, https:\/\/d2p6e6u75xmxt8.cloudfront.net\/5\/2017\/10\/20170723152_231452-272x182.jpg 272w\" sizes=\"auto, (max-width: 1000px) 100vw, 1000px\" \/><\/a><figcaption id=\"caption-attachment-5645\" class=\"wp-caption-text\">Tour de France 2017 &#8211; 23.07.2017 &#8211; Etap 21 &#8211; Montgeron \/ Paris Champs-Elys\u00e9es (103 km) &#8211; Caravane Pressade<\/figcaption><\/figure>\n<figure id=\"attachment_5646\" aria-describedby=\"caption-attachment-5646\" style=\"width: 1000px\" class=\"wp-caption alignnone\"><a href=\"https:\/\/d2p6e6u75xmxt8.cloudfront.net\/5\/2017\/10\/20170721374_211522.jpg\"><img loading=\"lazy\" decoding=\"async\" class=\"size-full wp-image-5646\" src=\"https:\/\/d2p6e6u75xmxt8.cloudfront.net\/5\/2017\/10\/20170721374_211522.jpg\" alt=\"\" width=\"1000\" height=\"666\" srcset=\"https:\/\/d2p6e6u75xmxt8.cloudfront.net\/5\/2017\/10\/20170721374_211522.jpg 1000w, https:\/\/d2p6e6u75xmxt8.cloudfront.net\/5\/2017\/10\/20170721374_211522-300x200.jpg 300w, https:\/\/d2p6e6u75xmxt8.cloudfront.net\/5\/2017\/10\/20170721374_211522-768x511.jpg 768w, https:\/\/d2p6e6u75xmxt8.cloudfront.net\/5\/2017\/10\/20170721374_211522-272x182.jpg 272w\" sizes=\"auto, (max-width: 1000px) 100vw, 1000px\" \/><\/a><figcaption id=\"caption-attachment-5646\" class=\"wp-caption-text\">Tour de France 2017 &#8211; 21.07.2017 &#8211; Etap 19 &#8211; Embrun \/ Salon-de-Provence (222,5 km) &#8211; Francja &#8211; Caravane Cochonou<\/figcaption><\/figure>\n<figure id=\"attachment_5647\" aria-describedby=\"caption-attachment-5647\" style=\"width: 1000px\" class=\"wp-caption alignnone\"><a href=\"https:\/\/d2p6e6u75xmxt8.cloudfront.net\/5\/2017\/10\/20170718164_181153.jpg\"><img loading=\"lazy\" decoding=\"async\" class=\"size-full wp-image-5647\" src=\"https:\/\/d2p6e6u75xmxt8.cloudfront.net\/5\/2017\/10\/20170718164_181153.jpg\" alt=\"\" width=\"1000\" height=\"666\" srcset=\"https:\/\/d2p6e6u75xmxt8.cloudfront.net\/5\/2017\/10\/20170718164_181153.jpg 1000w, https:\/\/d2p6e6u75xmxt8.cloudfront.net\/5\/2017\/10\/20170718164_181153-300x200.jpg 300w, https:\/\/d2p6e6u75xmxt8.cloudfront.net\/5\/2017\/10\/20170718164_181153-768x511.jpg 768w, https:\/\/d2p6e6u75xmxt8.cloudfront.net\/5\/2017\/10\/20170718164_181153-272x182.jpg 272w\" sizes=\"auto, (max-width: 1000px) 100vw, 1000px\" \/><\/a><figcaption id=\"caption-attachment-5647\" class=\"wp-caption-text\">Tour de France 2017 &#8211; 18.07.2017 &#8211; Etap 16 &#8211; Le Puy-en-Velay \/ Romans-sur-Is\u00e8re (165 km) &#8211; Francja &#8211; Caravane Enedis<\/figcaption><\/figure>\n<figure id=\"attachment_5648\" aria-describedby=\"caption-attachment-5648\" style=\"width: 1000px\" class=\"wp-caption alignnone\"><a href=\"https:\/\/d2p6e6u75xmxt8.cloudfront.net\/5\/2017\/10\/20170709224_010200.jpg\"><img loading=\"lazy\" decoding=\"async\" class=\"size-full wp-image-5648\" src=\"https:\/\/d2p6e6u75xmxt8.cloudfront.net\/5\/2017\/10\/20170709224_010200.jpg\" alt=\"\" width=\"1000\" height=\"666\" srcset=\"https:\/\/d2p6e6u75xmxt8.cloudfront.net\/5\/2017\/10\/20170709224_010200.jpg 1000w, https:\/\/d2p6e6u75xmxt8.cloudfront.net\/5\/2017\/10\/20170709224_010200-300x200.jpg 300w, https:\/\/d2p6e6u75xmxt8.cloudfront.net\/5\/2017\/10\/20170709224_010200-768x511.jpg 768w, https:\/\/d2p6e6u75xmxt8.cloudfront.net\/5\/2017\/10\/20170709224_010200-272x182.jpg 272w\" sizes=\"auto, (max-width: 1000px) 100vw, 1000px\" \/><\/a><figcaption id=\"caption-attachment-5648\" class=\"wp-caption-text\">Tour de France 2017 &#8211; 09.07.2017 &#8211; Etap 9 &#8211; Nantua \/ Chamb\u00e9ry (181,5 km) &#8211; Francja &#8211; Caravane Cofidis, Solutions Cr\u00e9dits<\/figcaption><\/figure>\n<p><b>18 milion\u00f3w prezent\u00f3w i prezencik\u00f3w!<\/b><\/p>\n<p><span style=\"font-weight: 400;\">Kolarze dopiero zaczynaj\u0105 rozgrzewk\u0119, a przy trasie ju\u017c czekaj\u0105 tysi\u0105ce ludzi. Przebieraj\u0105 nogami, zerkaj\u0105 za zakr\u0119ty i nas\u0142uchuj\u0105 klakson\u00f3w. Tak, fani doskonale wiedz\u0105, \u017ce ka\u017cdego dnia emocje zaczynaj\u0105 si\u0119 du\u017co wcze\u015bniej, czyli wraz z pojawieniem si\u0119 pierwszego samochodu.<\/span><\/p>\n<p><span style=\"font-weight: 400;\">Auto z zamontowan\u0105 na dachu ogromn\u0105 postaci\u0105 kolarza lub wielk\u0105 Myszk\u0105 Miki czy kombinacja kilku zielonych samochod\u00f3w \u0160KODY z pot\u0119\u017cn\u0105 zielon\u0105 koszulk\u0105 (sponsorowan\u0105 w\u0142a\u015bnie przez producenta samochod\u00f3w). Do tego ci\u0105g\u0142y d\u017awi\u0119k klakson\u00f3w, rytmiczna muzyka, ta\u0144ce i nawo\u0142ywanie przez megafon \u2013 tak w\u0142a\u015bnie wygl\u0105da hojny korow\u00f3d, kt\u00f3ry jedzie przed kolarzami na ka\u017cdym etapie Tour de France.<\/span><\/p>\n<p><span style=\"font-weight: 400;\">Hojny? Tak, i to bardzo. Z ka\u017cdego samochodu w stron\u0119 kibic\u00f3w rzucane s\u0105 bowiem s\u0142odycze, herbaty, breloczki, otwieracze, zapalniczki i inne gad\u017cety. Nie ma si\u0119 wi\u0119c co dziwi\u0107, \u017ce ludzie przy trasie czekaj\u0105 ze specjalnie przygotowanymi reklam\u00f3wkami &#8211; tylko podczas tegorocznego Tour de France w t\u0142um fan\u00f3w rzucono a\u017c 18 milion\u00f3w (!) r\u00f3\u017cnych przedmiot\u00f3w.<\/span><\/p>\n<p><span style=\"font-weight: 400;\">\u201eEkipa z karawany wstaje wcze\u015bnie, bo ka\u017cdy centymetr pojazdu musi l\u015bni\u0107. P\u00f3\u017aniej trzeba przygotowa\u0107 podarunki dla kibic\u00f3w i w drog\u0119 [\u2026]. Wprawiaj\u0105 fan\u00f3w w szale\u0144stwo, gdy puszczaj\u0105 hity lata i rozrzucaj\u0105 gad\u017cety\u201d \u2013 w taki spos\u00f3b relacjonowa\u0142 parad\u0119 podczas Tour de France portal Velonews.<\/span><\/p>\n<p><b>Karnawa\u0142 na cze\u015b\u0107 kolarstwa<\/b><\/p>\n<p><span style=\"font-weight: 400;\">W paradzie jad\u0105 samochody, ale te\u017c specjalnie przygotowane platformy. Ka\u017cda reklamuje innego sponsora i na sw\u00f3j spos\u00f3b zabawia kibic\u00f3w. Przeje\u017cd\u017ca dok\u0142adnie po trasie ca\u0142ego etapu, czyli czasem ponad 200 km dziennie, a \u0142\u0105cznie podczas ca\u0142ego wy\u015bcigu &#8211; ponad 3,5 tys. km.<\/span><\/p>\n<p><span style=\"font-weight: 400;\">Taka reklama to jednak nie mo\u017cliwo\u015b\u0107, ale zaszczyt, a dost\u0119puj\u0105 go tylko firmy zwi\u0105zane z Tour de France. Podczas tegorocznej Wielkiej P\u0119tli zaprezentowa\u0142o si\u0119 35 marek. W korowodzie jecha\u0142o 170 pojazd\u00f3w, w kt\u00f3rych by\u0142o ok. 480 os\u00f3b. Od czasu przejazdu pierwszego samochodu do ostatniego mija\u0142o ok. 35 minut, a korow\u00f3d rozci\u0105ga\u0142 si\u0119 na 12 km. Karnawa\u0142 w Rio de Janeiro mo\u017ce to nie jest, ale samochodowy karnawa\u0142 na cze\u015b\u0107 kolarstwa ju\u017c jak najbardziej.<\/span><\/p>\n<p><span style=\"font-weight: 400;\">Najwa\u017cniejsze jednak, \u017ce parada co roku zachwyca i przyci\u0105ga kibic\u00f3w. Podczas Tour de France \u017cyj\u0105 oni kolarstwem 24 godziny na dob\u0119, wi\u0119c przynajmniej na czas przejazdu korowodu mog\u0105 oderwa\u0107 si\u0119 od taktycznych analiz, studiowania tras czy oceniania szans. A przerw\u0119 maj\u0105 wyj\u0105tkowo mi\u0142\u0105.<\/span><\/p>\n<p><b>Upa\u0142? Deszcz? Gradobicie? Jedziemy! <\/b><\/p>\n<p><span style=\"font-weight: 400;\">Kibice maj\u0105 przyjemno\u015b\u0107, a karawana obowi\u0105zki. Jedzie przed kolarzami, wi\u0119c nie ma czasu na oci\u0105ganie si\u0119 czy ucinanie pogaw\u0119dek. Nie zatrzyma jej nawet najpaskudniejsza pogoda, mimo \u017ce cz\u0119\u015b\u0107 za\u0142ogi nie znajduje si\u0119 pod dachem. Upa\u0142 \u2013 karawana jedzie. Deszcz \u2013 karawana jedzie. Gradobicie \u2013 karawana jedzie. Pod tym wzgl\u0119dem z\u0142ama\u0107 ich r\u00f3wnie trudno jak kolarzy.<\/span><\/p>\n<p><span style=\"font-weight: 400;\">\u201eDla kibic\u00f3w ta parada jest r\u00f3wnie wa\u017cn\u0105 cz\u0119\u015bci\u0105 widowiska jak rywalizacja zawodnik\u00f3w. Korow\u00f3d jednak trwa d\u0142u\u017cej, bo dzi\u0119ki niemu fani wracaj\u0105 do dom\u00f3w z pami\u0105tk\u0105, o kt\u00f3r\u0105 walcz\u0105 \u0142okie\u0107 w \u0142okie\u0107. W ten spos\u00f3b maj\u0105 w r\u0119kach kawa\u0142ek spektaklu, kawa\u0142ek Tour de France\u201d \u2013 pisze Velonews.<\/span><\/p>\n<p>(www.letour.fr\/\u00a9 ASO\/Bruno BADE)<\/p>\n","protected":false},"excerpt":{"rendered":"<p>My\u015bleli\u015bcie, \u017ce to zwyci\u0119zca pierwszy przecina met\u0119 etapu na Tour de France? Nie, nic z tych rzeczy. Wcze\u015bniej robi to\u2026 [&hellip;]<\/p>\n","protected":false},"author":76,"featured_media":5641,"comment_status":"open","ping_status":"open","sticky":false,"template":"","format":"standard","meta":{"footnotes":""},"categories":[1],"tags":[66,77,82],"global-categories":[],"class_list":["post-5640","post","type-post","status-publish","format-standard","has-post-thumbnail","hentry","category-uncategorized","tag-skodanapedzarowery","tag-tour-de-france","tag-welovecycling"],"yoast_head":"<!-- This site is optimized with the Yoast SEO Premium plugin v25.3 (Yoast SEO v25.9) - https:\/\/yoast.com\/wordpress\/plugins\/seo\/ -->\n<title>Nie tylko kolarstwo\u2026 Za to kochamy Tour de France! - \u0160koda We Love Cycling - Poland<\/title>\n<meta name=\"robots\" content=\"index, follow, max-snippet:-1, max-image-preview:large, max-video-preview:-1\" \/>\n<link rel=\"canonical\" href=\"https:\/\/www.welovecycling.com\/pl\/2017\/10\/09\/kolarstwo-kochamy-tour-de-france\/\" \/>\n<meta property=\"og:locale\" content=\"pl_PL\" \/>\n<meta property=\"og:type\" content=\"article\" \/>\n<meta property=\"og:title\" content=\"Nie tylko kolarstwo\u2026 Za to kochamy Tour de France!\" \/>\n<meta property=\"og:description\" content=\"My\u015bleli\u015bcie, \u017ce to zwyci\u0119zca pierwszy przecina met\u0119 etapu na Tour de France? Nie, nic z tych rzeczy. Wcze\u015bniej robi to\u2026 [&hellip;]\" \/>\n<meta property=\"og:url\" content=\"https:\/\/www.welovecycling.com\/pl\/2017\/10\/09\/kolarstwo-kochamy-tour-de-france\/\" \/>\n<meta property=\"og:site_name\" content=\"\u0160koda We Love Cycling - Poland\" \/>\n<meta property=\"article:published_time\" content=\"2017-10-09T22:02:07+00:00\" \/>\n<meta property=\"article:modified_time\" content=\"2017-10-14T09:04:50+00:00\" \/>\n<meta property=\"og:image\" content=\"https:\/\/d2p6e6u75xmxt8.cloudfront.net\/5\/2017\/10\/20170723163_011430-b.jpg\" \/>\n\t<meta property=\"og:image:width\" content=\"620\" \/>\n\t<meta property=\"og:image:height\" content=\"412\" \/>\n\t<meta property=\"og:image:type\" content=\"image\/jpeg\" \/>\n<meta name=\"author\" content=\"piotrboczkowski\" \/>\n<meta name=\"twitter:card\" content=\"summary_large_image\" \/>\n<meta name=\"twitter:label1\" content=\"Written by\" \/>\n\t<meta name=\"twitter:data1\" content=\"WeLoveCycling\" \/>\n\t<meta name=\"twitter:label2\" content=\"Est. reading time\" \/>\n\t<meta name=\"twitter:data2\" content=\"4 minutes\" \/>\n<script type=\"application\/ld+json\" class=\"yoast-schema-graph\">{\"@context\":\"https:\/\/schema.org\",\"@graph\":[{\"@type\":\"WebPage\",\"@id\":\"https:\/\/www.welovecycling.com\/pl\/2017\/10\/09\/kolarstwo-kochamy-tour-de-france\/\",\"url\":\"https:\/\/www.welovecycling.com\/pl\/2017\/10\/09\/kolarstwo-kochamy-tour-de-france\/\",\"name\":\"Nie tylko kolarstwo\u2026 Za to kochamy Tour de France! - \u0160koda We Love Cycling - Poland\",\"isPartOf\":{\"@id\":\"https:\/\/www.welovecycling.com\/pl\/#website\"},\"primaryImageOfPage\":{\"@id\":\"https:\/\/www.welovecycling.com\/pl\/2017\/10\/09\/kolarstwo-kochamy-tour-de-france\/#primaryimage\"},\"image\":{\"@id\":\"https:\/\/www.welovecycling.com\/pl\/2017\/10\/09\/kolarstwo-kochamy-tour-de-france\/#primaryimage\"},\"thumbnailUrl\":\"https:\/\/d2p6e6u75xmxt8.cloudfront.net\/5\/2017\/10\/20170723163_011430-b.jpg\",\"datePublished\":\"2017-10-09T22:02:07+00:00\",\"dateModified\":\"2017-10-14T09:04:50+00:00\",\"author\":{\"@id\":\"https:\/\/www.welovecycling.com\/pl\/#\/schema\/person\/0dba2d39da943db9df3fd8f4687e7f23\"},\"breadcrumb\":{\"@id\":\"https:\/\/www.welovecycling.com\/pl\/2017\/10\/09\/kolarstwo-kochamy-tour-de-france\/#breadcrumb\"},\"inLanguage\":\"pl-PL\",\"potentialAction\":[{\"@type\":\"ReadAction\",\"target\":[\"https:\/\/www.welovecycling.com\/pl\/2017\/10\/09\/kolarstwo-kochamy-tour-de-france\/\"]}]},{\"@type\":\"ImageObject\",\"inLanguage\":\"pl-PL\",\"@id\":\"https:\/\/www.welovecycling.com\/pl\/2017\/10\/09\/kolarstwo-kochamy-tour-de-france\/#primaryimage\",\"url\":\"https:\/\/d2p6e6u75xmxt8.cloudfront.net\/5\/2017\/10\/20170723163_011430-b.jpg\",\"contentUrl\":\"https:\/\/d2p6e6u75xmxt8.cloudfront.net\/5\/2017\/10\/20170723163_011430-b.jpg\",\"width\":620,\"height\":412},{\"@type\":\"BreadcrumbList\",\"@id\":\"https:\/\/www.welovecycling.com\/pl\/2017\/10\/09\/kolarstwo-kochamy-tour-de-france\/#breadcrumb\",\"itemListElement\":[{\"@type\":\"ListItem\",\"position\":1,\"name\":\"Home\",\"item\":\"https:\/\/www.welovecycling.com\/pl\/\"},{\"@type\":\"ListItem\",\"position\":2,\"name\":\"Nie tylko kolarstwo\u2026 Za to kochamy Tour de France!\"}]},{\"@type\":\"WebSite\",\"@id\":\"https:\/\/www.welovecycling.com\/pl\/#website\",\"url\":\"https:\/\/www.welovecycling.com\/pl\/\",\"name\":\"\u0160koda We Love Cycling - Poland\",\"description\":\"\",\"potentialAction\":[{\"@type\":\"SearchAction\",\"target\":{\"@type\":\"EntryPoint\",\"urlTemplate\":\"https:\/\/www.welovecycling.com\/pl\/?s={search_term_string}\"},\"query-input\":{\"@type\":\"PropertyValueSpecification\",\"valueRequired\":true,\"valueName\":\"search_term_string\"}}],\"inLanguage\":\"pl-PL\"},{\"@type\":\"Person\",\"@id\":\"https:\/\/www.welovecycling.com\/pl\/#\/schema\/person\/0dba2d39da943db9df3fd8f4687e7f23\",\"name\":\"piotrboczkowski\",\"image\":{\"@type\":\"ImageObject\",\"inLanguage\":\"pl-PL\",\"@id\":\"https:\/\/www.welovecycling.com\/pl\/#\/schema\/person\/image\/\",\"url\":\"https:\/\/secure.gravatar.com\/avatar\/533caccae14752e03a2ce2d3fd62d1b98b93e1393c3195c27819e53344ca1ace?s=96&d=mm&r=g\",\"contentUrl\":\"https:\/\/secure.gravatar.com\/avatar\/533caccae14752e03a2ce2d3fd62d1b98b93e1393c3195c27819e53344ca1ace?s=96&d=mm&r=g\",\"caption\":\"piotrboczkowski\"},\"url\":\"https:\/\/www.welovecycling.com\/pl\/author\/piotrboczkowski\/\"}]}<\/script>\n<!-- \/ Yoast SEO Premium plugin. -->","yoast_head_json":{"title":"Nie tylko kolarstwo\u2026 Za to kochamy Tour de France! - \u0160koda We Love Cycling - Poland","robots":{"index":"index","follow":"follow","max-snippet":"max-snippet:-1","max-image-preview":"max-image-preview:large","max-video-preview":"max-video-preview:-1"},"canonical":"https:\/\/www.welovecycling.com\/pl\/2017\/10\/09\/kolarstwo-kochamy-tour-de-france\/","og_locale":"pl_PL","og_type":"article","og_title":"Nie tylko kolarstwo\u2026 Za to kochamy Tour de France!","og_description":"My\u015bleli\u015bcie, \u017ce to zwyci\u0119zca pierwszy przecina met\u0119 etapu na Tour de France? Nie, nic z tych rzeczy. Wcze\u015bniej robi to\u2026 [&hellip;]","og_url":"https:\/\/www.welovecycling.com\/pl\/2017\/10\/09\/kolarstwo-kochamy-tour-de-france\/","og_site_name":"\u0160koda We Love Cycling - Poland","article_published_time":"2017-10-09T22:02:07+00:00","article_modified_time":"2017-10-14T09:04:50+00:00","og_image":[{"width":620,"height":412,"url":"https:\/\/d2p6e6u75xmxt8.cloudfront.net\/5\/2017\/10\/20170723163_011430-b.jpg","type":"image\/jpeg"}],"author":"piotrboczkowski","twitter_card":"summary_large_image","twitter_misc":{"Written by":"WeLoveCycling","Est. reading time":"4 minutes"},"schema":{"@context":"https:\/\/schema.org","@graph":[{"@type":"WebPage","@id":"https:\/\/www.welovecycling.com\/pl\/2017\/10\/09\/kolarstwo-kochamy-tour-de-france\/","url":"https:\/\/www.welovecycling.com\/pl\/2017\/10\/09\/kolarstwo-kochamy-tour-de-france\/","name":"Nie tylko kolarstwo\u2026 Za to kochamy Tour de France! - \u0160koda We Love Cycling - Poland","isPartOf":{"@id":"https:\/\/www.welovecycling.com\/pl\/#website"},"primaryImageOfPage":{"@id":"https:\/\/www.welovecycling.com\/pl\/2017\/10\/09\/kolarstwo-kochamy-tour-de-france\/#primaryimage"},"image":{"@id":"https:\/\/www.welovecycling.com\/pl\/2017\/10\/09\/kolarstwo-kochamy-tour-de-france\/#primaryimage"},"thumbnailUrl":"https:\/\/d2p6e6u75xmxt8.cloudfront.net\/5\/2017\/10\/20170723163_011430-b.jpg","datePublished":"2017-10-09T22:02:07+00:00","dateModified":"2017-10-14T09:04:50+00:00","author":{"@id":"https:\/\/www.welovecycling.com\/pl\/#\/schema\/person\/0dba2d39da943db9df3fd8f4687e7f23"},"breadcrumb":{"@id":"https:\/\/www.welovecycling.com\/pl\/2017\/10\/09\/kolarstwo-kochamy-tour-de-france\/#breadcrumb"},"inLanguage":"pl-PL","potentialAction":[{"@type":"ReadAction","target":["https:\/\/www.welovecycling.com\/pl\/2017\/10\/09\/kolarstwo-kochamy-tour-de-france\/"]}]},{"@type":"ImageObject","inLanguage":"pl-PL","@id":"https:\/\/www.welovecycling.com\/pl\/2017\/10\/09\/kolarstwo-kochamy-tour-de-france\/#primaryimage","url":"https:\/\/d2p6e6u75xmxt8.cloudfront.net\/5\/2017\/10\/20170723163_011430-b.jpg","contentUrl":"https:\/\/d2p6e6u75xmxt8.cloudfront.net\/5\/2017\/10\/20170723163_011430-b.jpg","width":620,"height":412},{"@type":"BreadcrumbList","@id":"https:\/\/www.welovecycling.com\/pl\/2017\/10\/09\/kolarstwo-kochamy-tour-de-france\/#breadcrumb","itemListElement":[{"@type":"ListItem","position":1,"name":"Home","item":"https:\/\/www.welovecycling.com\/pl\/"},{"@type":"ListItem","position":2,"name":"Nie tylko kolarstwo\u2026 Za to kochamy Tour de France!"}]},{"@type":"WebSite","@id":"https:\/\/www.welovecycling.com\/pl\/#website","url":"https:\/\/www.welovecycling.com\/pl\/","name":"\u0160koda We Love Cycling - Poland","description":"","potentialAction":[{"@type":"SearchAction","target":{"@type":"EntryPoint","urlTemplate":"https:\/\/www.welovecycling.com\/pl\/?s={search_term_string}"},"query-input":{"@type":"PropertyValueSpecification","valueRequired":true,"valueName":"search_term_string"}}],"inLanguage":"pl-PL"},{"@type":"Person","@id":"https:\/\/www.welovecycling.com\/pl\/#\/schema\/person\/0dba2d39da943db9df3fd8f4687e7f23","name":"piotrboczkowski","image":{"@type":"ImageObject","inLanguage":"pl-PL","@id":"https:\/\/www.welovecycling.com\/pl\/#\/schema\/person\/image\/","url":"https:\/\/secure.gravatar.com\/avatar\/533caccae14752e03a2ce2d3fd62d1b98b93e1393c3195c27819e53344ca1ace?s=96&d=mm&r=g","contentUrl":"https:\/\/secure.gravatar.com\/avatar\/533caccae14752e03a2ce2d3fd62d1b98b93e1393c3195c27819e53344ca1ace?s=96&d=mm&r=g","caption":"piotrboczkowski"},"url":"https:\/\/www.welovecycling.com\/pl\/author\/piotrboczkowski\/"}]}},"_links":{"self":[{"href":"https:\/\/www.welovecycling.com\/pl\/wp-json\/wp\/v2\/posts\/5640","targetHints":{"allow":["GET"]}}],"collection":[{"href":"https:\/\/www.welovecycling.com\/pl\/wp-json\/wp\/v2\/posts"}],"about":[{"href":"https:\/\/www.welovecycling.com\/pl\/wp-json\/wp\/v2\/types\/post"}],"author":[{"embeddable":true,"href":"https:\/\/www.welovecycling.com\/pl\/wp-json\/wp\/v2\/users\/76"}],"replies":[{"embeddable":true,"href":"https:\/\/www.welovecycling.com\/pl\/wp-json\/wp\/v2\/comments?post=5640"}],"version-history":[{"count":2,"href":"https:\/\/www.welovecycling.com\/pl\/wp-json\/wp\/v2\/posts\/5640\/revisions"}],"predecessor-version":[{"id":5686,"href":"https:\/\/www.welovecycling.com\/pl\/wp-json\/wp\/v2\/posts\/5640\/revisions\/5686"}],"wp:featuredmedia":[{"embeddable":true,"href":"https:\/\/www.welovecycling.com\/pl\/wp-json\/wp\/v2\/media\/5641"}],"wp:attachment":[{"href":"https:\/\/www.welovecycling.com\/pl\/wp-json\/wp\/v2\/media?parent=5640"}],"wp:term":[{"taxonomy":"category","embeddable":true,"href":"https:\/\/www.welovecycling.com\/pl\/wp-json\/wp\/v2\/categories?post=5640"},{"taxonomy":"post_tag","embeddable":true,"href":"https:\/\/www.welovecycling.com\/pl\/wp-json\/wp\/v2\/tags?post=5640"},{"taxonomy":"global-categories","embeddable":true,"href":"https:\/\/www.welovecycling.com\/pl\/wp-json\/wp\/v2\/global-categories?post=5640"}],"curies":[{"name":"wp","href":"https:\/\/api.w.org\/{rel}","templated":true}]}}