{"id":5527,"date":"2017-10-03T22:06:07","date_gmt":"2017-10-03T22:06:07","guid":{"rendered":"https:\/\/www.welovecycling.com\/pl\/?p=5527"},"modified":"2017-10-07T08:18:09","modified_gmt":"2017-10-07T08:18:09","slug":"polak-podbil-tdf-a-ostrzegali-jedz-wybija-ci-kolarstwo-glowy","status":"publish","type":"post","link":"https:\/\/www.welovecycling.com\/pl\/2017\/10\/03\/polak-podbil-tdf-a-ostrzegali-jedz-wybija-ci-kolarstwo-glowy\/","title":{"rendered":"Polak podbi\u0142 TdF! A ostrzegali: Nie jed\u017a, wybij\u0105 ci kolarstwo z g\u0142owy!"},"content":{"rendered":"<p><span style=\"font-weight: 400;\">&#8211; To by\u0142 zwyk\u0142y rower. M\u0119ski, z baga\u017cnikiem. Je\u017adzi\u0142em nim do szko\u0142y, ale startowa\u0142em te\u017c w zawodach mi\u0119dzyszkolnych. Prze\u0142o\u017ce\u0144 nie by\u0142o, hamulce w peda\u0142ach. \u00a0Ale jak si\u0119 nasmarowa\u0142o \u0142a\u0144cuch, to chodzi\u0142 jak \u017cyletka \u2013 w takich okoliczno\u015bciach rodzi\u0142 si\u0119 talent Zenona Jasku\u0142y, pierwszego Polaka, kt\u00f3ry wygra\u0142 etap Tour de France, i jedynego, kt\u00f3ry uko\u0144czy\u0142 Wielk\u0105 P\u0119tl\u0119 na podium. <\/span><\/p>\n<p><span style=\"font-weight: 400;\">O dziwnych sytuacjach przed startami, pracy mechanika, \u015bciganiu si\u0119 z motorowerami i szansach Polak\u00f3w na zawojowanie Tour de France w specjalnym wywiadzie dla WeLoveCycling opowiada Zenon Jasku\u0142a!<\/span><\/p>\n<p><a href=\"https:\/\/d2p6e6u75xmxt8.cloudfront.net\/5\/2017\/10\/Zenon_Jaskula.jpg\"><img loading=\"lazy\" decoding=\"async\" class=\"alignnone size-full wp-image-5535\" src=\"https:\/\/d2p6e6u75xmxt8.cloudfront.net\/5\/2017\/10\/Zenon_Jaskula.jpg\" alt=\"\" width=\"386\" height=\"513\" srcset=\"https:\/\/d2p6e6u75xmxt8.cloudfront.net\/5\/2017\/10\/Zenon_Jaskula.jpg 386w, https:\/\/d2p6e6u75xmxt8.cloudfront.net\/5\/2017\/10\/Zenon_Jaskula-226x300.jpg 226w\" sizes=\"auto, (max-width: 386px) 100vw, 386px\" \/><br \/>\n<\/a><b>Przepraszam, mia\u0142em zadzwoni\u0107 chwil\u0119 wcze\u015bniej.<\/b><\/p>\n<p><span style=\"font-weight: 400;\">&#8211; Nie ma problemu, ale jakby si\u0119 Pan tak sp\u00f3\u017ani\u0142 na start, to by\u0142oby po wy\u015bcigu.<\/span><\/p>\n<p><b>Obawiam si\u0119, \u017ce nawet po karierze.<\/b><\/p>\n<p><span style=\"font-weight: 400;\">&#8211; Tak \u017ale to mo\u017ce by nie by\u0142o\u2026<\/span><\/p>\n<p><b>\u2026 no chyba tylko wtedy, gdybym w zespole mia\u0142 tak siln\u0105 pozycj\u0119 jak Chris Froome.<\/b><\/p>\n<p><span style=\"font-weight: 400;\">&#8211; Nie, kiedy\u015b mia\u0142em takiego koleg\u0119 w dru\u017cynie\u2026 Mened\u017cer na lotnisku zawsze pyta\u0142: \u201eZabrali\u015bcie wszystko?\u201d. A\u017c nas te jego pytania nudzi\u0142y, bo przecie\u017c zawsze wszystko ma si\u0119 spakowane. Ale tak nam si\u0119 tylko wydawa\u0142o, bo kolega kt\u00f3rego\u015b dnia zapomnia\u0142 wzi\u0105\u0107\u2026 roweru. Dlatego m\u0142odym ch\u0142opakom zawsze przypominam \u2013 sami sobie pakujcie torby. Musz\u0105 by\u0107 dwie pary but\u00f3w, zapasowe skarpetki czy zapasowa koszulka. Spocisz si\u0119 albo co\u015b innego si\u0119 wydarzy\u2026 Zawodnik musi by\u0107 gotowy!<\/span><\/p>\n<p><b>A Pan pami\u0119ta sw\u00f3j pierwszy rower.<\/b><\/p>\n<p><span style=\"font-weight: 400;\">&#8211; Zwyk\u0142y, m\u0119ski, z baga\u017cnikiem. Je\u017adzi\u0142em nim do szko\u0142y, ale startowa\u0142em te\u017c w zawodach mi\u0119dzyszkolnych. Prze\u0142o\u017ce\u0144 nie by\u0142o, hamulce w peda\u0142ach. \u00a0Ale jak si\u0119 nasmarowa\u0142o \u0142a\u0144cuch, to chodzi\u0142 jak \u017cyletka. Dawa\u0142em sobie rad\u0119 na tym rowerze z ch\u0142opakami, kt\u00f3rzy mieli kolarz\u00f3wki. Wtedy trener mnie zauwa\u017cy\u0142.<\/span><\/p>\n<p><b>I tak si\u0119 zacz\u0119\u0142o? <\/b><\/p>\n<p><span style=\"font-weight: 400;\">&#8211; Od razu dosta\u0142em nowiutkiego jaguara. Brat mi go strasznie zazdro\u015bci\u0142, bo on dosta\u0142 starego i to w worku, wi\u0119c jeszcze musia\u0142 go poskr\u0119ca\u0107. Dobra, nie chc\u0119 si\u0119 chwali\u0107, ale w karierze nie spotka\u0142em takiego mechanika jak ja. Ka\u017cdego innego mechanika poprawia\u0142em. Nawet jak startowali\u015bmy w deszczu, to rower musia\u0142 by\u0107 czy\u015bciutki. <\/span><\/p>\n<p><b>Z szacunku do roweru czy dlatego, \u017ce tylko zadbany sprz\u0119t dobrze jedzie?<\/b><\/p>\n<p><span style=\"font-weight: 400;\">&#8211; Jedno i drugie. Wiedzia\u0142em, \u017ce na przygotowanym b\u0119dzie mi si\u0119 \u0142atwiej kr\u0119ci\u0142o. Wszystko musia\u0142o by\u0107 wyczyszczone, nasmarowane i optymalnie poskr\u0119cane. Nawet gdy ju\u017c by\u0142em zawodowcem, to po etapie bra\u0142em prysznic, masa\u017c i schodzi\u0142em do mechanik\u00f3w poprawia\u0107 sprz\u0119t. Mechanik ma 10 rower\u00f3w do zrobienia, wi\u0119c dzia\u0142a automatycznie, a kolarz sam najlepiej wie, jak sobie sprz\u0119t wyregulowa\u0107. S\u0142yszy, jak rower chodzi w czasie jazdy.<\/span><\/p>\n<p><b>Wr\u00f3\u0107my do tego jaguara: gdy patrzy\u0142 Pan na ten rower, to ju\u017c wtedy widzia\u0142 si\u0119 Pan jako zwyci\u0119zc\u0119 etapowy Tour de France?<\/b><\/p>\n<p><span style=\"font-weight: 400;\">&#8211; Nie, gdzie tam. P\u00f3\u017aniej by\u0142 Ma\u0142y Wy\u015bcig Pokoju, jako\u015b da\u0142em sobie w nim rad\u0119, cho\u0107 do\u015bwiadczenia mi brakowa\u0142o. W grupie trudno by\u0142o si\u0119 odnale\u017a\u0107\u2026 Niekt\u00f3rzy \u015bcigali si\u0119 ju\u017c po 3-4 lata, a ja mo\u017ce ze 2 miesi\u0105ce. O, ja zreszt\u0105 na treningi doje\u017cd\u017ca\u0142em 20 km, p\u00f3\u017aniej przejecha\u0142em z ch\u0142opakami kolejne 20 podczas treningu, nast\u0119pnie na rowerze do domu i ju\u017c mia\u0142em w nogach 60 km. I to wszystko jako 14-letni ch\u0142opak. P\u00f3\u017aniej dawa\u0142o mi to przewag\u0119, bo mia\u0142em przejechane du\u017co wi\u0119cej od innych. Zreszt\u0105 cz\u0119sto \u015bciga\u0142em si\u0119 \u201ekomarkami\u201d [popularny w tamtych czasach motorower]. P\u00f3\u017aniej poszed\u0142em do wi\u0119kszych klub\u00f3w, a tam troch\u0119 pogardzali ch\u0142opakami z ma\u0142ych miejscowo\u015bci, wi\u0119c jak zacz\u0105\u0142em z nimi wygrywa\u0107, to na drugi dzie\u0144 ciskali rowerami i nie chcieli ju\u017c je\u017adzi\u0107\u2026<\/span><\/p>\n<p><b>Podci\u0105\u0142 im Pan skrzyd\u0142a?<\/b><\/p>\n<p><span style=\"font-weight: 400;\">&#8211; Oni zawsze uwa\u017cali si\u0119 za du\u017co lepszych, troch\u0119 nami gardzili. Z tego, co s\u0142ysza\u0142em, to Robert Lewandowski prze\u017cywa\u0142 co\u015b podobnego\u2026 Ale to by\u0142a dobra szko\u0142a, bo szed\u0142em krok po kroku. Zawsze chcia\u0142em i\u015b\u0107 do troszk\u0119 lepszego klubu, poci\u0105ga\u0142y mnie te ich lepsze rowery\u2026 Do tego mieli zgrupowania, od\u017cywki. S\u0142owem \u2013 wszystko! P\u00f3\u017aniej cieszy\u0142o mnie, \u017ce ich wyprzedza\u0142em i nawet te od\u017cywki im nie pomaga\u0142y. <\/span><\/p>\n<p><b>A kiedy Pan poczu\u0142, \u017ce zwyci\u0119stwo na Tour de France, najbardziej presti\u017cowym wy\u015bcigu \u015bwiata, jest realne?<\/b><\/p>\n<p><span style=\"font-weight: 400;\">&#8211; (chwila milczenia\u2026) Dosta\u0142em si\u0119 do reprezentacji Polski, p\u00f3\u017aniej wygra\u0142em wy\u015bcig w okolicach Bergamo, kt\u00f3ry pokaza\u0142, \u017ce daj\u0119 rad\u0119 w g\u00f3rach. Nast\u0119pnie na zawodowstwo przeszed\u0142 Leszek Piasecki i wygrywa\u0142 tam \u201eczas\u00f3wki\u201d, a ja wiedzia\u0142em, \u017ce potrafi\u0119 z nim ostro walczy\u0107. Wtedy sobie u\u015bwiadomi\u0142em, \u017ce mi\u0119dzy mn\u0105 a zawodowcami nie ma takiej r\u00f3\u017cnicy. W ko\u0144cu te\u017c przeszed\u0142em na zawodowstwo. <\/span><\/p>\n<p><b>To ju\u017c zupe\u0142nie inny kolarski \u015bwiat.<\/b><\/p>\n<p><span style=\"font-weight: 400;\">&#8211; W pierwszych wy\u015bcigach pokazywa\u0142em si\u0119 na etapach, a\u017c przyszed\u0142 czas na wy\u015bcig Tirreno \u2013 Adriatico. Bardzo chcia\u0142em w nim jecha\u0107, bo zawsze ogl\u0105da\u0142em go w telewizji. Czesiek Lang m\u00f3wi: \u201eNie jed\u017a, Zenek, bo ci wybij\u0105 kolarstwo z g\u0142owy. Tak tam zasuwaj\u0105! Je\u017cd\u017c\u0105 po 100 kilometr\u00f3w na godzin\u0119!\u201d. Mo\u017ce chcia\u0142 dla mnie dobrze, ale ja \u00a0si\u0119 upar\u0142em. Nasz dyrektor m\u00f3wi: \u201eJak Zenek chce, to niech jedzie\u201d. Pojecha\u0142em i w \u201egeneralce\u201d by\u0142em drugi, od 1990 r. \u017caden z Polak\u00f3w nie zr\u00f3wna\u0142 si\u0119 ze mn\u0105. Wszyscy mnie klepali. M\u00f3wili, \u017ce m\u0142ody i utalentowany. My\u015bleli, \u017ce mam 22-23 lata, a ja si\u0119 nie chwali\u0142em, \u017ce stukn\u0119\u0142o mi ju\u017c 27. W 1992 r. pojecha\u0142em na Tour de France, ale mia\u0142em kraks\u0119. Rozbi\u0142em kolano, ca\u0142e by\u0142o opuchni\u0119te. Kiedy lekarz powiedzia\u0142, \u017ce musi mnie wycofa\u0107, to si\u0119 pop\u0142aka\u0142em. Chcia\u0142em jecha\u0107, ale uspokaja\u0142: \u201eZaatakujesz w przysz\u0142ym roku!\u201d. <\/span><\/p>\n<p><b>I mia\u0142 racj\u0119.<\/b><\/p>\n<p><span style=\"font-weight: 400;\">&#8211; Mocno pracowa\u0142em. W Giro d\u2019Italia by\u0142em dziesi\u0105ty, p\u00f3\u017aniej szlifowa\u0142em form\u0119 w Szwajcarii i zn\u00f3w walczy\u0142em na Tour de France. <\/span><\/p>\n<p><b>I to jak \u2013 jako pierwszy Polak, w 1993 r., wygra\u0142 Pan etap Wielkiej P\u0119tli! Wraca\u0142 Pan do kraju jak bohater?<\/b><\/p>\n<p><span style=\"font-weight: 400;\">&#8211; By\u0142o mi\u0142o, gdy ludzie mnie zaczepiali\u2026 Ale ka\u017cdy zawodnik wie, \u017ce to chwila, kt\u00f3r\u0105 nie mo\u017cna \u017cy\u0107 wiecznie. Wiadomo, \u017ce w kolarstwie nie ma nic wi\u0119kszego ni\u017c Tour de France. Wielu zawodnik\u00f3w nie zasmakowa\u0142o wygranej w tym wy\u015bcigu. W Polsce nikt opr\u00f3cz mnie, Rafa\u0142a Majki i Ma\u0107ka Bodnara. W tym roku nasi te\u017c \u015bwietnie pojechali, dw\u00f3ch Polak\u00f3w na dw\u00f3ch pierwszych miejscach to te\u017c jest co\u015b [drugie miejsce zaj\u0105\u0142 Micha\u0142 Kwiatkowski]. <\/span><\/p>\n<div class=\"embed-wrapper\"><iframe loading=\"lazy\" src=\"https:\/\/www.youtube-nocookie.com\/embed\/7HGx8McaFQ8\" width=\"854\" height=\"480\" frameborder=\"0\" allowfullscreen=\"allowfullscreen\"><\/iframe><\/div>\n<p><b>Pan na razie jako jedyny Polak sko\u0144czy\u0142 Tour de France na podium. Kt\u00f3ry\u015b z naszych zawodnik\u00f3w ma na to szans\u0119?<\/b><\/p>\n<p><span style=\"font-weight: 400;\">&#8211; Majka musi poprawi\u0107 jazd\u0119 na czas, bo w g\u00f3rach si\u0119 obroni. Odwrotnie Micha\u0142 Kwiatkowski \u2013 musi poprawi\u0107 g\u00f3ry. Podobnie Maciek Bodnar. Musz\u0105 uwierzy\u0107 w siebie. Du\u017ca w tym rola psychologa, ja z jego us\u0142ug korzysta\u0142em ju\u017c lata temu\u2026 Wtedy si\u0119 ze mnie \u015bmiano, a dopiero jak Ma\u0142ysz mia\u0142 psychologa, to ci sami szydercy przekonali si\u0119, \u017ce s\u0105 30 lat do ty\u0142u.<\/span><\/p>\n<p><a href=\"https:\/\/d2p6e6u75xmxt8.cloudfront.net\/5\/2017\/10\/Z\u00e9non_JASKULA-2.jpg\"><img loading=\"lazy\" decoding=\"async\" class=\"alignnone size-full wp-image-5536\" src=\"https:\/\/d2p6e6u75xmxt8.cloudfront.net\/5\/2017\/10\/Z\u00e9non_JASKULA-2.jpg\" alt=\"\" width=\"1024\" height=\"1310\" srcset=\"https:\/\/d2p6e6u75xmxt8.cloudfront.net\/5\/2017\/10\/Z\u00e9non_JASKULA-2.jpg 1024w, https:\/\/d2p6e6u75xmxt8.cloudfront.net\/5\/2017\/10\/Z\u00e9non_JASKULA-2-235x300.jpg 235w, https:\/\/d2p6e6u75xmxt8.cloudfront.net\/5\/2017\/10\/Z\u00e9non_JASKULA-2-768x983.jpg 768w, https:\/\/d2p6e6u75xmxt8.cloudfront.net\/5\/2017\/10\/Z\u00e9non_JASKULA-2-800x1024.jpg 800w\" sizes=\"auto, (max-width: 1024px) 100vw, 1024px\" \/><\/a><\/p>\n<p><b>Dalej tak Pan pasjonuje si\u0119 kolarstwem?<\/b><\/p>\n<p><span style=\"font-weight: 400;\">&#8211; Tak, ca\u0142y czas ogl\u0105dam. I zrobi\u0142bym tylko jedn\u0105 rzecz \u2013 pozabiera\u0142 zawodnikom s\u0142uchawki, bo powoli robi si\u0119 z tego gra komputerowa. Kiedy\u015b zawodnik si\u0119 wkurzy\u0142, zaatakowa\u0142, czu\u0107 by\u0142o spontaniczno\u015b\u0107. A teraz steruj\u0105 taktyk\u0105 poprzez s\u0142uchawki. Troch\u0119 brakuje mi tej spontaniczno\u015bci.<\/span><\/p>\n<p><b>Niedawno zako\u0144czy\u0142y si\u0119 mistrzostwa \u015bwiata. Micha\u0142 Kwiatkowski by\u0142 blisko medalu w wy\u015bcigu ze startu wsp\u00f3lnego, ale sko\u0144czy\u0142 na jedenastym miejscu.<\/b><\/p>\n<p><span style=\"font-weight: 400;\">&#8211; On mia\u0142 ten medal w gar\u015bci, nale\u017ca\u0142 mu si\u0119. Powinien tylko siedzie\u0107 na kole Petera Sagana. Nic wi\u0119cej! Pilnowa\u0107 tylko jego, wtedy przyjecha\u0142by trzeci. Szkoda, bo Micha\u0142 mia\u0142 dobry sezon, a te mistrzostwa b\u0119d\u0105 mu si\u0119 \u015bni\u0142y. Ale mo\u017ce to i lepiej? Mo\u017ce teraz dostanie werwy? Wyci\u0105gnie wnioski i wygra jeszcze co\u015b wi\u0119cej?<\/span><\/p>\n<p><b>Dzi\u015b dalej je\u017adzi Pan na rowerze, ale jako amator. Jak wygl\u0105da kondycja polskiego kolarstwa w\u015br\u00f3d hobbyst\u00f3w?<\/b><\/p>\n<p><span style=\"font-weight: 400;\">&#8211; Jeden ze sponsor\u00f3w zacz\u0105\u0142 wsp\u00f3\u0142pracowa\u0107 z Polskim Zwi\u0105zkiem Kolarskim, bo twierdzi\u0142, \u017ce u nas wi\u0119cej ludzi je\u017adzi, ni\u017c biega. Pomy\u015bla\u0142em: \u201eCo on gada?!\u201d, ale p\u00f3\u017aniej u\u015bwiadomi\u0142em sobie, \u017ce przecie\u017c wielu na wiosce doje\u017cd\u017ca do sklepu rowerkiem. No przecie\u017c 50-latek tam nie pobiegnie! Wiele, wiele os\u00f3b korzysta z roweru. Ja np. je\u017cd\u017c\u0119 te\u017c po Warszawie i jestem szybszy ni\u017c samochody. <\/span><\/p>\n<p><b>Ale to nie trzeba by\u0107 Zenonem Jasku\u0142\u0105, by wyprzedza\u0107 auta. Ja w Krakowie te\u017c jestem szybszy od samochod\u00f3w.<\/b><\/p>\n<p><span style=\"font-weight: 400;\">&#8211; Fajnie, bo powstaje coraz wi\u0119cej \u015bcie\u017cek. W Krakowie je\u017adzi si\u0119 wzd\u0142u\u017c Wis\u0142y, Pozna\u0144 te\u017c ma bardzo dobr\u0105 infrastruktur\u0119. Tylko prosz\u0119 przekaza\u0107 projektantom \u015bcie\u017cek, \u017ce skoro sami nie je\u017cd\u017c\u0105 na rowerze, to niech si\u0119 spytaj\u0105 jakiego\u015b kolarza, jak maj\u0105 te \u015bcie\u017cki robi\u0107. Po co one s\u0105 robione z kostki brukowej?! Drogo, nier\u00f3wno, trawa mi\u0119dzy tym ro\u015bnie\u2026 Ja jak czego\u015b nie umiem, to si\u0119 po prostu pytam. I tak robi\u0119 przez ca\u0142e \u017cycie&#8230;<\/span><\/p>\n<p><b>Dzi\u0119kujemy za rozmow\u0119!<\/b><\/p>\n<p>&nbsp;<\/p>\n<p>(\u017ar\u00f3d\u0142o zdj\u0119\u0107: wikimedia.org)<\/p>\n","protected":false},"excerpt":{"rendered":"<p>&#8211; To by\u0142 zwyk\u0142y rower. M\u0119ski, z baga\u017cnikiem. Je\u017adzi\u0142em nim do szko\u0142y, ale startowa\u0142em te\u017c w zawodach mi\u0119dzyszkolnych. Prze\u0142o\u017ce\u0144 nie [&hellip;]<\/p>\n","protected":false},"author":76,"featured_media":5533,"comment_status":"open","ping_status":"open","sticky":false,"template":"","format":"standard","meta":{"footnotes":""},"categories":[6],"tags":[151,82,154],"global-categories":[],"class_list":["post-5527","post","type-post","status-publish","format-standard","has-post-thumbnail","hentry","category-kolarstwo-szosowe","tag-kolarstwo-szosowe","tag-welovecycling","tag-wywiad"],"yoast_head":"<!-- This site is optimized with the Yoast SEO Premium plugin v25.3 (Yoast SEO v25.9) - https:\/\/yoast.com\/wordpress\/plugins\/seo\/ -->\n<title>Polak podbi\u0142 TdF! A ostrzegali: Nie jed\u017a, wybij\u0105 ci kolarstwo z g\u0142owy! - \u0160koda We Love Cycling - Poland<\/title>\n<meta name=\"robots\" content=\"index, follow, max-snippet:-1, max-image-preview:large, max-video-preview:-1\" \/>\n<link rel=\"canonical\" href=\"https:\/\/www.welovecycling.com\/pl\/2017\/10\/03\/polak-podbil-tdf-a-ostrzegali-jedz-wybija-ci-kolarstwo-glowy\/\" \/>\n<meta property=\"og:locale\" content=\"pl_PL\" \/>\n<meta property=\"og:type\" content=\"article\" \/>\n<meta property=\"og:title\" content=\"Polak podbi\u0142 TdF! A ostrzegali: Nie jed\u017a, wybij\u0105 ci kolarstwo z g\u0142owy!\" \/>\n<meta property=\"og:description\" content=\"&#8211; To by\u0142 zwyk\u0142y rower. M\u0119ski, z baga\u017cnikiem. Je\u017adzi\u0142em nim do szko\u0142y, ale startowa\u0142em te\u017c w zawodach mi\u0119dzyszkolnych. Prze\u0142o\u017ce\u0144 nie [&hellip;]\" \/>\n<meta property=\"og:url\" content=\"https:\/\/www.welovecycling.com\/pl\/2017\/10\/03\/polak-podbil-tdf-a-ostrzegali-jedz-wybija-ci-kolarstwo-glowy\/\" \/>\n<meta property=\"og:site_name\" content=\"\u0160koda We Love Cycling - Poland\" \/>\n<meta property=\"article:published_time\" content=\"2017-10-03T22:06:07+00:00\" \/>\n<meta property=\"article:modified_time\" content=\"2017-10-07T08:18:09+00:00\" \/>\n<meta property=\"og:image\" content=\"https:\/\/d2p6e6u75xmxt8.cloudfront.net\/5\/2017\/10\/Bundesarchiv_Bild_183-1987-0517-016_Uwe_Ampler_Zenon_Jaskula-1-1-e1507068039632.jpg\" \/>\n\t<meta property=\"og:image:width\" content=\"776\" \/>\n\t<meta property=\"og:image:height\" content=\"442\" \/>\n\t<meta property=\"og:image:type\" content=\"image\/jpeg\" \/>\n<meta name=\"author\" content=\"piotrboczkowski\" \/>\n<meta name=\"twitter:card\" content=\"summary_large_image\" \/>\n<meta name=\"twitter:label1\" content=\"Written by\" \/>\n\t<meta name=\"twitter:data1\" content=\"WeLoveCycling\" \/>\n\t<meta name=\"twitter:label2\" content=\"Est. reading time\" \/>\n\t<meta name=\"twitter:data2\" content=\"8 minutes\" \/>\n<script type=\"application\/ld+json\" class=\"yoast-schema-graph\">{\"@context\":\"https:\/\/schema.org\",\"@graph\":[{\"@type\":\"WebPage\",\"@id\":\"https:\/\/www.welovecycling.com\/pl\/2017\/10\/03\/polak-podbil-tdf-a-ostrzegali-jedz-wybija-ci-kolarstwo-glowy\/\",\"url\":\"https:\/\/www.welovecycling.com\/pl\/2017\/10\/03\/polak-podbil-tdf-a-ostrzegali-jedz-wybija-ci-kolarstwo-glowy\/\",\"name\":\"Polak podbi\u0142 TdF! A ostrzegali: Nie jed\u017a, wybij\u0105 ci kolarstwo z g\u0142owy! - \u0160koda We Love Cycling - Poland\",\"isPartOf\":{\"@id\":\"https:\/\/www.welovecycling.com\/pl\/#website\"},\"primaryImageOfPage\":{\"@id\":\"https:\/\/www.welovecycling.com\/pl\/2017\/10\/03\/polak-podbil-tdf-a-ostrzegali-jedz-wybija-ci-kolarstwo-glowy\/#primaryimage\"},\"image\":{\"@id\":\"https:\/\/www.welovecycling.com\/pl\/2017\/10\/03\/polak-podbil-tdf-a-ostrzegali-jedz-wybija-ci-kolarstwo-glowy\/#primaryimage\"},\"thumbnailUrl\":\"https:\/\/d2p6e6u75xmxt8.cloudfront.net\/5\/2017\/10\/Bundesarchiv_Bild_183-1987-0517-016_Uwe_Ampler_Zenon_Jaskula-1-1-e1507068039632.jpg\",\"datePublished\":\"2017-10-03T22:06:07+00:00\",\"dateModified\":\"2017-10-07T08:18:09+00:00\",\"author\":{\"@id\":\"https:\/\/www.welovecycling.com\/pl\/#\/schema\/person\/0dba2d39da943db9df3fd8f4687e7f23\"},\"breadcrumb\":{\"@id\":\"https:\/\/www.welovecycling.com\/pl\/2017\/10\/03\/polak-podbil-tdf-a-ostrzegali-jedz-wybija-ci-kolarstwo-glowy\/#breadcrumb\"},\"inLanguage\":\"pl-PL\",\"potentialAction\":[{\"@type\":\"ReadAction\",\"target\":[\"https:\/\/www.welovecycling.com\/pl\/2017\/10\/03\/polak-podbil-tdf-a-ostrzegali-jedz-wybija-ci-kolarstwo-glowy\/\"]}]},{\"@type\":\"ImageObject\",\"inLanguage\":\"pl-PL\",\"@id\":\"https:\/\/www.welovecycling.com\/pl\/2017\/10\/03\/polak-podbil-tdf-a-ostrzegali-jedz-wybija-ci-kolarstwo-glowy\/#primaryimage\",\"url\":\"https:\/\/d2p6e6u75xmxt8.cloudfront.net\/5\/2017\/10\/Bundesarchiv_Bild_183-1987-0517-016_Uwe_Ampler_Zenon_Jaskula-1-1-e1507068039632.jpg\",\"contentUrl\":\"https:\/\/d2p6e6u75xmxt8.cloudfront.net\/5\/2017\/10\/Bundesarchiv_Bild_183-1987-0517-016_Uwe_Ampler_Zenon_Jaskula-1-1-e1507068039632.jpg\",\"width\":776,\"height\":442,\"caption\":\"ADN-ZB CTK-Tele-17-5-87 CSSR: 40 Internationale Friedensfahrt - 9. Etappe - Einzel-Bergzeitfahren-Herzlich gratuliert der polnische Fahrer Zenon Jaskula dem Etappensieger des Einzel-Bergzeitfahrens \u00fcber 22 km in Harrachov, Uwe Ampler. Zenon Jaskula errang mit 33:27,7 den zweiten Platz.\"},{\"@type\":\"BreadcrumbList\",\"@id\":\"https:\/\/www.welovecycling.com\/pl\/2017\/10\/03\/polak-podbil-tdf-a-ostrzegali-jedz-wybija-ci-kolarstwo-glowy\/#breadcrumb\",\"itemListElement\":[{\"@type\":\"ListItem\",\"position\":1,\"name\":\"Home\",\"item\":\"https:\/\/www.welovecycling.com\/pl\/\"},{\"@type\":\"ListItem\",\"position\":2,\"name\":\"Polak podbi\u0142 TdF! A ostrzegali: Nie jed\u017a, wybij\u0105 ci kolarstwo z g\u0142owy!\"}]},{\"@type\":\"WebSite\",\"@id\":\"https:\/\/www.welovecycling.com\/pl\/#website\",\"url\":\"https:\/\/www.welovecycling.com\/pl\/\",\"name\":\"\u0160koda We Love Cycling - Poland\",\"description\":\"\",\"potentialAction\":[{\"@type\":\"SearchAction\",\"target\":{\"@type\":\"EntryPoint\",\"urlTemplate\":\"https:\/\/www.welovecycling.com\/pl\/?s={search_term_string}\"},\"query-input\":{\"@type\":\"PropertyValueSpecification\",\"valueRequired\":true,\"valueName\":\"search_term_string\"}}],\"inLanguage\":\"pl-PL\"},{\"@type\":\"Person\",\"@id\":\"https:\/\/www.welovecycling.com\/pl\/#\/schema\/person\/0dba2d39da943db9df3fd8f4687e7f23\",\"name\":\"piotrboczkowski\",\"image\":{\"@type\":\"ImageObject\",\"inLanguage\":\"pl-PL\",\"@id\":\"https:\/\/www.welovecycling.com\/pl\/#\/schema\/person\/image\/\",\"url\":\"https:\/\/secure.gravatar.com\/avatar\/533caccae14752e03a2ce2d3fd62d1b98b93e1393c3195c27819e53344ca1ace?s=96&d=mm&r=g\",\"contentUrl\":\"https:\/\/secure.gravatar.com\/avatar\/533caccae14752e03a2ce2d3fd62d1b98b93e1393c3195c27819e53344ca1ace?s=96&d=mm&r=g\",\"caption\":\"piotrboczkowski\"},\"url\":\"https:\/\/www.welovecycling.com\/pl\/author\/piotrboczkowski\/\"}]}<\/script>\n<!-- \/ Yoast SEO Premium plugin. -->","yoast_head_json":{"title":"Polak podbi\u0142 TdF! A ostrzegali: Nie jed\u017a, wybij\u0105 ci kolarstwo z g\u0142owy! - \u0160koda We Love Cycling - Poland","robots":{"index":"index","follow":"follow","max-snippet":"max-snippet:-1","max-image-preview":"max-image-preview:large","max-video-preview":"max-video-preview:-1"},"canonical":"https:\/\/www.welovecycling.com\/pl\/2017\/10\/03\/polak-podbil-tdf-a-ostrzegali-jedz-wybija-ci-kolarstwo-glowy\/","og_locale":"pl_PL","og_type":"article","og_title":"Polak podbi\u0142 TdF! A ostrzegali: Nie jed\u017a, wybij\u0105 ci kolarstwo z g\u0142owy!","og_description":"&#8211; To by\u0142 zwyk\u0142y rower. M\u0119ski, z baga\u017cnikiem. Je\u017adzi\u0142em nim do szko\u0142y, ale startowa\u0142em te\u017c w zawodach mi\u0119dzyszkolnych. Prze\u0142o\u017ce\u0144 nie [&hellip;]","og_url":"https:\/\/www.welovecycling.com\/pl\/2017\/10\/03\/polak-podbil-tdf-a-ostrzegali-jedz-wybija-ci-kolarstwo-glowy\/","og_site_name":"\u0160koda We Love Cycling - Poland","article_published_time":"2017-10-03T22:06:07+00:00","article_modified_time":"2017-10-07T08:18:09+00:00","og_image":[{"width":776,"height":442,"url":"https:\/\/d2p6e6u75xmxt8.cloudfront.net\/5\/2017\/10\/Bundesarchiv_Bild_183-1987-0517-016_Uwe_Ampler_Zenon_Jaskula-1-1-e1507068039632.jpg","type":"image\/jpeg"}],"author":"piotrboczkowski","twitter_card":"summary_large_image","twitter_misc":{"Written by":"WeLoveCycling","Est. reading time":"8 minutes"},"schema":{"@context":"https:\/\/schema.org","@graph":[{"@type":"WebPage","@id":"https:\/\/www.welovecycling.com\/pl\/2017\/10\/03\/polak-podbil-tdf-a-ostrzegali-jedz-wybija-ci-kolarstwo-glowy\/","url":"https:\/\/www.welovecycling.com\/pl\/2017\/10\/03\/polak-podbil-tdf-a-ostrzegali-jedz-wybija-ci-kolarstwo-glowy\/","name":"Polak podbi\u0142 TdF! A ostrzegali: Nie jed\u017a, wybij\u0105 ci kolarstwo z g\u0142owy! - \u0160koda We Love Cycling - Poland","isPartOf":{"@id":"https:\/\/www.welovecycling.com\/pl\/#website"},"primaryImageOfPage":{"@id":"https:\/\/www.welovecycling.com\/pl\/2017\/10\/03\/polak-podbil-tdf-a-ostrzegali-jedz-wybija-ci-kolarstwo-glowy\/#primaryimage"},"image":{"@id":"https:\/\/www.welovecycling.com\/pl\/2017\/10\/03\/polak-podbil-tdf-a-ostrzegali-jedz-wybija-ci-kolarstwo-glowy\/#primaryimage"},"thumbnailUrl":"https:\/\/d2p6e6u75xmxt8.cloudfront.net\/5\/2017\/10\/Bundesarchiv_Bild_183-1987-0517-016_Uwe_Ampler_Zenon_Jaskula-1-1-e1507068039632.jpg","datePublished":"2017-10-03T22:06:07+00:00","dateModified":"2017-10-07T08:18:09+00:00","author":{"@id":"https:\/\/www.welovecycling.com\/pl\/#\/schema\/person\/0dba2d39da943db9df3fd8f4687e7f23"},"breadcrumb":{"@id":"https:\/\/www.welovecycling.com\/pl\/2017\/10\/03\/polak-podbil-tdf-a-ostrzegali-jedz-wybija-ci-kolarstwo-glowy\/#breadcrumb"},"inLanguage":"pl-PL","potentialAction":[{"@type":"ReadAction","target":["https:\/\/www.welovecycling.com\/pl\/2017\/10\/03\/polak-podbil-tdf-a-ostrzegali-jedz-wybija-ci-kolarstwo-glowy\/"]}]},{"@type":"ImageObject","inLanguage":"pl-PL","@id":"https:\/\/www.welovecycling.com\/pl\/2017\/10\/03\/polak-podbil-tdf-a-ostrzegali-jedz-wybija-ci-kolarstwo-glowy\/#primaryimage","url":"https:\/\/d2p6e6u75xmxt8.cloudfront.net\/5\/2017\/10\/Bundesarchiv_Bild_183-1987-0517-016_Uwe_Ampler_Zenon_Jaskula-1-1-e1507068039632.jpg","contentUrl":"https:\/\/d2p6e6u75xmxt8.cloudfront.net\/5\/2017\/10\/Bundesarchiv_Bild_183-1987-0517-016_Uwe_Ampler_Zenon_Jaskula-1-1-e1507068039632.jpg","width":776,"height":442,"caption":"ADN-ZB CTK-Tele-17-5-87 CSSR: 40 Internationale Friedensfahrt - 9. Etappe - Einzel-Bergzeitfahren-Herzlich gratuliert der polnische Fahrer Zenon Jaskula dem Etappensieger des Einzel-Bergzeitfahrens \u00fcber 22 km in Harrachov, Uwe Ampler. Zenon Jaskula errang mit 33:27,7 den zweiten Platz."},{"@type":"BreadcrumbList","@id":"https:\/\/www.welovecycling.com\/pl\/2017\/10\/03\/polak-podbil-tdf-a-ostrzegali-jedz-wybija-ci-kolarstwo-glowy\/#breadcrumb","itemListElement":[{"@type":"ListItem","position":1,"name":"Home","item":"https:\/\/www.welovecycling.com\/pl\/"},{"@type":"ListItem","position":2,"name":"Polak podbi\u0142 TdF! A ostrzegali: Nie jed\u017a, wybij\u0105 ci kolarstwo z g\u0142owy!"}]},{"@type":"WebSite","@id":"https:\/\/www.welovecycling.com\/pl\/#website","url":"https:\/\/www.welovecycling.com\/pl\/","name":"\u0160koda We Love Cycling - Poland","description":"","potentialAction":[{"@type":"SearchAction","target":{"@type":"EntryPoint","urlTemplate":"https:\/\/www.welovecycling.com\/pl\/?s={search_term_string}"},"query-input":{"@type":"PropertyValueSpecification","valueRequired":true,"valueName":"search_term_string"}}],"inLanguage":"pl-PL"},{"@type":"Person","@id":"https:\/\/www.welovecycling.com\/pl\/#\/schema\/person\/0dba2d39da943db9df3fd8f4687e7f23","name":"piotrboczkowski","image":{"@type":"ImageObject","inLanguage":"pl-PL","@id":"https:\/\/www.welovecycling.com\/pl\/#\/schema\/person\/image\/","url":"https:\/\/secure.gravatar.com\/avatar\/533caccae14752e03a2ce2d3fd62d1b98b93e1393c3195c27819e53344ca1ace?s=96&d=mm&r=g","contentUrl":"https:\/\/secure.gravatar.com\/avatar\/533caccae14752e03a2ce2d3fd62d1b98b93e1393c3195c27819e53344ca1ace?s=96&d=mm&r=g","caption":"piotrboczkowski"},"url":"https:\/\/www.welovecycling.com\/pl\/author\/piotrboczkowski\/"}]}},"_links":{"self":[{"href":"https:\/\/www.welovecycling.com\/pl\/wp-json\/wp\/v2\/posts\/5527","targetHints":{"allow":["GET"]}}],"collection":[{"href":"https:\/\/www.welovecycling.com\/pl\/wp-json\/wp\/v2\/posts"}],"about":[{"href":"https:\/\/www.welovecycling.com\/pl\/wp-json\/wp\/v2\/types\/post"}],"author":[{"embeddable":true,"href":"https:\/\/www.welovecycling.com\/pl\/wp-json\/wp\/v2\/users\/76"}],"replies":[{"embeddable":true,"href":"https:\/\/www.welovecycling.com\/pl\/wp-json\/wp\/v2\/comments?post=5527"}],"version-history":[{"count":2,"href":"https:\/\/www.welovecycling.com\/pl\/wp-json\/wp\/v2\/posts\/5527\/revisions"}],"predecessor-version":[{"id":5632,"href":"https:\/\/www.welovecycling.com\/pl\/wp-json\/wp\/v2\/posts\/5527\/revisions\/5632"}],"wp:featuredmedia":[{"embeddable":true,"href":"https:\/\/www.welovecycling.com\/pl\/wp-json\/wp\/v2\/media\/5533"}],"wp:attachment":[{"href":"https:\/\/www.welovecycling.com\/pl\/wp-json\/wp\/v2\/media?parent=5527"}],"wp:term":[{"taxonomy":"category","embeddable":true,"href":"https:\/\/www.welovecycling.com\/pl\/wp-json\/wp\/v2\/categories?post=5527"},{"taxonomy":"post_tag","embeddable":true,"href":"https:\/\/www.welovecycling.com\/pl\/wp-json\/wp\/v2\/tags?post=5527"},{"taxonomy":"global-categories","embeddable":true,"href":"https:\/\/www.welovecycling.com\/pl\/wp-json\/wp\/v2\/global-categories?post=5527"}],"curies":[{"name":"wp","href":"https:\/\/api.w.org\/{rel}","templated":true}]}}