{"id":5504,"date":"2017-10-02T21:06:09","date_gmt":"2017-10-02T21:06:09","guid":{"rendered":"https:\/\/www.welovecycling.com\/pl\/?p=5504"},"modified":"2017-10-07T08:33:37","modified_gmt":"2017-10-07T08:33:37","slug":"druga-runda-najlepszych-okazji-eurobike-2017","status":"publish","type":"post","link":"https:\/\/www.welovecycling.com\/pl\/2017\/10\/02\/druga-runda-najlepszych-okazji-eurobike-2017\/","title":{"rendered":"Druga runda najlepszych okazji z Eurobike 2017"},"content":{"rendered":"<p><strong>Na najwi\u0119kszych targach rowerowych na \u015bwiecie co roku zaprezentowane zostaj\u0105 setki nowych produkt\u00f3w. Oto lista gad\u017cet\u00f3w i rower\u00f3w, kt\u00f3re nas zainteresowa\u0142y.<\/strong><br \/>\n<!--more--><\/p>\n<h2><strong>Camelbak z ochron\u0105<\/strong><\/h2>\n<p><a href=\"https:\/\/d2p6e6u75xmxt8.cloudfront.net\/5\/2017\/10\/21316343_1911732332484146_8572575019837996692_o.jpg\"><img loading=\"lazy\" decoding=\"async\" class=\"alignnone size-full wp-image-5505\" src=\"https:\/\/d2p6e6u75xmxt8.cloudfront.net\/5\/2017\/10\/21316343_1911732332484146_8572575019837996692_o.jpg\" alt=\"\" width=\"2048\" height=\"1365\" srcset=\"https:\/\/d2p6e6u75xmxt8.cloudfront.net\/5\/2017\/10\/21316343_1911732332484146_8572575019837996692_o.jpg 2048w, https:\/\/d2p6e6u75xmxt8.cloudfront.net\/5\/2017\/10\/21316343_1911732332484146_8572575019837996692_o-300x200.jpg 300w, https:\/\/d2p6e6u75xmxt8.cloudfront.net\/5\/2017\/10\/21316343_1911732332484146_8572575019837996692_o-768x512.jpg 768w, https:\/\/d2p6e6u75xmxt8.cloudfront.net\/5\/2017\/10\/21316343_1911732332484146_8572575019837996692_o-1024x683.jpg 1024w, https:\/\/d2p6e6u75xmxt8.cloudfront.net\/5\/2017\/10\/21316343_1911732332484146_8572575019837996692_o-1920x1280.jpg 1920w, https:\/\/d2p6e6u75xmxt8.cloudfront.net\/5\/2017\/10\/21316343_1911732332484146_8572575019837996692_o-272x182.jpg 272w, https:\/\/d2p6e6u75xmxt8.cloudfront.net\/5\/2017\/10\/21316343_1911732332484146_8572575019837996692_o-1920x1280.jpg 1920w\" sizes=\"auto, (max-width: 2048px) 100vw, 2048px\" \/><\/a><\/p>\n<p><span style=\"font-weight: 400;\">Buk\u0142aki na wod\u0119, ulepszone za pomoc\u0105 opatentowanego ochraniacza zawieraj\u0105cego wielowarstwow\u0105, termoelastyczn\u0105 konstrukcj\u0119 piankow\u0105 o podw\u00f3jnej g\u0119sto\u015bci, mog\u0105 absorbowa\u0107 wi\u0119kszo\u015b\u0107 nacisku na kr\u0119gos\u0142up u\u017cytkownika. Buk\u0142aki na plecy dost\u0119pne s\u0105 w dw\u00f3ch rozmiarach, a modele ochraniaj\u0105ce mostek \u2014 w jednym. Ochraniacz mo\u017cna nosi\u0107 razem z buk\u0142akiem lub oddzielnie.<\/span><\/p>\n<p><a href=\"https:\/\/international.camelbak.com\">camelbak.com<\/a><\/p>\n<h2><b>Wi\u0119ksze bezpiecze\u0144stwo dzi\u0119ki kaskom w kszta\u0142cie zwierzak\u00f3w\u00a0<\/b><\/h2>\n<p><a href=\"https:\/\/d2p6e6u75xmxt8.cloudfront.net\/5\/2017\/10\/21273772_1911732369150809_4996478061360219315_o.jpg\"><img loading=\"lazy\" decoding=\"async\" class=\"alignnone size-full wp-image-5507\" src=\"https:\/\/d2p6e6u75xmxt8.cloudfront.net\/5\/2017\/10\/21273772_1911732369150809_4996478061360219315_o.jpg\" alt=\"\" width=\"2048\" height=\"1365\" srcset=\"https:\/\/d2p6e6u75xmxt8.cloudfront.net\/5\/2017\/10\/21273772_1911732369150809_4996478061360219315_o.jpg 2048w, https:\/\/d2p6e6u75xmxt8.cloudfront.net\/5\/2017\/10\/21273772_1911732369150809_4996478061360219315_o-300x200.jpg 300w, https:\/\/d2p6e6u75xmxt8.cloudfront.net\/5\/2017\/10\/21273772_1911732369150809_4996478061360219315_o-768x512.jpg 768w, https:\/\/d2p6e6u75xmxt8.cloudfront.net\/5\/2017\/10\/21273772_1911732369150809_4996478061360219315_o-1024x683.jpg 1024w, https:\/\/d2p6e6u75xmxt8.cloudfront.net\/5\/2017\/10\/21273772_1911732369150809_4996478061360219315_o-1920x1280.jpg 1920w, https:\/\/d2p6e6u75xmxt8.cloudfront.net\/5\/2017\/10\/21273772_1911732369150809_4996478061360219315_o-272x182.jpg 272w, https:\/\/d2p6e6u75xmxt8.cloudfront.net\/5\/2017\/10\/21273772_1911732369150809_4996478061360219315_o-1920x1280.jpg 1920w\" sizes=\"auto, (max-width: 2048px) 100vw, 2048px\" \/><\/a><\/p>\n<p><span style=\"font-weight: 400;\">Jak przekona\u0107 dzieci, \u017ce powinny nosi\u0107 kaski? Spraw, aby by\u0142a to dla nich zabawa. Z kaskami zaprojektowanymi w Danii perswazja nie b\u0119dzie konieczna, poniewa\u017c Twoje dzieci pokochaj\u0105 przemienianie si\u0119 w urocze zwierz\u0105tka. Pod tymi barwnymi postaciami znajdziesz wysokiej jako\u015bci kaski, kt\u00f3re zapewni\u0105 Twoim dzieciom bezpiecze\u0144stwo nawet podczas jazdy w ruchu ulicznym.<\/span><\/p>\n<p><a href=\"http:\/\/www.crazy-safety.com\">crazy-safety.com<\/a><\/p>\n<h2><b>Poszukiwani dystrybutorzy<\/b><\/h2>\n<p><a href=\"https:\/\/d2p6e6u75xmxt8.cloudfront.net\/2\/2017\/09\/21366667_1911732372484142_6611567772585421089_o.jpg\"><img loading=\"lazy\" decoding=\"async\" class=\"alignnone size-full wp-image-161074\" src=\"https:\/\/d2p6e6u75xmxt8.cloudfront.net\/2\/2017\/09\/21366667_1911732372484142_6611567772585421089_o.jpg\" alt=\"\" width=\"2048\" height=\"1365\" \/><\/a><\/p>\n<p><span style=\"font-weight: 400;\">Odk\u0105d Tajwan sta\u0142 si\u0119 miejscem, gdzie produkuje si\u0119 wi\u0119kszo\u015b\u0107 cz\u0119\u015bci rowerowych, to \u017cadna niespodzianka znale\u017a\u0107 setki nowych marek pochodz\u0105cych z tej wyspy, kt\u00f3re chc\u0105 zaznaczy\u0107 swoj\u0105 obecno\u015b\u0107 na targach Eurobike. X-Force Optics to nowy producent okular\u00f3w i gogli do kolarstwa g\u00f3rskiego. Obecnie poszukuje europejskich dealer\u00f3w. Kto\u015b zainteresowany?<\/span><\/p>\n<p><a href=\"http:\/\/www.xforce.com.tw\">xforce.com.tw<\/a><\/p>\n<h2><b>\u0141aduj rowery na baga\u017cnik samochodowy Uebler<\/b><\/h2>\n<p><a href=\"https:\/\/d2p6e6u75xmxt8.cloudfront.net\/2\/2017\/09\/21366666_1911732375817475_4565838175230964393_o.jpg\"><img loading=\"lazy\" decoding=\"async\" class=\"alignnone size-full wp-image-161075\" src=\"https:\/\/d2p6e6u75xmxt8.cloudfront.net\/2\/2017\/09\/21366666_1911732375817475_4565838175230964393_o.jpg\" alt=\"\" width=\"2048\" height=\"1365\" \/><\/a><\/p>\n<p><span style=\"font-weight: 400;\">Przewiezienie roweru w jednym kawa\u0142ku do miejsca, w kt\u00f3rym chcesz poje\u017adzi\u0107, zawsze jest problematyczne. Podr\u00f3\u017cuj\u0105c samochodem, mo\u017cesz u\u017cy\u0107 nowego baga\u017cnika samochodowego na rowery, oferowanego przez niemieck\u0105 firm\u0119 Uebler. Ergonomicznie dopracowany i optymalnie dopasowany do przewozu maksymalnie 3 rower\u00f3w, model F32 zosta\u0142 wyposa\u017cony w opatentowany mechanizm <em>quick-release<\/em> i da si\u0119 go zamocowa\u0107 w ci\u0105gu kilku sekund.<\/span><\/p>\n<p><a href=\"http:\/\/www.uebler.com\">uebler.com<\/a><\/p>\n<h2><b>Zatr\u0105b modnym d\u017awi\u0119kiem<\/b><\/h2>\n<p><img loading=\"lazy\" decoding=\"async\" class=\"alignnone size-full wp-image-161076\" src=\"https:\/\/d2p6e6u75xmxt8.cloudfront.net\/2\/2017\/09\/21427380_1911732419150804_5384503530990204881_o.jpg\" alt=\"\" width=\"2048\" height=\"1365\" \/><\/p>\n<p><span style=\"font-weight: 400;\">Firma Electra Bicycle z Kalifornii jest znana z konstruowania wspania\u0142ych rower\u00f3w typu cruiser. Poniewa\u017c prawdziwe pi\u0119kno tkwi w szczeg\u00f3\u0142ach, oferuj\u0105 r\u00f3wnie\u017c bogat\u0105 gam\u0119 akcesori\u00f3w rowerowych, takich jak klaksony, kosze, kaski, lusterka, uchwyty, siode\u0142ka, \u015bwiat\u0142a i wiele innych. Aby da\u0107 zna\u0107 pieszym, \u017ce jedziesz z ty\u0142u, u\u017cyj kt\u00f3rego\u015b z fiku\u015bnych dzwonk\u00f3w rowerowych.<\/span><\/p>\n<p><a href=\"http:\/\/www.electrabike.com\">electrabike.com<\/a><\/p>\n<h2><b>Podbijaj ulice miasta<\/b><\/h2>\n<p><a href=\"https:\/\/d2p6e6u75xmxt8.cloudfront.net\/2\/2017\/09\/21319080_1911732422484137_6853293716702545387_o.jpg\"><img loading=\"lazy\" decoding=\"async\" class=\"alignnone size-full wp-image-161077\" src=\"https:\/\/d2p6e6u75xmxt8.cloudfront.net\/2\/2017\/09\/21319080_1911732422484137_6853293716702545387_o.jpg\" alt=\"\" width=\"2048\" height=\"1365\" \/><\/a><\/p>\n<p><span style=\"font-weight: 400;\">Na swojej wyprawie w poszukiwaniu idealnego roweru miejskiego mo\u017cesz zauwa\u017cy\u0107 rowery firmy i:SY z niemieckiego miasta H\u00fcllhorst. Pojazdy te maj\u0105 wszystko, czego potrzeba do codziennej jazdy po mie\u015bcie \u2013 elektryczny nap\u0119d, stabilne ramy z nisko po\u0142o\u017conym \u015brodkie m ci\u0119\u017cko\u015bci, przestronny baga\u017cnik i charakterystyczny regulowany uk\u0142ad, kt\u00f3ry umo\u017cliwia dopasowanie roweru do u\u017cytkownik\u00f3w o wzro\u015bcie od 150 do 190 cm za pomoc\u0105 tylko dw\u00f3ch prostych pstrykni\u0119\u0107.<\/span><\/p>\n<p><a href=\"https:\/\/isy.de\">isy.de<\/a><\/p>\n<h2><b>Wyrusz na przygod\u0119 z Acepac<\/b><\/h2>\n<p><a href=\"https:\/\/d2p6e6u75xmxt8.cloudfront.net\/2\/2017\/09\/21318902_1911732432484136_7692128126089857044_o.jpg\"><img loading=\"lazy\" decoding=\"async\" class=\"alignnone size-full wp-image-161078\" src=\"https:\/\/d2p6e6u75xmxt8.cloudfront.net\/2\/2017\/09\/21318902_1911732432484136_7692128126089857044_o.jpg\" alt=\"\" width=\"2048\" height=\"1365\" \/><\/a><\/p>\n<p><span style=\"font-weight: 400;\">Je\u015bli jeste\u015b fanem jazdy na rowerze, prawdopodobnie zauwa\u017cy\u0142e\u015b ogromn\u0105 popularno\u015b\u0107 tzw. bikepackingu w ostatnich miesi\u0105cach. Firma Acepac z Czech to siostrzana sp\u00f3\u0142ka firmy Pinguin <\/span><span style=\"font-weight: 400;\">z tradycj\u0105 produkcji wysokiej jako\u015bci sprz\u0119tu outdoorowego, trwaj\u0105c\u0105 od 1989 r. Oferuj\u0105 \u015bwietne produkty do pakowania roweru za rozs\u0105dne ceny. Firma ta po\u0142\u0105czy\u0142a si\u0142y z niemieckim producentem rowerowym Ghost, wi\u0119c mo\u017cesz si\u0119 spodziewa\u0107, \u017ce jeszcze us\u0142yszysz o nich w najbli\u017cszej przysz\u0142o\u015bci.<\/span><\/p>\n<p><a href=\"http:\/\/www.acepac.bike\">acepac.bike<\/a><\/p>\n<h2><strong>Wirtualna przeja\u017cd\u017cka dzi\u0119ki domowemu trena\u017cerowi Tacx\u00a0<\/strong><\/h2>\n<p><a href=\"https:\/\/d2p6e6u75xmxt8.cloudfront.net\/2\/2017\/09\/21273431_1911732495817463_7699381743680563120_o.jpg\"><img loading=\"lazy\" decoding=\"async\" class=\"alignnone size-full wp-image-161079\" src=\"https:\/\/d2p6e6u75xmxt8.cloudfront.net\/2\/2017\/09\/21273431_1911732495817463_7699381743680563120_o.jpg\" alt=\"\" width=\"2048\" height=\"1365\" \/><\/a><\/p>\n<p><span style=\"font-weight: 400;\">Gdy przychodzi zima i pyta Ci\u0119, ile kilometr\u00f3w zrobi\u0142e\u015b w ci\u0105gu sezonu, zawsze mo\u017cesz odpowiedzie\u0107: zobaczymy pod koniec roku, co poka\u017ce m\u00f3j licznik na moim trena\u017cerze rowerowym. Trena\u017cer Tacx, u\u017cywany przez profesjonalne dru\u017cyny kolarskie, takie jak Cannondale-Drapac, Bora, Katusha Alpecin i inne, nale\u017cy do jednych z najlepszych na rynku. Wszystkie trena\u017cery Tacx Smart oferuj\u0105 t\u0119 sam\u0105 aplikacj\u0119 i funkcje oprogramowania. Klienci mog\u0105 wybra\u0107 wirtualn\u0105 przeja\u017cd\u017ck\u0119 spo\u015br\u00f3d 100 podr\u00f3\u017cy po ca\u0142ym \u015bwiecie dost\u0119pnych w bibliotece i poprawi\u0107 swoje wyniki, korzystaj\u0105c z zaawansowanych narz\u0119dzi treningowych. Trena\u017cer Tacx NEO Smart mo\u017cna zsynchronizowa\u0107 z r\u00f3\u017cnymi domowymi systemami cyfrowymi, m.in. Zwift, The Sufferfest, TrainerRoad, Bkool.<\/span><\/p>\n<p><a href=\"https:\/\/tacx.com\">tacx.com<\/a><\/p>\n<h2><b>Drewniane chwyty do kierownicy<\/b><\/h2>\n<p><a href=\"https:\/\/d2p6e6u75xmxt8.cloudfront.net\/2\/2017\/09\/21415061_1911732509150795_7660054866761074387_o.jpg\"><img loading=\"lazy\" decoding=\"async\" class=\"alignnone size-full wp-image-161080\" src=\"https:\/\/d2p6e6u75xmxt8.cloudfront.net\/2\/2017\/09\/21415061_1911732509150795_7660054866761074387_o.jpg\" alt=\"\" width=\"2048\" height=\"1365\" \/><\/a><\/p>\n<p><span style=\"font-weight: 400;\">Chwyty do kierownicy od monachijskiej firmy Velospring \u0142\u0105cz\u0105 w sobie naturaln\u0105 estetyk\u0119 z innowacyjnym designem technologicznym. Powierzchnia z drewna orzecha w\u0142oskiego skrywa wewn\u0119trzny system amortyzacyjny, kt\u00f3ry minimalizuje si\u0142\u0119 uderzenia przy ruchu r\u0105k i nadgarstk\u00f3w.<\/span><\/p>\n<p><a href=\"http:\/\/www.velospring-fahrradgriffe.de\">velospring-fahrradgriffe.de<\/a><\/p>\n<h2><strong>To jest e-chopper, bejbe<\/strong><\/h2>\n<p><a href=\"https:\/\/d2p6e6u75xmxt8.cloudfront.net\/5\/2017\/10\/21316118_1911732335817479_5085602437270794398_o.jpg\"><img loading=\"lazy\" decoding=\"async\" class=\"alignnone size-extra-large wp-image-5525\" src=\"https:\/\/d2p6e6u75xmxt8.cloudfront.net\/5\/2017\/10\/21316118_1911732335817479_5085602437270794398_o-1920x1280.jpg\" alt=\"\" width=\"1920\" height=\"1280\" srcset=\"https:\/\/d2p6e6u75xmxt8.cloudfront.net\/5\/2017\/10\/21316118_1911732335817479_5085602437270794398_o-1920x1280.jpg 1920w, https:\/\/d2p6e6u75xmxt8.cloudfront.net\/5\/2017\/10\/21316118_1911732335817479_5085602437270794398_o-300x200.jpg 300w, https:\/\/d2p6e6u75xmxt8.cloudfront.net\/5\/2017\/10\/21316118_1911732335817479_5085602437270794398_o-768x512.jpg 768w, https:\/\/d2p6e6u75xmxt8.cloudfront.net\/5\/2017\/10\/21316118_1911732335817479_5085602437270794398_o-1024x683.jpg 1024w, https:\/\/d2p6e6u75xmxt8.cloudfront.net\/5\/2017\/10\/21316118_1911732335817479_5085602437270794398_o-272x182.jpg 272w, https:\/\/d2p6e6u75xmxt8.cloudfront.net\/5\/2017\/10\/21316118_1911732335817479_5085602437270794398_o.jpg 2048w, https:\/\/d2p6e6u75xmxt8.cloudfront.net\/5\/2017\/10\/21316118_1911732335817479_5085602437270794398_o-1920x1280.jpg 1920w\" sizes=\"auto, (max-width: 1920px) 100vw, 1920px\" \/><\/a><\/p>\n<p><span style=\"font-weight: 400;\">Od zawsze najwi\u0119ksz\u0105 wad\u0105 wszystkich pi\u0119knych rower\u00f3w typu cruiser by\u0142a ich ogromna waga. Wyposa\u017cony w moc najsilniejszego nap\u0119du elektrycznego Boscha dost\u0119pnego na rynku, ten stylowy pojazd bezemisyjny mo\u017ce pokona\u0107 bez trudu nawet najbardziej strome stoki.<\/span><\/p>\n<p><a href=\"http:\/\/www.ruff-cycles.com\">ruff-cycles.com<\/a><\/p>\n","protected":false},"excerpt":{"rendered":"<p>Na najwi\u0119kszych targach rowerowych na \u015bwiecie co roku zaprezentowane zostaj\u0105 setki nowych produkt\u00f3w. Oto lista gad\u017cet\u00f3w i rower\u00f3w, kt\u00f3re nas [&hellip;]<\/p>\n","protected":false},"author":76,"featured_media":5523,"comment_status":"open","ping_status":"open","sticky":false,"template":"","format":"standard","meta":{"footnotes":""},"categories":[1],"tags":[86,208],"global-categories":[],"class_list":["post-5504","post","type-post","status-publish","format-standard","has-post-thumbnail","hentry","category-uncategorized","tag-ciekawostki","tag-gadzety"],"yoast_head":"<!-- This site is optimized with the Yoast SEO Premium plugin v25.3 (Yoast SEO v25.9) - https:\/\/yoast.com\/wordpress\/plugins\/seo\/ -->\n<title>Druga runda najlepszych okazji z Eurobike 2017 - \u0160koda We Love Cycling - Poland<\/title>\n<meta name=\"robots\" content=\"index, follow, max-snippet:-1, max-image-preview:large, max-video-preview:-1\" \/>\n<link rel=\"canonical\" href=\"https:\/\/www.welovecycling.com\/pl\/2017\/10\/02\/druga-runda-najlepszych-okazji-eurobike-2017\/\" \/>\n<meta property=\"og:locale\" content=\"pl_PL\" \/>\n<meta property=\"og:type\" content=\"article\" \/>\n<meta property=\"og:title\" content=\"Druga runda najlepszych okazji z Eurobike 2017\" \/>\n<meta property=\"og:description\" content=\"Na najwi\u0119kszych targach rowerowych na \u015bwiecie co roku zaprezentowane zostaj\u0105 setki nowych produkt\u00f3w. Oto lista gad\u017cet\u00f3w i rower\u00f3w, kt\u00f3re nas [&hellip;]\" \/>\n<meta property=\"og:url\" content=\"https:\/\/www.welovecycling.com\/pl\/2017\/10\/02\/druga-runda-najlepszych-okazji-eurobike-2017\/\" \/>\n<meta property=\"og:site_name\" content=\"\u0160koda We Love Cycling - Poland\" \/>\n<meta property=\"article:published_time\" content=\"2017-10-02T21:06:09+00:00\" \/>\n<meta property=\"article:modified_time\" content=\"2017-10-07T08:33:37+00:00\" \/>\n<meta property=\"og:image\" content=\"https:\/\/d2p6e6u75xmxt8.cloudfront.net\/5\/2017\/10\/helmetseurobike.jpg\" \/>\n\t<meta property=\"og:image:width\" content=\"1375\" \/>\n\t<meta property=\"og:image:height\" content=\"600\" \/>\n\t<meta property=\"og:image:type\" content=\"image\/jpeg\" \/>\n<meta name=\"author\" content=\"piotrboczkowski\" \/>\n<meta name=\"twitter:card\" content=\"summary_large_image\" \/>\n<meta name=\"twitter:label1\" content=\"Written by\" \/>\n\t<meta name=\"twitter:data1\" content=\"Adam Marsal\" \/>\n\t<meta name=\"twitter:label2\" content=\"Est. reading time\" \/>\n\t<meta name=\"twitter:data2\" content=\"4 minutes\" \/>\n<script type=\"application\/ld+json\" class=\"yoast-schema-graph\">{\"@context\":\"https:\/\/schema.org\",\"@graph\":[{\"@type\":\"WebPage\",\"@id\":\"https:\/\/www.welovecycling.com\/pl\/2017\/10\/02\/druga-runda-najlepszych-okazji-eurobike-2017\/\",\"url\":\"https:\/\/www.welovecycling.com\/pl\/2017\/10\/02\/druga-runda-najlepszych-okazji-eurobike-2017\/\",\"name\":\"Druga runda najlepszych okazji z Eurobike 2017 - \u0160koda We Love Cycling - Poland\",\"isPartOf\":{\"@id\":\"https:\/\/www.welovecycling.com\/pl\/#website\"},\"primaryImageOfPage\":{\"@id\":\"https:\/\/www.welovecycling.com\/pl\/2017\/10\/02\/druga-runda-najlepszych-okazji-eurobike-2017\/#primaryimage\"},\"image\":{\"@id\":\"https:\/\/www.welovecycling.com\/pl\/2017\/10\/02\/druga-runda-najlepszych-okazji-eurobike-2017\/#primaryimage\"},\"thumbnailUrl\":\"https:\/\/d2p6e6u75xmxt8.cloudfront.net\/5\/2017\/10\/helmetseurobike.jpg\",\"datePublished\":\"2017-10-02T21:06:09+00:00\",\"dateModified\":\"2017-10-07T08:33:37+00:00\",\"author\":{\"@id\":\"https:\/\/www.welovecycling.com\/pl\/#\/schema\/person\/0dba2d39da943db9df3fd8f4687e7f23\"},\"breadcrumb\":{\"@id\":\"https:\/\/www.welovecycling.com\/pl\/2017\/10\/02\/druga-runda-najlepszych-okazji-eurobike-2017\/#breadcrumb\"},\"inLanguage\":\"pl-PL\",\"potentialAction\":[{\"@type\":\"ReadAction\",\"target\":[\"https:\/\/www.welovecycling.com\/pl\/2017\/10\/02\/druga-runda-najlepszych-okazji-eurobike-2017\/\"]}]},{\"@type\":\"ImageObject\",\"inLanguage\":\"pl-PL\",\"@id\":\"https:\/\/www.welovecycling.com\/pl\/2017\/10\/02\/druga-runda-najlepszych-okazji-eurobike-2017\/#primaryimage\",\"url\":\"https:\/\/d2p6e6u75xmxt8.cloudfront.net\/5\/2017\/10\/helmetseurobike.jpg\",\"contentUrl\":\"https:\/\/d2p6e6u75xmxt8.cloudfront.net\/5\/2017\/10\/helmetseurobike.jpg\",\"width\":1375,\"height\":600},{\"@type\":\"BreadcrumbList\",\"@id\":\"https:\/\/www.welovecycling.com\/pl\/2017\/10\/02\/druga-runda-najlepszych-okazji-eurobike-2017\/#breadcrumb\",\"itemListElement\":[{\"@type\":\"ListItem\",\"position\":1,\"name\":\"Home\",\"item\":\"https:\/\/www.welovecycling.com\/pl\/\"},{\"@type\":\"ListItem\",\"position\":2,\"name\":\"Druga runda najlepszych okazji z Eurobike 2017\"}]},{\"@type\":\"WebSite\",\"@id\":\"https:\/\/www.welovecycling.com\/pl\/#website\",\"url\":\"https:\/\/www.welovecycling.com\/pl\/\",\"name\":\"\u0160koda We Love Cycling - Poland\",\"description\":\"\",\"potentialAction\":[{\"@type\":\"SearchAction\",\"target\":{\"@type\":\"EntryPoint\",\"urlTemplate\":\"https:\/\/www.welovecycling.com\/pl\/?s={search_term_string}\"},\"query-input\":{\"@type\":\"PropertyValueSpecification\",\"valueRequired\":true,\"valueName\":\"search_term_string\"}}],\"inLanguage\":\"pl-PL\"},{\"@type\":\"Person\",\"@id\":\"https:\/\/www.welovecycling.com\/pl\/#\/schema\/person\/0dba2d39da943db9df3fd8f4687e7f23\",\"name\":\"piotrboczkowski\",\"image\":{\"@type\":\"ImageObject\",\"inLanguage\":\"pl-PL\",\"@id\":\"https:\/\/www.welovecycling.com\/pl\/#\/schema\/person\/image\/\",\"url\":\"https:\/\/secure.gravatar.com\/avatar\/533caccae14752e03a2ce2d3fd62d1b98b93e1393c3195c27819e53344ca1ace?s=96&d=mm&r=g\",\"contentUrl\":\"https:\/\/secure.gravatar.com\/avatar\/533caccae14752e03a2ce2d3fd62d1b98b93e1393c3195c27819e53344ca1ace?s=96&d=mm&r=g\",\"caption\":\"piotrboczkowski\"},\"url\":\"https:\/\/www.welovecycling.com\/pl\/author\/piotrboczkowski\/\"}]}<\/script>\n<!-- \/ Yoast SEO Premium plugin. -->","yoast_head_json":{"title":"Druga runda najlepszych okazji z Eurobike 2017 - \u0160koda We Love Cycling - Poland","robots":{"index":"index","follow":"follow","max-snippet":"max-snippet:-1","max-image-preview":"max-image-preview:large","max-video-preview":"max-video-preview:-1"},"canonical":"https:\/\/www.welovecycling.com\/pl\/2017\/10\/02\/druga-runda-najlepszych-okazji-eurobike-2017\/","og_locale":"pl_PL","og_type":"article","og_title":"Druga runda najlepszych okazji z Eurobike 2017","og_description":"Na najwi\u0119kszych targach rowerowych na \u015bwiecie co roku zaprezentowane zostaj\u0105 setki nowych produkt\u00f3w. Oto lista gad\u017cet\u00f3w i rower\u00f3w, kt\u00f3re nas [&hellip;]","og_url":"https:\/\/www.welovecycling.com\/pl\/2017\/10\/02\/druga-runda-najlepszych-okazji-eurobike-2017\/","og_site_name":"\u0160koda We Love Cycling - Poland","article_published_time":"2017-10-02T21:06:09+00:00","article_modified_time":"2017-10-07T08:33:37+00:00","og_image":[{"width":1375,"height":600,"url":"https:\/\/d2p6e6u75xmxt8.cloudfront.net\/5\/2017\/10\/helmetseurobike.jpg","type":"image\/jpeg"}],"author":"piotrboczkowski","twitter_card":"summary_large_image","twitter_misc":{"Written by":"Adam Marsal","Est. reading time":"4 minutes"},"schema":{"@context":"https:\/\/schema.org","@graph":[{"@type":"WebPage","@id":"https:\/\/www.welovecycling.com\/pl\/2017\/10\/02\/druga-runda-najlepszych-okazji-eurobike-2017\/","url":"https:\/\/www.welovecycling.com\/pl\/2017\/10\/02\/druga-runda-najlepszych-okazji-eurobike-2017\/","name":"Druga runda najlepszych okazji z Eurobike 2017 - \u0160koda We Love Cycling - Poland","isPartOf":{"@id":"https:\/\/www.welovecycling.com\/pl\/#website"},"primaryImageOfPage":{"@id":"https:\/\/www.welovecycling.com\/pl\/2017\/10\/02\/druga-runda-najlepszych-okazji-eurobike-2017\/#primaryimage"},"image":{"@id":"https:\/\/www.welovecycling.com\/pl\/2017\/10\/02\/druga-runda-najlepszych-okazji-eurobike-2017\/#primaryimage"},"thumbnailUrl":"https:\/\/d2p6e6u75xmxt8.cloudfront.net\/5\/2017\/10\/helmetseurobike.jpg","datePublished":"2017-10-02T21:06:09+00:00","dateModified":"2017-10-07T08:33:37+00:00","author":{"@id":"https:\/\/www.welovecycling.com\/pl\/#\/schema\/person\/0dba2d39da943db9df3fd8f4687e7f23"},"breadcrumb":{"@id":"https:\/\/www.welovecycling.com\/pl\/2017\/10\/02\/druga-runda-najlepszych-okazji-eurobike-2017\/#breadcrumb"},"inLanguage":"pl-PL","potentialAction":[{"@type":"ReadAction","target":["https:\/\/www.welovecycling.com\/pl\/2017\/10\/02\/druga-runda-najlepszych-okazji-eurobike-2017\/"]}]},{"@type":"ImageObject","inLanguage":"pl-PL","@id":"https:\/\/www.welovecycling.com\/pl\/2017\/10\/02\/druga-runda-najlepszych-okazji-eurobike-2017\/#primaryimage","url":"https:\/\/d2p6e6u75xmxt8.cloudfront.net\/5\/2017\/10\/helmetseurobike.jpg","contentUrl":"https:\/\/d2p6e6u75xmxt8.cloudfront.net\/5\/2017\/10\/helmetseurobike.jpg","width":1375,"height":600},{"@type":"BreadcrumbList","@id":"https:\/\/www.welovecycling.com\/pl\/2017\/10\/02\/druga-runda-najlepszych-okazji-eurobike-2017\/#breadcrumb","itemListElement":[{"@type":"ListItem","position":1,"name":"Home","item":"https:\/\/www.welovecycling.com\/pl\/"},{"@type":"ListItem","position":2,"name":"Druga runda najlepszych okazji z Eurobike 2017"}]},{"@type":"WebSite","@id":"https:\/\/www.welovecycling.com\/pl\/#website","url":"https:\/\/www.welovecycling.com\/pl\/","name":"\u0160koda We Love Cycling - Poland","description":"","potentialAction":[{"@type":"SearchAction","target":{"@type":"EntryPoint","urlTemplate":"https:\/\/www.welovecycling.com\/pl\/?s={search_term_string}"},"query-input":{"@type":"PropertyValueSpecification","valueRequired":true,"valueName":"search_term_string"}}],"inLanguage":"pl-PL"},{"@type":"Person","@id":"https:\/\/www.welovecycling.com\/pl\/#\/schema\/person\/0dba2d39da943db9df3fd8f4687e7f23","name":"piotrboczkowski","image":{"@type":"ImageObject","inLanguage":"pl-PL","@id":"https:\/\/www.welovecycling.com\/pl\/#\/schema\/person\/image\/","url":"https:\/\/secure.gravatar.com\/avatar\/533caccae14752e03a2ce2d3fd62d1b98b93e1393c3195c27819e53344ca1ace?s=96&d=mm&r=g","contentUrl":"https:\/\/secure.gravatar.com\/avatar\/533caccae14752e03a2ce2d3fd62d1b98b93e1393c3195c27819e53344ca1ace?s=96&d=mm&r=g","caption":"piotrboczkowski"},"url":"https:\/\/www.welovecycling.com\/pl\/author\/piotrboczkowski\/"}]}},"_links":{"self":[{"href":"https:\/\/www.welovecycling.com\/pl\/wp-json\/wp\/v2\/posts\/5504","targetHints":{"allow":["GET"]}}],"collection":[{"href":"https:\/\/www.welovecycling.com\/pl\/wp-json\/wp\/v2\/posts"}],"about":[{"href":"https:\/\/www.welovecycling.com\/pl\/wp-json\/wp\/v2\/types\/post"}],"author":[{"embeddable":true,"href":"https:\/\/www.welovecycling.com\/pl\/wp-json\/wp\/v2\/users\/76"}],"replies":[{"embeddable":true,"href":"https:\/\/www.welovecycling.com\/pl\/wp-json\/wp\/v2\/comments?post=5504"}],"version-history":[{"count":2,"href":"https:\/\/www.welovecycling.com\/pl\/wp-json\/wp\/v2\/posts\/5504\/revisions"}],"predecessor-version":[{"id":5633,"href":"https:\/\/www.welovecycling.com\/pl\/wp-json\/wp\/v2\/posts\/5504\/revisions\/5633"}],"wp:featuredmedia":[{"embeddable":true,"href":"https:\/\/www.welovecycling.com\/pl\/wp-json\/wp\/v2\/media\/5523"}],"wp:attachment":[{"href":"https:\/\/www.welovecycling.com\/pl\/wp-json\/wp\/v2\/media?parent=5504"}],"wp:term":[{"taxonomy":"category","embeddable":true,"href":"https:\/\/www.welovecycling.com\/pl\/wp-json\/wp\/v2\/categories?post=5504"},{"taxonomy":"post_tag","embeddable":true,"href":"https:\/\/www.welovecycling.com\/pl\/wp-json\/wp\/v2\/tags?post=5504"},{"taxonomy":"global-categories","embeddable":true,"href":"https:\/\/www.welovecycling.com\/pl\/wp-json\/wp\/v2\/global-categories?post=5504"}],"curies":[{"name":"wp","href":"https:\/\/api.w.org\/{rel}","templated":true}]}}