{"id":55,"date":"2014-08-27T09:49:00","date_gmt":"2014-08-27T09:49:00","guid":{"rendered":"http:\/\/serwer1629254.home.pl\/index.php\/2014\/08\/27\/rower-kiedys-i-dzis-video\/"},"modified":"2016-12-05T10:07:49","modified_gmt":"2016-12-05T10:07:49","slug":"rower-kiedys-i-dzis-video","status":"publish","type":"post","link":"https:\/\/www.welovecycling.com\/pl\/2014\/08\/27\/rower-kiedys-i-dzis-video\/","title":{"rendered":"Rower kiedy\u015b i dzi\u015b (VIDEO)"},"content":{"rendered":"<p>Min\u0119\u0142o 14 lat od pierwszego wy\u015bcigu Micha\u0142a Kwiatkowskiego. W mi\u0119dzyczasie rozwin\u0119\u0142a si\u0119 technologia, ale czy z perspektywy kolarza zasz\u0142y r\u00f3wnie istotne zmiany?<!--more--><\/p>\n<p><em>To naturalne, \u017ce z roku na rok wsiada si\u0119 na lepszy rower<\/em>, m\u00f3wi Mistrz Polski.<\/p>\n<p>Chocia\u017c forma roweru pozostaje ta sama, ale udoskonalanie rozwi\u0105za\u0144 w zakresie u\u017cywanych komponent\u00f3w, to prawdziwy wy\u015bcig z czasem. Na przestrzeni lat zwi\u0119kszy\u0142 si\u0119 nacisk k\u0142adziony na w\u0142a\u015bciwo\u015bci jezdne, o kt\u00f3rych kiedy\u015b nikt w kontek\u015bcie kolarstwa nie s\u0142ysza\u0142. Dzi\u0119ki ich definiowaniu wiemy, m.in., czy rower dobrze si\u0119 prowadzi i jak\u0105 ma styczno\u015b\u0107 z nawierzchni\u0105, jak zachowuje si\u0119 na zakr\u0119tach, jak\u0105 ma aerodynamik\u0119, jakie opony do niego dobra\u0107 i z jakim ci\u015bnieniem je napompowa\u0107.<\/p>\n<p>Obecnie w niekt\u00f3rych, bardzo nowoczesnych rowerach technologi\u0119 czerpie si\u0119 z Formu\u0142y 1, a nawet z lotnictwa. Opr\u00f3cz tego profesjonalne rowery wy\u015bcigowe posiadaj\u0105 zaplecze technologiczne zdolne do bardzo szczeg\u00f3\u0142owego pomiaru parametr\u00f3w jazdy i pozycji kolarza, co podczas trening\u00f3w\u00a0 u\u0142atwia dopracowanie najmniejszych szczeg\u00f3\u0142\u00f3w, kt\u00f3re mog\u0105 mie\u0107 wielkie znaczenie. Jeszcze kilkadziesi\u0105t lat temu by\u0142oby nie do pomy\u015blenia, \u017ce nap\u0119dzany si\u0142\u0105 mi\u0119\u015bni pojazd mo\u017ce mie\u015bci\u0107 w sobie tyle elektroniki.<\/p>\n<p>Cz\u0142onkowie Akademii Kolarskiej Micha\u0142a Kwiatkowskiego zgodnie twierdz\u0105, \u017ce rower urzeka prostot\u0105 swojej konstrukcji niezale\u017cnie od zmieniaj\u0105cych si\u0119 trend\u00f3w, kt\u00f3re przychodz\u0105 i odchodz\u0105.<\/p>\n<p>Jeste\u015b ciekaw co zmieni\u0142o si\u0119 w rowerach na przestrzeni lat? Obejrzyj filmik przygotowany przez\u00a0\u0160koda Nap\u0119dza Rowery:<\/p>\n","protected":false},"excerpt":{"rendered":"<p>Min\u0119\u0142o 14 lat od pierwszego wy\u015bcigu Micha\u0142a Kwiatkowskiego. W mi\u0119dzyczasie rozwin\u0119\u0142a si\u0119 technologia, ale czy z perspektywy kolarza zasz\u0142y r\u00f3wnie [&hellip;]<\/p>\n","protected":false},"author":1,"featured_media":591,"comment_status":"open","ping_status":"open","sticky":false,"template":"","format":"standard","meta":{"footnotes":""},"categories":[1],"tags":[],"global-categories":[],"class_list":["post-55","post","type-post","status-publish","format-standard","has-post-thumbnail","hentry","category-uncategorized"],"yoast_head":"<!-- This site is optimized with the Yoast SEO Premium plugin v25.3 (Yoast SEO v25.9) - https:\/\/yoast.com\/wordpress\/plugins\/seo\/ -->\n<title>Rower kiedy\u015b i dzi\u015b (VIDEO) - \u0160koda We Love Cycling - Poland<\/title>\n<meta name=\"robots\" content=\"index, follow, max-snippet:-1, max-image-preview:large, max-video-preview:-1\" \/>\n<link rel=\"canonical\" href=\"https:\/\/www.welovecycling.com\/pl\/2014\/08\/27\/rower-kiedys-i-dzis-video\/\" \/>\n<meta property=\"og:locale\" content=\"pl_PL\" \/>\n<meta property=\"og:type\" content=\"article\" \/>\n<meta property=\"og:title\" content=\"Rower kiedy\u015b i dzi\u015b (VIDEO)\" \/>\n<meta property=\"og:description\" content=\"Min\u0119\u0142o 14 lat od pierwszego wy\u015bcigu Micha\u0142a Kwiatkowskiego. W mi\u0119dzyczasie rozwin\u0119\u0142a si\u0119 technologia, ale czy z perspektywy kolarza zasz\u0142y r\u00f3wnie [&hellip;]\" \/>\n<meta property=\"og:url\" content=\"https:\/\/www.welovecycling.com\/pl\/2014\/08\/27\/rower-kiedys-i-dzis-video\/\" \/>\n<meta property=\"og:site_name\" content=\"\u0160koda We Love Cycling - Poland\" \/>\n<meta property=\"article:published_time\" content=\"2014-08-27T09:49:00+00:00\" \/>\n<meta property=\"article:modified_time\" content=\"2016-12-05T10:07:49+00:00\" \/>\n<meta property=\"og:image\" content=\"https:\/\/d2p6e6u75xmxt8.cloudfront.net\/5\/2014\/08\/59.jpg\" \/>\n\t<meta property=\"og:image:width\" content=\"500\" \/>\n\t<meta property=\"og:image:height\" content=\"281\" \/>\n\t<meta property=\"og:image:type\" content=\"image\/jpeg\" \/>\n<meta name=\"author\" content=\"WeLoveCycling\" \/>\n<meta name=\"twitter:card\" content=\"summary_large_image\" \/>\n<meta name=\"twitter:label1\" content=\"Written by\" \/>\n\t<meta name=\"twitter:data1\" content=\"WeLoveCycling\" \/>\n\t<meta name=\"twitter:label2\" content=\"Est. reading time\" \/>\n\t<meta name=\"twitter:data2\" content=\"1 minute\" \/>\n<script type=\"application\/ld+json\" class=\"yoast-schema-graph\">{\"@context\":\"https:\/\/schema.org\",\"@graph\":[{\"@type\":\"WebPage\",\"@id\":\"https:\/\/www.welovecycling.com\/pl\/2014\/08\/27\/rower-kiedys-i-dzis-video\/\",\"url\":\"https:\/\/www.welovecycling.com\/pl\/2014\/08\/27\/rower-kiedys-i-dzis-video\/\",\"name\":\"Rower kiedy\u015b i dzi\u015b (VIDEO) - \u0160koda We Love Cycling - Poland\",\"isPartOf\":{\"@id\":\"https:\/\/www.welovecycling.com\/pl\/#website\"},\"primaryImageOfPage\":{\"@id\":\"https:\/\/www.welovecycling.com\/pl\/2014\/08\/27\/rower-kiedys-i-dzis-video\/#primaryimage\"},\"image\":{\"@id\":\"https:\/\/www.welovecycling.com\/pl\/2014\/08\/27\/rower-kiedys-i-dzis-video\/#primaryimage\"},\"thumbnailUrl\":\"https:\/\/d2p6e6u75xmxt8.cloudfront.net\/5\/2014\/08\/59.jpg\",\"datePublished\":\"2014-08-27T09:49:00+00:00\",\"dateModified\":\"2016-12-05T10:07:49+00:00\",\"author\":{\"@id\":\"https:\/\/www.welovecycling.com\/pl\/#\/schema\/person\/e5187c9cac8dd619ebc7b41bd73c2fd9\"},\"breadcrumb\":{\"@id\":\"https:\/\/www.welovecycling.com\/pl\/2014\/08\/27\/rower-kiedys-i-dzis-video\/#breadcrumb\"},\"inLanguage\":\"pl-PL\",\"potentialAction\":[{\"@type\":\"ReadAction\",\"target\":[\"https:\/\/www.welovecycling.com\/pl\/2014\/08\/27\/rower-kiedys-i-dzis-video\/\"]}]},{\"@type\":\"ImageObject\",\"inLanguage\":\"pl-PL\",\"@id\":\"https:\/\/www.welovecycling.com\/pl\/2014\/08\/27\/rower-kiedys-i-dzis-video\/#primaryimage\",\"url\":\"https:\/\/d2p6e6u75xmxt8.cloudfront.net\/5\/2014\/08\/59.jpg\",\"contentUrl\":\"https:\/\/d2p6e6u75xmxt8.cloudfront.net\/5\/2014\/08\/59.jpg\",\"width\":500,\"height\":281},{\"@type\":\"BreadcrumbList\",\"@id\":\"https:\/\/www.welovecycling.com\/pl\/2014\/08\/27\/rower-kiedys-i-dzis-video\/#breadcrumb\",\"itemListElement\":[{\"@type\":\"ListItem\",\"position\":1,\"name\":\"Home\",\"item\":\"https:\/\/www.welovecycling.com\/pl\/\"},{\"@type\":\"ListItem\",\"position\":2,\"name\":\"Rower kiedy\u015b i dzi\u015b (VIDEO)\"}]},{\"@type\":\"WebSite\",\"@id\":\"https:\/\/www.welovecycling.com\/pl\/#website\",\"url\":\"https:\/\/www.welovecycling.com\/pl\/\",\"name\":\"\u0160koda We Love Cycling - Poland\",\"description\":\"\",\"potentialAction\":[{\"@type\":\"SearchAction\",\"target\":{\"@type\":\"EntryPoint\",\"urlTemplate\":\"https:\/\/www.welovecycling.com\/pl\/?s={search_term_string}\"},\"query-input\":{\"@type\":\"PropertyValueSpecification\",\"valueRequired\":true,\"valueName\":\"search_term_string\"}}],\"inLanguage\":\"pl-PL\"},{\"@type\":\"Person\",\"@id\":\"https:\/\/www.welovecycling.com\/pl\/#\/schema\/person\/e5187c9cac8dd619ebc7b41bd73c2fd9\",\"name\":\"WeLoveCycling\",\"image\":{\"@type\":\"ImageObject\",\"inLanguage\":\"pl-PL\",\"@id\":\"https:\/\/www.welovecycling.com\/pl\/#\/schema\/person\/image\/\",\"url\":\"https:\/\/secure.gravatar.com\/avatar\/7e1ee0ecc5e294b19ef32b9f6086e0afbb9da00c3cb0d465ba4695331f4a9187?s=96&d=mm&r=g\",\"contentUrl\":\"https:\/\/secure.gravatar.com\/avatar\/7e1ee0ecc5e294b19ef32b9f6086e0afbb9da00c3cb0d465ba4695331f4a9187?s=96&d=mm&r=g\",\"caption\":\"WeLoveCycling\"},\"url\":\"https:\/\/www.welovecycling.com\/pl\/author\/lukascech\/\"}]}<\/script>\n<!-- \/ Yoast SEO Premium plugin. -->","yoast_head_json":{"title":"Rower kiedy\u015b i dzi\u015b (VIDEO) - \u0160koda We Love Cycling - Poland","robots":{"index":"index","follow":"follow","max-snippet":"max-snippet:-1","max-image-preview":"max-image-preview:large","max-video-preview":"max-video-preview:-1"},"canonical":"https:\/\/www.welovecycling.com\/pl\/2014\/08\/27\/rower-kiedys-i-dzis-video\/","og_locale":"pl_PL","og_type":"article","og_title":"Rower kiedy\u015b i dzi\u015b (VIDEO)","og_description":"Min\u0119\u0142o 14 lat od pierwszego wy\u015bcigu Micha\u0142a Kwiatkowskiego. W mi\u0119dzyczasie rozwin\u0119\u0142a si\u0119 technologia, ale czy z perspektywy kolarza zasz\u0142y r\u00f3wnie [&hellip;]","og_url":"https:\/\/www.welovecycling.com\/pl\/2014\/08\/27\/rower-kiedys-i-dzis-video\/","og_site_name":"\u0160koda We Love Cycling - Poland","article_published_time":"2014-08-27T09:49:00+00:00","article_modified_time":"2016-12-05T10:07:49+00:00","og_image":[{"width":500,"height":281,"url":"https:\/\/d2p6e6u75xmxt8.cloudfront.net\/5\/2014\/08\/59.jpg","type":"image\/jpeg"}],"author":"WeLoveCycling","twitter_card":"summary_large_image","twitter_misc":{"Written by":"WeLoveCycling","Est. reading time":"1 minute"},"schema":{"@context":"https:\/\/schema.org","@graph":[{"@type":"WebPage","@id":"https:\/\/www.welovecycling.com\/pl\/2014\/08\/27\/rower-kiedys-i-dzis-video\/","url":"https:\/\/www.welovecycling.com\/pl\/2014\/08\/27\/rower-kiedys-i-dzis-video\/","name":"Rower kiedy\u015b i dzi\u015b (VIDEO) - \u0160koda We Love Cycling - Poland","isPartOf":{"@id":"https:\/\/www.welovecycling.com\/pl\/#website"},"primaryImageOfPage":{"@id":"https:\/\/www.welovecycling.com\/pl\/2014\/08\/27\/rower-kiedys-i-dzis-video\/#primaryimage"},"image":{"@id":"https:\/\/www.welovecycling.com\/pl\/2014\/08\/27\/rower-kiedys-i-dzis-video\/#primaryimage"},"thumbnailUrl":"https:\/\/d2p6e6u75xmxt8.cloudfront.net\/5\/2014\/08\/59.jpg","datePublished":"2014-08-27T09:49:00+00:00","dateModified":"2016-12-05T10:07:49+00:00","author":{"@id":"https:\/\/www.welovecycling.com\/pl\/#\/schema\/person\/e5187c9cac8dd619ebc7b41bd73c2fd9"},"breadcrumb":{"@id":"https:\/\/www.welovecycling.com\/pl\/2014\/08\/27\/rower-kiedys-i-dzis-video\/#breadcrumb"},"inLanguage":"pl-PL","potentialAction":[{"@type":"ReadAction","target":["https:\/\/www.welovecycling.com\/pl\/2014\/08\/27\/rower-kiedys-i-dzis-video\/"]}]},{"@type":"ImageObject","inLanguage":"pl-PL","@id":"https:\/\/www.welovecycling.com\/pl\/2014\/08\/27\/rower-kiedys-i-dzis-video\/#primaryimage","url":"https:\/\/d2p6e6u75xmxt8.cloudfront.net\/5\/2014\/08\/59.jpg","contentUrl":"https:\/\/d2p6e6u75xmxt8.cloudfront.net\/5\/2014\/08\/59.jpg","width":500,"height":281},{"@type":"BreadcrumbList","@id":"https:\/\/www.welovecycling.com\/pl\/2014\/08\/27\/rower-kiedys-i-dzis-video\/#breadcrumb","itemListElement":[{"@type":"ListItem","position":1,"name":"Home","item":"https:\/\/www.welovecycling.com\/pl\/"},{"@type":"ListItem","position":2,"name":"Rower kiedy\u015b i dzi\u015b (VIDEO)"}]},{"@type":"WebSite","@id":"https:\/\/www.welovecycling.com\/pl\/#website","url":"https:\/\/www.welovecycling.com\/pl\/","name":"\u0160koda We Love Cycling - Poland","description":"","potentialAction":[{"@type":"SearchAction","target":{"@type":"EntryPoint","urlTemplate":"https:\/\/www.welovecycling.com\/pl\/?s={search_term_string}"},"query-input":{"@type":"PropertyValueSpecification","valueRequired":true,"valueName":"search_term_string"}}],"inLanguage":"pl-PL"},{"@type":"Person","@id":"https:\/\/www.welovecycling.com\/pl\/#\/schema\/person\/e5187c9cac8dd619ebc7b41bd73c2fd9","name":"WeLoveCycling","image":{"@type":"ImageObject","inLanguage":"pl-PL","@id":"https:\/\/www.welovecycling.com\/pl\/#\/schema\/person\/image\/","url":"https:\/\/secure.gravatar.com\/avatar\/7e1ee0ecc5e294b19ef32b9f6086e0afbb9da00c3cb0d465ba4695331f4a9187?s=96&d=mm&r=g","contentUrl":"https:\/\/secure.gravatar.com\/avatar\/7e1ee0ecc5e294b19ef32b9f6086e0afbb9da00c3cb0d465ba4695331f4a9187?s=96&d=mm&r=g","caption":"WeLoveCycling"},"url":"https:\/\/www.welovecycling.com\/pl\/author\/lukascech\/"}]}},"_links":{"self":[{"href":"https:\/\/www.welovecycling.com\/pl\/wp-json\/wp\/v2\/posts\/55","targetHints":{"allow":["GET"]}}],"collection":[{"href":"https:\/\/www.welovecycling.com\/pl\/wp-json\/wp\/v2\/posts"}],"about":[{"href":"https:\/\/www.welovecycling.com\/pl\/wp-json\/wp\/v2\/types\/post"}],"author":[{"embeddable":true,"href":"https:\/\/www.welovecycling.com\/pl\/wp-json\/wp\/v2\/users\/1"}],"replies":[{"embeddable":true,"href":"https:\/\/www.welovecycling.com\/pl\/wp-json\/wp\/v2\/comments?post=55"}],"version-history":[{"count":1,"href":"https:\/\/www.welovecycling.com\/pl\/wp-json\/wp\/v2\/posts\/55\/revisions"}],"predecessor-version":[{"id":2538,"href":"https:\/\/www.welovecycling.com\/pl\/wp-json\/wp\/v2\/posts\/55\/revisions\/2538"}],"wp:featuredmedia":[{"embeddable":true,"href":"https:\/\/www.welovecycling.com\/pl\/wp-json\/wp\/v2\/media\/591"}],"wp:attachment":[{"href":"https:\/\/www.welovecycling.com\/pl\/wp-json\/wp\/v2\/media?parent=55"}],"wp:term":[{"taxonomy":"category","embeddable":true,"href":"https:\/\/www.welovecycling.com\/pl\/wp-json\/wp\/v2\/categories?post=55"},{"taxonomy":"post_tag","embeddable":true,"href":"https:\/\/www.welovecycling.com\/pl\/wp-json\/wp\/v2\/tags?post=55"},{"taxonomy":"global-categories","embeddable":true,"href":"https:\/\/www.welovecycling.com\/pl\/wp-json\/wp\/v2\/global-categories?post=55"}],"curies":[{"name":"wp","href":"https:\/\/api.w.org\/{rel}","templated":true}]}}