{"id":5458,"date":"2017-09-29T09:56:49","date_gmt":"2017-09-29T09:56:49","guid":{"rendered":"https:\/\/www.welovecycling.com\/pl\/?p=5458"},"modified":"2017-10-01T11:11:20","modified_gmt":"2017-10-01T11:11:20","slug":"10-freshest-new-gadgets-from-eurobike-2017","status":"publish","type":"post","link":"https:\/\/www.welovecycling.com\/pl\/2017\/09\/29\/10-freshest-new-gadgets-from-eurobike-2017\/","title":{"rendered":"10 najnowszych gad\u017cet\u00f3w z Eurobike 2017"},"content":{"rendered":"<p><strong>Odwiedzany przez tysi\u0105ce ludzi ka\u017cdego roku, Eurobike w niemieckim Friedrichshafen po raz kolejny uzyska\u0142 miano najwi\u0119kszej rowerowej wystawy na \u015bwiecie. Mo\u017cna tu znale\u017a\u0107 10 nowiutkich akcesori\u00f3w rowerowych, kt\u00f3re wybrali\u015bmy w trakcie pe\u0142nej godziny kr\u0105\u017cenia pomi\u0119dzy hordami podekscytowanych biznesmen\u00f3w.<\/strong><br \/>\n<!--more--><\/p>\n<h2><b>Oczy wilka<\/b><\/h2>\n<h2><b><\/b><a href=\"https:\/\/d2p6e6u75xmxt8.cloudfront.net\/5\/2017\/09\/21248583_1500430686704414_5131505302913600696_o.jpg\"><img loading=\"lazy\" decoding=\"async\" class=\"alignnone size-full wp-image-5459\" src=\"https:\/\/d2p6e6u75xmxt8.cloudfront.net\/5\/2017\/09\/21248583_1500430686704414_5131505302913600696_o.jpg\" alt=\"\" width=\"2048\" height=\"1365\" srcset=\"https:\/\/d2p6e6u75xmxt8.cloudfront.net\/5\/2017\/09\/21248583_1500430686704414_5131505302913600696_o.jpg 2048w, https:\/\/d2p6e6u75xmxt8.cloudfront.net\/5\/2017\/09\/21248583_1500430686704414_5131505302913600696_o-300x200.jpg 300w, https:\/\/d2p6e6u75xmxt8.cloudfront.net\/5\/2017\/09\/21248583_1500430686704414_5131505302913600696_o-768x512.jpg 768w, https:\/\/d2p6e6u75xmxt8.cloudfront.net\/5\/2017\/09\/21248583_1500430686704414_5131505302913600696_o-1024x683.jpg 1024w, https:\/\/d2p6e6u75xmxt8.cloudfront.net\/5\/2017\/09\/21248583_1500430686704414_5131505302913600696_o-1920x1280.jpg 1920w, https:\/\/d2p6e6u75xmxt8.cloudfront.net\/5\/2017\/09\/21248583_1500430686704414_5131505302913600696_o-272x182.jpg 272w, https:\/\/d2p6e6u75xmxt8.cloudfront.net\/5\/2017\/09\/21248583_1500430686704414_5131505302913600696_o-1920x1280.jpg 1920w\" sizes=\"auto, (max-width: 2048px) 100vw, 2048px\" \/><\/a><\/h2>\n<p><span style=\"font-weight: 400;\">Nowy model Blika od niemieckiego producenta Lupine oferuje pot\u0119\u017cny strumie\u0144 2100 lumen\u00f3w, \u015bwiat\u0142o kr\u00f3tkie i \u015bwiat\u0142o d\u0142ugie, czerwone i zielone, a tak\u017ce wiele innych. Ich specjalna aplikacja pozwala kontrolowa\u0107 o\u015bwietlenie za pomoc\u0105 smartfona przymocowanego do kierownicy. Mo\u017cesz r\u00f3wnie\u017c wcze\u015bniej ustawi\u0107 indywidualnie dopasowane profile dla r\u00f3\u017cnych aktywno\u015bci sportowych. Dzi\u0119ki systemowi <\/span><i><span style=\"font-weight: 400;\">front-click quick-change<\/span><\/i><span style=\"font-weight: 400;\"> o\u015bwietlenie jest doskonale elastyczne. W ten spos\u00f3b mo\u017cesz szybko zmieni\u0107 \u015bwiat\u0142o przednie w czo\u0142\u00f3wk\u0119 bez u\u017cycia narz\u0119dzi. Koniec z wym\u00f3wkami o zgubieniu si\u0119 w ciemno\u015bci w razie powrotu do domu w stanie poobijanym.<\/span><\/p>\n<p><a href=\"http:\/\/www.lupine.de\">lupine.de<\/a><\/p>\n<h2><b>Kurtka z recyclingu<\/b><\/h2>\n<p><a href=\"https:\/\/d2p6e6u75xmxt8.cloudfront.net\/5\/2017\/09\/21273561_1500430800037736_8162915655153197739_o.jpg\"><img loading=\"lazy\" decoding=\"async\" class=\"alignnone size-full wp-image-5461\" src=\"https:\/\/d2p6e6u75xmxt8.cloudfront.net\/5\/2017\/09\/21273561_1500430800037736_8162915655153197739_o.jpg\" alt=\"\" width=\"2048\" height=\"1365\" srcset=\"https:\/\/d2p6e6u75xmxt8.cloudfront.net\/5\/2017\/09\/21273561_1500430800037736_8162915655153197739_o.jpg 2048w, https:\/\/d2p6e6u75xmxt8.cloudfront.net\/5\/2017\/09\/21273561_1500430800037736_8162915655153197739_o-300x200.jpg 300w, https:\/\/d2p6e6u75xmxt8.cloudfront.net\/5\/2017\/09\/21273561_1500430800037736_8162915655153197739_o-768x512.jpg 768w, https:\/\/d2p6e6u75xmxt8.cloudfront.net\/5\/2017\/09\/21273561_1500430800037736_8162915655153197739_o-1024x683.jpg 1024w, https:\/\/d2p6e6u75xmxt8.cloudfront.net\/5\/2017\/09\/21273561_1500430800037736_8162915655153197739_o-1920x1280.jpg 1920w, https:\/\/d2p6e6u75xmxt8.cloudfront.net\/5\/2017\/09\/21273561_1500430800037736_8162915655153197739_o-272x182.jpg 272w, https:\/\/d2p6e6u75xmxt8.cloudfront.net\/5\/2017\/09\/21273561_1500430800037736_8162915655153197739_o-1920x1280.jpg 1920w\" sizes=\"auto, (max-width: 2048px) 100vw, 2048px\" \/><\/a><\/p>\n<p><span style=\"font-weight: 400;\">Je\u015bli jeste\u015b przyjazn\u0105 \u015brodowisku kobiet\u0105, kt\u00f3ra lubi je\u017adzi\u0107 na rowerze, to jest co\u015b dla Ciebie. Za\u0142o\u017cona przez matk\u0119 i c\u00f3rk\u0119 \u2013 Nicol\u0119 Orriss i Georgi\u0119 Scott &#8211; w grudniu 2009 r. firma Georgia w Dublinie wykorzystuje d\u0119tki po recyklingu, kt\u00f3re zabierane s\u0105 z lokalnych sklep\u00f3w rowerowych. Dublette, doskonale elastyczna, przeciwdeszczowa kurtka mo\u017ce si\u0119 powi\u0119kszy\u0107 do rozmiar\u00f3w umo\u017cliwiaj\u0105cych na\u0142o\u017cenie jej na grube ubrania lub na plecak. Mo\u017ce by\u0107 u\u017cyteczna nie tylko w czasie jazdy na rowerze, ale r\u00f3wnie\u017c w trakcie jazdy konno lub chodzenia po g\u00f3rach. Gdy z\u0142apiesz gum\u0119, u\u017cyj kawa\u0142ka tej kurtki do za\u0142atania dziury w d\u0119tce.<\/span><\/p>\n<p><a href=\"http:\/\/www.georgiaindublin.com\">georgiaindublin.com<\/a><\/p>\n<h2><b>Du\u017ce rowery dla du\u017cych ludzi<\/b><\/h2>\n<p><a href=\"https:\/\/d2p6e6u75xmxt8.cloudfront.net\/5\/2017\/09\/21319236_1500430693371080_2317391427273122015_o.jpg\"><img loading=\"lazy\" decoding=\"async\" class=\"alignnone size-full wp-image-5463\" src=\"https:\/\/d2p6e6u75xmxt8.cloudfront.net\/5\/2017\/09\/21319236_1500430693371080_2317391427273122015_o.jpg\" alt=\"\" width=\"2048\" height=\"1365\" srcset=\"https:\/\/d2p6e6u75xmxt8.cloudfront.net\/5\/2017\/09\/21319236_1500430693371080_2317391427273122015_o.jpg 2048w, https:\/\/d2p6e6u75xmxt8.cloudfront.net\/5\/2017\/09\/21319236_1500430693371080_2317391427273122015_o-300x200.jpg 300w, https:\/\/d2p6e6u75xmxt8.cloudfront.net\/5\/2017\/09\/21319236_1500430693371080_2317391427273122015_o-768x512.jpg 768w, https:\/\/d2p6e6u75xmxt8.cloudfront.net\/5\/2017\/09\/21319236_1500430693371080_2317391427273122015_o-1024x683.jpg 1024w, https:\/\/d2p6e6u75xmxt8.cloudfront.net\/5\/2017\/09\/21319236_1500430693371080_2317391427273122015_o-1920x1280.jpg 1920w, https:\/\/d2p6e6u75xmxt8.cloudfront.net\/5\/2017\/09\/21319236_1500430693371080_2317391427273122015_o-272x182.jpg 272w, https:\/\/d2p6e6u75xmxt8.cloudfront.net\/5\/2017\/09\/21319236_1500430693371080_2317391427273122015_o-1920x1280.jpg 1920w\" sizes=\"auto, (max-width: 2048px) 100vw, 2048px\" \/><\/a><\/p>\n<p><span style=\"font-weight: 400;\">Nawet duzi rowerzy\u015bci chc\u0105 czerpa\u0107 przyjemno\u015b\u0107 z jazdy na rowerze. Ameryka\u0144ska firma DirtySixer oferuje r\u0119cznie robione rowery specjalnie zaprojektowane dla wysokich sportowc\u00f3w, w tym gwiazdy NBA \u2014 Shaquille\u2019a O\u2019Neal. Rowery s\u0105 dost\u0119pne z du\u017cymi, 32- i 36-calowymi ko\u0142ami. Niesamowite!<\/span><\/p>\n<p><a href=\"http:\/\/www.dirtysixer.com\">dirtysixer.com<\/a><\/p>\n<h2><b>Rower GDS dla Twoich dzieci<\/b><\/h2>\n<p><a href=\"https:\/\/d2p6e6u75xmxt8.cloudfront.net\/2\/2017\/09\/21316332_1500431090037707_2036486309334758083_o.jpg\"><img loading=\"lazy\" decoding=\"async\" class=\"alignnone size-full wp-image-161060\" src=\"https:\/\/d2p6e6u75xmxt8.cloudfront.net\/2\/2017\/09\/21316332_1500431090037707_2036486309334758083_o.jpg\" alt=\"\" width=\"2048\" height=\"1365\" \/><\/a><\/p>\n<p><span style=\"font-weight: 400;\">Za du\u017co jak na jeden rower? Z rowerem GSD Tern nie ma takich problem\u00f3w. GSD Tern definiuje now\u0105 kategori\u0119 elektrycznych rower\u00f3w. Zosta\u0142 zaprojektowany do przewo\u017cenia dw\u00f3jki dzieci lub zakup\u00f3w na ca\u0142y tydzie\u0144 \u2013 w sumie ud\u017awignie a\u017c do 180 kg. Taki rower ma jednak d\u0142ugo\u015b\u0107 zaledwie 180 cm, co mniej wi\u0119cej stanowi wymiar \u015bredniej wielko\u015bci roweru. Dzi\u0119ki opatentowanej technologii sk\u0142adania mo\u017cna go zapakowa\u0107 prawie do ka\u017cdego samochodu typu kombi, jak np. \u0160koda Octavia Combi.<\/span><\/p>\n<p><a href=\"http:\/\/ternbicycles.com\">ternbicycles.com<\/a><\/p>\n<h2><b>Zamek do roweru publicznego<\/b><\/h2>\n<p><a href=\"https:\/\/d2p6e6u75xmxt8.cloudfront.net\/2\/2017\/09\/21319260_1500430966704386_1039512679906369941_o.jpg\"><img loading=\"lazy\" decoding=\"async\" class=\"alignnone size-full wp-image-161061\" src=\"https:\/\/d2p6e6u75xmxt8.cloudfront.net\/2\/2017\/09\/21319260_1500430966704386_1039512679906369941_o.jpg\" alt=\"\" width=\"2048\" height=\"1365\" \/><\/a><\/p>\n<p><span style=\"font-weight: 400;\">Wraz z rosn\u0105c\u0105 liczb\u0105 miast korzystaj\u0105cych z systemu rower\u00f3w miejskich pojawia si\u0119 potrzeba bezpiecznego zapi\u0119cia dla tych pojazd\u00f3w. Firma ubezpieczeniowa AXA przedstawia w\u0142asne rozwi\u0105zanie, kt\u00f3re powinno odpowiada\u0107 szczeg\u00f3lnym wymaganiom tego rodzaju transportu. Koncepcja E-RL jest z powodzeniem u\u017cywana od ponad 3 lat. Wykorzystano j\u0105 ju\u017c do zapi\u0119cia ponad 20 000 rower\u00f3w na ulicach. Rower mo\u017cna \u0142atwo otworzy\u0107 za pomoc\u0105 smartfona lub karty RFID (ang. <\/span><i><span style=\"font-weight: 400;\">Radio Frequency Identification<\/span><\/i><span style=\"font-weight: 400;\">). System AXA Connect dla firm \u015bwiadcz\u0105cych us\u0142ugi roweru miejskiego mo\u017ce wskaza\u0107 bie\u017c\u0105c\u0105 lokalizacj\u0119 pojazd\u00f3w lub uruchomi\u0107 alarm, gdy kt\u00f3ry\u015b z nich jest przestawiany lub porusza si\u0119 zbyt szybko, co ma zapobiega\u0107 kradzie\u017cy.<\/span><\/p>\n<p><a href=\"http:\/\/www.axasecurity.com\">axasecurity.com<\/a><\/p>\n<h2><strong>Ultralekki ko\u0142nierz ochronny Leatt\u00a0<\/strong><\/h2>\n<p><a href=\"https:\/\/d2p6e6u75xmxt8.cloudfront.net\/2\/2017\/09\/21273158_1500430956704387_4539012890877888367_o.jpg\"><img loading=\"lazy\" decoding=\"async\" class=\"alignnone size-full wp-image-161062\" src=\"https:\/\/d2p6e6u75xmxt8.cloudfront.net\/2\/2017\/09\/21273158_1500430956704387_4539012890877888367_o.jpg\" alt=\"\" width=\"2048\" height=\"1365\" \/><\/a><\/p>\n<p><span style=\"font-weight: 400;\">Opracowany przez wynalazc\u0119 pierwszego ko\u0142nierza ochronnego na \u015bwiecie, jest od 25 do 38 procent l\u017cejszy ni\u017c dotychczas dost\u0119pne modele. To pierwszy ko\u0142nierz ochronny, w kt\u00f3rym wykorzystano tak\u0105 sam\u0105 konstrukcj\u0119, jakiej u\u017cywa si\u0119 w kaskach rowerowych. Ten ultralekki model DBX 3.5 zosta\u0142 przetestowany i udowodniono, \u017ce redukuje nacisk na szyj\u0119, dzi\u0119ki czemu obni\u017ca ryzyko powa\u017cnych obra\u017ce\u0144 szyi u\u017cytkownika o maksymalnie 43 procent. Obudowa jest regulowana, aby dopasowa\u0107 si\u0119 do wi\u0119kszo\u015bci rodzaj\u00f3w sylwetek rowerzyst\u00f3w, podczas gdy struktura pozostaje sztywna, dzi\u0119ki czemu wspomaga przesy\u0142anie energii podczas uderzenia, co jest kluczowe w obni\u017ceniu nacisku na szyj\u0119.<\/span><\/p>\n<p><a href=\"http:\/\/www.leatt.com\">leatt.com<\/a><\/p>\n<h2><b>Inny rodzaj stojaka rowerowego<\/b><\/h2>\n<p><a href=\"https:\/\/d2p6e6u75xmxt8.cloudfront.net\/2\/2017\/09\/21316412_1500430963371053_780675123700312481_o.jpg\"><img loading=\"lazy\" decoding=\"async\" class=\"alignnone size-full wp-image-161063\" src=\"https:\/\/d2p6e6u75xmxt8.cloudfront.net\/2\/2017\/09\/21316412_1500430963371053_780675123700312481_o.jpg\" alt=\"\" width=\"2048\" height=\"1365\" \/><\/a><\/p>\n<p><span style=\"font-weight: 400;\">Urbani\u015bci, strze\u017ccie si\u0119! LockLock to inny stojak na rowery, zar\u00f3wno w \u015brodku, jaki i z wierzchu, opracowany przez The Bicycle Laboratory. Ma by\u0107 przyjemny dla rowerzyst\u00f3w, nie utrudnia\u0107 sprz\u0105tania ulic, a tak\u017ce powinien by\u0107 \u0142atwy do zamontowania. Pono\u0107 jest bezpieczniejszy ni\u017c jakiekolwiek inne rozwi\u0105zanie do tej pory u\u017cyte. Jak by Ci si\u0119 podoba\u0142y stojaki LockLock w Twoim mie\u015bcie?<\/span><\/p>\n<p><a href=\"http:\/\/www.durbanis.com\">durbanis.com<\/a><\/p>\n<h2><b>Kosmiczna Moto Parilla<\/b><\/h2>\n<p><a href=\"https:\/\/d2p6e6u75xmxt8.cloudfront.net\/2\/2017\/09\/21316527_1500430690037747_6415934247633779638_o.jpg\"><img loading=\"lazy\" decoding=\"async\" class=\"alignnone size-full wp-image-161064\" src=\"https:\/\/d2p6e6u75xmxt8.cloudfront.net\/2\/2017\/09\/21316527_1500430690037747_6415934247633779638_o.jpg\" alt=\"\" width=\"2048\" height=\"1365\" \/><\/a><\/p>\n<p><span style=\"font-weight: 400;\">Je\u015bli urodzi\u0142e\u015b si\u0119 we W\u0142oszech, najprawdopodobniej lubisz motory i pi\u0142k\u0119 no\u017cn\u0105. Jednak\u017ce rowery r\u00f3wnie\u017c s\u0105 tolerowane. Firma Carbon z W\u0142och twierdzi, \u017ce ich ogromne maszyny zosta\u0142y zaprojektowane dla rowerzyst\u00f3w poszukuj\u0105cych futurystycznych pojazd\u00f3w elektrycznych do jazdy off-roadowej. Dla kogo\u015b, kto lubi si\u0119 wyr\u00f3\u017cnia\u0107, gdy wychodzi z przyjaci\u00f3\u0142mi na drinka lub kaw\u0119. W\u0142oski producent obiecuje, \u017ce wsiadaj\u0105c na jego elektryczny rower w stylu SUV-a, do\u015bwiadczysz demonstracji si\u0142y, nad kt\u00f3r\u0105 masz pe\u0142n\u0105 kontrol\u0119. W\u0142a\u015bciwie to pr\u0119dko\u015b\u0107 jest ograniczona do 32 km\/h, wi\u0119c lepiej przygotuj si\u0119 na to, \u017ce b\u0119d\u0105 Ci\u0119 wyprzedza\u0107 przeci\u0119tni rowerzy\u015bci drogowi.<\/span><\/p>\n<p><a href=\"http:\/\/www.motoparilla.it\">motoparilla.it<\/a><\/p>\n<h2><b>Magnetyczny dzwonek rowerowy Nello<\/b><\/h2>\n<p><a href=\"https:\/\/d2p6e6u75xmxt8.cloudfront.net\/2\/2017\/09\/21273149_1500430830037733_4934203764422575897_o.jpg\"><img loading=\"lazy\" decoding=\"async\" class=\"alignnone size-full wp-image-161065\" src=\"https:\/\/d2p6e6u75xmxt8.cloudfront.net\/2\/2017\/09\/21273149_1500430830037733_4934203764422575897_o.jpg\" alt=\"\" width=\"2048\" height=\"1365\" \/><\/a><\/p>\n<p><span style=\"font-weight: 400;\">Palomar to w\u0142oska firma, kt\u00f3ra skupia si\u0119 na innowacyjnych produktach podr\u00f3\u017cniczych. Za jedyne 20 euro mo\u017cesz mie\u0107 \u0142atwo zdejmowalny dzwonek rowerowy na klips, zaprojektowany przez w\u0142oskich designer\u00f3w. Mo\u017cna go przymocowa\u0107 do kierownicy o dowolnym rozmiarze i \u015brednicy, a po dojechaniu do celu \u015bci\u0105gn\u0105\u0107 i w\u0142o\u017cy\u0107 do kieszeni. Nie musisz si\u0119 martwi\u0107 dziwnymi d\u017awi\u0119kami \u2014 bez po\u0142\u0105czenia z magnetycznym gniazdem dzwonek Nello pozostaje bezd\u017awi\u0119czny nawet po dotkni\u0119ciu. W ofercie firmy mo\u017cna znale\u017a\u0107 r\u00f3wnie\u017c magnetyczne \u015bwiat\u0142o o podobnych rozmiarach. Oba gad\u017cety \u015bwietnie nadaj\u0105 si\u0119 na prezent!<\/span><\/p>\n<p><a href=\"http:\/\/www.palomarweb.com\">palomarweb.com<\/a><\/p>\n<h2><b>Przyjaciel drwala<\/b><\/h2>\n<p><a href=\"https:\/\/d2p6e6u75xmxt8.cloudfront.net\/2\/2017\/09\/21316259_1500430826704400_7636973653690973569_o.jpg\"><img loading=\"lazy\" decoding=\"async\" class=\"alignnone size-full wp-image-161066\" src=\"https:\/\/d2p6e6u75xmxt8.cloudfront.net\/2\/2017\/09\/21316259_1500430826704400_7636973653690973569_o.jpg\" alt=\"\" width=\"2048\" height=\"1365\" \/><\/a><\/p>\n<p><span style=\"font-weight: 400;\">Dzi\u0119ki akcesoriom z firmy Aidoo, maj\u0105cej siedzib\u0119 w niemieckim mie\u015bcie Lahr, nie ma takiej ga\u0142\u0119zi czy pniaka, kt\u00f3rych nie da\u0142oby si\u0119 poci\u0105gn\u0105\u0107 rowerem. W razie gdyby kawa\u0142 drewna musia\u0142 by\u0107 dostarczony na czas w trakcie du\u017cego ruchu ulicznego w pi\u0105tkowe popo\u0142udnie, za\u0142aduj ten kawa\u0142ek przyrody na wsp\u00f3\u0142czesny, lekki rydwan i jed\u017a.<\/span><\/p>\n<p><a href=\"http:\/\/aidoo-tec.de\">aidoo-tec.de<\/a><\/p>\n","protected":false},"excerpt":{"rendered":"<p>Odwiedzany przez tysi\u0105ce ludzi ka\u017cdego roku, Eurobike w niemieckim Friedrichshafen po raz kolejny uzyska\u0142 miano najwi\u0119kszej rowerowej wystawy na \u015bwiecie. [&hellip;]<\/p>\n","protected":false},"author":76,"featured_media":5479,"comment_status":"open","ping_status":"open","sticky":false,"template":"","format":"standard","meta":{"footnotes":""},"categories":[1],"tags":[86,208,82],"global-categories":[],"class_list":["post-5458","post","type-post","status-publish","format-standard","has-post-thumbnail","hentry","category-uncategorized","tag-ciekawostki","tag-gadzety","tag-welovecycling"],"yoast_head":"<!-- This site is optimized with the Yoast SEO Premium plugin v25.3 (Yoast SEO v25.9) - https:\/\/yoast.com\/wordpress\/plugins\/seo\/ -->\n<title>10 najnowszych gad\u017cet\u00f3w z Eurobike 2017 - \u0160koda We Love Cycling - Poland<\/title>\n<meta name=\"robots\" content=\"index, follow, max-snippet:-1, max-image-preview:large, max-video-preview:-1\" \/>\n<link rel=\"canonical\" href=\"https:\/\/www.welovecycling.com\/pl\/2017\/09\/29\/10-freshest-new-gadgets-from-eurobike-2017\/\" \/>\n<meta property=\"og:locale\" content=\"pl_PL\" \/>\n<meta property=\"og:type\" content=\"article\" \/>\n<meta property=\"og:title\" content=\"10 najnowszych gad\u017cet\u00f3w z Eurobike 2017\" \/>\n<meta property=\"og:description\" content=\"Odwiedzany przez tysi\u0105ce ludzi ka\u017cdego roku, Eurobike w niemieckim Friedrichshafen po raz kolejny uzyska\u0142 miano najwi\u0119kszej rowerowej wystawy na \u015bwiecie. [&hellip;]\" \/>\n<meta property=\"og:url\" content=\"https:\/\/www.welovecycling.com\/pl\/2017\/09\/29\/10-freshest-new-gadgets-from-eurobike-2017\/\" \/>\n<meta property=\"og:site_name\" content=\"\u0160koda We Love Cycling - Poland\" \/>\n<meta property=\"article:published_time\" content=\"2017-09-29T09:56:49+00:00\" \/>\n<meta property=\"article:modified_time\" content=\"2017-10-01T11:11:20+00:00\" \/>\n<meta property=\"og:image\" content=\"https:\/\/d2p6e6u75xmxt8.cloudfront.net\/5\/2017\/09\/448484.jpg\" \/>\n\t<meta property=\"og:image:width\" content=\"1375\" \/>\n\t<meta property=\"og:image:height\" content=\"600\" \/>\n\t<meta property=\"og:image:type\" content=\"image\/jpeg\" \/>\n<meta name=\"author\" content=\"piotrboczkowski\" \/>\n<meta name=\"twitter:card\" content=\"summary_large_image\" \/>\n<meta name=\"twitter:label1\" content=\"Written by\" \/>\n\t<meta name=\"twitter:data1\" content=\"Adam Marsal\" \/>\n\t<meta name=\"twitter:label2\" content=\"Est. reading time\" \/>\n\t<meta name=\"twitter:data2\" content=\"5 minutes\" \/>\n<script type=\"application\/ld+json\" class=\"yoast-schema-graph\">{\"@context\":\"https:\/\/schema.org\",\"@graph\":[{\"@type\":\"WebPage\",\"@id\":\"https:\/\/www.welovecycling.com\/pl\/2017\/09\/29\/10-freshest-new-gadgets-from-eurobike-2017\/\",\"url\":\"https:\/\/www.welovecycling.com\/pl\/2017\/09\/29\/10-freshest-new-gadgets-from-eurobike-2017\/\",\"name\":\"10 najnowszych gad\u017cet\u00f3w z Eurobike 2017 - \u0160koda We Love Cycling - Poland\",\"isPartOf\":{\"@id\":\"https:\/\/www.welovecycling.com\/pl\/#website\"},\"primaryImageOfPage\":{\"@id\":\"https:\/\/www.welovecycling.com\/pl\/2017\/09\/29\/10-freshest-new-gadgets-from-eurobike-2017\/#primaryimage\"},\"image\":{\"@id\":\"https:\/\/www.welovecycling.com\/pl\/2017\/09\/29\/10-freshest-new-gadgets-from-eurobike-2017\/#primaryimage\"},\"thumbnailUrl\":\"https:\/\/d2p6e6u75xmxt8.cloudfront.net\/5\/2017\/09\/448484.jpg\",\"datePublished\":\"2017-09-29T09:56:49+00:00\",\"dateModified\":\"2017-10-01T11:11:20+00:00\",\"author\":{\"@id\":\"https:\/\/www.welovecycling.com\/pl\/#\/schema\/person\/0dba2d39da943db9df3fd8f4687e7f23\"},\"breadcrumb\":{\"@id\":\"https:\/\/www.welovecycling.com\/pl\/2017\/09\/29\/10-freshest-new-gadgets-from-eurobike-2017\/#breadcrumb\"},\"inLanguage\":\"pl-PL\",\"potentialAction\":[{\"@type\":\"ReadAction\",\"target\":[\"https:\/\/www.welovecycling.com\/pl\/2017\/09\/29\/10-freshest-new-gadgets-from-eurobike-2017\/\"]}]},{\"@type\":\"ImageObject\",\"inLanguage\":\"pl-PL\",\"@id\":\"https:\/\/www.welovecycling.com\/pl\/2017\/09\/29\/10-freshest-new-gadgets-from-eurobike-2017\/#primaryimage\",\"url\":\"https:\/\/d2p6e6u75xmxt8.cloudfront.net\/5\/2017\/09\/448484.jpg\",\"contentUrl\":\"https:\/\/d2p6e6u75xmxt8.cloudfront.net\/5\/2017\/09\/448484.jpg\",\"width\":1375,\"height\":600},{\"@type\":\"BreadcrumbList\",\"@id\":\"https:\/\/www.welovecycling.com\/pl\/2017\/09\/29\/10-freshest-new-gadgets-from-eurobike-2017\/#breadcrumb\",\"itemListElement\":[{\"@type\":\"ListItem\",\"position\":1,\"name\":\"Home\",\"item\":\"https:\/\/www.welovecycling.com\/pl\/\"},{\"@type\":\"ListItem\",\"position\":2,\"name\":\"10 najnowszych gad\u017cet\u00f3w z Eurobike 2017\"}]},{\"@type\":\"WebSite\",\"@id\":\"https:\/\/www.welovecycling.com\/pl\/#website\",\"url\":\"https:\/\/www.welovecycling.com\/pl\/\",\"name\":\"\u0160koda We Love Cycling - Poland\",\"description\":\"\",\"potentialAction\":[{\"@type\":\"SearchAction\",\"target\":{\"@type\":\"EntryPoint\",\"urlTemplate\":\"https:\/\/www.welovecycling.com\/pl\/?s={search_term_string}\"},\"query-input\":{\"@type\":\"PropertyValueSpecification\",\"valueRequired\":true,\"valueName\":\"search_term_string\"}}],\"inLanguage\":\"pl-PL\"},{\"@type\":\"Person\",\"@id\":\"https:\/\/www.welovecycling.com\/pl\/#\/schema\/person\/0dba2d39da943db9df3fd8f4687e7f23\",\"name\":\"piotrboczkowski\",\"image\":{\"@type\":\"ImageObject\",\"inLanguage\":\"pl-PL\",\"@id\":\"https:\/\/www.welovecycling.com\/pl\/#\/schema\/person\/image\/\",\"url\":\"https:\/\/secure.gravatar.com\/avatar\/533caccae14752e03a2ce2d3fd62d1b98b93e1393c3195c27819e53344ca1ace?s=96&d=mm&r=g\",\"contentUrl\":\"https:\/\/secure.gravatar.com\/avatar\/533caccae14752e03a2ce2d3fd62d1b98b93e1393c3195c27819e53344ca1ace?s=96&d=mm&r=g\",\"caption\":\"piotrboczkowski\"},\"url\":\"https:\/\/www.welovecycling.com\/pl\/author\/piotrboczkowski\/\"}]}<\/script>\n<!-- \/ Yoast SEO Premium plugin. -->","yoast_head_json":{"title":"10 najnowszych gad\u017cet\u00f3w z Eurobike 2017 - \u0160koda We Love Cycling - Poland","robots":{"index":"index","follow":"follow","max-snippet":"max-snippet:-1","max-image-preview":"max-image-preview:large","max-video-preview":"max-video-preview:-1"},"canonical":"https:\/\/www.welovecycling.com\/pl\/2017\/09\/29\/10-freshest-new-gadgets-from-eurobike-2017\/","og_locale":"pl_PL","og_type":"article","og_title":"10 najnowszych gad\u017cet\u00f3w z Eurobike 2017","og_description":"Odwiedzany przez tysi\u0105ce ludzi ka\u017cdego roku, Eurobike w niemieckim Friedrichshafen po raz kolejny uzyska\u0142 miano najwi\u0119kszej rowerowej wystawy na \u015bwiecie. [&hellip;]","og_url":"https:\/\/www.welovecycling.com\/pl\/2017\/09\/29\/10-freshest-new-gadgets-from-eurobike-2017\/","og_site_name":"\u0160koda We Love Cycling - Poland","article_published_time":"2017-09-29T09:56:49+00:00","article_modified_time":"2017-10-01T11:11:20+00:00","og_image":[{"width":1375,"height":600,"url":"https:\/\/d2p6e6u75xmxt8.cloudfront.net\/5\/2017\/09\/448484.jpg","type":"image\/jpeg"}],"author":"piotrboczkowski","twitter_card":"summary_large_image","twitter_misc":{"Written by":"Adam Marsal","Est. reading time":"5 minutes"},"schema":{"@context":"https:\/\/schema.org","@graph":[{"@type":"WebPage","@id":"https:\/\/www.welovecycling.com\/pl\/2017\/09\/29\/10-freshest-new-gadgets-from-eurobike-2017\/","url":"https:\/\/www.welovecycling.com\/pl\/2017\/09\/29\/10-freshest-new-gadgets-from-eurobike-2017\/","name":"10 najnowszych gad\u017cet\u00f3w z Eurobike 2017 - \u0160koda We Love Cycling - Poland","isPartOf":{"@id":"https:\/\/www.welovecycling.com\/pl\/#website"},"primaryImageOfPage":{"@id":"https:\/\/www.welovecycling.com\/pl\/2017\/09\/29\/10-freshest-new-gadgets-from-eurobike-2017\/#primaryimage"},"image":{"@id":"https:\/\/www.welovecycling.com\/pl\/2017\/09\/29\/10-freshest-new-gadgets-from-eurobike-2017\/#primaryimage"},"thumbnailUrl":"https:\/\/d2p6e6u75xmxt8.cloudfront.net\/5\/2017\/09\/448484.jpg","datePublished":"2017-09-29T09:56:49+00:00","dateModified":"2017-10-01T11:11:20+00:00","author":{"@id":"https:\/\/www.welovecycling.com\/pl\/#\/schema\/person\/0dba2d39da943db9df3fd8f4687e7f23"},"breadcrumb":{"@id":"https:\/\/www.welovecycling.com\/pl\/2017\/09\/29\/10-freshest-new-gadgets-from-eurobike-2017\/#breadcrumb"},"inLanguage":"pl-PL","potentialAction":[{"@type":"ReadAction","target":["https:\/\/www.welovecycling.com\/pl\/2017\/09\/29\/10-freshest-new-gadgets-from-eurobike-2017\/"]}]},{"@type":"ImageObject","inLanguage":"pl-PL","@id":"https:\/\/www.welovecycling.com\/pl\/2017\/09\/29\/10-freshest-new-gadgets-from-eurobike-2017\/#primaryimage","url":"https:\/\/d2p6e6u75xmxt8.cloudfront.net\/5\/2017\/09\/448484.jpg","contentUrl":"https:\/\/d2p6e6u75xmxt8.cloudfront.net\/5\/2017\/09\/448484.jpg","width":1375,"height":600},{"@type":"BreadcrumbList","@id":"https:\/\/www.welovecycling.com\/pl\/2017\/09\/29\/10-freshest-new-gadgets-from-eurobike-2017\/#breadcrumb","itemListElement":[{"@type":"ListItem","position":1,"name":"Home","item":"https:\/\/www.welovecycling.com\/pl\/"},{"@type":"ListItem","position":2,"name":"10 najnowszych gad\u017cet\u00f3w z Eurobike 2017"}]},{"@type":"WebSite","@id":"https:\/\/www.welovecycling.com\/pl\/#website","url":"https:\/\/www.welovecycling.com\/pl\/","name":"\u0160koda We Love Cycling - Poland","description":"","potentialAction":[{"@type":"SearchAction","target":{"@type":"EntryPoint","urlTemplate":"https:\/\/www.welovecycling.com\/pl\/?s={search_term_string}"},"query-input":{"@type":"PropertyValueSpecification","valueRequired":true,"valueName":"search_term_string"}}],"inLanguage":"pl-PL"},{"@type":"Person","@id":"https:\/\/www.welovecycling.com\/pl\/#\/schema\/person\/0dba2d39da943db9df3fd8f4687e7f23","name":"piotrboczkowski","image":{"@type":"ImageObject","inLanguage":"pl-PL","@id":"https:\/\/www.welovecycling.com\/pl\/#\/schema\/person\/image\/","url":"https:\/\/secure.gravatar.com\/avatar\/533caccae14752e03a2ce2d3fd62d1b98b93e1393c3195c27819e53344ca1ace?s=96&d=mm&r=g","contentUrl":"https:\/\/secure.gravatar.com\/avatar\/533caccae14752e03a2ce2d3fd62d1b98b93e1393c3195c27819e53344ca1ace?s=96&d=mm&r=g","caption":"piotrboczkowski"},"url":"https:\/\/www.welovecycling.com\/pl\/author\/piotrboczkowski\/"}]}},"_links":{"self":[{"href":"https:\/\/www.welovecycling.com\/pl\/wp-json\/wp\/v2\/posts\/5458","targetHints":{"allow":["GET"]}}],"collection":[{"href":"https:\/\/www.welovecycling.com\/pl\/wp-json\/wp\/v2\/posts"}],"about":[{"href":"https:\/\/www.welovecycling.com\/pl\/wp-json\/wp\/v2\/types\/post"}],"author":[{"embeddable":true,"href":"https:\/\/www.welovecycling.com\/pl\/wp-json\/wp\/v2\/users\/76"}],"replies":[{"embeddable":true,"href":"https:\/\/www.welovecycling.com\/pl\/wp-json\/wp\/v2\/comments?post=5458"}],"version-history":[{"count":2,"href":"https:\/\/www.welovecycling.com\/pl\/wp-json\/wp\/v2\/posts\/5458\/revisions"}],"predecessor-version":[{"id":5498,"href":"https:\/\/www.welovecycling.com\/pl\/wp-json\/wp\/v2\/posts\/5458\/revisions\/5498"}],"wp:featuredmedia":[{"embeddable":true,"href":"https:\/\/www.welovecycling.com\/pl\/wp-json\/wp\/v2\/media\/5479"}],"wp:attachment":[{"href":"https:\/\/www.welovecycling.com\/pl\/wp-json\/wp\/v2\/media?parent=5458"}],"wp:term":[{"taxonomy":"category","embeddable":true,"href":"https:\/\/www.welovecycling.com\/pl\/wp-json\/wp\/v2\/categories?post=5458"},{"taxonomy":"post_tag","embeddable":true,"href":"https:\/\/www.welovecycling.com\/pl\/wp-json\/wp\/v2\/tags?post=5458"},{"taxonomy":"global-categories","embeddable":true,"href":"https:\/\/www.welovecycling.com\/pl\/wp-json\/wp\/v2\/global-categories?post=5458"}],"curies":[{"name":"wp","href":"https:\/\/api.w.org\/{rel}","templated":true}]}}