{"id":5444,"date":"2017-09-28T12:50:27","date_gmt":"2017-09-28T12:50:27","guid":{"rendered":"https:\/\/www.welovecycling.com\/pl\/?p=5444"},"modified":"2017-10-01T10:30:29","modified_gmt":"2017-10-01T10:30:29","slug":"zapraszamy-udzialu-lellek-group-gold-hill-maraton-glucholazy","status":"publish","type":"post","link":"https:\/\/www.welovecycling.com\/pl\/2017\/09\/28\/zapraszamy-udzialu-lellek-group-gold-hill-maraton-glucholazy\/","title":{"rendered":"Zapraszamy do udzia\u0142u w LELLEK Group \u2013 Gold Hill Maraton G\u0142ucho\u0142azy!"},"content":{"rendered":"<p><span style=\"font-weight: 400;\">W ostatni weekend wrze\u015bnia zapraszamy wszystkich mi\u0142o\u015bnik\u00f3w rower\u00f3w do G\u0142ucho\u0142az!\u00a0To w\u0142a\u015bnie tu, w sercu G\u00f3r Opawskich, odb\u0119dzie si\u0119 prawdziwa fiesta kolarstwa g\u00f3rskiego &#8211; dwa dni sportowych zmaga\u0144 pe\u0142nych emocji. Zobaczcie sami, jak ekscytuj\u0105co przedstawia si\u0119 plan kolarskiego weekendu: \u00a0\u00a0<\/span><\/p>\n<p><b>SOBOTA 30 wrze\u015bnia &#8211; CykloOpawy XC \u00a0 \u00a0<\/b><\/p>\n<ul>\n<li style=\"font-weight: 400;\"><span style=\"font-weight: 400; font-size: 14pt;\">Fina\u0142owa edycja Pucharu Polski XCO<\/span><\/li>\n<li style=\"font-weight: 400;\"><span style=\"font-weight: 400; font-size: 14pt;\">Fina\u0142owa edycja Pucharu Polski Masters\u00f3w XCO<\/span><\/li>\n<li style=\"font-weight: 400;\"><span style=\"font-weight: 400; font-size: 14pt;\">Mi\u0119dzywojew\u00f3dzkie Mistrzostwa M\u0142odzik\u00f3w w MTB<\/span><\/li>\n<li style=\"font-weight: 400;\"><span style=\"font-weight: 400; font-size: 14pt;\">Mi\u0119dzywojew\u00f3dzkie Mistrzostwa Szk\u00f3\u0142ek Kolarskich w MTB<\/span><\/li>\n<li style=\"font-weight: 400;\"><span style=\"font-weight: 400; font-size: 14pt;\">Mistrzostwa Opolszczyzny w MTB<\/span><\/li>\n<\/ul>\n<p><span style=\"font-size: 14pt;\"><b>NIEDZIELA 1 pa\u017adziernika &#8211; LELLEK Group Gold Hill MTB Maraton G\u0142ucho\u0142azy 2017 \u00a0\u00a0<\/b><\/span><\/p>\n<ul>\n<li style=\"font-weight: 400;\"><span style=\"font-weight: 400; font-size: 14pt;\">Fina\u0142 Pucharu Polski Masters\u00f3w w maratonie MTB<\/span><\/li>\n<li style=\"font-weight: 400;\"><span style=\"font-size: 14pt;\"><b>Dystans MINI &#8211; 22 km<\/b><span style=\"font-weight: 400;\">\u00a0(trasa dla ka\u017cdego &#8211; bez d\u0142ugich stromych podjazd\u00f3w i bez ostrych zjazd\u00f3w)<\/span><\/span><\/li>\n<li style=\"font-weight: 400;\"><span style=\"font-size: 14pt;\"><b>Dystans MEGA &#8211; 47 km<\/b><span style=\"font-weight: 400;\">\u00a0(dla wytrwa\u0142ych)<\/span><\/span><\/li>\n<li style=\"font-weight: 400;\"><span style=\"font-size: 14pt;\"><b>Dystans GIGA &#8211; 72 km<\/b><span style=\"font-weight: 400;\">\u00a0(suma przewy\u017csze\u0144 ponad 3 km)<\/span><\/span><\/li>\n<li style=\"font-weight: 400;\"><span style=\"font-size: 14pt;\"><b>Dystans rodzinny 5 km<\/b><span style=\"font-weight: 400;\">\u00a0(dla dzieci do 13 lat pod opiek\u0105 rodzic\u00f3w; trasa niewymagaj\u0105ca &#8211; biegnie wzd\u0142u\u017c szutrowych dr\u00f3g i nadrzecznej promenady)<\/span><\/span><\/li>\n<li style=\"font-weight: 400;\"><span style=\"font-size: 14pt;\"><span style=\"font-size: 14pt;\"><b>Wy\u015bcigi dla dzieci\u00a0<\/b><span style=\"font-weight: 400;\">(200 m, 400 m, 800 m)<\/span><\/span><\/span><\/li>\n<\/ul>\n<p><span style=\"font-weight: 400;\">Autoryzowany dealer \u0160KODY LELLEK Opole jest g\u0142\u00f3wnym sponsorem wydarzenia. Opr\u00f3cz zara\u017cania wszystkich sportow\u0105 atmosfer\u0105 b\u0119dzie zaprasza\u0107 do swojego stoiska, gdzie szykuj\u0105 si\u0119 takie atrakcje jak: \u015bcianka wspinaczkowa, konkursy i zabawy (alkogogle\u00a0\u2013 zmierz si\u0119 z czasem, nie z u\u017cywkami!,\u00a0 geocaching \u2013 uwa\u017casz si\u0119 za tropiciela?) oraz ca\u0142a masa rowerowych gad\u017cet\u00f3w!<\/span><\/p>\n<p><span style=\"font-weight: 400;\">Zapraszamy! Ju\u017c dzi\u015b zaplanuj swojej rodzinie weekend pe\u0142en wra\u017ce\u0144 i sportowych emocji!<\/span><\/p>\n","protected":false},"excerpt":{"rendered":"<p>W ostatni weekend wrze\u015bnia zapraszamy wszystkich mi\u0142o\u015bnik\u00f3w rower\u00f3w do G\u0142ucho\u0142az!\u00a0To w\u0142a\u015bnie tu, w sercu G\u00f3r Opawskich, odb\u0119dzie si\u0119 prawdziwa fiesta [&hellip;]<\/p>\n","protected":false},"author":76,"featured_media":5445,"comment_status":"open","ping_status":"open","sticky":false,"template":"","format":"standard","meta":{"footnotes":""},"categories":[1],"tags":[66,146,145],"global-categories":[],"class_list":["post-5444","post","type-post","status-publish","format-standard","has-post-thumbnail","hentry","category-uncategorized","tag-skodanapedzarowery","tag-wyscig","tag-zapowiedz"],"yoast_head":"<!-- This site is optimized with the Yoast SEO Premium plugin v25.3 (Yoast SEO v25.9) - https:\/\/yoast.com\/wordpress\/plugins\/seo\/ -->\n<title>Zapraszamy do udzia\u0142u w LELLEK Group \u2013 Gold Hill Maraton G\u0142ucho\u0142azy! - \u0160koda We Love Cycling - Poland<\/title>\n<meta name=\"robots\" content=\"index, follow, max-snippet:-1, max-image-preview:large, max-video-preview:-1\" \/>\n<link rel=\"canonical\" href=\"https:\/\/www.welovecycling.com\/pl\/2017\/09\/28\/zapraszamy-udzialu-lellek-group-gold-hill-maraton-glucholazy\/\" \/>\n<meta property=\"og:locale\" content=\"pl_PL\" \/>\n<meta property=\"og:type\" content=\"article\" \/>\n<meta property=\"og:title\" content=\"Zapraszamy do udzia\u0142u w LELLEK Group \u2013 Gold Hill Maraton G\u0142ucho\u0142azy!\" \/>\n<meta property=\"og:description\" content=\"W ostatni weekend wrze\u015bnia zapraszamy wszystkich mi\u0142o\u015bnik\u00f3w rower\u00f3w do G\u0142ucho\u0142az!\u00a0To w\u0142a\u015bnie tu, w sercu G\u00f3r Opawskich, odb\u0119dzie si\u0119 prawdziwa fiesta [&hellip;]\" \/>\n<meta property=\"og:url\" content=\"https:\/\/www.welovecycling.com\/pl\/2017\/09\/28\/zapraszamy-udzialu-lellek-group-gold-hill-maraton-glucholazy\/\" \/>\n<meta property=\"og:site_name\" content=\"\u0160koda We Love Cycling - Poland\" \/>\n<meta property=\"article:published_time\" content=\"2017-09-28T12:50:27+00:00\" \/>\n<meta property=\"article:modified_time\" content=\"2017-10-01T10:30:29+00:00\" \/>\n<meta property=\"og:image\" content=\"https:\/\/d2p6e6u75xmxt8.cloudfront.net\/5\/2017\/09\/shutterstock_283368272-1024x683.jpg\" \/>\n\t<meta property=\"og:image:width\" content=\"1024\" \/>\n\t<meta property=\"og:image:height\" content=\"683\" \/>\n\t<meta property=\"og:image:type\" content=\"image\/jpeg\" \/>\n<meta name=\"author\" content=\"piotrboczkowski\" \/>\n<meta name=\"twitter:card\" content=\"summary_large_image\" \/>\n<meta name=\"twitter:label1\" content=\"Written by\" \/>\n\t<meta name=\"twitter:data1\" content=\"WeLoveCycling\" \/>\n\t<meta name=\"twitter:label2\" content=\"Est. reading time\" \/>\n\t<meta name=\"twitter:data2\" content=\"1 minute\" \/>\n<script type=\"application\/ld+json\" class=\"yoast-schema-graph\">{\"@context\":\"https:\/\/schema.org\",\"@graph\":[{\"@type\":\"WebPage\",\"@id\":\"https:\/\/www.welovecycling.com\/pl\/2017\/09\/28\/zapraszamy-udzialu-lellek-group-gold-hill-maraton-glucholazy\/\",\"url\":\"https:\/\/www.welovecycling.com\/pl\/2017\/09\/28\/zapraszamy-udzialu-lellek-group-gold-hill-maraton-glucholazy\/\",\"name\":\"Zapraszamy do udzia\u0142u w LELLEK Group \u2013 Gold Hill Maraton G\u0142ucho\u0142azy! - \u0160koda We Love Cycling - Poland\",\"isPartOf\":{\"@id\":\"https:\/\/www.welovecycling.com\/pl\/#website\"},\"primaryImageOfPage\":{\"@id\":\"https:\/\/www.welovecycling.com\/pl\/2017\/09\/28\/zapraszamy-udzialu-lellek-group-gold-hill-maraton-glucholazy\/#primaryimage\"},\"image\":{\"@id\":\"https:\/\/www.welovecycling.com\/pl\/2017\/09\/28\/zapraszamy-udzialu-lellek-group-gold-hill-maraton-glucholazy\/#primaryimage\"},\"thumbnailUrl\":\"https:\/\/d2p6e6u75xmxt8.cloudfront.net\/5\/2017\/09\/shutterstock_283368272.jpg\",\"datePublished\":\"2017-09-28T12:50:27+00:00\",\"dateModified\":\"2017-10-01T10:30:29+00:00\",\"author\":{\"@id\":\"https:\/\/www.welovecycling.com\/pl\/#\/schema\/person\/0dba2d39da943db9df3fd8f4687e7f23\"},\"breadcrumb\":{\"@id\":\"https:\/\/www.welovecycling.com\/pl\/2017\/09\/28\/zapraszamy-udzialu-lellek-group-gold-hill-maraton-glucholazy\/#breadcrumb\"},\"inLanguage\":\"pl-PL\",\"potentialAction\":[{\"@type\":\"ReadAction\",\"target\":[\"https:\/\/www.welovecycling.com\/pl\/2017\/09\/28\/zapraszamy-udzialu-lellek-group-gold-hill-maraton-glucholazy\/\"]}]},{\"@type\":\"ImageObject\",\"inLanguage\":\"pl-PL\",\"@id\":\"https:\/\/www.welovecycling.com\/pl\/2017\/09\/28\/zapraszamy-udzialu-lellek-group-gold-hill-maraton-glucholazy\/#primaryimage\",\"url\":\"https:\/\/d2p6e6u75xmxt8.cloudfront.net\/5\/2017\/09\/shutterstock_283368272.jpg\",\"contentUrl\":\"https:\/\/d2p6e6u75xmxt8.cloudfront.net\/5\/2017\/09\/shutterstock_283368272.jpg\",\"width\":2851,\"height\":1901},{\"@type\":\"BreadcrumbList\",\"@id\":\"https:\/\/www.welovecycling.com\/pl\/2017\/09\/28\/zapraszamy-udzialu-lellek-group-gold-hill-maraton-glucholazy\/#breadcrumb\",\"itemListElement\":[{\"@type\":\"ListItem\",\"position\":1,\"name\":\"Home\",\"item\":\"https:\/\/www.welovecycling.com\/pl\/\"},{\"@type\":\"ListItem\",\"position\":2,\"name\":\"Zapraszamy do udzia\u0142u w LELLEK Group \u2013 Gold Hill Maraton G\u0142ucho\u0142azy!\"}]},{\"@type\":\"WebSite\",\"@id\":\"https:\/\/www.welovecycling.com\/pl\/#website\",\"url\":\"https:\/\/www.welovecycling.com\/pl\/\",\"name\":\"\u0160koda We Love Cycling - Poland\",\"description\":\"\",\"potentialAction\":[{\"@type\":\"SearchAction\",\"target\":{\"@type\":\"EntryPoint\",\"urlTemplate\":\"https:\/\/www.welovecycling.com\/pl\/?s={search_term_string}\"},\"query-input\":{\"@type\":\"PropertyValueSpecification\",\"valueRequired\":true,\"valueName\":\"search_term_string\"}}],\"inLanguage\":\"pl-PL\"},{\"@type\":\"Person\",\"@id\":\"https:\/\/www.welovecycling.com\/pl\/#\/schema\/person\/0dba2d39da943db9df3fd8f4687e7f23\",\"name\":\"piotrboczkowski\",\"image\":{\"@type\":\"ImageObject\",\"inLanguage\":\"pl-PL\",\"@id\":\"https:\/\/www.welovecycling.com\/pl\/#\/schema\/person\/image\/\",\"url\":\"https:\/\/secure.gravatar.com\/avatar\/533caccae14752e03a2ce2d3fd62d1b98b93e1393c3195c27819e53344ca1ace?s=96&d=mm&r=g\",\"contentUrl\":\"https:\/\/secure.gravatar.com\/avatar\/533caccae14752e03a2ce2d3fd62d1b98b93e1393c3195c27819e53344ca1ace?s=96&d=mm&r=g\",\"caption\":\"piotrboczkowski\"},\"url\":\"https:\/\/www.welovecycling.com\/pl\/author\/piotrboczkowski\/\"}]}<\/script>\n<!-- \/ Yoast SEO Premium plugin. -->","yoast_head_json":{"title":"Zapraszamy do udzia\u0142u w LELLEK Group \u2013 Gold Hill Maraton G\u0142ucho\u0142azy! - \u0160koda We Love Cycling - Poland","robots":{"index":"index","follow":"follow","max-snippet":"max-snippet:-1","max-image-preview":"max-image-preview:large","max-video-preview":"max-video-preview:-1"},"canonical":"https:\/\/www.welovecycling.com\/pl\/2017\/09\/28\/zapraszamy-udzialu-lellek-group-gold-hill-maraton-glucholazy\/","og_locale":"pl_PL","og_type":"article","og_title":"Zapraszamy do udzia\u0142u w LELLEK Group \u2013 Gold Hill Maraton G\u0142ucho\u0142azy!","og_description":"W ostatni weekend wrze\u015bnia zapraszamy wszystkich mi\u0142o\u015bnik\u00f3w rower\u00f3w do G\u0142ucho\u0142az!\u00a0To w\u0142a\u015bnie tu, w sercu G\u00f3r Opawskich, odb\u0119dzie si\u0119 prawdziwa fiesta [&hellip;]","og_url":"https:\/\/www.welovecycling.com\/pl\/2017\/09\/28\/zapraszamy-udzialu-lellek-group-gold-hill-maraton-glucholazy\/","og_site_name":"\u0160koda We Love Cycling - Poland","article_published_time":"2017-09-28T12:50:27+00:00","article_modified_time":"2017-10-01T10:30:29+00:00","og_image":[{"width":1024,"height":683,"url":"https:\/\/d2p6e6u75xmxt8.cloudfront.net\/5\/2017\/09\/shutterstock_283368272-1024x683.jpg","type":"image\/jpeg"}],"author":"piotrboczkowski","twitter_card":"summary_large_image","twitter_misc":{"Written by":"WeLoveCycling","Est. reading time":"1 minute"},"schema":{"@context":"https:\/\/schema.org","@graph":[{"@type":"WebPage","@id":"https:\/\/www.welovecycling.com\/pl\/2017\/09\/28\/zapraszamy-udzialu-lellek-group-gold-hill-maraton-glucholazy\/","url":"https:\/\/www.welovecycling.com\/pl\/2017\/09\/28\/zapraszamy-udzialu-lellek-group-gold-hill-maraton-glucholazy\/","name":"Zapraszamy do udzia\u0142u w LELLEK Group \u2013 Gold Hill Maraton G\u0142ucho\u0142azy! - \u0160koda We Love Cycling - Poland","isPartOf":{"@id":"https:\/\/www.welovecycling.com\/pl\/#website"},"primaryImageOfPage":{"@id":"https:\/\/www.welovecycling.com\/pl\/2017\/09\/28\/zapraszamy-udzialu-lellek-group-gold-hill-maraton-glucholazy\/#primaryimage"},"image":{"@id":"https:\/\/www.welovecycling.com\/pl\/2017\/09\/28\/zapraszamy-udzialu-lellek-group-gold-hill-maraton-glucholazy\/#primaryimage"},"thumbnailUrl":"https:\/\/d2p6e6u75xmxt8.cloudfront.net\/5\/2017\/09\/shutterstock_283368272.jpg","datePublished":"2017-09-28T12:50:27+00:00","dateModified":"2017-10-01T10:30:29+00:00","author":{"@id":"https:\/\/www.welovecycling.com\/pl\/#\/schema\/person\/0dba2d39da943db9df3fd8f4687e7f23"},"breadcrumb":{"@id":"https:\/\/www.welovecycling.com\/pl\/2017\/09\/28\/zapraszamy-udzialu-lellek-group-gold-hill-maraton-glucholazy\/#breadcrumb"},"inLanguage":"pl-PL","potentialAction":[{"@type":"ReadAction","target":["https:\/\/www.welovecycling.com\/pl\/2017\/09\/28\/zapraszamy-udzialu-lellek-group-gold-hill-maraton-glucholazy\/"]}]},{"@type":"ImageObject","inLanguage":"pl-PL","@id":"https:\/\/www.welovecycling.com\/pl\/2017\/09\/28\/zapraszamy-udzialu-lellek-group-gold-hill-maraton-glucholazy\/#primaryimage","url":"https:\/\/d2p6e6u75xmxt8.cloudfront.net\/5\/2017\/09\/shutterstock_283368272.jpg","contentUrl":"https:\/\/d2p6e6u75xmxt8.cloudfront.net\/5\/2017\/09\/shutterstock_283368272.jpg","width":2851,"height":1901},{"@type":"BreadcrumbList","@id":"https:\/\/www.welovecycling.com\/pl\/2017\/09\/28\/zapraszamy-udzialu-lellek-group-gold-hill-maraton-glucholazy\/#breadcrumb","itemListElement":[{"@type":"ListItem","position":1,"name":"Home","item":"https:\/\/www.welovecycling.com\/pl\/"},{"@type":"ListItem","position":2,"name":"Zapraszamy do udzia\u0142u w LELLEK Group \u2013 Gold Hill Maraton G\u0142ucho\u0142azy!"}]},{"@type":"WebSite","@id":"https:\/\/www.welovecycling.com\/pl\/#website","url":"https:\/\/www.welovecycling.com\/pl\/","name":"\u0160koda We Love Cycling - Poland","description":"","potentialAction":[{"@type":"SearchAction","target":{"@type":"EntryPoint","urlTemplate":"https:\/\/www.welovecycling.com\/pl\/?s={search_term_string}"},"query-input":{"@type":"PropertyValueSpecification","valueRequired":true,"valueName":"search_term_string"}}],"inLanguage":"pl-PL"},{"@type":"Person","@id":"https:\/\/www.welovecycling.com\/pl\/#\/schema\/person\/0dba2d39da943db9df3fd8f4687e7f23","name":"piotrboczkowski","image":{"@type":"ImageObject","inLanguage":"pl-PL","@id":"https:\/\/www.welovecycling.com\/pl\/#\/schema\/person\/image\/","url":"https:\/\/secure.gravatar.com\/avatar\/533caccae14752e03a2ce2d3fd62d1b98b93e1393c3195c27819e53344ca1ace?s=96&d=mm&r=g","contentUrl":"https:\/\/secure.gravatar.com\/avatar\/533caccae14752e03a2ce2d3fd62d1b98b93e1393c3195c27819e53344ca1ace?s=96&d=mm&r=g","caption":"piotrboczkowski"},"url":"https:\/\/www.welovecycling.com\/pl\/author\/piotrboczkowski\/"}]}},"_links":{"self":[{"href":"https:\/\/www.welovecycling.com\/pl\/wp-json\/wp\/v2\/posts\/5444","targetHints":{"allow":["GET"]}}],"collection":[{"href":"https:\/\/www.welovecycling.com\/pl\/wp-json\/wp\/v2\/posts"}],"about":[{"href":"https:\/\/www.welovecycling.com\/pl\/wp-json\/wp\/v2\/types\/post"}],"author":[{"embeddable":true,"href":"https:\/\/www.welovecycling.com\/pl\/wp-json\/wp\/v2\/users\/76"}],"replies":[{"embeddable":true,"href":"https:\/\/www.welovecycling.com\/pl\/wp-json\/wp\/v2\/comments?post=5444"}],"version-history":[{"count":2,"href":"https:\/\/www.welovecycling.com\/pl\/wp-json\/wp\/v2\/posts\/5444\/revisions"}],"predecessor-version":[{"id":5495,"href":"https:\/\/www.welovecycling.com\/pl\/wp-json\/wp\/v2\/posts\/5444\/revisions\/5495"}],"wp:featuredmedia":[{"embeddable":true,"href":"https:\/\/www.welovecycling.com\/pl\/wp-json\/wp\/v2\/media\/5445"}],"wp:attachment":[{"href":"https:\/\/www.welovecycling.com\/pl\/wp-json\/wp\/v2\/media?parent=5444"}],"wp:term":[{"taxonomy":"category","embeddable":true,"href":"https:\/\/www.welovecycling.com\/pl\/wp-json\/wp\/v2\/categories?post=5444"},{"taxonomy":"post_tag","embeddable":true,"href":"https:\/\/www.welovecycling.com\/pl\/wp-json\/wp\/v2\/tags?post=5444"},{"taxonomy":"global-categories","embeddable":true,"href":"https:\/\/www.welovecycling.com\/pl\/wp-json\/wp\/v2\/global-categories?post=5444"}],"curies":[{"name":"wp","href":"https:\/\/api.w.org\/{rel}","templated":true}]}}