{"id":5440,"date":"2017-09-28T10:47:13","date_gmt":"2017-09-28T10:47:13","guid":{"rendered":"https:\/\/www.welovecycling.com\/pl\/?p=5440"},"modified":"2017-10-01T10:20:42","modified_gmt":"2017-10-01T10:20:42","slug":"autoryzowany-dealer-skody-bednarek-napedza-pierwsze-uliczne-kryterium-ptc","status":"publish","type":"post","link":"https:\/\/www.welovecycling.com\/pl\/2017\/09\/28\/autoryzowany-dealer-skody-bednarek-napedza-pierwsze-uliczne-kryterium-ptc\/","title":{"rendered":"Autoryzowany dealer \u0160KODY Bednarek nap\u0119dza Pierwsze Uliczne Kryterium PTC"},"content":{"rendered":"<p><b>Ju\u017c 1 pa\u017adziernika (niedziela) zobaczymy si\u0119 na starcie Pierwszego Kryterium PTC\u00a0<\/b><b>w Pabianicach<\/b><b>!<\/b><b> Wszystkich rowerowych entuzjast\u00f3w zach\u0119camy do wzi\u0119cia udzia\u0142u\u00a0<\/b><b>w wy\u015bcigu, aktywnego kibicowania oraz odwiedzenia strefy autoryzowanego dealera\u00a0<\/b><b>\u0160<\/b><b>KODY Bednarek Dobro\u0144, gdzie b\u0119dzie czeka\u0107 mn\u00f3stwo ciekawych atrakcji! <\/b><b>Spotykamy si\u0119 <\/b><b>na <\/b><b>placu ko\u015bcielnym w Pabianicach, liczymy na Was!<\/b><!--more--><\/p>\n<p><span style=\"font-weight: 400;\">Pa\u017adziernikowy wy\u015bcig to pierwsza edycja lokalnej imprezy rowerowej, kt\u00f3ra b\u0119dzie si\u0119 rozgrywa\u0107 ulicami Pabianic. Kryterium PTC to wy\u015bcig o widowiskowej formule &#8211; na co drugim okr\u0105\u017ceniu pierwsi na mecie zawodnicy zbieraj\u0105 punkty do \u0142\u0105cznej klasyfikacji ko\u0144cowej. Zwyci\u0119zca zostanie wy\u0142oniony spo\u015br\u00f3d tych, kt\u00f3rzy na mecie b\u0119d\u0105 mieli ich najwi\u0119cej.<\/span><\/p>\n<p><span style=\"font-weight: 400;\">Do podj\u0119cia sportowej rywalizacji gor\u0105co zach\u0119camy doros\u0142ych, m\u0142odzie\u017c i dzieci. <\/span><span style=\"font-weight: 400;\">Dla laureat\u00f3w przewidzieli\u015bmy atrakcyjne nagrody! W specjalnie przygotowanej strefie \u0160KODY b\u0119dzie te\u017c panowa\u0107 prawdziwie rodzinna atmosfera. Nie obejdzie si\u0119 bez ciekawych konkurs\u00f3w i prezentacji najnowszych modeli samochod\u00f3w <\/span><span style=\"font-weight: 400;\">\u0160<\/span><span style=\"font-weight: 400;\">KODY. Zawody s\u0105 podzielone<\/span><span style=\"font-weight: 400;\"> na 3 kategorie<\/span>:<b> m\u0142odzie\u017c<\/b><span style=\"font-weight: 400;\"> (12-13 lat), <\/span><b>amatorzy na rowerach r\u00f3\u017cnych<\/b><span style=\"font-weight: 400;\"> (kategoria OPEN osobno dla kobiet i m\u0119\u017cczyzn) oraz <\/span><b>amatorzy z licencj\u0105<\/b><span style=\"font-weight: 400;\"> (podzia\u0142 na kategorie wiekowe).<\/span><\/p>\n<p><span style=\"font-weight: 400;\">1 <\/span><span style=\"font-weight: 400;\">pa\u017adziernika o 13.00 swoje zmagania rozpoczn\u0105 najm\u0142odsi, kt\u00f3rzy <\/span><span style=\"font-weight: 400;\">przejad\u0105<\/span><b> 3 okr\u0105\u017cenia po 2,5 km (\u0142\u0105cznie 7 km)<\/b><span style=\"font-weight: 400;\">. Nast\u0119pnie w zawodach wezm\u0105 udzia\u0142 amatorzy na rowerach r\u00f3\u017cnych<\/span> <span style=\"font-weight: 400;\">na dystansie<\/span><b> 9 okr\u0105\u017ce\u0144 po 2,5 km (\u0142\u0105cznie 22,5 km)<\/b><span style=\"font-weight: 400;\">. W ostatniej cz\u0119\u015bci rywalizacji wystartuj\u0105 amatorzy z licencjami, kt\u00f3rzy przejad\u0105 <\/span><b>18 okr\u0105\u017ce\u0144 po 2,5 km (\u0142\u0105cznie 45 km)<\/b><span style=\"font-weight: 400;\">. W\u015br\u00f3d nich znajdzie si\u0119 aktualny mistrz \u015bwiata Dominik Omiotek.<\/span><\/p>\n<p><span style=\"font-weight: 400;\">Pierwsze Kryterium Uliczne PTC to znakomita okazja do wsp\u00f3lnej zabawy w rodzinnym gronie oraz mo\u017cliwo\u015b\u0107 zapoznania si\u0119 nowo\u015bciami \u0160KODY za spraw\u0105 autoryzowanego dealera \u0160KODY Bednarek z Dobronia. Zapisy na wy\u015bcig <\/span><span style=\"font-weight: 400;\">od godz. 11.00 <\/span><span style=\"font-weight: 400;\">w dniu imprezy w Biurze Zawod\u00f3w.<\/span><\/p>\n<p><a href=\"https:\/\/d2p6e6u75xmxt8.cloudfront.net\/5\/2017\/09\/plakat_Pierwsze_Kryterium_PTC.jpg\"><img loading=\"lazy\" decoding=\"async\" class=\"alignnone size-full wp-image-5441\" src=\"https:\/\/d2p6e6u75xmxt8.cloudfront.net\/5\/2017\/09\/plakat_Pierwsze_Kryterium_PTC.jpg\" alt=\"\" width=\"720\" height=\"1008\" srcset=\"https:\/\/d2p6e6u75xmxt8.cloudfront.net\/5\/2017\/09\/plakat_Pierwsze_Kryterium_PTC.jpg 720w, https:\/\/d2p6e6u75xmxt8.cloudfront.net\/5\/2017\/09\/plakat_Pierwsze_Kryterium_PTC-214x300.jpg 214w\" sizes=\"auto, (max-width: 720px) 100vw, 720px\" \/><\/a><\/p>\n<p><span style=\"font-weight: 400;\">Do zobaczenia na starcie!<\/span><\/p>\n<p>&nbsp;<\/p>\n","protected":false},"excerpt":{"rendered":"<p>Ju\u017c 1 pa\u017adziernika (niedziela) zobaczymy si\u0119 na starcie Pierwszego Kryterium PTC\u00a0w Pabianicach! Wszystkich rowerowych entuzjast\u00f3w zach\u0119camy do wzi\u0119cia udzia\u0142u\u00a0w wy\u015bcigu, [&hellip;]<\/p>\n","protected":false},"author":76,"featured_media":5443,"comment_status":"open","ping_status":"open","sticky":false,"template":"","format":"standard","meta":{"footnotes":""},"categories":[1],"tags":[137,145],"global-categories":[],"class_list":["post-5440","post","type-post","status-publish","format-standard","has-post-thumbnail","hentry","category-uncategorized","tag-wyscigi","tag-zapowiedz"],"yoast_head":"<!-- This site is optimized with the Yoast SEO Premium plugin v25.3 (Yoast SEO v25.9) - https:\/\/yoast.com\/wordpress\/plugins\/seo\/ -->\n<title>Autoryzowany dealer \u0160KODY Bednarek nap\u0119dza Pierwsze Uliczne Kryterium PTC - \u0160koda We Love Cycling - Poland<\/title>\n<meta name=\"robots\" content=\"index, follow, max-snippet:-1, max-image-preview:large, max-video-preview:-1\" \/>\n<link rel=\"canonical\" href=\"https:\/\/www.welovecycling.com\/pl\/2017\/09\/28\/autoryzowany-dealer-skody-bednarek-napedza-pierwsze-uliczne-kryterium-ptc\/\" \/>\n<meta property=\"og:locale\" content=\"pl_PL\" \/>\n<meta property=\"og:type\" content=\"article\" \/>\n<meta property=\"og:title\" content=\"Autoryzowany dealer \u0160KODY Bednarek nap\u0119dza Pierwsze Uliczne Kryterium PTC\" \/>\n<meta property=\"og:description\" content=\"Ju\u017c 1 pa\u017adziernika (niedziela) zobaczymy si\u0119 na starcie Pierwszego Kryterium PTC\u00a0w Pabianicach! Wszystkich rowerowych entuzjast\u00f3w zach\u0119camy do wzi\u0119cia udzia\u0142u\u00a0w wy\u015bcigu, [&hellip;]\" \/>\n<meta property=\"og:url\" content=\"https:\/\/www.welovecycling.com\/pl\/2017\/09\/28\/autoryzowany-dealer-skody-bednarek-napedza-pierwsze-uliczne-kryterium-ptc\/\" \/>\n<meta property=\"og:site_name\" content=\"\u0160koda We Love Cycling - Poland\" \/>\n<meta property=\"article:published_time\" content=\"2017-09-28T10:47:13+00:00\" \/>\n<meta property=\"article:modified_time\" content=\"2017-10-01T10:20:42+00:00\" \/>\n<meta property=\"og:image\" content=\"https:\/\/d2p6e6u75xmxt8.cloudfront.net\/5\/2017\/09\/shutterstock_157004030-1024x681.jpg\" \/>\n\t<meta property=\"og:image:width\" content=\"1024\" \/>\n\t<meta property=\"og:image:height\" content=\"681\" \/>\n\t<meta property=\"og:image:type\" content=\"image\/jpeg\" \/>\n<meta name=\"author\" content=\"piotrboczkowski\" \/>\n<meta name=\"twitter:card\" content=\"summary_large_image\" \/>\n<meta name=\"twitter:label1\" content=\"Written by\" \/>\n\t<meta name=\"twitter:data1\" content=\"WeLoveCycling\" \/>\n\t<meta name=\"twitter:label2\" content=\"Est. reading time\" \/>\n\t<meta name=\"twitter:data2\" content=\"2 minutes\" \/>\n<script type=\"application\/ld+json\" class=\"yoast-schema-graph\">{\"@context\":\"https:\/\/schema.org\",\"@graph\":[{\"@type\":\"WebPage\",\"@id\":\"https:\/\/www.welovecycling.com\/pl\/2017\/09\/28\/autoryzowany-dealer-skody-bednarek-napedza-pierwsze-uliczne-kryterium-ptc\/\",\"url\":\"https:\/\/www.welovecycling.com\/pl\/2017\/09\/28\/autoryzowany-dealer-skody-bednarek-napedza-pierwsze-uliczne-kryterium-ptc\/\",\"name\":\"Autoryzowany dealer \u0160KODY Bednarek nap\u0119dza Pierwsze Uliczne Kryterium PTC - \u0160koda We Love Cycling - Poland\",\"isPartOf\":{\"@id\":\"https:\/\/www.welovecycling.com\/pl\/#website\"},\"primaryImageOfPage\":{\"@id\":\"https:\/\/www.welovecycling.com\/pl\/2017\/09\/28\/autoryzowany-dealer-skody-bednarek-napedza-pierwsze-uliczne-kryterium-ptc\/#primaryimage\"},\"image\":{\"@id\":\"https:\/\/www.welovecycling.com\/pl\/2017\/09\/28\/autoryzowany-dealer-skody-bednarek-napedza-pierwsze-uliczne-kryterium-ptc\/#primaryimage\"},\"thumbnailUrl\":\"https:\/\/d2p6e6u75xmxt8.cloudfront.net\/5\/2017\/09\/shutterstock_157004030-e1506596013772.jpg\",\"datePublished\":\"2017-09-28T10:47:13+00:00\",\"dateModified\":\"2017-10-01T10:20:42+00:00\",\"author\":{\"@id\":\"https:\/\/www.welovecycling.com\/pl\/#\/schema\/person\/0dba2d39da943db9df3fd8f4687e7f23\"},\"breadcrumb\":{\"@id\":\"https:\/\/www.welovecycling.com\/pl\/2017\/09\/28\/autoryzowany-dealer-skody-bednarek-napedza-pierwsze-uliczne-kryterium-ptc\/#breadcrumb\"},\"inLanguage\":\"pl-PL\",\"potentialAction\":[{\"@type\":\"ReadAction\",\"target\":[\"https:\/\/www.welovecycling.com\/pl\/2017\/09\/28\/autoryzowany-dealer-skody-bednarek-napedza-pierwsze-uliczne-kryterium-ptc\/\"]}]},{\"@type\":\"ImageObject\",\"inLanguage\":\"pl-PL\",\"@id\":\"https:\/\/www.welovecycling.com\/pl\/2017\/09\/28\/autoryzowany-dealer-skody-bednarek-napedza-pierwsze-uliczne-kryterium-ptc\/#primaryimage\",\"url\":\"https:\/\/d2p6e6u75xmxt8.cloudfront.net\/5\/2017\/09\/shutterstock_157004030-e1506596013772.jpg\",\"contentUrl\":\"https:\/\/d2p6e6u75xmxt8.cloudfront.net\/5\/2017\/09\/shutterstock_157004030-e1506596013772.jpg\",\"width\":3000,\"height\":1996},{\"@type\":\"BreadcrumbList\",\"@id\":\"https:\/\/www.welovecycling.com\/pl\/2017\/09\/28\/autoryzowany-dealer-skody-bednarek-napedza-pierwsze-uliczne-kryterium-ptc\/#breadcrumb\",\"itemListElement\":[{\"@type\":\"ListItem\",\"position\":1,\"name\":\"Home\",\"item\":\"https:\/\/www.welovecycling.com\/pl\/\"},{\"@type\":\"ListItem\",\"position\":2,\"name\":\"Autoryzowany dealer \u0160KODY Bednarek nap\u0119dza Pierwsze Uliczne Kryterium PTC\"}]},{\"@type\":\"WebSite\",\"@id\":\"https:\/\/www.welovecycling.com\/pl\/#website\",\"url\":\"https:\/\/www.welovecycling.com\/pl\/\",\"name\":\"\u0160koda We Love Cycling - Poland\",\"description\":\"\",\"potentialAction\":[{\"@type\":\"SearchAction\",\"target\":{\"@type\":\"EntryPoint\",\"urlTemplate\":\"https:\/\/www.welovecycling.com\/pl\/?s={search_term_string}\"},\"query-input\":{\"@type\":\"PropertyValueSpecification\",\"valueRequired\":true,\"valueName\":\"search_term_string\"}}],\"inLanguage\":\"pl-PL\"},{\"@type\":\"Person\",\"@id\":\"https:\/\/www.welovecycling.com\/pl\/#\/schema\/person\/0dba2d39da943db9df3fd8f4687e7f23\",\"name\":\"piotrboczkowski\",\"image\":{\"@type\":\"ImageObject\",\"inLanguage\":\"pl-PL\",\"@id\":\"https:\/\/www.welovecycling.com\/pl\/#\/schema\/person\/image\/\",\"url\":\"https:\/\/secure.gravatar.com\/avatar\/533caccae14752e03a2ce2d3fd62d1b98b93e1393c3195c27819e53344ca1ace?s=96&d=mm&r=g\",\"contentUrl\":\"https:\/\/secure.gravatar.com\/avatar\/533caccae14752e03a2ce2d3fd62d1b98b93e1393c3195c27819e53344ca1ace?s=96&d=mm&r=g\",\"caption\":\"piotrboczkowski\"},\"url\":\"https:\/\/www.welovecycling.com\/pl\/author\/piotrboczkowski\/\"}]}<\/script>\n<!-- \/ Yoast SEO Premium plugin. -->","yoast_head_json":{"title":"Autoryzowany dealer \u0160KODY Bednarek nap\u0119dza Pierwsze Uliczne Kryterium PTC - \u0160koda We Love Cycling - Poland","robots":{"index":"index","follow":"follow","max-snippet":"max-snippet:-1","max-image-preview":"max-image-preview:large","max-video-preview":"max-video-preview:-1"},"canonical":"https:\/\/www.welovecycling.com\/pl\/2017\/09\/28\/autoryzowany-dealer-skody-bednarek-napedza-pierwsze-uliczne-kryterium-ptc\/","og_locale":"pl_PL","og_type":"article","og_title":"Autoryzowany dealer \u0160KODY Bednarek nap\u0119dza Pierwsze Uliczne Kryterium PTC","og_description":"Ju\u017c 1 pa\u017adziernika (niedziela) zobaczymy si\u0119 na starcie Pierwszego Kryterium PTC\u00a0w Pabianicach! Wszystkich rowerowych entuzjast\u00f3w zach\u0119camy do wzi\u0119cia udzia\u0142u\u00a0w wy\u015bcigu, [&hellip;]","og_url":"https:\/\/www.welovecycling.com\/pl\/2017\/09\/28\/autoryzowany-dealer-skody-bednarek-napedza-pierwsze-uliczne-kryterium-ptc\/","og_site_name":"\u0160koda We Love Cycling - Poland","article_published_time":"2017-09-28T10:47:13+00:00","article_modified_time":"2017-10-01T10:20:42+00:00","og_image":[{"width":1024,"height":681,"url":"https:\/\/d2p6e6u75xmxt8.cloudfront.net\/5\/2017\/09\/shutterstock_157004030-1024x681.jpg","type":"image\/jpeg"}],"author":"piotrboczkowski","twitter_card":"summary_large_image","twitter_misc":{"Written by":"WeLoveCycling","Est. reading time":"2 minutes"},"schema":{"@context":"https:\/\/schema.org","@graph":[{"@type":"WebPage","@id":"https:\/\/www.welovecycling.com\/pl\/2017\/09\/28\/autoryzowany-dealer-skody-bednarek-napedza-pierwsze-uliczne-kryterium-ptc\/","url":"https:\/\/www.welovecycling.com\/pl\/2017\/09\/28\/autoryzowany-dealer-skody-bednarek-napedza-pierwsze-uliczne-kryterium-ptc\/","name":"Autoryzowany dealer \u0160KODY Bednarek nap\u0119dza Pierwsze Uliczne Kryterium PTC - \u0160koda We Love Cycling - Poland","isPartOf":{"@id":"https:\/\/www.welovecycling.com\/pl\/#website"},"primaryImageOfPage":{"@id":"https:\/\/www.welovecycling.com\/pl\/2017\/09\/28\/autoryzowany-dealer-skody-bednarek-napedza-pierwsze-uliczne-kryterium-ptc\/#primaryimage"},"image":{"@id":"https:\/\/www.welovecycling.com\/pl\/2017\/09\/28\/autoryzowany-dealer-skody-bednarek-napedza-pierwsze-uliczne-kryterium-ptc\/#primaryimage"},"thumbnailUrl":"https:\/\/d2p6e6u75xmxt8.cloudfront.net\/5\/2017\/09\/shutterstock_157004030-e1506596013772.jpg","datePublished":"2017-09-28T10:47:13+00:00","dateModified":"2017-10-01T10:20:42+00:00","author":{"@id":"https:\/\/www.welovecycling.com\/pl\/#\/schema\/person\/0dba2d39da943db9df3fd8f4687e7f23"},"breadcrumb":{"@id":"https:\/\/www.welovecycling.com\/pl\/2017\/09\/28\/autoryzowany-dealer-skody-bednarek-napedza-pierwsze-uliczne-kryterium-ptc\/#breadcrumb"},"inLanguage":"pl-PL","potentialAction":[{"@type":"ReadAction","target":["https:\/\/www.welovecycling.com\/pl\/2017\/09\/28\/autoryzowany-dealer-skody-bednarek-napedza-pierwsze-uliczne-kryterium-ptc\/"]}]},{"@type":"ImageObject","inLanguage":"pl-PL","@id":"https:\/\/www.welovecycling.com\/pl\/2017\/09\/28\/autoryzowany-dealer-skody-bednarek-napedza-pierwsze-uliczne-kryterium-ptc\/#primaryimage","url":"https:\/\/d2p6e6u75xmxt8.cloudfront.net\/5\/2017\/09\/shutterstock_157004030-e1506596013772.jpg","contentUrl":"https:\/\/d2p6e6u75xmxt8.cloudfront.net\/5\/2017\/09\/shutterstock_157004030-e1506596013772.jpg","width":3000,"height":1996},{"@type":"BreadcrumbList","@id":"https:\/\/www.welovecycling.com\/pl\/2017\/09\/28\/autoryzowany-dealer-skody-bednarek-napedza-pierwsze-uliczne-kryterium-ptc\/#breadcrumb","itemListElement":[{"@type":"ListItem","position":1,"name":"Home","item":"https:\/\/www.welovecycling.com\/pl\/"},{"@type":"ListItem","position":2,"name":"Autoryzowany dealer \u0160KODY Bednarek nap\u0119dza Pierwsze Uliczne Kryterium PTC"}]},{"@type":"WebSite","@id":"https:\/\/www.welovecycling.com\/pl\/#website","url":"https:\/\/www.welovecycling.com\/pl\/","name":"\u0160koda We Love Cycling - Poland","description":"","potentialAction":[{"@type":"SearchAction","target":{"@type":"EntryPoint","urlTemplate":"https:\/\/www.welovecycling.com\/pl\/?s={search_term_string}"},"query-input":{"@type":"PropertyValueSpecification","valueRequired":true,"valueName":"search_term_string"}}],"inLanguage":"pl-PL"},{"@type":"Person","@id":"https:\/\/www.welovecycling.com\/pl\/#\/schema\/person\/0dba2d39da943db9df3fd8f4687e7f23","name":"piotrboczkowski","image":{"@type":"ImageObject","inLanguage":"pl-PL","@id":"https:\/\/www.welovecycling.com\/pl\/#\/schema\/person\/image\/","url":"https:\/\/secure.gravatar.com\/avatar\/533caccae14752e03a2ce2d3fd62d1b98b93e1393c3195c27819e53344ca1ace?s=96&d=mm&r=g","contentUrl":"https:\/\/secure.gravatar.com\/avatar\/533caccae14752e03a2ce2d3fd62d1b98b93e1393c3195c27819e53344ca1ace?s=96&d=mm&r=g","caption":"piotrboczkowski"},"url":"https:\/\/www.welovecycling.com\/pl\/author\/piotrboczkowski\/"}]}},"_links":{"self":[{"href":"https:\/\/www.welovecycling.com\/pl\/wp-json\/wp\/v2\/posts\/5440","targetHints":{"allow":["GET"]}}],"collection":[{"href":"https:\/\/www.welovecycling.com\/pl\/wp-json\/wp\/v2\/posts"}],"about":[{"href":"https:\/\/www.welovecycling.com\/pl\/wp-json\/wp\/v2\/types\/post"}],"author":[{"embeddable":true,"href":"https:\/\/www.welovecycling.com\/pl\/wp-json\/wp\/v2\/users\/76"}],"replies":[{"embeddable":true,"href":"https:\/\/www.welovecycling.com\/pl\/wp-json\/wp\/v2\/comments?post=5440"}],"version-history":[{"count":2,"href":"https:\/\/www.welovecycling.com\/pl\/wp-json\/wp\/v2\/posts\/5440\/revisions"}],"predecessor-version":[{"id":5492,"href":"https:\/\/www.welovecycling.com\/pl\/wp-json\/wp\/v2\/posts\/5440\/revisions\/5492"}],"wp:featuredmedia":[{"embeddable":true,"href":"https:\/\/www.welovecycling.com\/pl\/wp-json\/wp\/v2\/media\/5443"}],"wp:attachment":[{"href":"https:\/\/www.welovecycling.com\/pl\/wp-json\/wp\/v2\/media?parent=5440"}],"wp:term":[{"taxonomy":"category","embeddable":true,"href":"https:\/\/www.welovecycling.com\/pl\/wp-json\/wp\/v2\/categories?post=5440"},{"taxonomy":"post_tag","embeddable":true,"href":"https:\/\/www.welovecycling.com\/pl\/wp-json\/wp\/v2\/tags?post=5440"},{"taxonomy":"global-categories","embeddable":true,"href":"https:\/\/www.welovecycling.com\/pl\/wp-json\/wp\/v2\/global-categories?post=5440"}],"curies":[{"name":"wp","href":"https:\/\/api.w.org\/{rel}","templated":true}]}}