{"id":5428,"date":"2017-09-26T21:43:30","date_gmt":"2017-09-26T21:43:30","guid":{"rendered":"https:\/\/www.welovecycling.com\/pl\/?p=5428"},"modified":"2017-10-01T09:14:00","modified_gmt":"2017-10-01T09:14:00","slug":"ze-niby-plec-slabsza-panie-utarly-nosa-panom-tour-de-france","status":"publish","type":"post","link":"https:\/\/www.welovecycling.com\/pl\/2017\/09\/26\/ze-niby-plec-slabsza-panie-utarly-nosa-panom-tour-de-france\/","title":{"rendered":"\u017be niby p\u0142e\u0107 s\u0142absza? Panie utar\u0142y nosa panom na Tour de France!"},"content":{"rendered":"<p><span style=\"font-weight: 400;\">Gdyby nie czaruj\u0105ce u\u015bmiechy i w\u0142osy powiewaj\u0105ce spod kask\u00f3w, trudno by\u0142oby si\u0119 po\u0142apa\u0107, \u017ce tym razem to panie, a nie panowie walcz\u0105 na trasie Wielkiej P\u0119tli. \u017be\u0144ski Tour de France zaczyna\u0142 nie\u015bmia\u0142o, ale teraz ro\u015bnie w si\u0142\u0119!<\/span><\/p>\n<p><span style=\"font-weight: 400;\">Trasa? Wiedzie tymi samymi terenami co u pan\u00f3w. Kibice? Pewnie jest ich troch\u0119 mniej, ale to wci\u0105\u017c ten sam kolorowy korow\u00f3d przebiera\u0144c\u00f3w, dla kt\u00f3rych kolarstwo jest sensem \u017cycia. Rywalizacja? R\u00f3wnie zaci\u0119ta.<\/span><\/p>\n<p><b>Pomys\u0142 z biathlonu i bieg\u00f3w narciarskich<\/b><\/p>\n<p><span style=\"font-weight: 400;\">Od czterech lat podczas Tour de France rozgrywany jest tak\u017ce La Course by le Tour de France, czyli Tour de France kobiet. Tegoroczny by\u0142 prze\u0142omowy, bo nie ko\u0144czy\u0142 si\u0119 jednodniowym \u015bciganiem na Polach Elizejskich, ale dwoma etapami, kt\u00f3re mia\u0142y w sobie ca\u0142e pi\u0119kno kolarstwa \u2013 najpierw wspinaczka, nast\u0119pnie wy\u015bcig po\u015bcigowy.<\/span><\/p>\n<p><span style=\"font-weight: 400;\">\u2013 Pomys\u0142, kt\u00f3ry zaczerpn\u0119li\u015bmy z bieg\u00f3w narciarskich i biathlonu, nie by\u0142 jeszcze testowany w kolarstwie \u2013 podkre\u015bla\u0142 przed imprez\u0105 Thierry Gouvenou, dyrektor Tour de France, kt\u00f3ry po wy\u015bcigu m\u00f3g\u0142 odetchn\u0105\u0107, bo impreza okaza\u0142a si\u0119 strza\u0142em w dziesi\u0105tk\u0119.<\/span><\/p>\n<p><span style=\"font-weight: 400;\">Kobiety we Francji wystawi\u0142y a\u017c 21 team\u00f3w, czyli tylko jeden mniej ni\u017c m\u0119\u017cczy\u017ani. Do m\u0119skiej trasy do\u0142\u0105czy\u0142y na 18. etapie, czyli na trudnym, g\u00f3rskim podje\u017adzie. Nie mia\u0142y do pokonania ca\u0142ych 180 km jak panowie, ale 67. Meta jednak te\u017c by\u0142a usytuowana na wymagaj\u0105cej prze\u0142\u0119czy Izoard w Alpach.<\/span><\/p>\n<p><b>Uznanie komentator\u00f3w<\/b><\/p>\n<p><span style=\"font-weight: 400;\">I nie ma co ukrywa\u0107 \u2013 wielu kibic\u00f3w nie mia\u0142o swoich faworytek, ale przygl\u0105dali si\u0119 wy\u015bcigowi, by si\u0119 przekona\u0107, czy panie na pewno dadz\u0105 rad\u0119 g\u00f3rze, kt\u00f3r\u0105 przeklina wielu zawodowc\u00f3w. O amatorach nie wspominaj\u0105c, bo pewnie cz\u0119\u015b\u0107 dostawa\u0142a zadyszki i zawrot\u00f3w g\u0142owy ju\u017c od samego patrzenia na kr\u0119te drogi prowadz\u0105ce na szczyt.<\/span><\/p>\n<p><span style=\"font-weight: 400;\">Holenderka Annemiek van Vleuten, zwyci\u0119\u017cczyni pierwszego etapu, w pewnym momencie na peda\u0142y naciska\u0142a ju\u017c chyba tylko si\u0142\u0105 woli. Je\u017adzi\u0142a od prawej kraw\u0119dzi do lewej i gdyby nie by\u0142a zawodowcem, to pewnie cisn\u0119\u0142aby rowerem i krzykn\u0119\u0142a: \u201eMam do\u015b\u0107, dalej nie jad\u0119!\u201d.<\/span><\/p>\n<p><span style=\"font-weight: 400;\">&#8211; Ten podjazd kosztowa\u0142 j\u0105 wiele wysi\u0142ku \u2013 m\u00f3wili z uznaniem komentatorzy, a sama Van Vleuten przyzna\u0142a, \u017ce momentami jecha\u0142o jej si\u0119 bardzo ci\u0119\u017cko.<\/span><\/p>\n<p><span style=\"font-weight: 400;\">&#8211; To by\u0142a bardzo trudna wspinaczka. Wiedzia\u0142am, \u017ce ca\u0142y czas musz\u0119 kontrolowa\u0107 wysi\u0142ek \u2013 przyzna\u0142a z kolei W\u0142oszka Elisa Longo Borghini, kt\u00f3ra na mecie zameldowa\u0142a si\u0119 trzecia.<\/span><\/p>\n<p><b>Pi\u0119kno i szybko\u015b\u0107<\/b><\/p>\n<p><span style=\"font-weight: 400;\">Do czas\u00f3wki zakwalifikowa\u0142o si\u0119 20 najlepszych zawodniczek z pierwszego etapu, w tym Polka Katarzyna Niewiadoma (kt\u00f3ra ostatecznie zaj\u0119\u0142a \u00f3sme miejsce).<\/span><\/p>\n<p><span style=\"font-weight: 400;\">Drugi etap zosta\u0142 rozegrany w Marsylii, na trudnej technicznie, 22-kilometrowej trasie. Kr\u0119tej, momentami bardzo szybkiej, ale te\u017c wystawionej na podmuchy wiatru. Tym razem zawodniczki mia\u0142y do przejechania dok\u0142adnie t\u0119 sam\u0105 tras\u0119 co panowie i okaza\u0142o si\u0119, \u017ce niekt\u00f3re panie by\u0142y od nich szybsze! <\/span><\/p>\n<p><span style=\"font-weight: 400;\">Van Vleuten pokona\u0142a dystans w 32 minuty i 52 sekundy, czyli szybciej ni\u017c trzech m\u0119\u017cczyzn. Nie pami\u0119tamy, czy ci zawodnicy nie zaliczyli jaki\u015b upadk\u00f3w, ale nawet je\u015bli tak, to w ko\u0144cu panowanie nad rowerem i umiej\u0119tne szacowanie mo\u017cliwo\u015bci te\u017c wchodzi w sk\u0142ad kolarskiej sztuki.<\/span><\/p>\n<p><span style=\"font-weight: 400;\">Wie co\u015b o tym Maciej Bodnar, kt\u00f3ry w\u0142a\u015bnie w Marsylii osi\u0105gn\u0105\u0142 historyczny wynik \u2013 wygra\u0142 etap Tour de France. Od Van Vleuten by\u0142 szybszy o 4 minuty i 37 sekund.<\/span><\/p>\n<p><span style=\"font-weight: 400;\">&#8211; To by\u0142o co\u015b wspania\u0142ego. Ogl\u0105da\u0142o nas wielu ludzi, co nakr\u0119ca\u0142o do jeszcze szybciej jazdy. Mam nadziej\u0119, \u017ce zapewni\u0142y\u015bmy kibicom fajn\u0105 rozrywk\u0119 \u2013 m\u00f3wi\u0142a na mecie szcz\u0119\u015bliwa Van Vleuten.<\/span><\/p>\n<p><span style=\"font-weight: 400;\">&#8211; S\u0105dz\u0119, \u017ce ludzie naprawd\u0119 lubi\u0105 patrze\u0107 na dziewczyny, kt\u00f3re nie do\u015b\u0107, \u017ce s\u0105 pi\u0119kne, to jeszcze potrafi\u0105 szybko je\u017adzi\u0107 na rowerach \u2013 doda\u0142 z u\u015bmiechem Francuz <\/span><span style=\"font-weight: 400;\">Warren Barguil, zwyci\u0119zca dw\u00f3ch etap\u00f3w tegorocznej Wielkiej P\u0119tli, a tak\u017ce klasyfikacji g\u00f3rskiej.<\/span><\/p>\n<p><a href=\"https:\/\/d2p6e6u75xmxt8.cloudfront.net\/5\/2017\/09\/20161214109_20160725205_241535.jpg\"><img loading=\"lazy\" decoding=\"async\" class=\"size-full wp-image-5432\" src=\"https:\/\/d2p6e6u75xmxt8.cloudfront.net\/5\/2017\/09\/20161214109_20160725205_241535.jpg\" alt=\"\" width=\"1000\" height=\"666\" srcset=\"https:\/\/d2p6e6u75xmxt8.cloudfront.net\/5\/2017\/09\/20161214109_20160725205_241535.jpg 1000w, https:\/\/d2p6e6u75xmxt8.cloudfront.net\/5\/2017\/09\/20161214109_20160725205_241535-300x200.jpg 300w, https:\/\/d2p6e6u75xmxt8.cloudfront.net\/5\/2017\/09\/20161214109_20160725205_241535-768x511.jpg 768w, https:\/\/d2p6e6u75xmxt8.cloudfront.net\/5\/2017\/09\/20161214109_20160725205_241535-272x182.jpg 272w\" sizes=\"auto, (max-width: 1000px) 100vw, 1000px\" \/><\/a><\/p>\n<p><span style=\"font-weight: 400;\">Sponsorem Tour de France jest \u0160koda.<\/span><\/p>\n<p>(\u017ar\u00f3d\u0142o zdj\u0119\u0107: www.letour.com \u00a9 A.S.O. \/ P.Ballet)<\/p>\n","protected":false},"excerpt":{"rendered":"<p>Gdyby nie czaruj\u0105ce u\u015bmiechy i w\u0142osy powiewaj\u0105ce spod kask\u00f3w, trudno by\u0142oby si\u0119 po\u0142apa\u0107, \u017ce tym razem to panie, a nie [&hellip;]<\/p>\n","protected":false},"author":76,"featured_media":5435,"comment_status":"open","ping_status":"open","sticky":false,"template":"","format":"standard","meta":{"footnotes":""},"categories":[1],"tags":[77,82],"global-categories":[],"class_list":["post-5428","post","type-post","status-publish","format-standard","has-post-thumbnail","hentry","category-uncategorized","tag-tour-de-france","tag-welovecycling"],"yoast_head":"<!-- This site is optimized with the Yoast SEO Premium plugin v25.3 (Yoast SEO v25.9) - https:\/\/yoast.com\/wordpress\/plugins\/seo\/ -->\n<title>\u017be niby p\u0142e\u0107 s\u0142absza? Panie utar\u0142y nosa panom na Tour de France! - \u0160koda We Love Cycling - Poland<\/title>\n<meta name=\"robots\" content=\"index, follow, max-snippet:-1, max-image-preview:large, max-video-preview:-1\" \/>\n<link rel=\"canonical\" href=\"https:\/\/www.welovecycling.com\/pl\/2017\/09\/26\/ze-niby-plec-slabsza-panie-utarly-nosa-panom-tour-de-france\/\" \/>\n<meta property=\"og:locale\" content=\"pl_PL\" \/>\n<meta property=\"og:type\" content=\"article\" \/>\n<meta property=\"og:title\" content=\"\u017be niby p\u0142e\u0107 s\u0142absza? Panie utar\u0142y nosa panom na Tour de France!\" \/>\n<meta property=\"og:description\" content=\"Gdyby nie czaruj\u0105ce u\u015bmiechy i w\u0142osy powiewaj\u0105ce spod kask\u00f3w, trudno by\u0142oby si\u0119 po\u0142apa\u0107, \u017ce tym razem to panie, a nie [&hellip;]\" \/>\n<meta property=\"og:url\" content=\"https:\/\/www.welovecycling.com\/pl\/2017\/09\/26\/ze-niby-plec-slabsza-panie-utarly-nosa-panom-tour-de-france\/\" \/>\n<meta property=\"og:site_name\" content=\"\u0160koda We Love Cycling - Poland\" \/>\n<meta property=\"article:published_time\" content=\"2017-09-26T21:43:30+00:00\" \/>\n<meta property=\"article:modified_time\" content=\"2017-10-01T09:14:00+00:00\" \/>\n<meta property=\"og:image\" content=\"https:\/\/d2p6e6u75xmxt8.cloudfront.net\/5\/2017\/09\/2016121497_20160725193_241516-2.jpg\" \/>\n\t<meta property=\"og:image:width\" content=\"1000\" \/>\n\t<meta property=\"og:image:height\" content=\"666\" \/>\n\t<meta property=\"og:image:type\" content=\"image\/jpeg\" \/>\n<meta name=\"author\" content=\"piotrboczkowski\" \/>\n<meta name=\"twitter:card\" content=\"summary_large_image\" \/>\n<meta name=\"twitter:label1\" content=\"Written by\" \/>\n\t<meta name=\"twitter:data1\" content=\"WeLoveCycling\" \/>\n\t<meta name=\"twitter:label2\" content=\"Est. reading time\" \/>\n\t<meta name=\"twitter:data2\" content=\"3 minutes\" \/>\n<script type=\"application\/ld+json\" class=\"yoast-schema-graph\">{\"@context\":\"https:\/\/schema.org\",\"@graph\":[{\"@type\":\"WebPage\",\"@id\":\"https:\/\/www.welovecycling.com\/pl\/2017\/09\/26\/ze-niby-plec-slabsza-panie-utarly-nosa-panom-tour-de-france\/\",\"url\":\"https:\/\/www.welovecycling.com\/pl\/2017\/09\/26\/ze-niby-plec-slabsza-panie-utarly-nosa-panom-tour-de-france\/\",\"name\":\"\u017be niby p\u0142e\u0107 s\u0142absza? Panie utar\u0142y nosa panom na Tour de France! - \u0160koda We Love Cycling - Poland\",\"isPartOf\":{\"@id\":\"https:\/\/www.welovecycling.com\/pl\/#website\"},\"primaryImageOfPage\":{\"@id\":\"https:\/\/www.welovecycling.com\/pl\/2017\/09\/26\/ze-niby-plec-slabsza-panie-utarly-nosa-panom-tour-de-france\/#primaryimage\"},\"image\":{\"@id\":\"https:\/\/www.welovecycling.com\/pl\/2017\/09\/26\/ze-niby-plec-slabsza-panie-utarly-nosa-panom-tour-de-france\/#primaryimage\"},\"thumbnailUrl\":\"https:\/\/d2p6e6u75xmxt8.cloudfront.net\/5\/2017\/09\/2016121497_20160725193_241516-2.jpg\",\"datePublished\":\"2017-09-26T21:43:30+00:00\",\"dateModified\":\"2017-10-01T09:14:00+00:00\",\"author\":{\"@id\":\"https:\/\/www.welovecycling.com\/pl\/#\/schema\/person\/0dba2d39da943db9df3fd8f4687e7f23\"},\"breadcrumb\":{\"@id\":\"https:\/\/www.welovecycling.com\/pl\/2017\/09\/26\/ze-niby-plec-slabsza-panie-utarly-nosa-panom-tour-de-france\/#breadcrumb\"},\"inLanguage\":\"pl-PL\",\"potentialAction\":[{\"@type\":\"ReadAction\",\"target\":[\"https:\/\/www.welovecycling.com\/pl\/2017\/09\/26\/ze-niby-plec-slabsza-panie-utarly-nosa-panom-tour-de-france\/\"]}]},{\"@type\":\"ImageObject\",\"inLanguage\":\"pl-PL\",\"@id\":\"https:\/\/www.welovecycling.com\/pl\/2017\/09\/26\/ze-niby-plec-slabsza-panie-utarly-nosa-panom-tour-de-france\/#primaryimage\",\"url\":\"https:\/\/d2p6e6u75xmxt8.cloudfront.net\/5\/2017\/09\/2016121497_20160725193_241516-2.jpg\",\"contentUrl\":\"https:\/\/d2p6e6u75xmxt8.cloudfront.net\/5\/2017\/09\/2016121497_20160725193_241516-2.jpg\",\"width\":1000,\"height\":666,\"caption\":\"La Course by Le Tour de France 2016 - 24\/07\/2016 - Paris (89 km) - France - Chloe Hosking; equipeWiggle High5; victorieuse La Course by le Tour de France sur l'Avenue des Champs Elysees a Paris\"},{\"@type\":\"BreadcrumbList\",\"@id\":\"https:\/\/www.welovecycling.com\/pl\/2017\/09\/26\/ze-niby-plec-slabsza-panie-utarly-nosa-panom-tour-de-france\/#breadcrumb\",\"itemListElement\":[{\"@type\":\"ListItem\",\"position\":1,\"name\":\"Home\",\"item\":\"https:\/\/www.welovecycling.com\/pl\/\"},{\"@type\":\"ListItem\",\"position\":2,\"name\":\"\u017be niby p\u0142e\u0107 s\u0142absza? Panie utar\u0142y nosa panom na Tour de France!\"}]},{\"@type\":\"WebSite\",\"@id\":\"https:\/\/www.welovecycling.com\/pl\/#website\",\"url\":\"https:\/\/www.welovecycling.com\/pl\/\",\"name\":\"\u0160koda We Love Cycling - Poland\",\"description\":\"\",\"potentialAction\":[{\"@type\":\"SearchAction\",\"target\":{\"@type\":\"EntryPoint\",\"urlTemplate\":\"https:\/\/www.welovecycling.com\/pl\/?s={search_term_string}\"},\"query-input\":{\"@type\":\"PropertyValueSpecification\",\"valueRequired\":true,\"valueName\":\"search_term_string\"}}],\"inLanguage\":\"pl-PL\"},{\"@type\":\"Person\",\"@id\":\"https:\/\/www.welovecycling.com\/pl\/#\/schema\/person\/0dba2d39da943db9df3fd8f4687e7f23\",\"name\":\"piotrboczkowski\",\"image\":{\"@type\":\"ImageObject\",\"inLanguage\":\"pl-PL\",\"@id\":\"https:\/\/www.welovecycling.com\/pl\/#\/schema\/person\/image\/\",\"url\":\"https:\/\/secure.gravatar.com\/avatar\/533caccae14752e03a2ce2d3fd62d1b98b93e1393c3195c27819e53344ca1ace?s=96&d=mm&r=g\",\"contentUrl\":\"https:\/\/secure.gravatar.com\/avatar\/533caccae14752e03a2ce2d3fd62d1b98b93e1393c3195c27819e53344ca1ace?s=96&d=mm&r=g\",\"caption\":\"piotrboczkowski\"},\"url\":\"https:\/\/www.welovecycling.com\/pl\/author\/piotrboczkowski\/\"}]}<\/script>\n<!-- \/ Yoast SEO Premium plugin. -->","yoast_head_json":{"title":"\u017be niby p\u0142e\u0107 s\u0142absza? Panie utar\u0142y nosa panom na Tour de France! - \u0160koda We Love Cycling - Poland","robots":{"index":"index","follow":"follow","max-snippet":"max-snippet:-1","max-image-preview":"max-image-preview:large","max-video-preview":"max-video-preview:-1"},"canonical":"https:\/\/www.welovecycling.com\/pl\/2017\/09\/26\/ze-niby-plec-slabsza-panie-utarly-nosa-panom-tour-de-france\/","og_locale":"pl_PL","og_type":"article","og_title":"\u017be niby p\u0142e\u0107 s\u0142absza? Panie utar\u0142y nosa panom na Tour de France!","og_description":"Gdyby nie czaruj\u0105ce u\u015bmiechy i w\u0142osy powiewaj\u0105ce spod kask\u00f3w, trudno by\u0142oby si\u0119 po\u0142apa\u0107, \u017ce tym razem to panie, a nie [&hellip;]","og_url":"https:\/\/www.welovecycling.com\/pl\/2017\/09\/26\/ze-niby-plec-slabsza-panie-utarly-nosa-panom-tour-de-france\/","og_site_name":"\u0160koda We Love Cycling - Poland","article_published_time":"2017-09-26T21:43:30+00:00","article_modified_time":"2017-10-01T09:14:00+00:00","og_image":[{"width":1000,"height":666,"url":"https:\/\/d2p6e6u75xmxt8.cloudfront.net\/5\/2017\/09\/2016121497_20160725193_241516-2.jpg","type":"image\/jpeg"}],"author":"piotrboczkowski","twitter_card":"summary_large_image","twitter_misc":{"Written by":"WeLoveCycling","Est. reading time":"3 minutes"},"schema":{"@context":"https:\/\/schema.org","@graph":[{"@type":"WebPage","@id":"https:\/\/www.welovecycling.com\/pl\/2017\/09\/26\/ze-niby-plec-slabsza-panie-utarly-nosa-panom-tour-de-france\/","url":"https:\/\/www.welovecycling.com\/pl\/2017\/09\/26\/ze-niby-plec-slabsza-panie-utarly-nosa-panom-tour-de-france\/","name":"\u017be niby p\u0142e\u0107 s\u0142absza? Panie utar\u0142y nosa panom na Tour de France! - \u0160koda We Love Cycling - Poland","isPartOf":{"@id":"https:\/\/www.welovecycling.com\/pl\/#website"},"primaryImageOfPage":{"@id":"https:\/\/www.welovecycling.com\/pl\/2017\/09\/26\/ze-niby-plec-slabsza-panie-utarly-nosa-panom-tour-de-france\/#primaryimage"},"image":{"@id":"https:\/\/www.welovecycling.com\/pl\/2017\/09\/26\/ze-niby-plec-slabsza-panie-utarly-nosa-panom-tour-de-france\/#primaryimage"},"thumbnailUrl":"https:\/\/d2p6e6u75xmxt8.cloudfront.net\/5\/2017\/09\/2016121497_20160725193_241516-2.jpg","datePublished":"2017-09-26T21:43:30+00:00","dateModified":"2017-10-01T09:14:00+00:00","author":{"@id":"https:\/\/www.welovecycling.com\/pl\/#\/schema\/person\/0dba2d39da943db9df3fd8f4687e7f23"},"breadcrumb":{"@id":"https:\/\/www.welovecycling.com\/pl\/2017\/09\/26\/ze-niby-plec-slabsza-panie-utarly-nosa-panom-tour-de-france\/#breadcrumb"},"inLanguage":"pl-PL","potentialAction":[{"@type":"ReadAction","target":["https:\/\/www.welovecycling.com\/pl\/2017\/09\/26\/ze-niby-plec-slabsza-panie-utarly-nosa-panom-tour-de-france\/"]}]},{"@type":"ImageObject","inLanguage":"pl-PL","@id":"https:\/\/www.welovecycling.com\/pl\/2017\/09\/26\/ze-niby-plec-slabsza-panie-utarly-nosa-panom-tour-de-france\/#primaryimage","url":"https:\/\/d2p6e6u75xmxt8.cloudfront.net\/5\/2017\/09\/2016121497_20160725193_241516-2.jpg","contentUrl":"https:\/\/d2p6e6u75xmxt8.cloudfront.net\/5\/2017\/09\/2016121497_20160725193_241516-2.jpg","width":1000,"height":666,"caption":"La Course by Le Tour de France 2016 - 24\/07\/2016 - Paris (89 km) - France - Chloe Hosking; equipeWiggle High5; victorieuse La Course by le Tour de France sur l'Avenue des Champs Elysees a Paris"},{"@type":"BreadcrumbList","@id":"https:\/\/www.welovecycling.com\/pl\/2017\/09\/26\/ze-niby-plec-slabsza-panie-utarly-nosa-panom-tour-de-france\/#breadcrumb","itemListElement":[{"@type":"ListItem","position":1,"name":"Home","item":"https:\/\/www.welovecycling.com\/pl\/"},{"@type":"ListItem","position":2,"name":"\u017be niby p\u0142e\u0107 s\u0142absza? Panie utar\u0142y nosa panom na Tour de France!"}]},{"@type":"WebSite","@id":"https:\/\/www.welovecycling.com\/pl\/#website","url":"https:\/\/www.welovecycling.com\/pl\/","name":"\u0160koda We Love Cycling - Poland","description":"","potentialAction":[{"@type":"SearchAction","target":{"@type":"EntryPoint","urlTemplate":"https:\/\/www.welovecycling.com\/pl\/?s={search_term_string}"},"query-input":{"@type":"PropertyValueSpecification","valueRequired":true,"valueName":"search_term_string"}}],"inLanguage":"pl-PL"},{"@type":"Person","@id":"https:\/\/www.welovecycling.com\/pl\/#\/schema\/person\/0dba2d39da943db9df3fd8f4687e7f23","name":"piotrboczkowski","image":{"@type":"ImageObject","inLanguage":"pl-PL","@id":"https:\/\/www.welovecycling.com\/pl\/#\/schema\/person\/image\/","url":"https:\/\/secure.gravatar.com\/avatar\/533caccae14752e03a2ce2d3fd62d1b98b93e1393c3195c27819e53344ca1ace?s=96&d=mm&r=g","contentUrl":"https:\/\/secure.gravatar.com\/avatar\/533caccae14752e03a2ce2d3fd62d1b98b93e1393c3195c27819e53344ca1ace?s=96&d=mm&r=g","caption":"piotrboczkowski"},"url":"https:\/\/www.welovecycling.com\/pl\/author\/piotrboczkowski\/"}]}},"_links":{"self":[{"href":"https:\/\/www.welovecycling.com\/pl\/wp-json\/wp\/v2\/posts\/5428","targetHints":{"allow":["GET"]}}],"collection":[{"href":"https:\/\/www.welovecycling.com\/pl\/wp-json\/wp\/v2\/posts"}],"about":[{"href":"https:\/\/www.welovecycling.com\/pl\/wp-json\/wp\/v2\/types\/post"}],"author":[{"embeddable":true,"href":"https:\/\/www.welovecycling.com\/pl\/wp-json\/wp\/v2\/users\/76"}],"replies":[{"embeddable":true,"href":"https:\/\/www.welovecycling.com\/pl\/wp-json\/wp\/v2\/comments?post=5428"}],"version-history":[{"count":2,"href":"https:\/\/www.welovecycling.com\/pl\/wp-json\/wp\/v2\/posts\/5428\/revisions"}],"predecessor-version":[{"id":5489,"href":"https:\/\/www.welovecycling.com\/pl\/wp-json\/wp\/v2\/posts\/5428\/revisions\/5489"}],"wp:featuredmedia":[{"embeddable":true,"href":"https:\/\/www.welovecycling.com\/pl\/wp-json\/wp\/v2\/media\/5435"}],"wp:attachment":[{"href":"https:\/\/www.welovecycling.com\/pl\/wp-json\/wp\/v2\/media?parent=5428"}],"wp:term":[{"taxonomy":"category","embeddable":true,"href":"https:\/\/www.welovecycling.com\/pl\/wp-json\/wp\/v2\/categories?post=5428"},{"taxonomy":"post_tag","embeddable":true,"href":"https:\/\/www.welovecycling.com\/pl\/wp-json\/wp\/v2\/tags?post=5428"},{"taxonomy":"global-categories","embeddable":true,"href":"https:\/\/www.welovecycling.com\/pl\/wp-json\/wp\/v2\/global-categories?post=5428"}],"curies":[{"name":"wp","href":"https:\/\/api.w.org\/{rel}","templated":true}]}}