{"id":5403,"date":"2017-09-25T07:13:28","date_gmt":"2017-09-25T07:13:28","guid":{"rendered":"https:\/\/www.welovecycling.com\/pl\/?p=5403"},"modified":"2017-10-01T08:14:59","modified_gmt":"2017-10-01T08:14:59","slug":"piotr-szwedowski-dual-slalom-zawody","status":"publish","type":"post","link":"https:\/\/www.welovecycling.com\/pl\/2017\/09\/25\/piotr-szwedowski-dual-slalom-zawody\/","title":{"rendered":"Piotr Szwedowski: dual slalom &#8211; zawody"},"content":{"rendered":"<p>M\u00f3j pierwszy start w zawodach na rowerze g\u00f3rskim odby\u0142 si\u0119 w Czechach i by\u0142o to w roku 1991 albo 1992. Ma\u0142o co pami\u0119tam z tego wydarzenia, ale jedno jest pewne &#8211; by\u0142a to rywalizacja w dual slalomie (slalom r\u00f3wnoleg\u0142y), potocznie zwanym \u201etyczkami\u201d. Ju\u017c wtedy bardzo polubi\u0142em ten rodzaj \u015bcigania, kt\u00f3ry swoj\u0105 widowiskowo\u015b\u0107 zawdzi\u0119cza walce \u0142okie\u0107 w \u0142okie\u0107 oraz formule rozgrywania, czyli systemowi pucharowemu. Niestety nie odnalaz\u0142em zdj\u0119\u0107 ze slalomu w Czechach, ale poni\u017cej zamie\u015bci\u0142em zdj\u0119cie z 1995 roku, na kt\u00f3rym pokonuj\u0119 przejazd w kwalifikacjach czasowych dual slalomu na pozna\u0144skiej Malcie.<\/p>\n<p><a href=\"https:\/\/d2p6e6u75xmxt8.cloudfront.net\/5\/2017\/09\/tyczki2.jpg\"><img loading=\"lazy\" decoding=\"async\" class=\"alignnone size-full wp-image-5421\" src=\"https:\/\/d2p6e6u75xmxt8.cloudfront.net\/5\/2017\/09\/tyczki2.jpg\" alt=\"\" width=\"816\" height=\"553\" srcset=\"https:\/\/d2p6e6u75xmxt8.cloudfront.net\/5\/2017\/09\/tyczki2.jpg 816w, https:\/\/d2p6e6u75xmxt8.cloudfront.net\/5\/2017\/09\/tyczki2-300x203.jpg 300w, https:\/\/d2p6e6u75xmxt8.cloudfront.net\/5\/2017\/09\/tyczki2-768x520.jpg 768w\" sizes=\"auto, (max-width: 816px) 100vw, 816px\" \/><\/a><\/p>\n<p>Przez wiele lat dual slalom by\u0142 niezwykle popularn\u0105 dyscyplin\u0105. Niekt\u00f3rzy twierdz\u0105 nawet, \u017ce jest to konkurencja starsza od \u201ekr\u00f3lewskiego\u201d zjazdu. Niestety od pewnego czasu zawod\u00f3w w slalomie r\u00f3wnoleg\u0142ym praktycznie si\u0119 nie organizuje. Dlatego jak tylko dochodz\u0105 mnie s\u0142uchy o wy\u015bcigach w tej konkurencji, decyduj\u0119 si\u0119 na start.\u00a0 Tak jak to mia\u0142o miejsce kilka sezon\u00f3w temu w przypadku zawod\u00f3w Joy-Ride w Zakopanem, kt\u00f3re wygra\u0142em.<\/p>\n<p><a href=\"https:\/\/d2p6e6u75xmxt8.cloudfront.net\/5\/2017\/09\/tyczki1.jpg\"><img loading=\"lazy\" decoding=\"async\" class=\"alignnone size-full wp-image-5404\" src=\"https:\/\/d2p6e6u75xmxt8.cloudfront.net\/5\/2017\/09\/tyczki1.jpg\" alt=\"\" width=\"960\" height=\"645\" \/><\/a><\/p>\n<p>Nie inaczej by\u0142o tym razem. Gdy tylko dowiedzia\u0142em si\u0119 o zawodach <a href=\"https:\/\/www.facebook.com\/PumptrackBattle\/\">RockR\u0119dziny<\/a>\u00a0<a href=\"https:\/\/www.facebook.com\/events\/1716693385291508\/?acontext=%7B%22action_history%22%3A%22null%22%7D\">II Puchar Polski Pumptrack Battle \/ Dual Slalom Polish 4X Open<\/a>, zdecydowa\u0142em si\u0119 na wyjazd do kamienio\u0142omu Lip\u00f3wka w R\u0119dzinach ko\u0142o Cz\u0119stochowy.<\/p>\n<p>By\u0142em zaskoczony rozmiarami i wysoko\u015bci\u0105 \u015bcian kamienio\u0142omu. Ukszta\u0142towanie terenu jest tu idealne do rozgrywania tego typu zawod\u00f3w z dala od g\u00f3r. Rywalizacja odbywa\u0142a si\u0119 w dw\u00f3ch konkurencjach (slalom i pumptrack). Ze wzgl\u0119d\u00f3w bezpiecze\u0144stwa w slalomie mogli rywalizowa\u0107 tylko doro\u015bli, natomiast zawody pumptrack by\u0142y zdominowane przez dzieci.<\/p>\n<p>Jak zawsze rywalizacja rozpocz\u0119\u0142a si\u0119 od eliminacji (samotny przejazd na czas), kt\u00f3re uko\u0144czy\u0142em na trzeciej pozycji.<\/p>\n<p><a href=\"https:\/\/d2p6e6u75xmxt8.cloudfront.net\/5\/2017\/09\/tyczki16.jpg\"><img loading=\"lazy\" decoding=\"async\" class=\"alignnone size-full wp-image-5406\" src=\"https:\/\/d2p6e6u75xmxt8.cloudfront.net\/5\/2017\/09\/tyczki16.jpg\" alt=\"\" width=\"1800\" height=\"1200\" srcset=\"https:\/\/d2p6e6u75xmxt8.cloudfront.net\/5\/2017\/09\/tyczki16.jpg 1800w, https:\/\/d2p6e6u75xmxt8.cloudfront.net\/5\/2017\/09\/tyczki16-300x200.jpg 300w, https:\/\/d2p6e6u75xmxt8.cloudfront.net\/5\/2017\/09\/tyczki16-768x512.jpg 768w, https:\/\/d2p6e6u75xmxt8.cloudfront.net\/5\/2017\/09\/tyczki16-1024x683.jpg 1024w, https:\/\/d2p6e6u75xmxt8.cloudfront.net\/5\/2017\/09\/tyczki16-272x182.jpg 272w\" sizes=\"auto, (max-width: 1800px) 100vw, 1800px\" \/><\/a><\/p>\n<p>Po kwalifikacjach wystartowa\u0142 wy\u015bcig w systemie pucharowymi, w kt\u00f3rym najlepsze czasy staj\u0105 do rywalizacji z najs\u0142abszymi. Po dw\u00f3ch przejazdach sumuje si\u0119 czasy, zawodnik o \u0142\u0105cznym lepszym wyniku przechodzi do kolejnej rundy. Pierwszy przejazd wygra\u0142em z do\u015b\u0107 znaczn\u0105 przewag\u0105.<\/p>\n<p><a href=\"https:\/\/d2p6e6u75xmxt8.cloudfront.net\/5\/2017\/09\/tyczki4.jpg\"><img loading=\"lazy\" decoding=\"async\" class=\"alignnone size-full wp-image-5407\" src=\"https:\/\/d2p6e6u75xmxt8.cloudfront.net\/5\/2017\/09\/tyczki4.jpg\" alt=\"\" width=\"1800\" height=\"1200\" srcset=\"https:\/\/d2p6e6u75xmxt8.cloudfront.net\/5\/2017\/09\/tyczki4.jpg 1800w, https:\/\/d2p6e6u75xmxt8.cloudfront.net\/5\/2017\/09\/tyczki4-300x200.jpg 300w, https:\/\/d2p6e6u75xmxt8.cloudfront.net\/5\/2017\/09\/tyczki4-768x512.jpg 768w, https:\/\/d2p6e6u75xmxt8.cloudfront.net\/5\/2017\/09\/tyczki4-1024x683.jpg 1024w, https:\/\/d2p6e6u75xmxt8.cloudfront.net\/5\/2017\/09\/tyczki4-272x182.jpg 272w\" sizes=\"auto, (max-width: 1800px) 100vw, 1800px\" \/><\/a><\/p>\n<p>Niestety, na mecie si\u0119 pomyli\u0142em i przejecha\u0142em przez fotokom\u00f3rk\u0119 mojego rywala. Zosta\u0142em zdyskwalifikowany, co na szcz\u0119\u015bcie nie oznacza\u0142o ca\u0142kowitego wykluczenia z zawod\u00f3w, ale wi\u0105za\u0142o si\u0119 z naliczeniem bardzo du\u017cej czasowej kary. W drugim biegu postawi\u0142em wszystko na jedn\u0105 kart\u0119 i uzyska\u0142em przewag\u0119 na tyle du\u017c\u0105, \u017ce z nawi\u0105zk\u0105 wystarczy\u0142a do wyr\u00f3wnania kary czasowej i awansu do kolejnej rundy.<\/p>\n<p><a href=\"https:\/\/d2p6e6u75xmxt8.cloudfront.net\/5\/2017\/09\/tyczki5.jpg\"><img loading=\"lazy\" decoding=\"async\" class=\"alignnone size-full wp-image-5408\" src=\"https:\/\/d2p6e6u75xmxt8.cloudfront.net\/5\/2017\/09\/tyczki5.jpg\" alt=\"\" width=\"1628\" height=\"1028\" \/><\/a><\/p>\n<p>Przechodz\u0105c do rundy p\u00f3\u0142fina\u0142owej, przegra\u0142em pierwszy przejazd z moim koleg\u0105 Ma\u0107kiem Klimkiem.<\/p>\n<p><a href=\"https:\/\/d2p6e6u75xmxt8.cloudfront.net\/5\/2017\/09\/tyczki7.jpg\"><img loading=\"lazy\" decoding=\"async\" class=\"alignnone size-full wp-image-5409\" src=\"https:\/\/d2p6e6u75xmxt8.cloudfront.net\/5\/2017\/09\/tyczki7.jpg\" alt=\"\" width=\"1800\" height=\"1200\" srcset=\"https:\/\/d2p6e6u75xmxt8.cloudfront.net\/5\/2017\/09\/tyczki7.jpg 1800w, https:\/\/d2p6e6u75xmxt8.cloudfront.net\/5\/2017\/09\/tyczki7-300x200.jpg 300w, https:\/\/d2p6e6u75xmxt8.cloudfront.net\/5\/2017\/09\/tyczki7-768x512.jpg 768w, https:\/\/d2p6e6u75xmxt8.cloudfront.net\/5\/2017\/09\/tyczki7-1024x683.jpg 1024w, https:\/\/d2p6e6u75xmxt8.cloudfront.net\/5\/2017\/09\/tyczki7-272x182.jpg 272w\" sizes=\"auto, (max-width: 1800px) 100vw, 1800px\" \/><\/a><\/p>\n<p>Pomimo mojej wygranej w drugim biegu nie odrobi\u0142em starty czasowej i zosta\u0142em skierowany do \u201ema\u0142ego fina\u0142u\u201d, czyli rywalizacji o trzecie miejsce. Tu spotka\u0142em si\u0119 z organizatorem ca\u0142ej imprezy i moim starym znajomym \u0141ukaszem Rawickim. Po dw\u00f3ch zaci\u0119tych przejazdach wygra\u0142em t\u0119 rund\u0119 i uko\u0144czy\u0142em zawody na trzecim miejscu.<\/p>\n<h5><a href=\"https:\/\/d2p6e6u75xmxt8.cloudfront.net\/5\/2017\/09\/tyczki15.jpg\"><img loading=\"lazy\" decoding=\"async\" class=\"alignnone size-full wp-image-5410\" src=\"https:\/\/d2p6e6u75xmxt8.cloudfront.net\/5\/2017\/09\/tyczki15.jpg\" alt=\"\" width=\"960\" height=\"720\" srcset=\"https:\/\/d2p6e6u75xmxt8.cloudfront.net\/5\/2017\/09\/tyczki15.jpg 960w, https:\/\/d2p6e6u75xmxt8.cloudfront.net\/5\/2017\/09\/tyczki15-300x225.jpg 300w, https:\/\/d2p6e6u75xmxt8.cloudfront.net\/5\/2017\/09\/tyczki15-768x576.jpg 768w\" sizes=\"auto, (max-width: 960px) 100vw, 960px\" \/>F<\/a>otografia: Bikemania<\/h5>\n<p><a href=\"https:\/\/d2p6e6u75xmxt8.cloudfront.net\/5\/2017\/09\/tyczki8.jpg\"><img loading=\"lazy\" decoding=\"async\" class=\"alignnone size-full wp-image-5411\" src=\"https:\/\/d2p6e6u75xmxt8.cloudfront.net\/5\/2017\/09\/tyczki8.jpg\" alt=\"\" width=\"1800\" height=\"1200\" srcset=\"https:\/\/d2p6e6u75xmxt8.cloudfront.net\/5\/2017\/09\/tyczki8.jpg 1800w, https:\/\/d2p6e6u75xmxt8.cloudfront.net\/5\/2017\/09\/tyczki8-300x200.jpg 300w, https:\/\/d2p6e6u75xmxt8.cloudfront.net\/5\/2017\/09\/tyczki8-768x512.jpg 768w, https:\/\/d2p6e6u75xmxt8.cloudfront.net\/5\/2017\/09\/tyczki8-1024x683.jpg 1024w, https:\/\/d2p6e6u75xmxt8.cloudfront.net\/5\/2017\/09\/tyczki8-272x182.jpg 272w\" sizes=\"auto, (max-width: 1800px) 100vw, 1800px\" \/><\/a><\/p>\n<p><a href=\"https:\/\/d2p6e6u75xmxt8.cloudfront.net\/5\/2017\/09\/tyczki9.JPG.jpg\"><img loading=\"lazy\" decoding=\"async\" class=\"alignnone size-extra-large wp-image-5412\" src=\"https:\/\/d2p6e6u75xmxt8.cloudfront.net\/5\/2017\/09\/tyczki9.JPG.jpg\" alt=\"\" width=\"1800\" height=\"1200\" srcset=\"https:\/\/d2p6e6u75xmxt8.cloudfront.net\/5\/2017\/09\/tyczki9.JPG.jpg 1800w, https:\/\/d2p6e6u75xmxt8.cloudfront.net\/5\/2017\/09\/tyczki9.JPG-300x200.jpg 300w, https:\/\/d2p6e6u75xmxt8.cloudfront.net\/5\/2017\/09\/tyczki9.JPG-768x512.jpg 768w, https:\/\/d2p6e6u75xmxt8.cloudfront.net\/5\/2017\/09\/tyczki9.JPG-1024x683.jpg 1024w, https:\/\/d2p6e6u75xmxt8.cloudfront.net\/5\/2017\/09\/tyczki9.JPG-272x182.jpg 272w\" sizes=\"auto, (max-width: 1800px) 100vw, 1800px\" \/><\/a><\/p>\n<p>Ciekawostk\u0105 rywalizacji w slalomie r\u00f3wnoleg\u0142ym jest to, \u017ce mo\u017cna wygra\u0107 ca\u0142e zawody, nie wygrywaj\u0105c wszystkich przejazd\u00f3w, albo jak w moim przypadku &#8211; wygra\u0107 pi\u0119\u0107 przejazd\u00f3w, przegra\u0107 jeden i uko\u0144czy\u0107 start na trzecim miejscu.<\/p>\n<p>Wyniki:<\/p>\n<p>1 miejsce Maciej Kucbora<\/p>\n<p>2 miejsce Maciej Klimek<\/p>\n<p>3 miejsce Piotr Szwedowski<a href=\"https:\/\/d2p6e6u75xmxt8.cloudfront.net\/5\/2017\/09\/tyczki11.JPG.jpg\"><img loading=\"lazy\" decoding=\"async\" class=\"alignnone size-full wp-image-5413\" src=\"https:\/\/d2p6e6u75xmxt8.cloudfront.net\/5\/2017\/09\/tyczki11.JPG.jpg\" alt=\"\" width=\"1800\" height=\"1200\" srcset=\"https:\/\/d2p6e6u75xmxt8.cloudfront.net\/5\/2017\/09\/tyczki11.JPG.jpg 1800w, https:\/\/d2p6e6u75xmxt8.cloudfront.net\/5\/2017\/09\/tyczki11.JPG-300x200.jpg 300w, https:\/\/d2p6e6u75xmxt8.cloudfront.net\/5\/2017\/09\/tyczki11.JPG-768x512.jpg 768w, https:\/\/d2p6e6u75xmxt8.cloudfront.net\/5\/2017\/09\/tyczki11.JPG-1024x683.jpg 1024w, https:\/\/d2p6e6u75xmxt8.cloudfront.net\/5\/2017\/09\/tyczki11.JPG-272x182.jpg 272w\" sizes=\"auto, (max-width: 1800px) 100vw, 1800px\" \/><\/a><\/p>\n<p><a href=\"https:\/\/d2p6e6u75xmxt8.cloudfront.net\/5\/2017\/09\/tyczki6.jpg\"><img loading=\"lazy\" decoding=\"async\" class=\"alignnone size-full wp-image-5414\" src=\"https:\/\/d2p6e6u75xmxt8.cloudfront.net\/5\/2017\/09\/tyczki6.jpg\" alt=\"\" width=\"1800\" height=\"1200\" srcset=\"https:\/\/d2p6e6u75xmxt8.cloudfront.net\/5\/2017\/09\/tyczki6.jpg 1800w, https:\/\/d2p6e6u75xmxt8.cloudfront.net\/5\/2017\/09\/tyczki6-300x200.jpg 300w, https:\/\/d2p6e6u75xmxt8.cloudfront.net\/5\/2017\/09\/tyczki6-768x512.jpg 768w, https:\/\/d2p6e6u75xmxt8.cloudfront.net\/5\/2017\/09\/tyczki6-1024x683.jpg 1024w, https:\/\/d2p6e6u75xmxt8.cloudfront.net\/5\/2017\/09\/tyczki6-272x182.jpg 272w\" sizes=\"auto, (max-width: 1800px) 100vw, 1800px\" \/><\/a><\/p>\n<p>Przyznam szczerze, \u017ce patrz\u0105c na poziom rywalizacji dzieciak\u00f3w i ich zaanga\u017cowanie, m\u00f3j start mia\u0142 drugorz\u0119dne znaczenie.<\/p>\n<p><a href=\"https:\/\/d2p6e6u75xmxt8.cloudfront.net\/5\/2017\/09\/tyczki17.jpg\"><img loading=\"lazy\" decoding=\"async\" class=\"alignnone size-full wp-image-5415\" src=\"https:\/\/d2p6e6u75xmxt8.cloudfront.net\/5\/2017\/09\/tyczki17.jpg\" alt=\"\" width=\"1616\" height=\"1080\" srcset=\"https:\/\/d2p6e6u75xmxt8.cloudfront.net\/5\/2017\/09\/tyczki17.jpg 1616w, https:\/\/d2p6e6u75xmxt8.cloudfront.net\/5\/2017\/09\/tyczki17-300x200.jpg 300w, https:\/\/d2p6e6u75xmxt8.cloudfront.net\/5\/2017\/09\/tyczki17-768x513.jpg 768w, https:\/\/d2p6e6u75xmxt8.cloudfront.net\/5\/2017\/09\/tyczki17-1024x684.jpg 1024w, https:\/\/d2p6e6u75xmxt8.cloudfront.net\/5\/2017\/09\/tyczki17-272x182.jpg 272w\" sizes=\"auto, (max-width: 1616px) 100vw, 1616px\" \/><\/a><\/p>\n<p><a href=\"https:\/\/d2p6e6u75xmxt8.cloudfront.net\/5\/2017\/09\/tyczki13.JPG.jpg\"><img loading=\"lazy\" decoding=\"async\" class=\"alignnone size-extra-large wp-image-5416\" src=\"https:\/\/d2p6e6u75xmxt8.cloudfront.net\/5\/2017\/09\/tyczki13.JPG.jpg\" alt=\"\" width=\"1800\" height=\"1200\" srcset=\"https:\/\/d2p6e6u75xmxt8.cloudfront.net\/5\/2017\/09\/tyczki13.JPG.jpg 1800w, https:\/\/d2p6e6u75xmxt8.cloudfront.net\/5\/2017\/09\/tyczki13.JPG-300x200.jpg 300w, https:\/\/d2p6e6u75xmxt8.cloudfront.net\/5\/2017\/09\/tyczki13.JPG-768x512.jpg 768w, https:\/\/d2p6e6u75xmxt8.cloudfront.net\/5\/2017\/09\/tyczki13.JPG-1024x683.jpg 1024w, https:\/\/d2p6e6u75xmxt8.cloudfront.net\/5\/2017\/09\/tyczki13.JPG-272x182.jpg 272w\" sizes=\"auto, (max-width: 1800px) 100vw, 1800px\" \/><\/a><\/p>\n<p>Widok tak wielu dzieci, kt\u00f3re uczestniczy\u0142y w rywalizacji na torze pumptrack, oraz ich kibicuj\u0105cych rodzic\u00f3w by\u0142 dla mnie bardzo buduj\u0105cy. Historia zatoczy\u0142a pewnego rodzaju ko\u0142o. MTB, czyli kolarstwo g\u00f3rskie, sport, kt\u00f3ry przez wiele lat w naszym kraju traktowany by\u0142 niszowo, doczeka\u0142 si\u0119 rodzinnej formy jego uprawiania. To osoby takie jak \u0141ukasz Rawicki, Maciek Kucbora (mam nadziej\u0119, \u017ce te\u017c troch\u0119 i ja;) przez ostatnie dwadzie\u015bcia lat uprawiania i promowanie tej dyscypliny przyczyni\u0142y si\u0119 do powstania profesjonalnych obiekt\u00f3w, gdzie ca\u0142ymi rodzinami trenuje si\u0119 na rowerze. W czasach naszych pocz\u0105tk\u00f3w uwa\u017cani byli\u015bmy za odszczepie\u0144c\u00f3w-ryzykant\u00f3w, nasze treningi odbywa\u0142y si\u0119 na \u017ale przygotowanych, nielegalnych torach. Dzi\u015b szczer\u0105 rado\u015b\u0107 sprawia mi patrzenie na rodzic\u00f3w przywo\u017c\u0105cych swoje ma\u0142e pociechy na zawody. Prawd\u0119 powiedziawszy, nie wierzy\u0142em, \u017ce w naszym kraju doczekamy si\u0119 takiego rozwoju kolarstwa g\u00f3rskiego.<\/p>\n","protected":false},"excerpt":{"rendered":"<p>M\u00f3j pierwszy start w zawodach na rowerze g\u00f3rskim odby\u0142 si\u0119 w Czechach i by\u0142o to w roku 1991 albo 1992. [&hellip;]<\/p>\n","protected":false},"author":76,"featured_media":5406,"comment_status":"open","ping_status":"open","sticky":false,"template":"","format":"standard","meta":{"footnotes":""},"categories":[5],"tags":[198,134,158],"global-categories":[],"class_list":["post-5403","post","type-post","status-publish","format-standard","has-post-thumbnail","hentry","category-outdoormtb","tag-bloger","tag-piotr-szwed-szwedowski","tag-relacja"],"yoast_head":"<!-- This site is optimized with the Yoast SEO Premium plugin v25.3 (Yoast SEO v25.9) - https:\/\/yoast.com\/wordpress\/plugins\/seo\/ -->\n<title>Piotr Szwedowski: dual slalom - zawody - \u0160koda We Love Cycling - Poland<\/title>\n<meta name=\"robots\" content=\"index, follow, max-snippet:-1, max-image-preview:large, max-video-preview:-1\" \/>\n<link rel=\"canonical\" href=\"https:\/\/www.welovecycling.com\/pl\/2017\/09\/25\/piotr-szwedowski-dual-slalom-zawody\/\" \/>\n<meta property=\"og:locale\" content=\"pl_PL\" \/>\n<meta property=\"og:type\" content=\"article\" \/>\n<meta property=\"og:title\" content=\"Piotr Szwedowski: dual slalom - zawody\" \/>\n<meta property=\"og:description\" content=\"M\u00f3j pierwszy start w zawodach na rowerze g\u00f3rskim odby\u0142 si\u0119 w Czechach i by\u0142o to w roku 1991 albo 1992. [&hellip;]\" \/>\n<meta property=\"og:url\" content=\"https:\/\/www.welovecycling.com\/pl\/2017\/09\/25\/piotr-szwedowski-dual-slalom-zawody\/\" \/>\n<meta property=\"og:site_name\" content=\"\u0160koda We Love Cycling - Poland\" \/>\n<meta property=\"article:published_time\" content=\"2017-09-25T07:13:28+00:00\" \/>\n<meta property=\"article:modified_time\" content=\"2017-10-01T08:14:59+00:00\" \/>\n<meta property=\"og:image\" content=\"https:\/\/d2p6e6u75xmxt8.cloudfront.net\/5\/2017\/09\/tyczki16.jpg\" \/>\n\t<meta property=\"og:image:width\" content=\"1800\" \/>\n\t<meta property=\"og:image:height\" content=\"1200\" \/>\n\t<meta property=\"og:image:type\" content=\"image\/jpeg\" \/>\n<meta name=\"author\" content=\"piotrboczkowski\" \/>\n<meta name=\"twitter:card\" content=\"summary_large_image\" \/>\n<meta name=\"twitter:label1\" content=\"Written by\" \/>\n\t<meta name=\"twitter:data1\" content=\"Piotr Szwed Szwedowski\" \/>\n\t<meta name=\"twitter:label2\" content=\"Est. reading time\" \/>\n\t<meta name=\"twitter:data2\" content=\"4 minutes\" \/>\n<script type=\"application\/ld+json\" class=\"yoast-schema-graph\">{\"@context\":\"https:\/\/schema.org\",\"@graph\":[{\"@type\":\"WebPage\",\"@id\":\"https:\/\/www.welovecycling.com\/pl\/2017\/09\/25\/piotr-szwedowski-dual-slalom-zawody\/\",\"url\":\"https:\/\/www.welovecycling.com\/pl\/2017\/09\/25\/piotr-szwedowski-dual-slalom-zawody\/\",\"name\":\"Piotr Szwedowski: dual slalom - zawody - \u0160koda We Love Cycling - Poland\",\"isPartOf\":{\"@id\":\"https:\/\/www.welovecycling.com\/pl\/#website\"},\"primaryImageOfPage\":{\"@id\":\"https:\/\/www.welovecycling.com\/pl\/2017\/09\/25\/piotr-szwedowski-dual-slalom-zawody\/#primaryimage\"},\"image\":{\"@id\":\"https:\/\/www.welovecycling.com\/pl\/2017\/09\/25\/piotr-szwedowski-dual-slalom-zawody\/#primaryimage\"},\"thumbnailUrl\":\"https:\/\/d2p6e6u75xmxt8.cloudfront.net\/5\/2017\/09\/tyczki16.jpg\",\"datePublished\":\"2017-09-25T07:13:28+00:00\",\"dateModified\":\"2017-10-01T08:14:59+00:00\",\"author\":{\"@id\":\"https:\/\/www.welovecycling.com\/pl\/#\/schema\/person\/0dba2d39da943db9df3fd8f4687e7f23\"},\"breadcrumb\":{\"@id\":\"https:\/\/www.welovecycling.com\/pl\/2017\/09\/25\/piotr-szwedowski-dual-slalom-zawody\/#breadcrumb\"},\"inLanguage\":\"pl-PL\",\"potentialAction\":[{\"@type\":\"ReadAction\",\"target\":[\"https:\/\/www.welovecycling.com\/pl\/2017\/09\/25\/piotr-szwedowski-dual-slalom-zawody\/\"]}]},{\"@type\":\"ImageObject\",\"inLanguage\":\"pl-PL\",\"@id\":\"https:\/\/www.welovecycling.com\/pl\/2017\/09\/25\/piotr-szwedowski-dual-slalom-zawody\/#primaryimage\",\"url\":\"https:\/\/d2p6e6u75xmxt8.cloudfront.net\/5\/2017\/09\/tyczki16.jpg\",\"contentUrl\":\"https:\/\/d2p6e6u75xmxt8.cloudfront.net\/5\/2017\/09\/tyczki16.jpg\",\"width\":1800,\"height\":1200},{\"@type\":\"BreadcrumbList\",\"@id\":\"https:\/\/www.welovecycling.com\/pl\/2017\/09\/25\/piotr-szwedowski-dual-slalom-zawody\/#breadcrumb\",\"itemListElement\":[{\"@type\":\"ListItem\",\"position\":1,\"name\":\"Home\",\"item\":\"https:\/\/www.welovecycling.com\/pl\/\"},{\"@type\":\"ListItem\",\"position\":2,\"name\":\"Piotr Szwedowski: dual slalom &#8211; zawody\"}]},{\"@type\":\"WebSite\",\"@id\":\"https:\/\/www.welovecycling.com\/pl\/#website\",\"url\":\"https:\/\/www.welovecycling.com\/pl\/\",\"name\":\"\u0160koda We Love Cycling - Poland\",\"description\":\"\",\"potentialAction\":[{\"@type\":\"SearchAction\",\"target\":{\"@type\":\"EntryPoint\",\"urlTemplate\":\"https:\/\/www.welovecycling.com\/pl\/?s={search_term_string}\"},\"query-input\":{\"@type\":\"PropertyValueSpecification\",\"valueRequired\":true,\"valueName\":\"search_term_string\"}}],\"inLanguage\":\"pl-PL\"},{\"@type\":\"Person\",\"@id\":\"https:\/\/www.welovecycling.com\/pl\/#\/schema\/person\/0dba2d39da943db9df3fd8f4687e7f23\",\"name\":\"piotrboczkowski\",\"image\":{\"@type\":\"ImageObject\",\"inLanguage\":\"pl-PL\",\"@id\":\"https:\/\/www.welovecycling.com\/pl\/#\/schema\/person\/image\/\",\"url\":\"https:\/\/secure.gravatar.com\/avatar\/533caccae14752e03a2ce2d3fd62d1b98b93e1393c3195c27819e53344ca1ace?s=96&d=mm&r=g\",\"contentUrl\":\"https:\/\/secure.gravatar.com\/avatar\/533caccae14752e03a2ce2d3fd62d1b98b93e1393c3195c27819e53344ca1ace?s=96&d=mm&r=g\",\"caption\":\"piotrboczkowski\"},\"url\":\"https:\/\/www.welovecycling.com\/pl\/author\/piotrboczkowski\/\"}]}<\/script>\n<!-- \/ Yoast SEO Premium plugin. -->","yoast_head_json":{"title":"Piotr Szwedowski: dual slalom - zawody - \u0160koda We Love Cycling - Poland","robots":{"index":"index","follow":"follow","max-snippet":"max-snippet:-1","max-image-preview":"max-image-preview:large","max-video-preview":"max-video-preview:-1"},"canonical":"https:\/\/www.welovecycling.com\/pl\/2017\/09\/25\/piotr-szwedowski-dual-slalom-zawody\/","og_locale":"pl_PL","og_type":"article","og_title":"Piotr Szwedowski: dual slalom - zawody","og_description":"M\u00f3j pierwszy start w zawodach na rowerze g\u00f3rskim odby\u0142 si\u0119 w Czechach i by\u0142o to w roku 1991 albo 1992. [&hellip;]","og_url":"https:\/\/www.welovecycling.com\/pl\/2017\/09\/25\/piotr-szwedowski-dual-slalom-zawody\/","og_site_name":"\u0160koda We Love Cycling - Poland","article_published_time":"2017-09-25T07:13:28+00:00","article_modified_time":"2017-10-01T08:14:59+00:00","og_image":[{"width":1800,"height":1200,"url":"https:\/\/d2p6e6u75xmxt8.cloudfront.net\/5\/2017\/09\/tyczki16.jpg","type":"image\/jpeg"}],"author":"piotrboczkowski","twitter_card":"summary_large_image","twitter_misc":{"Written by":"Piotr Szwed Szwedowski","Est. reading time":"4 minutes"},"schema":{"@context":"https:\/\/schema.org","@graph":[{"@type":"WebPage","@id":"https:\/\/www.welovecycling.com\/pl\/2017\/09\/25\/piotr-szwedowski-dual-slalom-zawody\/","url":"https:\/\/www.welovecycling.com\/pl\/2017\/09\/25\/piotr-szwedowski-dual-slalom-zawody\/","name":"Piotr Szwedowski: dual slalom - zawody - \u0160koda We Love Cycling - Poland","isPartOf":{"@id":"https:\/\/www.welovecycling.com\/pl\/#website"},"primaryImageOfPage":{"@id":"https:\/\/www.welovecycling.com\/pl\/2017\/09\/25\/piotr-szwedowski-dual-slalom-zawody\/#primaryimage"},"image":{"@id":"https:\/\/www.welovecycling.com\/pl\/2017\/09\/25\/piotr-szwedowski-dual-slalom-zawody\/#primaryimage"},"thumbnailUrl":"https:\/\/d2p6e6u75xmxt8.cloudfront.net\/5\/2017\/09\/tyczki16.jpg","datePublished":"2017-09-25T07:13:28+00:00","dateModified":"2017-10-01T08:14:59+00:00","author":{"@id":"https:\/\/www.welovecycling.com\/pl\/#\/schema\/person\/0dba2d39da943db9df3fd8f4687e7f23"},"breadcrumb":{"@id":"https:\/\/www.welovecycling.com\/pl\/2017\/09\/25\/piotr-szwedowski-dual-slalom-zawody\/#breadcrumb"},"inLanguage":"pl-PL","potentialAction":[{"@type":"ReadAction","target":["https:\/\/www.welovecycling.com\/pl\/2017\/09\/25\/piotr-szwedowski-dual-slalom-zawody\/"]}]},{"@type":"ImageObject","inLanguage":"pl-PL","@id":"https:\/\/www.welovecycling.com\/pl\/2017\/09\/25\/piotr-szwedowski-dual-slalom-zawody\/#primaryimage","url":"https:\/\/d2p6e6u75xmxt8.cloudfront.net\/5\/2017\/09\/tyczki16.jpg","contentUrl":"https:\/\/d2p6e6u75xmxt8.cloudfront.net\/5\/2017\/09\/tyczki16.jpg","width":1800,"height":1200},{"@type":"BreadcrumbList","@id":"https:\/\/www.welovecycling.com\/pl\/2017\/09\/25\/piotr-szwedowski-dual-slalom-zawody\/#breadcrumb","itemListElement":[{"@type":"ListItem","position":1,"name":"Home","item":"https:\/\/www.welovecycling.com\/pl\/"},{"@type":"ListItem","position":2,"name":"Piotr Szwedowski: dual slalom &#8211; zawody"}]},{"@type":"WebSite","@id":"https:\/\/www.welovecycling.com\/pl\/#website","url":"https:\/\/www.welovecycling.com\/pl\/","name":"\u0160koda We Love Cycling - Poland","description":"","potentialAction":[{"@type":"SearchAction","target":{"@type":"EntryPoint","urlTemplate":"https:\/\/www.welovecycling.com\/pl\/?s={search_term_string}"},"query-input":{"@type":"PropertyValueSpecification","valueRequired":true,"valueName":"search_term_string"}}],"inLanguage":"pl-PL"},{"@type":"Person","@id":"https:\/\/www.welovecycling.com\/pl\/#\/schema\/person\/0dba2d39da943db9df3fd8f4687e7f23","name":"piotrboczkowski","image":{"@type":"ImageObject","inLanguage":"pl-PL","@id":"https:\/\/www.welovecycling.com\/pl\/#\/schema\/person\/image\/","url":"https:\/\/secure.gravatar.com\/avatar\/533caccae14752e03a2ce2d3fd62d1b98b93e1393c3195c27819e53344ca1ace?s=96&d=mm&r=g","contentUrl":"https:\/\/secure.gravatar.com\/avatar\/533caccae14752e03a2ce2d3fd62d1b98b93e1393c3195c27819e53344ca1ace?s=96&d=mm&r=g","caption":"piotrboczkowski"},"url":"https:\/\/www.welovecycling.com\/pl\/author\/piotrboczkowski\/"}]}},"_links":{"self":[{"href":"https:\/\/www.welovecycling.com\/pl\/wp-json\/wp\/v2\/posts\/5403","targetHints":{"allow":["GET"]}}],"collection":[{"href":"https:\/\/www.welovecycling.com\/pl\/wp-json\/wp\/v2\/posts"}],"about":[{"href":"https:\/\/www.welovecycling.com\/pl\/wp-json\/wp\/v2\/types\/post"}],"author":[{"embeddable":true,"href":"https:\/\/www.welovecycling.com\/pl\/wp-json\/wp\/v2\/users\/76"}],"replies":[{"embeddable":true,"href":"https:\/\/www.welovecycling.com\/pl\/wp-json\/wp\/v2\/comments?post=5403"}],"version-history":[{"count":2,"href":"https:\/\/www.welovecycling.com\/pl\/wp-json\/wp\/v2\/posts\/5403\/revisions"}],"predecessor-version":[{"id":5484,"href":"https:\/\/www.welovecycling.com\/pl\/wp-json\/wp\/v2\/posts\/5403\/revisions\/5484"}],"wp:featuredmedia":[{"embeddable":true,"href":"https:\/\/www.welovecycling.com\/pl\/wp-json\/wp\/v2\/media\/5406"}],"wp:attachment":[{"href":"https:\/\/www.welovecycling.com\/pl\/wp-json\/wp\/v2\/media?parent=5403"}],"wp:term":[{"taxonomy":"category","embeddable":true,"href":"https:\/\/www.welovecycling.com\/pl\/wp-json\/wp\/v2\/categories?post=5403"},{"taxonomy":"post_tag","embeddable":true,"href":"https:\/\/www.welovecycling.com\/pl\/wp-json\/wp\/v2\/tags?post=5403"},{"taxonomy":"global-categories","embeddable":true,"href":"https:\/\/www.welovecycling.com\/pl\/wp-json\/wp\/v2\/global-categories?post=5403"}],"curies":[{"name":"wp","href":"https:\/\/api.w.org\/{rel}","templated":true}]}}