{"id":54,"date":"2014-09-03T07:38:00","date_gmt":"2014-09-03T07:38:00","guid":{"rendered":"http:\/\/serwer1629254.home.pl\/index.php\/2014\/09\/03\/zmiana-goni-zmiane-czyli-nieprzewidywalna-vuelta\/"},"modified":"2016-12-05T10:07:39","modified_gmt":"2016-12-05T10:07:39","slug":"zmiana-goni-zmiane-czyli-nieprzewidywalna-vuelta","status":"publish","type":"post","link":"https:\/\/www.welovecycling.com\/pl\/2014\/09\/03\/zmiana-goni-zmiane-czyli-nieprzewidywalna-vuelta\/","title":{"rendered":"Zmiana goni zmian\u0119, czyli nieprzewidywalna Vuelta a Espa\u00f1a"},"content":{"rendered":"<p>(\u0179r\u00f3d\u0142o:\u00a0<em><span class=\"skimlinks-unlinked\">Profimedia.cz<\/span>)<\/em><\/p>\n<p>Trwa kolarska \u201ezgaduj &#8211; zgadula\u201d, w kt\u00f3rej znaki zapytania mo\u017cna stawia\u0107 niemal na ka\u017cdym polu. Vuelta a Espa\u00f1a rozp\u0119dza si\u0119 na dobre i wje\u017cd\u017ca na najwa\u017cniejsze etapy.<!--more--><\/p>\n<p>Mo\u017ce jest mniej presti\u017cowa od Tour de France czy Giro d\u2019Italia, ale na pewno nie pr\u00f3buje \u015blepo na\u015bladowa\u0107 bardziej utytu\u0142owanych konkurent\u00f3w. Ma sw\u00f3j klimat, specyfik\u0119, a przede wszystkim nieprzewidywalno\u015b\u0107. Vuelta a Espa\u00f1a wjecha\u0142a na p\u00f3\u0142metek.<\/p>\n<p>We\u017amy na przyk\u0142ad Alberto Contadora. Miesi\u0105c przed wy\u015bcigiem oznajmi\u0142 \u015bwiatu, \u017ce w wy\u015bcigu nie pojedzie, ale w ko\u0144cu stan\u0105\u0142 na starcie. Mo\u017cna jednak by\u0142o odnie\u015b\u0107 wra\u017cenie, \u017ce robi to na si\u0142\u0119, bo na ka\u017cdym kroku podkre\u015bla\u0142, \u017ce nie jest w formie. Tymczasem kr\u0119ci niemal najszybciej z wszystkich, ca\u0142y czas jest w czo\u0142\u00f3wce, a kolarski \u015bwiat z przymru\u017ceniem oka oskar\u017ca go, \u017ce opowie\u015bciami o s\u0142abszej formie oszuka\u0142 koleg\u00f3w po fachu.<\/p>\n<p><img decoding=\"async\" src=\"http:\/\/38.media.tumblr.com\/de283ca2a498ee5799a629a11ec290d3\/tumblr_inline_nbbegi7DYw1sfrvl6.jpg\" alt=\"image\" \/><\/p>\n<p><em>(\u0179r\u00f3d\u0142o:\u00a0<span class=\"skimlinks-unlinked\">Profimedia.cz<\/span>)<\/em><\/p>\n<p><strong>S\u0142oneczna Hiszpania? Dobre sobie<\/strong><\/p>\n<p>Zmienno\u015b\u0107 Contadora jest jednak niczym w por\u00f3wnaniu z kapry\u015bn\u0105 pogod\u0105. Podczas Vulety kolarze mog\u0105 si\u0119 czu\u0107 jakby je\u017adzili mi\u0119dzy p\u00f3\u0142nocn\u0105 a po\u0142udniow\u0105 p\u00f3\u0142kul\u0105, a nie po Hiszpanii. Przyk\u0142ad? We \u015brod\u0119 i czwartek narzekali na wielki upa\u0142 i mieli do tego prawo, bo pod strome g\u00f3ry musieli wspina\u0107 si\u0119 przy ponad 40 stopniach ciep\u0142a.<\/p>\n<p>Wtedy wszyscy marzyli o orze\u017awiaj\u0105cym podmuchu, ale na pewno nie takim, jaki otrzymali dwa dni p\u00f3\u017aniej. Wiatr szala\u0142 z pr\u0119dko\u015bci\u0105 70 km\/h na godzin\u0119, rozgrywa\u0142 peleton i utrudnia\u0142 ucieczki. I gdy wydawa\u0142o si\u0119, \u017ce wszystko co najgorsze ju\u017c za zawodnikami, to w sobot\u0119 &#8211; w s\u0142onecznej zazwyczaj Hiszpanii &#8211; rozszala\u0142a si\u0119 burza i spad\u0142a temperatura.<\/p>\n<p><img decoding=\"async\" src=\"http:\/\/38.media.tumblr.com\/73cb0a9617c4d72010ea923e411dc2f8\/tumblr_inline_nbbeipjvzK1sfrvl6.jpg\" alt=\"image\" \/><\/p>\n<p><em>(\u0179r\u00f3d\u0142o:\u00a0<span class=\"skimlinks-unlinked\">Profimedia.cz<\/span>)<\/em><\/p>\n<p><strong>Lider tylko na chwil\u0119<\/strong><\/p>\n<p>Wr\u00f3\u017ceniem z fus\u00f3w jest te\u017c typowanie zwyci\u0119zc\u00f3w etap\u00f3w, bo podczas Vuelty \u017caden kolarz nie wygrywa seryjnie. Z podniesionymi r\u0119kami na met\u0119 wje\u017cd\u017cali ju\u017c dwaj Hiszpanie, Francuz, Australijczyk, Niemiec, W\u0142och i Kolumbijczyk. Na czele klasyfikacji generalnej by\u0142o ju\u017c pi\u0119ciu zawodnik\u00f3w, ale po dziewi\u0119ciu dniach na czele jest Nairo Quintana, kt\u00f3ry nie wygra\u0142 jeszcze \u017cadnego etapu. Po zwyci\u0119stwie w Giro Kolumbijczyk celuje w wygranie Vuelty. &#8211; Nadal nie jestem w najlepszej formie, ale licz\u0119, \u017ce optymalna dyspozycja wr\u00f3ci na najwa\u017cniejsze etapy &#8211; przyzna\u0142 Quintana.<\/p>\n<p>Najlepszy z Polak\u00f3w jest Przemys\u0142aw Niemiec, kt\u00f3ry zajmuje 28. miejsce. Karol Domagaliski jest 130., a Maciej Bodnar 132.<\/p>\n","protected":false},"excerpt":{"rendered":"<p>(\u0179r\u00f3d\u0142o:\u00a0Profimedia.cz) Trwa kolarska \u201ezgaduj &#8211; zgadula\u201d, w kt\u00f3rej znaki zapytania mo\u017cna stawia\u0107 niemal na ka\u017cdym polu. Vuelta a Espa\u00f1a rozp\u0119dza [&hellip;]<\/p>\n","protected":false},"author":1,"featured_media":529,"comment_status":"open","ping_status":"open","sticky":false,"template":"","format":"standard","meta":{"footnotes":""},"categories":[6],"tags":[],"global-categories":[],"class_list":["post-54","post","type-post","status-publish","format-standard","has-post-thumbnail","hentry","category-kolarstwo-szosowe"],"yoast_head":"<!-- This site is optimized with the Yoast SEO Premium plugin v25.3 (Yoast SEO v25.9) - https:\/\/yoast.com\/wordpress\/plugins\/seo\/ -->\n<title>Zmiana goni zmian\u0119, czyli nieprzewidywalna Vuelta a Espa\u00f1a - \u0160koda We Love Cycling - Poland<\/title>\n<meta name=\"robots\" content=\"index, follow, max-snippet:-1, max-image-preview:large, max-video-preview:-1\" \/>\n<link rel=\"canonical\" href=\"https:\/\/www.welovecycling.com\/pl\/2014\/09\/03\/zmiana-goni-zmiane-czyli-nieprzewidywalna-vuelta\/\" \/>\n<meta property=\"og:locale\" content=\"pl_PL\" \/>\n<meta property=\"og:type\" content=\"article\" \/>\n<meta property=\"og:title\" content=\"Zmiana goni zmian\u0119, czyli nieprzewidywalna Vuelta a Espa\u00f1a\" \/>\n<meta property=\"og:description\" content=\"(\u0179r\u00f3d\u0142o:\u00a0Profimedia.cz) Trwa kolarska \u201ezgaduj &#8211; zgadula\u201d, w kt\u00f3rej znaki zapytania mo\u017cna stawia\u0107 niemal na ka\u017cdym polu. Vuelta a Espa\u00f1a rozp\u0119dza [&hellip;]\" \/>\n<meta property=\"og:url\" content=\"https:\/\/www.welovecycling.com\/pl\/2014\/09\/03\/zmiana-goni-zmiane-czyli-nieprzewidywalna-vuelta\/\" \/>\n<meta property=\"og:site_name\" content=\"\u0160koda We Love Cycling - Poland\" \/>\n<meta property=\"article:published_time\" content=\"2014-09-03T07:38:00+00:00\" \/>\n<meta property=\"article:modified_time\" content=\"2016-12-05T10:07:39+00:00\" \/>\n<meta property=\"og:image\" content=\"https:\/\/d2p6e6u75xmxt8.cloudfront.net\/5\/2014\/09\/48.jpg\" \/>\n\t<meta property=\"og:image:width\" content=\"500\" \/>\n\t<meta property=\"og:image:height\" content=\"333\" \/>\n\t<meta property=\"og:image:type\" content=\"image\/jpeg\" \/>\n<meta name=\"author\" content=\"WeLoveCycling\" \/>\n<meta name=\"twitter:card\" content=\"summary_large_image\" \/>\n<meta name=\"twitter:label1\" content=\"Written by\" \/>\n\t<meta name=\"twitter:data1\" content=\"WeLoveCycling\" \/>\n\t<meta name=\"twitter:label2\" content=\"Est. reading time\" \/>\n\t<meta name=\"twitter:data2\" content=\"2 minutes\" \/>\n<script type=\"application\/ld+json\" class=\"yoast-schema-graph\">{\"@context\":\"https:\/\/schema.org\",\"@graph\":[{\"@type\":\"WebPage\",\"@id\":\"https:\/\/www.welovecycling.com\/pl\/2014\/09\/03\/zmiana-goni-zmiane-czyli-nieprzewidywalna-vuelta\/\",\"url\":\"https:\/\/www.welovecycling.com\/pl\/2014\/09\/03\/zmiana-goni-zmiane-czyli-nieprzewidywalna-vuelta\/\",\"name\":\"Zmiana goni zmian\u0119, czyli nieprzewidywalna Vuelta a Espa\u00f1a - \u0160koda We Love Cycling - Poland\",\"isPartOf\":{\"@id\":\"https:\/\/www.welovecycling.com\/pl\/#website\"},\"primaryImageOfPage\":{\"@id\":\"https:\/\/www.welovecycling.com\/pl\/2014\/09\/03\/zmiana-goni-zmiane-czyli-nieprzewidywalna-vuelta\/#primaryimage\"},\"image\":{\"@id\":\"https:\/\/www.welovecycling.com\/pl\/2014\/09\/03\/zmiana-goni-zmiane-czyli-nieprzewidywalna-vuelta\/#primaryimage\"},\"thumbnailUrl\":\"https:\/\/d2p6e6u75xmxt8.cloudfront.net\/5\/2014\/09\/48.jpg\",\"datePublished\":\"2014-09-03T07:38:00+00:00\",\"dateModified\":\"2016-12-05T10:07:39+00:00\",\"author\":{\"@id\":\"https:\/\/www.welovecycling.com\/pl\/#\/schema\/person\/e5187c9cac8dd619ebc7b41bd73c2fd9\"},\"breadcrumb\":{\"@id\":\"https:\/\/www.welovecycling.com\/pl\/2014\/09\/03\/zmiana-goni-zmiane-czyli-nieprzewidywalna-vuelta\/#breadcrumb\"},\"inLanguage\":\"pl-PL\",\"potentialAction\":[{\"@type\":\"ReadAction\",\"target\":[\"https:\/\/www.welovecycling.com\/pl\/2014\/09\/03\/zmiana-goni-zmiane-czyli-nieprzewidywalna-vuelta\/\"]}]},{\"@type\":\"ImageObject\",\"inLanguage\":\"pl-PL\",\"@id\":\"https:\/\/www.welovecycling.com\/pl\/2014\/09\/03\/zmiana-goni-zmiane-czyli-nieprzewidywalna-vuelta\/#primaryimage\",\"url\":\"https:\/\/d2p6e6u75xmxt8.cloudfront.net\/5\/2014\/09\/48.jpg\",\"contentUrl\":\"https:\/\/d2p6e6u75xmxt8.cloudfront.net\/5\/2014\/09\/48.jpg\",\"width\":500,\"height\":333,\"caption\":\"Image: 0140616051, License: Rights managed, Restrictions: Not available for use by or for Cycling News magazine Not available for use by or for Cycling Weekly magazine Non-editorial use of any content depicting the Olympics may require additional permissions. Please contact the IOC at: Ch\u0102\u02d8teau de Vidy, Case Postale 356, 1007 Lausanne, Switzerland. Tel: (41.21) 621.61.11 \/ Fax: (41.21) 621.62.16. Not available for use in Corbis Merchandise., Cycling : 67th Tour of Spain 2012 \/ Stage 13 Illustration Illustratie \/ Santiago De Compostela Church Cathedrale Eglise Kerk Katedraal \/ Serge Pauwels (Bel)\/ Dario Cataldo (Ita)\/ Peleton Peloton \/ Landscape Paysage Landschap \/ Santiago De Compostela - Ferrol (172,8Km)\/ Vuelta Tour Espagne Ronde van Spanje \/ Etape Rit (c)Tim De Waele, Place: Ferrol, Spain, Model Release: No or not aplicable, Credit line: Profimedia.cz, Corbis\"},{\"@type\":\"BreadcrumbList\",\"@id\":\"https:\/\/www.welovecycling.com\/pl\/2014\/09\/03\/zmiana-goni-zmiane-czyli-nieprzewidywalna-vuelta\/#breadcrumb\",\"itemListElement\":[{\"@type\":\"ListItem\",\"position\":1,\"name\":\"Home\",\"item\":\"https:\/\/www.welovecycling.com\/pl\/\"},{\"@type\":\"ListItem\",\"position\":2,\"name\":\"Zmiana goni zmian\u0119, czyli nieprzewidywalna Vuelta a Espa\u00f1a\"}]},{\"@type\":\"WebSite\",\"@id\":\"https:\/\/www.welovecycling.com\/pl\/#website\",\"url\":\"https:\/\/www.welovecycling.com\/pl\/\",\"name\":\"\u0160koda We Love Cycling - Poland\",\"description\":\"\",\"potentialAction\":[{\"@type\":\"SearchAction\",\"target\":{\"@type\":\"EntryPoint\",\"urlTemplate\":\"https:\/\/www.welovecycling.com\/pl\/?s={search_term_string}\"},\"query-input\":{\"@type\":\"PropertyValueSpecification\",\"valueRequired\":true,\"valueName\":\"search_term_string\"}}],\"inLanguage\":\"pl-PL\"},{\"@type\":\"Person\",\"@id\":\"https:\/\/www.welovecycling.com\/pl\/#\/schema\/person\/e5187c9cac8dd619ebc7b41bd73c2fd9\",\"name\":\"WeLoveCycling\",\"image\":{\"@type\":\"ImageObject\",\"inLanguage\":\"pl-PL\",\"@id\":\"https:\/\/www.welovecycling.com\/pl\/#\/schema\/person\/image\/\",\"url\":\"https:\/\/secure.gravatar.com\/avatar\/7e1ee0ecc5e294b19ef32b9f6086e0afbb9da00c3cb0d465ba4695331f4a9187?s=96&d=mm&r=g\",\"contentUrl\":\"https:\/\/secure.gravatar.com\/avatar\/7e1ee0ecc5e294b19ef32b9f6086e0afbb9da00c3cb0d465ba4695331f4a9187?s=96&d=mm&r=g\",\"caption\":\"WeLoveCycling\"},\"url\":\"https:\/\/www.welovecycling.com\/pl\/author\/lukascech\/\"}]}<\/script>\n<!-- \/ Yoast SEO Premium plugin. -->","yoast_head_json":{"title":"Zmiana goni zmian\u0119, czyli nieprzewidywalna Vuelta a Espa\u00f1a - \u0160koda We Love Cycling - Poland","robots":{"index":"index","follow":"follow","max-snippet":"max-snippet:-1","max-image-preview":"max-image-preview:large","max-video-preview":"max-video-preview:-1"},"canonical":"https:\/\/www.welovecycling.com\/pl\/2014\/09\/03\/zmiana-goni-zmiane-czyli-nieprzewidywalna-vuelta\/","og_locale":"pl_PL","og_type":"article","og_title":"Zmiana goni zmian\u0119, czyli nieprzewidywalna Vuelta a Espa\u00f1a","og_description":"(\u0179r\u00f3d\u0142o:\u00a0Profimedia.cz) Trwa kolarska \u201ezgaduj &#8211; zgadula\u201d, w kt\u00f3rej znaki zapytania mo\u017cna stawia\u0107 niemal na ka\u017cdym polu. Vuelta a Espa\u00f1a rozp\u0119dza [&hellip;]","og_url":"https:\/\/www.welovecycling.com\/pl\/2014\/09\/03\/zmiana-goni-zmiane-czyli-nieprzewidywalna-vuelta\/","og_site_name":"\u0160koda We Love Cycling - Poland","article_published_time":"2014-09-03T07:38:00+00:00","article_modified_time":"2016-12-05T10:07:39+00:00","og_image":[{"width":500,"height":333,"url":"https:\/\/d2p6e6u75xmxt8.cloudfront.net\/5\/2014\/09\/48.jpg","type":"image\/jpeg"}],"author":"WeLoveCycling","twitter_card":"summary_large_image","twitter_misc":{"Written by":"WeLoveCycling","Est. reading time":"2 minutes"},"schema":{"@context":"https:\/\/schema.org","@graph":[{"@type":"WebPage","@id":"https:\/\/www.welovecycling.com\/pl\/2014\/09\/03\/zmiana-goni-zmiane-czyli-nieprzewidywalna-vuelta\/","url":"https:\/\/www.welovecycling.com\/pl\/2014\/09\/03\/zmiana-goni-zmiane-czyli-nieprzewidywalna-vuelta\/","name":"Zmiana goni zmian\u0119, czyli nieprzewidywalna Vuelta a Espa\u00f1a - \u0160koda We Love Cycling - Poland","isPartOf":{"@id":"https:\/\/www.welovecycling.com\/pl\/#website"},"primaryImageOfPage":{"@id":"https:\/\/www.welovecycling.com\/pl\/2014\/09\/03\/zmiana-goni-zmiane-czyli-nieprzewidywalna-vuelta\/#primaryimage"},"image":{"@id":"https:\/\/www.welovecycling.com\/pl\/2014\/09\/03\/zmiana-goni-zmiane-czyli-nieprzewidywalna-vuelta\/#primaryimage"},"thumbnailUrl":"https:\/\/d2p6e6u75xmxt8.cloudfront.net\/5\/2014\/09\/48.jpg","datePublished":"2014-09-03T07:38:00+00:00","dateModified":"2016-12-05T10:07:39+00:00","author":{"@id":"https:\/\/www.welovecycling.com\/pl\/#\/schema\/person\/e5187c9cac8dd619ebc7b41bd73c2fd9"},"breadcrumb":{"@id":"https:\/\/www.welovecycling.com\/pl\/2014\/09\/03\/zmiana-goni-zmiane-czyli-nieprzewidywalna-vuelta\/#breadcrumb"},"inLanguage":"pl-PL","potentialAction":[{"@type":"ReadAction","target":["https:\/\/www.welovecycling.com\/pl\/2014\/09\/03\/zmiana-goni-zmiane-czyli-nieprzewidywalna-vuelta\/"]}]},{"@type":"ImageObject","inLanguage":"pl-PL","@id":"https:\/\/www.welovecycling.com\/pl\/2014\/09\/03\/zmiana-goni-zmiane-czyli-nieprzewidywalna-vuelta\/#primaryimage","url":"https:\/\/d2p6e6u75xmxt8.cloudfront.net\/5\/2014\/09\/48.jpg","contentUrl":"https:\/\/d2p6e6u75xmxt8.cloudfront.net\/5\/2014\/09\/48.jpg","width":500,"height":333,"caption":"Image: 0140616051, License: Rights managed, Restrictions: Not available for use by or for Cycling News magazine Not available for use by or for Cycling Weekly magazine Non-editorial use of any content depicting the Olympics may require additional permissions. Please contact the IOC at: Ch\u0102\u02d8teau de Vidy, Case Postale 356, 1007 Lausanne, Switzerland. Tel: (41.21) 621.61.11 \/ Fax: (41.21) 621.62.16. Not available for use in Corbis Merchandise., Cycling : 67th Tour of Spain 2012 \/ Stage 13 Illustration Illustratie \/ Santiago De Compostela Church Cathedrale Eglise Kerk Katedraal \/ Serge Pauwels (Bel)\/ Dario Cataldo (Ita)\/ Peleton Peloton \/ Landscape Paysage Landschap \/ Santiago De Compostela - Ferrol (172,8Km)\/ Vuelta Tour Espagne Ronde van Spanje \/ Etape Rit (c)Tim De Waele, Place: Ferrol, Spain, Model Release: No or not aplicable, Credit line: Profimedia.cz, Corbis"},{"@type":"BreadcrumbList","@id":"https:\/\/www.welovecycling.com\/pl\/2014\/09\/03\/zmiana-goni-zmiane-czyli-nieprzewidywalna-vuelta\/#breadcrumb","itemListElement":[{"@type":"ListItem","position":1,"name":"Home","item":"https:\/\/www.welovecycling.com\/pl\/"},{"@type":"ListItem","position":2,"name":"Zmiana goni zmian\u0119, czyli nieprzewidywalna Vuelta a Espa\u00f1a"}]},{"@type":"WebSite","@id":"https:\/\/www.welovecycling.com\/pl\/#website","url":"https:\/\/www.welovecycling.com\/pl\/","name":"\u0160koda We Love Cycling - Poland","description":"","potentialAction":[{"@type":"SearchAction","target":{"@type":"EntryPoint","urlTemplate":"https:\/\/www.welovecycling.com\/pl\/?s={search_term_string}"},"query-input":{"@type":"PropertyValueSpecification","valueRequired":true,"valueName":"search_term_string"}}],"inLanguage":"pl-PL"},{"@type":"Person","@id":"https:\/\/www.welovecycling.com\/pl\/#\/schema\/person\/e5187c9cac8dd619ebc7b41bd73c2fd9","name":"WeLoveCycling","image":{"@type":"ImageObject","inLanguage":"pl-PL","@id":"https:\/\/www.welovecycling.com\/pl\/#\/schema\/person\/image\/","url":"https:\/\/secure.gravatar.com\/avatar\/7e1ee0ecc5e294b19ef32b9f6086e0afbb9da00c3cb0d465ba4695331f4a9187?s=96&d=mm&r=g","contentUrl":"https:\/\/secure.gravatar.com\/avatar\/7e1ee0ecc5e294b19ef32b9f6086e0afbb9da00c3cb0d465ba4695331f4a9187?s=96&d=mm&r=g","caption":"WeLoveCycling"},"url":"https:\/\/www.welovecycling.com\/pl\/author\/lukascech\/"}]}},"_links":{"self":[{"href":"https:\/\/www.welovecycling.com\/pl\/wp-json\/wp\/v2\/posts\/54","targetHints":{"allow":["GET"]}}],"collection":[{"href":"https:\/\/www.welovecycling.com\/pl\/wp-json\/wp\/v2\/posts"}],"about":[{"href":"https:\/\/www.welovecycling.com\/pl\/wp-json\/wp\/v2\/types\/post"}],"author":[{"embeddable":true,"href":"https:\/\/www.welovecycling.com\/pl\/wp-json\/wp\/v2\/users\/1"}],"replies":[{"embeddable":true,"href":"https:\/\/www.welovecycling.com\/pl\/wp-json\/wp\/v2\/comments?post=54"}],"version-history":[{"count":1,"href":"https:\/\/www.welovecycling.com\/pl\/wp-json\/wp\/v2\/posts\/54\/revisions"}],"predecessor-version":[{"id":2537,"href":"https:\/\/www.welovecycling.com\/pl\/wp-json\/wp\/v2\/posts\/54\/revisions\/2537"}],"wp:featuredmedia":[{"embeddable":true,"href":"https:\/\/www.welovecycling.com\/pl\/wp-json\/wp\/v2\/media\/529"}],"wp:attachment":[{"href":"https:\/\/www.welovecycling.com\/pl\/wp-json\/wp\/v2\/media?parent=54"}],"wp:term":[{"taxonomy":"category","embeddable":true,"href":"https:\/\/www.welovecycling.com\/pl\/wp-json\/wp\/v2\/categories?post=54"},{"taxonomy":"post_tag","embeddable":true,"href":"https:\/\/www.welovecycling.com\/pl\/wp-json\/wp\/v2\/tags?post=54"},{"taxonomy":"global-categories","embeddable":true,"href":"https:\/\/www.welovecycling.com\/pl\/wp-json\/wp\/v2\/global-categories?post=54"}],"curies":[{"name":"wp","href":"https:\/\/api.w.org\/{rel}","templated":true}]}}