{"id":5378,"date":"2017-09-21T22:43:09","date_gmt":"2017-09-21T22:43:09","guid":{"rendered":"https:\/\/www.welovecycling.com\/pl\/?p=5378"},"modified":"2017-09-25T05:42:23","modified_gmt":"2017-09-25T05:42:23","slug":"rihanna-pledged-empower-malawi-girls-through-bicycles","status":"publish","type":"post","link":"https:\/\/www.welovecycling.com\/pl\/2017\/09\/21\/rihanna-pledged-empower-malawi-girls-through-bicycles\/","title":{"rendered":"Rihanna obieca\u0142a wesprze\u0107 dziewczynki w Malawi"},"content":{"rendered":"<p><strong>Ju\u017c poruszyli\u015bmy temat rower\u00f3w zwi\u0119kszaj\u0105cych dost\u0119p do edukacji dla uczni\u00f3w z kraj\u00f3w trzeciego \u015bwiata, ale dobrze jest s\u0142ysze\u0107, \u017ce celebryci r\u00f3wnie\u017c rozumiej\u0105 sytuacj\u0119.<\/strong><br \/>\n<!--more--><\/p>\n<p><span style=\"font-weight: 400;\">Rihanna to jedna z najwi\u0119kszych wsp\u00f3\u0142czesnych gwiazd. Piosenkarka i aktorka pochodzi z Barbadosu i mimo m\u0142odego wieku ju\u017c pozostawi\u0142a sw\u00f3j \u015blad w \u015bwiecie muzyki. W odr\u00f3\u017cnieniu od wielu gwiazd zdecydowa\u0142a si\u0119 wykorzysta\u0107 swoj\u0105 s\u0142aw\u0119, aby pom\u00f3c osobom b\u0119d\u0105cym w mniej szcz\u0119\u015bliwym po\u0142o\u017ceniu.<\/span><\/p>\n<lite-youtube videoid=VqmFKnHG5q8 params=\"enablejsapi=1\" style=\"background-image: url('https:\/\/i.ytimg.com\/vi_webp\/VqmFKnHG5q8\/maxresdefault.webp');\"><\/lite-youtube>\n<p><span style=\"font-weight: 400;\">W 2012 r. Rihanna za\u0142o\u017cy\u0142a fundacj\u0119 pod nazw\u0105 <a href=\"http:\/\/claralionelfoundation.org\/\">Clara Lionel Foundation<\/a>, kt\u00f3rej celem by\u0142o finansowanie nauki i opieki medycznej tam, gdzie s\u0105 one potrzebne najbardziej \u2014 w\u015br\u00f3d dzieci. Ale to nie wszystko. W tym roku piosenkarka odwiedzi\u0142a r\u00f3\u017cne szko\u0142y w Malawi i zobaczy\u0142a, jak trudno uczniom ju\u017c nawet dosta\u0107 si\u0119 rano do szko\u0142y. Dzieci z obszar\u00f3w wiejskich musz\u0105 i\u015b\u0107 pieszo przez dwie lub trzy godziny, aby doj\u015b\u0107 do plac\u00f3wki, a dla dziewczynek, kt\u00f3re musz\u0105 r\u00f3wnie\u017c wype\u0142ni\u0107 wiele domowych obowi\u0105zk\u00f3w ka\u017cdego ranka, jest to jeszcze trudniejsze. Jedynie 8% z 4,6 miliona uczni\u00f3w w Malawi ko\u0144czy szko\u0142\u0119 \u015bredni\u0105, z czego dziewcz\u0119ta stanowi\u0105 znaczn\u0105 mniejszo\u015b\u0107.<\/span><\/p>\n<p><span style=\"font-weight: 400;\">W ostatnich latach pojawi\u0142o si\u0119 wiele inicjatyw wspierania infrastruktury rowerowej i Rihanna postanowi\u0142a wykorzysta\u0107 ten trend. Jej fundacja og\u0142osi\u0142a 5-letni\u0105 wsp\u00f3\u0142prac\u0119 z Ofo, wiod\u0105c\u0105 <a href=\"https:\/\/techcrunch.com\/2017\/07\/05\/ofo-raises-700m-led-by-alibaba\/\">platform\u0105 rower\u00f3w miejskich<\/a> za\u0142o\u017con\u0105 w Chinach w 2014 r., kt\u00f3ra ju\u017c zapewnia ponad 6,5 miliona rower\u00f3w w 150 miastach. Wsp\u00f3\u0142praca\u00a0 ta, pod nazw\u0105 1KM Action, stawia sobie za cel pomoc setkom dziewczyn w problemach z transportem do szko\u0142y, a tak\u017ce, niestety, w problemach zwi\u0105zanych z ich bezpiecze\u0144stwem.<\/span><\/p>\n<p><a href=\"https:\/\/d2p6e6u75xmxt8.cloudfront.net\/5\/2017\/09\/97203385_rihannabikes.jpg\"><img loading=\"lazy\" decoding=\"async\" class=\"alignnone size-full wp-image-5379\" src=\"https:\/\/d2p6e6u75xmxt8.cloudfront.net\/5\/2017\/09\/97203385_rihannabikes.jpg\" alt=\"\" width=\"976\" height=\"549\" srcset=\"https:\/\/d2p6e6u75xmxt8.cloudfront.net\/5\/2017\/09\/97203385_rihannabikes.jpg 976w, https:\/\/d2p6e6u75xmxt8.cloudfront.net\/5\/2017\/09\/97203385_rihannabikes-300x169.jpg 300w, https:\/\/d2p6e6u75xmxt8.cloudfront.net\/5\/2017\/09\/97203385_rihannabikes-768x432.jpg 768w\" sizes=\"auto, (max-width: 976px) 100vw, 976px\" \/><\/a><\/p>\n<p><span style=\"font-weight: 400;\">\u2013 Bardzo mnie cieszy nowa wsp\u00f3\u0142praca fundacji Clara Lionel Foundation z Ofo, poniewa\u017c pomo\u017ce ona wielu m\u0142odym ludziom na ca\u0142ym \u015bwiecie w uzyskaniu jako\u015bciowego kszta\u0142cenia, a tak\u017ce sprawi, \u017ce dziewczynki z Malawi bezpiecznie dotr\u0105 do szko\u0142y, skracaj\u0105c te d\u0142ugie spacery, kt\u00f3re musz\u0105 samotnie odbywa\u0107 w drodze do lub ze szko\u0142y \u2013 powiedzia\u0142a Rihanna w o\u015bwiadczeniu dla prasy.<\/span><\/p>\n<p><span style=\"font-weight: 400;\">Rowery ju\u017c zacz\u0119\u0142y przybywa\u0107 i jak do tej pory zar\u00f3wno uczniowie, jak i nauczyciele bardzo chwal\u0105 t\u0119 inicjatyw\u0119. Oto moda, wobec kt\u00f3rej nie mamy zastrze\u017ce\u0144.<\/span><\/p>\n","protected":false},"excerpt":{"rendered":"<p>Ju\u017c poruszyli\u015bmy temat rower\u00f3w zwi\u0119kszaj\u0105cych dost\u0119p do edukacji dla uczni\u00f3w z kraj\u00f3w trzeciego \u015bwiata, ale dobrze jest s\u0142ysze\u0107, \u017ce celebryci [&hellip;]<\/p>\n","protected":false},"author":76,"featured_media":5381,"comment_status":"open","ping_status":"open","sticky":false,"template":"","format":"standard","meta":{"footnotes":""},"categories":[1],"tags":[82],"global-categories":[],"class_list":["post-5378","post","type-post","status-publish","format-standard","has-post-thumbnail","hentry","category-uncategorized","tag-welovecycling"],"yoast_head":"<!-- This site is optimized with the Yoast SEO Premium plugin v25.3 (Yoast SEO v25.9) - https:\/\/yoast.com\/wordpress\/plugins\/seo\/ -->\n<title>Rihanna obieca\u0142a wesprze\u0107 dziewczynki w Malawi - \u0160koda We Love Cycling - Poland<\/title>\n<meta name=\"robots\" content=\"index, follow, max-snippet:-1, max-image-preview:large, max-video-preview:-1\" \/>\n<link rel=\"canonical\" href=\"https:\/\/www.welovecycling.com\/pl\/2017\/09\/21\/rihanna-pledged-empower-malawi-girls-through-bicycles\/\" \/>\n<meta property=\"og:locale\" content=\"pl_PL\" \/>\n<meta property=\"og:type\" content=\"article\" \/>\n<meta property=\"og:title\" content=\"Rihanna obieca\u0142a wesprze\u0107 dziewczynki w Malawi\" \/>\n<meta property=\"og:description\" content=\"Ju\u017c poruszyli\u015bmy temat rower\u00f3w zwi\u0119kszaj\u0105cych dost\u0119p do edukacji dla uczni\u00f3w z kraj\u00f3w trzeciego \u015bwiata, ale dobrze jest s\u0142ysze\u0107, \u017ce celebryci [&hellip;]\" \/>\n<meta property=\"og:url\" content=\"https:\/\/www.welovecycling.com\/pl\/2017\/09\/21\/rihanna-pledged-empower-malawi-girls-through-bicycles\/\" \/>\n<meta property=\"og:site_name\" content=\"\u0160koda We Love Cycling - Poland\" \/>\n<meta property=\"article:published_time\" content=\"2017-09-21T22:43:09+00:00\" \/>\n<meta property=\"article:modified_time\" content=\"2017-09-25T05:42:23+00:00\" \/>\n<meta property=\"og:image\" content=\"https:\/\/d2p6e6u75xmxt8.cloudfront.net\/5\/2017\/09\/Bkprofimedia-0320740585.jpg\" \/>\n\t<meta property=\"og:image:width\" content=\"1375\" \/>\n\t<meta property=\"og:image:height\" content=\"600\" \/>\n\t<meta property=\"og:image:type\" content=\"image\/jpeg\" \/>\n<meta name=\"author\" content=\"piotrboczkowski\" \/>\n<meta name=\"twitter:card\" content=\"summary_large_image\" \/>\n<meta name=\"twitter:label1\" content=\"Written by\" \/>\n\t<meta name=\"twitter:data1\" content=\"Frantiska Blazkova\" \/>\n\t<meta name=\"twitter:label2\" content=\"Est. reading time\" \/>\n\t<meta name=\"twitter:data2\" content=\"2 minutes\" \/>\n<script type=\"application\/ld+json\" class=\"yoast-schema-graph\">{\"@context\":\"https:\/\/schema.org\",\"@graph\":[{\"@type\":\"WebPage\",\"@id\":\"https:\/\/www.welovecycling.com\/pl\/2017\/09\/21\/rihanna-pledged-empower-malawi-girls-through-bicycles\/\",\"url\":\"https:\/\/www.welovecycling.com\/pl\/2017\/09\/21\/rihanna-pledged-empower-malawi-girls-through-bicycles\/\",\"name\":\"Rihanna obieca\u0142a wesprze\u0107 dziewczynki w Malawi - \u0160koda We Love Cycling - Poland\",\"isPartOf\":{\"@id\":\"https:\/\/www.welovecycling.com\/pl\/#website\"},\"primaryImageOfPage\":{\"@id\":\"https:\/\/www.welovecycling.com\/pl\/2017\/09\/21\/rihanna-pledged-empower-malawi-girls-through-bicycles\/#primaryimage\"},\"image\":{\"@id\":\"https:\/\/www.welovecycling.com\/pl\/2017\/09\/21\/rihanna-pledged-empower-malawi-girls-through-bicycles\/#primaryimage\"},\"thumbnailUrl\":\"https:\/\/d2p6e6u75xmxt8.cloudfront.net\/5\/2017\/09\/Bkprofimedia-0320740585.jpg\",\"datePublished\":\"2017-09-21T22:43:09+00:00\",\"dateModified\":\"2017-09-25T05:42:23+00:00\",\"author\":{\"@id\":\"https:\/\/www.welovecycling.com\/pl\/#\/schema\/person\/0dba2d39da943db9df3fd8f4687e7f23\"},\"breadcrumb\":{\"@id\":\"https:\/\/www.welovecycling.com\/pl\/2017\/09\/21\/rihanna-pledged-empower-malawi-girls-through-bicycles\/#breadcrumb\"},\"inLanguage\":\"pl-PL\",\"potentialAction\":[{\"@type\":\"ReadAction\",\"target\":[\"https:\/\/www.welovecycling.com\/pl\/2017\/09\/21\/rihanna-pledged-empower-malawi-girls-through-bicycles\/\"]}]},{\"@type\":\"ImageObject\",\"inLanguage\":\"pl-PL\",\"@id\":\"https:\/\/www.welovecycling.com\/pl\/2017\/09\/21\/rihanna-pledged-empower-malawi-girls-through-bicycles\/#primaryimage\",\"url\":\"https:\/\/d2p6e6u75xmxt8.cloudfront.net\/5\/2017\/09\/Bkprofimedia-0320740585.jpg\",\"contentUrl\":\"https:\/\/d2p6e6u75xmxt8.cloudfront.net\/5\/2017\/09\/Bkprofimedia-0320740585.jpg\",\"width\":1375,\"height\":600},{\"@type\":\"BreadcrumbList\",\"@id\":\"https:\/\/www.welovecycling.com\/pl\/2017\/09\/21\/rihanna-pledged-empower-malawi-girls-through-bicycles\/#breadcrumb\",\"itemListElement\":[{\"@type\":\"ListItem\",\"position\":1,\"name\":\"Home\",\"item\":\"https:\/\/www.welovecycling.com\/pl\/\"},{\"@type\":\"ListItem\",\"position\":2,\"name\":\"Rihanna obieca\u0142a wesprze\u0107 dziewczynki w Malawi\"}]},{\"@type\":\"WebSite\",\"@id\":\"https:\/\/www.welovecycling.com\/pl\/#website\",\"url\":\"https:\/\/www.welovecycling.com\/pl\/\",\"name\":\"\u0160koda We Love Cycling - Poland\",\"description\":\"\",\"potentialAction\":[{\"@type\":\"SearchAction\",\"target\":{\"@type\":\"EntryPoint\",\"urlTemplate\":\"https:\/\/www.welovecycling.com\/pl\/?s={search_term_string}\"},\"query-input\":{\"@type\":\"PropertyValueSpecification\",\"valueRequired\":true,\"valueName\":\"search_term_string\"}}],\"inLanguage\":\"pl-PL\"},{\"@type\":\"Person\",\"@id\":\"https:\/\/www.welovecycling.com\/pl\/#\/schema\/person\/0dba2d39da943db9df3fd8f4687e7f23\",\"name\":\"piotrboczkowski\",\"image\":{\"@type\":\"ImageObject\",\"inLanguage\":\"pl-PL\",\"@id\":\"https:\/\/www.welovecycling.com\/pl\/#\/schema\/person\/image\/\",\"url\":\"https:\/\/secure.gravatar.com\/avatar\/533caccae14752e03a2ce2d3fd62d1b98b93e1393c3195c27819e53344ca1ace?s=96&d=mm&r=g\",\"contentUrl\":\"https:\/\/secure.gravatar.com\/avatar\/533caccae14752e03a2ce2d3fd62d1b98b93e1393c3195c27819e53344ca1ace?s=96&d=mm&r=g\",\"caption\":\"piotrboczkowski\"},\"url\":\"https:\/\/www.welovecycling.com\/pl\/author\/piotrboczkowski\/\"}]}<\/script>\n<!-- \/ Yoast SEO Premium plugin. -->","yoast_head_json":{"title":"Rihanna obieca\u0142a wesprze\u0107 dziewczynki w Malawi - \u0160koda We Love Cycling - Poland","robots":{"index":"index","follow":"follow","max-snippet":"max-snippet:-1","max-image-preview":"max-image-preview:large","max-video-preview":"max-video-preview:-1"},"canonical":"https:\/\/www.welovecycling.com\/pl\/2017\/09\/21\/rihanna-pledged-empower-malawi-girls-through-bicycles\/","og_locale":"pl_PL","og_type":"article","og_title":"Rihanna obieca\u0142a wesprze\u0107 dziewczynki w Malawi","og_description":"Ju\u017c poruszyli\u015bmy temat rower\u00f3w zwi\u0119kszaj\u0105cych dost\u0119p do edukacji dla uczni\u00f3w z kraj\u00f3w trzeciego \u015bwiata, ale dobrze jest s\u0142ysze\u0107, \u017ce celebryci [&hellip;]","og_url":"https:\/\/www.welovecycling.com\/pl\/2017\/09\/21\/rihanna-pledged-empower-malawi-girls-through-bicycles\/","og_site_name":"\u0160koda We Love Cycling - Poland","article_published_time":"2017-09-21T22:43:09+00:00","article_modified_time":"2017-09-25T05:42:23+00:00","og_image":[{"width":1375,"height":600,"url":"https:\/\/d2p6e6u75xmxt8.cloudfront.net\/5\/2017\/09\/Bkprofimedia-0320740585.jpg","type":"image\/jpeg"}],"author":"piotrboczkowski","twitter_card":"summary_large_image","twitter_misc":{"Written by":"Frantiska Blazkova","Est. reading time":"2 minutes"},"schema":{"@context":"https:\/\/schema.org","@graph":[{"@type":"WebPage","@id":"https:\/\/www.welovecycling.com\/pl\/2017\/09\/21\/rihanna-pledged-empower-malawi-girls-through-bicycles\/","url":"https:\/\/www.welovecycling.com\/pl\/2017\/09\/21\/rihanna-pledged-empower-malawi-girls-through-bicycles\/","name":"Rihanna obieca\u0142a wesprze\u0107 dziewczynki w Malawi - \u0160koda We Love Cycling - Poland","isPartOf":{"@id":"https:\/\/www.welovecycling.com\/pl\/#website"},"primaryImageOfPage":{"@id":"https:\/\/www.welovecycling.com\/pl\/2017\/09\/21\/rihanna-pledged-empower-malawi-girls-through-bicycles\/#primaryimage"},"image":{"@id":"https:\/\/www.welovecycling.com\/pl\/2017\/09\/21\/rihanna-pledged-empower-malawi-girls-through-bicycles\/#primaryimage"},"thumbnailUrl":"https:\/\/d2p6e6u75xmxt8.cloudfront.net\/5\/2017\/09\/Bkprofimedia-0320740585.jpg","datePublished":"2017-09-21T22:43:09+00:00","dateModified":"2017-09-25T05:42:23+00:00","author":{"@id":"https:\/\/www.welovecycling.com\/pl\/#\/schema\/person\/0dba2d39da943db9df3fd8f4687e7f23"},"breadcrumb":{"@id":"https:\/\/www.welovecycling.com\/pl\/2017\/09\/21\/rihanna-pledged-empower-malawi-girls-through-bicycles\/#breadcrumb"},"inLanguage":"pl-PL","potentialAction":[{"@type":"ReadAction","target":["https:\/\/www.welovecycling.com\/pl\/2017\/09\/21\/rihanna-pledged-empower-malawi-girls-through-bicycles\/"]}]},{"@type":"ImageObject","inLanguage":"pl-PL","@id":"https:\/\/www.welovecycling.com\/pl\/2017\/09\/21\/rihanna-pledged-empower-malawi-girls-through-bicycles\/#primaryimage","url":"https:\/\/d2p6e6u75xmxt8.cloudfront.net\/5\/2017\/09\/Bkprofimedia-0320740585.jpg","contentUrl":"https:\/\/d2p6e6u75xmxt8.cloudfront.net\/5\/2017\/09\/Bkprofimedia-0320740585.jpg","width":1375,"height":600},{"@type":"BreadcrumbList","@id":"https:\/\/www.welovecycling.com\/pl\/2017\/09\/21\/rihanna-pledged-empower-malawi-girls-through-bicycles\/#breadcrumb","itemListElement":[{"@type":"ListItem","position":1,"name":"Home","item":"https:\/\/www.welovecycling.com\/pl\/"},{"@type":"ListItem","position":2,"name":"Rihanna obieca\u0142a wesprze\u0107 dziewczynki w Malawi"}]},{"@type":"WebSite","@id":"https:\/\/www.welovecycling.com\/pl\/#website","url":"https:\/\/www.welovecycling.com\/pl\/","name":"\u0160koda We Love Cycling - Poland","description":"","potentialAction":[{"@type":"SearchAction","target":{"@type":"EntryPoint","urlTemplate":"https:\/\/www.welovecycling.com\/pl\/?s={search_term_string}"},"query-input":{"@type":"PropertyValueSpecification","valueRequired":true,"valueName":"search_term_string"}}],"inLanguage":"pl-PL"},{"@type":"Person","@id":"https:\/\/www.welovecycling.com\/pl\/#\/schema\/person\/0dba2d39da943db9df3fd8f4687e7f23","name":"piotrboczkowski","image":{"@type":"ImageObject","inLanguage":"pl-PL","@id":"https:\/\/www.welovecycling.com\/pl\/#\/schema\/person\/image\/","url":"https:\/\/secure.gravatar.com\/avatar\/533caccae14752e03a2ce2d3fd62d1b98b93e1393c3195c27819e53344ca1ace?s=96&d=mm&r=g","contentUrl":"https:\/\/secure.gravatar.com\/avatar\/533caccae14752e03a2ce2d3fd62d1b98b93e1393c3195c27819e53344ca1ace?s=96&d=mm&r=g","caption":"piotrboczkowski"},"url":"https:\/\/www.welovecycling.com\/pl\/author\/piotrboczkowski\/"}]}},"_links":{"self":[{"href":"https:\/\/www.welovecycling.com\/pl\/wp-json\/wp\/v2\/posts\/5378","targetHints":{"allow":["GET"]}}],"collection":[{"href":"https:\/\/www.welovecycling.com\/pl\/wp-json\/wp\/v2\/posts"}],"about":[{"href":"https:\/\/www.welovecycling.com\/pl\/wp-json\/wp\/v2\/types\/post"}],"author":[{"embeddable":true,"href":"https:\/\/www.welovecycling.com\/pl\/wp-json\/wp\/v2\/users\/76"}],"replies":[{"embeddable":true,"href":"https:\/\/www.welovecycling.com\/pl\/wp-json\/wp\/v2\/comments?post=5378"}],"version-history":[{"count":2,"href":"https:\/\/www.welovecycling.com\/pl\/wp-json\/wp\/v2\/posts\/5378\/revisions"}],"predecessor-version":[{"id":5398,"href":"https:\/\/www.welovecycling.com\/pl\/wp-json\/wp\/v2\/posts\/5378\/revisions\/5398"}],"wp:featuredmedia":[{"embeddable":true,"href":"https:\/\/www.welovecycling.com\/pl\/wp-json\/wp\/v2\/media\/5381"}],"wp:attachment":[{"href":"https:\/\/www.welovecycling.com\/pl\/wp-json\/wp\/v2\/media?parent=5378"}],"wp:term":[{"taxonomy":"category","embeddable":true,"href":"https:\/\/www.welovecycling.com\/pl\/wp-json\/wp\/v2\/categories?post=5378"},{"taxonomy":"post_tag","embeddable":true,"href":"https:\/\/www.welovecycling.com\/pl\/wp-json\/wp\/v2\/tags?post=5378"},{"taxonomy":"global-categories","embeddable":true,"href":"https:\/\/www.welovecycling.com\/pl\/wp-json\/wp\/v2\/global-categories?post=5378"}],"curies":[{"name":"wp","href":"https:\/\/api.w.org\/{rel}","templated":true}]}}