{"id":5341,"date":"2017-09-21T07:15:40","date_gmt":"2017-09-21T07:15:40","guid":{"rendered":"https:\/\/www.welovecycling.com\/pl\/?p=5341"},"modified":"2017-09-25T06:01:22","modified_gmt":"2017-09-25T06:01:22","slug":"test-tras-8-propozycji-pieknych-tras-rowerowych-europie","status":"publish","type":"post","link":"https:\/\/www.welovecycling.com\/pl\/2017\/09\/21\/test-tras-8-propozycji-pieknych-tras-rowerowych-europie\/","title":{"rendered":"Test tras: 7 propozycji pi\u0119knych tras rowerowych w Europie"},"content":{"rendered":"<p><strong>Je\u015bli kochasz rowery, to poni\u017csze propozycje powinny znale\u017a\u0107 si\u0119 na twojej li\u015bcie wymarzonych wycieczek rowerowych po Europie. W\u015br\u00f3d nich s\u0105 trasy \u0142atwe, je\u015bli chcesz po\u0142\u0105czy\u0107 jazd\u0119 na rowerze z relaksem i dobrym winem. Nie brakuje r\u00f3wnie\u017c tych bardziej wymagaj\u0105cych, kt\u00f3re zabior\u0105 ci\u0119 w kultowe miejsca z historii kolarstwa. Najwytrwalsi fani dw\u00f3ch k\u00f3\u0142ek te\u017c znajd\u0105 co\u015b dla siebie. Wszystkie trasy mo\u017cesz oceni\u0107 na naszej interaktywnej mapie po ich przetestowaniu.<\/strong><br \/>\n<!--more--><\/p>\n<h2><strong>Alpe d\u2019Huez, Francja<\/strong><\/h2>\n<p><a href=\"https:\/\/d2p6e6u75xmxt8.cloudfront.net\/5\/2017\/09\/Alpe-dHuez-climb.jpg\"><img loading=\"lazy\" decoding=\"async\" class=\"alignnone size-full wp-image-5342\" src=\"https:\/\/d2p6e6u75xmxt8.cloudfront.net\/5\/2017\/09\/Alpe-dHuez-climb.jpg\" alt=\"\" width=\"1920\" height=\"1281\" srcset=\"https:\/\/d2p6e6u75xmxt8.cloudfront.net\/5\/2017\/09\/Alpe-dHuez-climb.jpg 1920w, https:\/\/d2p6e6u75xmxt8.cloudfront.net\/5\/2017\/09\/Alpe-dHuez-climb-300x200.jpg 300w, https:\/\/d2p6e6u75xmxt8.cloudfront.net\/5\/2017\/09\/Alpe-dHuez-climb-768x512.jpg 768w, https:\/\/d2p6e6u75xmxt8.cloudfront.net\/5\/2017\/09\/Alpe-dHuez-climb-1024x683.jpg 1024w, https:\/\/d2p6e6u75xmxt8.cloudfront.net\/5\/2017\/09\/Alpe-dHuez-climb-272x182.jpg 272w, https:\/\/d2p6e6u75xmxt8.cloudfront.net\/5\/2017\/09\/Alpe-dHuez-climb-1920x1281.jpg 1920w\" sizes=\"auto, (max-width: 1920px) 100vw, 1920px\" \/><\/a><\/p>\n<p><span style=\"font-weight: 400;\">Nie znajdziesz bardziej kultowej trasy rowerowej ni\u017c podjazd prowadz\u0105cy do Alpe d\u2019Huez. Szosa ta ma d\u0142ugo\u015b\u0107 jedynie ok. 15 km (9,3 mil), ale ze wzgl\u0119du na ponad 1100 m przewy\u017csze\u0144 i \u015bredni stopie\u0144 nachylenia o warto\u015bci 7,9% stanowi wyzwanie dla ka\u017cdego. Rozpo\u015bcieraj\u0105 si\u0119 st\u0105d pi\u0119kne widoki na otaczaj\u0105ce g\u00f3ry i le\u017c\u0105ce u ich st\u00f3p doliny. Ka\u017cdego dnia w lecie \u015brednio 1000 kolarzy pokonuje ten mityczny podjazd i ty powiniene\u015b by\u0107 jednym z nich \u2014 to niezapomniane prze\u017cycie.<\/span><\/p>\n<p><a href=\"https:\/\/www.welovecycling.com\/wide\/ride-tested\/alpe-dhuez\/\"><img loading=\"lazy\" decoding=\"async\" class=\"wp-image-5344 size-full\" src=\"https:\/\/d2p6e6u75xmxt8.cloudfront.net\/5\/2017\/09\/alpdehuez.JPG.jpg\" alt=\"\" width=\"587\" height=\"443\" srcset=\"https:\/\/d2p6e6u75xmxt8.cloudfront.net\/5\/2017\/09\/alpdehuez.JPG.jpg 587w, https:\/\/d2p6e6u75xmxt8.cloudfront.net\/5\/2017\/09\/alpdehuez.JPG-300x226.jpg 300w\" sizes=\"auto, (max-width: 587px) 100vw, 587px\" \/><\/a><span style=\"font-weight: 400;\">Kliknij na zdj\u0119cie, aby uzyska\u0107 wi\u0119cej szczeg\u00f3\u0142\u00f3w i tras\u0119 GPS<\/span><\/p>\n<h2><strong>Szlak rowerowy wzd\u0142u\u017c\u00a0\u0141aby, Czechy<\/strong><\/h2>\n<p><a href=\"https:\/\/d2p6e6u75xmxt8.cloudfront.net\/5\/2017\/09\/elbe-cycling-route.JPG.jpg\"><img loading=\"lazy\" decoding=\"async\" class=\"alignnone size-full wp-image-5346\" src=\"https:\/\/d2p6e6u75xmxt8.cloudfront.net\/5\/2017\/09\/elbe-cycling-route.JPG.jpg\" alt=\"\" width=\"1600\" height=\"1200\" srcset=\"https:\/\/d2p6e6u75xmxt8.cloudfront.net\/5\/2017\/09\/elbe-cycling-route.JPG.jpg 1600w, https:\/\/d2p6e6u75xmxt8.cloudfront.net\/5\/2017\/09\/elbe-cycling-route.JPG-300x225.jpg 300w, https:\/\/d2p6e6u75xmxt8.cloudfront.net\/5\/2017\/09\/elbe-cycling-route.JPG-768x576.jpg 768w, https:\/\/d2p6e6u75xmxt8.cloudfront.net\/5\/2017\/09\/elbe-cycling-route.JPG-1024x768.jpg 1024w\" sizes=\"auto, (max-width: 1600px) 100vw, 1600px\" \/><\/a><\/p>\n<p><span style=\"font-weight: 400;\">Szlak rowerowy wzd\u0142u\u017c rzeki \u0141aby jest cz\u0119\u015bci\u0105 mi\u0119dzynarodowej sieci szlak\u00f3w rowerowych na terenie Europy. Ma d\u0142ugo\u015b\u0107 ok. 980 km i biegnie od czeskiego Mielnika do Cuxhaven u wybrze\u017cy Morza P\u00f3\u0142nocnego. Ci\u0105gnie si\u0119 wzd\u0142u\u017c rzeki \u0141aby przez pi\u0119kn\u0105 cz\u0119\u015b\u0107 Czech i Niemiec i jest jedn\u0105 z najpopularniejszych tras rowerowych dla mieszka\u0144c\u00f3w obu tych pa\u0144stw. Naszym ulubionym odcinkiem jest szlak o d\u0142ugo\u015bci 48,2 km (30 mil) biegn\u0105cym z Litomierzyc do miasta D\u011b\u010d\u00edn. Jest to wzgl\u0119dnie \u0142atwa trasa, wi\u0119c nie powiniene\u015b pomija\u0107 podjazdu do zamku St\u0159ekov w mie\u015bcie Uj\u015bcie nad \u0141ab\u0105, z kt\u00f3rego roztacza si\u0119 wspania\u0142y widok na dolin\u0119 \u0141aby i Masyw Czeskomorawski. Ogr\u00f3d angielski w pa\u0142acu Velk\u00e9 B\u0159ezno oraz ogr\u00f3d barokowy w zamku D\u011b\u010d\u00edn r\u00f3wnie\u017c s\u0105 warte odwiedzenia. To \u015bwietna wycieczka rowerowa, w czasie kt\u00f3rej mo\u017cna pozna\u0107 serce Europy.<\/span><\/p>\n<p><a href=\"https:\/\/www.welovecycling.com\/wide\/ride-tested\/elbe-radweg-litomericeleitmeritz-decintetschen\/\"><img loading=\"lazy\" decoding=\"async\" class=\"wp-image-5348 size-full\" src=\"https:\/\/d2p6e6u75xmxt8.cloudfront.net\/5\/2017\/09\/5648974.JPG.jpg\" alt=\"\" width=\"632\" height=\"762\" srcset=\"https:\/\/d2p6e6u75xmxt8.cloudfront.net\/5\/2017\/09\/5648974.JPG.jpg 632w, https:\/\/d2p6e6u75xmxt8.cloudfront.net\/5\/2017\/09\/5648974.JPG-249x300.jpg 249w\" sizes=\"auto, (max-width: 632px) 100vw, 632px\" \/><\/a><span style=\"font-weight: 400;\">Kliknij na zdj\u0119cie, aby uzyska\u0107 wi\u0119cej szczeg\u00f3\u0142\u00f3w i tras\u0119 GPS<\/span><\/p>\n<h2><strong>Glencoe &#8211; Ben Nevis, Wielka Brytania<\/strong><\/h2>\n<p><a href=\"https:\/\/d2p6e6u75xmxt8.cloudfront.net\/5\/2017\/09\/glencoe-ben-nevis.jpg\"><img loading=\"lazy\" decoding=\"async\" class=\"alignnone size-full wp-image-5350\" src=\"https:\/\/d2p6e6u75xmxt8.cloudfront.net\/5\/2017\/09\/glencoe-ben-nevis.jpg\" alt=\"\" width=\"5184\" height=\"3456\" srcset=\"https:\/\/d2p6e6u75xmxt8.cloudfront.net\/5\/2017\/09\/glencoe-ben-nevis.jpg 5184w, https:\/\/d2p6e6u75xmxt8.cloudfront.net\/5\/2017\/09\/glencoe-ben-nevis-300x200.jpg 300w, https:\/\/d2p6e6u75xmxt8.cloudfront.net\/5\/2017\/09\/glencoe-ben-nevis-768x512.jpg 768w, https:\/\/d2p6e6u75xmxt8.cloudfront.net\/5\/2017\/09\/glencoe-ben-nevis-1024x683.jpg 1024w, https:\/\/d2p6e6u75xmxt8.cloudfront.net\/5\/2017\/09\/glencoe-ben-nevis-1920x1280.jpg 1920w, https:\/\/d2p6e6u75xmxt8.cloudfront.net\/5\/2017\/09\/glencoe-ben-nevis-272x182.jpg 272w, https:\/\/d2p6e6u75xmxt8.cloudfront.net\/5\/2017\/09\/glencoe-ben-nevis-1920x1280.jpg 1920w\" sizes=\"auto, (max-width: 5184px) 100vw, 5184px\" \/><\/a><\/p>\n<p><span style=\"font-weight: 400;\">Szlak o d\u0142ugo\u015bci 83,3 km (51,7 mil) z ponad 2100 m przewy\u017csze\u0144 biegnie przez jeden z najbardziej imponuj\u0105cych i historycznych obszar\u00f3w p\u00f3\u0142nocnej cz\u0119\u015bci Wielkiej Brytanii. Rozpoczynasz w Glencoe, w miejscu, kt\u00f3re przypomina prze\u0142\u0119cz alpejsk\u0105, chocia\u017c ma wysoko\u015b\u0107 jedynie 300 m n.p.m. i otoczone jest szczytami o wysoko\u015bci 1000 m. To r\u00f3\u017cnica wysoko\u015bci sprawia, \u017ce miejsce jest tak znakomite i wywiera ogromne wra\u017cenie. Stamt\u0105d peda\u0142ujesz w kierunku ciemnego kszta\u0142tu g\u00f3ry Ben Nevis, najwy\u017cszego szczytu Wielkiej Brytanii wznosz\u0105cego si\u0119 na 1343 m za jeziorem Loch Linnhe. Droga powrotna biegnie przez historyczn\u0105 <\/span><span style=\"font-weight: 400;\">Road to the Isles<\/span><span style=\"font-weight: 400;\">, gdzie mo\u017cna podziwia\u0107 najbardziej spektakularne krajobrazy na \u015bwiecie, od piaszczystych pla\u017c po majestatyczne wzg\u00f3rza, zielone obszary le\u015bne i wrzosowiska. To po prostu trzeba zobaczy\u0107<\/span><\/p>\n<p><a href=\"https:\/\/www.welovecycling.com\/wide\/ride-tested\/glencoe-ben-nevis\/\"><img loading=\"lazy\" decoding=\"async\" class=\"size-full wp-image-5352\" src=\"https:\/\/d2p6e6u75xmxt8.cloudfront.net\/5\/2017\/09\/645854.JPG.jpg\" alt=\"\" width=\"580\" height=\"481\" srcset=\"https:\/\/d2p6e6u75xmxt8.cloudfront.net\/5\/2017\/09\/645854.JPG.jpg 580w, https:\/\/d2p6e6u75xmxt8.cloudfront.net\/5\/2017\/09\/645854.JPG-300x249.jpg 300w\" sizes=\"auto, (max-width: 580px) 100vw, 580px\" \/><\/a><span style=\"font-weight: 400;\">Kliknij na zdj\u0119cie, aby uzyska\u0107 wi\u0119cej szczeg\u00f3\u0142\u00f3w i tras\u0119 GPS<\/span><\/p>\n<h2><b>Dolina Loary, Francja\u00a0<\/b><\/h2>\n<p><a href=\"https:\/\/d2p6e6u75xmxt8.cloudfront.net\/5\/2017\/09\/loire-valley-1.jpg\"><img loading=\"lazy\" decoding=\"async\" class=\"alignnone size-full wp-image-5354\" src=\"https:\/\/d2p6e6u75xmxt8.cloudfront.net\/5\/2017\/09\/loire-valley-1.jpg\" alt=\"\" width=\"1500\" height=\"1000\" srcset=\"https:\/\/d2p6e6u75xmxt8.cloudfront.net\/5\/2017\/09\/loire-valley-1.jpg 1500w, https:\/\/d2p6e6u75xmxt8.cloudfront.net\/5\/2017\/09\/loire-valley-1-300x200.jpg 300w, https:\/\/d2p6e6u75xmxt8.cloudfront.net\/5\/2017\/09\/loire-valley-1-768x512.jpg 768w, https:\/\/d2p6e6u75xmxt8.cloudfront.net\/5\/2017\/09\/loire-valley-1-1024x683.jpg 1024w, https:\/\/d2p6e6u75xmxt8.cloudfront.net\/5\/2017\/09\/loire-valley-1-272x182.jpg 272w\" sizes=\"auto, (max-width: 1500px) 100vw, 1500px\" \/><\/a><\/p>\n<p><span style=\"font-weight: 400;\">Dolina Loary znajduje si\u0119 w zachodnio-\u015brodkowej Francji. Obszar ten nazywany jest potocznie <\/span><i><span style=\"font-weight: 400;\">le Jardin de la France<\/span><\/i><span style=\"font-weight: 400;\">, \u201eOgrodem Francji\u201d, i charakteryzuje si\u0119 pi\u0119knymi pejza\u017cami oraz wybornym winem. Szlak, kt\u00f3ry wybrali\u015bmy, rozpoczyna si\u0119 w Tours i ci\u0105gnie si\u0119 przez 107,8 km (67 mil) delikatnym zjazdem wzd\u0142u\u017c rzeki Loary a\u017c do Angers. Po drodze mo\u017cna znale\u017a\u0107 wiele okazji do degustacji lokalnego wina w urokliwych ma\u0142ych miasteczkach i zwiedzenia historycznych <\/span><i><span style=\"font-weight: 400;\">ch\u00e2teaux<\/span><\/i><span style=\"font-weight: 400;\">. Je\u015bli kochasz relaks, rowery i dobre wino, to koniecznie musisz odwiedzi\u0107 to miejsce.<\/span><\/p>\n<p><a href=\"https:\/\/www.welovecycling.com\/wide\/ride-tested\/7-etappe-rsq2008-tours-angers\/\"><img loading=\"lazy\" decoding=\"async\" class=\"size-full wp-image-161113\" src=\"https:\/\/d2p6e6u75xmxt8.cloudfront.net\/2\/2017\/09\/475478455.JPG.jpg\" alt=\"\" width=\"651\" height=\"365\" \/><\/a><span style=\"font-weight: 400;\">Kliknij na zdj\u0119cie, aby uzyska\u0107 wi\u0119cej szczeg\u00f3\u0142\u00f3w i tras\u0119 GPS<\/span><\/p>\n<h2><strong>Passo dello Stelvio, W\u0142ochy<\/strong><\/h2>\n<p><a href=\"https:\/\/d2p6e6u75xmxt8.cloudfront.net\/2\/2017\/09\/Passo-dello-Stelvio.jpg\"><img loading=\"lazy\" decoding=\"async\" class=\"alignnone size-full wp-image-161114\" src=\"https:\/\/d2p6e6u75xmxt8.cloudfront.net\/2\/2017\/09\/Passo-dello-Stelvio.jpg\" alt=\"\" width=\"1280\" height=\"720\" \/><\/a><\/p>\n<p><span style=\"font-weight: 400;\">Passo dello Stelvio to prze\u0142\u0119cz w Dolomitach, w\u0142oskiej cz\u0119\u015bci Alp, znanej z najtrudniejszych podjazd\u00f3w w Europie. Jest tam kilka tras, wszystkie s\u0105 trudne i wszystkie maj\u0105 jeden cel: dosta\u0107 si\u0119 na szczyt. Nasza ulubiona trasa zaczyna si\u0119 w ma\u0142ym szwajcarskim miasteczku Santa Maria Val M\u00fcstair i ma d\u0142ugo\u015b\u0107 16,5 km (10,2 mil), wznosz\u0105c si\u0119 o ponad 1400 m przy 11% stopniu nachylenia. Jej koniec znajduje si\u0119 w najwy\u017cszym punkcie na wysoko\u015bci 2758 m n.p.m. Na szczycie staniesz w pe\u0142ni zachwytu nad takimi widokami jak majestatyczna, o\u015bnie\u017cona g\u00f3ra Ortler i krajobraz Alp Zillertalskich w oddali. Po tym, jak wsi\u0105kniesz zupe\u0142nie w ten zdumiewaj\u0105cy widok, przygotuj si\u0119 na wymagaj\u0105cy zjazd. Je\u015bli lubisz wyzwania, ta trasa ci ich dostarczy.<\/span><\/p>\n<p><a href=\"https:\/\/www.welovecycling.com\/wide\/ride-tested\/sta-maria-umbrailpas-stilfserjoch\/\"><img loading=\"lazy\" decoding=\"async\" class=\"wp-image-161115 size-full\" src=\"https:\/\/d2p6e6u75xmxt8.cloudfront.net\/2\/2017\/09\/4754754758745.JPG.jpg\" alt=\"\" width=\"552\" height=\"729\" \/><\/a><span style=\"font-weight: 400;\">Kliknij na zdj\u0119cie, aby uzyska\u0107 wi\u0119cej szczeg\u00f3\u0142\u00f3w i tras\u0119 GPS<\/span><\/p>\n<h2><strong>Via Verde de la Sierra, Hiszpania<\/strong><\/h2>\n<p><a href=\"https:\/\/d2p6e6u75xmxt8.cloudfront.net\/2\/2017\/09\/Via-Verde-de-la-Sierra.jpg\"><img loading=\"lazy\" decoding=\"async\" class=\"alignnone size-full wp-image-161116\" src=\"https:\/\/d2p6e6u75xmxt8.cloudfront.net\/2\/2017\/09\/Via-Verde-de-la-Sierra.jpg\" alt=\"\" width=\"1200\" height=\"796\" \/><\/a><\/p>\n<p><span style=\"font-weight: 400;\">Ta zachwycaj\u0105ca 37-kilometrowa (22 mile) trasa jest by\u0107 mo\u017ce najlepsz\u0105 tras\u0105 rowerow\u0105 w Hiszpanii, kt\u00f3ra zapewnia r\u00f3\u017cnorodno\u015b\u0107 i atrakcje nawet na rodzinn\u0105 wycieczk\u0119. Biegnie przez najpi\u0119kniejsze i nienaruszone tereny wiejskie w Andaluzji. Przejedziesz przez ponad 30 tuneli, wzd\u0142u\u017c most\u00f3w i wiadukt\u00f3w, przez doliny poro\u015bni\u0119te bujn\u0105 ro\u015blinno\u015bci\u0105, wzd\u0142u\u017c brzeg\u00f3w rzeki, przez \u0142\u0105ki i pola, a tak\u017ce obok niekt\u00f3rych z najstaranniej chronionych pomnik\u00f3w przyrody w tym regionie. Wi\u0119kszo\u015b\u0107 ludzi rozpoczyna podr\u00f3\u017c w dolinie Olvera i jedzie do Puerto Serrano, droga obejmuje stopniowy zjazd z ca\u0142kowitym obni\u017ceniem o 1000 m. Je\u015bli chcesz pokona\u0107 t\u0119 tras\u0119 tam i z powrotem, lepiej jest rozpocz\u0105\u0107 w Puerto Serrano, aby zachowa\u0107 energi\u0119 na stopniowy podjazd.<\/span><\/p>\n<p><a href=\"https:\/\/www.welovecycling.com\/wide\/ride-tested\/via-verde-de-la-sierra-de-puerto-serrano-a-olvera\/\"><img loading=\"lazy\" decoding=\"async\" class=\"wp-image-161117 size-full\" src=\"https:\/\/d2p6e6u75xmxt8.cloudfront.net\/2\/2017\/09\/547848.JPG.jpg\" alt=\"\" width=\"579\" height=\"321\" \/><\/a><span style=\"font-weight: 400;\">Kliknij na zdj\u0119cie, aby uzyska\u0107 wi\u0119cej szczeg\u00f3\u0142\u00f3w i tras\u0119 GPS<\/span><\/p>\n<h2><strong>Li\u00e8ge \u2013 Bastogne &#8211; Li\u00e8ge, Belgia<\/strong><\/h2>\n<p><a href=\"https:\/\/d2p6e6u75xmxt8.cloudfront.net\/2\/2017\/09\/Li\u00e8ge-Bastogne-Li\u00e8ge.jpg\"><img loading=\"lazy\" decoding=\"async\" class=\"wp-image-161118 size-full\" src=\"https:\/\/d2p6e6u75xmxt8.cloudfront.net\/2\/2017\/09\/Li\u00e8ge-Bastogne-Li\u00e8ge.jpg\" alt=\"\" width=\"1200\" height=\"800\" \/><\/a><span style=\"font-weight: 400;\">Kliknij na zdj\u0119cie, aby uzyska\u0107 wi\u0119cej szczeg\u00f3\u0142\u00f3w i tras\u0119 GPS<\/span><\/p>\n<p><span style=\"font-weight: 400;\">Li\u00e8ge \u2013 Bastogne \u2013 Li\u00e8ge, cz\u0119sto nazywany \u201eStar\u0105 Dam\u0105\u201d, jest jednym z najstarszych jednodniowych, klasycznych wy\u015bcig\u00f3w kolarskich w Belgii. Odleg\u0142o\u015b\u0107 w tradycyjnym wy\u015bcigu to zwykle oko\u0142o 250 km (155 mil). Wy\u015bcig zaczyna si\u0119 w centrum Li\u00e8ge, a potem biegnie w linii prostej przez 95 km (59 mil) w kierunku po\u0142udniowym do Bastogne i wraca kr\u0119t\u0105 drog\u0105 o d\u0142ugo\u015bci 163 km (101 mil) z powrotem do Li\u00e8ge. To d\u0142uga i ci\u0119\u017cka trasa z wieloma podjazdami na poziomie najtrudniejszych odcink\u00f3w Tour de France, ale jak najbardziej wartych wysi\u0142ku. Nie tylko pi\u0119kna przyroda, z charakterystycznymi krajobrazami doliny Mozy i zielonymi pejza\u017cami, sprawia, \u017ce Li\u00e8ge warto zwiedza\u0107 zar\u00f3wno na rowerze, jak i bez niego.<\/span><\/p>\n<figure id=\"attachment_161119\" aria-describedby=\"caption-attachment-161119\" style=\"width: 575px\" class=\"wp-caption alignnone\"><a href=\"https:\/\/www.welovecycling.com\/wide\/ride-tested\/liege-bastogne-liege-2013\/\"><img loading=\"lazy\" decoding=\"async\" class=\"wp-image-161119 size-full\" src=\"https:\/\/d2p6e6u75xmxt8.cloudfront.net\/2\/2017\/09\/451547848.JPG.jpg\" alt=\"\" width=\"575\" height=\"821\" \/><\/a><figcaption id=\"caption-attachment-161119\" class=\"wp-caption-text\"><span style=\"font-weight: 400;\">Kliknij na zdj\u0119cie, aby uzyska\u0107 wi\u0119cej szczeg\u00f3\u0142\u00f3w i tras\u0119 GPS<\/span><\/figcaption><\/figure>\n","protected":false},"excerpt":{"rendered":"<p>Je\u015bli kochasz rowery, to poni\u017csze propozycje powinny znale\u017a\u0107 si\u0119 na twojej li\u015bcie wymarzonych wycieczek rowerowych po Europie. W\u015br\u00f3d nich s\u0105 [&hellip;]<\/p>\n","protected":false},"author":76,"featured_media":5370,"comment_status":"open","ping_status":"open","sticky":false,"template":"","format":"standard","meta":{"footnotes":""},"categories":[1],"tags":[41,205,82],"global-categories":[],"class_list":["post-5341","post","type-post","status-publish","format-standard","has-post-thumbnail","hentry","category-uncategorized","tag-cycling","tag-trasy","tag-welovecycling"],"yoast_head":"<!-- This site is optimized with the Yoast SEO Premium plugin v25.3 (Yoast SEO v25.9) - https:\/\/yoast.com\/wordpress\/plugins\/seo\/ -->\n<title>Test tras: 7 propozycji pi\u0119knych tras rowerowych w Europie - \u0160koda We Love Cycling - Poland<\/title>\n<meta name=\"robots\" content=\"index, follow, max-snippet:-1, max-image-preview:large, max-video-preview:-1\" \/>\n<link rel=\"canonical\" href=\"https:\/\/www.welovecycling.com\/pl\/2017\/09\/21\/test-tras-8-propozycji-pieknych-tras-rowerowych-europie\/\" \/>\n<meta property=\"og:locale\" content=\"pl_PL\" \/>\n<meta property=\"og:type\" content=\"article\" \/>\n<meta property=\"og:title\" content=\"Test tras: 7 propozycji pi\u0119knych tras rowerowych w Europie\" \/>\n<meta property=\"og:description\" content=\"Je\u015bli kochasz rowery, to poni\u017csze propozycje powinny znale\u017a\u0107 si\u0119 na twojej li\u015bcie wymarzonych wycieczek rowerowych po Europie. W\u015br\u00f3d nich s\u0105 [&hellip;]\" \/>\n<meta property=\"og:url\" content=\"https:\/\/www.welovecycling.com\/pl\/2017\/09\/21\/test-tras-8-propozycji-pieknych-tras-rowerowych-europie\/\" \/>\n<meta property=\"og:site_name\" content=\"\u0160koda We Love Cycling - Poland\" \/>\n<meta property=\"article:published_time\" content=\"2017-09-21T07:15:40+00:00\" \/>\n<meta property=\"article:modified_time\" content=\"2017-09-25T06:01:22+00:00\" \/>\n<meta property=\"og:image\" content=\"https:\/\/d2p6e6u75xmxt8.cloudfront.net\/5\/2017\/09\/profimedia-0262834907-01.jpg\" \/>\n\t<meta property=\"og:image:width\" content=\"1375\" \/>\n\t<meta property=\"og:image:height\" content=\"600\" \/>\n\t<meta property=\"og:image:type\" content=\"image\/jpeg\" \/>\n<meta name=\"author\" content=\"piotrboczkowski\" \/>\n<meta name=\"twitter:card\" content=\"summary_large_image\" \/>\n<meta name=\"twitter:label1\" content=\"Written by\" \/>\n\t<meta name=\"twitter:data1\" content=\"Jiri Kaloc\" \/>\n\t<meta name=\"twitter:label2\" content=\"Est. reading time\" \/>\n\t<meta name=\"twitter:data2\" content=\"5 minutes\" \/>\n<script type=\"application\/ld+json\" class=\"yoast-schema-graph\">{\"@context\":\"https:\/\/schema.org\",\"@graph\":[{\"@type\":\"WebPage\",\"@id\":\"https:\/\/www.welovecycling.com\/pl\/2017\/09\/21\/test-tras-8-propozycji-pieknych-tras-rowerowych-europie\/\",\"url\":\"https:\/\/www.welovecycling.com\/pl\/2017\/09\/21\/test-tras-8-propozycji-pieknych-tras-rowerowych-europie\/\",\"name\":\"Test tras: 7 propozycji pi\u0119knych tras rowerowych w Europie - \u0160koda We Love Cycling - Poland\",\"isPartOf\":{\"@id\":\"https:\/\/www.welovecycling.com\/pl\/#website\"},\"primaryImageOfPage\":{\"@id\":\"https:\/\/www.welovecycling.com\/pl\/2017\/09\/21\/test-tras-8-propozycji-pieknych-tras-rowerowych-europie\/#primaryimage\"},\"image\":{\"@id\":\"https:\/\/www.welovecycling.com\/pl\/2017\/09\/21\/test-tras-8-propozycji-pieknych-tras-rowerowych-europie\/#primaryimage\"},\"thumbnailUrl\":\"https:\/\/d2p6e6u75xmxt8.cloudfront.net\/5\/2017\/09\/profimedia-0262834907-01.jpg\",\"datePublished\":\"2017-09-21T07:15:40+00:00\",\"dateModified\":\"2017-09-25T06:01:22+00:00\",\"author\":{\"@id\":\"https:\/\/www.welovecycling.com\/pl\/#\/schema\/person\/0dba2d39da943db9df3fd8f4687e7f23\"},\"breadcrumb\":{\"@id\":\"https:\/\/www.welovecycling.com\/pl\/2017\/09\/21\/test-tras-8-propozycji-pieknych-tras-rowerowych-europie\/#breadcrumb\"},\"inLanguage\":\"pl-PL\",\"potentialAction\":[{\"@type\":\"ReadAction\",\"target\":[\"https:\/\/www.welovecycling.com\/pl\/2017\/09\/21\/test-tras-8-propozycji-pieknych-tras-rowerowych-europie\/\"]}]},{\"@type\":\"ImageObject\",\"inLanguage\":\"pl-PL\",\"@id\":\"https:\/\/www.welovecycling.com\/pl\/2017\/09\/21\/test-tras-8-propozycji-pieknych-tras-rowerowych-europie\/#primaryimage\",\"url\":\"https:\/\/d2p6e6u75xmxt8.cloudfront.net\/5\/2017\/09\/profimedia-0262834907-01.jpg\",\"contentUrl\":\"https:\/\/d2p6e6u75xmxt8.cloudfront.net\/5\/2017\/09\/profimedia-0262834907-01.jpg\",\"width\":1375,\"height\":600},{\"@type\":\"BreadcrumbList\",\"@id\":\"https:\/\/www.welovecycling.com\/pl\/2017\/09\/21\/test-tras-8-propozycji-pieknych-tras-rowerowych-europie\/#breadcrumb\",\"itemListElement\":[{\"@type\":\"ListItem\",\"position\":1,\"name\":\"Home\",\"item\":\"https:\/\/www.welovecycling.com\/pl\/\"},{\"@type\":\"ListItem\",\"position\":2,\"name\":\"Test tras: 7 propozycji pi\u0119knych tras rowerowych w Europie\"}]},{\"@type\":\"WebSite\",\"@id\":\"https:\/\/www.welovecycling.com\/pl\/#website\",\"url\":\"https:\/\/www.welovecycling.com\/pl\/\",\"name\":\"\u0160koda We Love Cycling - Poland\",\"description\":\"\",\"potentialAction\":[{\"@type\":\"SearchAction\",\"target\":{\"@type\":\"EntryPoint\",\"urlTemplate\":\"https:\/\/www.welovecycling.com\/pl\/?s={search_term_string}\"},\"query-input\":{\"@type\":\"PropertyValueSpecification\",\"valueRequired\":true,\"valueName\":\"search_term_string\"}}],\"inLanguage\":\"pl-PL\"},{\"@type\":\"Person\",\"@id\":\"https:\/\/www.welovecycling.com\/pl\/#\/schema\/person\/0dba2d39da943db9df3fd8f4687e7f23\",\"name\":\"piotrboczkowski\",\"image\":{\"@type\":\"ImageObject\",\"inLanguage\":\"pl-PL\",\"@id\":\"https:\/\/www.welovecycling.com\/pl\/#\/schema\/person\/image\/\",\"url\":\"https:\/\/secure.gravatar.com\/avatar\/533caccae14752e03a2ce2d3fd62d1b98b93e1393c3195c27819e53344ca1ace?s=96&d=mm&r=g\",\"contentUrl\":\"https:\/\/secure.gravatar.com\/avatar\/533caccae14752e03a2ce2d3fd62d1b98b93e1393c3195c27819e53344ca1ace?s=96&d=mm&r=g\",\"caption\":\"piotrboczkowski\"},\"url\":\"https:\/\/www.welovecycling.com\/pl\/author\/piotrboczkowski\/\"}]}<\/script>\n<!-- \/ Yoast SEO Premium plugin. -->","yoast_head_json":{"title":"Test tras: 7 propozycji pi\u0119knych tras rowerowych w Europie - \u0160koda We Love Cycling - Poland","robots":{"index":"index","follow":"follow","max-snippet":"max-snippet:-1","max-image-preview":"max-image-preview:large","max-video-preview":"max-video-preview:-1"},"canonical":"https:\/\/www.welovecycling.com\/pl\/2017\/09\/21\/test-tras-8-propozycji-pieknych-tras-rowerowych-europie\/","og_locale":"pl_PL","og_type":"article","og_title":"Test tras: 7 propozycji pi\u0119knych tras rowerowych w Europie","og_description":"Je\u015bli kochasz rowery, to poni\u017csze propozycje powinny znale\u017a\u0107 si\u0119 na twojej li\u015bcie wymarzonych wycieczek rowerowych po Europie. W\u015br\u00f3d nich s\u0105 [&hellip;]","og_url":"https:\/\/www.welovecycling.com\/pl\/2017\/09\/21\/test-tras-8-propozycji-pieknych-tras-rowerowych-europie\/","og_site_name":"\u0160koda We Love Cycling - Poland","article_published_time":"2017-09-21T07:15:40+00:00","article_modified_time":"2017-09-25T06:01:22+00:00","og_image":[{"width":1375,"height":600,"url":"https:\/\/d2p6e6u75xmxt8.cloudfront.net\/5\/2017\/09\/profimedia-0262834907-01.jpg","type":"image\/jpeg"}],"author":"piotrboczkowski","twitter_card":"summary_large_image","twitter_misc":{"Written by":"Jiri Kaloc","Est. reading time":"5 minutes"},"schema":{"@context":"https:\/\/schema.org","@graph":[{"@type":"WebPage","@id":"https:\/\/www.welovecycling.com\/pl\/2017\/09\/21\/test-tras-8-propozycji-pieknych-tras-rowerowych-europie\/","url":"https:\/\/www.welovecycling.com\/pl\/2017\/09\/21\/test-tras-8-propozycji-pieknych-tras-rowerowych-europie\/","name":"Test tras: 7 propozycji pi\u0119knych tras rowerowych w Europie - \u0160koda We Love Cycling - Poland","isPartOf":{"@id":"https:\/\/www.welovecycling.com\/pl\/#website"},"primaryImageOfPage":{"@id":"https:\/\/www.welovecycling.com\/pl\/2017\/09\/21\/test-tras-8-propozycji-pieknych-tras-rowerowych-europie\/#primaryimage"},"image":{"@id":"https:\/\/www.welovecycling.com\/pl\/2017\/09\/21\/test-tras-8-propozycji-pieknych-tras-rowerowych-europie\/#primaryimage"},"thumbnailUrl":"https:\/\/d2p6e6u75xmxt8.cloudfront.net\/5\/2017\/09\/profimedia-0262834907-01.jpg","datePublished":"2017-09-21T07:15:40+00:00","dateModified":"2017-09-25T06:01:22+00:00","author":{"@id":"https:\/\/www.welovecycling.com\/pl\/#\/schema\/person\/0dba2d39da943db9df3fd8f4687e7f23"},"breadcrumb":{"@id":"https:\/\/www.welovecycling.com\/pl\/2017\/09\/21\/test-tras-8-propozycji-pieknych-tras-rowerowych-europie\/#breadcrumb"},"inLanguage":"pl-PL","potentialAction":[{"@type":"ReadAction","target":["https:\/\/www.welovecycling.com\/pl\/2017\/09\/21\/test-tras-8-propozycji-pieknych-tras-rowerowych-europie\/"]}]},{"@type":"ImageObject","inLanguage":"pl-PL","@id":"https:\/\/www.welovecycling.com\/pl\/2017\/09\/21\/test-tras-8-propozycji-pieknych-tras-rowerowych-europie\/#primaryimage","url":"https:\/\/d2p6e6u75xmxt8.cloudfront.net\/5\/2017\/09\/profimedia-0262834907-01.jpg","contentUrl":"https:\/\/d2p6e6u75xmxt8.cloudfront.net\/5\/2017\/09\/profimedia-0262834907-01.jpg","width":1375,"height":600},{"@type":"BreadcrumbList","@id":"https:\/\/www.welovecycling.com\/pl\/2017\/09\/21\/test-tras-8-propozycji-pieknych-tras-rowerowych-europie\/#breadcrumb","itemListElement":[{"@type":"ListItem","position":1,"name":"Home","item":"https:\/\/www.welovecycling.com\/pl\/"},{"@type":"ListItem","position":2,"name":"Test tras: 7 propozycji pi\u0119knych tras rowerowych w Europie"}]},{"@type":"WebSite","@id":"https:\/\/www.welovecycling.com\/pl\/#website","url":"https:\/\/www.welovecycling.com\/pl\/","name":"\u0160koda We Love Cycling - Poland","description":"","potentialAction":[{"@type":"SearchAction","target":{"@type":"EntryPoint","urlTemplate":"https:\/\/www.welovecycling.com\/pl\/?s={search_term_string}"},"query-input":{"@type":"PropertyValueSpecification","valueRequired":true,"valueName":"search_term_string"}}],"inLanguage":"pl-PL"},{"@type":"Person","@id":"https:\/\/www.welovecycling.com\/pl\/#\/schema\/person\/0dba2d39da943db9df3fd8f4687e7f23","name":"piotrboczkowski","image":{"@type":"ImageObject","inLanguage":"pl-PL","@id":"https:\/\/www.welovecycling.com\/pl\/#\/schema\/person\/image\/","url":"https:\/\/secure.gravatar.com\/avatar\/533caccae14752e03a2ce2d3fd62d1b98b93e1393c3195c27819e53344ca1ace?s=96&d=mm&r=g","contentUrl":"https:\/\/secure.gravatar.com\/avatar\/533caccae14752e03a2ce2d3fd62d1b98b93e1393c3195c27819e53344ca1ace?s=96&d=mm&r=g","caption":"piotrboczkowski"},"url":"https:\/\/www.welovecycling.com\/pl\/author\/piotrboczkowski\/"}]}},"_links":{"self":[{"href":"https:\/\/www.welovecycling.com\/pl\/wp-json\/wp\/v2\/posts\/5341","targetHints":{"allow":["GET"]}}],"collection":[{"href":"https:\/\/www.welovecycling.com\/pl\/wp-json\/wp\/v2\/posts"}],"about":[{"href":"https:\/\/www.welovecycling.com\/pl\/wp-json\/wp\/v2\/types\/post"}],"author":[{"embeddable":true,"href":"https:\/\/www.welovecycling.com\/pl\/wp-json\/wp\/v2\/users\/76"}],"replies":[{"embeddable":true,"href":"https:\/\/www.welovecycling.com\/pl\/wp-json\/wp\/v2\/comments?post=5341"}],"version-history":[{"count":2,"href":"https:\/\/www.welovecycling.com\/pl\/wp-json\/wp\/v2\/posts\/5341\/revisions"}],"predecessor-version":[{"id":5400,"href":"https:\/\/www.welovecycling.com\/pl\/wp-json\/wp\/v2\/posts\/5341\/revisions\/5400"}],"wp:featuredmedia":[{"embeddable":true,"href":"https:\/\/www.welovecycling.com\/pl\/wp-json\/wp\/v2\/media\/5370"}],"wp:attachment":[{"href":"https:\/\/www.welovecycling.com\/pl\/wp-json\/wp\/v2\/media?parent=5341"}],"wp:term":[{"taxonomy":"category","embeddable":true,"href":"https:\/\/www.welovecycling.com\/pl\/wp-json\/wp\/v2\/categories?post=5341"},{"taxonomy":"post_tag","embeddable":true,"href":"https:\/\/www.welovecycling.com\/pl\/wp-json\/wp\/v2\/tags?post=5341"},{"taxonomy":"global-categories","embeddable":true,"href":"https:\/\/www.welovecycling.com\/pl\/wp-json\/wp\/v2\/global-categories?post=5341"}],"curies":[{"name":"wp","href":"https:\/\/api.w.org\/{rel}","templated":true}]}}