{"id":5330,"date":"2017-09-20T22:07:27","date_gmt":"2017-09-20T22:07:27","guid":{"rendered":"https:\/\/www.welovecycling.com\/pl\/?p=5330"},"modified":"2017-09-27T06:49:36","modified_gmt":"2017-09-27T06:49:36","slug":"medialny-kolos-miliony-miliardy-tegorocznego-tour-de-france","status":"publish","type":"post","link":"https:\/\/www.welovecycling.com\/pl\/2017\/09\/20\/medialny-kolos-miliony-miliardy-tegorocznego-tour-de-france\/","title":{"rendered":"Medialny kolos! Miliony i miliardy tegorocznego Tour de France"},"content":{"rendered":"<p><span style=\"font-weight: 400;\">Absolutny top imprez sportowych na \u015bwiecie. Ta sama p\u00f3\u0142ka co igrzyska olimpijskie, mistrzostwa \u015bwiata w pi\u0142ce no\u017cnej i tenisowe turnieje wielkoszlemowe. Miliony ludzi przy trasie, miliardy przed telewizorami, a kibicom\u2026 ci\u0105gle ma\u0142o. Tegoroczne wyniki popularno\u015bci Tour de France pokaza\u0142y, \u017ce mimo 114-letniej historii wy\u015bcig idzie z duchem czasu i zyskuje na popularno\u015bci.<\/span><\/p>\n<p><a href=\"https:\/\/d2p6e6u75xmxt8.cloudfront.net\/5\/2017\/09\/TOUR_THE_FREANCE-v2.png\"><img loading=\"lazy\" decoding=\"async\" class=\"alignnone size-extra-large wp-image-5334\" src=\"https:\/\/d2p6e6u75xmxt8.cloudfront.net\/5\/2017\/09\/TOUR_THE_FREANCE-v2-1920x1920.png\" alt=\"\" width=\"1920\" height=\"1920\" srcset=\"https:\/\/d2p6e6u75xmxt8.cloudfront.net\/5\/2017\/09\/TOUR_THE_FREANCE-v2-1920x1920.png 1920w, https:\/\/d2p6e6u75xmxt8.cloudfront.net\/5\/2017\/09\/TOUR_THE_FREANCE-v2-150x150.png 150w, https:\/\/d2p6e6u75xmxt8.cloudfront.net\/5\/2017\/09\/TOUR_THE_FREANCE-v2-300x300.png 300w, https:\/\/d2p6e6u75xmxt8.cloudfront.net\/5\/2017\/09\/TOUR_THE_FREANCE-v2-768x768.png 768w, https:\/\/d2p6e6u75xmxt8.cloudfront.net\/5\/2017\/09\/TOUR_THE_FREANCE-v2-1024x1024.png 1024w, https:\/\/d2p6e6u75xmxt8.cloudfront.net\/5\/2017\/09\/TOUR_THE_FREANCE-v2.png 2000w, https:\/\/d2p6e6u75xmxt8.cloudfront.net\/5\/2017\/09\/TOUR_THE_FREANCE-v2-1920x1920.png 1920w\" sizes=\"auto, (max-width: 1920px) 100vw, 1920px\" \/><\/a><\/p>\n<p><span style=\"font-weight: 400;\">1903 rok, czyli pierwszy wy\u015bcig Tour de France. W tym samym roku za\u0142o\u017cono klub pi\u0142karski FC Danzig (ju\u017c nie istnieje), wydano pierwszy numer dziennika \u201eNowiny\u201d (dawno temu zosta\u0142 zamkni\u0119ty) i postawiono pierwsz\u0105 budk\u0119 telefoniczn\u0105 (dzi\u015b to eksponat muzealny). A Tour de France? Nie do\u015b\u0107, \u017ce przetrwa\u0142, to z edycji na edycj\u0119 ma si\u0119 coraz lepiej. I nie powiedzia\u0142 jeszcze ostatniego s\u0142owa!<\/span><\/p>\n<p><b>Ogl\u0105dalno\u015b\u0107 ci\u0105gle ro\u015bnie<\/b><\/p>\n<p><span style=\"font-weight: 400;\">Oddajmy g\u0142os faktom i liczbom. W tym roku Tour de France po raz pierwszy <\/span><span style=\"font-weight: 400;\">by\u0142 <\/span><span style=\"font-weight: 400;\">w telewizji\u00a0 transmitowany w ca\u0142o\u015bci. Przynudzanie widza 105 godzinami transmisji? Monotonia? Nic z tych rzeczy &#8211; rozwi\u0105zanie okaza\u0142o si\u0119 strza\u0142em w \u201edziesi\u0105tk\u0119\u201d.<\/span><\/p>\n<p><span style=\"font-weight: 400;\"><em>&#8211; To najwa\u017cniejsze wydarzenie w \u015bwiecie kolarstwa i cieszymy si\u0119, \u017ce \u015brednia ogl\u0105dalno\u015b\u0107 tegorocznej edycji wy\u015bcigu wzros\u0142a, nawet przy uwzgl\u0119dnieniu, \u017ce nadali\u015bmy ponad 20 godzin wi\u0119cej transmisji na \u017cywo w por\u00f3wnaniu z 2016 r.<\/em> \u2013 zaznacza Peter Hutton, CEO Eurosport.<\/span><\/p>\n<p><span style=\"font-weight: 400;\">To w\u0142a\u015bnie ta stacja nieprzerwanie od 1991 r. relacjonuje zmagania najlepszych kolarzy na \u015bwiecie i \u2013 na potwierdzenie rosn\u0105cego zainteresowania \u2013 dwa tygodnie temu przed\u0142u\u017cy\u0142a umow\u0119 a\u017c do 2023 r.<\/span><\/p>\n<p><span style=\"font-weight: 400;\">Eurosport na zasadzie wy\u0142\u0105czno\u015bci transmituje sygna\u0142 do 38 pa\u0144stw Europy. Jednak \u0142\u0105cznie obraz z Wielkiej P\u0119tli przekazywany jest przez ponad 180 stacji telewizyjnych i dociera do oko\u0142o 3,5 miliarda ludzi w blisko 200 pa\u0144stwach!<\/span><\/p>\n<p><span style=\"font-weight: 400;\">Dzi\u015b Tour de France to ju\u017c jednak nie tylko tradycyjny sygna\u0142. Wy\u015bcig mo\u017cna ogl\u0105da\u0107 w poci\u0105gu, nad jeziorem czy podczas\u2026 uroczysto\u015bci weselnych (tak, znamy taki przypadek). Wszystko dzi\u0119ki internetowi, kt\u00f3ry umo\u017cliwia widzom np. prze\u0142\u0105czanie si\u0119 mi\u0119dzy siedmioma kamerami.<\/span><\/p>\n<p><b>Prawie jak Bayern Monachium, lepiej ni\u017c Venus Williams<\/b><\/p>\n<p><span style=\"font-weight: 400;\">Obecnie nie ma jednak wielkiej imprezy bez social media. Profil Wielkiej P\u0119tli na Twitterze obserwuj\u0105 niemal trzy miliony ludzi, czyli o milion mniej ni\u017c absolutnie czo\u0142owego klubu pi\u0142karskiego \u015bwiata &#8211; Bayernu Monachium, w kt\u00f3rym gra Robert Lewandowski.<\/span><\/p>\n<p><span style=\"font-weight: 400;\">Z kolei Facebook to wsp\u00f3lnota ponad 2,5 mln fan\u00f3w kolarstwa, czyli wi\u0119cej ni\u017c kibice Venus Williams, zwyci\u0119\u017cczyni siedmiu turniej\u00f3w wielkoszlemowych.<\/span><\/p>\n<p><span style=\"font-weight: 400;\">Na Facebooku najpopularniejsze wideo z tegorocznego Tour de France (walk\u0119 Froome\u2019a z Bardetem na finiszu 12. etapu) obejrza\u0142o blisko 2 miliony os\u00f3b, \u201elubi\u0119 to\u201d klikn\u0119\u0142o 27 tysi\u0119cy, a dalej poda\u0142o 5 tys.<\/span><\/p>\n<p><span style=\"font-weight: 400;\">Ma\u0142o? Kana\u0142y internetowe i mobilne Tour de France odwiedzi\u0142o ponad 16 mln ludzi, kt\u00f3rzy obejrzeli ponad 126 mln stron i 1,4 mln razy \u015bci\u0105gn\u0119li oficjaln\u0105 aplikacj\u0119. Z kolei na wy\u015bcig akredytowanych by\u0142o 2000 dziennikarzy z 46 kraj\u00f3w (najwi\u0119cej z Francji, Niemiec, Belgii, Holandii i Wielkiej Brytanii). Ufff, to robi wra\u017cenie!<\/span><\/p>\n<p><b>Pi\u0119kna przygoda ze sponsorem<\/b><\/p>\n<p><span style=\"font-weight: 400;\">Ale Tour de France to tak\u017ce &#8211; a mo\u017ce przede wszystkim &#8211; marketing na trasie. Ju\u017c dwudniowy wst\u0119p do \u015bcigania na ulicach niemieckiego D\u00fcsseldorfu ogl\u0105da\u0142o 800 tys. ludzi!<\/span><\/p>\n<p><span style=\"font-weight: 400;\">Szacowano, \u017ce na \u017cywo kolarzy b\u0119dzie wspiera\u0142o kilkana\u015bcie milion\u00f3w kibic\u00f3w. I to oni, a nie zawodnicy, s\u0105 najwi\u0119kszym skarbem reklamodawc\u00f3w. Zosta\u0107 sponsorem Wielkiej P\u0119tli to nie jest prosta sprawa. Cho\u0107 oferta jest bardzo zr\u00f3\u017cnicowana (kategorii sponsor\u00f3w jest kilka), to i tak jest to rozgrywka dla najgrubszych ryb.<\/span><\/p>\n<p><span style=\"font-weight: 400;\">W tym roku materia\u0142 na ten temat przygotowa\u0142a telewizja France 24. \u2013 <em>To drogi biznes, ale zwraca si\u0119 z wielk\u0105 nawi\u0105zk\u0105<\/em> \u2013 zapewnia\u0142 dziennikarz specjalizuj\u0105cy si\u0119 w tematyce gospodarczej.<\/span><\/p>\n<p><span style=\"font-weight: 400;\">&#8211; <em>13 milion\u00f3w euro, kt\u00f3re inwestujemy w bycie sponsorem zespo\u0142u, daje nam taki zwrot, jakby\u015bmy za inn\u0105 reklam\u0119 zap\u0142acili oko\u0142o 130 mln euro<\/em> \u2013 wylicza\u0142 na antenie Yvon Breton, przedstawiciel teamu AG2R La Mandiale, kt\u00f3ry od lat jest obecny na Wielkiej P\u0119tli.<\/span><\/p>\n<p><span style=\"font-weight: 400;\">Jedn\u0105 z najwa\u017cniejszych firm dla Tour de France jest \u0160koda, sponsor zielonej koszulki dla zwyci\u0119zcy klasyfikacji punktowej. \u0160koda podczas Wielkiej P\u0119tli go\u015bci kontrahent\u00f3w, dziennikarzy, a tak\u017ce kibic\u00f3w. Partner\u00f3w biznesowych podejmuje w luksusowych hotelach i oferuje takie atrakcje jak przelot helikopterem w okolicach trasy.<\/span><\/p>\n<p><span style=\"font-weight: 400;\">&#8211;<em> Nie wiem, czy nasi go\u015bcie kupi\u0105 nasze samochody, ale wiem, \u017ce mog\u0142am im zaproponowa\u0107 pi\u0119kn\u0105 przygod\u0119<\/em> \u2013 m\u00f3wi z u\u015bmiechem na antenie France 24 Marion Emery z Volkswagen Group.<\/span><\/p>\n<p>(\u017ar\u00f3d\u0142o zdj\u0119\u0107: www.letour.fr\u00a0\u00a9 ASO\/Pauline BALLET)<\/p>\n<p>&nbsp;<\/p>\n","protected":false},"excerpt":{"rendered":"<p>Absolutny top imprez sportowych na \u015bwiecie. Ta sama p\u00f3\u0142ka co igrzyska olimpijskie, mistrzostwa \u015bwiata w pi\u0142ce no\u017cnej i tenisowe turnieje [&hellip;]<\/p>\n","protected":false},"author":76,"featured_media":5333,"comment_status":"open","ping_status":"open","sticky":false,"template":"","format":"standard","meta":{"footnotes":""},"categories":[1],"tags":[66,77,82,137],"global-categories":[],"class_list":["post-5330","post","type-post","status-publish","format-standard","has-post-thumbnail","hentry","category-uncategorized","tag-skodanapedzarowery","tag-tour-de-france","tag-welovecycling","tag-wyscigi"],"yoast_head":"<!-- This site is optimized with the Yoast SEO Premium plugin v25.3 (Yoast SEO v25.9) - https:\/\/yoast.com\/wordpress\/plugins\/seo\/ -->\n<title>Medialny kolos! Miliony i miliardy tegorocznego Tour de France - \u0160koda We Love Cycling - Poland<\/title>\n<meta name=\"robots\" content=\"index, follow, max-snippet:-1, max-image-preview:large, max-video-preview:-1\" \/>\n<link rel=\"canonical\" href=\"https:\/\/www.welovecycling.com\/pl\/2017\/09\/20\/medialny-kolos-miliony-miliardy-tegorocznego-tour-de-france\/\" \/>\n<meta property=\"og:locale\" content=\"pl_PL\" \/>\n<meta property=\"og:type\" content=\"article\" \/>\n<meta property=\"og:title\" content=\"Medialny kolos! Miliony i miliardy tegorocznego Tour de France\" \/>\n<meta property=\"og:description\" content=\"Absolutny top imprez sportowych na \u015bwiecie. Ta sama p\u00f3\u0142ka co igrzyska olimpijskie, mistrzostwa \u015bwiata w pi\u0142ce no\u017cnej i tenisowe turnieje [&hellip;]\" \/>\n<meta property=\"og:url\" content=\"https:\/\/www.welovecycling.com\/pl\/2017\/09\/20\/medialny-kolos-miliony-miliardy-tegorocznego-tour-de-france\/\" \/>\n<meta property=\"og:site_name\" content=\"\u0160koda We Love Cycling - Poland\" \/>\n<meta property=\"article:published_time\" content=\"2017-09-20T22:07:27+00:00\" \/>\n<meta property=\"article:modified_time\" content=\"2017-09-27T06:49:36+00:00\" \/>\n<meta property=\"og:image\" content=\"https:\/\/d2p6e6u75xmxt8.cloudfront.net\/5\/2017\/09\/20170723385_161351.jpg\" \/>\n\t<meta property=\"og:image:width\" content=\"1000\" \/>\n\t<meta property=\"og:image:height\" content=\"666\" \/>\n\t<meta property=\"og:image:type\" content=\"image\/jpeg\" \/>\n<meta name=\"author\" content=\"piotrboczkowski\" \/>\n<meta name=\"twitter:card\" content=\"summary_large_image\" \/>\n<meta name=\"twitter:label1\" content=\"Written by\" \/>\n\t<meta name=\"twitter:data1\" content=\"WeLoveCycling\" \/>\n\t<meta name=\"twitter:label2\" content=\"Est. reading time\" \/>\n\t<meta name=\"twitter:data2\" content=\"4 minutes\" \/>\n<script type=\"application\/ld+json\" class=\"yoast-schema-graph\">{\"@context\":\"https:\/\/schema.org\",\"@graph\":[{\"@type\":\"WebPage\",\"@id\":\"https:\/\/www.welovecycling.com\/pl\/2017\/09\/20\/medialny-kolos-miliony-miliardy-tegorocznego-tour-de-france\/\",\"url\":\"https:\/\/www.welovecycling.com\/pl\/2017\/09\/20\/medialny-kolos-miliony-miliardy-tegorocznego-tour-de-france\/\",\"name\":\"Medialny kolos! Miliony i miliardy tegorocznego Tour de France - \u0160koda We Love Cycling - Poland\",\"isPartOf\":{\"@id\":\"https:\/\/www.welovecycling.com\/pl\/#website\"},\"primaryImageOfPage\":{\"@id\":\"https:\/\/www.welovecycling.com\/pl\/2017\/09\/20\/medialny-kolos-miliony-miliardy-tegorocznego-tour-de-france\/#primaryimage\"},\"image\":{\"@id\":\"https:\/\/www.welovecycling.com\/pl\/2017\/09\/20\/medialny-kolos-miliony-miliardy-tegorocznego-tour-de-france\/#primaryimage\"},\"thumbnailUrl\":\"https:\/\/d2p6e6u75xmxt8.cloudfront.net\/5\/2017\/09\/20170723385_161351.jpg\",\"datePublished\":\"2017-09-20T22:07:27+00:00\",\"dateModified\":\"2017-09-27T06:49:36+00:00\",\"author\":{\"@id\":\"https:\/\/www.welovecycling.com\/pl\/#\/schema\/person\/0dba2d39da943db9df3fd8f4687e7f23\"},\"breadcrumb\":{\"@id\":\"https:\/\/www.welovecycling.com\/pl\/2017\/09\/20\/medialny-kolos-miliony-miliardy-tegorocznego-tour-de-france\/#breadcrumb\"},\"inLanguage\":\"pl-PL\",\"potentialAction\":[{\"@type\":\"ReadAction\",\"target\":[\"https:\/\/www.welovecycling.com\/pl\/2017\/09\/20\/medialny-kolos-miliony-miliardy-tegorocznego-tour-de-france\/\"]}]},{\"@type\":\"ImageObject\",\"inLanguage\":\"pl-PL\",\"@id\":\"https:\/\/www.welovecycling.com\/pl\/2017\/09\/20\/medialny-kolos-miliony-miliardy-tegorocznego-tour-de-france\/#primaryimage\",\"url\":\"https:\/\/d2p6e6u75xmxt8.cloudfront.net\/5\/2017\/09\/20170723385_161351.jpg\",\"contentUrl\":\"https:\/\/d2p6e6u75xmxt8.cloudfront.net\/5\/2017\/09\/20170723385_161351.jpg\",\"width\":1000,\"height\":666,\"caption\":\"Tour de France 2017 - 16\/07\/2017 - Etape 15 - Laissac-S\u00e9v\u00e9rac l'Eglise \/ Le Puy-en-Velay (189,5km) - France - La vitesse moyenne est de 39,5 km\/h\"},{\"@type\":\"BreadcrumbList\",\"@id\":\"https:\/\/www.welovecycling.com\/pl\/2017\/09\/20\/medialny-kolos-miliony-miliardy-tegorocznego-tour-de-france\/#breadcrumb\",\"itemListElement\":[{\"@type\":\"ListItem\",\"position\":1,\"name\":\"Home\",\"item\":\"https:\/\/www.welovecycling.com\/pl\/\"},{\"@type\":\"ListItem\",\"position\":2,\"name\":\"Medialny kolos! Miliony i miliardy tegorocznego Tour de France\"}]},{\"@type\":\"WebSite\",\"@id\":\"https:\/\/www.welovecycling.com\/pl\/#website\",\"url\":\"https:\/\/www.welovecycling.com\/pl\/\",\"name\":\"\u0160koda We Love Cycling - Poland\",\"description\":\"\",\"potentialAction\":[{\"@type\":\"SearchAction\",\"target\":{\"@type\":\"EntryPoint\",\"urlTemplate\":\"https:\/\/www.welovecycling.com\/pl\/?s={search_term_string}\"},\"query-input\":{\"@type\":\"PropertyValueSpecification\",\"valueRequired\":true,\"valueName\":\"search_term_string\"}}],\"inLanguage\":\"pl-PL\"},{\"@type\":\"Person\",\"@id\":\"https:\/\/www.welovecycling.com\/pl\/#\/schema\/person\/0dba2d39da943db9df3fd8f4687e7f23\",\"name\":\"piotrboczkowski\",\"image\":{\"@type\":\"ImageObject\",\"inLanguage\":\"pl-PL\",\"@id\":\"https:\/\/www.welovecycling.com\/pl\/#\/schema\/person\/image\/\",\"url\":\"https:\/\/secure.gravatar.com\/avatar\/533caccae14752e03a2ce2d3fd62d1b98b93e1393c3195c27819e53344ca1ace?s=96&d=mm&r=g\",\"contentUrl\":\"https:\/\/secure.gravatar.com\/avatar\/533caccae14752e03a2ce2d3fd62d1b98b93e1393c3195c27819e53344ca1ace?s=96&d=mm&r=g\",\"caption\":\"piotrboczkowski\"},\"url\":\"https:\/\/www.welovecycling.com\/pl\/author\/piotrboczkowski\/\"}]}<\/script>\n<!-- \/ Yoast SEO Premium plugin. -->","yoast_head_json":{"title":"Medialny kolos! Miliony i miliardy tegorocznego Tour de France - \u0160koda We Love Cycling - Poland","robots":{"index":"index","follow":"follow","max-snippet":"max-snippet:-1","max-image-preview":"max-image-preview:large","max-video-preview":"max-video-preview:-1"},"canonical":"https:\/\/www.welovecycling.com\/pl\/2017\/09\/20\/medialny-kolos-miliony-miliardy-tegorocznego-tour-de-france\/","og_locale":"pl_PL","og_type":"article","og_title":"Medialny kolos! Miliony i miliardy tegorocznego Tour de France","og_description":"Absolutny top imprez sportowych na \u015bwiecie. Ta sama p\u00f3\u0142ka co igrzyska olimpijskie, mistrzostwa \u015bwiata w pi\u0142ce no\u017cnej i tenisowe turnieje [&hellip;]","og_url":"https:\/\/www.welovecycling.com\/pl\/2017\/09\/20\/medialny-kolos-miliony-miliardy-tegorocznego-tour-de-france\/","og_site_name":"\u0160koda We Love Cycling - Poland","article_published_time":"2017-09-20T22:07:27+00:00","article_modified_time":"2017-09-27T06:49:36+00:00","og_image":[{"width":1000,"height":666,"url":"https:\/\/d2p6e6u75xmxt8.cloudfront.net\/5\/2017\/09\/20170723385_161351.jpg","type":"image\/jpeg"}],"author":"piotrboczkowski","twitter_card":"summary_large_image","twitter_misc":{"Written by":"WeLoveCycling","Est. reading time":"4 minutes"},"schema":{"@context":"https:\/\/schema.org","@graph":[{"@type":"WebPage","@id":"https:\/\/www.welovecycling.com\/pl\/2017\/09\/20\/medialny-kolos-miliony-miliardy-tegorocznego-tour-de-france\/","url":"https:\/\/www.welovecycling.com\/pl\/2017\/09\/20\/medialny-kolos-miliony-miliardy-tegorocznego-tour-de-france\/","name":"Medialny kolos! Miliony i miliardy tegorocznego Tour de France - \u0160koda We Love Cycling - Poland","isPartOf":{"@id":"https:\/\/www.welovecycling.com\/pl\/#website"},"primaryImageOfPage":{"@id":"https:\/\/www.welovecycling.com\/pl\/2017\/09\/20\/medialny-kolos-miliony-miliardy-tegorocznego-tour-de-france\/#primaryimage"},"image":{"@id":"https:\/\/www.welovecycling.com\/pl\/2017\/09\/20\/medialny-kolos-miliony-miliardy-tegorocznego-tour-de-france\/#primaryimage"},"thumbnailUrl":"https:\/\/d2p6e6u75xmxt8.cloudfront.net\/5\/2017\/09\/20170723385_161351.jpg","datePublished":"2017-09-20T22:07:27+00:00","dateModified":"2017-09-27T06:49:36+00:00","author":{"@id":"https:\/\/www.welovecycling.com\/pl\/#\/schema\/person\/0dba2d39da943db9df3fd8f4687e7f23"},"breadcrumb":{"@id":"https:\/\/www.welovecycling.com\/pl\/2017\/09\/20\/medialny-kolos-miliony-miliardy-tegorocznego-tour-de-france\/#breadcrumb"},"inLanguage":"pl-PL","potentialAction":[{"@type":"ReadAction","target":["https:\/\/www.welovecycling.com\/pl\/2017\/09\/20\/medialny-kolos-miliony-miliardy-tegorocznego-tour-de-france\/"]}]},{"@type":"ImageObject","inLanguage":"pl-PL","@id":"https:\/\/www.welovecycling.com\/pl\/2017\/09\/20\/medialny-kolos-miliony-miliardy-tegorocznego-tour-de-france\/#primaryimage","url":"https:\/\/d2p6e6u75xmxt8.cloudfront.net\/5\/2017\/09\/20170723385_161351.jpg","contentUrl":"https:\/\/d2p6e6u75xmxt8.cloudfront.net\/5\/2017\/09\/20170723385_161351.jpg","width":1000,"height":666,"caption":"Tour de France 2017 - 16\/07\/2017 - Etape 15 - Laissac-S\u00e9v\u00e9rac l'Eglise \/ Le Puy-en-Velay (189,5km) - France - La vitesse moyenne est de 39,5 km\/h"},{"@type":"BreadcrumbList","@id":"https:\/\/www.welovecycling.com\/pl\/2017\/09\/20\/medialny-kolos-miliony-miliardy-tegorocznego-tour-de-france\/#breadcrumb","itemListElement":[{"@type":"ListItem","position":1,"name":"Home","item":"https:\/\/www.welovecycling.com\/pl\/"},{"@type":"ListItem","position":2,"name":"Medialny kolos! Miliony i miliardy tegorocznego Tour de France"}]},{"@type":"WebSite","@id":"https:\/\/www.welovecycling.com\/pl\/#website","url":"https:\/\/www.welovecycling.com\/pl\/","name":"\u0160koda We Love Cycling - Poland","description":"","potentialAction":[{"@type":"SearchAction","target":{"@type":"EntryPoint","urlTemplate":"https:\/\/www.welovecycling.com\/pl\/?s={search_term_string}"},"query-input":{"@type":"PropertyValueSpecification","valueRequired":true,"valueName":"search_term_string"}}],"inLanguage":"pl-PL"},{"@type":"Person","@id":"https:\/\/www.welovecycling.com\/pl\/#\/schema\/person\/0dba2d39da943db9df3fd8f4687e7f23","name":"piotrboczkowski","image":{"@type":"ImageObject","inLanguage":"pl-PL","@id":"https:\/\/www.welovecycling.com\/pl\/#\/schema\/person\/image\/","url":"https:\/\/secure.gravatar.com\/avatar\/533caccae14752e03a2ce2d3fd62d1b98b93e1393c3195c27819e53344ca1ace?s=96&d=mm&r=g","contentUrl":"https:\/\/secure.gravatar.com\/avatar\/533caccae14752e03a2ce2d3fd62d1b98b93e1393c3195c27819e53344ca1ace?s=96&d=mm&r=g","caption":"piotrboczkowski"},"url":"https:\/\/www.welovecycling.com\/pl\/author\/piotrboczkowski\/"}]}},"_links":{"self":[{"href":"https:\/\/www.welovecycling.com\/pl\/wp-json\/wp\/v2\/posts\/5330","targetHints":{"allow":["GET"]}}],"collection":[{"href":"https:\/\/www.welovecycling.com\/pl\/wp-json\/wp\/v2\/posts"}],"about":[{"href":"https:\/\/www.welovecycling.com\/pl\/wp-json\/wp\/v2\/types\/post"}],"author":[{"embeddable":true,"href":"https:\/\/www.welovecycling.com\/pl\/wp-json\/wp\/v2\/users\/76"}],"replies":[{"embeddable":true,"href":"https:\/\/www.welovecycling.com\/pl\/wp-json\/wp\/v2\/comments?post=5330"}],"version-history":[{"count":2,"href":"https:\/\/www.welovecycling.com\/pl\/wp-json\/wp\/v2\/posts\/5330\/revisions"}],"predecessor-version":[{"id":5402,"href":"https:\/\/www.welovecycling.com\/pl\/wp-json\/wp\/v2\/posts\/5330\/revisions\/5402"}],"wp:featuredmedia":[{"embeddable":true,"href":"https:\/\/www.welovecycling.com\/pl\/wp-json\/wp\/v2\/media\/5333"}],"wp:attachment":[{"href":"https:\/\/www.welovecycling.com\/pl\/wp-json\/wp\/v2\/media?parent=5330"}],"wp:term":[{"taxonomy":"category","embeddable":true,"href":"https:\/\/www.welovecycling.com\/pl\/wp-json\/wp\/v2\/categories?post=5330"},{"taxonomy":"post_tag","embeddable":true,"href":"https:\/\/www.welovecycling.com\/pl\/wp-json\/wp\/v2\/tags?post=5330"},{"taxonomy":"global-categories","embeddable":true,"href":"https:\/\/www.welovecycling.com\/pl\/wp-json\/wp\/v2\/global-categories?post=5330"}],"curies":[{"name":"wp","href":"https:\/\/api.w.org\/{rel}","templated":true}]}}