{"id":5326,"date":"2017-09-19T21:59:01","date_gmt":"2017-09-19T21:59:01","guid":{"rendered":"https:\/\/www.welovecycling.com\/pl\/?p=5326"},"modified":"2017-09-23T18:37:03","modified_gmt":"2017-09-23T18:37:03","slug":"kolejna-edycja-real-64-sto-ciesiolka-auto-group-maraton-mtb-nami","status":"publish","type":"post","link":"https:\/\/www.welovecycling.com\/pl\/2017\/09\/19\/kolejna-edycja-real-64-sto-ciesiolka-auto-group-maraton-mtb-nami\/","title":{"rendered":"Kolejna edycja Real 64-sto Ciesi\u00f3\u0142ka Auto Group Maraton MTB za nami"},"content":{"rendered":"<p><span style=\"font-weight: 400;\">10 wrze\u015bnia odby\u0142y si\u0119 kolejne zawody z cyklu Leszczy\u0144skiej Ligii Rowerowej &#8222;Real 64-sto Ciesi\u00f3\u0142ka Auto Group Maraton MTB&#8221;.\u00a0\u00a0To najstarszy i najci\u0119\u017cszy maraton MTB w regionie. W Jeziorkach na starcie stan\u0119\u0142o blisko 300 kolarzy, kt\u00f3rzy mogli zmierzy\u0107 si\u0119 na r\u00f3\u017cnych dystansach: MEGA, MINI, HOBBY. Nie zapomniano przy tym o najm\u0142odszych, dla kt\u00f3rych przygotowano tras\u0119 JUNIOR. <\/span><\/p>\n<p><span style=\"font-weight: 400;\">Trasa maratonu wiod\u0142a duktami le\u015bnymi. Zawodnicy musieli pokona\u0107 zar\u00f3wno odcinki piaszczyste, jak i utwardzane. Ponadto na trasie czeka\u0142o kilka stromych podjazd\u00f3w i zjazd\u00f3w. <\/span><span style=\"font-weight: 400;\">Ka\u017cdy startuj\u0105cy otrzyma\u0142 pakiet startowy z gad\u017cetami \u0160KODY.<\/span><\/p>\n<p><span style=\"font-weight: 400;\">Miasteczko kolarskie<\/span><span style=\"font-weight: 400;\"> \u0160KODY<\/span><span style=\"font-weight: 400;\"> stan\u0119\u0142o na terenie Dworku Jeziorki. Autoryzowany Dealer <\/span><span style=\"font-weight: 400;\">\u0160<\/span><span style=\"font-weight: 400;\">KODY <\/span><span style=\"font-weight: 400;\">Ciesi\u00f3\u0142ka Auto Group, jako wsp\u00f3\u0142organizator zawod\u00f3w, zaprezentowa\u0142 flagowe modele marki: \u0160KOD\u0118 KODIAQ \u00a0i \u0160KOD\u0118 \u00a0OCTAVI\u0118 z silnikiem 1.0 TSI. <\/span><\/p>\n<p><span style=\"font-weight: 400;\">Wy\u015bcig kolarski to doskona\u0142a okazja do propagowania zdrowego i aktywnego trybu \u017cycia, dlatego na go\u015bci czeka\u0142y r\u00f3wnie\u017c rowery \u0160koda, kt\u00f3re na co dzie\u0144 u\u017cyczane s\u0105 klientom serwisu.<\/span><\/p>\n<p><span style=\"font-weight: 400;\">Nie tylko doro\u015bli mieli r\u0119ce pe\u0142ne roboty, r\u00f3wnie\u017c dla najm\u0142odszych przygotowano mn\u00f3stwo atrakcji. Animatorzy zach\u0119cali dzieci do wsp\u00f3lnej zabaw i wr\u0119czali upominki z logo \u0160KODY. Dzieciaki sp\u0119dzi\u0142y ca\u0142y dzie\u0144 w radosnej atmosferze. <\/span><\/p>\n<p><span style=\"font-weight: 400;\">Zwie\u0144czeniem zawod\u00f3w by\u0142a dekoracja zwyci\u0119zc\u00f3w poszczeg\u00f3lnych kategorii. Dla najlepszych przygotowane zosta\u0142y medale, puchary i nagrody o warto\u015bci 10 tys. z\u0142otych.\u00a0<\/span><\/p>\n<p><span style=\"font-weight: 400;\">Mamy nadziej\u0119, \u017ce w przysz\u0142ym roku wszyscy spotkamy si\u0119 ponownie na linii startu!<\/span><\/p>\n<p>(\u017ar\u00f3d\u0142o zdj\u0119\u0107: autoryzowany dealer \u0160KODY Ciesi\u00f3\u0142ka Auto Group)<\/p>\n","protected":false},"excerpt":{"rendered":"<p>10 wrze\u015bnia odby\u0142y si\u0119 kolejne zawody z cyklu Leszczy\u0144skiej Ligii Rowerowej &#8222;Real 64-sto Ciesi\u00f3\u0142ka Auto Group Maraton MTB&#8221;.\u00a0\u00a0To najstarszy i [&hellip;]<\/p>\n","protected":false},"author":76,"featured_media":5327,"comment_status":"open","ping_status":"open","sticky":false,"template":"","format":"standard","meta":{"footnotes":""},"categories":[1],"tags":[158,66,82,146],"global-categories":[],"class_list":["post-5326","post","type-post","status-publish","format-standard","has-post-thumbnail","hentry","category-uncategorized","tag-relacja","tag-skodanapedzarowery","tag-welovecycling","tag-wyscig"],"yoast_head":"<!-- This site is optimized with the Yoast SEO Premium plugin v25.3 (Yoast SEO v25.9) - https:\/\/yoast.com\/wordpress\/plugins\/seo\/ -->\n<title>Kolejna edycja Real 64-sto Ciesi\u00f3\u0142ka Auto Group Maraton MTB za nami - \u0160koda We Love Cycling - Poland<\/title>\n<meta name=\"robots\" content=\"index, follow, max-snippet:-1, max-image-preview:large, max-video-preview:-1\" \/>\n<link rel=\"canonical\" href=\"https:\/\/www.welovecycling.com\/pl\/2017\/09\/19\/kolejna-edycja-real-64-sto-ciesiolka-auto-group-maraton-mtb-nami\/\" \/>\n<meta property=\"og:locale\" content=\"pl_PL\" \/>\n<meta property=\"og:type\" content=\"article\" \/>\n<meta property=\"og:title\" content=\"Kolejna edycja Real 64-sto Ciesi\u00f3\u0142ka Auto Group Maraton MTB za nami\" \/>\n<meta property=\"og:description\" content=\"10 wrze\u015bnia odby\u0142y si\u0119 kolejne zawody z cyklu Leszczy\u0144skiej Ligii Rowerowej &#8222;Real 64-sto Ciesi\u00f3\u0142ka Auto Group Maraton MTB&#8221;.\u00a0\u00a0To najstarszy i [&hellip;]\" \/>\n<meta property=\"og:url\" content=\"https:\/\/www.welovecycling.com\/pl\/2017\/09\/19\/kolejna-edycja-real-64-sto-ciesiolka-auto-group-maraton-mtb-nami\/\" \/>\n<meta property=\"og:site_name\" content=\"\u0160koda We Love Cycling - Poland\" \/>\n<meta property=\"article:published_time\" content=\"2017-09-19T21:59:01+00:00\" \/>\n<meta property=\"article:modified_time\" content=\"2017-09-23T18:37:03+00:00\" \/>\n<meta property=\"og:image\" content=\"https:\/\/d2p6e6u75xmxt8.cloudfront.net\/5\/2017\/09\/m_21430091_1467176020004070_6508577308759529411_n-Kopia.jpg\" \/>\n\t<meta property=\"og:image:width\" content=\"600\" \/>\n\t<meta property=\"og:image:height\" content=\"450\" \/>\n\t<meta property=\"og:image:type\" content=\"image\/jpeg\" \/>\n<meta name=\"author\" content=\"piotrboczkowski\" \/>\n<meta name=\"twitter:card\" content=\"summary_large_image\" \/>\n<meta name=\"twitter:label1\" content=\"Written by\" \/>\n\t<meta name=\"twitter:data1\" content=\"WeLoveCycling\" \/>\n\t<meta name=\"twitter:label2\" content=\"Est. reading time\" \/>\n\t<meta name=\"twitter:data2\" content=\"1 minute\" \/>\n<script type=\"application\/ld+json\" class=\"yoast-schema-graph\">{\"@context\":\"https:\/\/schema.org\",\"@graph\":[{\"@type\":\"WebPage\",\"@id\":\"https:\/\/www.welovecycling.com\/pl\/2017\/09\/19\/kolejna-edycja-real-64-sto-ciesiolka-auto-group-maraton-mtb-nami\/\",\"url\":\"https:\/\/www.welovecycling.com\/pl\/2017\/09\/19\/kolejna-edycja-real-64-sto-ciesiolka-auto-group-maraton-mtb-nami\/\",\"name\":\"Kolejna edycja Real 64-sto Ciesi\u00f3\u0142ka Auto Group Maraton MTB za nami - \u0160koda We Love Cycling - Poland\",\"isPartOf\":{\"@id\":\"https:\/\/www.welovecycling.com\/pl\/#website\"},\"primaryImageOfPage\":{\"@id\":\"https:\/\/www.welovecycling.com\/pl\/2017\/09\/19\/kolejna-edycja-real-64-sto-ciesiolka-auto-group-maraton-mtb-nami\/#primaryimage\"},\"image\":{\"@id\":\"https:\/\/www.welovecycling.com\/pl\/2017\/09\/19\/kolejna-edycja-real-64-sto-ciesiolka-auto-group-maraton-mtb-nami\/#primaryimage\"},\"thumbnailUrl\":\"https:\/\/d2p6e6u75xmxt8.cloudfront.net\/5\/2017\/09\/m_21430091_1467176020004070_6508577308759529411_n-Kopia.jpg\",\"datePublished\":\"2017-09-19T21:59:01+00:00\",\"dateModified\":\"2017-09-23T18:37:03+00:00\",\"author\":{\"@id\":\"https:\/\/www.welovecycling.com\/pl\/#\/schema\/person\/0dba2d39da943db9df3fd8f4687e7f23\"},\"breadcrumb\":{\"@id\":\"https:\/\/www.welovecycling.com\/pl\/2017\/09\/19\/kolejna-edycja-real-64-sto-ciesiolka-auto-group-maraton-mtb-nami\/#breadcrumb\"},\"inLanguage\":\"pl-PL\",\"potentialAction\":[{\"@type\":\"ReadAction\",\"target\":[\"https:\/\/www.welovecycling.com\/pl\/2017\/09\/19\/kolejna-edycja-real-64-sto-ciesiolka-auto-group-maraton-mtb-nami\/\"]}]},{\"@type\":\"ImageObject\",\"inLanguage\":\"pl-PL\",\"@id\":\"https:\/\/www.welovecycling.com\/pl\/2017\/09\/19\/kolejna-edycja-real-64-sto-ciesiolka-auto-group-maraton-mtb-nami\/#primaryimage\",\"url\":\"https:\/\/d2p6e6u75xmxt8.cloudfront.net\/5\/2017\/09\/m_21430091_1467176020004070_6508577308759529411_n-Kopia.jpg\",\"contentUrl\":\"https:\/\/d2p6e6u75xmxt8.cloudfront.net\/5\/2017\/09\/m_21430091_1467176020004070_6508577308759529411_n-Kopia.jpg\",\"width\":600,\"height\":450},{\"@type\":\"BreadcrumbList\",\"@id\":\"https:\/\/www.welovecycling.com\/pl\/2017\/09\/19\/kolejna-edycja-real-64-sto-ciesiolka-auto-group-maraton-mtb-nami\/#breadcrumb\",\"itemListElement\":[{\"@type\":\"ListItem\",\"position\":1,\"name\":\"Home\",\"item\":\"https:\/\/www.welovecycling.com\/pl\/\"},{\"@type\":\"ListItem\",\"position\":2,\"name\":\"Kolejna edycja Real 64-sto Ciesi\u00f3\u0142ka Auto Group Maraton MTB za nami\"}]},{\"@type\":\"WebSite\",\"@id\":\"https:\/\/www.welovecycling.com\/pl\/#website\",\"url\":\"https:\/\/www.welovecycling.com\/pl\/\",\"name\":\"\u0160koda We Love Cycling - Poland\",\"description\":\"\",\"potentialAction\":[{\"@type\":\"SearchAction\",\"target\":{\"@type\":\"EntryPoint\",\"urlTemplate\":\"https:\/\/www.welovecycling.com\/pl\/?s={search_term_string}\"},\"query-input\":{\"@type\":\"PropertyValueSpecification\",\"valueRequired\":true,\"valueName\":\"search_term_string\"}}],\"inLanguage\":\"pl-PL\"},{\"@type\":\"Person\",\"@id\":\"https:\/\/www.welovecycling.com\/pl\/#\/schema\/person\/0dba2d39da943db9df3fd8f4687e7f23\",\"name\":\"piotrboczkowski\",\"image\":{\"@type\":\"ImageObject\",\"inLanguage\":\"pl-PL\",\"@id\":\"https:\/\/www.welovecycling.com\/pl\/#\/schema\/person\/image\/\",\"url\":\"https:\/\/secure.gravatar.com\/avatar\/533caccae14752e03a2ce2d3fd62d1b98b93e1393c3195c27819e53344ca1ace?s=96&d=mm&r=g\",\"contentUrl\":\"https:\/\/secure.gravatar.com\/avatar\/533caccae14752e03a2ce2d3fd62d1b98b93e1393c3195c27819e53344ca1ace?s=96&d=mm&r=g\",\"caption\":\"piotrboczkowski\"},\"url\":\"https:\/\/www.welovecycling.com\/pl\/author\/piotrboczkowski\/\"}]}<\/script>\n<!-- \/ Yoast SEO Premium plugin. -->","yoast_head_json":{"title":"Kolejna edycja Real 64-sto Ciesi\u00f3\u0142ka Auto Group Maraton MTB za nami - \u0160koda We Love Cycling - Poland","robots":{"index":"index","follow":"follow","max-snippet":"max-snippet:-1","max-image-preview":"max-image-preview:large","max-video-preview":"max-video-preview:-1"},"canonical":"https:\/\/www.welovecycling.com\/pl\/2017\/09\/19\/kolejna-edycja-real-64-sto-ciesiolka-auto-group-maraton-mtb-nami\/","og_locale":"pl_PL","og_type":"article","og_title":"Kolejna edycja Real 64-sto Ciesi\u00f3\u0142ka Auto Group Maraton MTB za nami","og_description":"10 wrze\u015bnia odby\u0142y si\u0119 kolejne zawody z cyklu Leszczy\u0144skiej Ligii Rowerowej &#8222;Real 64-sto Ciesi\u00f3\u0142ka Auto Group Maraton MTB&#8221;.\u00a0\u00a0To najstarszy i [&hellip;]","og_url":"https:\/\/www.welovecycling.com\/pl\/2017\/09\/19\/kolejna-edycja-real-64-sto-ciesiolka-auto-group-maraton-mtb-nami\/","og_site_name":"\u0160koda We Love Cycling - Poland","article_published_time":"2017-09-19T21:59:01+00:00","article_modified_time":"2017-09-23T18:37:03+00:00","og_image":[{"width":600,"height":450,"url":"https:\/\/d2p6e6u75xmxt8.cloudfront.net\/5\/2017\/09\/m_21430091_1467176020004070_6508577308759529411_n-Kopia.jpg","type":"image\/jpeg"}],"author":"piotrboczkowski","twitter_card":"summary_large_image","twitter_misc":{"Written by":"WeLoveCycling","Est. reading time":"1 minute"},"schema":{"@context":"https:\/\/schema.org","@graph":[{"@type":"WebPage","@id":"https:\/\/www.welovecycling.com\/pl\/2017\/09\/19\/kolejna-edycja-real-64-sto-ciesiolka-auto-group-maraton-mtb-nami\/","url":"https:\/\/www.welovecycling.com\/pl\/2017\/09\/19\/kolejna-edycja-real-64-sto-ciesiolka-auto-group-maraton-mtb-nami\/","name":"Kolejna edycja Real 64-sto Ciesi\u00f3\u0142ka Auto Group Maraton MTB za nami - \u0160koda We Love Cycling - Poland","isPartOf":{"@id":"https:\/\/www.welovecycling.com\/pl\/#website"},"primaryImageOfPage":{"@id":"https:\/\/www.welovecycling.com\/pl\/2017\/09\/19\/kolejna-edycja-real-64-sto-ciesiolka-auto-group-maraton-mtb-nami\/#primaryimage"},"image":{"@id":"https:\/\/www.welovecycling.com\/pl\/2017\/09\/19\/kolejna-edycja-real-64-sto-ciesiolka-auto-group-maraton-mtb-nami\/#primaryimage"},"thumbnailUrl":"https:\/\/d2p6e6u75xmxt8.cloudfront.net\/5\/2017\/09\/m_21430091_1467176020004070_6508577308759529411_n-Kopia.jpg","datePublished":"2017-09-19T21:59:01+00:00","dateModified":"2017-09-23T18:37:03+00:00","author":{"@id":"https:\/\/www.welovecycling.com\/pl\/#\/schema\/person\/0dba2d39da943db9df3fd8f4687e7f23"},"breadcrumb":{"@id":"https:\/\/www.welovecycling.com\/pl\/2017\/09\/19\/kolejna-edycja-real-64-sto-ciesiolka-auto-group-maraton-mtb-nami\/#breadcrumb"},"inLanguage":"pl-PL","potentialAction":[{"@type":"ReadAction","target":["https:\/\/www.welovecycling.com\/pl\/2017\/09\/19\/kolejna-edycja-real-64-sto-ciesiolka-auto-group-maraton-mtb-nami\/"]}]},{"@type":"ImageObject","inLanguage":"pl-PL","@id":"https:\/\/www.welovecycling.com\/pl\/2017\/09\/19\/kolejna-edycja-real-64-sto-ciesiolka-auto-group-maraton-mtb-nami\/#primaryimage","url":"https:\/\/d2p6e6u75xmxt8.cloudfront.net\/5\/2017\/09\/m_21430091_1467176020004070_6508577308759529411_n-Kopia.jpg","contentUrl":"https:\/\/d2p6e6u75xmxt8.cloudfront.net\/5\/2017\/09\/m_21430091_1467176020004070_6508577308759529411_n-Kopia.jpg","width":600,"height":450},{"@type":"BreadcrumbList","@id":"https:\/\/www.welovecycling.com\/pl\/2017\/09\/19\/kolejna-edycja-real-64-sto-ciesiolka-auto-group-maraton-mtb-nami\/#breadcrumb","itemListElement":[{"@type":"ListItem","position":1,"name":"Home","item":"https:\/\/www.welovecycling.com\/pl\/"},{"@type":"ListItem","position":2,"name":"Kolejna edycja Real 64-sto Ciesi\u00f3\u0142ka Auto Group Maraton MTB za nami"}]},{"@type":"WebSite","@id":"https:\/\/www.welovecycling.com\/pl\/#website","url":"https:\/\/www.welovecycling.com\/pl\/","name":"\u0160koda We Love Cycling - Poland","description":"","potentialAction":[{"@type":"SearchAction","target":{"@type":"EntryPoint","urlTemplate":"https:\/\/www.welovecycling.com\/pl\/?s={search_term_string}"},"query-input":{"@type":"PropertyValueSpecification","valueRequired":true,"valueName":"search_term_string"}}],"inLanguage":"pl-PL"},{"@type":"Person","@id":"https:\/\/www.welovecycling.com\/pl\/#\/schema\/person\/0dba2d39da943db9df3fd8f4687e7f23","name":"piotrboczkowski","image":{"@type":"ImageObject","inLanguage":"pl-PL","@id":"https:\/\/www.welovecycling.com\/pl\/#\/schema\/person\/image\/","url":"https:\/\/secure.gravatar.com\/avatar\/533caccae14752e03a2ce2d3fd62d1b98b93e1393c3195c27819e53344ca1ace?s=96&d=mm&r=g","contentUrl":"https:\/\/secure.gravatar.com\/avatar\/533caccae14752e03a2ce2d3fd62d1b98b93e1393c3195c27819e53344ca1ace?s=96&d=mm&r=g","caption":"piotrboczkowski"},"url":"https:\/\/www.welovecycling.com\/pl\/author\/piotrboczkowski\/"}]}},"_links":{"self":[{"href":"https:\/\/www.welovecycling.com\/pl\/wp-json\/wp\/v2\/posts\/5326","targetHints":{"allow":["GET"]}}],"collection":[{"href":"https:\/\/www.welovecycling.com\/pl\/wp-json\/wp\/v2\/posts"}],"about":[{"href":"https:\/\/www.welovecycling.com\/pl\/wp-json\/wp\/v2\/types\/post"}],"author":[{"embeddable":true,"href":"https:\/\/www.welovecycling.com\/pl\/wp-json\/wp\/v2\/users\/76"}],"replies":[{"embeddable":true,"href":"https:\/\/www.welovecycling.com\/pl\/wp-json\/wp\/v2\/comments?post=5326"}],"version-history":[{"count":2,"href":"https:\/\/www.welovecycling.com\/pl\/wp-json\/wp\/v2\/posts\/5326\/revisions"}],"predecessor-version":[{"id":5392,"href":"https:\/\/www.welovecycling.com\/pl\/wp-json\/wp\/v2\/posts\/5326\/revisions\/5392"}],"wp:featuredmedia":[{"embeddable":true,"href":"https:\/\/www.welovecycling.com\/pl\/wp-json\/wp\/v2\/media\/5327"}],"wp:attachment":[{"href":"https:\/\/www.welovecycling.com\/pl\/wp-json\/wp\/v2\/media?parent=5326"}],"wp:term":[{"taxonomy":"category","embeddable":true,"href":"https:\/\/www.welovecycling.com\/pl\/wp-json\/wp\/v2\/categories?post=5326"},{"taxonomy":"post_tag","embeddable":true,"href":"https:\/\/www.welovecycling.com\/pl\/wp-json\/wp\/v2\/tags?post=5326"},{"taxonomy":"global-categories","embeddable":true,"href":"https:\/\/www.welovecycling.com\/pl\/wp-json\/wp\/v2\/global-categories?post=5326"}],"curies":[{"name":"wp","href":"https:\/\/api.w.org\/{rel}","templated":true}]}}