{"id":5315,"date":"2017-09-15T06:12:40","date_gmt":"2017-09-15T06:12:40","guid":{"rendered":"https:\/\/www.welovecycling.com\/pl\/?p=5315"},"modified":"2017-09-23T19:55:50","modified_gmt":"2017-09-23T19:55:50","slug":"rozsiadzcie-sie-wygodnie-pora-kolarski-deser","status":"publish","type":"post","link":"https:\/\/www.welovecycling.com\/pl\/2017\/09\/15\/rozsiadzcie-sie-wygodnie-pora-kolarski-deser\/","title":{"rendered":"Rozsi\u0105d\u017acie si\u0119 wygodnie. Pora na kolarski deser!"},"content":{"rendered":"<p>To ma by\u0107 wisienka na torcie \u015bwietnego sezonu polskich kolarzy. Po genialnym Tour de France i kapitalnym Vuelta a Espa\u00f1a, nasi zawodnicy celuj\u0105 w medale na mistrzostwach \u015bwiata! Ostatni wielki akcent kolarskiego sezonu zaczyna si\u0119 w niedziel\u0119 w norweskim Bergen.<\/p>\n<p>Ca\u0142y rok to wielka uczta naszego kolarstwa. Na przystawk\u0119 by\u0142o zwyci\u0119stwo Micha\u0142a Kwiatkowskiego w klasyku Mediolan \u2013 San Reno, pyszne pierwsze danie zaserwowa\u0142 Maciej Bodnar (wygrany etap na Tour de France), a drugie Tomasz Marczy\u0144ski i Rafa\u0142 Majka, kt\u00f3rzy zwyci\u0119\u017cali na Vuelta a Espa\u00f1a. Szanowni Pa\u0144stwo, teraz pora na deser!<\/p>\n<p><strong>To nie b\u0119dzie przeja\u017cd\u017cka<\/strong><\/p>\n<p>A ten zapowiada si\u0119 wybornie, bo Polacy na mistrzostwach \u015bwiata jad\u0105 po medal. I nie m\u00f3wi\u0105 o tym po cichu, z rumie\u0144cem zawstydzenia czy w obawie przed wy\u015bmianiem. Nie, s\u0105 na tyle mocni, \u017ce chc\u0105 stan\u0105\u0107 na podium i mog\u0105 o tym tr\u0105bi\u0107 nawet przez megafon. Wszyscy maj\u0105 walczy\u0107 za swojego kapitana \u2013 Micha\u0142a Kwiatkowskiego.<\/p>\n<p>&#8211; Mam nadziej\u0119, \u017ce przywiezie z\u0142oto. Do Norwegii nie wybiera si\u0119 na przeja\u017cd\u017ck\u0119, ale ma \u015bci\u015ble okre\u015blony cel \u2013 mistrzostwo \u015bwiata \u2013 podkre\u015bla w rozmowie z WeLoveCycling by\u0142y znakomity kolarz Dariusz Baranowski, kt\u00f3ry b\u0119dzie komentowa\u0142 mistrzostwa \u015bwiata w Eurosporcie.<\/p>\n<p>Kwiatkowski jest jednym z faworyt\u00f3w wy\u015bcigu ze startu wsp\u00f3lnego elity m\u0119\u017cczyzn (kolejna niedziela, 24 wrze\u015bnia). Polski kolarz ju\u017c raz zaszokowa\u0142 \u015bwiat, gdy w 2014 r. zosta\u0142 mistrzem \u015bwiata w hiszpa\u0144skiej Ponferradzie.<\/p>\n<p><strong>Pi\u0119kne okoliczno\u015bci<\/strong><\/p>\n<p>W\u00f3wczas mia\u0142 jednak zaledwie 24 lata, wi\u0119c w stawce by\u0142 m\u0142okosem. Dzi\u015b ma tysi\u0105ce kilometr\u00f3w wi\u0119cej do\u015bwiadczenia i w Bergen nie zawaha si\u0119 ich u\u017cy\u0107. Szczeg\u00f3lnie, \u017ce mo\u017ce liczy\u0107 na pomoc dru\u017cyny, czyli Macieja Bodnara, Micha\u0142a Go\u0142asia, \u0141ukasza Wi\u015bniowskiego, Macieja Paterskiego i Paw\u0142a Polja\u0144skiego, kt\u00f3ry zast\u0105pi\u0142 kontuzjowanego Rafa\u0142a Majk\u0119. Niestety, w tym roku Polacy mog\u0105 wystawi\u0107 tylko sze\u015bcioosobow\u0105 ekip\u0119 (walk\u0119 o mo\u017cliwo\u015b\u0107 wystawienia dziewi\u0119cioosobowej rzutem na ta\u015bm\u0119 przegrali z Norwegami).<\/p>\n<p>&#8211; Za nami d\u0142ugi sezon, ale ci\u0105gle czuj\u0119 si\u0119 dobrze. Jestem zrelaksowany i w formie. Wiem, jak jecha\u0107, a to daje mi du\u017co pewno\u015bci siebie. Zapowiada si\u0119 jednak trudny wy\u015bcig, ci\u0119\u017cko przewidzie\u0107 jego przebieg. Musimy mie\u0107 oczy szeroko otwarte i dostosowa\u0107 si\u0119 taktycznie. Wiem, \u017ce dru\u017cyna da mi dobre wsparcie \u2013 m\u00f3wi Kwiatkowski w rozmowie Cyclingnews.com.<\/p>\n<p>Polak jako g\u0142\u00f3wnych rywali wymienia Belg\u00f3w, Niemc\u00f3w i Norweg\u00f3w, ale przede wszystkim S\u0142owaka Petera Sagana.<\/p>\n<p>Walk\u0119 o z\u0142oto stocz\u0105 w otoczeniu pi\u0119knych norweskich krajobraz\u00f3w. Bergen nazywane jest bowiem bram\u0105 fiord\u00f3w, okala je siedem wzg\u00f3rz i morze. Wy\u015bcig rozegra si\u0119 na 276-kilometrowej trasie, kt\u00f3rej g\u0142\u00f3wn\u0105 przeszkod\u0105 b\u0119dzie tzw. \u0142ososiowa g\u00f3ra (podjazd 1,6 km, nachylenie 6,4%). Pi\u0119kne okoliczno\u015bci na zako\u0144czenie sezonu i do pi\u0119knego zwyci\u0119stwa\u2026<\/p>\n<p><strong>A mo\u017ce niespodzianka?<\/strong><\/p>\n<p>Polskie emocje zwi\u0105zane z mistrzostwami \u015bwiata to jednak nie tylko wy\u015bcig ze startu wsp\u00f3lnego, ale te\u017c jazda indywidualna na czas.<\/p>\n<p>W \u015brod\u0119 b\u0119dziemy trzymali kciuki za Macieja Bodnara, kt\u00f3ry pokaza\u0142 moc podczas czas\u00f3wki w Marsylii na Tour de France. Norweska trasa nie do ko\u0144ca polskiemu sprinterowi jednak pasuje, co oczywi\u015bcie nie oznacza, \u017ce odpu\u015bci. Jazda indywidualna na czas m\u0119\u017cczyzn zostanie rozegrana w \u015brod\u0119.<\/p>\n<p>Do Bergen jedzie te\u017c sze\u015bcioosobowa ekipa Polek z Katarzyn\u0105 Niewiadom\u0105 na czele (jazda indywidualna na czas we wtorek, wy\u015bcig ze startu wsp\u00f3lnego w sobot\u0119).<\/p>\n<p>Polacy maj\u0105 szanse te\u017c w je\u017adzie dru\u017cynowej, bo Kwiatkowski znalaz\u0142 si\u0119 w silnym Team Sky, a Bodnar w Bora-Hansgrohe.<\/p>\n<p>Fani kolarstwa! Rozsiadamy si\u0119 wygodnie, trzymamy kciuki i liczymy, \u017ce Polacy poka\u017c\u0105 moc!<\/p>\n<p><strong>\u00a0<\/strong><\/p>\n<p><strong>Program mistrzostw \u015bwiata w Bergen:<\/strong><\/p>\n<p><strong><em>17 wrze\u015bnia (niedziela):<\/em><\/strong><\/p>\n<p>12:00 wy\u015bcig dru\u017cynowy kobiet<\/p>\n<p>15:30 wy\u015bcig dru\u017cynowy m\u0119\u017cczyzn<\/p>\n<p><strong><em>18 wrze\u015bnia (poniedzia\u0142ek):<\/em><\/strong><\/p>\n<p>10.30 jazda indywidualna na czas juniorek<\/p>\n<p>13:00 jazda indywidualna na czas orlik\u00f3w<\/p>\n<p><strong><em>19 wrze\u015bnia (wtorek):<\/em><\/strong><\/p>\n<p>11:30 jazda indywidualna na czas juniorek<\/p>\n<p>15:30 jazda indywidualna na czas elity kobiet<\/p>\n<p><strong><em>20 wrze\u015bnia (\u015broda):<\/em><\/strong><\/p>\n<p>13:00 jazda indywidualna na czas elity m\u0119\u017cczyzn<\/p>\n<p><strong><em>22 wrze\u015bnia (pi\u0105tek):<\/em><\/strong><\/p>\n<p>10:00 wy\u015bcig ze startu wsp\u00f3lnego juniorek<\/p>\n<p>13:15 TVP Sport \u2013 wy\u015bcig ze startu wsp\u00f3lnego orlik\u00f3w<\/p>\n<p><strong><em>23 wrze\u015bnia (sobota):<\/em><\/strong><\/p>\n<p>9:30 wy\u015bcig ze startu wsp\u00f3lnego junior\u00f3w<\/p>\n<p>13:30 wy\u015bcig ze startu wsp\u00f3lnego elity kobiet<\/p>\n<p><strong><em>24 wrze\u015bnia (niedziela):<\/em><\/strong><\/p>\n<p>10:00 wy\u015bcig ze startu wsp\u00f3lnego elity m\u0119\u017cczyzn<\/p>\n","protected":false},"excerpt":{"rendered":"<p>To ma by\u0107 wisienka na torcie \u015bwietnego sezonu polskich kolarzy. Po genialnym Tour de France i kapitalnym Vuelta a Espa\u00f1a, [&hellip;]<\/p>\n","protected":false},"author":76,"featured_media":5316,"comment_status":"open","ping_status":"open","sticky":false,"template":"","format":"standard","meta":{"footnotes":""},"categories":[1],"tags":[41,204,82,137],"global-categories":[],"class_list":["post-5315","post","type-post","status-publish","format-standard","has-post-thumbnail","hentry","category-uncategorized","tag-cycling","tag-mistrzostwa-swiata","tag-welovecycling","tag-wyscigi"],"yoast_head":"<!-- This site is optimized with the Yoast SEO Premium plugin v25.3 (Yoast SEO v25.9) - https:\/\/yoast.com\/wordpress\/plugins\/seo\/ -->\n<title>Rozsi\u0105d\u017acie si\u0119 wygodnie. Pora na kolarski deser! - \u0160koda We Love Cycling - Poland<\/title>\n<meta name=\"robots\" content=\"index, follow, max-snippet:-1, max-image-preview:large, max-video-preview:-1\" \/>\n<link rel=\"canonical\" href=\"https:\/\/www.welovecycling.com\/pl\/2017\/09\/15\/rozsiadzcie-sie-wygodnie-pora-kolarski-deser\/\" \/>\n<meta property=\"og:locale\" content=\"pl_PL\" \/>\n<meta property=\"og:type\" content=\"article\" \/>\n<meta property=\"og:title\" content=\"Rozsi\u0105d\u017acie si\u0119 wygodnie. Pora na kolarski deser!\" \/>\n<meta property=\"og:description\" content=\"To ma by\u0107 wisienka na torcie \u015bwietnego sezonu polskich kolarzy. Po genialnym Tour de France i kapitalnym Vuelta a Espa\u00f1a, [&hellip;]\" \/>\n<meta property=\"og:url\" content=\"https:\/\/www.welovecycling.com\/pl\/2017\/09\/15\/rozsiadzcie-sie-wygodnie-pora-kolarski-deser\/\" \/>\n<meta property=\"og:site_name\" content=\"\u0160koda We Love Cycling - Poland\" \/>\n<meta property=\"article:published_time\" content=\"2017-09-15T06:12:40+00:00\" \/>\n<meta property=\"article:modified_time\" content=\"2017-09-23T19:55:50+00:00\" \/>\n<meta property=\"og:image\" content=\"https:\/\/d2p6e6u75xmxt8.cloudfront.net\/5\/2017\/09\/shutterstock_529609768-1024x485.jpg\" \/>\n\t<meta property=\"og:image:width\" content=\"1024\" \/>\n\t<meta property=\"og:image:height\" content=\"485\" \/>\n\t<meta property=\"og:image:type\" content=\"image\/jpeg\" \/>\n<meta name=\"author\" content=\"piotrboczkowski\" \/>\n<meta name=\"twitter:card\" content=\"summary_large_image\" \/>\n<meta name=\"twitter:label1\" content=\"Written by\" \/>\n\t<meta name=\"twitter:data1\" content=\"WeLoveCycling\" \/>\n\t<meta name=\"twitter:label2\" content=\"Est. reading time\" \/>\n\t<meta name=\"twitter:data2\" content=\"4 minutes\" \/>\n<script type=\"application\/ld+json\" class=\"yoast-schema-graph\">{\"@context\":\"https:\/\/schema.org\",\"@graph\":[{\"@type\":\"WebPage\",\"@id\":\"https:\/\/www.welovecycling.com\/pl\/2017\/09\/15\/rozsiadzcie-sie-wygodnie-pora-kolarski-deser\/\",\"url\":\"https:\/\/www.welovecycling.com\/pl\/2017\/09\/15\/rozsiadzcie-sie-wygodnie-pora-kolarski-deser\/\",\"name\":\"Rozsi\u0105d\u017acie si\u0119 wygodnie. Pora na kolarski deser! - \u0160koda We Love Cycling - Poland\",\"isPartOf\":{\"@id\":\"https:\/\/www.welovecycling.com\/pl\/#website\"},\"primaryImageOfPage\":{\"@id\":\"https:\/\/www.welovecycling.com\/pl\/2017\/09\/15\/rozsiadzcie-sie-wygodnie-pora-kolarski-deser\/#primaryimage\"},\"image\":{\"@id\":\"https:\/\/www.welovecycling.com\/pl\/2017\/09\/15\/rozsiadzcie-sie-wygodnie-pora-kolarski-deser\/#primaryimage\"},\"thumbnailUrl\":\"https:\/\/d2p6e6u75xmxt8.cloudfront.net\/5\/2017\/09\/shutterstock_529609768.jpg\",\"datePublished\":\"2017-09-15T06:12:40+00:00\",\"dateModified\":\"2017-09-23T19:55:50+00:00\",\"author\":{\"@id\":\"https:\/\/www.welovecycling.com\/pl\/#\/schema\/person\/0dba2d39da943db9df3fd8f4687e7f23\"},\"breadcrumb\":{\"@id\":\"https:\/\/www.welovecycling.com\/pl\/2017\/09\/15\/rozsiadzcie-sie-wygodnie-pora-kolarski-deser\/#breadcrumb\"},\"inLanguage\":\"pl-PL\",\"potentialAction\":[{\"@type\":\"ReadAction\",\"target\":[\"https:\/\/www.welovecycling.com\/pl\/2017\/09\/15\/rozsiadzcie-sie-wygodnie-pora-kolarski-deser\/\"]}]},{\"@type\":\"ImageObject\",\"inLanguage\":\"pl-PL\",\"@id\":\"https:\/\/www.welovecycling.com\/pl\/2017\/09\/15\/rozsiadzcie-sie-wygodnie-pora-kolarski-deser\/#primaryimage\",\"url\":\"https:\/\/d2p6e6u75xmxt8.cloudfront.net\/5\/2017\/09\/shutterstock_529609768.jpg\",\"contentUrl\":\"https:\/\/d2p6e6u75xmxt8.cloudfront.net\/5\/2017\/09\/shutterstock_529609768.jpg\",\"width\":4495,\"height\":2127},{\"@type\":\"BreadcrumbList\",\"@id\":\"https:\/\/www.welovecycling.com\/pl\/2017\/09\/15\/rozsiadzcie-sie-wygodnie-pora-kolarski-deser\/#breadcrumb\",\"itemListElement\":[{\"@type\":\"ListItem\",\"position\":1,\"name\":\"Home\",\"item\":\"https:\/\/www.welovecycling.com\/pl\/\"},{\"@type\":\"ListItem\",\"position\":2,\"name\":\"Rozsi\u0105d\u017acie si\u0119 wygodnie. Pora na kolarski deser!\"}]},{\"@type\":\"WebSite\",\"@id\":\"https:\/\/www.welovecycling.com\/pl\/#website\",\"url\":\"https:\/\/www.welovecycling.com\/pl\/\",\"name\":\"\u0160koda We Love Cycling - Poland\",\"description\":\"\",\"potentialAction\":[{\"@type\":\"SearchAction\",\"target\":{\"@type\":\"EntryPoint\",\"urlTemplate\":\"https:\/\/www.welovecycling.com\/pl\/?s={search_term_string}\"},\"query-input\":{\"@type\":\"PropertyValueSpecification\",\"valueRequired\":true,\"valueName\":\"search_term_string\"}}],\"inLanguage\":\"pl-PL\"},{\"@type\":\"Person\",\"@id\":\"https:\/\/www.welovecycling.com\/pl\/#\/schema\/person\/0dba2d39da943db9df3fd8f4687e7f23\",\"name\":\"piotrboczkowski\",\"image\":{\"@type\":\"ImageObject\",\"inLanguage\":\"pl-PL\",\"@id\":\"https:\/\/www.welovecycling.com\/pl\/#\/schema\/person\/image\/\",\"url\":\"https:\/\/secure.gravatar.com\/avatar\/533caccae14752e03a2ce2d3fd62d1b98b93e1393c3195c27819e53344ca1ace?s=96&d=mm&r=g\",\"contentUrl\":\"https:\/\/secure.gravatar.com\/avatar\/533caccae14752e03a2ce2d3fd62d1b98b93e1393c3195c27819e53344ca1ace?s=96&d=mm&r=g\",\"caption\":\"piotrboczkowski\"},\"url\":\"https:\/\/www.welovecycling.com\/pl\/author\/piotrboczkowski\/\"}]}<\/script>\n<!-- \/ Yoast SEO Premium plugin. -->","yoast_head_json":{"title":"Rozsi\u0105d\u017acie si\u0119 wygodnie. Pora na kolarski deser! - \u0160koda We Love Cycling - Poland","robots":{"index":"index","follow":"follow","max-snippet":"max-snippet:-1","max-image-preview":"max-image-preview:large","max-video-preview":"max-video-preview:-1"},"canonical":"https:\/\/www.welovecycling.com\/pl\/2017\/09\/15\/rozsiadzcie-sie-wygodnie-pora-kolarski-deser\/","og_locale":"pl_PL","og_type":"article","og_title":"Rozsi\u0105d\u017acie si\u0119 wygodnie. Pora na kolarski deser!","og_description":"To ma by\u0107 wisienka na torcie \u015bwietnego sezonu polskich kolarzy. Po genialnym Tour de France i kapitalnym Vuelta a Espa\u00f1a, [&hellip;]","og_url":"https:\/\/www.welovecycling.com\/pl\/2017\/09\/15\/rozsiadzcie-sie-wygodnie-pora-kolarski-deser\/","og_site_name":"\u0160koda We Love Cycling - Poland","article_published_time":"2017-09-15T06:12:40+00:00","article_modified_time":"2017-09-23T19:55:50+00:00","og_image":[{"width":1024,"height":485,"url":"https:\/\/d2p6e6u75xmxt8.cloudfront.net\/5\/2017\/09\/shutterstock_529609768-1024x485.jpg","type":"image\/jpeg"}],"author":"piotrboczkowski","twitter_card":"summary_large_image","twitter_misc":{"Written by":"WeLoveCycling","Est. reading time":"4 minutes"},"schema":{"@context":"https:\/\/schema.org","@graph":[{"@type":"WebPage","@id":"https:\/\/www.welovecycling.com\/pl\/2017\/09\/15\/rozsiadzcie-sie-wygodnie-pora-kolarski-deser\/","url":"https:\/\/www.welovecycling.com\/pl\/2017\/09\/15\/rozsiadzcie-sie-wygodnie-pora-kolarski-deser\/","name":"Rozsi\u0105d\u017acie si\u0119 wygodnie. Pora na kolarski deser! - \u0160koda We Love Cycling - Poland","isPartOf":{"@id":"https:\/\/www.welovecycling.com\/pl\/#website"},"primaryImageOfPage":{"@id":"https:\/\/www.welovecycling.com\/pl\/2017\/09\/15\/rozsiadzcie-sie-wygodnie-pora-kolarski-deser\/#primaryimage"},"image":{"@id":"https:\/\/www.welovecycling.com\/pl\/2017\/09\/15\/rozsiadzcie-sie-wygodnie-pora-kolarski-deser\/#primaryimage"},"thumbnailUrl":"https:\/\/d2p6e6u75xmxt8.cloudfront.net\/5\/2017\/09\/shutterstock_529609768.jpg","datePublished":"2017-09-15T06:12:40+00:00","dateModified":"2017-09-23T19:55:50+00:00","author":{"@id":"https:\/\/www.welovecycling.com\/pl\/#\/schema\/person\/0dba2d39da943db9df3fd8f4687e7f23"},"breadcrumb":{"@id":"https:\/\/www.welovecycling.com\/pl\/2017\/09\/15\/rozsiadzcie-sie-wygodnie-pora-kolarski-deser\/#breadcrumb"},"inLanguage":"pl-PL","potentialAction":[{"@type":"ReadAction","target":["https:\/\/www.welovecycling.com\/pl\/2017\/09\/15\/rozsiadzcie-sie-wygodnie-pora-kolarski-deser\/"]}]},{"@type":"ImageObject","inLanguage":"pl-PL","@id":"https:\/\/www.welovecycling.com\/pl\/2017\/09\/15\/rozsiadzcie-sie-wygodnie-pora-kolarski-deser\/#primaryimage","url":"https:\/\/d2p6e6u75xmxt8.cloudfront.net\/5\/2017\/09\/shutterstock_529609768.jpg","contentUrl":"https:\/\/d2p6e6u75xmxt8.cloudfront.net\/5\/2017\/09\/shutterstock_529609768.jpg","width":4495,"height":2127},{"@type":"BreadcrumbList","@id":"https:\/\/www.welovecycling.com\/pl\/2017\/09\/15\/rozsiadzcie-sie-wygodnie-pora-kolarski-deser\/#breadcrumb","itemListElement":[{"@type":"ListItem","position":1,"name":"Home","item":"https:\/\/www.welovecycling.com\/pl\/"},{"@type":"ListItem","position":2,"name":"Rozsi\u0105d\u017acie si\u0119 wygodnie. Pora na kolarski deser!"}]},{"@type":"WebSite","@id":"https:\/\/www.welovecycling.com\/pl\/#website","url":"https:\/\/www.welovecycling.com\/pl\/","name":"\u0160koda We Love Cycling - Poland","description":"","potentialAction":[{"@type":"SearchAction","target":{"@type":"EntryPoint","urlTemplate":"https:\/\/www.welovecycling.com\/pl\/?s={search_term_string}"},"query-input":{"@type":"PropertyValueSpecification","valueRequired":true,"valueName":"search_term_string"}}],"inLanguage":"pl-PL"},{"@type":"Person","@id":"https:\/\/www.welovecycling.com\/pl\/#\/schema\/person\/0dba2d39da943db9df3fd8f4687e7f23","name":"piotrboczkowski","image":{"@type":"ImageObject","inLanguage":"pl-PL","@id":"https:\/\/www.welovecycling.com\/pl\/#\/schema\/person\/image\/","url":"https:\/\/secure.gravatar.com\/avatar\/533caccae14752e03a2ce2d3fd62d1b98b93e1393c3195c27819e53344ca1ace?s=96&d=mm&r=g","contentUrl":"https:\/\/secure.gravatar.com\/avatar\/533caccae14752e03a2ce2d3fd62d1b98b93e1393c3195c27819e53344ca1ace?s=96&d=mm&r=g","caption":"piotrboczkowski"},"url":"https:\/\/www.welovecycling.com\/pl\/author\/piotrboczkowski\/"}]}},"_links":{"self":[{"href":"https:\/\/www.welovecycling.com\/pl\/wp-json\/wp\/v2\/posts\/5315","targetHints":{"allow":["GET"]}}],"collection":[{"href":"https:\/\/www.welovecycling.com\/pl\/wp-json\/wp\/v2\/posts"}],"about":[{"href":"https:\/\/www.welovecycling.com\/pl\/wp-json\/wp\/v2\/types\/post"}],"author":[{"embeddable":true,"href":"https:\/\/www.welovecycling.com\/pl\/wp-json\/wp\/v2\/users\/76"}],"replies":[{"embeddable":true,"href":"https:\/\/www.welovecycling.com\/pl\/wp-json\/wp\/v2\/comments?post=5315"}],"version-history":[{"count":2,"href":"https:\/\/www.welovecycling.com\/pl\/wp-json\/wp\/v2\/posts\/5315\/revisions"}],"predecessor-version":[{"id":5394,"href":"https:\/\/www.welovecycling.com\/pl\/wp-json\/wp\/v2\/posts\/5315\/revisions\/5394"}],"wp:featuredmedia":[{"embeddable":true,"href":"https:\/\/www.welovecycling.com\/pl\/wp-json\/wp\/v2\/media\/5316"}],"wp:attachment":[{"href":"https:\/\/www.welovecycling.com\/pl\/wp-json\/wp\/v2\/media?parent=5315"}],"wp:term":[{"taxonomy":"category","embeddable":true,"href":"https:\/\/www.welovecycling.com\/pl\/wp-json\/wp\/v2\/categories?post=5315"},{"taxonomy":"post_tag","embeddable":true,"href":"https:\/\/www.welovecycling.com\/pl\/wp-json\/wp\/v2\/tags?post=5315"},{"taxonomy":"global-categories","embeddable":true,"href":"https:\/\/www.welovecycling.com\/pl\/wp-json\/wp\/v2\/global-categories?post=5315"}],"curies":[{"name":"wp","href":"https:\/\/api.w.org\/{rel}","templated":true}]}}