{"id":5294,"date":"2017-09-12T14:15:22","date_gmt":"2017-09-12T14:15:22","guid":{"rendered":"https:\/\/www.welovecycling.com\/pl\/?p=5294"},"modified":"2017-10-01T11:18:04","modified_gmt":"2017-10-01T11:18:04","slug":"poznajcie-kolarskiego-terminatora","status":"publish","type":"post","link":"https:\/\/www.welovecycling.com\/pl\/2017\/09\/12\/poznajcie-kolarskiego-terminatora\/","title":{"rendered":"Poznajcie kolarskiego terminatora!"},"content":{"rendered":"<p>Nie z\u0142ama\u0142 go nadludzki wysi\u0142ek, tysi\u0105ce przejechanych kilometr\u00f3w, a nawet niespodzianka od rywali. Christopher Froome (Team Sky) udowodni\u0142, \u017ce jest terminatorem kolarstwa i p\u00f3\u0142tora miesi\u0105ca po wygraniu Tour de France triumfowa\u0142 w Vuelta a Espa\u00f1a!<\/p>\n<p>Pi\u0142ka no\u017cna ma Cristiano Ronaldo, lekkoatletyka Usaina Bolta, a w kolarstwie dzieli i rz\u0105dzi Christopher Froome &#8211; cz\u0142owiek z wydolno\u015bci\u0105 psa poci\u0105gowego, si\u0142\u0105 konia i zmys\u0142em taktycznym najsprytniejszych drapie\u017cnik\u00f3w. S\u0142owem \u2013 kolarz kompletny, kt\u00f3ry prze\u017cywa okres, o jakim marzy ka\u017cdy zawodowiec.<\/p>\n<p><strong>Przeszed\u0142 do historii<\/strong><\/p>\n<p>23 lipca Brytyjczyk wjecha\u0142 na Pola Elizejskie w \u017c\u00f3\u0142tej koszulce lidera. Kr\u0119ci\u0142 w niej przez wi\u0119kszo\u015b\u0107 wy\u015bcigu, daj\u0105c rywalom tylko iluzoryczne szanse na walk\u0119 o pierwsze miejsce. Jecha\u0142 pewnie, mocno i z cierpliwo\u015bci\u0105. Nie wygra\u0142 \u017cadnego etapu, a mimo to przekonuj\u0105co zwyci\u0119\u017cy\u0142 w klasyfikacji generalnej Tour de France.<\/p>\n<p>Vuelta a Espa\u00f1a wzi\u0105\u0142 z jeszcze wi\u0119ksz\u0105 pewno\u015bci\u0105 siebie. Pierwsze miejsce obj\u0105\u0142 po trzecim etapie i nie odda\u0142 ju\u017c do ko\u0144ca. Do tego wygra\u0142 dwa etapy oraz triumfowa\u0142 w klasyfikacji punktowej oraz kombinowanej. A to wszystko dok\u0142adnie 49 dni po wygraniu Tour de France! Taki dublet skompletowali tylko dwaj zawodnicy w historii kolarstwa (Jacques Anquetil w 1963 r. i Bernard Hinault w 1978 r.)!<\/p>\n<p>Na ostatnim etapie Froome z ka\u017cdej strony i od ka\u017cdego teamu odbiera\u0142 gratulacje. W peletonie la\u0142o si\u0119 piwo, szampan, a zwyci\u0119zca przez drugiego w klasyfikacji Vincenzo Nibaliego (Bahrain-Merida) zosta\u0142 pocz\u0119stowany kubkiem z kaw\u0105. Zawarto\u015bci tego kubka pewni by\u0107 jednak nie mo\u017cemy, bo mina Froome wskazywa\u0142a, \u017ce znajdowa\u0142o si\u0119 tam jednak co\u015b\u2026<\/p>\n<p>&#8211; To chyba najtrudniejszy tour, jaki jecha\u0142em. By\u0142y dobre dni, by\u0142y momenty, \u017ce le\u017ca\u0142em i my\u015bla\u0142em: ju\u017c po wy\u015bcigu. To by\u0142a nieko\u0144cz\u0105ca si\u0119 gonitwa. Wygranie Tour de France, a potem Vuelta a Espa\u00f1a to moje najwi\u0119ksze osi\u0105gni\u0119cie w karierze \u2013 przyzna\u0142 Froome.<\/p>\n<p><strong>\u015awietni Polacy<\/strong><\/p>\n<p>Wodzirejami na imprezach ko\u0144cz\u0105cych Vuelta a Espa\u00f1a powinni by\u0107 r\u00f3wnie\u017c Polacy, kt\u00f3rzy spisali si\u0119 kapitalnie. Tomasz Marczy\u0144ski (Lotto Soudal) wygra\u0142 dwa etapy, a Rafa\u0142 Majka jeden (Bora-Hansgrohe). Do tego dwukrotnie drugi by\u0142 Pawe\u0142 Polja\u0144ski (Bora-Hansgrohe).<\/p>\n<p>Polscy czempioni w trakcie niedzielnego etapu uci\u0119li sobie nawet pogaw\u0119dk\u0119. Nic w tym jednak dziwnego \u2013 do mety by\u0142o jeszcze 90 km, wi\u0119c na trasie trwa\u0142a zabawa, a nie powa\u017cne \u015bciganie. Marczy\u0144ski ostrzy\u0142 sobie z\u0119by jeszcze na wygranie trzeciego etapu i nie ma si\u0119 co dziwi\u0107 \u2013 czu\u0142 si\u0119 mocny jak nigdy, w ko\u0144cu w Hiszpanii osi\u0105gn\u0105\u0142 najwi\u0119kszy sukces w karierze.<\/p>\n<p>Z kolei dla Majki Vuelta a Espa\u00f1a by\u0142a nagrod\u0105 za nieudany Tour de France (zaliczy\u0142 kraks\u0119 i musia\u0142 si\u0119 wycofa\u0107) i by\u0107 mo\u017ce zapowiedzi\u0105 \u015bwietnej formy Polak\u00f3w przed nadchodz\u0105cymi mistrzostwami \u015bwiata (17-24 wrze\u015bnia w Norwegii).<\/p>\n<p><strong>\u0141zy w oczach legendy<\/strong><\/p>\n<p>Na niedzielnym etapie Vuelta a Espa\u00f1a (wygra\u0142 go\u00a0 Matteo Trentin z Quick-Step Floors) ostatnie kilometry jako zawodowiec pokonywa\u0142 wielki Alberto Contador. Legendarny kolarz postanowi\u0142, \u017ce 72. wy\u015bcig dooko\u0142a Hiszpanii b\u0119dzie jego ostatnim wyst\u0119pem w karierze. I to jakiej karierze! Dwa zwyci\u0119stwa w Tour de France, dwa w Giro d\u2019Italia i trzy w Vuelta Espa\u00f1a \u2013 to t\u0142umaczy, dlaczego w niedziel\u0119 ca\u0142y Madryt czeka\u0142 w\u0142a\u015bnie na Contadora.<\/p>\n<p>Ludzie wyszli na ulice, a Hiszpan jeszcze po zmierzchu robi\u0142 rund\u0119 honorow\u0105. Mia\u0142 \u0142zy w oczach, pozdrawia\u0142 wiwatuj\u0105cych kibic\u00f3w, a jego koledzy z teamu z przymru\u017ceniem oka pr\u00f3bowali nam\u00f3wi\u0107 go na zmian\u0119 decyzji. \u201eJeszcze rok, Alberto, jeszcze jeden rok\u201d \u2013 \u015bpiewali kolarze Trek-Segrafredo podczas jazdy w peletonie.<\/p>\n<p>Contador z kibicami po\u017cegna\u0142 si\u0119 pi\u0119knie, bo wygra\u0142 20. etap. \u2013 Lepszego zako\u0144czenia nie mog\u0142em sobie wymarzy\u0107. Samotnie wspina\u0142em si\u0119 na g\u00f3r\u0119 i cieszy\u0142em si\u0119 ka\u017cd\u0105 chwil\u0105. To ostatnia g\u00f3ra w mojej karierze. Chcia\u0142em wygra\u0107 dla siebie i kibic\u00f3w. Jestem szcz\u0119\u015bciarzem. Mam teraz wiele rzeczy do zrobienia. Od czasu do czasu zat\u0119skni\u0119 za kolarstwem, ale teraz czas zrelaksowa\u0107 si\u0119 \u2013 powiedzia\u0142 Contador przed kamerami Eurosportu.<\/p>\n<p>Sponsorem Vuelta a Espa\u00f1a by\u0142a \u0160koda .<\/p>\n<p>Klasyfikacja generalna 72. Vuelta a Espa\u00f1a:<\/p>\n<ol>\n<li><span style=\"font-size: 14pt;\">Christopher Froome 82.30:02<\/span><\/li>\n<li><span style=\"font-size: 14pt;\">Vincenzo Nibali +2:15<\/span><\/li>\n<li><span style=\"font-size: 14pt;\">Ilnur Zakarin 2:51<\/span><\/li>\n<\/ol>\n<p><span style=\"font-size: 14pt;\">&#8212;-<\/span><\/p>\n<ol start=\"39\">\n<li><span style=\"font-size: 14pt;\">Rafa\u0142 Majka +1.53:59<\/span><\/li>\n<li><span style=\"font-size: 14pt;\">Pawe\u0142 Polja\u0144ski +2.58:35<\/span><\/li>\n<li><span style=\"font-size: 14pt;\">Przemys\u0142aw Niemiec +3.25:48<\/span><\/li>\n<\/ol>\n<p>&nbsp;<\/p>\n<p>(\u017ar\u00f3d\u0142o zdj\u0119\u0107: www.lavuelta.com \u00a9 Unipublic\/Photogomez Sport)<\/p>\n","protected":false},"excerpt":{"rendered":"<p>Nie z\u0142ama\u0142 go nadludzki wysi\u0142ek, tysi\u0105ce przejechanych kilometr\u00f3w, a nawet niespodzianka od rywali. Christopher Froome (Team Sky) udowodni\u0142, \u017ce jest [&hellip;]<\/p>\n","protected":false},"author":76,"featured_media":5300,"comment_status":"open","ping_status":"open","sticky":false,"template":"","format":"standard","meta":{"footnotes":""},"categories":[1],"tags":[66,202,82],"global-categories":[],"class_list":["post-5294","post","type-post","status-publish","format-standard","has-post-thumbnail","hentry","category-uncategorized","tag-skodanapedzarowery","tag-vuelta-a-espana","tag-welovecycling"],"yoast_head":"<!-- This site is optimized with the Yoast SEO Premium plugin v25.3 (Yoast SEO v25.9) - https:\/\/yoast.com\/wordpress\/plugins\/seo\/ -->\n<title>Poznajcie kolarskiego terminatora! - \u0160koda We Love Cycling - Poland<\/title>\n<meta name=\"robots\" content=\"index, follow, max-snippet:-1, max-image-preview:large, max-video-preview:-1\" \/>\n<link rel=\"canonical\" href=\"https:\/\/www.welovecycling.com\/pl\/2017\/09\/12\/poznajcie-kolarskiego-terminatora\/\" \/>\n<meta property=\"og:locale\" content=\"pl_PL\" \/>\n<meta property=\"og:type\" content=\"article\" \/>\n<meta property=\"og:title\" content=\"Poznajcie kolarskiego terminatora!\" \/>\n<meta property=\"og:description\" content=\"Nie z\u0142ama\u0142 go nadludzki wysi\u0142ek, tysi\u0105ce przejechanych kilometr\u00f3w, a nawet niespodzianka od rywali. Christopher Froome (Team Sky) udowodni\u0142, \u017ce jest [&hellip;]\" \/>\n<meta property=\"og:url\" content=\"https:\/\/www.welovecycling.com\/pl\/2017\/09\/12\/poznajcie-kolarskiego-terminatora\/\" \/>\n<meta property=\"og:site_name\" content=\"\u0160koda We Love Cycling - Poland\" \/>\n<meta property=\"article:published_time\" content=\"2017-09-12T14:15:22+00:00\" \/>\n<meta property=\"article:modified_time\" content=\"2017-10-01T11:18:04+00:00\" \/>\n<meta property=\"og:image\" content=\"https:\/\/d2p6e6u75xmxt8.cloudfront.net\/5\/2017\/09\/2017091098_21ETAPA080-1.jpg\" \/>\n\t<meta property=\"og:image:width\" content=\"1002\" \/>\n\t<meta property=\"og:image:height\" content=\"563\" \/>\n\t<meta property=\"og:image:type\" content=\"image\/jpeg\" \/>\n<meta name=\"author\" content=\"piotrboczkowski\" \/>\n<meta name=\"twitter:card\" content=\"summary_large_image\" \/>\n<meta name=\"twitter:label1\" content=\"Written by\" \/>\n\t<meta name=\"twitter:data1\" content=\"WeLoveCycling\" \/>\n\t<meta name=\"twitter:label2\" content=\"Est. reading time\" \/>\n\t<meta name=\"twitter:data2\" content=\"4 minutes\" \/>\n<script type=\"application\/ld+json\" class=\"yoast-schema-graph\">{\"@context\":\"https:\/\/schema.org\",\"@graph\":[{\"@type\":\"WebPage\",\"@id\":\"https:\/\/www.welovecycling.com\/pl\/2017\/09\/12\/poznajcie-kolarskiego-terminatora\/\",\"url\":\"https:\/\/www.welovecycling.com\/pl\/2017\/09\/12\/poznajcie-kolarskiego-terminatora\/\",\"name\":\"Poznajcie kolarskiego terminatora! - \u0160koda We Love Cycling - Poland\",\"isPartOf\":{\"@id\":\"https:\/\/www.welovecycling.com\/pl\/#website\"},\"primaryImageOfPage\":{\"@id\":\"https:\/\/www.welovecycling.com\/pl\/2017\/09\/12\/poznajcie-kolarskiego-terminatora\/#primaryimage\"},\"image\":{\"@id\":\"https:\/\/www.welovecycling.com\/pl\/2017\/09\/12\/poznajcie-kolarskiego-terminatora\/#primaryimage\"},\"thumbnailUrl\":\"https:\/\/d2p6e6u75xmxt8.cloudfront.net\/5\/2017\/09\/2017091098_21ETAPA080-1.jpg\",\"datePublished\":\"2017-09-12T14:15:22+00:00\",\"dateModified\":\"2017-10-01T11:18:04+00:00\",\"author\":{\"@id\":\"https:\/\/www.welovecycling.com\/pl\/#\/schema\/person\/0dba2d39da943db9df3fd8f4687e7f23\"},\"breadcrumb\":{\"@id\":\"https:\/\/www.welovecycling.com\/pl\/2017\/09\/12\/poznajcie-kolarskiego-terminatora\/#breadcrumb\"},\"inLanguage\":\"pl-PL\",\"potentialAction\":[{\"@type\":\"ReadAction\",\"target\":[\"https:\/\/www.welovecycling.com\/pl\/2017\/09\/12\/poznajcie-kolarskiego-terminatora\/\"]}]},{\"@type\":\"ImageObject\",\"inLanguage\":\"pl-PL\",\"@id\":\"https:\/\/www.welovecycling.com\/pl\/2017\/09\/12\/poznajcie-kolarskiego-terminatora\/#primaryimage\",\"url\":\"https:\/\/d2p6e6u75xmxt8.cloudfront.net\/5\/2017\/09\/2017091098_21ETAPA080-1.jpg\",\"contentUrl\":\"https:\/\/d2p6e6u75xmxt8.cloudfront.net\/5\/2017\/09\/2017091098_21ETAPA080-1.jpg\",\"width\":1002,\"height\":563},{\"@type\":\"BreadcrumbList\",\"@id\":\"https:\/\/www.welovecycling.com\/pl\/2017\/09\/12\/poznajcie-kolarskiego-terminatora\/#breadcrumb\",\"itemListElement\":[{\"@type\":\"ListItem\",\"position\":1,\"name\":\"Home\",\"item\":\"https:\/\/www.welovecycling.com\/pl\/\"},{\"@type\":\"ListItem\",\"position\":2,\"name\":\"Poznajcie kolarskiego terminatora!\"}]},{\"@type\":\"WebSite\",\"@id\":\"https:\/\/www.welovecycling.com\/pl\/#website\",\"url\":\"https:\/\/www.welovecycling.com\/pl\/\",\"name\":\"\u0160koda We Love Cycling - Poland\",\"description\":\"\",\"potentialAction\":[{\"@type\":\"SearchAction\",\"target\":{\"@type\":\"EntryPoint\",\"urlTemplate\":\"https:\/\/www.welovecycling.com\/pl\/?s={search_term_string}\"},\"query-input\":{\"@type\":\"PropertyValueSpecification\",\"valueRequired\":true,\"valueName\":\"search_term_string\"}}],\"inLanguage\":\"pl-PL\"},{\"@type\":\"Person\",\"@id\":\"https:\/\/www.welovecycling.com\/pl\/#\/schema\/person\/0dba2d39da943db9df3fd8f4687e7f23\",\"name\":\"piotrboczkowski\",\"image\":{\"@type\":\"ImageObject\",\"inLanguage\":\"pl-PL\",\"@id\":\"https:\/\/www.welovecycling.com\/pl\/#\/schema\/person\/image\/\",\"url\":\"https:\/\/secure.gravatar.com\/avatar\/533caccae14752e03a2ce2d3fd62d1b98b93e1393c3195c27819e53344ca1ace?s=96&d=mm&r=g\",\"contentUrl\":\"https:\/\/secure.gravatar.com\/avatar\/533caccae14752e03a2ce2d3fd62d1b98b93e1393c3195c27819e53344ca1ace?s=96&d=mm&r=g\",\"caption\":\"piotrboczkowski\"},\"url\":\"https:\/\/www.welovecycling.com\/pl\/author\/piotrboczkowski\/\"}]}<\/script>\n<!-- \/ Yoast SEO Premium plugin. -->","yoast_head_json":{"title":"Poznajcie kolarskiego terminatora! - \u0160koda We Love Cycling - Poland","robots":{"index":"index","follow":"follow","max-snippet":"max-snippet:-1","max-image-preview":"max-image-preview:large","max-video-preview":"max-video-preview:-1"},"canonical":"https:\/\/www.welovecycling.com\/pl\/2017\/09\/12\/poznajcie-kolarskiego-terminatora\/","og_locale":"pl_PL","og_type":"article","og_title":"Poznajcie kolarskiego terminatora!","og_description":"Nie z\u0142ama\u0142 go nadludzki wysi\u0142ek, tysi\u0105ce przejechanych kilometr\u00f3w, a nawet niespodzianka od rywali. Christopher Froome (Team Sky) udowodni\u0142, \u017ce jest [&hellip;]","og_url":"https:\/\/www.welovecycling.com\/pl\/2017\/09\/12\/poznajcie-kolarskiego-terminatora\/","og_site_name":"\u0160koda We Love Cycling - Poland","article_published_time":"2017-09-12T14:15:22+00:00","article_modified_time":"2017-10-01T11:18:04+00:00","og_image":[{"width":1002,"height":563,"url":"https:\/\/d2p6e6u75xmxt8.cloudfront.net\/5\/2017\/09\/2017091098_21ETAPA080-1.jpg","type":"image\/jpeg"}],"author":"piotrboczkowski","twitter_card":"summary_large_image","twitter_misc":{"Written by":"WeLoveCycling","Est. reading time":"4 minutes"},"schema":{"@context":"https:\/\/schema.org","@graph":[{"@type":"WebPage","@id":"https:\/\/www.welovecycling.com\/pl\/2017\/09\/12\/poznajcie-kolarskiego-terminatora\/","url":"https:\/\/www.welovecycling.com\/pl\/2017\/09\/12\/poznajcie-kolarskiego-terminatora\/","name":"Poznajcie kolarskiego terminatora! - \u0160koda We Love Cycling - Poland","isPartOf":{"@id":"https:\/\/www.welovecycling.com\/pl\/#website"},"primaryImageOfPage":{"@id":"https:\/\/www.welovecycling.com\/pl\/2017\/09\/12\/poznajcie-kolarskiego-terminatora\/#primaryimage"},"image":{"@id":"https:\/\/www.welovecycling.com\/pl\/2017\/09\/12\/poznajcie-kolarskiego-terminatora\/#primaryimage"},"thumbnailUrl":"https:\/\/d2p6e6u75xmxt8.cloudfront.net\/5\/2017\/09\/2017091098_21ETAPA080-1.jpg","datePublished":"2017-09-12T14:15:22+00:00","dateModified":"2017-10-01T11:18:04+00:00","author":{"@id":"https:\/\/www.welovecycling.com\/pl\/#\/schema\/person\/0dba2d39da943db9df3fd8f4687e7f23"},"breadcrumb":{"@id":"https:\/\/www.welovecycling.com\/pl\/2017\/09\/12\/poznajcie-kolarskiego-terminatora\/#breadcrumb"},"inLanguage":"pl-PL","potentialAction":[{"@type":"ReadAction","target":["https:\/\/www.welovecycling.com\/pl\/2017\/09\/12\/poznajcie-kolarskiego-terminatora\/"]}]},{"@type":"ImageObject","inLanguage":"pl-PL","@id":"https:\/\/www.welovecycling.com\/pl\/2017\/09\/12\/poznajcie-kolarskiego-terminatora\/#primaryimage","url":"https:\/\/d2p6e6u75xmxt8.cloudfront.net\/5\/2017\/09\/2017091098_21ETAPA080-1.jpg","contentUrl":"https:\/\/d2p6e6u75xmxt8.cloudfront.net\/5\/2017\/09\/2017091098_21ETAPA080-1.jpg","width":1002,"height":563},{"@type":"BreadcrumbList","@id":"https:\/\/www.welovecycling.com\/pl\/2017\/09\/12\/poznajcie-kolarskiego-terminatora\/#breadcrumb","itemListElement":[{"@type":"ListItem","position":1,"name":"Home","item":"https:\/\/www.welovecycling.com\/pl\/"},{"@type":"ListItem","position":2,"name":"Poznajcie kolarskiego terminatora!"}]},{"@type":"WebSite","@id":"https:\/\/www.welovecycling.com\/pl\/#website","url":"https:\/\/www.welovecycling.com\/pl\/","name":"\u0160koda We Love Cycling - Poland","description":"","potentialAction":[{"@type":"SearchAction","target":{"@type":"EntryPoint","urlTemplate":"https:\/\/www.welovecycling.com\/pl\/?s={search_term_string}"},"query-input":{"@type":"PropertyValueSpecification","valueRequired":true,"valueName":"search_term_string"}}],"inLanguage":"pl-PL"},{"@type":"Person","@id":"https:\/\/www.welovecycling.com\/pl\/#\/schema\/person\/0dba2d39da943db9df3fd8f4687e7f23","name":"piotrboczkowski","image":{"@type":"ImageObject","inLanguage":"pl-PL","@id":"https:\/\/www.welovecycling.com\/pl\/#\/schema\/person\/image\/","url":"https:\/\/secure.gravatar.com\/avatar\/533caccae14752e03a2ce2d3fd62d1b98b93e1393c3195c27819e53344ca1ace?s=96&d=mm&r=g","contentUrl":"https:\/\/secure.gravatar.com\/avatar\/533caccae14752e03a2ce2d3fd62d1b98b93e1393c3195c27819e53344ca1ace?s=96&d=mm&r=g","caption":"piotrboczkowski"},"url":"https:\/\/www.welovecycling.com\/pl\/author\/piotrboczkowski\/"}]}},"_links":{"self":[{"href":"https:\/\/www.welovecycling.com\/pl\/wp-json\/wp\/v2\/posts\/5294","targetHints":{"allow":["GET"]}}],"collection":[{"href":"https:\/\/www.welovecycling.com\/pl\/wp-json\/wp\/v2\/posts"}],"about":[{"href":"https:\/\/www.welovecycling.com\/pl\/wp-json\/wp\/v2\/types\/post"}],"author":[{"embeddable":true,"href":"https:\/\/www.welovecycling.com\/pl\/wp-json\/wp\/v2\/users\/76"}],"replies":[{"embeddable":true,"href":"https:\/\/www.welovecycling.com\/pl\/wp-json\/wp\/v2\/comments?post=5294"}],"version-history":[{"count":2,"href":"https:\/\/www.welovecycling.com\/pl\/wp-json\/wp\/v2\/posts\/5294\/revisions"}],"predecessor-version":[{"id":5500,"href":"https:\/\/www.welovecycling.com\/pl\/wp-json\/wp\/v2\/posts\/5294\/revisions\/5500"}],"wp:featuredmedia":[{"embeddable":true,"href":"https:\/\/www.welovecycling.com\/pl\/wp-json\/wp\/v2\/media\/5300"}],"wp:attachment":[{"href":"https:\/\/www.welovecycling.com\/pl\/wp-json\/wp\/v2\/media?parent=5294"}],"wp:term":[{"taxonomy":"category","embeddable":true,"href":"https:\/\/www.welovecycling.com\/pl\/wp-json\/wp\/v2\/categories?post=5294"},{"taxonomy":"post_tag","embeddable":true,"href":"https:\/\/www.welovecycling.com\/pl\/wp-json\/wp\/v2\/tags?post=5294"},{"taxonomy":"global-categories","embeddable":true,"href":"https:\/\/www.welovecycling.com\/pl\/wp-json\/wp\/v2\/global-categories?post=5294"}],"curies":[{"name":"wp","href":"https:\/\/api.w.org\/{rel}","templated":true}]}}