{"id":52,"date":"2014-09-05T14:52:00","date_gmt":"2014-09-05T14:52:00","guid":{"rendered":"http:\/\/serwer1629254.home.pl\/index.php\/2014\/09\/05\/juz-w-niedziele-skoda-cyklo-gdynia\/"},"modified":"2016-12-05T10:07:27","modified_gmt":"2016-12-05T10:07:27","slug":"juz-w-niedziele-skoda-cyklo-gdynia","status":"publish","type":"post","link":"https:\/\/www.welovecycling.com\/pl\/2014\/09\/05\/juz-w-niedziele-skoda-cyklo-gdynia\/","title":{"rendered":"Ju\u017c w niedziel\u0119 \u0160koda Cyklo Gdynia!"},"content":{"rendered":"<p>(\u0179r\u00f3d\u0142o: Marcin Lipiecki)<\/p>\n<p>Gotowy do wy\u015bcigu? My nie mo\u017cemy si\u0119 go ju\u017c doczeka\u0107! Na stronie http:\/\/skodacyklogdynia.pl\/ odliczamy godziny do wielkiego rowerowego starcia.\u00a0<!--more--><\/p>\n<p>Pod patronatem \u0160KODY na trzech trasach w okolicach Kaszub \u015bciga\u0107 si\u0119 b\u0119dzie blisko 900 zawodnik\u00f3w. Nie mo\u017ce Ci\u0119 w\u015br\u00f3d nich zabrakn\u0105\u0107!<\/p>\n<p><strong>Zg\u0142o\u015b si\u0119 do wy\u015bcigu<\/strong>: zapisy mo\u017cliwe s\u0105 jeszcze w Biurze Zawod\u00f3w w czwartek, pi\u0105tek i sobot\u0119 w godzinach 9:00 \u2013 17:00 w Gdyni, przy ul. Hryniewickiego 8A oraz w niedziel\u0119 w miasteczku zawod\u00f3w od godz. 7:30. Wybierz sw\u00f3j dystans i do\u0142\u0105cz do nas!<\/p>\n<p>\u0160koda Cyklo Gdynia to doskona\u0142a okazja by zarazi\u0107 si\u0119 pasj\u0105 do kolarstwa! Przypominamy, \u017ce w czasie imprezy mo\u017cliwy b\u0119dzie trening pod okiem profesjonalist\u00f3w z Akademii Kolarskiej COPERNICUS!<\/p>\n<p>Do zobaczenia na starcie!<\/p>\n","protected":false},"excerpt":{"rendered":"<p>(\u0179r\u00f3d\u0142o: Marcin Lipiecki) Gotowy do wy\u015bcigu? My nie mo\u017cemy si\u0119 go ju\u017c doczeka\u0107! Na stronie http:\/\/skodacyklogdynia.pl\/ odliczamy godziny do wielkiego [&hellip;]<\/p>\n","protected":false},"author":1,"featured_media":524,"comment_status":"open","ping_status":"open","sticky":false,"template":"","format":"standard","meta":{"footnotes":""},"categories":[1],"tags":[],"global-categories":[],"class_list":["post-52","post","type-post","status-publish","format-standard","has-post-thumbnail","hentry","category-uncategorized"],"yoast_head":"<!-- This site is optimized with the Yoast SEO Premium plugin v25.3 (Yoast SEO v25.9) - https:\/\/yoast.com\/wordpress\/plugins\/seo\/ -->\n<title>Ju\u017c w niedziel\u0119 \u0160koda Cyklo Gdynia! - \u0160koda We Love Cycling - Poland<\/title>\n<meta name=\"robots\" content=\"index, follow, max-snippet:-1, max-image-preview:large, max-video-preview:-1\" \/>\n<link rel=\"canonical\" href=\"https:\/\/www.welovecycling.com\/pl\/2014\/09\/05\/juz-w-niedziele-skoda-cyklo-gdynia\/\" \/>\n<meta property=\"og:locale\" content=\"pl_PL\" \/>\n<meta property=\"og:type\" content=\"article\" \/>\n<meta property=\"og:title\" content=\"Ju\u017c w niedziel\u0119 \u0160koda Cyklo Gdynia!\" \/>\n<meta property=\"og:description\" content=\"(\u0179r\u00f3d\u0142o: Marcin Lipiecki) Gotowy do wy\u015bcigu? My nie mo\u017cemy si\u0119 go ju\u017c doczeka\u0107! Na stronie http:\/\/skodacyklogdynia.pl\/ odliczamy godziny do wielkiego [&hellip;]\" \/>\n<meta property=\"og:url\" content=\"https:\/\/www.welovecycling.com\/pl\/2014\/09\/05\/juz-w-niedziele-skoda-cyklo-gdynia\/\" \/>\n<meta property=\"og:site_name\" content=\"\u0160koda We Love Cycling - Poland\" \/>\n<meta property=\"article:published_time\" content=\"2014-09-05T14:52:00+00:00\" \/>\n<meta property=\"article:modified_time\" content=\"2016-12-05T10:07:27+00:00\" \/>\n<meta property=\"og:image\" content=\"https:\/\/d2p6e6u75xmxt8.cloudfront.net\/5\/2014\/09\/46.png\" \/>\n\t<meta property=\"og:image:width\" content=\"500\" \/>\n\t<meta property=\"og:image:height\" content=\"293\" \/>\n\t<meta property=\"og:image:type\" content=\"image\/png\" \/>\n<meta name=\"author\" content=\"WeLoveCycling\" \/>\n<meta name=\"twitter:card\" content=\"summary_large_image\" \/>\n<meta name=\"twitter:label1\" content=\"Written by\" \/>\n\t<meta name=\"twitter:data1\" content=\"WeLoveCycling\" \/>\n\t<meta name=\"twitter:label2\" content=\"Est. reading time\" \/>\n\t<meta name=\"twitter:data2\" content=\"1 minute\" \/>\n<script type=\"application\/ld+json\" class=\"yoast-schema-graph\">{\"@context\":\"https:\/\/schema.org\",\"@graph\":[{\"@type\":\"WebPage\",\"@id\":\"https:\/\/www.welovecycling.com\/pl\/2014\/09\/05\/juz-w-niedziele-skoda-cyklo-gdynia\/\",\"url\":\"https:\/\/www.welovecycling.com\/pl\/2014\/09\/05\/juz-w-niedziele-skoda-cyklo-gdynia\/\",\"name\":\"Ju\u017c w niedziel\u0119 \u0160koda Cyklo Gdynia! - \u0160koda We Love Cycling - Poland\",\"isPartOf\":{\"@id\":\"https:\/\/www.welovecycling.com\/pl\/#website\"},\"primaryImageOfPage\":{\"@id\":\"https:\/\/www.welovecycling.com\/pl\/2014\/09\/05\/juz-w-niedziele-skoda-cyklo-gdynia\/#primaryimage\"},\"image\":{\"@id\":\"https:\/\/www.welovecycling.com\/pl\/2014\/09\/05\/juz-w-niedziele-skoda-cyklo-gdynia\/#primaryimage\"},\"thumbnailUrl\":\"https:\/\/d2p6e6u75xmxt8.cloudfront.net\/5\/2014\/09\/46.png\",\"datePublished\":\"2014-09-05T14:52:00+00:00\",\"dateModified\":\"2016-12-05T10:07:27+00:00\",\"author\":{\"@id\":\"https:\/\/www.welovecycling.com\/pl\/#\/schema\/person\/e5187c9cac8dd619ebc7b41bd73c2fd9\"},\"breadcrumb\":{\"@id\":\"https:\/\/www.welovecycling.com\/pl\/2014\/09\/05\/juz-w-niedziele-skoda-cyklo-gdynia\/#breadcrumb\"},\"inLanguage\":\"pl-PL\",\"potentialAction\":[{\"@type\":\"ReadAction\",\"target\":[\"https:\/\/www.welovecycling.com\/pl\/2014\/09\/05\/juz-w-niedziele-skoda-cyklo-gdynia\/\"]}]},{\"@type\":\"ImageObject\",\"inLanguage\":\"pl-PL\",\"@id\":\"https:\/\/www.welovecycling.com\/pl\/2014\/09\/05\/juz-w-niedziele-skoda-cyklo-gdynia\/#primaryimage\",\"url\":\"https:\/\/d2p6e6u75xmxt8.cloudfront.net\/5\/2014\/09\/46.png\",\"contentUrl\":\"https:\/\/d2p6e6u75xmxt8.cloudfront.net\/5\/2014\/09\/46.png\",\"width\":500,\"height\":293},{\"@type\":\"BreadcrumbList\",\"@id\":\"https:\/\/www.welovecycling.com\/pl\/2014\/09\/05\/juz-w-niedziele-skoda-cyklo-gdynia\/#breadcrumb\",\"itemListElement\":[{\"@type\":\"ListItem\",\"position\":1,\"name\":\"Home\",\"item\":\"https:\/\/www.welovecycling.com\/pl\/\"},{\"@type\":\"ListItem\",\"position\":2,\"name\":\"Ju\u017c w niedziel\u0119 \u0160koda Cyklo Gdynia!\"}]},{\"@type\":\"WebSite\",\"@id\":\"https:\/\/www.welovecycling.com\/pl\/#website\",\"url\":\"https:\/\/www.welovecycling.com\/pl\/\",\"name\":\"\u0160koda We Love Cycling - Poland\",\"description\":\"\",\"potentialAction\":[{\"@type\":\"SearchAction\",\"target\":{\"@type\":\"EntryPoint\",\"urlTemplate\":\"https:\/\/www.welovecycling.com\/pl\/?s={search_term_string}\"},\"query-input\":{\"@type\":\"PropertyValueSpecification\",\"valueRequired\":true,\"valueName\":\"search_term_string\"}}],\"inLanguage\":\"pl-PL\"},{\"@type\":\"Person\",\"@id\":\"https:\/\/www.welovecycling.com\/pl\/#\/schema\/person\/e5187c9cac8dd619ebc7b41bd73c2fd9\",\"name\":\"WeLoveCycling\",\"image\":{\"@type\":\"ImageObject\",\"inLanguage\":\"pl-PL\",\"@id\":\"https:\/\/www.welovecycling.com\/pl\/#\/schema\/person\/image\/\",\"url\":\"https:\/\/secure.gravatar.com\/avatar\/7e1ee0ecc5e294b19ef32b9f6086e0afbb9da00c3cb0d465ba4695331f4a9187?s=96&d=mm&r=g\",\"contentUrl\":\"https:\/\/secure.gravatar.com\/avatar\/7e1ee0ecc5e294b19ef32b9f6086e0afbb9da00c3cb0d465ba4695331f4a9187?s=96&d=mm&r=g\",\"caption\":\"WeLoveCycling\"},\"url\":\"https:\/\/www.welovecycling.com\/pl\/author\/lukascech\/\"}]}<\/script>\n<!-- \/ Yoast SEO Premium plugin. -->","yoast_head_json":{"title":"Ju\u017c w niedziel\u0119 \u0160koda Cyklo Gdynia! - \u0160koda We Love Cycling - Poland","robots":{"index":"index","follow":"follow","max-snippet":"max-snippet:-1","max-image-preview":"max-image-preview:large","max-video-preview":"max-video-preview:-1"},"canonical":"https:\/\/www.welovecycling.com\/pl\/2014\/09\/05\/juz-w-niedziele-skoda-cyklo-gdynia\/","og_locale":"pl_PL","og_type":"article","og_title":"Ju\u017c w niedziel\u0119 \u0160koda Cyklo Gdynia!","og_description":"(\u0179r\u00f3d\u0142o: Marcin Lipiecki) Gotowy do wy\u015bcigu? My nie mo\u017cemy si\u0119 go ju\u017c doczeka\u0107! Na stronie http:\/\/skodacyklogdynia.pl\/ odliczamy godziny do wielkiego [&hellip;]","og_url":"https:\/\/www.welovecycling.com\/pl\/2014\/09\/05\/juz-w-niedziele-skoda-cyklo-gdynia\/","og_site_name":"\u0160koda We Love Cycling - Poland","article_published_time":"2014-09-05T14:52:00+00:00","article_modified_time":"2016-12-05T10:07:27+00:00","og_image":[{"width":500,"height":293,"url":"https:\/\/d2p6e6u75xmxt8.cloudfront.net\/5\/2014\/09\/46.png","type":"image\/png"}],"author":"WeLoveCycling","twitter_card":"summary_large_image","twitter_misc":{"Written by":"WeLoveCycling","Est. reading time":"1 minute"},"schema":{"@context":"https:\/\/schema.org","@graph":[{"@type":"WebPage","@id":"https:\/\/www.welovecycling.com\/pl\/2014\/09\/05\/juz-w-niedziele-skoda-cyklo-gdynia\/","url":"https:\/\/www.welovecycling.com\/pl\/2014\/09\/05\/juz-w-niedziele-skoda-cyklo-gdynia\/","name":"Ju\u017c w niedziel\u0119 \u0160koda Cyklo Gdynia! - \u0160koda We Love Cycling - Poland","isPartOf":{"@id":"https:\/\/www.welovecycling.com\/pl\/#website"},"primaryImageOfPage":{"@id":"https:\/\/www.welovecycling.com\/pl\/2014\/09\/05\/juz-w-niedziele-skoda-cyklo-gdynia\/#primaryimage"},"image":{"@id":"https:\/\/www.welovecycling.com\/pl\/2014\/09\/05\/juz-w-niedziele-skoda-cyklo-gdynia\/#primaryimage"},"thumbnailUrl":"https:\/\/d2p6e6u75xmxt8.cloudfront.net\/5\/2014\/09\/46.png","datePublished":"2014-09-05T14:52:00+00:00","dateModified":"2016-12-05T10:07:27+00:00","author":{"@id":"https:\/\/www.welovecycling.com\/pl\/#\/schema\/person\/e5187c9cac8dd619ebc7b41bd73c2fd9"},"breadcrumb":{"@id":"https:\/\/www.welovecycling.com\/pl\/2014\/09\/05\/juz-w-niedziele-skoda-cyklo-gdynia\/#breadcrumb"},"inLanguage":"pl-PL","potentialAction":[{"@type":"ReadAction","target":["https:\/\/www.welovecycling.com\/pl\/2014\/09\/05\/juz-w-niedziele-skoda-cyklo-gdynia\/"]}]},{"@type":"ImageObject","inLanguage":"pl-PL","@id":"https:\/\/www.welovecycling.com\/pl\/2014\/09\/05\/juz-w-niedziele-skoda-cyklo-gdynia\/#primaryimage","url":"https:\/\/d2p6e6u75xmxt8.cloudfront.net\/5\/2014\/09\/46.png","contentUrl":"https:\/\/d2p6e6u75xmxt8.cloudfront.net\/5\/2014\/09\/46.png","width":500,"height":293},{"@type":"BreadcrumbList","@id":"https:\/\/www.welovecycling.com\/pl\/2014\/09\/05\/juz-w-niedziele-skoda-cyklo-gdynia\/#breadcrumb","itemListElement":[{"@type":"ListItem","position":1,"name":"Home","item":"https:\/\/www.welovecycling.com\/pl\/"},{"@type":"ListItem","position":2,"name":"Ju\u017c w niedziel\u0119 \u0160koda Cyklo Gdynia!"}]},{"@type":"WebSite","@id":"https:\/\/www.welovecycling.com\/pl\/#website","url":"https:\/\/www.welovecycling.com\/pl\/","name":"\u0160koda We Love Cycling - Poland","description":"","potentialAction":[{"@type":"SearchAction","target":{"@type":"EntryPoint","urlTemplate":"https:\/\/www.welovecycling.com\/pl\/?s={search_term_string}"},"query-input":{"@type":"PropertyValueSpecification","valueRequired":true,"valueName":"search_term_string"}}],"inLanguage":"pl-PL"},{"@type":"Person","@id":"https:\/\/www.welovecycling.com\/pl\/#\/schema\/person\/e5187c9cac8dd619ebc7b41bd73c2fd9","name":"WeLoveCycling","image":{"@type":"ImageObject","inLanguage":"pl-PL","@id":"https:\/\/www.welovecycling.com\/pl\/#\/schema\/person\/image\/","url":"https:\/\/secure.gravatar.com\/avatar\/7e1ee0ecc5e294b19ef32b9f6086e0afbb9da00c3cb0d465ba4695331f4a9187?s=96&d=mm&r=g","contentUrl":"https:\/\/secure.gravatar.com\/avatar\/7e1ee0ecc5e294b19ef32b9f6086e0afbb9da00c3cb0d465ba4695331f4a9187?s=96&d=mm&r=g","caption":"WeLoveCycling"},"url":"https:\/\/www.welovecycling.com\/pl\/author\/lukascech\/"}]}},"_links":{"self":[{"href":"https:\/\/www.welovecycling.com\/pl\/wp-json\/wp\/v2\/posts\/52","targetHints":{"allow":["GET"]}}],"collection":[{"href":"https:\/\/www.welovecycling.com\/pl\/wp-json\/wp\/v2\/posts"}],"about":[{"href":"https:\/\/www.welovecycling.com\/pl\/wp-json\/wp\/v2\/types\/post"}],"author":[{"embeddable":true,"href":"https:\/\/www.welovecycling.com\/pl\/wp-json\/wp\/v2\/users\/1"}],"replies":[{"embeddable":true,"href":"https:\/\/www.welovecycling.com\/pl\/wp-json\/wp\/v2\/comments?post=52"}],"version-history":[{"count":1,"href":"https:\/\/www.welovecycling.com\/pl\/wp-json\/wp\/v2\/posts\/52\/revisions"}],"predecessor-version":[{"id":2535,"href":"https:\/\/www.welovecycling.com\/pl\/wp-json\/wp\/v2\/posts\/52\/revisions\/2535"}],"wp:featuredmedia":[{"embeddable":true,"href":"https:\/\/www.welovecycling.com\/pl\/wp-json\/wp\/v2\/media\/524"}],"wp:attachment":[{"href":"https:\/\/www.welovecycling.com\/pl\/wp-json\/wp\/v2\/media?parent=52"}],"wp:term":[{"taxonomy":"category","embeddable":true,"href":"https:\/\/www.welovecycling.com\/pl\/wp-json\/wp\/v2\/categories?post=52"},{"taxonomy":"post_tag","embeddable":true,"href":"https:\/\/www.welovecycling.com\/pl\/wp-json\/wp\/v2\/tags?post=52"},{"taxonomy":"global-categories","embeddable":true,"href":"https:\/\/www.welovecycling.com\/pl\/wp-json\/wp\/v2\/global-categories?post=52"}],"curies":[{"name":"wp","href":"https:\/\/api.w.org\/{rel}","templated":true}]}}