{"id":5171,"date":"2017-09-06T11:46:49","date_gmt":"2017-09-06T11:46:49","guid":{"rendered":"https:\/\/www.welovecycling.com\/pl\/?p=5171"},"modified":"2017-10-01T11:20:36","modified_gmt":"2017-10-01T11:20:36","slug":"rower-fitday-skoda-lellek-kozle","status":"publish","type":"post","link":"https:\/\/www.welovecycling.com\/pl\/2017\/09\/06\/rower-fitday-skoda-lellek-kozle\/","title":{"rendered":"Nie tylko rower: FitDAY w \u0160koda LELLEK Ko\u017ale"},"content":{"rendered":"<p>W sobot\u0119 2 wrze\u015bnia wszyscy aktywni mieszka\u0144cy K\u0119dzierzyna-Ko\u017ala i okolic mieli okazj\u0119 sprawdzi\u0107 si\u0119 w wielu dyscyplinach sportowych, a to wszystko za spraw\u0105 FitDAY. Wydarzenie rozpocz\u0119\u0142o si\u0119 od startu biegaczy na pi\u0119ciokilometrowej trasie. Nast\u0119pnie na uczestnik\u00f3w czeka\u0142y a\u017c cztery pi\u0119tnastokilometrowe trasy rajdu rowerowego. Wzi\u0119\u0142o w nim udzia\u0142 oko\u0142o 100 os\u00f3b, kt\u00f3re mimo deszczu i ch\u0142odu dzielnie podj\u0119\u0142y wyzwanie. Ka\u017cdy z rajd\u00f3w sw\u00f3j fina\u0142 mia\u0142 pod kozielskim Autoryzowanym Salonem \u0160KODY Auto Centrum Ko\u017ale, gdzie na go\u015bci czeka\u0142o mn\u00f3stwo rowerowych i samochodowych atrakcji.<\/p>\n<p>Zaraz po dotarciu na met\u0119 uczestnicy mogli uczestniczy\u0107 w pokazie sekcji zapa\u015bniczej, pi\u0119ciu r\u00f3\u017cnych rodzajach trening\u00f3w fitness, a tak\u017ce skorzysta\u0107 z porad fit-ekspert\u00f3w, kt\u00f3rzy informowali o tym, jak odpowiednio dobra\u0107 diet\u0119 i aktywno\u015b\u0107 fizyczn\u0105, by poprawi\u0107 swoje wyniki sportowe i zadba\u0107 o zdrowie.<\/p>\n<p>W godzinach popo\u0142udniowych rozpocz\u0105\u0142 si\u0119 d\u0142ugo wyczekiwany, szczeg\u00f3lnie przez najm\u0142odszych uczestnik\u00f3w imprezy, festyn rodzinny. Dzieci mog\u0142y sp\u0119dzi\u0107 czas na dmucha\u0144cach, malowaniu twarzy oraz wielu ciekawych grach i konkursach. Doro\u015bli mi\u0142o sp\u0119dzali czas przy grillu i food truckach, z ch\u0119ci\u0105 rywalizowali w konkursie \u201ejazdy na kropelk\u0119\u201d, sprawdzaj\u0105c swoj\u0105 umiej\u0119tno\u015b\u0107 ekologicznej jazdy samochodem.<\/p>\n<p><a href=\"https:\/\/d2p6e6u75xmxt8.cloudfront.net\/5\/2017\/09\/21362320_10212059675199859_1716863651_o-Medium.jpg\"><img loading=\"lazy\" decoding=\"async\" class=\"alignnone size-full wp-image-5173\" src=\"https:\/\/d2p6e6u75xmxt8.cloudfront.net\/5\/2017\/09\/21362320_10212059675199859_1716863651_o-Medium.jpg\" alt=\"\" width=\"1024\" height=\"768\" srcset=\"https:\/\/d2p6e6u75xmxt8.cloudfront.net\/5\/2017\/09\/21362320_10212059675199859_1716863651_o-Medium.jpg 1024w, https:\/\/d2p6e6u75xmxt8.cloudfront.net\/5\/2017\/09\/21362320_10212059675199859_1716863651_o-Medium-300x225.jpg 300w, https:\/\/d2p6e6u75xmxt8.cloudfront.net\/5\/2017\/09\/21362320_10212059675199859_1716863651_o-Medium-768x576.jpg 768w\" sizes=\"auto, (max-width: 1024px) 100vw, 1024px\" \/><\/a><\/p>\n<p><a href=\"https:\/\/d2p6e6u75xmxt8.cloudfront.net\/5\/2017\/09\/21362349_10212059675079856_253984790_o-Medium.jpg\"><img loading=\"lazy\" decoding=\"async\" class=\"alignnone size-extra-large wp-image-5174\" src=\"https:\/\/d2p6e6u75xmxt8.cloudfront.net\/5\/2017\/09\/21362349_10212059675079856_253984790_o-Medium.jpg\" alt=\"\" width=\"1024\" height=\"768\" srcset=\"https:\/\/d2p6e6u75xmxt8.cloudfront.net\/5\/2017\/09\/21362349_10212059675079856_253984790_o-Medium.jpg 1024w, https:\/\/d2p6e6u75xmxt8.cloudfront.net\/5\/2017\/09\/21362349_10212059675079856_253984790_o-Medium-300x225.jpg 300w, https:\/\/d2p6e6u75xmxt8.cloudfront.net\/5\/2017\/09\/21362349_10212059675079856_253984790_o-Medium-768x576.jpg 768w\" sizes=\"auto, (max-width: 1024px) 100vw, 1024px\" \/><\/a><\/p>\n<p><a href=\"https:\/\/d2p6e6u75xmxt8.cloudfront.net\/5\/2017\/09\/21363295_10212059674479841_1781269598_o-Medium.jpg\"><img loading=\"lazy\" decoding=\"async\" class=\"alignnone size-extra-large wp-image-5175\" src=\"https:\/\/d2p6e6u75xmxt8.cloudfront.net\/5\/2017\/09\/21363295_10212059674479841_1781269598_o-Medium.jpg\" alt=\"\" width=\"1024\" height=\"768\" srcset=\"https:\/\/d2p6e6u75xmxt8.cloudfront.net\/5\/2017\/09\/21363295_10212059674479841_1781269598_o-Medium.jpg 1024w, https:\/\/d2p6e6u75xmxt8.cloudfront.net\/5\/2017\/09\/21363295_10212059674479841_1781269598_o-Medium-300x225.jpg 300w, https:\/\/d2p6e6u75xmxt8.cloudfront.net\/5\/2017\/09\/21363295_10212059674479841_1781269598_o-Medium-768x576.jpg 768w\" sizes=\"auto, (max-width: 1024px) 100vw, 1024px\" \/><\/a><\/p>\n<p><a href=\"https:\/\/d2p6e6u75xmxt8.cloudfront.net\/5\/2017\/09\/21363335_10212059674679846_1913334643_o-Medium.jpg\"><img loading=\"lazy\" decoding=\"async\" class=\"alignnone size-extra-large wp-image-5176\" src=\"https:\/\/d2p6e6u75xmxt8.cloudfront.net\/5\/2017\/09\/21363335_10212059674679846_1913334643_o-Medium.jpg\" alt=\"\" width=\"1024\" height=\"768\" srcset=\"https:\/\/d2p6e6u75xmxt8.cloudfront.net\/5\/2017\/09\/21363335_10212059674679846_1913334643_o-Medium.jpg 1024w, https:\/\/d2p6e6u75xmxt8.cloudfront.net\/5\/2017\/09\/21363335_10212059674679846_1913334643_o-Medium-300x225.jpg 300w, https:\/\/d2p6e6u75xmxt8.cloudfront.net\/5\/2017\/09\/21363335_10212059674679846_1913334643_o-Medium-768x576.jpg 768w\" sizes=\"auto, (max-width: 1024px) 100vw, 1024px\" \/><\/a><\/p>\n<p><a href=\"https:\/\/d2p6e6u75xmxt8.cloudfront.net\/5\/2017\/09\/21390192_10212059674559843_1121651984_o-Medium-1.jpg\"><img loading=\"lazy\" decoding=\"async\" class=\"alignnone size-extra-large wp-image-5177\" src=\"https:\/\/d2p6e6u75xmxt8.cloudfront.net\/5\/2017\/09\/21390192_10212059674559843_1121651984_o-Medium-1.jpg\" alt=\"\" width=\"1024\" height=\"768\" srcset=\"https:\/\/d2p6e6u75xmxt8.cloudfront.net\/5\/2017\/09\/21390192_10212059674559843_1121651984_o-Medium-1.jpg 1024w, https:\/\/d2p6e6u75xmxt8.cloudfront.net\/5\/2017\/09\/21390192_10212059674559843_1121651984_o-Medium-1-300x225.jpg 300w, https:\/\/d2p6e6u75xmxt8.cloudfront.net\/5\/2017\/09\/21390192_10212059674559843_1121651984_o-Medium-1-768x576.jpg 768w\" sizes=\"auto, (max-width: 1024px) 100vw, 1024px\" \/><\/a><\/p>\n<p><a href=\"https:\/\/d2p6e6u75xmxt8.cloudfront.net\/5\/2017\/09\/21390539_10212059675039855_147879374_o-Medium.jpg\"><img loading=\"lazy\" decoding=\"async\" class=\"alignnone size-extra-large wp-image-5178\" src=\"https:\/\/d2p6e6u75xmxt8.cloudfront.net\/5\/2017\/09\/21390539_10212059675039855_147879374_o-Medium.jpg\" alt=\"\" width=\"1024\" height=\"768\" srcset=\"https:\/\/d2p6e6u75xmxt8.cloudfront.net\/5\/2017\/09\/21390539_10212059675039855_147879374_o-Medium.jpg 1024w, https:\/\/d2p6e6u75xmxt8.cloudfront.net\/5\/2017\/09\/21390539_10212059675039855_147879374_o-Medium-300x225.jpg 300w, https:\/\/d2p6e6u75xmxt8.cloudfront.net\/5\/2017\/09\/21390539_10212059675039855_147879374_o-Medium-768x576.jpg 768w\" sizes=\"auto, (max-width: 1024px) 100vw, 1024px\" \/><\/a><\/p>\n<p><a href=\"https:\/\/d2p6e6u75xmxt8.cloudfront.net\/5\/2017\/09\/DSC_5135-800x533-Medium.jpg\"><img loading=\"lazy\" decoding=\"async\" class=\"alignnone size-extra-large wp-image-5179\" src=\"https:\/\/d2p6e6u75xmxt8.cloudfront.net\/5\/2017\/09\/DSC_5135-800x533-Medium.jpg\" alt=\"\" width=\"1153\" height=\"768\" srcset=\"https:\/\/d2p6e6u75xmxt8.cloudfront.net\/5\/2017\/09\/DSC_5135-800x533-Medium.jpg 1153w, https:\/\/d2p6e6u75xmxt8.cloudfront.net\/5\/2017\/09\/DSC_5135-800x533-Medium-300x200.jpg 300w, https:\/\/d2p6e6u75xmxt8.cloudfront.net\/5\/2017\/09\/DSC_5135-800x533-Medium-768x512.jpg 768w, https:\/\/d2p6e6u75xmxt8.cloudfront.net\/5\/2017\/09\/DSC_5135-800x533-Medium-1024x682.jpg 1024w, https:\/\/d2p6e6u75xmxt8.cloudfront.net\/5\/2017\/09\/DSC_5135-800x533-Medium-272x182.jpg 272w\" sizes=\"auto, (max-width: 1153px) 100vw, 1153px\" \/><\/a><\/p>\n<p><a href=\"https:\/\/d2p6e6u75xmxt8.cloudfront.net\/5\/2017\/09\/DSC_5146-800x533-Medium.jpg\"><img loading=\"lazy\" decoding=\"async\" class=\"alignnone size-extra-large wp-image-5180\" src=\"https:\/\/d2p6e6u75xmxt8.cloudfront.net\/5\/2017\/09\/DSC_5146-800x533-Medium.jpg\" alt=\"\" width=\"1153\" height=\"768\" srcset=\"https:\/\/d2p6e6u75xmxt8.cloudfront.net\/5\/2017\/09\/DSC_5146-800x533-Medium.jpg 1153w, https:\/\/d2p6e6u75xmxt8.cloudfront.net\/5\/2017\/09\/DSC_5146-800x533-Medium-300x200.jpg 300w, https:\/\/d2p6e6u75xmxt8.cloudfront.net\/5\/2017\/09\/DSC_5146-800x533-Medium-768x512.jpg 768w, https:\/\/d2p6e6u75xmxt8.cloudfront.net\/5\/2017\/09\/DSC_5146-800x533-Medium-1024x682.jpg 1024w, https:\/\/d2p6e6u75xmxt8.cloudfront.net\/5\/2017\/09\/DSC_5146-800x533-Medium-272x182.jpg 272w\" sizes=\"auto, (max-width: 1153px) 100vw, 1153px\" \/><\/a><\/p>\n<p><a href=\"https:\/\/d2p6e6u75xmxt8.cloudfront.net\/5\/2017\/09\/DSC_5149-800x533-Medium.jpg\"><img loading=\"lazy\" decoding=\"async\" class=\"alignnone size-extra-large wp-image-5181\" src=\"https:\/\/d2p6e6u75xmxt8.cloudfront.net\/5\/2017\/09\/DSC_5149-800x533-Medium.jpg\" alt=\"\" width=\"1153\" height=\"768\" srcset=\"https:\/\/d2p6e6u75xmxt8.cloudfront.net\/5\/2017\/09\/DSC_5149-800x533-Medium.jpg 1153w, https:\/\/d2p6e6u75xmxt8.cloudfront.net\/5\/2017\/09\/DSC_5149-800x533-Medium-300x200.jpg 300w, https:\/\/d2p6e6u75xmxt8.cloudfront.net\/5\/2017\/09\/DSC_5149-800x533-Medium-768x512.jpg 768w, https:\/\/d2p6e6u75xmxt8.cloudfront.net\/5\/2017\/09\/DSC_5149-800x533-Medium-1024x682.jpg 1024w, https:\/\/d2p6e6u75xmxt8.cloudfront.net\/5\/2017\/09\/DSC_5149-800x533-Medium-272x182.jpg 272w\" sizes=\"auto, (max-width: 1153px) 100vw, 1153px\" \/><\/a><\/p>\n<p><a href=\"https:\/\/d2p6e6u75xmxt8.cloudfront.net\/5\/2017\/09\/sko-8-800x533-Medium.jpg\"><img loading=\"lazy\" decoding=\"async\" class=\"alignnone size-extra-large wp-image-5182\" src=\"https:\/\/d2p6e6u75xmxt8.cloudfront.net\/5\/2017\/09\/sko-8-800x533-Medium.jpg\" alt=\"\" width=\"1153\" height=\"768\" srcset=\"https:\/\/d2p6e6u75xmxt8.cloudfront.net\/5\/2017\/09\/sko-8-800x533-Medium.jpg 1153w, https:\/\/d2p6e6u75xmxt8.cloudfront.net\/5\/2017\/09\/sko-8-800x533-Medium-300x200.jpg 300w, https:\/\/d2p6e6u75xmxt8.cloudfront.net\/5\/2017\/09\/sko-8-800x533-Medium-768x512.jpg 768w, https:\/\/d2p6e6u75xmxt8.cloudfront.net\/5\/2017\/09\/sko-8-800x533-Medium-1024x682.jpg 1024w, https:\/\/d2p6e6u75xmxt8.cloudfront.net\/5\/2017\/09\/sko-8-800x533-Medium-272x182.jpg 272w\" sizes=\"auto, (max-width: 1153px) 100vw, 1153px\" \/><\/a><\/p>\n<p>Impreza skupi\u0142a blisko p\u00f3\u0142 tysi\u0105ca os\u00f3b, kt\u00f3rym nie by\u0142a straszna jesienna pogoda! Wszystkim go\u015bciom dzi\u0119kujemy za przybycie i do zobaczenia za rok!<\/p>\n<p>(\u017ar\u00f3d\u0142o zdj\u0119\u0107: Autoryzowany Salon \u0160KODY\u00a0AUTO CENTRUM KO\u0179LE)<\/p>\n","protected":false},"excerpt":{"rendered":"<p>W sobot\u0119 2 wrze\u015bnia wszyscy aktywni mieszka\u0144cy K\u0119dzierzyna-Ko\u017ala i okolic mieli okazj\u0119 sprawdzi\u0107 si\u0119 w wielu dyscyplinach sportowych, a to [&hellip;]<\/p>\n","protected":false},"author":76,"featured_media":5172,"comment_status":"open","ping_status":"open","sticky":false,"template":"","format":"standard","meta":{"footnotes":""},"categories":[1],"tags":[66,82,137],"global-categories":[],"class_list":["post-5171","post","type-post","status-publish","format-standard","has-post-thumbnail","hentry","category-uncategorized","tag-skodanapedzarowery","tag-welovecycling","tag-wyscigi"],"yoast_head":"<!-- This site is optimized with the Yoast SEO Premium plugin v25.3 (Yoast SEO v25.9) - https:\/\/yoast.com\/wordpress\/plugins\/seo\/ -->\n<title>Nie tylko rower: FitDAY w \u0160koda LELLEK Ko\u017ale - \u0160koda We Love Cycling - Poland<\/title>\n<meta name=\"robots\" content=\"index, follow, max-snippet:-1, max-image-preview:large, max-video-preview:-1\" \/>\n<link rel=\"canonical\" href=\"https:\/\/www.welovecycling.com\/pl\/2017\/09\/06\/rower-fitday-skoda-lellek-kozle\/\" \/>\n<meta property=\"og:locale\" content=\"pl_PL\" \/>\n<meta property=\"og:type\" content=\"article\" \/>\n<meta property=\"og:title\" content=\"Nie tylko rower: FitDAY w \u0160koda LELLEK Ko\u017ale\" \/>\n<meta property=\"og:description\" content=\"W sobot\u0119 2 wrze\u015bnia wszyscy aktywni mieszka\u0144cy K\u0119dzierzyna-Ko\u017ala i okolic mieli okazj\u0119 sprawdzi\u0107 si\u0119 w wielu dyscyplinach sportowych, a to [&hellip;]\" \/>\n<meta property=\"og:url\" content=\"https:\/\/www.welovecycling.com\/pl\/2017\/09\/06\/rower-fitday-skoda-lellek-kozle\/\" \/>\n<meta property=\"og:site_name\" content=\"\u0160koda We Love Cycling - Poland\" \/>\n<meta property=\"article:published_time\" content=\"2017-09-06T11:46:49+00:00\" \/>\n<meta property=\"article:modified_time\" content=\"2017-10-01T11:20:36+00:00\" \/>\n<meta property=\"og:image\" content=\"https:\/\/d2p6e6u75xmxt8.cloudfront.net\/5\/2017\/09\/21330763_10212059674759848_520360178_o-Medium.jpg\" \/>\n\t<meta property=\"og:image:width\" content=\"1024\" \/>\n\t<meta property=\"og:image:height\" content=\"768\" \/>\n\t<meta property=\"og:image:type\" content=\"image\/jpeg\" \/>\n<meta name=\"author\" content=\"piotrboczkowski\" \/>\n<meta name=\"twitter:card\" content=\"summary_large_image\" \/>\n<meta name=\"twitter:label1\" content=\"Written by\" \/>\n\t<meta name=\"twitter:data1\" content=\"WeLoveCycling\" \/>\n\t<meta name=\"twitter:label2\" content=\"Est. reading time\" \/>\n\t<meta name=\"twitter:data2\" content=\"1 minute\" \/>\n<script type=\"application\/ld+json\" class=\"yoast-schema-graph\">{\"@context\":\"https:\/\/schema.org\",\"@graph\":[{\"@type\":\"WebPage\",\"@id\":\"https:\/\/www.welovecycling.com\/pl\/2017\/09\/06\/rower-fitday-skoda-lellek-kozle\/\",\"url\":\"https:\/\/www.welovecycling.com\/pl\/2017\/09\/06\/rower-fitday-skoda-lellek-kozle\/\",\"name\":\"Nie tylko rower: FitDAY w \u0160koda LELLEK Ko\u017ale - \u0160koda We Love Cycling - Poland\",\"isPartOf\":{\"@id\":\"https:\/\/www.welovecycling.com\/pl\/#website\"},\"primaryImageOfPage\":{\"@id\":\"https:\/\/www.welovecycling.com\/pl\/2017\/09\/06\/rower-fitday-skoda-lellek-kozle\/#primaryimage\"},\"image\":{\"@id\":\"https:\/\/www.welovecycling.com\/pl\/2017\/09\/06\/rower-fitday-skoda-lellek-kozle\/#primaryimage\"},\"thumbnailUrl\":\"https:\/\/d2p6e6u75xmxt8.cloudfront.net\/5\/2017\/09\/21330763_10212059674759848_520360178_o-Medium.jpg\",\"datePublished\":\"2017-09-06T11:46:49+00:00\",\"dateModified\":\"2017-10-01T11:20:36+00:00\",\"author\":{\"@id\":\"https:\/\/www.welovecycling.com\/pl\/#\/schema\/person\/0dba2d39da943db9df3fd8f4687e7f23\"},\"breadcrumb\":{\"@id\":\"https:\/\/www.welovecycling.com\/pl\/2017\/09\/06\/rower-fitday-skoda-lellek-kozle\/#breadcrumb\"},\"inLanguage\":\"pl-PL\",\"potentialAction\":[{\"@type\":\"ReadAction\",\"target\":[\"https:\/\/www.welovecycling.com\/pl\/2017\/09\/06\/rower-fitday-skoda-lellek-kozle\/\"]}]},{\"@type\":\"ImageObject\",\"inLanguage\":\"pl-PL\",\"@id\":\"https:\/\/www.welovecycling.com\/pl\/2017\/09\/06\/rower-fitday-skoda-lellek-kozle\/#primaryimage\",\"url\":\"https:\/\/d2p6e6u75xmxt8.cloudfront.net\/5\/2017\/09\/21330763_10212059674759848_520360178_o-Medium.jpg\",\"contentUrl\":\"https:\/\/d2p6e6u75xmxt8.cloudfront.net\/5\/2017\/09\/21330763_10212059674759848_520360178_o-Medium.jpg\",\"width\":1024,\"height\":768},{\"@type\":\"BreadcrumbList\",\"@id\":\"https:\/\/www.welovecycling.com\/pl\/2017\/09\/06\/rower-fitday-skoda-lellek-kozle\/#breadcrumb\",\"itemListElement\":[{\"@type\":\"ListItem\",\"position\":1,\"name\":\"Home\",\"item\":\"https:\/\/www.welovecycling.com\/pl\/\"},{\"@type\":\"ListItem\",\"position\":2,\"name\":\"Nie tylko rower: FitDAY w \u0160koda LELLEK Ko\u017ale\"}]},{\"@type\":\"WebSite\",\"@id\":\"https:\/\/www.welovecycling.com\/pl\/#website\",\"url\":\"https:\/\/www.welovecycling.com\/pl\/\",\"name\":\"\u0160koda We Love Cycling - Poland\",\"description\":\"\",\"potentialAction\":[{\"@type\":\"SearchAction\",\"target\":{\"@type\":\"EntryPoint\",\"urlTemplate\":\"https:\/\/www.welovecycling.com\/pl\/?s={search_term_string}\"},\"query-input\":{\"@type\":\"PropertyValueSpecification\",\"valueRequired\":true,\"valueName\":\"search_term_string\"}}],\"inLanguage\":\"pl-PL\"},{\"@type\":\"Person\",\"@id\":\"https:\/\/www.welovecycling.com\/pl\/#\/schema\/person\/0dba2d39da943db9df3fd8f4687e7f23\",\"name\":\"piotrboczkowski\",\"image\":{\"@type\":\"ImageObject\",\"inLanguage\":\"pl-PL\",\"@id\":\"https:\/\/www.welovecycling.com\/pl\/#\/schema\/person\/image\/\",\"url\":\"https:\/\/secure.gravatar.com\/avatar\/533caccae14752e03a2ce2d3fd62d1b98b93e1393c3195c27819e53344ca1ace?s=96&d=mm&r=g\",\"contentUrl\":\"https:\/\/secure.gravatar.com\/avatar\/533caccae14752e03a2ce2d3fd62d1b98b93e1393c3195c27819e53344ca1ace?s=96&d=mm&r=g\",\"caption\":\"piotrboczkowski\"},\"url\":\"https:\/\/www.welovecycling.com\/pl\/author\/piotrboczkowski\/\"}]}<\/script>\n<!-- \/ Yoast SEO Premium plugin. -->","yoast_head_json":{"title":"Nie tylko rower: FitDAY w \u0160koda LELLEK Ko\u017ale - \u0160koda We Love Cycling - Poland","robots":{"index":"index","follow":"follow","max-snippet":"max-snippet:-1","max-image-preview":"max-image-preview:large","max-video-preview":"max-video-preview:-1"},"canonical":"https:\/\/www.welovecycling.com\/pl\/2017\/09\/06\/rower-fitday-skoda-lellek-kozle\/","og_locale":"pl_PL","og_type":"article","og_title":"Nie tylko rower: FitDAY w \u0160koda LELLEK Ko\u017ale","og_description":"W sobot\u0119 2 wrze\u015bnia wszyscy aktywni mieszka\u0144cy K\u0119dzierzyna-Ko\u017ala i okolic mieli okazj\u0119 sprawdzi\u0107 si\u0119 w wielu dyscyplinach sportowych, a to [&hellip;]","og_url":"https:\/\/www.welovecycling.com\/pl\/2017\/09\/06\/rower-fitday-skoda-lellek-kozle\/","og_site_name":"\u0160koda We Love Cycling - Poland","article_published_time":"2017-09-06T11:46:49+00:00","article_modified_time":"2017-10-01T11:20:36+00:00","og_image":[{"width":1024,"height":768,"url":"https:\/\/d2p6e6u75xmxt8.cloudfront.net\/5\/2017\/09\/21330763_10212059674759848_520360178_o-Medium.jpg","type":"image\/jpeg"}],"author":"piotrboczkowski","twitter_card":"summary_large_image","twitter_misc":{"Written by":"WeLoveCycling","Est. reading time":"1 minute"},"schema":{"@context":"https:\/\/schema.org","@graph":[{"@type":"WebPage","@id":"https:\/\/www.welovecycling.com\/pl\/2017\/09\/06\/rower-fitday-skoda-lellek-kozle\/","url":"https:\/\/www.welovecycling.com\/pl\/2017\/09\/06\/rower-fitday-skoda-lellek-kozle\/","name":"Nie tylko rower: FitDAY w \u0160koda LELLEK Ko\u017ale - \u0160koda We Love Cycling - Poland","isPartOf":{"@id":"https:\/\/www.welovecycling.com\/pl\/#website"},"primaryImageOfPage":{"@id":"https:\/\/www.welovecycling.com\/pl\/2017\/09\/06\/rower-fitday-skoda-lellek-kozle\/#primaryimage"},"image":{"@id":"https:\/\/www.welovecycling.com\/pl\/2017\/09\/06\/rower-fitday-skoda-lellek-kozle\/#primaryimage"},"thumbnailUrl":"https:\/\/d2p6e6u75xmxt8.cloudfront.net\/5\/2017\/09\/21330763_10212059674759848_520360178_o-Medium.jpg","datePublished":"2017-09-06T11:46:49+00:00","dateModified":"2017-10-01T11:20:36+00:00","author":{"@id":"https:\/\/www.welovecycling.com\/pl\/#\/schema\/person\/0dba2d39da943db9df3fd8f4687e7f23"},"breadcrumb":{"@id":"https:\/\/www.welovecycling.com\/pl\/2017\/09\/06\/rower-fitday-skoda-lellek-kozle\/#breadcrumb"},"inLanguage":"pl-PL","potentialAction":[{"@type":"ReadAction","target":["https:\/\/www.welovecycling.com\/pl\/2017\/09\/06\/rower-fitday-skoda-lellek-kozle\/"]}]},{"@type":"ImageObject","inLanguage":"pl-PL","@id":"https:\/\/www.welovecycling.com\/pl\/2017\/09\/06\/rower-fitday-skoda-lellek-kozle\/#primaryimage","url":"https:\/\/d2p6e6u75xmxt8.cloudfront.net\/5\/2017\/09\/21330763_10212059674759848_520360178_o-Medium.jpg","contentUrl":"https:\/\/d2p6e6u75xmxt8.cloudfront.net\/5\/2017\/09\/21330763_10212059674759848_520360178_o-Medium.jpg","width":1024,"height":768},{"@type":"BreadcrumbList","@id":"https:\/\/www.welovecycling.com\/pl\/2017\/09\/06\/rower-fitday-skoda-lellek-kozle\/#breadcrumb","itemListElement":[{"@type":"ListItem","position":1,"name":"Home","item":"https:\/\/www.welovecycling.com\/pl\/"},{"@type":"ListItem","position":2,"name":"Nie tylko rower: FitDAY w \u0160koda LELLEK Ko\u017ale"}]},{"@type":"WebSite","@id":"https:\/\/www.welovecycling.com\/pl\/#website","url":"https:\/\/www.welovecycling.com\/pl\/","name":"\u0160koda We Love Cycling - Poland","description":"","potentialAction":[{"@type":"SearchAction","target":{"@type":"EntryPoint","urlTemplate":"https:\/\/www.welovecycling.com\/pl\/?s={search_term_string}"},"query-input":{"@type":"PropertyValueSpecification","valueRequired":true,"valueName":"search_term_string"}}],"inLanguage":"pl-PL"},{"@type":"Person","@id":"https:\/\/www.welovecycling.com\/pl\/#\/schema\/person\/0dba2d39da943db9df3fd8f4687e7f23","name":"piotrboczkowski","image":{"@type":"ImageObject","inLanguage":"pl-PL","@id":"https:\/\/www.welovecycling.com\/pl\/#\/schema\/person\/image\/","url":"https:\/\/secure.gravatar.com\/avatar\/533caccae14752e03a2ce2d3fd62d1b98b93e1393c3195c27819e53344ca1ace?s=96&d=mm&r=g","contentUrl":"https:\/\/secure.gravatar.com\/avatar\/533caccae14752e03a2ce2d3fd62d1b98b93e1393c3195c27819e53344ca1ace?s=96&d=mm&r=g","caption":"piotrboczkowski"},"url":"https:\/\/www.welovecycling.com\/pl\/author\/piotrboczkowski\/"}]}},"_links":{"self":[{"href":"https:\/\/www.welovecycling.com\/pl\/wp-json\/wp\/v2\/posts\/5171","targetHints":{"allow":["GET"]}}],"collection":[{"href":"https:\/\/www.welovecycling.com\/pl\/wp-json\/wp\/v2\/posts"}],"about":[{"href":"https:\/\/www.welovecycling.com\/pl\/wp-json\/wp\/v2\/types\/post"}],"author":[{"embeddable":true,"href":"https:\/\/www.welovecycling.com\/pl\/wp-json\/wp\/v2\/users\/76"}],"replies":[{"embeddable":true,"href":"https:\/\/www.welovecycling.com\/pl\/wp-json\/wp\/v2\/comments?post=5171"}],"version-history":[{"count":2,"href":"https:\/\/www.welovecycling.com\/pl\/wp-json\/wp\/v2\/posts\/5171\/revisions"}],"predecessor-version":[{"id":5501,"href":"https:\/\/www.welovecycling.com\/pl\/wp-json\/wp\/v2\/posts\/5171\/revisions\/5501"}],"wp:featuredmedia":[{"embeddable":true,"href":"https:\/\/www.welovecycling.com\/pl\/wp-json\/wp\/v2\/media\/5172"}],"wp:attachment":[{"href":"https:\/\/www.welovecycling.com\/pl\/wp-json\/wp\/v2\/media?parent=5171"}],"wp:term":[{"taxonomy":"category","embeddable":true,"href":"https:\/\/www.welovecycling.com\/pl\/wp-json\/wp\/v2\/categories?post=5171"},{"taxonomy":"post_tag","embeddable":true,"href":"https:\/\/www.welovecycling.com\/pl\/wp-json\/wp\/v2\/tags?post=5171"},{"taxonomy":"global-categories","embeddable":true,"href":"https:\/\/www.welovecycling.com\/pl\/wp-json\/wp\/v2\/global-categories?post=5171"}],"curies":[{"name":"wp","href":"https:\/\/api.w.org\/{rel}","templated":true}]}}