{"id":5149,"date":"2017-09-04T19:20:42","date_gmt":"2017-09-04T19:20:42","guid":{"rendered":"https:\/\/www.welovecycling.com\/pl\/?p=5149"},"modified":"2017-10-01T11:21:51","modified_gmt":"2017-10-01T11:21:51","slug":"brawo-brawo-brawo-takiego-sukcesu-polskie-kolarstwo-jeszcze-swietowalo","status":"publish","type":"post","link":"https:\/\/www.welovecycling.com\/pl\/2017\/09\/04\/brawo-brawo-brawo-takiego-sukcesu-polskie-kolarstwo-jeszcze-swietowalo\/","title":{"rendered":"Brawo, brawo, brawo! Takiego sukcesu polskie kolarstwo jeszcze nie \u015bwi\u0119towa\u0142o!"},"content":{"rendered":"<p>Szanowni Pa\u0144stwo, historia dzieje si\u0119 na naszych oczach! \u201ePolskie kolarstwo to ju\u017c pot\u0119\u017cna si\u0142a\u201d \u2013 napisali\u015bmy raptem 10 dni temu, gdy etap Vuelta a Espa\u00f1a wygra\u0142 Tomasz Marczy\u0144ski. Teraz jego sukces powt\u00f3rzy\u0142 \u00a0Rafa\u0142 Majka i tym samym po raz pierwszy w historii (!) dw\u00f3ch Polak\u00f3w triumfowa\u0142o na tym samym wielkim tourze!<\/p>\n<p>\u201eTo jest polski festiwal na Vuelcie\u201d \u2013 emocjonowali si\u0119 brytyjscy komentatorzy Eurosportu, tym samym oznajmiaj\u0105c to ca\u0142emu \u015bwiatu. Nie ma w tym jednak ani grama przesady, w ko\u0144cu Marczy\u0144ski wygra\u0142 dwa etapy, w sobot\u0119 Majka do\u0142o\u017cy\u0142 kolejne zwyci\u0119stwo, a do tego by\u0142y jeszcze dwa drugie miejsca Paw\u0142a Polja\u0144skiego! S\u0142owem \u2013 Polacy w Hiszpanii s\u0105 jak torreador, kt\u00f3ry nie boi si\u0119 postawi\u0107 najpot\u0119\u017cniejszemu przeciwnikowi.<\/p>\n<p><strong>Smak szampana<\/strong><\/p>\n<p>Jest tak dobrze, a zarazem tak weso\u0142o, \u017ce na kolacji zwyci\u0119zc\u00f3w Majka pozwoli\u0142 sobie nawet na uszczypliwo\u015b\u0107 w kierunku Polja\u0144skiego.<\/p>\n<p>&#8211; W tegorocznym wy\u015bcigu nie mieli\u015bmy dobrego startu. Zajmowali\u015bmy drugie i trzecie miejsca, o czym doskonale wie &#8222;Zebra&#8221; \u2013 Majka wskaza\u0142 na Polja\u0144skiego, co rozbawi\u0142o ca\u0142\u0105 dru\u017cyn\u0119 Bora-Hansgrohe.<\/p>\n<p>Chwil\u0119 p\u00f3\u017aniej Polak rozla\u0142 szampana i w ko\u0144cu m\u00f3g\u0142 poczu\u0107 si\u0119 jak zwyci\u0119zca. W tym roku szampan to zdecydowanie smak polskich kolarzy, ale jednak nie do ko\u0144ca samego Majki.<\/p>\n<p>Sportowiec z Zegartowic ma bowiem sporego pecha. Na Tour de France by\u0142 liderem zespo\u0142u, ale zaliczy\u0142 upadek, mocno si\u0119 poobija\u0142 i musia\u0142 zrezygnowa\u0107 z najbardziej presti\u017cowego wy\u015bcigu \u015bwiata. Prze\u0142amanie mia\u0142o przyj\u015b\u0107 na Tour de Pologne, ale do zwyci\u0119stwa zabrak\u0142o mu\u2026 dw\u00f3ch sekund. Ma\u0142o tego pecha? No to przypomnijcie sobie, \u017ce na samym pocz\u0105tku Vuelty Majk\u0119 dopad\u0142y problemy \u017co\u0142\u0105dkowe. By\u0142y na tyle powa\u017cne, \u017ce Polak ju\u017c pakowa\u0142 si\u0119 do domu, ale jednak postanowi\u0142 zosta\u0107. I okaza\u0142o si\u0119 to \u015bwietn\u0105 decyzj\u0105.<\/p>\n<p><strong>Forma na medal mistrzostw \u015bwiata<\/strong><\/p>\n<p>&#8211; Teraz w ko\u0144cu czuj\u0119 si\u0119 naprawd\u0119 dobrze i jestem szcz\u0119\u015bliwy. Koledzy wykonali dla mnie \u015bwietn\u0105 prac\u0119 i bardzo im dzi\u0119kuj\u0119. Mam motywacj\u0119, to samo czuj\u0105 chyba moje nogi\u2026 Na Vuelcie pozosta\u0142 nam tydzie\u0144 \u015bcigania, wi\u0119c powalcz\u0119 jeszcze o jak\u0105\u015b wygran\u0105 \u2013 zapewnia Majka, kt\u00f3ry dzi\u0119ki wygranej w wy\u015bcigu dooko\u0142a Hiszpanii r\u00f3wnie\u017c przeszed\u0142 do historii \u2013 zosta\u0142 pierwszym Polakiem, kt\u00f3ry wygra\u0142 etap dw\u00f3ch wielkich tour\u00f3w (wcze\u015bniej zwyci\u0119\u017ca\u0142 na Tour de France \u2013 dwukrotnie w 2014 r. i raz w 2015 r.).<\/p>\n<p>To \u015bwietny prognostyk przed zbli\u017caj\u0105cymi si\u0119 mistrzostwami \u015bwiata w Norwegii (17-24 wrze\u015bnia). Tam co prawda liderem polskiego zespo\u0142u w wy\u015bcigu ze startu wsp\u00f3lnego b\u0119dzie Micha\u0142 Kwiatkowski, ale pomoc koleg\u00f3w b\u0119dzie dla niego na wag\u0119 z\u0142ota. Jedno jest pewne &#8211; z tak\u0105 form\u0105 Polacy celuj\u0105 w medale!<\/p>\n<p>Tymczasem, przynajmniej do niedzieli, kibice kolarstwa b\u0119d\u0105 emocjonowali si\u0119 Vuelta a Espa\u00f1a. W wy\u015bcigu, kt\u00f3ry jest sponsorowany przez \u0160KOD\u0118, prowadzi Chris Froome. Brytyjczyk r\u00f3wnie\u017c znajduje si\u0119 w \u015bwietnej formie, bo przecie\u017c niespe\u0142na miesi\u0105c temu triumfowa\u0142 na Tour de France!<\/p>\n<p>&nbsp;<\/p>\n<p><strong>Klasyfikacja generalna Vuelta a Espa\u00f1a:<\/strong><\/p>\n<ol>\n<li>Chris Froome<\/li>\n<li>Vincenzo Nibali, W\u0142ochy +1:01<\/li>\n<li>Ilnur Zakarin, Rosja +02:08<\/li>\n<\/ol>\n<p>&nbsp;<\/p>\n<p><iframe loading=\"lazy\" src=\"\/\/www.dailymotion.com\/embed\/video\/x5z7mgx\" width=\"720\" height=\"480\" frameborder=\"0\" allowfullscreen=\"allowfullscreen\"><\/iframe><\/p>\n<p>(\u017ar\u00f3d\u0142o zdj\u0119\u0107: www.letour.fr \u00a9 Unipublic\/Photogomez Sport)<\/p>\n","protected":false},"excerpt":{"rendered":"<p>Szanowni Pa\u0144stwo, historia dzieje si\u0119 na naszych oczach! \u201ePolskie kolarstwo to ju\u017c pot\u0119\u017cna si\u0142a\u201d \u2013 napisali\u015bmy raptem 10 dni temu, [&hellip;]<\/p>\n","protected":false},"author":76,"featured_media":5150,"comment_status":"open","ping_status":"open","sticky":false,"template":"","format":"standard","meta":{"footnotes":""},"categories":[6],"tags":[151,202],"global-categories":[],"class_list":["post-5149","post","type-post","status-publish","format-standard","has-post-thumbnail","hentry","category-kolarstwo-szosowe","tag-kolarstwo-szosowe","tag-vuelta-a-espana"],"yoast_head":"<!-- This site is optimized with the Yoast SEO Premium plugin v25.3 (Yoast SEO v25.9) - https:\/\/yoast.com\/wordpress\/plugins\/seo\/ -->\n<title>Brawo, brawo, brawo! Takiego sukcesu polskie kolarstwo jeszcze nie \u015bwi\u0119towa\u0142o! - \u0160koda We Love Cycling - Poland<\/title>\n<meta name=\"robots\" content=\"index, follow, max-snippet:-1, max-image-preview:large, max-video-preview:-1\" \/>\n<link rel=\"canonical\" href=\"https:\/\/www.welovecycling.com\/pl\/2017\/09\/04\/brawo-brawo-brawo-takiego-sukcesu-polskie-kolarstwo-jeszcze-swietowalo\/\" \/>\n<meta property=\"og:locale\" content=\"pl_PL\" \/>\n<meta property=\"og:type\" content=\"article\" \/>\n<meta property=\"og:title\" content=\"Brawo, brawo, brawo! Takiego sukcesu polskie kolarstwo jeszcze nie \u015bwi\u0119towa\u0142o!\" \/>\n<meta property=\"og:description\" content=\"Szanowni Pa\u0144stwo, historia dzieje si\u0119 na naszych oczach! \u201ePolskie kolarstwo to ju\u017c pot\u0119\u017cna si\u0142a\u201d \u2013 napisali\u015bmy raptem 10 dni temu, [&hellip;]\" \/>\n<meta property=\"og:url\" content=\"https:\/\/www.welovecycling.com\/pl\/2017\/09\/04\/brawo-brawo-brawo-takiego-sukcesu-polskie-kolarstwo-jeszcze-swietowalo\/\" \/>\n<meta property=\"og:site_name\" content=\"\u0160koda We Love Cycling - Poland\" \/>\n<meta property=\"article:published_time\" content=\"2017-09-04T19:20:42+00:00\" \/>\n<meta property=\"article:modified_time\" content=\"2017-10-01T11:21:51+00:00\" \/>\n<meta property=\"og:image\" content=\"https:\/\/d2p6e6u75xmxt8.cloudfront.net\/5\/2017\/09\/20170902104_15ETAPA034.jpg\" \/>\n\t<meta property=\"og:image:width\" content=\"1000\" \/>\n\t<meta property=\"og:image:height\" content=\"666\" \/>\n\t<meta property=\"og:image:type\" content=\"image\/jpeg\" \/>\n<meta name=\"author\" content=\"piotrboczkowski\" \/>\n<meta name=\"twitter:card\" content=\"summary_large_image\" \/>\n<meta name=\"twitter:label1\" content=\"Written by\" \/>\n\t<meta name=\"twitter:data1\" content=\"WeLoveCycling\" \/>\n\t<meta name=\"twitter:label2\" content=\"Est. reading time\" \/>\n\t<meta name=\"twitter:data2\" content=\"3 minutes\" \/>\n<script type=\"application\/ld+json\" class=\"yoast-schema-graph\">{\"@context\":\"https:\/\/schema.org\",\"@graph\":[{\"@type\":\"WebPage\",\"@id\":\"https:\/\/www.welovecycling.com\/pl\/2017\/09\/04\/brawo-brawo-brawo-takiego-sukcesu-polskie-kolarstwo-jeszcze-swietowalo\/\",\"url\":\"https:\/\/www.welovecycling.com\/pl\/2017\/09\/04\/brawo-brawo-brawo-takiego-sukcesu-polskie-kolarstwo-jeszcze-swietowalo\/\",\"name\":\"Brawo, brawo, brawo! Takiego sukcesu polskie kolarstwo jeszcze nie \u015bwi\u0119towa\u0142o! - \u0160koda We Love Cycling - Poland\",\"isPartOf\":{\"@id\":\"https:\/\/www.welovecycling.com\/pl\/#website\"},\"primaryImageOfPage\":{\"@id\":\"https:\/\/www.welovecycling.com\/pl\/2017\/09\/04\/brawo-brawo-brawo-takiego-sukcesu-polskie-kolarstwo-jeszcze-swietowalo\/#primaryimage\"},\"image\":{\"@id\":\"https:\/\/www.welovecycling.com\/pl\/2017\/09\/04\/brawo-brawo-brawo-takiego-sukcesu-polskie-kolarstwo-jeszcze-swietowalo\/#primaryimage\"},\"thumbnailUrl\":\"https:\/\/d2p6e6u75xmxt8.cloudfront.net\/5\/2017\/09\/20170902104_15ETAPA034.jpg\",\"datePublished\":\"2017-09-04T19:20:42+00:00\",\"dateModified\":\"2017-10-01T11:21:51+00:00\",\"author\":{\"@id\":\"https:\/\/www.welovecycling.com\/pl\/#\/schema\/person\/0dba2d39da943db9df3fd8f4687e7f23\"},\"breadcrumb\":{\"@id\":\"https:\/\/www.welovecycling.com\/pl\/2017\/09\/04\/brawo-brawo-brawo-takiego-sukcesu-polskie-kolarstwo-jeszcze-swietowalo\/#breadcrumb\"},\"inLanguage\":\"pl-PL\",\"potentialAction\":[{\"@type\":\"ReadAction\",\"target\":[\"https:\/\/www.welovecycling.com\/pl\/2017\/09\/04\/brawo-brawo-brawo-takiego-sukcesu-polskie-kolarstwo-jeszcze-swietowalo\/\"]}]},{\"@type\":\"ImageObject\",\"inLanguage\":\"pl-PL\",\"@id\":\"https:\/\/www.welovecycling.com\/pl\/2017\/09\/04\/brawo-brawo-brawo-takiego-sukcesu-polskie-kolarstwo-jeszcze-swietowalo\/#primaryimage\",\"url\":\"https:\/\/d2p6e6u75xmxt8.cloudfront.net\/5\/2017\/09\/20170902104_15ETAPA034.jpg\",\"contentUrl\":\"https:\/\/d2p6e6u75xmxt8.cloudfront.net\/5\/2017\/09\/20170902104_15ETAPA034.jpg\",\"width\":1000,\"height\":666,\"caption\":\"Vuelta Espa\u00f1a 2017;15\u00aa Etapa ;Ecija-Alto de La Pandera\"},{\"@type\":\"BreadcrumbList\",\"@id\":\"https:\/\/www.welovecycling.com\/pl\/2017\/09\/04\/brawo-brawo-brawo-takiego-sukcesu-polskie-kolarstwo-jeszcze-swietowalo\/#breadcrumb\",\"itemListElement\":[{\"@type\":\"ListItem\",\"position\":1,\"name\":\"Home\",\"item\":\"https:\/\/www.welovecycling.com\/pl\/\"},{\"@type\":\"ListItem\",\"position\":2,\"name\":\"Brawo, brawo, brawo! Takiego sukcesu polskie kolarstwo jeszcze nie \u015bwi\u0119towa\u0142o!\"}]},{\"@type\":\"WebSite\",\"@id\":\"https:\/\/www.welovecycling.com\/pl\/#website\",\"url\":\"https:\/\/www.welovecycling.com\/pl\/\",\"name\":\"\u0160koda We Love Cycling - Poland\",\"description\":\"\",\"potentialAction\":[{\"@type\":\"SearchAction\",\"target\":{\"@type\":\"EntryPoint\",\"urlTemplate\":\"https:\/\/www.welovecycling.com\/pl\/?s={search_term_string}\"},\"query-input\":{\"@type\":\"PropertyValueSpecification\",\"valueRequired\":true,\"valueName\":\"search_term_string\"}}],\"inLanguage\":\"pl-PL\"},{\"@type\":\"Person\",\"@id\":\"https:\/\/www.welovecycling.com\/pl\/#\/schema\/person\/0dba2d39da943db9df3fd8f4687e7f23\",\"name\":\"piotrboczkowski\",\"image\":{\"@type\":\"ImageObject\",\"inLanguage\":\"pl-PL\",\"@id\":\"https:\/\/www.welovecycling.com\/pl\/#\/schema\/person\/image\/\",\"url\":\"https:\/\/secure.gravatar.com\/avatar\/533caccae14752e03a2ce2d3fd62d1b98b93e1393c3195c27819e53344ca1ace?s=96&d=mm&r=g\",\"contentUrl\":\"https:\/\/secure.gravatar.com\/avatar\/533caccae14752e03a2ce2d3fd62d1b98b93e1393c3195c27819e53344ca1ace?s=96&d=mm&r=g\",\"caption\":\"piotrboczkowski\"},\"url\":\"https:\/\/www.welovecycling.com\/pl\/author\/piotrboczkowski\/\"}]}<\/script>\n<!-- \/ Yoast SEO Premium plugin. -->","yoast_head_json":{"title":"Brawo, brawo, brawo! Takiego sukcesu polskie kolarstwo jeszcze nie \u015bwi\u0119towa\u0142o! - \u0160koda We Love Cycling - Poland","robots":{"index":"index","follow":"follow","max-snippet":"max-snippet:-1","max-image-preview":"max-image-preview:large","max-video-preview":"max-video-preview:-1"},"canonical":"https:\/\/www.welovecycling.com\/pl\/2017\/09\/04\/brawo-brawo-brawo-takiego-sukcesu-polskie-kolarstwo-jeszcze-swietowalo\/","og_locale":"pl_PL","og_type":"article","og_title":"Brawo, brawo, brawo! Takiego sukcesu polskie kolarstwo jeszcze nie \u015bwi\u0119towa\u0142o!","og_description":"Szanowni Pa\u0144stwo, historia dzieje si\u0119 na naszych oczach! \u201ePolskie kolarstwo to ju\u017c pot\u0119\u017cna si\u0142a\u201d \u2013 napisali\u015bmy raptem 10 dni temu, [&hellip;]","og_url":"https:\/\/www.welovecycling.com\/pl\/2017\/09\/04\/brawo-brawo-brawo-takiego-sukcesu-polskie-kolarstwo-jeszcze-swietowalo\/","og_site_name":"\u0160koda We Love Cycling - Poland","article_published_time":"2017-09-04T19:20:42+00:00","article_modified_time":"2017-10-01T11:21:51+00:00","og_image":[{"width":1000,"height":666,"url":"https:\/\/d2p6e6u75xmxt8.cloudfront.net\/5\/2017\/09\/20170902104_15ETAPA034.jpg","type":"image\/jpeg"}],"author":"piotrboczkowski","twitter_card":"summary_large_image","twitter_misc":{"Written by":"WeLoveCycling","Est. reading time":"3 minutes"},"schema":{"@context":"https:\/\/schema.org","@graph":[{"@type":"WebPage","@id":"https:\/\/www.welovecycling.com\/pl\/2017\/09\/04\/brawo-brawo-brawo-takiego-sukcesu-polskie-kolarstwo-jeszcze-swietowalo\/","url":"https:\/\/www.welovecycling.com\/pl\/2017\/09\/04\/brawo-brawo-brawo-takiego-sukcesu-polskie-kolarstwo-jeszcze-swietowalo\/","name":"Brawo, brawo, brawo! Takiego sukcesu polskie kolarstwo jeszcze nie \u015bwi\u0119towa\u0142o! - \u0160koda We Love Cycling - Poland","isPartOf":{"@id":"https:\/\/www.welovecycling.com\/pl\/#website"},"primaryImageOfPage":{"@id":"https:\/\/www.welovecycling.com\/pl\/2017\/09\/04\/brawo-brawo-brawo-takiego-sukcesu-polskie-kolarstwo-jeszcze-swietowalo\/#primaryimage"},"image":{"@id":"https:\/\/www.welovecycling.com\/pl\/2017\/09\/04\/brawo-brawo-brawo-takiego-sukcesu-polskie-kolarstwo-jeszcze-swietowalo\/#primaryimage"},"thumbnailUrl":"https:\/\/d2p6e6u75xmxt8.cloudfront.net\/5\/2017\/09\/20170902104_15ETAPA034.jpg","datePublished":"2017-09-04T19:20:42+00:00","dateModified":"2017-10-01T11:21:51+00:00","author":{"@id":"https:\/\/www.welovecycling.com\/pl\/#\/schema\/person\/0dba2d39da943db9df3fd8f4687e7f23"},"breadcrumb":{"@id":"https:\/\/www.welovecycling.com\/pl\/2017\/09\/04\/brawo-brawo-brawo-takiego-sukcesu-polskie-kolarstwo-jeszcze-swietowalo\/#breadcrumb"},"inLanguage":"pl-PL","potentialAction":[{"@type":"ReadAction","target":["https:\/\/www.welovecycling.com\/pl\/2017\/09\/04\/brawo-brawo-brawo-takiego-sukcesu-polskie-kolarstwo-jeszcze-swietowalo\/"]}]},{"@type":"ImageObject","inLanguage":"pl-PL","@id":"https:\/\/www.welovecycling.com\/pl\/2017\/09\/04\/brawo-brawo-brawo-takiego-sukcesu-polskie-kolarstwo-jeszcze-swietowalo\/#primaryimage","url":"https:\/\/d2p6e6u75xmxt8.cloudfront.net\/5\/2017\/09\/20170902104_15ETAPA034.jpg","contentUrl":"https:\/\/d2p6e6u75xmxt8.cloudfront.net\/5\/2017\/09\/20170902104_15ETAPA034.jpg","width":1000,"height":666,"caption":"Vuelta Espa\u00f1a 2017;15\u00aa Etapa ;Ecija-Alto de La Pandera"},{"@type":"BreadcrumbList","@id":"https:\/\/www.welovecycling.com\/pl\/2017\/09\/04\/brawo-brawo-brawo-takiego-sukcesu-polskie-kolarstwo-jeszcze-swietowalo\/#breadcrumb","itemListElement":[{"@type":"ListItem","position":1,"name":"Home","item":"https:\/\/www.welovecycling.com\/pl\/"},{"@type":"ListItem","position":2,"name":"Brawo, brawo, brawo! Takiego sukcesu polskie kolarstwo jeszcze nie \u015bwi\u0119towa\u0142o!"}]},{"@type":"WebSite","@id":"https:\/\/www.welovecycling.com\/pl\/#website","url":"https:\/\/www.welovecycling.com\/pl\/","name":"\u0160koda We Love Cycling - Poland","description":"","potentialAction":[{"@type":"SearchAction","target":{"@type":"EntryPoint","urlTemplate":"https:\/\/www.welovecycling.com\/pl\/?s={search_term_string}"},"query-input":{"@type":"PropertyValueSpecification","valueRequired":true,"valueName":"search_term_string"}}],"inLanguage":"pl-PL"},{"@type":"Person","@id":"https:\/\/www.welovecycling.com\/pl\/#\/schema\/person\/0dba2d39da943db9df3fd8f4687e7f23","name":"piotrboczkowski","image":{"@type":"ImageObject","inLanguage":"pl-PL","@id":"https:\/\/www.welovecycling.com\/pl\/#\/schema\/person\/image\/","url":"https:\/\/secure.gravatar.com\/avatar\/533caccae14752e03a2ce2d3fd62d1b98b93e1393c3195c27819e53344ca1ace?s=96&d=mm&r=g","contentUrl":"https:\/\/secure.gravatar.com\/avatar\/533caccae14752e03a2ce2d3fd62d1b98b93e1393c3195c27819e53344ca1ace?s=96&d=mm&r=g","caption":"piotrboczkowski"},"url":"https:\/\/www.welovecycling.com\/pl\/author\/piotrboczkowski\/"}]}},"_links":{"self":[{"href":"https:\/\/www.welovecycling.com\/pl\/wp-json\/wp\/v2\/posts\/5149","targetHints":{"allow":["GET"]}}],"collection":[{"href":"https:\/\/www.welovecycling.com\/pl\/wp-json\/wp\/v2\/posts"}],"about":[{"href":"https:\/\/www.welovecycling.com\/pl\/wp-json\/wp\/v2\/types\/post"}],"author":[{"embeddable":true,"href":"https:\/\/www.welovecycling.com\/pl\/wp-json\/wp\/v2\/users\/76"}],"replies":[{"embeddable":true,"href":"https:\/\/www.welovecycling.com\/pl\/wp-json\/wp\/v2\/comments?post=5149"}],"version-history":[{"count":2,"href":"https:\/\/www.welovecycling.com\/pl\/wp-json\/wp\/v2\/posts\/5149\/revisions"}],"predecessor-version":[{"id":5502,"href":"https:\/\/www.welovecycling.com\/pl\/wp-json\/wp\/v2\/posts\/5149\/revisions\/5502"}],"wp:featuredmedia":[{"embeddable":true,"href":"https:\/\/www.welovecycling.com\/pl\/wp-json\/wp\/v2\/media\/5150"}],"wp:attachment":[{"href":"https:\/\/www.welovecycling.com\/pl\/wp-json\/wp\/v2\/media?parent=5149"}],"wp:term":[{"taxonomy":"category","embeddable":true,"href":"https:\/\/www.welovecycling.com\/pl\/wp-json\/wp\/v2\/categories?post=5149"},{"taxonomy":"post_tag","embeddable":true,"href":"https:\/\/www.welovecycling.com\/pl\/wp-json\/wp\/v2\/tags?post=5149"},{"taxonomy":"global-categories","embeddable":true,"href":"https:\/\/www.welovecycling.com\/pl\/wp-json\/wp\/v2\/global-categories?post=5149"}],"curies":[{"name":"wp","href":"https:\/\/api.w.org\/{rel}","templated":true}]}}