{"id":5142,"date":"2017-09-01T12:45:20","date_gmt":"2017-09-01T12:45:20","guid":{"rendered":"https:\/\/www.welovecycling.com\/pl\/?p=5142"},"modified":"2017-09-05T12:43:43","modified_gmt":"2017-09-05T12:43:43","slug":"wielka-wygrana-polaka-spelnil-marzenie-dziecinstwa-choc-jeszcze-temu","status":"publish","type":"post","link":"https:\/\/www.welovecycling.com\/pl\/2017\/09\/01\/wielka-wygrana-polaka-spelnil-marzenie-dziecinstwa-choc-jeszcze-temu\/","title":{"rendered":"Wielka wygrana Polaka! Spe\u0142ni\u0142 marzenie z dzieci\u0144stwa, cho\u0107 jeszcze rok temu\u2026"},"content":{"rendered":"<p><b><\/b><span style=\"font-weight: 400;\">Tylko szczerze! R\u0119ka do g\u00f3ry, kto przed Vuelta a Espa\u00f1a zna\u0142 Tomasz Marczy\u0144skiego? Nie kojarzy\u0142, ale zna\u0142 i wierzy\u0142, \u017ce jest on w stanie jeszcze zamiesza\u0107 na wielkim tourze. Opuszczacie r\u0119ce? \u017baden wstyd, bo 33-latek z Wieliczki szokuje ca\u0142y kolarski \u015bwiat &#8211; w czwartek wygra\u0142 drugi etap Vuelta a Espa\u00f1a! I to rok po tym, gdy stoczy\u0142 jedn\u0105 z najci\u0119\u017cszych walk w swoim \u017cyciu\u2026<\/span><!--more--><\/p>\n<p><span style=\"font-weight: 400;\">Nie zamierzamy robi\u0107 z Marczy\u0144skiego kolarza anonimowego. W ko\u0144cu od blisko 20 lat reprezentuje powa\u017cne teamy, ma na koncie cztery mistrzostwa Polski i wyst\u0119p na Igrzyskach Olimpijskich w Pekinie. Sp\u00f3jrzcie jednak na liczby \u015bwiadcz\u0105ce o popularno\u015bci. <\/span><\/p>\n<p><span style=\"font-weight: 400;\">Profil Micha\u0142a Kwiatkowskiego na Facebooku \u2013 208 tys. obserwuj\u0105cych, Rafa\u0142a Majki \u2013 120 tys., Paw\u0142a Polja\u0144skiego \u2013 32 tys., Macieja Bodnara &#8211; 30 tys. A Marczy\u0144ski? 10 tys. i wcale by\u015bmy si\u0119 nie zdziwili, gdyby ta liczba p\u0119k\u0142a w\u0142a\u015bnie dzi\u0119ki zwyci\u0119stwom na Vuelta a Espa\u00f1a.<\/span><\/p>\n<p><span style=\"font-weight: 400;\">Ale to tym lepiej dla kolarstwa, kt\u00f3re uwielbia tak pi\u0119kne historie jak kariera Marczy\u0144skiego. Kariera, kt\u00f3r\u0105 niedawno mog\u0142a zniszczy\u0107 tajemnicza choroba.<\/span><\/p>\n<p><b>Przeprowadzki wpisane w DNA<\/b><\/p>\n<p><span style=\"font-weight: 400;\">Marczy\u0144ski zaczyna\u0142 w Krakusie Swoszowice, kt\u00f3rego wychowankiem jest tak\u017ce Majka. P\u00f3\u017aniej by\u0142a przeprowadzka do dalekiego Torunia, ale szybko si\u0119 okaza\u0142o, \u017ce zmiany miejsc zamieszkania Marczy\u0144ski ma wpisane w DNA. <\/span><\/p>\n<p><span style=\"font-weight: 400;\">Jeszcze jako nastolatek przeni\u00f3s\u0142 si\u0119 do w\u0142oskiej grupy GS Valdarno. P\u00f3\u017aniej by\u0142 powr\u00f3t do Polski, a nast\u0119pnie teamy z: Turcji, W\u0142och, Irlandii, San Marino, Holandii, ponownie Turcji, a dzi\u015b je\u017adzi w belgijskim Lotto Soudal, jednak na co dzie\u0144 mieszka\u2026 w Hiszpanii.<\/span><\/p>\n<p><span style=\"font-weight: 400;\">I ju\u017c nie raz wydawa\u0142o si\u0119, \u017ce dany team mo\u017ce by\u0107 dla niego ostatnim w karierze. W 2013 r. mia\u0142 powa\u017cny upadek, po kt\u00f3rym wielki kolarski \u015bwiat odwr\u00f3ci\u0142 si\u0119 do niego plecami. W ko\u0144cu jednak stan\u0105\u0142 na nogi (a raczej nacisn\u0105\u0142 na peda\u0142y) i zn\u00f3w zacz\u0105\u0142 si\u0119 pi\u0105\u0107 w sportowej hierarchii.<\/span><\/p>\n<p><span style=\"font-weight: 400;\">Kolejny do\u0142ek przyszed\u0142 w zesz\u0142ym roku. Nie chodzi\u0142o o form\u0119, z\u0142e treningi czy zniech\u0119cenie. Bo Marczy\u0144ski bardzo chcia\u0142 mocno kr\u0119ci\u0107, ale nie m\u00f3g\u0142. Chcia\u0142 walczy\u0107 i rywalizowa\u0107 z najlepszymi, ale organizm krzycza\u0142: \u201enie!\u201d. Lekarze badali jego cia\u0142o centymetr po centymetrze, g\u0142owili si\u0119 nad jego problemem, ale na koniec wielu z nich by\u0142o bezradnych.<\/span><\/p>\n<p><b>Paso\u017cyt wystrzelony w kosmos<\/b><\/p>\n<p><span style=\"font-weight: 400;\">W ko\u0144cu jednak okaza\u0142o si\u0119, \u017ce nie chodzi o nieodpowiednie treningi czy wyeksploatowanie organizmu, ale o\u2026 toksoplazmoz\u0119, ci\u0119\u017ck\u0105 chorob\u0119 paso\u017cytnicz\u0105. Ma j\u0105 wiele os\u00f3b, ale u niewielu objawia si\u0119 tak paskudnie jak u Marczy\u0144skiego. Do organizmu kolarza prawdopodobnie dosta\u0142a si\u0119 poprzez zjedzenie surowego mi\u0119sa, cho\u0107 mog\u0142o si\u0119 to sta\u0107 tak\u017ce po kichni\u0119ciu osoby, kt\u00f3ra by\u0142a nosicielem.<\/span><\/p>\n<p><span style=\"font-weight: 400;\">Droga zara\u017cenia nie by\u0142a istotna, liczy\u0142a si\u0119 tylko walka. Ale nie z podjazdami i rywalami, lecz z paso\u017cytem. I Marczy\u0144ski t\u0119 walk\u0119 wygra\u0142. Nie, wygra\u0142 to ma\u0142o powiedziane \u2013 on paso\u017cyta zniszczy\u0142, unicestwi\u0142, wystrzeli\u0142 w kosmos. Bo jak inaczej wyt\u0142umaczy\u0107 fakt, \u017ce rok po tym wyczerpuj\u0105cym starciu wygrywa etapy wielkiego Vuelta a Espa\u00f1a?<\/span><\/p>\n<p><span style=\"font-weight: 400;\">Pierwszy triumf zanotowa\u0142 w sz\u00f3stym dniu \u015bcigania, a sukces powt\u00f3rzy\u0142 w czwartek, podczas 12. etapu. \u2013 To zwyci\u0119stwo jest jeszcze przyjemniejsze od wygranej sprzed kilku dni. <\/span><span style=\"font-weight: 400;\">Etap by\u0142 niesamowity. Od rana wiedzia\u0142em, \u017ce chc\u0119 spr\u00f3bowa\u0107 si\u0142. Pocz\u0105tek nie by\u0142 \u0142atwy, bo straci\u0142em sporo energii, gdy pr\u00f3bowa\u0142em uformowa\u0107 ucieczk\u0119. Do podn\u00f3\u017ca ostatniej wspinaczki jecha\u0142em spokojnie, a na niej postanowi\u0142em zobaczy\u0107, w jakiej formie s\u0105 pozostali, i zdecydowa\u0142em si\u0119 na odjazd. Od dziecka marzy\u0142em, by wygra\u0107 etap wielkiego touru na solo. Dzi\u015b marzenie si\u0119 spe\u0142ni\u0142o<\/span><span style=\"font-weight: 400;\"> \u2013 cieszy\u0142 si\u0119 Polak na mecie.<\/span><\/p>\n<p><span style=\"font-weight: 400;\">Czwarte miejsce na 12. etapie zaj\u0105\u0142 Pawe\u0142 Polja\u0144ski. W klasyfikacji generalnej Vuelta a Espa\u00f1a, kt\u00f3rej sponsorem jest \u0160koda, prowadzi Chris Froome.<\/span><\/p>\n<p><b>Wyniki 12. etapu Vuelta a Espa\u00f1a:<\/b><\/p>\n<ol>\n<li><span style=\"font-weight: 400;\"> Tomasz Marczy\u0144ski, Polska<\/span><\/li>\n<li><span style=\"font-weight: 400;\"> Matarranz Fraile, Hiszpania +52 sekundy<\/span><\/li>\n<li><span style=\"font-weight: 400;\"> Jos\u00e9 <span class=\"st\">Joaqu\u00edn <\/span>Rojas, Hiszpania +52 sekundy<br \/>\n<\/span><\/li>\n<li><span style=\"font-weight: 400;\"><span style=\"font-weight: 400;\"> Pawe\u0142 Polja\u0144ski, Polska +52 sekundy<\/span><\/span><\/li>\n<\/ol>\n<p><b>Klasyfikacja generalna<\/b><\/p>\n<ol>\n<li><span style=\"font-weight: 400;\">Chris Froome, Wlk. Brytania<\/span><\/li>\n<li><span style=\"font-weight: 400;\">Vincenzo Nibali, W\u0142ochy +59 sekund<\/span><\/li>\n<li><span style=\"font-weight: 400;\"><span style=\"font-weight: 400;\">Esteban Chaves Rubio, Kolumbia +2:13<\/span><\/span><\/li>\n<\/ol>\n<p>(\u017ar\u00f3d\u0142o zdj\u0119\u0107:\u00a0www.letour.fr \u00a9 Unipublic\/Photogomez Sport)<\/p>\n","protected":false},"excerpt":{"rendered":"<p>Tylko szczerze! R\u0119ka do g\u00f3ry, kto przed Vuelta a Espa\u00f1a zna\u0142 Tomasz Marczy\u0144skiego? Nie kojarzy\u0142, ale zna\u0142 i wierzy\u0142, \u017ce [&hellip;]<\/p>\n","protected":false},"author":76,"featured_media":5145,"comment_status":"open","ping_status":"open","sticky":false,"template":"","format":"standard","meta":{"footnotes":""},"categories":[6],"tags":[151,202,82],"global-categories":[],"class_list":["post-5142","post","type-post","status-publish","format-standard","has-post-thumbnail","hentry","category-kolarstwo-szosowe","tag-kolarstwo-szosowe","tag-vuelta-a-espana","tag-welovecycling"],"yoast_head":"<!-- This site is optimized with the Yoast SEO Premium plugin v25.3 (Yoast SEO v25.9) - https:\/\/yoast.com\/wordpress\/plugins\/seo\/ -->\n<title>Wielka wygrana Polaka! Spe\u0142ni\u0142 marzenie z dzieci\u0144stwa, cho\u0107 jeszcze rok temu\u2026 - \u0160koda We Love Cycling - Poland<\/title>\n<meta name=\"robots\" content=\"index, follow, max-snippet:-1, max-image-preview:large, max-video-preview:-1\" \/>\n<link rel=\"canonical\" href=\"https:\/\/www.welovecycling.com\/pl\/2017\/09\/01\/wielka-wygrana-polaka-spelnil-marzenie-dziecinstwa-choc-jeszcze-temu\/\" \/>\n<meta property=\"og:locale\" content=\"pl_PL\" \/>\n<meta property=\"og:type\" content=\"article\" \/>\n<meta property=\"og:title\" content=\"Wielka wygrana Polaka! Spe\u0142ni\u0142 marzenie z dzieci\u0144stwa, cho\u0107 jeszcze rok temu\u2026\" \/>\n<meta property=\"og:description\" content=\"Tylko szczerze! R\u0119ka do g\u00f3ry, kto przed Vuelta a Espa\u00f1a zna\u0142 Tomasz Marczy\u0144skiego? Nie kojarzy\u0142, ale zna\u0142 i wierzy\u0142, \u017ce [&hellip;]\" \/>\n<meta property=\"og:url\" content=\"https:\/\/www.welovecycling.com\/pl\/2017\/09\/01\/wielka-wygrana-polaka-spelnil-marzenie-dziecinstwa-choc-jeszcze-temu\/\" \/>\n<meta property=\"og:site_name\" content=\"\u0160koda We Love Cycling - Poland\" \/>\n<meta property=\"article:published_time\" content=\"2017-09-01T12:45:20+00:00\" \/>\n<meta property=\"article:modified_time\" content=\"2017-09-05T12:43:43+00:00\" \/>\n<meta property=\"og:image\" content=\"https:\/\/d2p6e6u75xmxt8.cloudfront.net\/5\/2017\/09\/2017083186_12ETAPA003.jpg\" \/>\n\t<meta property=\"og:image:width\" content=\"1000\" \/>\n\t<meta property=\"og:image:height\" content=\"666\" \/>\n\t<meta property=\"og:image:type\" content=\"image\/jpeg\" \/>\n<meta name=\"author\" content=\"piotrboczkowski\" \/>\n<meta name=\"twitter:card\" content=\"summary_large_image\" \/>\n<meta name=\"twitter:label1\" content=\"Written by\" \/>\n\t<meta name=\"twitter:data1\" content=\"WeLoveCycling\" \/>\n\t<meta name=\"twitter:label2\" content=\"Est. reading time\" \/>\n\t<meta name=\"twitter:data2\" content=\"4 minutes\" \/>\n<script type=\"application\/ld+json\" class=\"yoast-schema-graph\">{\"@context\":\"https:\/\/schema.org\",\"@graph\":[{\"@type\":\"WebPage\",\"@id\":\"https:\/\/www.welovecycling.com\/pl\/2017\/09\/01\/wielka-wygrana-polaka-spelnil-marzenie-dziecinstwa-choc-jeszcze-temu\/\",\"url\":\"https:\/\/www.welovecycling.com\/pl\/2017\/09\/01\/wielka-wygrana-polaka-spelnil-marzenie-dziecinstwa-choc-jeszcze-temu\/\",\"name\":\"Wielka wygrana Polaka! Spe\u0142ni\u0142 marzenie z dzieci\u0144stwa, cho\u0107 jeszcze rok temu\u2026 - \u0160koda We Love Cycling - Poland\",\"isPartOf\":{\"@id\":\"https:\/\/www.welovecycling.com\/pl\/#website\"},\"primaryImageOfPage\":{\"@id\":\"https:\/\/www.welovecycling.com\/pl\/2017\/09\/01\/wielka-wygrana-polaka-spelnil-marzenie-dziecinstwa-choc-jeszcze-temu\/#primaryimage\"},\"image\":{\"@id\":\"https:\/\/www.welovecycling.com\/pl\/2017\/09\/01\/wielka-wygrana-polaka-spelnil-marzenie-dziecinstwa-choc-jeszcze-temu\/#primaryimage\"},\"thumbnailUrl\":\"https:\/\/d2p6e6u75xmxt8.cloudfront.net\/5\/2017\/09\/2017083186_12ETAPA003.jpg\",\"datePublished\":\"2017-09-01T12:45:20+00:00\",\"dateModified\":\"2017-09-05T12:43:43+00:00\",\"author\":{\"@id\":\"https:\/\/www.welovecycling.com\/pl\/#\/schema\/person\/0dba2d39da943db9df3fd8f4687e7f23\"},\"breadcrumb\":{\"@id\":\"https:\/\/www.welovecycling.com\/pl\/2017\/09\/01\/wielka-wygrana-polaka-spelnil-marzenie-dziecinstwa-choc-jeszcze-temu\/#breadcrumb\"},\"inLanguage\":\"pl-PL\",\"potentialAction\":[{\"@type\":\"ReadAction\",\"target\":[\"https:\/\/www.welovecycling.com\/pl\/2017\/09\/01\/wielka-wygrana-polaka-spelnil-marzenie-dziecinstwa-choc-jeszcze-temu\/\"]}]},{\"@type\":\"ImageObject\",\"inLanguage\":\"pl-PL\",\"@id\":\"https:\/\/www.welovecycling.com\/pl\/2017\/09\/01\/wielka-wygrana-polaka-spelnil-marzenie-dziecinstwa-choc-jeszcze-temu\/#primaryimage\",\"url\":\"https:\/\/d2p6e6u75xmxt8.cloudfront.net\/5\/2017\/09\/2017083186_12ETAPA003.jpg\",\"contentUrl\":\"https:\/\/d2p6e6u75xmxt8.cloudfront.net\/5\/2017\/09\/2017083186_12ETAPA003.jpg\",\"width\":1000,\"height\":666,\"caption\":\"Vuelta Espa\u00f1a 2017;12\u00aa Etapa ;Motril-Antequera 160 KM\"},{\"@type\":\"BreadcrumbList\",\"@id\":\"https:\/\/www.welovecycling.com\/pl\/2017\/09\/01\/wielka-wygrana-polaka-spelnil-marzenie-dziecinstwa-choc-jeszcze-temu\/#breadcrumb\",\"itemListElement\":[{\"@type\":\"ListItem\",\"position\":1,\"name\":\"Home\",\"item\":\"https:\/\/www.welovecycling.com\/pl\/\"},{\"@type\":\"ListItem\",\"position\":2,\"name\":\"Wielka wygrana Polaka! Spe\u0142ni\u0142 marzenie z dzieci\u0144stwa, cho\u0107 jeszcze rok temu\u2026\"}]},{\"@type\":\"WebSite\",\"@id\":\"https:\/\/www.welovecycling.com\/pl\/#website\",\"url\":\"https:\/\/www.welovecycling.com\/pl\/\",\"name\":\"\u0160koda We Love Cycling - Poland\",\"description\":\"\",\"potentialAction\":[{\"@type\":\"SearchAction\",\"target\":{\"@type\":\"EntryPoint\",\"urlTemplate\":\"https:\/\/www.welovecycling.com\/pl\/?s={search_term_string}\"},\"query-input\":{\"@type\":\"PropertyValueSpecification\",\"valueRequired\":true,\"valueName\":\"search_term_string\"}}],\"inLanguage\":\"pl-PL\"},{\"@type\":\"Person\",\"@id\":\"https:\/\/www.welovecycling.com\/pl\/#\/schema\/person\/0dba2d39da943db9df3fd8f4687e7f23\",\"name\":\"piotrboczkowski\",\"image\":{\"@type\":\"ImageObject\",\"inLanguage\":\"pl-PL\",\"@id\":\"https:\/\/www.welovecycling.com\/pl\/#\/schema\/person\/image\/\",\"url\":\"https:\/\/secure.gravatar.com\/avatar\/533caccae14752e03a2ce2d3fd62d1b98b93e1393c3195c27819e53344ca1ace?s=96&d=mm&r=g\",\"contentUrl\":\"https:\/\/secure.gravatar.com\/avatar\/533caccae14752e03a2ce2d3fd62d1b98b93e1393c3195c27819e53344ca1ace?s=96&d=mm&r=g\",\"caption\":\"piotrboczkowski\"},\"url\":\"https:\/\/www.welovecycling.com\/pl\/author\/piotrboczkowski\/\"}]}<\/script>\n<!-- \/ Yoast SEO Premium plugin. -->","yoast_head_json":{"title":"Wielka wygrana Polaka! Spe\u0142ni\u0142 marzenie z dzieci\u0144stwa, cho\u0107 jeszcze rok temu\u2026 - \u0160koda We Love Cycling - Poland","robots":{"index":"index","follow":"follow","max-snippet":"max-snippet:-1","max-image-preview":"max-image-preview:large","max-video-preview":"max-video-preview:-1"},"canonical":"https:\/\/www.welovecycling.com\/pl\/2017\/09\/01\/wielka-wygrana-polaka-spelnil-marzenie-dziecinstwa-choc-jeszcze-temu\/","og_locale":"pl_PL","og_type":"article","og_title":"Wielka wygrana Polaka! Spe\u0142ni\u0142 marzenie z dzieci\u0144stwa, cho\u0107 jeszcze rok temu\u2026","og_description":"Tylko szczerze! R\u0119ka do g\u00f3ry, kto przed Vuelta a Espa\u00f1a zna\u0142 Tomasz Marczy\u0144skiego? Nie kojarzy\u0142, ale zna\u0142 i wierzy\u0142, \u017ce [&hellip;]","og_url":"https:\/\/www.welovecycling.com\/pl\/2017\/09\/01\/wielka-wygrana-polaka-spelnil-marzenie-dziecinstwa-choc-jeszcze-temu\/","og_site_name":"\u0160koda We Love Cycling - Poland","article_published_time":"2017-09-01T12:45:20+00:00","article_modified_time":"2017-09-05T12:43:43+00:00","og_image":[{"width":1000,"height":666,"url":"https:\/\/d2p6e6u75xmxt8.cloudfront.net\/5\/2017\/09\/2017083186_12ETAPA003.jpg","type":"image\/jpeg"}],"author":"piotrboczkowski","twitter_card":"summary_large_image","twitter_misc":{"Written by":"WeLoveCycling","Est. reading time":"4 minutes"},"schema":{"@context":"https:\/\/schema.org","@graph":[{"@type":"WebPage","@id":"https:\/\/www.welovecycling.com\/pl\/2017\/09\/01\/wielka-wygrana-polaka-spelnil-marzenie-dziecinstwa-choc-jeszcze-temu\/","url":"https:\/\/www.welovecycling.com\/pl\/2017\/09\/01\/wielka-wygrana-polaka-spelnil-marzenie-dziecinstwa-choc-jeszcze-temu\/","name":"Wielka wygrana Polaka! Spe\u0142ni\u0142 marzenie z dzieci\u0144stwa, cho\u0107 jeszcze rok temu\u2026 - \u0160koda We Love Cycling - Poland","isPartOf":{"@id":"https:\/\/www.welovecycling.com\/pl\/#website"},"primaryImageOfPage":{"@id":"https:\/\/www.welovecycling.com\/pl\/2017\/09\/01\/wielka-wygrana-polaka-spelnil-marzenie-dziecinstwa-choc-jeszcze-temu\/#primaryimage"},"image":{"@id":"https:\/\/www.welovecycling.com\/pl\/2017\/09\/01\/wielka-wygrana-polaka-spelnil-marzenie-dziecinstwa-choc-jeszcze-temu\/#primaryimage"},"thumbnailUrl":"https:\/\/d2p6e6u75xmxt8.cloudfront.net\/5\/2017\/09\/2017083186_12ETAPA003.jpg","datePublished":"2017-09-01T12:45:20+00:00","dateModified":"2017-09-05T12:43:43+00:00","author":{"@id":"https:\/\/www.welovecycling.com\/pl\/#\/schema\/person\/0dba2d39da943db9df3fd8f4687e7f23"},"breadcrumb":{"@id":"https:\/\/www.welovecycling.com\/pl\/2017\/09\/01\/wielka-wygrana-polaka-spelnil-marzenie-dziecinstwa-choc-jeszcze-temu\/#breadcrumb"},"inLanguage":"pl-PL","potentialAction":[{"@type":"ReadAction","target":["https:\/\/www.welovecycling.com\/pl\/2017\/09\/01\/wielka-wygrana-polaka-spelnil-marzenie-dziecinstwa-choc-jeszcze-temu\/"]}]},{"@type":"ImageObject","inLanguage":"pl-PL","@id":"https:\/\/www.welovecycling.com\/pl\/2017\/09\/01\/wielka-wygrana-polaka-spelnil-marzenie-dziecinstwa-choc-jeszcze-temu\/#primaryimage","url":"https:\/\/d2p6e6u75xmxt8.cloudfront.net\/5\/2017\/09\/2017083186_12ETAPA003.jpg","contentUrl":"https:\/\/d2p6e6u75xmxt8.cloudfront.net\/5\/2017\/09\/2017083186_12ETAPA003.jpg","width":1000,"height":666,"caption":"Vuelta Espa\u00f1a 2017;12\u00aa Etapa ;Motril-Antequera 160 KM"},{"@type":"BreadcrumbList","@id":"https:\/\/www.welovecycling.com\/pl\/2017\/09\/01\/wielka-wygrana-polaka-spelnil-marzenie-dziecinstwa-choc-jeszcze-temu\/#breadcrumb","itemListElement":[{"@type":"ListItem","position":1,"name":"Home","item":"https:\/\/www.welovecycling.com\/pl\/"},{"@type":"ListItem","position":2,"name":"Wielka wygrana Polaka! Spe\u0142ni\u0142 marzenie z dzieci\u0144stwa, cho\u0107 jeszcze rok temu\u2026"}]},{"@type":"WebSite","@id":"https:\/\/www.welovecycling.com\/pl\/#website","url":"https:\/\/www.welovecycling.com\/pl\/","name":"\u0160koda We Love Cycling - Poland","description":"","potentialAction":[{"@type":"SearchAction","target":{"@type":"EntryPoint","urlTemplate":"https:\/\/www.welovecycling.com\/pl\/?s={search_term_string}"},"query-input":{"@type":"PropertyValueSpecification","valueRequired":true,"valueName":"search_term_string"}}],"inLanguage":"pl-PL"},{"@type":"Person","@id":"https:\/\/www.welovecycling.com\/pl\/#\/schema\/person\/0dba2d39da943db9df3fd8f4687e7f23","name":"piotrboczkowski","image":{"@type":"ImageObject","inLanguage":"pl-PL","@id":"https:\/\/www.welovecycling.com\/pl\/#\/schema\/person\/image\/","url":"https:\/\/secure.gravatar.com\/avatar\/533caccae14752e03a2ce2d3fd62d1b98b93e1393c3195c27819e53344ca1ace?s=96&d=mm&r=g","contentUrl":"https:\/\/secure.gravatar.com\/avatar\/533caccae14752e03a2ce2d3fd62d1b98b93e1393c3195c27819e53344ca1ace?s=96&d=mm&r=g","caption":"piotrboczkowski"},"url":"https:\/\/www.welovecycling.com\/pl\/author\/piotrboczkowski\/"}]}},"_links":{"self":[{"href":"https:\/\/www.welovecycling.com\/pl\/wp-json\/wp\/v2\/posts\/5142","targetHints":{"allow":["GET"]}}],"collection":[{"href":"https:\/\/www.welovecycling.com\/pl\/wp-json\/wp\/v2\/posts"}],"about":[{"href":"https:\/\/www.welovecycling.com\/pl\/wp-json\/wp\/v2\/types\/post"}],"author":[{"embeddable":true,"href":"https:\/\/www.welovecycling.com\/pl\/wp-json\/wp\/v2\/users\/76"}],"replies":[{"embeddable":true,"href":"https:\/\/www.welovecycling.com\/pl\/wp-json\/wp\/v2\/comments?post=5142"}],"version-history":[{"count":2,"href":"https:\/\/www.welovecycling.com\/pl\/wp-json\/wp\/v2\/posts\/5142\/revisions"}],"predecessor-version":[{"id":5163,"href":"https:\/\/www.welovecycling.com\/pl\/wp-json\/wp\/v2\/posts\/5142\/revisions\/5163"}],"wp:featuredmedia":[{"embeddable":true,"href":"https:\/\/www.welovecycling.com\/pl\/wp-json\/wp\/v2\/media\/5145"}],"wp:attachment":[{"href":"https:\/\/www.welovecycling.com\/pl\/wp-json\/wp\/v2\/media?parent=5142"}],"wp:term":[{"taxonomy":"category","embeddable":true,"href":"https:\/\/www.welovecycling.com\/pl\/wp-json\/wp\/v2\/categories?post=5142"},{"taxonomy":"post_tag","embeddable":true,"href":"https:\/\/www.welovecycling.com\/pl\/wp-json\/wp\/v2\/tags?post=5142"},{"taxonomy":"global-categories","embeddable":true,"href":"https:\/\/www.welovecycling.com\/pl\/wp-json\/wp\/v2\/global-categories?post=5142"}],"curies":[{"name":"wp","href":"https:\/\/api.w.org\/{rel}","templated":true}]}}