{"id":51,"date":"2014-09-08T15:30:56","date_gmt":"2014-09-08T15:30:56","guid":{"rendered":"http:\/\/serwer1629254.home.pl\/index.php\/2014\/09\/08\/dziekujemy-za-skoda-cyklo-gdynia\/"},"modified":"2016-12-05T10:07:17","modified_gmt":"2016-12-05T10:07:17","slug":"dziekujemy-za-skoda-cyklo-gdynia","status":"publish","type":"post","link":"https:\/\/www.welovecycling.com\/pl\/2014\/09\/08\/dziekujemy-za-skoda-cyklo-gdynia\/","title":{"rendered":"Dzi\u0119kujemy za  \u0160koda Cyklo Gdynia!"},"content":{"rendered":"<p>Wci\u0105\u017c nie mo\u017cemy och\u0142on\u0105\u0107 po \u0160koda\u00a0Cyklo Gdynia. Najlepszy na trasie 165 kilometrowej okaza\u0142 si\u0119 Micha\u0142 Podlaski z ActiveJet. Gratulacje!<!--more-->Kolarskie emocje i doskona\u0142a pogoda przyci\u0105gn\u0119\u0142y ca\u0142kiem poka\u017an\u0105 liczb\u0119 zawodnik\u00f3w i t\u0142umy kibic\u00f3w.<\/p>\n<p>Cieszymy si\u0119, \u017ce mogli\u015bmy nap\u0119dza\u0107 tak emocjonuj\u0105c\u0105 imprez\u0119 jak \u0160koda\u00a0Cyklo Gdynia, zw\u0142aszcza, \u017ce by\u0142a ona okazj\u0105 do propagowania kolarstwa w\u015br\u00f3d m\u0142odzie\u017cy. Pod okiem profesjonalist\u00f3w z Akademii COPERNICUS m\u0142odzi zawodnicy mieli okazje spr\u00f3bowa\u0107 swoich si\u0142 w prawdziwym wy\u015bcigu i skorzysta\u0107 z rad zawodowych kolarzy.<\/p>\n<p><img decoding=\"async\" src=\"http:\/\/33.media.tumblr.com\/cd8ee79481ea4016d78c46fa649bd774\/tumblr_inline_nbl8jp4FP21sfrvl6.jpg\" alt=\"\" \/><\/p>\n<p>Najbardziej emocjonuj\u0105cy wy\u015bcig Elity (165 km), na kt\u00f3rego starcie stan\u0119\u0142o w Gdyni 46 zawodnik\u00f3w okaza\u0142 si\u0119 prze\u0142omowy ju\u017c na 50 kilometrze. Od peletonu oderwali si\u0119 Jaros\u0142aw Marycz (CCC Polsat Polkowice) i Micha\u0142 Podlaski. Zaraz p\u00f3\u017aniej do\u0142\u0105czyli do niego kolarze z Polkowic \u2013 Marek Rutkiewicz i \u0141ukasz Owsian i klubowy kolega Podlaskiego, Emanuel Piaskowy. Najlepsza pi\u0105tka oddali\u0142a si\u0119 od reszty zawodnik\u00f3w o 10 minut. Wkr\u00f3tce wy\u015bcig nabra\u0142 tempa, na finiszu spotkali si\u0119 Podlaski i Marycz. Wy\u015bcig w sprincie okaza\u0142 si\u0119 szcz\u0119\u015bliwszy dla Micha\u0142a Podlaskiego. Po sze\u015bciu sekundach, na trzecie miejsce wjecha\u0142 Marek Rutkiewicz \u2013 najaktywniejszy i najlepszy w\u015br\u00f3d g\u00f3rali zawodnik wy\u015bcigu.<\/p>\n<p><img decoding=\"async\" src=\"http:\/\/33.media.tumblr.com\/02d718e9f5c1038f5fcfbdb21d6a681f\/tumblr_inline_nbl8uyQyEJ1sfrvl6.jpg\" alt=\"\" \/><\/p>\n<p>Wygranej w wy\u015bcigu na du\u017cej p\u0119tli (125km) gratulujemy Piotrowi Wadeckiemu (CCC Polsat Polkowice). Na ma\u0142ej p\u0119tli (40 km) zwyci\u0119\u017cy\u0142 Dawid Czubak.<\/p>\n<p><img decoding=\"async\" src=\"http:\/\/33.media.tumblr.com\/45db69d7914d40b1c1d7154f8a422b85\/tumblr_inline_nbl99xhlEA1sfrvl6.jpg\" alt=\"\" \/><\/p>\n<p>Dla tych, kt\u00f3rym jeszcze nie w g\u0142owie kolarska rywalizacja \u0160koda\u00a0przygotowa\u0142a inne atrakcje: m.in. malowanie twarzy, k\u0105cik dla dzieci i moc gad\u017cet\u00f3w!<\/p>\n<p><img decoding=\"async\" src=\"http:\/\/38.media.tumblr.com\/e921497307186fadb9543ef729d3a49e\/tumblr_inline_nbl96uijiu1sfrvl6.jpg\" alt=\"\" \/><\/p>\n<p>Ciekaw\u0105 zabaw\u0105 okaza\u0142a si\u0119 mo\u017cliwo\u015b\u0107 zrobienia sobie kolarskiego zdj\u0119cia. Kto tym razem nie skorzysta\u0142 z pakietu startowego \u0160koda\u00a0mia\u0142 okazj\u0119 zakosztowa\u0107 rowerowych emocji dzi\u0119ki specjalnemu greenboxowi. W czasie imprezy mo\u017cna by\u0142o stan\u0105\u0107 na jego tle, zrobi\u0107 sobie zdj\u0119cie i par\u0119 chwil p\u00f3\u017aniej otrzyma\u0107 swoje troch\u0119 odmienione, bo kolarskie oblicze.<\/p>\n<p>Rower to nie tylko jazda w terenie. W czasie \u0160koda\u00a0Cyklo Gdynia amatorzy dw\u00f3ch k\u00f3\u0142ek mogli wzi\u0105\u0107 udzia\u0142 w konkursie na cykloergonometrach.<\/p>\n<p><img decoding=\"async\" src=\"http:\/\/38.media.tumblr.com\/c4a5cda52ba8801cfdace5b5420d1f41\/tumblr_inline_nbl9loOjoB1sfrvl6.jpg\" alt=\"\" \/><\/p>\n<p>Kolejna edycja imprezy okaza\u0142a si\u0119 sukcesem. Czekamy na kolejn\u0105!<\/p>\n<p><img decoding=\"async\" src=\"http:\/\/38.media.tumblr.com\/465037e9f5218d9a756703dcaa1fd17c\/tumblr_inline_nbl9rcWLjo1sfrvl6.jpg\" alt=\"\" \/><\/p>\n<p>\u0160koda Nap\u0119dza Rowery razem z Akademi\u0105 Copernicus.\u00a0Dzi\u0119kujemy za niezapomniane chwile na \u0160koda\u00a0Cyklo Gdynia.<\/p>\n","protected":false},"excerpt":{"rendered":"<p>Wci\u0105\u017c nie mo\u017cemy och\u0142on\u0105\u0107 po \u0160koda\u00a0Cyklo Gdynia. Najlepszy na trasie 165 kilometrowej okaza\u0142 si\u0119 Micha\u0142 Podlaski z ActiveJet. Gratulacje!<\/p>\n","protected":false},"author":1,"featured_media":522,"comment_status":"open","ping_status":"open","sticky":false,"template":"","format":"standard","meta":{"footnotes":""},"categories":[1],"tags":[],"global-categories":[],"class_list":["post-51","post","type-post","status-publish","format-standard","has-post-thumbnail","hentry","category-uncategorized"],"yoast_head":"<!-- This site is optimized with the Yoast SEO Premium plugin v25.3 (Yoast SEO v25.9) - https:\/\/yoast.com\/wordpress\/plugins\/seo\/ -->\n<title>Dzi\u0119kujemy za \u0160koda Cyklo Gdynia! - \u0160koda We Love Cycling - Poland<\/title>\n<meta name=\"robots\" content=\"index, follow, max-snippet:-1, max-image-preview:large, max-video-preview:-1\" \/>\n<link rel=\"canonical\" href=\"https:\/\/www.welovecycling.com\/pl\/2014\/09\/08\/dziekujemy-za-skoda-cyklo-gdynia\/\" \/>\n<meta property=\"og:locale\" content=\"pl_PL\" \/>\n<meta property=\"og:type\" content=\"article\" \/>\n<meta property=\"og:title\" content=\"Dzi\u0119kujemy za \u0160koda Cyklo Gdynia!\" \/>\n<meta property=\"og:description\" content=\"Wci\u0105\u017c nie mo\u017cemy och\u0142on\u0105\u0107 po \u0160koda\u00a0Cyklo Gdynia. Najlepszy na trasie 165 kilometrowej okaza\u0142 si\u0119 Micha\u0142 Podlaski z ActiveJet. Gratulacje!\" \/>\n<meta property=\"og:url\" content=\"https:\/\/www.welovecycling.com\/pl\/2014\/09\/08\/dziekujemy-za-skoda-cyklo-gdynia\/\" \/>\n<meta property=\"og:site_name\" content=\"\u0160koda We Love Cycling - Poland\" \/>\n<meta property=\"article:published_time\" content=\"2014-09-08T15:30:56+00:00\" \/>\n<meta property=\"article:modified_time\" content=\"2016-12-05T10:07:17+00:00\" \/>\n<meta property=\"og:image\" content=\"https:\/\/d2p6e6u75xmxt8.cloudfront.net\/5\/2014\/09\/45.jpg\" \/>\n\t<meta property=\"og:image:width\" content=\"500\" \/>\n\t<meta property=\"og:image:height\" content=\"333\" \/>\n\t<meta property=\"og:image:type\" content=\"image\/jpeg\" \/>\n<meta name=\"author\" content=\"WeLoveCycling\" \/>\n<meta name=\"twitter:card\" content=\"summary_large_image\" \/>\n<meta name=\"twitter:label1\" content=\"Written by\" \/>\n\t<meta name=\"twitter:data1\" content=\"WeLoveCycling\" \/>\n\t<meta name=\"twitter:label2\" content=\"Est. reading time\" \/>\n\t<meta name=\"twitter:data2\" content=\"2 minutes\" \/>\n<script type=\"application\/ld+json\" class=\"yoast-schema-graph\">{\"@context\":\"https:\/\/schema.org\",\"@graph\":[{\"@type\":\"WebPage\",\"@id\":\"https:\/\/www.welovecycling.com\/pl\/2014\/09\/08\/dziekujemy-za-skoda-cyklo-gdynia\/\",\"url\":\"https:\/\/www.welovecycling.com\/pl\/2014\/09\/08\/dziekujemy-za-skoda-cyklo-gdynia\/\",\"name\":\"Dzi\u0119kujemy za \u0160koda Cyklo Gdynia! - \u0160koda We Love Cycling - Poland\",\"isPartOf\":{\"@id\":\"https:\/\/www.welovecycling.com\/pl\/#website\"},\"primaryImageOfPage\":{\"@id\":\"https:\/\/www.welovecycling.com\/pl\/2014\/09\/08\/dziekujemy-za-skoda-cyklo-gdynia\/#primaryimage\"},\"image\":{\"@id\":\"https:\/\/www.welovecycling.com\/pl\/2014\/09\/08\/dziekujemy-za-skoda-cyklo-gdynia\/#primaryimage\"},\"thumbnailUrl\":\"https:\/\/d2p6e6u75xmxt8.cloudfront.net\/5\/2014\/09\/45.jpg\",\"datePublished\":\"2014-09-08T15:30:56+00:00\",\"dateModified\":\"2016-12-05T10:07:17+00:00\",\"author\":{\"@id\":\"https:\/\/www.welovecycling.com\/pl\/#\/schema\/person\/e5187c9cac8dd619ebc7b41bd73c2fd9\"},\"breadcrumb\":{\"@id\":\"https:\/\/www.welovecycling.com\/pl\/2014\/09\/08\/dziekujemy-za-skoda-cyklo-gdynia\/#breadcrumb\"},\"inLanguage\":\"pl-PL\",\"potentialAction\":[{\"@type\":\"ReadAction\",\"target\":[\"https:\/\/www.welovecycling.com\/pl\/2014\/09\/08\/dziekujemy-za-skoda-cyklo-gdynia\/\"]}]},{\"@type\":\"ImageObject\",\"inLanguage\":\"pl-PL\",\"@id\":\"https:\/\/www.welovecycling.com\/pl\/2014\/09\/08\/dziekujemy-za-skoda-cyklo-gdynia\/#primaryimage\",\"url\":\"https:\/\/d2p6e6u75xmxt8.cloudfront.net\/5\/2014\/09\/45.jpg\",\"contentUrl\":\"https:\/\/d2p6e6u75xmxt8.cloudfront.net\/5\/2014\/09\/45.jpg\",\"width\":500,\"height\":333},{\"@type\":\"BreadcrumbList\",\"@id\":\"https:\/\/www.welovecycling.com\/pl\/2014\/09\/08\/dziekujemy-za-skoda-cyklo-gdynia\/#breadcrumb\",\"itemListElement\":[{\"@type\":\"ListItem\",\"position\":1,\"name\":\"Home\",\"item\":\"https:\/\/www.welovecycling.com\/pl\/\"},{\"@type\":\"ListItem\",\"position\":2,\"name\":\"Dzi\u0119kujemy za \u0160koda Cyklo Gdynia!\"}]},{\"@type\":\"WebSite\",\"@id\":\"https:\/\/www.welovecycling.com\/pl\/#website\",\"url\":\"https:\/\/www.welovecycling.com\/pl\/\",\"name\":\"\u0160koda We Love Cycling - Poland\",\"description\":\"\",\"potentialAction\":[{\"@type\":\"SearchAction\",\"target\":{\"@type\":\"EntryPoint\",\"urlTemplate\":\"https:\/\/www.welovecycling.com\/pl\/?s={search_term_string}\"},\"query-input\":{\"@type\":\"PropertyValueSpecification\",\"valueRequired\":true,\"valueName\":\"search_term_string\"}}],\"inLanguage\":\"pl-PL\"},{\"@type\":\"Person\",\"@id\":\"https:\/\/www.welovecycling.com\/pl\/#\/schema\/person\/e5187c9cac8dd619ebc7b41bd73c2fd9\",\"name\":\"WeLoveCycling\",\"image\":{\"@type\":\"ImageObject\",\"inLanguage\":\"pl-PL\",\"@id\":\"https:\/\/www.welovecycling.com\/pl\/#\/schema\/person\/image\/\",\"url\":\"https:\/\/secure.gravatar.com\/avatar\/7e1ee0ecc5e294b19ef32b9f6086e0afbb9da00c3cb0d465ba4695331f4a9187?s=96&d=mm&r=g\",\"contentUrl\":\"https:\/\/secure.gravatar.com\/avatar\/7e1ee0ecc5e294b19ef32b9f6086e0afbb9da00c3cb0d465ba4695331f4a9187?s=96&d=mm&r=g\",\"caption\":\"WeLoveCycling\"},\"url\":\"https:\/\/www.welovecycling.com\/pl\/author\/lukascech\/\"}]}<\/script>\n<!-- \/ Yoast SEO Premium plugin. -->","yoast_head_json":{"title":"Dzi\u0119kujemy za \u0160koda Cyklo Gdynia! - \u0160koda We Love Cycling - Poland","robots":{"index":"index","follow":"follow","max-snippet":"max-snippet:-1","max-image-preview":"max-image-preview:large","max-video-preview":"max-video-preview:-1"},"canonical":"https:\/\/www.welovecycling.com\/pl\/2014\/09\/08\/dziekujemy-za-skoda-cyklo-gdynia\/","og_locale":"pl_PL","og_type":"article","og_title":"Dzi\u0119kujemy za \u0160koda Cyklo Gdynia!","og_description":"Wci\u0105\u017c nie mo\u017cemy och\u0142on\u0105\u0107 po \u0160koda\u00a0Cyklo Gdynia. Najlepszy na trasie 165 kilometrowej okaza\u0142 si\u0119 Micha\u0142 Podlaski z ActiveJet. Gratulacje!","og_url":"https:\/\/www.welovecycling.com\/pl\/2014\/09\/08\/dziekujemy-za-skoda-cyklo-gdynia\/","og_site_name":"\u0160koda We Love Cycling - Poland","article_published_time":"2014-09-08T15:30:56+00:00","article_modified_time":"2016-12-05T10:07:17+00:00","og_image":[{"width":500,"height":333,"url":"https:\/\/d2p6e6u75xmxt8.cloudfront.net\/5\/2014\/09\/45.jpg","type":"image\/jpeg"}],"author":"WeLoveCycling","twitter_card":"summary_large_image","twitter_misc":{"Written by":"WeLoveCycling","Est. reading time":"2 minutes"},"schema":{"@context":"https:\/\/schema.org","@graph":[{"@type":"WebPage","@id":"https:\/\/www.welovecycling.com\/pl\/2014\/09\/08\/dziekujemy-za-skoda-cyklo-gdynia\/","url":"https:\/\/www.welovecycling.com\/pl\/2014\/09\/08\/dziekujemy-za-skoda-cyklo-gdynia\/","name":"Dzi\u0119kujemy za \u0160koda Cyklo Gdynia! - \u0160koda We Love Cycling - Poland","isPartOf":{"@id":"https:\/\/www.welovecycling.com\/pl\/#website"},"primaryImageOfPage":{"@id":"https:\/\/www.welovecycling.com\/pl\/2014\/09\/08\/dziekujemy-za-skoda-cyklo-gdynia\/#primaryimage"},"image":{"@id":"https:\/\/www.welovecycling.com\/pl\/2014\/09\/08\/dziekujemy-za-skoda-cyklo-gdynia\/#primaryimage"},"thumbnailUrl":"https:\/\/d2p6e6u75xmxt8.cloudfront.net\/5\/2014\/09\/45.jpg","datePublished":"2014-09-08T15:30:56+00:00","dateModified":"2016-12-05T10:07:17+00:00","author":{"@id":"https:\/\/www.welovecycling.com\/pl\/#\/schema\/person\/e5187c9cac8dd619ebc7b41bd73c2fd9"},"breadcrumb":{"@id":"https:\/\/www.welovecycling.com\/pl\/2014\/09\/08\/dziekujemy-za-skoda-cyklo-gdynia\/#breadcrumb"},"inLanguage":"pl-PL","potentialAction":[{"@type":"ReadAction","target":["https:\/\/www.welovecycling.com\/pl\/2014\/09\/08\/dziekujemy-za-skoda-cyklo-gdynia\/"]}]},{"@type":"ImageObject","inLanguage":"pl-PL","@id":"https:\/\/www.welovecycling.com\/pl\/2014\/09\/08\/dziekujemy-za-skoda-cyklo-gdynia\/#primaryimage","url":"https:\/\/d2p6e6u75xmxt8.cloudfront.net\/5\/2014\/09\/45.jpg","contentUrl":"https:\/\/d2p6e6u75xmxt8.cloudfront.net\/5\/2014\/09\/45.jpg","width":500,"height":333},{"@type":"BreadcrumbList","@id":"https:\/\/www.welovecycling.com\/pl\/2014\/09\/08\/dziekujemy-za-skoda-cyklo-gdynia\/#breadcrumb","itemListElement":[{"@type":"ListItem","position":1,"name":"Home","item":"https:\/\/www.welovecycling.com\/pl\/"},{"@type":"ListItem","position":2,"name":"Dzi\u0119kujemy za \u0160koda Cyklo Gdynia!"}]},{"@type":"WebSite","@id":"https:\/\/www.welovecycling.com\/pl\/#website","url":"https:\/\/www.welovecycling.com\/pl\/","name":"\u0160koda We Love Cycling - Poland","description":"","potentialAction":[{"@type":"SearchAction","target":{"@type":"EntryPoint","urlTemplate":"https:\/\/www.welovecycling.com\/pl\/?s={search_term_string}"},"query-input":{"@type":"PropertyValueSpecification","valueRequired":true,"valueName":"search_term_string"}}],"inLanguage":"pl-PL"},{"@type":"Person","@id":"https:\/\/www.welovecycling.com\/pl\/#\/schema\/person\/e5187c9cac8dd619ebc7b41bd73c2fd9","name":"WeLoveCycling","image":{"@type":"ImageObject","inLanguage":"pl-PL","@id":"https:\/\/www.welovecycling.com\/pl\/#\/schema\/person\/image\/","url":"https:\/\/secure.gravatar.com\/avatar\/7e1ee0ecc5e294b19ef32b9f6086e0afbb9da00c3cb0d465ba4695331f4a9187?s=96&d=mm&r=g","contentUrl":"https:\/\/secure.gravatar.com\/avatar\/7e1ee0ecc5e294b19ef32b9f6086e0afbb9da00c3cb0d465ba4695331f4a9187?s=96&d=mm&r=g","caption":"WeLoveCycling"},"url":"https:\/\/www.welovecycling.com\/pl\/author\/lukascech\/"}]}},"_links":{"self":[{"href":"https:\/\/www.welovecycling.com\/pl\/wp-json\/wp\/v2\/posts\/51","targetHints":{"allow":["GET"]}}],"collection":[{"href":"https:\/\/www.welovecycling.com\/pl\/wp-json\/wp\/v2\/posts"}],"about":[{"href":"https:\/\/www.welovecycling.com\/pl\/wp-json\/wp\/v2\/types\/post"}],"author":[{"embeddable":true,"href":"https:\/\/www.welovecycling.com\/pl\/wp-json\/wp\/v2\/users\/1"}],"replies":[{"embeddable":true,"href":"https:\/\/www.welovecycling.com\/pl\/wp-json\/wp\/v2\/comments?post=51"}],"version-history":[{"count":1,"href":"https:\/\/www.welovecycling.com\/pl\/wp-json\/wp\/v2\/posts\/51\/revisions"}],"predecessor-version":[{"id":2534,"href":"https:\/\/www.welovecycling.com\/pl\/wp-json\/wp\/v2\/posts\/51\/revisions\/2534"}],"wp:featuredmedia":[{"embeddable":true,"href":"https:\/\/www.welovecycling.com\/pl\/wp-json\/wp\/v2\/media\/522"}],"wp:attachment":[{"href":"https:\/\/www.welovecycling.com\/pl\/wp-json\/wp\/v2\/media?parent=51"}],"wp:term":[{"taxonomy":"category","embeddable":true,"href":"https:\/\/www.welovecycling.com\/pl\/wp-json\/wp\/v2\/categories?post=51"},{"taxonomy":"post_tag","embeddable":true,"href":"https:\/\/www.welovecycling.com\/pl\/wp-json\/wp\/v2\/tags?post=51"},{"taxonomy":"global-categories","embeddable":true,"href":"https:\/\/www.welovecycling.com\/pl\/wp-json\/wp\/v2\/global-categories?post=51"}],"curies":[{"name":"wp","href":"https:\/\/api.w.org\/{rel}","templated":true}]}}