{"id":5061,"date":"2017-08-25T14:29:42","date_gmt":"2017-08-25T14:29:42","guid":{"rendered":"https:\/\/www.welovecycling.com\/pl\/?p=5061"},"modified":"2017-08-27T05:52:31","modified_gmt":"2017-08-27T05:52:31","slug":"polskie-kolarstwo-juz-potezna-sila-marczynski-wygral-etap-vuelty-poljanski-drugi","status":"publish","type":"post","link":"https:\/\/www.welovecycling.com\/pl\/2017\/08\/25\/polskie-kolarstwo-juz-potezna-sila-marczynski-wygral-etap-vuelty-poljanski-drugi\/","title":{"rendered":"Polskie kolarstwo to ju\u017c pot\u0119\u017cna si\u0142a! Marczy\u0144ski wygra\u0142 etap Vuelty, Polja\u0144ski drugi!"},"content":{"rendered":"<p>Nap\u0119dzamy si\u0119 jak kula \u015bniegowa! Polacy zacz\u0119li podczas Tour de France i z ca\u0142ych si\u0142 kr\u0119c\u0105 tak\u017ce w Vuelta a Espa\u00f1a. Tomasz Marczy\u0144ski (Lotto-Soudal) wygra\u0142 sz\u00f3sty etap, a Pawe\u0142 Polja\u0144ski (Bora-Hansgrohe) wpad\u0142 na met\u0119 jako drugi. Brawo Polacy!<!--more--><\/p>\n<p><strong>Katapulta i dynamit<\/strong><\/p>\n<p>Nasze kolarstwo prze\u017cywa pi\u0119kne chwile. Nikt ju\u017c nie traktuje nas jak egzotycznego kraju, gdzie rowerami je\u017cd\u017c\u0105 tylko zapale\u0144cy. Stajemy si\u0119 powa\u017cn\u0105 si\u0142\u0105, z kt\u00f3r\u0105 musz\u0105 liczy\u0107 si\u0119 najpot\u0119\u017cniejsi i kt\u00f3rej przedstawiciele odgrywaj\u0105 role pierwszoplanowe. Tak jak w czwartek Marczy\u0144ski i Polja\u0144ski!<\/p>\n<p>Jeszcze 200 metr\u00f3w przed met\u0105 w najlepsze trwa\u0142a zabawa w kotka i myszk\u0119. Jako pierwszy jecha\u0142 Enric Mas (Quick-Step Floors), ale nerwowo rzuca\u0142 okiem na Marczy\u0144skiego i Polja\u0144skiego, kt\u00f3rzy siedzieli mu na kole. W ko\u0144cu Hiszpan rozpocz\u0105\u0142 finisz i wydawa\u0142o si\u0119, \u017ce niesiony dopingiem rodak\u00f3w dopnie swego. Nasi kolarze byli jednak \u015bwietnie na ten manewr przygotowani.<\/p>\n<p>Mas depn\u0105\u0142 z ca\u0142ych si\u0142, ale w\u00f3wczas Marczy\u0144ski wyskoczy\u0142 jak z katapulty. Kr\u0119ci\u0142, jakby mia\u0142 dynamit w nogach, balansowa\u0142 rowerem, jakby unika\u0142 podmuch\u00f3w wiatru &#8211; i na ostatnich metrach wypracowa\u0142 sobie tak\u0105 przewag\u0119, \u017ce przed lini\u0105 mety zd\u0105\u017cy\u0142 jeszcze podnie\u015b\u0107 r\u0119ce do g\u00f3ry.<\/p>\n<p>Zaraz za nim zameldowa\u0142 si\u0119 Polja\u0144ski, a najni\u017cszy stopie\u0144 podium zosta\u0142 dla Masa.<\/p>\n<p>W tym momencie 33-letniemu Marczy\u0144skiemu przed oczami stan\u0119\u0142y pewnie najwa\u017cniejsze chwile w karierze. Karierze, kt\u00f3ra ju\u017c nieraz wydawa\u0142a si\u0119 zmierza\u0107 ku ko\u0144cowi. By\u0142 powa\u017cny upadek, trudne pr\u00f3by odbudowania si\u0119 i kolejne powroty.<\/p>\n<p>Nie zawsze by\u0142o mu te\u017c po drodze z wszystkimi osobami z polskiego \u015brodowiska kolarskiego, zreszt\u0105 od kilku lat kolarz mieszka ju\u017c w Hiszpanii. Teraz jednak przypomnia\u0142 si\u0119 wszystkim polskim kibicom. I to w jakim stylu!<\/p>\n<p><strong>Jak wykorzysta\u0107 \u017cyciow\u0105 szans\u0119<\/strong><\/p>\n<p>&#8211; To by\u0142y nieprawdopodobne emocje i bardzo trudny etap! Podszed\u0142em do niego niesamowicie zmotywowany i wierzy\u0142em, \u017ce wszystko jest mo\u017cliwe. By\u0142o wiele atak\u00f3w i wielu kolarzy w ucieczce. Przed ostatni\u0105 wspinaczk\u0105 ka\u017cdy patrzy\u0142 na innych, a ja wiedzia\u0142em, \u017ce nie mog\u0119 odda\u0107 tego zwyci\u0119stwa, \u017ce to moja \u017cyciowa szansa \u2013 m\u00f3wi\u0142 szcz\u0119\u015bliwy Marczy\u0144ski w Eurosporcie.<\/p>\n<p>Niewiele zabrak\u0142o, a jako zwyci\u0119zca przed kamerami stan\u0105\u0142by Polja\u0144ski. Do Marczy\u0144skiego zabrak\u0142o mu mo\u017ce p\u00f3\u0142 d\u0142ugo\u015bci roweru, ale i tak powinien by\u0107 z siebie dumny, bo osi\u0105gn\u0105\u0142 najwi\u0119kszy sukces w karierze!<\/p>\n<p>&#8211; <em>W ostatnich dniach cierpia\u0142em z powodu problem\u00f3w \u017co\u0142\u0105dkowych, wi\u0119c jestem tym bardziej szcz\u0119\u015bliwy. Nie jestem za dobrym sprinterem i wiedzia\u0142em, \u017ce pod tym k\u0105tem trzeba zwraca\u0107 uwag\u0119 na Marczy\u0144skiego. Nie by\u0142em w stanie go wyprzedzi\u0107. Zanotowa\u0142em \u015bwietny wynik, ale jeste\u015bmy tu po to, by wygrywa\u0107, wi\u0119c dalej b\u0119dziemy pr\u00f3bowali<\/em> \u2013 podkre\u015bla\u0142 Polja\u0144ski na oficjalnej stronie swojego zespo\u0142u.<\/p>\n<p><strong>Kopia z Tour de France<\/strong><\/p>\n<p>To drugi tak spektakularny sukces Polak\u00f3w w tym roku. W lipcu, tu\u017c przed zako\u0144czeniem Tour de France, pokaz si\u0142y naszego kolarstwa dali Maciej Bodnar i Micha\u0142 Kwiatkowski.<\/p>\n<p>Podczas czas\u00f3wki w Marsylii Bodnar zaj\u0105\u0142 pierwsze miejsce, a Kwiatkowski by\u0142 tu\u017c za nim.<\/p>\n<p>Tour de France i Vuelta a Espa\u00f1a\u00a0 \u0142\u0105czy jeszcze osoba Chrisa Froome\u2019a. Brytyjczyk wygra\u0142 Wielk\u0105 P\u0119tl\u0119, a w hiszpa\u0144skim wy\u015bcigu po sze\u015bciu etapach jest liderem.<\/p>\n<div class=\"embed-wrapper\"><iframe loading=\"lazy\" src=\"\/\/www.dailymotion.com\/embed\/video\/x5y1ajx\" width=\"680\" height=\"470\" frameborder=\"0\" allowfullscreen=\"allowfullscreen\"><\/iframe><\/div>\n<p>(\u017ar\u00f3d\u0142o zdj\u0119\u0107: www.lavuelta.com\u00a0\u00a9 Unipublic\/Photogomez Sport)<\/p>\n","protected":false},"excerpt":{"rendered":"<p>Nap\u0119dzamy si\u0119 jak kula \u015bniegowa! Polacy zacz\u0119li podczas Tour de France i z ca\u0142ych si\u0142 kr\u0119c\u0105 tak\u017ce w Vuelta a [&hellip;]<\/p>\n","protected":false},"author":76,"featured_media":5062,"comment_status":"open","ping_status":"open","sticky":false,"template":"","format":"standard","meta":{"footnotes":""},"categories":[6],"tags":[151,66,202,82],"global-categories":[],"class_list":["post-5061","post","type-post","status-publish","format-standard","has-post-thumbnail","hentry","category-kolarstwo-szosowe","tag-kolarstwo-szosowe","tag-skodanapedzarowery","tag-vuelta-a-espana","tag-welovecycling"],"yoast_head":"<!-- This site is optimized with the Yoast SEO Premium plugin v25.3 (Yoast SEO v25.9) - https:\/\/yoast.com\/wordpress\/plugins\/seo\/ -->\n<title>Polskie kolarstwo to ju\u017c pot\u0119\u017cna si\u0142a! Marczy\u0144ski wygra\u0142 etap Vuelty, Polja\u0144ski drugi! - \u0160koda We Love Cycling - Poland<\/title>\n<meta name=\"robots\" content=\"index, follow, max-snippet:-1, max-image-preview:large, max-video-preview:-1\" \/>\n<link rel=\"canonical\" href=\"https:\/\/www.welovecycling.com\/pl\/2017\/08\/25\/polskie-kolarstwo-juz-potezna-sila-marczynski-wygral-etap-vuelty-poljanski-drugi\/\" \/>\n<meta property=\"og:locale\" content=\"pl_PL\" \/>\n<meta property=\"og:type\" content=\"article\" \/>\n<meta property=\"og:title\" content=\"Polskie kolarstwo to ju\u017c pot\u0119\u017cna si\u0142a! Marczy\u0144ski wygra\u0142 etap Vuelty, Polja\u0144ski drugi!\" \/>\n<meta property=\"og:description\" content=\"Nap\u0119dzamy si\u0119 jak kula \u015bniegowa! Polacy zacz\u0119li podczas Tour de France i z ca\u0142ych si\u0142 kr\u0119c\u0105 tak\u017ce w Vuelta a [&hellip;]\" \/>\n<meta property=\"og:url\" content=\"https:\/\/www.welovecycling.com\/pl\/2017\/08\/25\/polskie-kolarstwo-juz-potezna-sila-marczynski-wygral-etap-vuelty-poljanski-drugi\/\" \/>\n<meta property=\"og:site_name\" content=\"\u0160koda We Love Cycling - Poland\" \/>\n<meta property=\"article:published_time\" content=\"2017-08-25T14:29:42+00:00\" \/>\n<meta property=\"article:modified_time\" content=\"2017-08-27T05:52:31+00:00\" \/>\n<meta property=\"og:image\" content=\"https:\/\/d2p6e6u75xmxt8.cloudfront.net\/5\/2017\/08\/20170824230_6ETAPA013.jpg\" \/>\n\t<meta property=\"og:image:width\" content=\"1000\" \/>\n\t<meta property=\"og:image:height\" content=\"666\" \/>\n\t<meta property=\"og:image:type\" content=\"image\/jpeg\" \/>\n<meta name=\"author\" content=\"piotrboczkowski\" \/>\n<meta name=\"twitter:card\" content=\"summary_large_image\" \/>\n<meta name=\"twitter:label1\" content=\"Written by\" \/>\n\t<meta name=\"twitter:data1\" content=\"WeLoveCycling\" \/>\n\t<meta name=\"twitter:label2\" content=\"Est. reading time\" \/>\n\t<meta name=\"twitter:data2\" content=\"3 minutes\" \/>\n<script type=\"application\/ld+json\" class=\"yoast-schema-graph\">{\"@context\":\"https:\/\/schema.org\",\"@graph\":[{\"@type\":\"WebPage\",\"@id\":\"https:\/\/www.welovecycling.com\/pl\/2017\/08\/25\/polskie-kolarstwo-juz-potezna-sila-marczynski-wygral-etap-vuelty-poljanski-drugi\/\",\"url\":\"https:\/\/www.welovecycling.com\/pl\/2017\/08\/25\/polskie-kolarstwo-juz-potezna-sila-marczynski-wygral-etap-vuelty-poljanski-drugi\/\",\"name\":\"Polskie kolarstwo to ju\u017c pot\u0119\u017cna si\u0142a! Marczy\u0144ski wygra\u0142 etap Vuelty, Polja\u0144ski drugi! - \u0160koda We Love Cycling - Poland\",\"isPartOf\":{\"@id\":\"https:\/\/www.welovecycling.com\/pl\/#website\"},\"primaryImageOfPage\":{\"@id\":\"https:\/\/www.welovecycling.com\/pl\/2017\/08\/25\/polskie-kolarstwo-juz-potezna-sila-marczynski-wygral-etap-vuelty-poljanski-drugi\/#primaryimage\"},\"image\":{\"@id\":\"https:\/\/www.welovecycling.com\/pl\/2017\/08\/25\/polskie-kolarstwo-juz-potezna-sila-marczynski-wygral-etap-vuelty-poljanski-drugi\/#primaryimage\"},\"thumbnailUrl\":\"https:\/\/d2p6e6u75xmxt8.cloudfront.net\/5\/2017\/08\/20170824230_6ETAPA013.jpg\",\"datePublished\":\"2017-08-25T14:29:42+00:00\",\"dateModified\":\"2017-08-27T05:52:31+00:00\",\"author\":{\"@id\":\"https:\/\/www.welovecycling.com\/pl\/#\/schema\/person\/0dba2d39da943db9df3fd8f4687e7f23\"},\"breadcrumb\":{\"@id\":\"https:\/\/www.welovecycling.com\/pl\/2017\/08\/25\/polskie-kolarstwo-juz-potezna-sila-marczynski-wygral-etap-vuelty-poljanski-drugi\/#breadcrumb\"},\"inLanguage\":\"pl-PL\",\"potentialAction\":[{\"@type\":\"ReadAction\",\"target\":[\"https:\/\/www.welovecycling.com\/pl\/2017\/08\/25\/polskie-kolarstwo-juz-potezna-sila-marczynski-wygral-etap-vuelty-poljanski-drugi\/\"]}]},{\"@type\":\"ImageObject\",\"inLanguage\":\"pl-PL\",\"@id\":\"https:\/\/www.welovecycling.com\/pl\/2017\/08\/25\/polskie-kolarstwo-juz-potezna-sila-marczynski-wygral-etap-vuelty-poljanski-drugi\/#primaryimage\",\"url\":\"https:\/\/d2p6e6u75xmxt8.cloudfront.net\/5\/2017\/08\/20170824230_6ETAPA013.jpg\",\"contentUrl\":\"https:\/\/d2p6e6u75xmxt8.cloudfront.net\/5\/2017\/08\/20170824230_6ETAPA013.jpg\",\"width\":1000,\"height\":666},{\"@type\":\"BreadcrumbList\",\"@id\":\"https:\/\/www.welovecycling.com\/pl\/2017\/08\/25\/polskie-kolarstwo-juz-potezna-sila-marczynski-wygral-etap-vuelty-poljanski-drugi\/#breadcrumb\",\"itemListElement\":[{\"@type\":\"ListItem\",\"position\":1,\"name\":\"Home\",\"item\":\"https:\/\/www.welovecycling.com\/pl\/\"},{\"@type\":\"ListItem\",\"position\":2,\"name\":\"Polskie kolarstwo to ju\u017c pot\u0119\u017cna si\u0142a! Marczy\u0144ski wygra\u0142 etap Vuelty, Polja\u0144ski drugi!\"}]},{\"@type\":\"WebSite\",\"@id\":\"https:\/\/www.welovecycling.com\/pl\/#website\",\"url\":\"https:\/\/www.welovecycling.com\/pl\/\",\"name\":\"\u0160koda We Love Cycling - Poland\",\"description\":\"\",\"potentialAction\":[{\"@type\":\"SearchAction\",\"target\":{\"@type\":\"EntryPoint\",\"urlTemplate\":\"https:\/\/www.welovecycling.com\/pl\/?s={search_term_string}\"},\"query-input\":{\"@type\":\"PropertyValueSpecification\",\"valueRequired\":true,\"valueName\":\"search_term_string\"}}],\"inLanguage\":\"pl-PL\"},{\"@type\":\"Person\",\"@id\":\"https:\/\/www.welovecycling.com\/pl\/#\/schema\/person\/0dba2d39da943db9df3fd8f4687e7f23\",\"name\":\"piotrboczkowski\",\"image\":{\"@type\":\"ImageObject\",\"inLanguage\":\"pl-PL\",\"@id\":\"https:\/\/www.welovecycling.com\/pl\/#\/schema\/person\/image\/\",\"url\":\"https:\/\/secure.gravatar.com\/avatar\/533caccae14752e03a2ce2d3fd62d1b98b93e1393c3195c27819e53344ca1ace?s=96&d=mm&r=g\",\"contentUrl\":\"https:\/\/secure.gravatar.com\/avatar\/533caccae14752e03a2ce2d3fd62d1b98b93e1393c3195c27819e53344ca1ace?s=96&d=mm&r=g\",\"caption\":\"piotrboczkowski\"},\"url\":\"https:\/\/www.welovecycling.com\/pl\/author\/piotrboczkowski\/\"}]}<\/script>\n<!-- \/ Yoast SEO Premium plugin. -->","yoast_head_json":{"title":"Polskie kolarstwo to ju\u017c pot\u0119\u017cna si\u0142a! Marczy\u0144ski wygra\u0142 etap Vuelty, Polja\u0144ski drugi! - \u0160koda We Love Cycling - Poland","robots":{"index":"index","follow":"follow","max-snippet":"max-snippet:-1","max-image-preview":"max-image-preview:large","max-video-preview":"max-video-preview:-1"},"canonical":"https:\/\/www.welovecycling.com\/pl\/2017\/08\/25\/polskie-kolarstwo-juz-potezna-sila-marczynski-wygral-etap-vuelty-poljanski-drugi\/","og_locale":"pl_PL","og_type":"article","og_title":"Polskie kolarstwo to ju\u017c pot\u0119\u017cna si\u0142a! Marczy\u0144ski wygra\u0142 etap Vuelty, Polja\u0144ski drugi!","og_description":"Nap\u0119dzamy si\u0119 jak kula \u015bniegowa! Polacy zacz\u0119li podczas Tour de France i z ca\u0142ych si\u0142 kr\u0119c\u0105 tak\u017ce w Vuelta a [&hellip;]","og_url":"https:\/\/www.welovecycling.com\/pl\/2017\/08\/25\/polskie-kolarstwo-juz-potezna-sila-marczynski-wygral-etap-vuelty-poljanski-drugi\/","og_site_name":"\u0160koda We Love Cycling - Poland","article_published_time":"2017-08-25T14:29:42+00:00","article_modified_time":"2017-08-27T05:52:31+00:00","og_image":[{"width":1000,"height":666,"url":"https:\/\/d2p6e6u75xmxt8.cloudfront.net\/5\/2017\/08\/20170824230_6ETAPA013.jpg","type":"image\/jpeg"}],"author":"piotrboczkowski","twitter_card":"summary_large_image","twitter_misc":{"Written by":"WeLoveCycling","Est. reading time":"3 minutes"},"schema":{"@context":"https:\/\/schema.org","@graph":[{"@type":"WebPage","@id":"https:\/\/www.welovecycling.com\/pl\/2017\/08\/25\/polskie-kolarstwo-juz-potezna-sila-marczynski-wygral-etap-vuelty-poljanski-drugi\/","url":"https:\/\/www.welovecycling.com\/pl\/2017\/08\/25\/polskie-kolarstwo-juz-potezna-sila-marczynski-wygral-etap-vuelty-poljanski-drugi\/","name":"Polskie kolarstwo to ju\u017c pot\u0119\u017cna si\u0142a! Marczy\u0144ski wygra\u0142 etap Vuelty, Polja\u0144ski drugi! - \u0160koda We Love Cycling - Poland","isPartOf":{"@id":"https:\/\/www.welovecycling.com\/pl\/#website"},"primaryImageOfPage":{"@id":"https:\/\/www.welovecycling.com\/pl\/2017\/08\/25\/polskie-kolarstwo-juz-potezna-sila-marczynski-wygral-etap-vuelty-poljanski-drugi\/#primaryimage"},"image":{"@id":"https:\/\/www.welovecycling.com\/pl\/2017\/08\/25\/polskie-kolarstwo-juz-potezna-sila-marczynski-wygral-etap-vuelty-poljanski-drugi\/#primaryimage"},"thumbnailUrl":"https:\/\/d2p6e6u75xmxt8.cloudfront.net\/5\/2017\/08\/20170824230_6ETAPA013.jpg","datePublished":"2017-08-25T14:29:42+00:00","dateModified":"2017-08-27T05:52:31+00:00","author":{"@id":"https:\/\/www.welovecycling.com\/pl\/#\/schema\/person\/0dba2d39da943db9df3fd8f4687e7f23"},"breadcrumb":{"@id":"https:\/\/www.welovecycling.com\/pl\/2017\/08\/25\/polskie-kolarstwo-juz-potezna-sila-marczynski-wygral-etap-vuelty-poljanski-drugi\/#breadcrumb"},"inLanguage":"pl-PL","potentialAction":[{"@type":"ReadAction","target":["https:\/\/www.welovecycling.com\/pl\/2017\/08\/25\/polskie-kolarstwo-juz-potezna-sila-marczynski-wygral-etap-vuelty-poljanski-drugi\/"]}]},{"@type":"ImageObject","inLanguage":"pl-PL","@id":"https:\/\/www.welovecycling.com\/pl\/2017\/08\/25\/polskie-kolarstwo-juz-potezna-sila-marczynski-wygral-etap-vuelty-poljanski-drugi\/#primaryimage","url":"https:\/\/d2p6e6u75xmxt8.cloudfront.net\/5\/2017\/08\/20170824230_6ETAPA013.jpg","contentUrl":"https:\/\/d2p6e6u75xmxt8.cloudfront.net\/5\/2017\/08\/20170824230_6ETAPA013.jpg","width":1000,"height":666},{"@type":"BreadcrumbList","@id":"https:\/\/www.welovecycling.com\/pl\/2017\/08\/25\/polskie-kolarstwo-juz-potezna-sila-marczynski-wygral-etap-vuelty-poljanski-drugi\/#breadcrumb","itemListElement":[{"@type":"ListItem","position":1,"name":"Home","item":"https:\/\/www.welovecycling.com\/pl\/"},{"@type":"ListItem","position":2,"name":"Polskie kolarstwo to ju\u017c pot\u0119\u017cna si\u0142a! Marczy\u0144ski wygra\u0142 etap Vuelty, Polja\u0144ski drugi!"}]},{"@type":"WebSite","@id":"https:\/\/www.welovecycling.com\/pl\/#website","url":"https:\/\/www.welovecycling.com\/pl\/","name":"\u0160koda We Love Cycling - Poland","description":"","potentialAction":[{"@type":"SearchAction","target":{"@type":"EntryPoint","urlTemplate":"https:\/\/www.welovecycling.com\/pl\/?s={search_term_string}"},"query-input":{"@type":"PropertyValueSpecification","valueRequired":true,"valueName":"search_term_string"}}],"inLanguage":"pl-PL"},{"@type":"Person","@id":"https:\/\/www.welovecycling.com\/pl\/#\/schema\/person\/0dba2d39da943db9df3fd8f4687e7f23","name":"piotrboczkowski","image":{"@type":"ImageObject","inLanguage":"pl-PL","@id":"https:\/\/www.welovecycling.com\/pl\/#\/schema\/person\/image\/","url":"https:\/\/secure.gravatar.com\/avatar\/533caccae14752e03a2ce2d3fd62d1b98b93e1393c3195c27819e53344ca1ace?s=96&d=mm&r=g","contentUrl":"https:\/\/secure.gravatar.com\/avatar\/533caccae14752e03a2ce2d3fd62d1b98b93e1393c3195c27819e53344ca1ace?s=96&d=mm&r=g","caption":"piotrboczkowski"},"url":"https:\/\/www.welovecycling.com\/pl\/author\/piotrboczkowski\/"}]}},"_links":{"self":[{"href":"https:\/\/www.welovecycling.com\/pl\/wp-json\/wp\/v2\/posts\/5061","targetHints":{"allow":["GET"]}}],"collection":[{"href":"https:\/\/www.welovecycling.com\/pl\/wp-json\/wp\/v2\/posts"}],"about":[{"href":"https:\/\/www.welovecycling.com\/pl\/wp-json\/wp\/v2\/types\/post"}],"author":[{"embeddable":true,"href":"https:\/\/www.welovecycling.com\/pl\/wp-json\/wp\/v2\/users\/76"}],"replies":[{"embeddable":true,"href":"https:\/\/www.welovecycling.com\/pl\/wp-json\/wp\/v2\/comments?post=5061"}],"version-history":[{"count":2,"href":"https:\/\/www.welovecycling.com\/pl\/wp-json\/wp\/v2\/posts\/5061\/revisions"}],"predecessor-version":[{"id":5080,"href":"https:\/\/www.welovecycling.com\/pl\/wp-json\/wp\/v2\/posts\/5061\/revisions\/5080"}],"wp:featuredmedia":[{"embeddable":true,"href":"https:\/\/www.welovecycling.com\/pl\/wp-json\/wp\/v2\/media\/5062"}],"wp:attachment":[{"href":"https:\/\/www.welovecycling.com\/pl\/wp-json\/wp\/v2\/media?parent=5061"}],"wp:term":[{"taxonomy":"category","embeddable":true,"href":"https:\/\/www.welovecycling.com\/pl\/wp-json\/wp\/v2\/categories?post=5061"},{"taxonomy":"post_tag","embeddable":true,"href":"https:\/\/www.welovecycling.com\/pl\/wp-json\/wp\/v2\/tags?post=5061"},{"taxonomy":"global-categories","embeddable":true,"href":"https:\/\/www.welovecycling.com\/pl\/wp-json\/wp\/v2\/global-categories?post=5061"}],"curies":[{"name":"wp","href":"https:\/\/api.w.org\/{rel}","templated":true}]}}