{"id":4947,"date":"2017-08-17T14:36:14","date_gmt":"2017-08-17T14:36:14","guid":{"rendered":"https:\/\/www.welovecycling.com\/pl\/?p=4947"},"modified":"2017-08-21T17:46:53","modified_gmt":"2017-08-21T17:46:53","slug":"piotr-szwedowski-dobor-roweru-gorskiego","status":"publish","type":"post","link":"https:\/\/www.welovecycling.com\/pl\/2017\/08\/17\/piotr-szwedowski-dobor-roweru-gorskiego\/","title":{"rendered":"Piotr Szwedowski: Dob\u00f3r roweru g\u00f3rskiego"},"content":{"rendered":"<p>W dzisiejszym materiale zajmiemy si\u0119 doborem w\u0142a\u015bciwego roweru g\u00f3rskiego, przystosowanego do naszych potrzeb. Od trafnego wyboru sprz\u0119tu zale\u017cy, czy jazda b\u0119dzie nam dawa\u0142a rado\u015b\u0107 i satysfakcj\u0119, co bezpo\u015brednio prze\u0142o\u017cy si\u0119 na ilo\u015b\u0107 czasu sp\u0119dzanego na rowerze.<\/p>\n<p>Ka\u017cdy z nas szuka informacji o sprz\u0119cie w katalogach, sklepach czy na stronach internetowych producent\u00f3w. Trzeba pami\u0119ta\u0107, \u017ce wiedza ta b\u0119dzie nam s\u0142u\u017cy\u0142a wy\u0142\u0105cznie w celu por\u00f3wnania osprz\u0119tu (marka, model przerzutek, hamulc\u00f3w, k\u00f3\u0142, korb itd.). Pozosta\u0142e elementy to opisy teoretyczne, kt\u00f3re s\u0105 pomocne sprzedawcom i handlowcom, a \u015brednio przydaj\u0105 si\u0119 w praktycznym doborze sprz\u0119tu dla kupuj\u0105cych. Po przeczytaniu kilkunastu tego typu akapit\u00f3w mamy wra\u017cenie \u201enawijania nam na uszy makaronu\u201d, a w\u0142a\u015bnie tego chcemy unikn\u0105\u0107, wydaj\u0105c nasze pieni\u0105dze. W poni\u017cszym materiale postaram si\u0119 Wam pom\u00f3c dobra\u0107 rower, bazuj\u0105c na moim dwudziestopi\u0119cioletnim do\u015bwiadczeniu.<\/p>\n<p><strong>PRZEZNACZENIE<\/strong><\/p>\n<p>Najwa\u017cniejsze jest to, aby wiedzie\u0107, do czego konkretnie b\u0119dziemy wykorzystywa\u0107 rower g\u00f3rski. Zupe\u0142nie inny sprz\u0119t b\u0119dzie s\u0142u\u017cy\u0107 do weekendowych wypad\u00f3w bikeparkowych w g\u00f3ry, gdzie korzystamy z wyci\u0105g\u00f3w i rado\u015b\u0107 czerpiemy ze zjazd\u00f3w; inny do g\u00f3rskiego maratonu czy do kilkusetkilometrowej wyprawy. Przy zakupie oczywi\u015bcie wa\u017cny jest nasz bud\u017cet. Niestety sprz\u0119ty zaawansowane maj\u0105 wysok\u0105 cen\u0119, ale z powodzeniem mo\u017cemy uzyska\u0107 \u015bwietny czas w g\u00f3rach na dobrze dobranym i ustawionym rowerze za trzy tysi\u0105ce z\u0142otych.<\/p>\n<p><strong>RAMA<\/strong><\/p>\n<p>Artyku\u0142 ten kierowany jest do os\u00f3b rozpoczynaj\u0105cych swoj\u0105 przygod\u0119 z kolarstwem g\u00f3rskim, wi\u0119c skoncentruj\u0119 si\u0119 w nim na doborze i ustawieniu prostego roweru, takiego jak na poni\u017cszych zdj\u0119ciach.<\/p>\n<p><a href=\"https:\/\/d2p6e6u75xmxt8.cloudfront.net\/5\/2017\/08\/3.JPG.jpg\"><img loading=\"lazy\" decoding=\"async\" class=\"alignnone size-extra-large wp-image-4956\" src=\"https:\/\/d2p6e6u75xmxt8.cloudfront.net\/5\/2017\/08\/3.JPG-1920x1280.jpg\" alt=\"\" width=\"1920\" height=\"1280\" srcset=\"https:\/\/d2p6e6u75xmxt8.cloudfront.net\/5\/2017\/08\/3.JPG-1920x1280.jpg 1920w, https:\/\/d2p6e6u75xmxt8.cloudfront.net\/5\/2017\/08\/3.JPG-300x200.jpg 300w, https:\/\/d2p6e6u75xmxt8.cloudfront.net\/5\/2017\/08\/3.JPG-768x512.jpg 768w, https:\/\/d2p6e6u75xmxt8.cloudfront.net\/5\/2017\/08\/3.JPG-1024x683.jpg 1024w, https:\/\/d2p6e6u75xmxt8.cloudfront.net\/5\/2017\/08\/3.JPG-272x182.jpg 272w, https:\/\/d2p6e6u75xmxt8.cloudfront.net\/5\/2017\/08\/3.JPG-1920x1280.jpg 1920w\" sizes=\"auto, (max-width: 1920px) 100vw, 1920px\" \/><\/a><\/p>\n<p>Jest to klasyczny aluminiowy \u201ehardtail\u201d, czyli rower bez amortyzacji tylnego ko\u0142a. Taki rower to \u015bwietny wyb\u00f3r na pocz\u0105tek, a jego najwi\u0119ksz\u0105 zalet\u0105 jest du\u017ca uniwersalno\u015b\u0107. Niezwykle wa\u017cny jest odpowiedni rozmiar ramy, producenci cz\u0119sto pos\u0142uguj\u0105 si\u0119 r\u00f3\u017cnymi tabelami dobor\u00f3w wzgl\u0119dem wzrostu i p\u0142ci.<\/p>\n<p><a href=\"https:\/\/d2p6e6u75xmxt8.cloudfront.net\/5\/2017\/08\/16.JPG.jpg\"><img loading=\"lazy\" decoding=\"async\" class=\"alignnone size-extra-large wp-image-4948\" src=\"https:\/\/d2p6e6u75xmxt8.cloudfront.net\/5\/2017\/08\/16.JPG-1920x1280.jpg\" alt=\"\" width=\"1920\" height=\"1280\" srcset=\"https:\/\/d2p6e6u75xmxt8.cloudfront.net\/5\/2017\/08\/16.JPG-1920x1280.jpg 1920w, https:\/\/d2p6e6u75xmxt8.cloudfront.net\/5\/2017\/08\/16.JPG-300x200.jpg 300w, https:\/\/d2p6e6u75xmxt8.cloudfront.net\/5\/2017\/08\/16.JPG-768x512.jpg 768w, https:\/\/d2p6e6u75xmxt8.cloudfront.net\/5\/2017\/08\/16.JPG-1024x683.jpg 1024w, https:\/\/d2p6e6u75xmxt8.cloudfront.net\/5\/2017\/08\/16.JPG-272x182.jpg 272w, https:\/\/d2p6e6u75xmxt8.cloudfront.net\/5\/2017\/08\/16.JPG-1920x1280.jpg 1920w\" sizes=\"auto, (max-width: 1920px) 100vw, 1920px\" \/><\/a><\/p>\n<p>Tabele te s\u0105 pomocne, aczkolwiek diabe\u0142 tkwi w\u00a0szczeg\u00f3\u0142ach. Przymiark\u0119 zaczynamy od sprawdzenia przekroku (odleg\u0142o\u015bci pomi\u0119dzy g\u00f3rn\u0105 rur\u0105 ramy a kroczem). Powinni\u015bmy mie\u0107 luz, co zapewni nam bezpiecznie wchodzenie i schodzenie z\u00a0roweru.<\/p>\n<p>Musimy pami\u0119ta\u0107, \u017ce rower z innego materia\u0142u ni\u017c aluminium (karbon, tytan, dobra stal) b\u0119dzie du\u017co dro\u017cszy. Podobnie ma si\u0119 sprawa z rowerami w pe\u0142ni zawieszonymi. W przypadku roweru w pe\u0142ni zawieszonego musimy pami\u0119ta\u0107, \u017ce warto\u015b\u0107 skoku zawieszenia jest proporcjonalna do rado\u015bci i\u00a0zabawy na zjazdach, ale odwrotnie proporcjonalna do mo\u017cliwo\u015bci na podjazdach. Natomiast rower ze sztywn\u0105 ram\u0105 b\u0119dzie lepiej pi\u0105\u0107 si\u0119 do g\u00f3ry po stromych podjazdach, ale b\u0119dzie gorzej zje\u017cd\u017ca\u0142. Z\u00a0mojego do\u015bwiadczenia wynika, \u017ce tak zwany z\u0142oty \u015brodek to lekki rower w pe\u0142ni zawieszony o\u00a0skoku amortyzacji 120-140 mm i rozmiarze k\u00f3\u0142 27,5 cala. Taki rower dobrze podje\u017cd\u017ca i zje\u017cd\u017ca. Niestety jego du\u017c\u0105 wad\u0105 jest wysoka cena, dlatego na pocz\u0105tek z powodzeniem wystarczy rower bez tylnego zawieszenia.<\/p>\n<p><strong>KO\u0141A <\/strong><\/p>\n<p>Najwi\u0119kszy wp\u0142yw na jazd\u0119 maj\u0105 rama i ko\u0142a. Do niedawna rower g\u00f3rski by\u0142 wyposa\u017cony w ko\u0142a 26\u00a0cali. By\u0142a to jedyna opcja. Dzisiaj producenci k\u00f3\u0142 i ogumienia prze\u015bcigaj\u0105 si\u0119 w tworzeniu nowych \u201estandard\u00f3w\u201d, a decyzja, kt\u00f3ry wybra\u0107, mo\u017ce przyprawi\u0107 o b\u00f3l g\u0142owy. Mamy do wyboru ko\u0142a: 26 \/ 27,5 \/ 29. Nie b\u0119d\u0119 wchodzi\u0142 w szczeg\u00f3\u0142y i rozwi\u0105zania mniej popularne, dlatego pokr\u00f3tce om\u00f3wi\u0119 najcz\u0119\u015bciej spotykane opcje.<\/p>\n<p>&#8211; Ko\u0142a 26: dzi\u015b spotykane s\u0105 w najta\u0144szych rowerach, rozmiar ten \u201eumiera\u201d, a producenci z roku na rok zmniejszaj\u0105 liczb\u0119 modeli na takich ko\u0142ach. Dzi\u0119ki temu przy odrobinie szcz\u0119\u015bcia mo\u017cemy kupi\u0107 naprawd\u0119 dobrze wyposa\u017cony rower sprzed kilku sezon\u00f3w, na \u015bwietnej ramie, w\u00a0bardzo niskiej cenie.<\/p>\n<p style=\"text-align: left;\">&#8211; Ko\u0142a 27,5: to najcz\u0119\u015bciej spotykane rozwi\u0105zanie w dzisiejszych rowerach g\u00f3rskich. Rower na takich ko\u0142ach sprawdza si\u0119 na zjazdach, podjazdach i skokach. Ko\u0142a 27,5 najlepiej spisuj\u0105 si\u0119 w rowerach w\u00a0pe\u0142ni zawieszonych i w dyscyplinach grawitacyjnych (zjazd, enduro). \u0141\u0105cz\u0105 w sobie zalety rozmiaru 26 i 29, a pozbawione s\u0105 ich wad.<\/p>\n<p>&#8211; Ko\u0142a 29: to popularne rozwi\u0105zanie w rowerach do konkurencji kondycyjnych (xc, maraton). \u015awietnie sprawdzaj\u0105 si\u0119 w rowerach bez tylnej amortyzacji. S\u0105 nie do pobicia na d\u0142ugich g\u00f3rskich dystansach i rewelacyjnie przetaczaj\u0105 si\u0119 przez kamienie i korzenie. Rower na ko\u0142ach 29 \u201ewybacza\u201d sporo b\u0142\u0119d\u00f3w kolarza. Do niedawna wad\u0105 by\u0142a wy\u017csza cena takiego sprz\u0119tu, teraz ju\u017c si\u0119 to zmienia. Wyb\u00f3r roweru bez tylnej amortyzacji najcz\u0119\u015bciej wi\u0105\u017ce si\u0119 z zakupem k\u00f3\u0142 29 cali, gdy\u017c &#8211; tak jak pisa\u0142em wcze\u015bniej &#8211;\u00a0 \u015bwietnie sobie one radz\u0105 z nier\u00f3wno\u015bciami.<\/p>\n<p><a href=\"https:\/\/d2p6e6u75xmxt8.cloudfront.net\/5\/2017\/08\/1.JPG.jpg\"><img loading=\"lazy\" decoding=\"async\" class=\"alignnone size-extra-large wp-image-4949\" src=\"https:\/\/d2p6e6u75xmxt8.cloudfront.net\/5\/2017\/08\/1.JPG-1920x1280.jpg\" alt=\"\" width=\"1920\" height=\"1280\" srcset=\"https:\/\/d2p6e6u75xmxt8.cloudfront.net\/5\/2017\/08\/1.JPG-1920x1280.jpg 1920w, https:\/\/d2p6e6u75xmxt8.cloudfront.net\/5\/2017\/08\/1.JPG-300x200.jpg 300w, https:\/\/d2p6e6u75xmxt8.cloudfront.net\/5\/2017\/08\/1.JPG-768x512.jpg 768w, https:\/\/d2p6e6u75xmxt8.cloudfront.net\/5\/2017\/08\/1.JPG-1024x683.jpg 1024w, https:\/\/d2p6e6u75xmxt8.cloudfront.net\/5\/2017\/08\/1.JPG-272x182.jpg 272w, https:\/\/d2p6e6u75xmxt8.cloudfront.net\/5\/2017\/08\/1.JPG-1920x1280.jpg 1920w\" sizes=\"auto, (max-width: 1920px) 100vw, 1920px\" \/><\/a><\/p>\n<p>Jednak dla os\u00f3b ni\u017cszych rower na ko\u0142ach 29 mo\u017ce by\u0107 po prostu zbyt du\u017cy i za ma\u0142o zwrotny \u2013 w\u00a0takim przypadku niezwykle wa\u017cna jest jazda pr\u00f3bna.<\/p>\n<p><strong>KOKPIT\u00a0<\/strong><\/p>\n<p><a href=\"https:\/\/d2p6e6u75xmxt8.cloudfront.net\/5\/2017\/08\/12.JPG.jpg\"><img loading=\"lazy\" decoding=\"async\" class=\"alignnone size-extra-large wp-image-4950\" src=\"https:\/\/d2p6e6u75xmxt8.cloudfront.net\/5\/2017\/08\/12.JPG-1920x1280.jpg\" alt=\"\" width=\"1920\" height=\"1280\" srcset=\"https:\/\/d2p6e6u75xmxt8.cloudfront.net\/5\/2017\/08\/12.JPG-1920x1280.jpg 1920w, https:\/\/d2p6e6u75xmxt8.cloudfront.net\/5\/2017\/08\/12.JPG-300x200.jpg 300w, https:\/\/d2p6e6u75xmxt8.cloudfront.net\/5\/2017\/08\/12.JPG-768x512.jpg 768w, https:\/\/d2p6e6u75xmxt8.cloudfront.net\/5\/2017\/08\/12.JPG-1024x683.jpg 1024w, https:\/\/d2p6e6u75xmxt8.cloudfront.net\/5\/2017\/08\/12.JPG-272x182.jpg 272w, https:\/\/d2p6e6u75xmxt8.cloudfront.net\/5\/2017\/08\/12.JPG-1920x1280.jpg 1920w\" sizes=\"auto, (max-width: 1920px) 100vw, 1920px\" \/><\/a><\/p>\n<p>Dzi\u0119ki mo\u017cliwo\u015bci zmiany kierownicy i jej wspornika (mostka) mo\u017cemy bardzo dobrze dostosowa\u0107 rower do naszych potrzeb. Im d\u0142u\u017cszy mostek, tym rower b\u0119dzie lepiej podje\u017cd\u017ca\u0142. Kr\u00f3tszy mostek znacznie u\u0142atwi nam zje\u017cd\u017canie i skr\u0119canie. Czasem pomocne jest odwr\u00f3cenie do \u201eg\u00f3ry nogami\u201d samego mostka i prze\u0142o\u017cenie podk\u0142adek.<\/p>\n<p><a href=\"https:\/\/d2p6e6u75xmxt8.cloudfront.net\/5\/2017\/08\/10.JPG.jpg\"><img loading=\"lazy\" decoding=\"async\" class=\"alignnone size-extra-large wp-image-4957\" src=\"https:\/\/d2p6e6u75xmxt8.cloudfront.net\/5\/2017\/08\/10.JPG-1920x1280.jpg\" alt=\"\" width=\"1920\" height=\"1280\" srcset=\"https:\/\/d2p6e6u75xmxt8.cloudfront.net\/5\/2017\/08\/10.JPG-1920x1280.jpg 1920w, https:\/\/d2p6e6u75xmxt8.cloudfront.net\/5\/2017\/08\/10.JPG-300x200.jpg 300w, https:\/\/d2p6e6u75xmxt8.cloudfront.net\/5\/2017\/08\/10.JPG-768x512.jpg 768w, https:\/\/d2p6e6u75xmxt8.cloudfront.net\/5\/2017\/08\/10.JPG-1024x683.jpg 1024w, https:\/\/d2p6e6u75xmxt8.cloudfront.net\/5\/2017\/08\/10.JPG-272x182.jpg 272w, https:\/\/d2p6e6u75xmxt8.cloudfront.net\/5\/2017\/08\/10.JPG-1920x1280.jpg 1920w\" sizes=\"auto, (max-width: 1920px) 100vw, 1920px\" \/><\/a><\/p>\n<p>To samo tyczy si\u0119 kierownicy. Na kierownicy szerokiej, kt\u00f3ra ma wznios (jest wygi\u0119ta do g\u00f3ry), b\u0119dzie nam si\u0119 du\u017co lepiej skr\u0119ca\u0142o i zje\u017cd\u017ca\u0142o ni\u017c na w\u0119\u017cszej, prostej kierownicy &#8211; \u015bwietnie nadaj\u0105cej si\u0119 na podjazdy czy wielogodzinne \u201enawijanie\u201d kilometr\u00f3w.<\/p>\n<p><strong>PEDA\u0141Y<\/strong><\/p>\n<p>Bardzo wa\u017cny dla bezpiecze\u0144stwa i komfortu jazdy jest dobry wyb\u00f3r peda\u0142\u00f3w. Nie rozumiem, dlaczego prawie ka\u017cdy pocz\u0105tkuj\u0105cy chce je\u017adzi\u0107 w peda\u0142ach zatrzaskowych SPD. W nauce techniki jazdy na MTB zdecydowanie lepiej sprawdzaj\u0105 si\u0119 peda\u0142y platformowe, kt\u00f3re uchroni\u0105 nas zar\u00f3wno od wielu b\u0142ahych, jak i bardziej powa\u017cnych upadk\u00f3w.<\/p>\n<p><a href=\"https:\/\/d2p6e6u75xmxt8.cloudfront.net\/5\/2017\/08\/18.jpg\"><img loading=\"lazy\" decoding=\"async\" class=\"alignnone size-full wp-image-4951\" src=\"https:\/\/d2p6e6u75xmxt8.cloudfront.net\/5\/2017\/08\/18.jpg\" alt=\"\" width=\"587\" height=\"692\" srcset=\"https:\/\/d2p6e6u75xmxt8.cloudfront.net\/5\/2017\/08\/18.jpg 587w, https:\/\/d2p6e6u75xmxt8.cloudfront.net\/5\/2017\/08\/18-254x300.jpg 254w\" sizes=\"auto, (max-width: 587px) 100vw, 587px\" \/><\/a><span style=\"font-size: 10pt; color: #808080;\">Peda\u0142y platformowe<\/span><\/p>\n<p>Dodatkowo, w czasie ro\u017cnych sytuacji na szlaku, wymusz\u0105 wyrobienie poprawnych nawyk\u00f3w. Je\u017celi decydujemy si\u0119 na peda\u0142y platformowe, musimy zakupi\u0107 porz\u0105dny model z tak zwanymi pinami, czyli wkr\u0119tami, kt\u00f3re zapewni\u0105 dobre trzymanie dla buta.\u00a0 Peda\u0142y zatrzaskowe SPD sprawuj\u0105 si\u0119 za to \u015bwietnie w konkurencjach wytrzyma\u0142o\u015bciowych.<\/p>\n<p><a href=\"https:\/\/d2p6e6u75xmxt8.cloudfront.net\/5\/2017\/08\/13.JPG.jpg\"><img loading=\"lazy\" decoding=\"async\" class=\"alignnone size-extra-large wp-image-4952\" src=\"https:\/\/d2p6e6u75xmxt8.cloudfront.net\/5\/2017\/08\/13.JPG-1920x1280.jpg\" alt=\"\" width=\"1920\" height=\"1280\" srcset=\"https:\/\/d2p6e6u75xmxt8.cloudfront.net\/5\/2017\/08\/13.JPG-1920x1280.jpg 1920w, https:\/\/d2p6e6u75xmxt8.cloudfront.net\/5\/2017\/08\/13.JPG-300x200.jpg 300w, https:\/\/d2p6e6u75xmxt8.cloudfront.net\/5\/2017\/08\/13.JPG-768x512.jpg 768w, https:\/\/d2p6e6u75xmxt8.cloudfront.net\/5\/2017\/08\/13.JPG-1024x683.jpg 1024w, https:\/\/d2p6e6u75xmxt8.cloudfront.net\/5\/2017\/08\/13.JPG-272x182.jpg 272w, https:\/\/d2p6e6u75xmxt8.cloudfront.net\/5\/2017\/08\/13.JPG-1920x1280.jpg 1920w\" sizes=\"auto, (max-width: 1920px) 100vw, 1920px\" \/><\/a><\/p>\n<p><strong>HAMULCE<\/strong><\/p>\n<p>Hamulce w rowerze g\u00f3rskim s\u0105 niezwykle istotne &#8211; na ich temat mo\u017cna napisa\u0107 osobny obszerny artyku\u0142. Tutaj skoncentrujemy si\u0119 na podstawach dla pocz\u0105tkuj\u0105cych. Najwa\u017cniejsze, aby nasz rower mia\u0142 hydrauliczne hamulce tarczowe. Dzi\u015b praktycznie ka\u017cdy rower jest na \u201etarcz\u00f3wkach\u201d, natomiast czasem warto do\u0142o\u017cy\u0107 troch\u0119 wi\u0119cej pieni\u0119dzy, aby u\u017cywa\u0107 roweru z hydraulicznymi hamulcami tarczowymi.<\/p>\n<p><a href=\"https:\/\/d2p6e6u75xmxt8.cloudfront.net\/5\/2017\/08\/15.JPG.jpg\"><img loading=\"lazy\" decoding=\"async\" class=\"alignnone size-extra-large wp-image-4953\" src=\"https:\/\/d2p6e6u75xmxt8.cloudfront.net\/5\/2017\/08\/15.JPG-1920x1280.jpg\" alt=\"\" width=\"1920\" height=\"1280\" srcset=\"https:\/\/d2p6e6u75xmxt8.cloudfront.net\/5\/2017\/08\/15.JPG-1920x1280.jpg 1920w, https:\/\/d2p6e6u75xmxt8.cloudfront.net\/5\/2017\/08\/15.JPG-300x200.jpg 300w, https:\/\/d2p6e6u75xmxt8.cloudfront.net\/5\/2017\/08\/15.JPG-768x512.jpg 768w, https:\/\/d2p6e6u75xmxt8.cloudfront.net\/5\/2017\/08\/15.JPG-1024x683.jpg 1024w, https:\/\/d2p6e6u75xmxt8.cloudfront.net\/5\/2017\/08\/15.JPG-272x182.jpg 272w, https:\/\/d2p6e6u75xmxt8.cloudfront.net\/5\/2017\/08\/15.JPG-1920x1280.jpg 1920w\" sizes=\"auto, (max-width: 1920px) 100vw, 1920px\" \/><\/a><\/p>\n<p><a href=\"https:\/\/d2p6e6u75xmxt8.cloudfront.net\/5\/2017\/08\/17.JPG.jpg\"><img loading=\"lazy\" decoding=\"async\" class=\"alignnone size-extra-large wp-image-4954\" src=\"https:\/\/d2p6e6u75xmxt8.cloudfront.net\/5\/2017\/08\/17.JPG-1920x1280.jpg\" alt=\"\" width=\"1920\" height=\"1280\" srcset=\"https:\/\/d2p6e6u75xmxt8.cloudfront.net\/5\/2017\/08\/17.JPG-1920x1280.jpg 1920w, https:\/\/d2p6e6u75xmxt8.cloudfront.net\/5\/2017\/08\/17.JPG-300x200.jpg 300w, https:\/\/d2p6e6u75xmxt8.cloudfront.net\/5\/2017\/08\/17.JPG-768x512.jpg 768w, https:\/\/d2p6e6u75xmxt8.cloudfront.net\/5\/2017\/08\/17.JPG-1024x683.jpg 1024w, https:\/\/d2p6e6u75xmxt8.cloudfront.net\/5\/2017\/08\/17.JPG-272x182.jpg 272w, https:\/\/d2p6e6u75xmxt8.cloudfront.net\/5\/2017\/08\/17.JPG-1920x1280.jpg 1920w\" sizes=\"auto, (max-width: 1920px) 100vw, 1920px\" \/><\/a><\/p>\n<p>Ta\u0144sze modele hamulc\u00f3w tarczowych dzia\u0142aj\u0105 na lince &#8211; to rozwi\u0105zanie sprawdza si\u0119 w miastach, ale nie w g\u00f3rach. Niezwykle wa\u017cne jest to, aby nasze hamulce nie by\u0142y zapowietrzone. \u0141atwo to mo\u017cemy wyczu\u0107 po \u201eg\u0105bczastej\u201d pracy d\u017awigni hamulcowej. Wychodz\u0105c lekko poza wiedz\u0119 podstawow\u0105, kilka s\u0142\u00f3w na temat rozmiaru tarcz hamulcowych. Im wi\u0119ksze ko\u0142a w\u00a0rowerze i im ci\u0119\u017cszy kolarz, tym wi\u0119cej ciep\u0142a generuje hamowanie. Je\u017celi mamy ko\u0142a 29 cali, na ma\u0142ych tarczach 160 mm, z hamulcem niehydraulicznym i kolarzem wa\u017c\u0105cym 85 kg, to po kilkuset metrach zjazdu w g\u00f3rach zestaw taki nie b\u0119dzie praktycznie hamowa\u0107.<\/p>\n<p><strong>NAP\u0118D <\/strong><\/p>\n<p>Nap\u0119d to temat wielu spor\u00f3w i dyskusji na r\u00f3\u017cnych kolarskich forach. Prawda jest taka, \u017ce nie nap\u0119d, a nasze nogi i regularne treningi maj\u0105 najwa\u017cniejszy wp\u0142yw na nasz\u0105 jazd\u0119 i nie mo\u017cemy o tym zapomina\u0107. Na rynku dost\u0119pnych jest wiele opcji, od zestaw\u00f3w prze\u0142o\u017ce\u0144 3&#215;8 \/ 3&#215;9 (trzy z przodu i\u00a0osiem, dziewi\u0119\u0107 z ty\u0142u), po bardzo drogie wyczynowe 1&#215;12.<\/p>\n<p><a href=\"https:\/\/d2p6e6u75xmxt8.cloudfront.net\/5\/2017\/08\/7.JPG.jpg\"><img loading=\"lazy\" decoding=\"async\" class=\"alignnone size-extra-large wp-image-4955\" src=\"https:\/\/d2p6e6u75xmxt8.cloudfront.net\/5\/2017\/08\/7.JPG-1920x1280.jpg\" alt=\"\" width=\"1920\" height=\"1280\" srcset=\"https:\/\/d2p6e6u75xmxt8.cloudfront.net\/5\/2017\/08\/7.JPG-1920x1280.jpg 1920w, https:\/\/d2p6e6u75xmxt8.cloudfront.net\/5\/2017\/08\/7.JPG-300x200.jpg 300w, https:\/\/d2p6e6u75xmxt8.cloudfront.net\/5\/2017\/08\/7.JPG-768x512.jpg 768w, https:\/\/d2p6e6u75xmxt8.cloudfront.net\/5\/2017\/08\/7.JPG-1024x683.jpg 1024w, https:\/\/d2p6e6u75xmxt8.cloudfront.net\/5\/2017\/08\/7.JPG-272x182.jpg 272w, https:\/\/d2p6e6u75xmxt8.cloudfront.net\/5\/2017\/08\/7.JPG-1920x1280.jpg 1920w\" sizes=\"auto, (max-width: 1920px) 100vw, 1920px\" \/><\/a><span style=\"font-size: 10pt; color: #808080;\">Zestaw prze\u0142o\u017ce\u0144 3&#215;8 \/ 3&#215;9<\/span><\/p>\n<p>Zestawy nap\u0119dowe bez przedniej przerzutki, ale z du\u017c\u0105 rozpi\u0119to\u015bci\u0105 prze\u0142o\u017ce\u0144 z ty\u0142u znajdziemy w rowerach dro\u017cszych, a rozwi\u0105zania dwu-, trzyrz\u0119dowe plus przednia przerzutka w rowerach ta\u0144szych. Rozwi\u0105zanie bez przedniej przerzutki jest l\u017cejsze i fajniej wygl\u0105da. U\u017cywa si\u0119 go do zawod\u00f3w. Natomiast na ca\u0142y dzie\u0144 jazdy w g\u00f3rach czy do turystyki dla os\u00f3b mniej wytrenowanych lepiej sprawdza si\u0119 nap\u0119d z przedni\u0105 przerzutk\u0105. W przypadku potrzeby wymiany kasety czy \u0142a\u0144cucha, cena cz\u0119\u015bci w zestawach bez przedniej przerzutki jest znacznie wy\u017csza od nap\u0119du klasycznego.<\/p>\n<p>Najwa\u017cniejsze jest to, aby\u015bmy nie dali si\u0119 zwariowa\u0107 wszystkim katalogom i has\u0142om producent\u00f3w, rower musi by\u0107 dobrze dobrany, ale ostatecznie to kolarz robi ca\u0142\u0105 robot\u0119! Do zobaczenia na szlakach!<\/p>\n","protected":false},"excerpt":{"rendered":"<p>W dzisiejszym materiale zajmiemy si\u0119 doborem w\u0142a\u015bciwego roweru g\u00f3rskiego, przystosowanego do naszych potrzeb. Od trafnego wyboru sprz\u0119tu zale\u017cy, czy jazda [&hellip;]<\/p>\n","protected":false},"author":76,"featured_media":4960,"comment_status":"open","ping_status":"open","sticky":false,"template":"","format":"standard","meta":{"footnotes":""},"categories":[5],"tags":[198,22,134,197,82],"global-categories":[],"class_list":["post-4947","post","type-post","status-publish","format-standard","has-post-thumbnail","hentry","category-outdoormtb","tag-bloger","tag-mtb","tag-piotr-szwed-szwedowski","tag-rower-gorski","tag-welovecycling"],"yoast_head":"<!-- This site is optimized with the Yoast SEO Premium plugin v25.3 (Yoast SEO v25.9) - https:\/\/yoast.com\/wordpress\/plugins\/seo\/ -->\n<title>Piotr Szwedowski: Dob\u00f3r roweru g\u00f3rskiego - \u0160koda We Love Cycling - Poland<\/title>\n<meta name=\"robots\" content=\"index, follow, max-snippet:-1, max-image-preview:large, max-video-preview:-1\" \/>\n<link rel=\"canonical\" href=\"https:\/\/www.welovecycling.com\/pl\/2017\/08\/17\/piotr-szwedowski-dobor-roweru-gorskiego\/\" \/>\n<meta property=\"og:locale\" content=\"pl_PL\" \/>\n<meta property=\"og:type\" content=\"article\" \/>\n<meta property=\"og:title\" content=\"Piotr Szwedowski: Dob\u00f3r roweru g\u00f3rskiego\" \/>\n<meta property=\"og:description\" content=\"W dzisiejszym materiale zajmiemy si\u0119 doborem w\u0142a\u015bciwego roweru g\u00f3rskiego, przystosowanego do naszych potrzeb. Od trafnego wyboru sprz\u0119tu zale\u017cy, czy jazda [&hellip;]\" \/>\n<meta property=\"og:url\" content=\"https:\/\/www.welovecycling.com\/pl\/2017\/08\/17\/piotr-szwedowski-dobor-roweru-gorskiego\/\" \/>\n<meta property=\"og:site_name\" content=\"\u0160koda We Love Cycling - Poland\" \/>\n<meta property=\"article:published_time\" content=\"2017-08-17T14:36:14+00:00\" \/>\n<meta property=\"article:modified_time\" content=\"2017-08-21T17:46:53+00:00\" \/>\n<meta property=\"og:image\" content=\"https:\/\/d2p6e6u75xmxt8.cloudfront.net\/5\/2017\/08\/4.JPG-1024x683.jpg\" \/>\n\t<meta property=\"og:image:width\" content=\"1024\" \/>\n\t<meta property=\"og:image:height\" content=\"683\" \/>\n\t<meta property=\"og:image:type\" content=\"image\/jpeg\" \/>\n<meta name=\"author\" content=\"piotrboczkowski\" \/>\n<meta name=\"twitter:card\" content=\"summary_large_image\" \/>\n<meta name=\"twitter:label1\" content=\"Written by\" \/>\n\t<meta name=\"twitter:data1\" content=\"Piotr \u201eSzwed\u201d Szwedowski\" \/>\n\t<meta name=\"twitter:label2\" content=\"Est. reading time\" \/>\n\t<meta name=\"twitter:data2\" content=\"7 minutes\" \/>\n<script type=\"application\/ld+json\" class=\"yoast-schema-graph\">{\"@context\":\"https:\/\/schema.org\",\"@graph\":[{\"@type\":\"WebPage\",\"@id\":\"https:\/\/www.welovecycling.com\/pl\/2017\/08\/17\/piotr-szwedowski-dobor-roweru-gorskiego\/\",\"url\":\"https:\/\/www.welovecycling.com\/pl\/2017\/08\/17\/piotr-szwedowski-dobor-roweru-gorskiego\/\",\"name\":\"Piotr Szwedowski: Dob\u00f3r roweru g\u00f3rskiego - \u0160koda We Love Cycling - Poland\",\"isPartOf\":{\"@id\":\"https:\/\/www.welovecycling.com\/pl\/#website\"},\"primaryImageOfPage\":{\"@id\":\"https:\/\/www.welovecycling.com\/pl\/2017\/08\/17\/piotr-szwedowski-dobor-roweru-gorskiego\/#primaryimage\"},\"image\":{\"@id\":\"https:\/\/www.welovecycling.com\/pl\/2017\/08\/17\/piotr-szwedowski-dobor-roweru-gorskiego\/#primaryimage\"},\"thumbnailUrl\":\"https:\/\/d2p6e6u75xmxt8.cloudfront.net\/5\/2017\/08\/4.JPG.jpg\",\"datePublished\":\"2017-08-17T14:36:14+00:00\",\"dateModified\":\"2017-08-21T17:46:53+00:00\",\"author\":{\"@id\":\"https:\/\/www.welovecycling.com\/pl\/#\/schema\/person\/0dba2d39da943db9df3fd8f4687e7f23\"},\"breadcrumb\":{\"@id\":\"https:\/\/www.welovecycling.com\/pl\/2017\/08\/17\/piotr-szwedowski-dobor-roweru-gorskiego\/#breadcrumb\"},\"inLanguage\":\"pl-PL\",\"potentialAction\":[{\"@type\":\"ReadAction\",\"target\":[\"https:\/\/www.welovecycling.com\/pl\/2017\/08\/17\/piotr-szwedowski-dobor-roweru-gorskiego\/\"]}]},{\"@type\":\"ImageObject\",\"inLanguage\":\"pl-PL\",\"@id\":\"https:\/\/www.welovecycling.com\/pl\/2017\/08\/17\/piotr-szwedowski-dobor-roweru-gorskiego\/#primaryimage\",\"url\":\"https:\/\/d2p6e6u75xmxt8.cloudfront.net\/5\/2017\/08\/4.JPG.jpg\",\"contentUrl\":\"https:\/\/d2p6e6u75xmxt8.cloudfront.net\/5\/2017\/08\/4.JPG.jpg\",\"width\":3464,\"height\":2309},{\"@type\":\"BreadcrumbList\",\"@id\":\"https:\/\/www.welovecycling.com\/pl\/2017\/08\/17\/piotr-szwedowski-dobor-roweru-gorskiego\/#breadcrumb\",\"itemListElement\":[{\"@type\":\"ListItem\",\"position\":1,\"name\":\"Home\",\"item\":\"https:\/\/www.welovecycling.com\/pl\/\"},{\"@type\":\"ListItem\",\"position\":2,\"name\":\"Piotr Szwedowski: Dob\u00f3r roweru g\u00f3rskiego\"}]},{\"@type\":\"WebSite\",\"@id\":\"https:\/\/www.welovecycling.com\/pl\/#website\",\"url\":\"https:\/\/www.welovecycling.com\/pl\/\",\"name\":\"\u0160koda We Love Cycling - Poland\",\"description\":\"\",\"potentialAction\":[{\"@type\":\"SearchAction\",\"target\":{\"@type\":\"EntryPoint\",\"urlTemplate\":\"https:\/\/www.welovecycling.com\/pl\/?s={search_term_string}\"},\"query-input\":{\"@type\":\"PropertyValueSpecification\",\"valueRequired\":true,\"valueName\":\"search_term_string\"}}],\"inLanguage\":\"pl-PL\"},{\"@type\":\"Person\",\"@id\":\"https:\/\/www.welovecycling.com\/pl\/#\/schema\/person\/0dba2d39da943db9df3fd8f4687e7f23\",\"name\":\"piotrboczkowski\",\"image\":{\"@type\":\"ImageObject\",\"inLanguage\":\"pl-PL\",\"@id\":\"https:\/\/www.welovecycling.com\/pl\/#\/schema\/person\/image\/\",\"url\":\"https:\/\/secure.gravatar.com\/avatar\/533caccae14752e03a2ce2d3fd62d1b98b93e1393c3195c27819e53344ca1ace?s=96&d=mm&r=g\",\"contentUrl\":\"https:\/\/secure.gravatar.com\/avatar\/533caccae14752e03a2ce2d3fd62d1b98b93e1393c3195c27819e53344ca1ace?s=96&d=mm&r=g\",\"caption\":\"piotrboczkowski\"},\"url\":\"https:\/\/www.welovecycling.com\/pl\/author\/piotrboczkowski\/\"}]}<\/script>\n<!-- \/ Yoast SEO Premium plugin. -->","yoast_head_json":{"title":"Piotr Szwedowski: Dob\u00f3r roweru g\u00f3rskiego - \u0160koda We Love Cycling - Poland","robots":{"index":"index","follow":"follow","max-snippet":"max-snippet:-1","max-image-preview":"max-image-preview:large","max-video-preview":"max-video-preview:-1"},"canonical":"https:\/\/www.welovecycling.com\/pl\/2017\/08\/17\/piotr-szwedowski-dobor-roweru-gorskiego\/","og_locale":"pl_PL","og_type":"article","og_title":"Piotr Szwedowski: Dob\u00f3r roweru g\u00f3rskiego","og_description":"W dzisiejszym materiale zajmiemy si\u0119 doborem w\u0142a\u015bciwego roweru g\u00f3rskiego, przystosowanego do naszych potrzeb. Od trafnego wyboru sprz\u0119tu zale\u017cy, czy jazda [&hellip;]","og_url":"https:\/\/www.welovecycling.com\/pl\/2017\/08\/17\/piotr-szwedowski-dobor-roweru-gorskiego\/","og_site_name":"\u0160koda We Love Cycling - Poland","article_published_time":"2017-08-17T14:36:14+00:00","article_modified_time":"2017-08-21T17:46:53+00:00","og_image":[{"width":1024,"height":683,"url":"https:\/\/d2p6e6u75xmxt8.cloudfront.net\/5\/2017\/08\/4.JPG-1024x683.jpg","type":"image\/jpeg"}],"author":"piotrboczkowski","twitter_card":"summary_large_image","twitter_misc":{"Written by":"Piotr \u201eSzwed\u201d Szwedowski","Est. reading time":"7 minutes"},"schema":{"@context":"https:\/\/schema.org","@graph":[{"@type":"WebPage","@id":"https:\/\/www.welovecycling.com\/pl\/2017\/08\/17\/piotr-szwedowski-dobor-roweru-gorskiego\/","url":"https:\/\/www.welovecycling.com\/pl\/2017\/08\/17\/piotr-szwedowski-dobor-roweru-gorskiego\/","name":"Piotr Szwedowski: Dob\u00f3r roweru g\u00f3rskiego - \u0160koda We Love Cycling - Poland","isPartOf":{"@id":"https:\/\/www.welovecycling.com\/pl\/#website"},"primaryImageOfPage":{"@id":"https:\/\/www.welovecycling.com\/pl\/2017\/08\/17\/piotr-szwedowski-dobor-roweru-gorskiego\/#primaryimage"},"image":{"@id":"https:\/\/www.welovecycling.com\/pl\/2017\/08\/17\/piotr-szwedowski-dobor-roweru-gorskiego\/#primaryimage"},"thumbnailUrl":"https:\/\/d2p6e6u75xmxt8.cloudfront.net\/5\/2017\/08\/4.JPG.jpg","datePublished":"2017-08-17T14:36:14+00:00","dateModified":"2017-08-21T17:46:53+00:00","author":{"@id":"https:\/\/www.welovecycling.com\/pl\/#\/schema\/person\/0dba2d39da943db9df3fd8f4687e7f23"},"breadcrumb":{"@id":"https:\/\/www.welovecycling.com\/pl\/2017\/08\/17\/piotr-szwedowski-dobor-roweru-gorskiego\/#breadcrumb"},"inLanguage":"pl-PL","potentialAction":[{"@type":"ReadAction","target":["https:\/\/www.welovecycling.com\/pl\/2017\/08\/17\/piotr-szwedowski-dobor-roweru-gorskiego\/"]}]},{"@type":"ImageObject","inLanguage":"pl-PL","@id":"https:\/\/www.welovecycling.com\/pl\/2017\/08\/17\/piotr-szwedowski-dobor-roweru-gorskiego\/#primaryimage","url":"https:\/\/d2p6e6u75xmxt8.cloudfront.net\/5\/2017\/08\/4.JPG.jpg","contentUrl":"https:\/\/d2p6e6u75xmxt8.cloudfront.net\/5\/2017\/08\/4.JPG.jpg","width":3464,"height":2309},{"@type":"BreadcrumbList","@id":"https:\/\/www.welovecycling.com\/pl\/2017\/08\/17\/piotr-szwedowski-dobor-roweru-gorskiego\/#breadcrumb","itemListElement":[{"@type":"ListItem","position":1,"name":"Home","item":"https:\/\/www.welovecycling.com\/pl\/"},{"@type":"ListItem","position":2,"name":"Piotr Szwedowski: Dob\u00f3r roweru g\u00f3rskiego"}]},{"@type":"WebSite","@id":"https:\/\/www.welovecycling.com\/pl\/#website","url":"https:\/\/www.welovecycling.com\/pl\/","name":"\u0160koda We Love Cycling - Poland","description":"","potentialAction":[{"@type":"SearchAction","target":{"@type":"EntryPoint","urlTemplate":"https:\/\/www.welovecycling.com\/pl\/?s={search_term_string}"},"query-input":{"@type":"PropertyValueSpecification","valueRequired":true,"valueName":"search_term_string"}}],"inLanguage":"pl-PL"},{"@type":"Person","@id":"https:\/\/www.welovecycling.com\/pl\/#\/schema\/person\/0dba2d39da943db9df3fd8f4687e7f23","name":"piotrboczkowski","image":{"@type":"ImageObject","inLanguage":"pl-PL","@id":"https:\/\/www.welovecycling.com\/pl\/#\/schema\/person\/image\/","url":"https:\/\/secure.gravatar.com\/avatar\/533caccae14752e03a2ce2d3fd62d1b98b93e1393c3195c27819e53344ca1ace?s=96&d=mm&r=g","contentUrl":"https:\/\/secure.gravatar.com\/avatar\/533caccae14752e03a2ce2d3fd62d1b98b93e1393c3195c27819e53344ca1ace?s=96&d=mm&r=g","caption":"piotrboczkowski"},"url":"https:\/\/www.welovecycling.com\/pl\/author\/piotrboczkowski\/"}]}},"_links":{"self":[{"href":"https:\/\/www.welovecycling.com\/pl\/wp-json\/wp\/v2\/posts\/4947","targetHints":{"allow":["GET"]}}],"collection":[{"href":"https:\/\/www.welovecycling.com\/pl\/wp-json\/wp\/v2\/posts"}],"about":[{"href":"https:\/\/www.welovecycling.com\/pl\/wp-json\/wp\/v2\/types\/post"}],"author":[{"embeddable":true,"href":"https:\/\/www.welovecycling.com\/pl\/wp-json\/wp\/v2\/users\/76"}],"replies":[{"embeddable":true,"href":"https:\/\/www.welovecycling.com\/pl\/wp-json\/wp\/v2\/comments?post=4947"}],"version-history":[{"count":2,"href":"https:\/\/www.welovecycling.com\/pl\/wp-json\/wp\/v2\/posts\/4947\/revisions"}],"predecessor-version":[{"id":4984,"href":"https:\/\/www.welovecycling.com\/pl\/wp-json\/wp\/v2\/posts\/4947\/revisions\/4984"}],"wp:featuredmedia":[{"embeddable":true,"href":"https:\/\/www.welovecycling.com\/pl\/wp-json\/wp\/v2\/media\/4960"}],"wp:attachment":[{"href":"https:\/\/www.welovecycling.com\/pl\/wp-json\/wp\/v2\/media?parent=4947"}],"wp:term":[{"taxonomy":"category","embeddable":true,"href":"https:\/\/www.welovecycling.com\/pl\/wp-json\/wp\/v2\/categories?post=4947"},{"taxonomy":"post_tag","embeddable":true,"href":"https:\/\/www.welovecycling.com\/pl\/wp-json\/wp\/v2\/tags?post=4947"},{"taxonomy":"global-categories","embeddable":true,"href":"https:\/\/www.welovecycling.com\/pl\/wp-json\/wp\/v2\/global-categories?post=4947"}],"curies":[{"name":"wp","href":"https:\/\/api.w.org\/{rel}","templated":true}]}}