{"id":4939,"date":"2017-08-22T14:29:32","date_gmt":"2017-08-22T14:29:32","guid":{"rendered":"https:\/\/www.welovecycling.com\/pl\/?p=4939"},"modified":"2017-08-23T09:24:45","modified_gmt":"2017-08-23T09:24:45","slug":"legenda-polskiego-kolarstwa-zamienila-siodelko-wygodny-fotel-wciaz-czuje-emocje","status":"publish","type":"post","link":"https:\/\/www.welovecycling.com\/pl\/2017\/08\/22\/legenda-polskiego-kolarstwa-zamienila-siodelko-wygodny-fotel-wciaz-czuje-emocje\/","title":{"rendered":"Legenda polskiego kolarstwa zamieni\u0142a siode\u0142ko na wygodny fotel. \u201eAle wci\u0105\u017c czuj\u0119 emocje\u201d."},"content":{"rendered":"<div id=\"pl-4939\"  class=\"panel-layout\"><div id=\"pg-4939-0\"  class=\"panel-grid panel-no-style\"><div id=\"pgc-4939-0-0\"  class=\"panel-grid-cell\"><div id=\"panel-4939-0-0-0\" class=\"so-panel widget widget_sow-editor panel-first-child\" data-index=\"0\"><div\n\t\t\t\n\t\t\tclass=\"so-widget-sow-editor so-widget-sow-editor-base\">\n<div class=\"siteorigin-widget-tinymce textwidget\">\n\t<p><strong>Kilka lat temu wskakiwa\u0142 na siode\u0142ko, mocowa\u0142 bidon, wciska\u0142 kask i kr\u0119ci\u0142. I to jak kr\u0119ci\u0142! 11-krotny uczestnik wielkich tour\u00f3w, 9-krotny mistrz Polski, 3-krotny zwyci\u0119zca Tour de Pologne.\u00a0Dzi\u015b siada w fotelu, bidon k\u0142adzie obok, a na g\u0142ow\u0119 zamiast kasku zak\u0142ada s\u0142uchawki. Ci\u0105gle jednak jest przy kolarstwie, ju\u017c nie jako zawodnik, ale komentator.\u00a0O tym, dlaczego Tour de France jest magiczny, komentatorska dziupla stresuj\u0105ca, a spodenki kolarskie czasem zb\u0119dne, opowiada specjalnie dla WeLoveCycling.pl Dariusz Baranowski, legendarny polski kolarz, dzi\u015b komentator Eurosportu.<\/strong><\/p>\n<p><\/p><\/div><\/div><\/div><\/div><\/div><\/div><p> <a href=\"https:\/\/www.welovecycling.com\/pl\/2017\/08\/22\/legenda-polskiego-kolarstwa-zamienila-siodelko-wygodny-fotel-wciaz-czuje-emocje\/#more-4939\" class=\"more-link\">Read More<\/a><\/p>","protected":false},"excerpt":{"rendered":"<p>Kilka lat temu wskakiwa\u0142 na siode\u0142ko, mocowa\u0142 bidon, wciska\u0142 kask i kr\u0119ci\u0142. I to jak kr\u0119ci\u0142! 11-krotny uczestnik wielkich tour\u00f3w, [&hellip;]<\/p>\n","protected":false},"author":76,"featured_media":5012,"comment_status":"open","ping_status":"open","sticky":false,"template":"","format":"standard","meta":{"footnotes":""},"categories":[6],"tags":[199,151,82,154],"global-categories":[],"class_list":["post-4939","post","type-post","status-publish","format-standard","has-post-thumbnail","hentry","category-kolarstwo-szosowe","tag-dariusz-baranowski","tag-kolarstwo-szosowe","tag-welovecycling","tag-wywiad"],"yoast_head":"<!-- This site is optimized with the Yoast SEO Premium plugin v25.3 (Yoast SEO v25.9) - https:\/\/yoast.com\/wordpress\/plugins\/seo\/ -->\n<title>Legenda polskiego kolarstwa zamieni\u0142a siode\u0142ko na wygodny fotel. \u201eAle wci\u0105\u017c czuj\u0119 emocje\u201d. - \u0160koda We Love Cycling - Poland<\/title>\n<meta name=\"robots\" content=\"index, follow, max-snippet:-1, max-image-preview:large, max-video-preview:-1\" \/>\n<link rel=\"canonical\" href=\"https:\/\/www.welovecycling.com\/pl\/2017\/08\/22\/legenda-polskiego-kolarstwa-zamienila-siodelko-wygodny-fotel-wciaz-czuje-emocje\/\" \/>\n<meta property=\"og:locale\" content=\"pl_PL\" \/>\n<meta property=\"og:type\" content=\"article\" \/>\n<meta property=\"og:title\" content=\"Legenda polskiego kolarstwa zamieni\u0142a siode\u0142ko na wygodny fotel. \u201eAle wci\u0105\u017c czuj\u0119 emocje\u201d.\" \/>\n<meta property=\"og:description\" content=\"Kilka lat temu wskakiwa\u0142 na siode\u0142ko, mocowa\u0142 bidon, wciska\u0142 kask i kr\u0119ci\u0142. I to jak kr\u0119ci\u0142! 11-krotny uczestnik wielkich tour\u00f3w, [&hellip;]\" \/>\n<meta property=\"og:url\" content=\"https:\/\/www.welovecycling.com\/pl\/2017\/08\/22\/legenda-polskiego-kolarstwa-zamienila-siodelko-wygodny-fotel-wciaz-czuje-emocje\/\" \/>\n<meta property=\"og:site_name\" content=\"\u0160koda We Love Cycling - Poland\" \/>\n<meta property=\"article:published_time\" content=\"2017-08-22T14:29:32+00:00\" \/>\n<meta property=\"article:modified_time\" content=\"2017-08-23T09:24:45+00:00\" \/>\n<meta property=\"og:image\" content=\"https:\/\/d2p6e6u75xmxt8.cloudfront.net\/5\/2017\/08\/18238862_1273745266008684_8027623314205853180_o-2.jpg\" \/>\n\t<meta property=\"og:image:width\" content=\"1942\" \/>\n\t<meta property=\"og:image:height\" content=\"1052\" \/>\n\t<meta property=\"og:image:type\" content=\"image\/jpeg\" \/>\n<meta name=\"author\" content=\"piotrboczkowski\" \/>\n<meta name=\"twitter:card\" content=\"summary_large_image\" \/>\n<meta name=\"twitter:label1\" content=\"Written by\" \/>\n\t<meta name=\"twitter:data1\" content=\"WeLoveCycling\" \/>\n\t<meta name=\"twitter:label2\" content=\"Est. reading time\" \/>\n\t<meta name=\"twitter:data2\" content=\"6 minutes\" \/>\n<script type=\"application\/ld+json\" class=\"yoast-schema-graph\">{\"@context\":\"https:\/\/schema.org\",\"@graph\":[{\"@type\":\"WebPage\",\"@id\":\"https:\/\/www.welovecycling.com\/pl\/2017\/08\/22\/legenda-polskiego-kolarstwa-zamienila-siodelko-wygodny-fotel-wciaz-czuje-emocje\/\",\"url\":\"https:\/\/www.welovecycling.com\/pl\/2017\/08\/22\/legenda-polskiego-kolarstwa-zamienila-siodelko-wygodny-fotel-wciaz-czuje-emocje\/\",\"name\":\"Legenda polskiego kolarstwa zamieni\u0142a siode\u0142ko na wygodny fotel. \u201eAle wci\u0105\u017c czuj\u0119 emocje\u201d. - \u0160koda We Love Cycling - Poland\",\"isPartOf\":{\"@id\":\"https:\/\/www.welovecycling.com\/pl\/#website\"},\"primaryImageOfPage\":{\"@id\":\"https:\/\/www.welovecycling.com\/pl\/2017\/08\/22\/legenda-polskiego-kolarstwa-zamienila-siodelko-wygodny-fotel-wciaz-czuje-emocje\/#primaryimage\"},\"image\":{\"@id\":\"https:\/\/www.welovecycling.com\/pl\/2017\/08\/22\/legenda-polskiego-kolarstwa-zamienila-siodelko-wygodny-fotel-wciaz-czuje-emocje\/#primaryimage\"},\"thumbnailUrl\":\"https:\/\/d2p6e6u75xmxt8.cloudfront.net\/5\/2017\/08\/18238862_1273745266008684_8027623314205853180_o-2.jpg\",\"datePublished\":\"2017-08-22T14:29:32+00:00\",\"dateModified\":\"2017-08-23T09:24:45+00:00\",\"author\":{\"@id\":\"https:\/\/www.welovecycling.com\/pl\/#\/schema\/person\/0dba2d39da943db9df3fd8f4687e7f23\"},\"breadcrumb\":{\"@id\":\"https:\/\/www.welovecycling.com\/pl\/2017\/08\/22\/legenda-polskiego-kolarstwa-zamienila-siodelko-wygodny-fotel-wciaz-czuje-emocje\/#breadcrumb\"},\"inLanguage\":\"pl-PL\",\"potentialAction\":[{\"@type\":\"ReadAction\",\"target\":[\"https:\/\/www.welovecycling.com\/pl\/2017\/08\/22\/legenda-polskiego-kolarstwa-zamienila-siodelko-wygodny-fotel-wciaz-czuje-emocje\/\"]}]},{\"@type\":\"ImageObject\",\"inLanguage\":\"pl-PL\",\"@id\":\"https:\/\/www.welovecycling.com\/pl\/2017\/08\/22\/legenda-polskiego-kolarstwa-zamienila-siodelko-wygodny-fotel-wciaz-czuje-emocje\/#primaryimage\",\"url\":\"https:\/\/d2p6e6u75xmxt8.cloudfront.net\/5\/2017\/08\/18238862_1273745266008684_8027623314205853180_o-2.jpg\",\"contentUrl\":\"https:\/\/d2p6e6u75xmxt8.cloudfront.net\/5\/2017\/08\/18238862_1273745266008684_8027623314205853180_o-2.jpg\",\"width\":1942,\"height\":1052},{\"@type\":\"BreadcrumbList\",\"@id\":\"https:\/\/www.welovecycling.com\/pl\/2017\/08\/22\/legenda-polskiego-kolarstwa-zamienila-siodelko-wygodny-fotel-wciaz-czuje-emocje\/#breadcrumb\",\"itemListElement\":[{\"@type\":\"ListItem\",\"position\":1,\"name\":\"Home\",\"item\":\"https:\/\/www.welovecycling.com\/pl\/\"},{\"@type\":\"ListItem\",\"position\":2,\"name\":\"Legenda polskiego kolarstwa zamieni\u0142a siode\u0142ko na wygodny fotel. \u201eAle wci\u0105\u017c czuj\u0119 emocje\u201d.\"}]},{\"@type\":\"WebSite\",\"@id\":\"https:\/\/www.welovecycling.com\/pl\/#website\",\"url\":\"https:\/\/www.welovecycling.com\/pl\/\",\"name\":\"\u0160koda We Love Cycling - Poland\",\"description\":\"\",\"potentialAction\":[{\"@type\":\"SearchAction\",\"target\":{\"@type\":\"EntryPoint\",\"urlTemplate\":\"https:\/\/www.welovecycling.com\/pl\/?s={search_term_string}\"},\"query-input\":{\"@type\":\"PropertyValueSpecification\",\"valueRequired\":true,\"valueName\":\"search_term_string\"}}],\"inLanguage\":\"pl-PL\"},{\"@type\":\"Person\",\"@id\":\"https:\/\/www.welovecycling.com\/pl\/#\/schema\/person\/0dba2d39da943db9df3fd8f4687e7f23\",\"name\":\"piotrboczkowski\",\"image\":{\"@type\":\"ImageObject\",\"inLanguage\":\"pl-PL\",\"@id\":\"https:\/\/www.welovecycling.com\/pl\/#\/schema\/person\/image\/\",\"url\":\"https:\/\/secure.gravatar.com\/avatar\/533caccae14752e03a2ce2d3fd62d1b98b93e1393c3195c27819e53344ca1ace?s=96&d=mm&r=g\",\"contentUrl\":\"https:\/\/secure.gravatar.com\/avatar\/533caccae14752e03a2ce2d3fd62d1b98b93e1393c3195c27819e53344ca1ace?s=96&d=mm&r=g\",\"caption\":\"piotrboczkowski\"},\"url\":\"https:\/\/www.welovecycling.com\/pl\/author\/piotrboczkowski\/\"}]}<\/script>\n<!-- \/ Yoast SEO Premium plugin. -->","yoast_head_json":{"title":"Legenda polskiego kolarstwa zamieni\u0142a siode\u0142ko na wygodny fotel. \u201eAle wci\u0105\u017c czuj\u0119 emocje\u201d. - \u0160koda We Love Cycling - Poland","robots":{"index":"index","follow":"follow","max-snippet":"max-snippet:-1","max-image-preview":"max-image-preview:large","max-video-preview":"max-video-preview:-1"},"canonical":"https:\/\/www.welovecycling.com\/pl\/2017\/08\/22\/legenda-polskiego-kolarstwa-zamienila-siodelko-wygodny-fotel-wciaz-czuje-emocje\/","og_locale":"pl_PL","og_type":"article","og_title":"Legenda polskiego kolarstwa zamieni\u0142a siode\u0142ko na wygodny fotel. \u201eAle wci\u0105\u017c czuj\u0119 emocje\u201d.","og_description":"Kilka lat temu wskakiwa\u0142 na siode\u0142ko, mocowa\u0142 bidon, wciska\u0142 kask i kr\u0119ci\u0142. I to jak kr\u0119ci\u0142! 11-krotny uczestnik wielkich tour\u00f3w, [&hellip;]","og_url":"https:\/\/www.welovecycling.com\/pl\/2017\/08\/22\/legenda-polskiego-kolarstwa-zamienila-siodelko-wygodny-fotel-wciaz-czuje-emocje\/","og_site_name":"\u0160koda We Love Cycling - Poland","article_published_time":"2017-08-22T14:29:32+00:00","article_modified_time":"2017-08-23T09:24:45+00:00","og_image":[{"width":1942,"height":1052,"url":"https:\/\/d2p6e6u75xmxt8.cloudfront.net\/5\/2017\/08\/18238862_1273745266008684_8027623314205853180_o-2.jpg","type":"image\/jpeg"}],"author":"piotrboczkowski","twitter_card":"summary_large_image","twitter_misc":{"Written by":"WeLoveCycling","Est. reading time":"6 minutes"},"schema":{"@context":"https:\/\/schema.org","@graph":[{"@type":"WebPage","@id":"https:\/\/www.welovecycling.com\/pl\/2017\/08\/22\/legenda-polskiego-kolarstwa-zamienila-siodelko-wygodny-fotel-wciaz-czuje-emocje\/","url":"https:\/\/www.welovecycling.com\/pl\/2017\/08\/22\/legenda-polskiego-kolarstwa-zamienila-siodelko-wygodny-fotel-wciaz-czuje-emocje\/","name":"Legenda polskiego kolarstwa zamieni\u0142a siode\u0142ko na wygodny fotel. \u201eAle wci\u0105\u017c czuj\u0119 emocje\u201d. - \u0160koda We Love Cycling - Poland","isPartOf":{"@id":"https:\/\/www.welovecycling.com\/pl\/#website"},"primaryImageOfPage":{"@id":"https:\/\/www.welovecycling.com\/pl\/2017\/08\/22\/legenda-polskiego-kolarstwa-zamienila-siodelko-wygodny-fotel-wciaz-czuje-emocje\/#primaryimage"},"image":{"@id":"https:\/\/www.welovecycling.com\/pl\/2017\/08\/22\/legenda-polskiego-kolarstwa-zamienila-siodelko-wygodny-fotel-wciaz-czuje-emocje\/#primaryimage"},"thumbnailUrl":"https:\/\/d2p6e6u75xmxt8.cloudfront.net\/5\/2017\/08\/18238862_1273745266008684_8027623314205853180_o-2.jpg","datePublished":"2017-08-22T14:29:32+00:00","dateModified":"2017-08-23T09:24:45+00:00","author":{"@id":"https:\/\/www.welovecycling.com\/pl\/#\/schema\/person\/0dba2d39da943db9df3fd8f4687e7f23"},"breadcrumb":{"@id":"https:\/\/www.welovecycling.com\/pl\/2017\/08\/22\/legenda-polskiego-kolarstwa-zamienila-siodelko-wygodny-fotel-wciaz-czuje-emocje\/#breadcrumb"},"inLanguage":"pl-PL","potentialAction":[{"@type":"ReadAction","target":["https:\/\/www.welovecycling.com\/pl\/2017\/08\/22\/legenda-polskiego-kolarstwa-zamienila-siodelko-wygodny-fotel-wciaz-czuje-emocje\/"]}]},{"@type":"ImageObject","inLanguage":"pl-PL","@id":"https:\/\/www.welovecycling.com\/pl\/2017\/08\/22\/legenda-polskiego-kolarstwa-zamienila-siodelko-wygodny-fotel-wciaz-czuje-emocje\/#primaryimage","url":"https:\/\/d2p6e6u75xmxt8.cloudfront.net\/5\/2017\/08\/18238862_1273745266008684_8027623314205853180_o-2.jpg","contentUrl":"https:\/\/d2p6e6u75xmxt8.cloudfront.net\/5\/2017\/08\/18238862_1273745266008684_8027623314205853180_o-2.jpg","width":1942,"height":1052},{"@type":"BreadcrumbList","@id":"https:\/\/www.welovecycling.com\/pl\/2017\/08\/22\/legenda-polskiego-kolarstwa-zamienila-siodelko-wygodny-fotel-wciaz-czuje-emocje\/#breadcrumb","itemListElement":[{"@type":"ListItem","position":1,"name":"Home","item":"https:\/\/www.welovecycling.com\/pl\/"},{"@type":"ListItem","position":2,"name":"Legenda polskiego kolarstwa zamieni\u0142a siode\u0142ko na wygodny fotel. \u201eAle wci\u0105\u017c czuj\u0119 emocje\u201d."}]},{"@type":"WebSite","@id":"https:\/\/www.welovecycling.com\/pl\/#website","url":"https:\/\/www.welovecycling.com\/pl\/","name":"\u0160koda We Love Cycling - Poland","description":"","potentialAction":[{"@type":"SearchAction","target":{"@type":"EntryPoint","urlTemplate":"https:\/\/www.welovecycling.com\/pl\/?s={search_term_string}"},"query-input":{"@type":"PropertyValueSpecification","valueRequired":true,"valueName":"search_term_string"}}],"inLanguage":"pl-PL"},{"@type":"Person","@id":"https:\/\/www.welovecycling.com\/pl\/#\/schema\/person\/0dba2d39da943db9df3fd8f4687e7f23","name":"piotrboczkowski","image":{"@type":"ImageObject","inLanguage":"pl-PL","@id":"https:\/\/www.welovecycling.com\/pl\/#\/schema\/person\/image\/","url":"https:\/\/secure.gravatar.com\/avatar\/533caccae14752e03a2ce2d3fd62d1b98b93e1393c3195c27819e53344ca1ace?s=96&d=mm&r=g","contentUrl":"https:\/\/secure.gravatar.com\/avatar\/533caccae14752e03a2ce2d3fd62d1b98b93e1393c3195c27819e53344ca1ace?s=96&d=mm&r=g","caption":"piotrboczkowski"},"url":"https:\/\/www.welovecycling.com\/pl\/author\/piotrboczkowski\/"}]}},"_links":{"self":[{"href":"https:\/\/www.welovecycling.com\/pl\/wp-json\/wp\/v2\/posts\/4939","targetHints":{"allow":["GET"]}}],"collection":[{"href":"https:\/\/www.welovecycling.com\/pl\/wp-json\/wp\/v2\/posts"}],"about":[{"href":"https:\/\/www.welovecycling.com\/pl\/wp-json\/wp\/v2\/types\/post"}],"author":[{"embeddable":true,"href":"https:\/\/www.welovecycling.com\/pl\/wp-json\/wp\/v2\/users\/76"}],"replies":[{"embeddable":true,"href":"https:\/\/www.welovecycling.com\/pl\/wp-json\/wp\/v2\/comments?post=4939"}],"version-history":[{"count":2,"href":"https:\/\/www.welovecycling.com\/pl\/wp-json\/wp\/v2\/posts\/4939\/revisions"}],"predecessor-version":[{"id":5035,"href":"https:\/\/www.welovecycling.com\/pl\/wp-json\/wp\/v2\/posts\/4939\/revisions\/5035"}],"wp:featuredmedia":[{"embeddable":true,"href":"https:\/\/www.welovecycling.com\/pl\/wp-json\/wp\/v2\/media\/5012"}],"wp:attachment":[{"href":"https:\/\/www.welovecycling.com\/pl\/wp-json\/wp\/v2\/media?parent=4939"}],"wp:term":[{"taxonomy":"category","embeddable":true,"href":"https:\/\/www.welovecycling.com\/pl\/wp-json\/wp\/v2\/categories?post=4939"},{"taxonomy":"post_tag","embeddable":true,"href":"https:\/\/www.welovecycling.com\/pl\/wp-json\/wp\/v2\/tags?post=4939"},{"taxonomy":"global-categories","embeddable":true,"href":"https:\/\/www.welovecycling.com\/pl\/wp-json\/wp\/v2\/global-categories?post=4939"}],"curies":[{"name":"wp","href":"https:\/\/api.w.org\/{rel}","templated":true}]}}