{"id":4918,"date":"2017-08-15T06:46:05","date_gmt":"2017-08-15T06:46:05","guid":{"rendered":"https:\/\/www.welovecycling.com\/pl\/?p=4918"},"modified":"2017-08-21T19:00:31","modified_gmt":"2017-08-21T19:00:31","slug":"wheels-in-the-field-rowerowa-pomoc-dla-mlodego-pokolenia-zambii","status":"publish","type":"post","link":"https:\/\/www.welovecycling.com\/pl\/2017\/08\/15\/wheels-in-the-field-rowerowa-pomoc-dla-mlodego-pokolenia-zambii\/","title":{"rendered":"Wheels in the Field &#8211; rowerowa pomoc dla m\u0142odego pokolenia w Zambii"},"content":{"rendered":"<p><strong>Cho\u0107 praktycznie wszyscy mieszka\u0144cy tzw. pierwszego \u015bwiata uwa\u017caj\u0105 edukacj\u0119, us\u0142ugi publiczne i dost\u0119p do nich za oczywisto\u015b\u0107, to wi\u0119kszo\u015b\u0107 kraj\u00f3w trzeciego \u015bwiata mo\u017ce o tym tylko pomarzy\u0107. Szcz\u0119\u015bcie i dobrobyt ka\u017cdego kraju zale\u017cy w du\u017cym stopniu od mo\u017cliwo\u015bci kolejnego pokolenia, a edukacja jest istotnym katalizatorem przysz\u0142ego sukcesu gospodarczego ka\u017cdej populacji.<\/strong><br \/>\n<!--more--><\/p>\n<p>Wed\u0142ug danych UNICEF 4,7 miliona dzieci w Zambii \u017cyje w ub\u00f3stwie, a oko\u0142o 375 tysi\u0119cy dzieci w wieku 7-14 lat nie jest zapisanych do \u017cadnego rodzaju plac\u00f3wki o\u015bwiatowej (\u017ar\u00f3d\u0142o: Education Policy and Data Center). Dost\u0119p do rower\u00f3w dobrej jako\u015bci niewyobra\u017calnie zmienia \u017cycie tych dzieci. Program charytatywny o nazwie World Bicycle Relief wdra\u017ca d\u0142ugofalow\u0105 wizj\u0119, kt\u00f3rej za\u0142o\u017ceniem jest wspieranie ludzi za pomoc\u0105 rower\u00f3w i umo\u017cliwienie im pokonania jedynej bariery utrudniaj\u0105cej dost\u0119p do edukacji, opieki zdrowotnej i mo\u017cliwo\u015bci ekonomicznych \u2013 odleg\u0142o\u015bci.<\/p>\n<div class=\"embed-controller-wrapper\">\n<div class=\"embed-wrapper\"><iframe title=\"Zambia: The Next Generation\" data-src=\"https:\/\/player.vimeo.com\/video\/225869634?dnt=1&amp;app_id=122963\" width=\"500\" height=\"281\" frameborder=\"0\" allow=\"autoplay; fullscreen; picture-in-picture; clipboard-write\"><\/iframe><\/div>\n<\/div>\n<p>Uczniowie na terenach wiejskich cz\u0119sto musz\u0105 przemierza\u0107 tras\u0119 do szko\u0142y pieszo przez dwie lub wi\u0119cej godzin, przez co s\u0105 zm\u0119czeni i nie skupiaj\u0105 si\u0119 na zaj\u0119ciach. Dla dziewcz\u0105t, kt\u00f3re wykonuj\u0105\u00a0r\u00f3wnie\u017c mn\u00f3stwo prac w domu w godzinach porannych, d\u0142ugie chodzenie jest jeszcze trudniejsze. Z powodu cz\u0119stych sp\u00f3\u017anie\u0144 i zm\u0119czenia wyniki w nauce uczni\u00f3w gwa\u0142townie spadaj\u0105, je\u015bli w og\u00f3le zdo\u0142aj\u0105 oni pozosta\u0107 w szkole. Rower mo\u017ce skr\u00f3ci\u0107 czas dotarcia do szko\u0142y o oko\u0142o 75%.<\/p>\n<p><a href=\"https:\/\/d2p6e6u75xmxt8.cloudfront.net\/5\/2017\/08\/1.jpg\"><img loading=\"lazy\" decoding=\"async\" class=\"alignnone size-full wp-image-4919\" src=\"https:\/\/d2p6e6u75xmxt8.cloudfront.net\/5\/2017\/08\/1.jpg\" alt=\"\" width=\"1200\" height=\"691\" srcset=\"https:\/\/d2p6e6u75xmxt8.cloudfront.net\/5\/2017\/08\/1.jpg 1200w, https:\/\/d2p6e6u75xmxt8.cloudfront.net\/5\/2017\/08\/1-300x173.jpg 300w, https:\/\/d2p6e6u75xmxt8.cloudfront.net\/5\/2017\/08\/1-768x442.jpg 768w, https:\/\/d2p6e6u75xmxt8.cloudfront.net\/5\/2017\/08\/1-1024x590.jpg 1024w\" sizes=\"auto, (max-width: 1200px) 100vw, 1200px\" \/><\/a><\/p>\n<p>W 2009 r. World Bicycle Relief przekaza\u0142o uczniom i robotnikom z Zambii ponad 50 tysi\u0119cy specjalnie zaprojektowanych i montowanych na miejscu rower\u00f3w. Solidne rowery wysokiej jako\u015bci o nazwie Buffalo s\u0105 cz\u0119sto przekazywane m\u0142odszemu rodze\u0144stwu, dzi\u0119ki czemu zapewniaj\u0105 mobilno\u015b\u0107 ca\u0142ym rodzinom. Je\u015bli spojrzymy na dane przekazane przez World Bicycle Relief, widzimy, \u017ce posiadanie roweru zwi\u0119ksza frekwencj\u0119 na lekcjach nawet o 28%, ochotnicy z opieki \u015brodowiskowej odwiedzaj\u0105 45% wi\u0119cej pacjent\u00f3w, a producenci mleka zwi\u0119kszaj\u0105 liczb\u0119 dostaw nawet o 25%. Poniewa\u017c dzieci nie by\u0142y ju\u017c obci\u0105\u017cone m\u0119cz\u0105cym chodzeniem z ci\u0119\u017ckim plecakiem, ich wyniki w nauce poprawi\u0142y si\u0119 o 58%. Jak wida\u0107, s\u0105 to imponuj\u0105ce wyniki, osi\u0105gni\u0119te dzi\u0119ki temu, \u017ce po prostu dano komu\u015b rower.<\/p>\n<p>Celem ostatniej kampanii WBR przeprowadzonej w lipcu 2017 r., Wheels in the Field, jest sfinansowanie jeszcze 3,2 tysi\u0105ca rower\u00f3w Buffalo, by \u017cycie ludzi z Zambii by\u0142o cho\u0107 troch\u0119 \u0142atwiejsze. Uda\u0142o si\u0119 zrobi\u0107 jeszcze wi\u0119cej i zebra\u0107 a\u017c 3688 rower\u00f3w, dzi\u0119ki wsparciu darczy\u0144c\u00f3w z ca\u0142ego \u015bwiata, a tak\u017ce dzi\u0119ki r\u00f3\u017cnym hojnym osobom i sponsorom, kt\u00f3rzy obiecali przekaza\u0107 datki o takiej samej wysoko\u015bci.<\/p>\n<p><a href=\"https:\/\/d2p6e6u75xmxt8.cloudfront.net\/5\/2017\/08\/3.jpg\"><img loading=\"lazy\" decoding=\"async\" class=\"alignnone size-full wp-image-4921\" src=\"https:\/\/d2p6e6u75xmxt8.cloudfront.net\/5\/2017\/08\/3.jpg\" alt=\"\" width=\"2442\" height=\"1404\" srcset=\"https:\/\/d2p6e6u75xmxt8.cloudfront.net\/5\/2017\/08\/3.jpg 2442w, https:\/\/d2p6e6u75xmxt8.cloudfront.net\/5\/2017\/08\/3-300x172.jpg 300w, https:\/\/d2p6e6u75xmxt8.cloudfront.net\/5\/2017\/08\/3-768x442.jpg 768w, https:\/\/d2p6e6u75xmxt8.cloudfront.net\/5\/2017\/08\/3-1024x589.jpg 1024w, https:\/\/d2p6e6u75xmxt8.cloudfront.net\/5\/2017\/08\/3-1920x1104.jpg 1920w, https:\/\/d2p6e6u75xmxt8.cloudfront.net\/5\/2017\/08\/3-1920x1104.jpg 1920w\" sizes=\"auto, (max-width: 2442px) 100vw, 2442px\" \/><\/a><\/p>\n<p>Kampania mo\u017ce si\u0119 zako\u0144czy\u0107 jeszcze wi\u0119kszym sukcesem. A je\u015bli odwiedzisz stron\u0119 World Bicycle Relief, b\u0119dziesz mie\u0107 do wyboru wiele innych inicjatyw, kt\u00f3re warto wspom\u00f3c. Mo\u017cesz te\u017c skorzysta\u0107 z cennych rad m\u00f3wi\u0105cych o tym, jak skutecznie zorganizowa\u0107 pozyskiwanie funduszy na cele zwi\u0105zane z rowerami. Historia ta wyra\u017anie pokazuje, \u017ce ka\u017cdy mo\u017ce co\u015b zdzia\u0142a\u0107.<\/p>\n","protected":false},"excerpt":{"rendered":"<p>Cho\u0107 praktycznie wszyscy mieszka\u0144cy tzw. pierwszego \u015bwiata uwa\u017caj\u0105 edukacj\u0119, us\u0142ugi publiczne i dost\u0119p do nich za oczywisto\u015b\u0107, to wi\u0119kszo\u015b\u0107 kraj\u00f3w [&hellip;]<\/p>\n","protected":false},"author":76,"featured_media":4923,"comment_status":"open","ping_status":"open","sticky":false,"template":"","format":"standard","meta":{"footnotes":""},"categories":[1],"tags":[],"global-categories":[],"class_list":["post-4918","post","type-post","status-publish","format-standard","has-post-thumbnail","hentry","category-uncategorized"],"yoast_head":"<!-- This site is optimized with the Yoast SEO Premium plugin v25.3 (Yoast SEO v25.9) - https:\/\/yoast.com\/wordpress\/plugins\/seo\/ -->\n<title>Wheels in the Field - rowerowa pomoc dla m\u0142odego pokolenia w Zambii - \u0160koda We Love Cycling - Poland<\/title>\n<meta name=\"robots\" content=\"index, follow, max-snippet:-1, max-image-preview:large, max-video-preview:-1\" \/>\n<link rel=\"canonical\" href=\"https:\/\/www.welovecycling.com\/pl\/2017\/08\/15\/wheels-in-the-field-rowerowa-pomoc-dla-mlodego-pokolenia-zambii\/\" \/>\n<meta property=\"og:locale\" content=\"pl_PL\" \/>\n<meta property=\"og:type\" content=\"article\" \/>\n<meta property=\"og:title\" content=\"Wheels in the Field - rowerowa pomoc dla m\u0142odego pokolenia w Zambii\" \/>\n<meta property=\"og:description\" content=\"Cho\u0107 praktycznie wszyscy mieszka\u0144cy tzw. pierwszego \u015bwiata uwa\u017caj\u0105 edukacj\u0119, us\u0142ugi publiczne i dost\u0119p do nich za oczywisto\u015b\u0107, to wi\u0119kszo\u015b\u0107 kraj\u00f3w [&hellip;]\" \/>\n<meta property=\"og:url\" content=\"https:\/\/www.welovecycling.com\/pl\/2017\/08\/15\/wheels-in-the-field-rowerowa-pomoc-dla-mlodego-pokolenia-zambii\/\" \/>\n<meta property=\"og:site_name\" content=\"\u0160koda We Love Cycling - Poland\" \/>\n<meta property=\"article:published_time\" content=\"2017-08-15T06:46:05+00:00\" \/>\n<meta property=\"article:modified_time\" content=\"2017-08-21T19:00:31+00:00\" \/>\n<meta property=\"og:image\" content=\"https:\/\/d2p6e6u75xmxt8.cloudfront.net\/5\/2017\/08\/cvr1.jpg\" \/>\n\t<meta property=\"og:image:width\" content=\"1375\" \/>\n\t<meta property=\"og:image:height\" content=\"600\" \/>\n\t<meta property=\"og:image:type\" content=\"image\/jpeg\" \/>\n<meta name=\"author\" content=\"piotrboczkowski\" \/>\n<meta name=\"twitter:card\" content=\"summary_large_image\" \/>\n<meta name=\"twitter:label1\" content=\"Written by\" \/>\n\t<meta name=\"twitter:data1\" content=\"Frantiska Blazkova\" \/>\n\t<meta name=\"twitter:label2\" content=\"Est. reading time\" \/>\n\t<meta name=\"twitter:data2\" content=\"3 minutes\" \/>\n<script type=\"application\/ld+json\" class=\"yoast-schema-graph\">{\"@context\":\"https:\/\/schema.org\",\"@graph\":[{\"@type\":\"WebPage\",\"@id\":\"https:\/\/www.welovecycling.com\/pl\/2017\/08\/15\/wheels-in-the-field-rowerowa-pomoc-dla-mlodego-pokolenia-zambii\/\",\"url\":\"https:\/\/www.welovecycling.com\/pl\/2017\/08\/15\/wheels-in-the-field-rowerowa-pomoc-dla-mlodego-pokolenia-zambii\/\",\"name\":\"Wheels in the Field - rowerowa pomoc dla m\u0142odego pokolenia w Zambii - \u0160koda We Love Cycling - Poland\",\"isPartOf\":{\"@id\":\"https:\/\/www.welovecycling.com\/pl\/#website\"},\"primaryImageOfPage\":{\"@id\":\"https:\/\/www.welovecycling.com\/pl\/2017\/08\/15\/wheels-in-the-field-rowerowa-pomoc-dla-mlodego-pokolenia-zambii\/#primaryimage\"},\"image\":{\"@id\":\"https:\/\/www.welovecycling.com\/pl\/2017\/08\/15\/wheels-in-the-field-rowerowa-pomoc-dla-mlodego-pokolenia-zambii\/#primaryimage\"},\"thumbnailUrl\":\"https:\/\/d2p6e6u75xmxt8.cloudfront.net\/5\/2017\/08\/cvr1.jpg\",\"datePublished\":\"2017-08-15T06:46:05+00:00\",\"dateModified\":\"2017-08-21T19:00:31+00:00\",\"author\":{\"@id\":\"https:\/\/www.welovecycling.com\/pl\/#\/schema\/person\/0dba2d39da943db9df3fd8f4687e7f23\"},\"breadcrumb\":{\"@id\":\"https:\/\/www.welovecycling.com\/pl\/2017\/08\/15\/wheels-in-the-field-rowerowa-pomoc-dla-mlodego-pokolenia-zambii\/#breadcrumb\"},\"inLanguage\":\"pl-PL\",\"potentialAction\":[{\"@type\":\"ReadAction\",\"target\":[\"https:\/\/www.welovecycling.com\/pl\/2017\/08\/15\/wheels-in-the-field-rowerowa-pomoc-dla-mlodego-pokolenia-zambii\/\"]}]},{\"@type\":\"ImageObject\",\"inLanguage\":\"pl-PL\",\"@id\":\"https:\/\/www.welovecycling.com\/pl\/2017\/08\/15\/wheels-in-the-field-rowerowa-pomoc-dla-mlodego-pokolenia-zambii\/#primaryimage\",\"url\":\"https:\/\/d2p6e6u75xmxt8.cloudfront.net\/5\/2017\/08\/cvr1.jpg\",\"contentUrl\":\"https:\/\/d2p6e6u75xmxt8.cloudfront.net\/5\/2017\/08\/cvr1.jpg\",\"width\":1375,\"height\":600},{\"@type\":\"BreadcrumbList\",\"@id\":\"https:\/\/www.welovecycling.com\/pl\/2017\/08\/15\/wheels-in-the-field-rowerowa-pomoc-dla-mlodego-pokolenia-zambii\/#breadcrumb\",\"itemListElement\":[{\"@type\":\"ListItem\",\"position\":1,\"name\":\"Home\",\"item\":\"https:\/\/www.welovecycling.com\/pl\/\"},{\"@type\":\"ListItem\",\"position\":2,\"name\":\"Wheels in the Field &#8211; rowerowa pomoc dla m\u0142odego pokolenia w Zambii\"}]},{\"@type\":\"WebSite\",\"@id\":\"https:\/\/www.welovecycling.com\/pl\/#website\",\"url\":\"https:\/\/www.welovecycling.com\/pl\/\",\"name\":\"\u0160koda We Love Cycling - Poland\",\"description\":\"\",\"potentialAction\":[{\"@type\":\"SearchAction\",\"target\":{\"@type\":\"EntryPoint\",\"urlTemplate\":\"https:\/\/www.welovecycling.com\/pl\/?s={search_term_string}\"},\"query-input\":{\"@type\":\"PropertyValueSpecification\",\"valueRequired\":true,\"valueName\":\"search_term_string\"}}],\"inLanguage\":\"pl-PL\"},{\"@type\":\"Person\",\"@id\":\"https:\/\/www.welovecycling.com\/pl\/#\/schema\/person\/0dba2d39da943db9df3fd8f4687e7f23\",\"name\":\"piotrboczkowski\",\"image\":{\"@type\":\"ImageObject\",\"inLanguage\":\"pl-PL\",\"@id\":\"https:\/\/www.welovecycling.com\/pl\/#\/schema\/person\/image\/\",\"url\":\"https:\/\/secure.gravatar.com\/avatar\/533caccae14752e03a2ce2d3fd62d1b98b93e1393c3195c27819e53344ca1ace?s=96&d=mm&r=g\",\"contentUrl\":\"https:\/\/secure.gravatar.com\/avatar\/533caccae14752e03a2ce2d3fd62d1b98b93e1393c3195c27819e53344ca1ace?s=96&d=mm&r=g\",\"caption\":\"piotrboczkowski\"},\"url\":\"https:\/\/www.welovecycling.com\/pl\/author\/piotrboczkowski\/\"}]}<\/script>\n<!-- \/ Yoast SEO Premium plugin. -->","yoast_head_json":{"title":"Wheels in the Field - rowerowa pomoc dla m\u0142odego pokolenia w Zambii - \u0160koda We Love Cycling - Poland","robots":{"index":"index","follow":"follow","max-snippet":"max-snippet:-1","max-image-preview":"max-image-preview:large","max-video-preview":"max-video-preview:-1"},"canonical":"https:\/\/www.welovecycling.com\/pl\/2017\/08\/15\/wheels-in-the-field-rowerowa-pomoc-dla-mlodego-pokolenia-zambii\/","og_locale":"pl_PL","og_type":"article","og_title":"Wheels in the Field - rowerowa pomoc dla m\u0142odego pokolenia w Zambii","og_description":"Cho\u0107 praktycznie wszyscy mieszka\u0144cy tzw. pierwszego \u015bwiata uwa\u017caj\u0105 edukacj\u0119, us\u0142ugi publiczne i dost\u0119p do nich za oczywisto\u015b\u0107, to wi\u0119kszo\u015b\u0107 kraj\u00f3w [&hellip;]","og_url":"https:\/\/www.welovecycling.com\/pl\/2017\/08\/15\/wheels-in-the-field-rowerowa-pomoc-dla-mlodego-pokolenia-zambii\/","og_site_name":"\u0160koda We Love Cycling - Poland","article_published_time":"2017-08-15T06:46:05+00:00","article_modified_time":"2017-08-21T19:00:31+00:00","og_image":[{"width":1375,"height":600,"url":"https:\/\/d2p6e6u75xmxt8.cloudfront.net\/5\/2017\/08\/cvr1.jpg","type":"image\/jpeg"}],"author":"piotrboczkowski","twitter_card":"summary_large_image","twitter_misc":{"Written by":"Frantiska Blazkova","Est. reading time":"3 minutes"},"schema":{"@context":"https:\/\/schema.org","@graph":[{"@type":"WebPage","@id":"https:\/\/www.welovecycling.com\/pl\/2017\/08\/15\/wheels-in-the-field-rowerowa-pomoc-dla-mlodego-pokolenia-zambii\/","url":"https:\/\/www.welovecycling.com\/pl\/2017\/08\/15\/wheels-in-the-field-rowerowa-pomoc-dla-mlodego-pokolenia-zambii\/","name":"Wheels in the Field - rowerowa pomoc dla m\u0142odego pokolenia w Zambii - \u0160koda We Love Cycling - Poland","isPartOf":{"@id":"https:\/\/www.welovecycling.com\/pl\/#website"},"primaryImageOfPage":{"@id":"https:\/\/www.welovecycling.com\/pl\/2017\/08\/15\/wheels-in-the-field-rowerowa-pomoc-dla-mlodego-pokolenia-zambii\/#primaryimage"},"image":{"@id":"https:\/\/www.welovecycling.com\/pl\/2017\/08\/15\/wheels-in-the-field-rowerowa-pomoc-dla-mlodego-pokolenia-zambii\/#primaryimage"},"thumbnailUrl":"https:\/\/d2p6e6u75xmxt8.cloudfront.net\/5\/2017\/08\/cvr1.jpg","datePublished":"2017-08-15T06:46:05+00:00","dateModified":"2017-08-21T19:00:31+00:00","author":{"@id":"https:\/\/www.welovecycling.com\/pl\/#\/schema\/person\/0dba2d39da943db9df3fd8f4687e7f23"},"breadcrumb":{"@id":"https:\/\/www.welovecycling.com\/pl\/2017\/08\/15\/wheels-in-the-field-rowerowa-pomoc-dla-mlodego-pokolenia-zambii\/#breadcrumb"},"inLanguage":"pl-PL","potentialAction":[{"@type":"ReadAction","target":["https:\/\/www.welovecycling.com\/pl\/2017\/08\/15\/wheels-in-the-field-rowerowa-pomoc-dla-mlodego-pokolenia-zambii\/"]}]},{"@type":"ImageObject","inLanguage":"pl-PL","@id":"https:\/\/www.welovecycling.com\/pl\/2017\/08\/15\/wheels-in-the-field-rowerowa-pomoc-dla-mlodego-pokolenia-zambii\/#primaryimage","url":"https:\/\/d2p6e6u75xmxt8.cloudfront.net\/5\/2017\/08\/cvr1.jpg","contentUrl":"https:\/\/d2p6e6u75xmxt8.cloudfront.net\/5\/2017\/08\/cvr1.jpg","width":1375,"height":600},{"@type":"BreadcrumbList","@id":"https:\/\/www.welovecycling.com\/pl\/2017\/08\/15\/wheels-in-the-field-rowerowa-pomoc-dla-mlodego-pokolenia-zambii\/#breadcrumb","itemListElement":[{"@type":"ListItem","position":1,"name":"Home","item":"https:\/\/www.welovecycling.com\/pl\/"},{"@type":"ListItem","position":2,"name":"Wheels in the Field &#8211; rowerowa pomoc dla m\u0142odego pokolenia w Zambii"}]},{"@type":"WebSite","@id":"https:\/\/www.welovecycling.com\/pl\/#website","url":"https:\/\/www.welovecycling.com\/pl\/","name":"\u0160koda We Love Cycling - Poland","description":"","potentialAction":[{"@type":"SearchAction","target":{"@type":"EntryPoint","urlTemplate":"https:\/\/www.welovecycling.com\/pl\/?s={search_term_string}"},"query-input":{"@type":"PropertyValueSpecification","valueRequired":true,"valueName":"search_term_string"}}],"inLanguage":"pl-PL"},{"@type":"Person","@id":"https:\/\/www.welovecycling.com\/pl\/#\/schema\/person\/0dba2d39da943db9df3fd8f4687e7f23","name":"piotrboczkowski","image":{"@type":"ImageObject","inLanguage":"pl-PL","@id":"https:\/\/www.welovecycling.com\/pl\/#\/schema\/person\/image\/","url":"https:\/\/secure.gravatar.com\/avatar\/533caccae14752e03a2ce2d3fd62d1b98b93e1393c3195c27819e53344ca1ace?s=96&d=mm&r=g","contentUrl":"https:\/\/secure.gravatar.com\/avatar\/533caccae14752e03a2ce2d3fd62d1b98b93e1393c3195c27819e53344ca1ace?s=96&d=mm&r=g","caption":"piotrboczkowski"},"url":"https:\/\/www.welovecycling.com\/pl\/author\/piotrboczkowski\/"}]}},"_links":{"self":[{"href":"https:\/\/www.welovecycling.com\/pl\/wp-json\/wp\/v2\/posts\/4918","targetHints":{"allow":["GET"]}}],"collection":[{"href":"https:\/\/www.welovecycling.com\/pl\/wp-json\/wp\/v2\/posts"}],"about":[{"href":"https:\/\/www.welovecycling.com\/pl\/wp-json\/wp\/v2\/types\/post"}],"author":[{"embeddable":true,"href":"https:\/\/www.welovecycling.com\/pl\/wp-json\/wp\/v2\/users\/76"}],"replies":[{"embeddable":true,"href":"https:\/\/www.welovecycling.com\/pl\/wp-json\/wp\/v2\/comments?post=4918"}],"version-history":[{"count":2,"href":"https:\/\/www.welovecycling.com\/pl\/wp-json\/wp\/v2\/posts\/4918\/revisions"}],"predecessor-version":[{"id":4990,"href":"https:\/\/www.welovecycling.com\/pl\/wp-json\/wp\/v2\/posts\/4918\/revisions\/4990"}],"wp:featuredmedia":[{"embeddable":true,"href":"https:\/\/www.welovecycling.com\/pl\/wp-json\/wp\/v2\/media\/4923"}],"wp:attachment":[{"href":"https:\/\/www.welovecycling.com\/pl\/wp-json\/wp\/v2\/media?parent=4918"}],"wp:term":[{"taxonomy":"category","embeddable":true,"href":"https:\/\/www.welovecycling.com\/pl\/wp-json\/wp\/v2\/categories?post=4918"},{"taxonomy":"post_tag","embeddable":true,"href":"https:\/\/www.welovecycling.com\/pl\/wp-json\/wp\/v2\/tags?post=4918"},{"taxonomy":"global-categories","embeddable":true,"href":"https:\/\/www.welovecycling.com\/pl\/wp-json\/wp\/v2\/global-categories?post=4918"}],"curies":[{"name":"wp","href":"https:\/\/api.w.org\/{rel}","templated":true}]}}