{"id":4896,"date":"2017-08-10T21:54:15","date_gmt":"2017-08-10T21:54:15","guid":{"rendered":"https:\/\/www.welovecycling.com\/pl\/?p=4896"},"modified":"2017-08-27T07:52:39","modified_gmt":"2017-08-27T07:52:39","slug":"5-marek-niesamowitych-mebli-tworzonych-mysla-o-rowerzystach","status":"publish","type":"post","link":"https:\/\/www.welovecycling.com\/pl\/2017\/08\/10\/5-marek-niesamowitych-mebli-tworzonych-mysla-o-rowerzystach\/","title":{"rendered":"5 marek niesamowitych mebli tworzonych z my\u015bl\u0105 o rowerzystach"},"content":{"rendered":"<p><strong>Wszyscy to przerabiali\u015bmy. Przez brak gara\u017cu lub z obawy przed trzymaniem roweru poza zasi\u0119giem wzroku pr\u00f3bowali\u015bmy znale\u017a\u0107 spos\u00f3b na przechowywanie go w mieszkaniu. Oczywi\u015bcie wykorzystanie mebli Ikea r\u00f3wnie\u017c dzia\u0142a, ale czasami samodzielne sk\u0142adanie musi ust\u0105pi\u0107 pola meblowi od projektanta. Znale\u017ali\u015bmy pi\u0119\u0107 marek, kt\u00f3re wiedz\u0105, jak sprawi\u0107, aby rower by\u0142 naturalnym elementem mieszkania czy domu, oszcz\u0119dzaj\u0105c miejsce lub zapewniaj\u0105c dodatkow\u0105 przestrze\u0144.<\/strong><br \/>\n<!--more--><\/p>\n<h2><strong>1. Velo Furniture<\/strong><\/h2>\n<p><span style=\"font-weight: 400;\">Velo Furniture, marka z Melbourne i Sydney, wyprodukowa\u0142a prost\u0105 i eleganck\u0105 \u201eszaf\u0119 rowerow\u0105\u201d, kt\u00f3r\u0105 mo\u017cna idealnie dopasowa\u0107 do ka\u017cdego wn\u0119trza dzi\u0119ki schludnemu i minimalistycznemu projektowi. Jest ona wykonywana r\u0119cznie, od szkicu do zmy\u015blnego produktu ko\u0144cowego. Zmie\u015bci si\u0119 w niej zar\u00f3wno rower, jak i wszelkie sprz\u0119ty i akcesoria, kt\u00f3re mog\u0105 by\u0107 zgrabnie schowane w jednym miejscu i nie trzeba ju\u017c biega\u0107 po ca\u0142ym mieszkaniu, poluj\u0105c na zaginion\u0105 r\u0119kawiczk\u0119.<\/span><\/p>\n<p>https:\/\/www.instagram.com\/p\/BO_1qqyAlqs\/?taken-by=velo_furniture<\/p>\n<h2><strong>2. Chol#1<\/strong><\/h2>\n<p><span style=\"font-weight: 400;\">Chilijscy projektanci Chol#1 stworzyli zestaw mebli, kt\u00f3re jednocze\u015bnie s\u0105 eleganckimi schowkami na rowery. Minimalistyczne projekty, na przyk\u0142ad rega\u0142y na ksi\u0105\u017cki i kredensy, s\u0105 szczeg\u00f3lnie praktyczne w przypadku ma\u0142ych mieszka\u0144. Nie tylko pozwol\u0105 przechowa\u0107 rower w bezpiecznym miejscu, ale r\u00f3wnie\u017c sprawi\u0105, \u017ce b\u0119dzie wspaniale wygl\u0105da\u0107. Ka\u017cdy mebel jest wykonany z drewna i oferowany w r\u00f3\u017cnych kolorach. Polecamy <a href=\"http:\/\/chol1.cl\/en\/\">Chol#1 <\/a>mi\u0142o\u015bnikom po\u017c\u0105danego dzi\u015b eleganckiego urbanistycznego designu.<\/span><\/p>\n<p><a href=\"https:\/\/d2p6e6u75xmxt8.cloudfront.net\/5\/2017\/08\/Chol1_Design_26.jpg\"><img loading=\"lazy\" decoding=\"async\" class=\"alignnone size-full wp-image-4898\" src=\"https:\/\/d2p6e6u75xmxt8.cloudfront.net\/5\/2017\/08\/Chol1_Design_26.jpg\" alt=\"\" width=\"700\" height=\"493\" srcset=\"https:\/\/d2p6e6u75xmxt8.cloudfront.net\/5\/2017\/08\/Chol1_Design_26.jpg 700w, https:\/\/d2p6e6u75xmxt8.cloudfront.net\/5\/2017\/08\/Chol1_Design_26-300x211.jpg 300w\" sizes=\"auto, (max-width: 700px) 100vw, 700px\" \/><\/a><\/p>\n<p><a href=\"https:\/\/d2p6e6u75xmxt8.cloudfront.net\/5\/2017\/08\/Chol1_Design_1.jpg\"><img loading=\"lazy\" decoding=\"async\" class=\"alignnone size-full wp-image-4899\" src=\"https:\/\/d2p6e6u75xmxt8.cloudfront.net\/5\/2017\/08\/Chol1_Design_1.jpg\" alt=\"\" width=\"700\" height=\"423\" srcset=\"https:\/\/d2p6e6u75xmxt8.cloudfront.net\/5\/2017\/08\/Chol1_Design_1.jpg 700w, https:\/\/d2p6e6u75xmxt8.cloudfront.net\/5\/2017\/08\/Chol1_Design_1-300x181.jpg 300w\" sizes=\"auto, (max-width: 700px) 100vw, 700px\" \/><\/a><\/p>\n<h2><strong>3. MIKILI<\/strong><\/h2>\n<p><span style=\"font-weight: 400;\">\u201eRower jest ju\u017c nie tylko \u015brodkiem transportu, ale tak\u017ce stylem \u017cycia i elementem mody\u201d. To credo marki <a href=\"http:\/\/mikili.de\/en\/\">MIKILI<\/a> z Berlina i ich podej\u015bcie do tematu, kt\u00f3re pokazuj\u0105 w praktyce. Przez ich produkty prawdziwi mi\u0142o\u015bnicy minimalistycznej estetyki mog\u0105 zaniem\u00f3wi\u0107 z wra\u017cenia i nie bez powodu. Seria drewnianych stojak\u00f3w i p\u00f3\u0142ek na rowery ma eksponowa\u0107 rower, ale doskonale wygl\u0105da i bez niego.<\/span><\/p>\n<p><a href=\"https:\/\/d2p6e6u75xmxt8.cloudfront.net\/5\/2017\/08\/timthumb-1.jpg\"><img loading=\"lazy\" decoding=\"async\" class=\"alignnone size-full wp-image-4900\" src=\"https:\/\/d2p6e6u75xmxt8.cloudfront.net\/5\/2017\/08\/timthumb-1.jpg\" alt=\"\" width=\"460\" height=\"330\" srcset=\"https:\/\/d2p6e6u75xmxt8.cloudfront.net\/5\/2017\/08\/timthumb-1.jpg 460w, https:\/\/d2p6e6u75xmxt8.cloudfront.net\/5\/2017\/08\/timthumb-1-300x215.jpg 300w\" sizes=\"auto, (max-width: 460px) 100vw, 460px\" \/><\/a><\/p>\n<p><a href=\"https:\/\/d2p6e6u75xmxt8.cloudfront.net\/5\/2017\/08\/timthumb.jpg\"><img loading=\"lazy\" decoding=\"async\" class=\"alignnone size-extra-large wp-image-4901\" src=\"https:\/\/d2p6e6u75xmxt8.cloudfront.net\/5\/2017\/08\/timthumb.jpg\" alt=\"\" width=\"460\" height=\"330\" srcset=\"https:\/\/d2p6e6u75xmxt8.cloudfront.net\/5\/2017\/08\/timthumb.jpg 460w, https:\/\/d2p6e6u75xmxt8.cloudfront.net\/5\/2017\/08\/timthumb-300x215.jpg 300w\" sizes=\"auto, (max-width: 460px) 100vw, 460px\" \/><\/a><\/p>\n<h2><strong>4. Produkty Peri\u00a0<\/strong><\/h2>\n<p><span style=\"font-weight: 400;\">Nie daj si\u0119 zwie\u015b\u0107 wygl\u0105dowi, stojak rowerowy <a href=\"http:\/\/www.periproductsllc.com\/page\/\">Peri <\/a>to nie dziwna wariacja na temat harfy lub innego instrumentu. To designerski mebel stworzony po to, by atmosfera twojego domu poszybowa\u0142a o kilka klas wy\u017cej. Ten nieziemski gad\u017cet\u00a0mo\u017cna kupi\u0107 g\u0142\u00f3wnie za po\u015brednictwem ich sklepu internetowego, ale je\u015bli zdarzy ci si\u0119 by\u0107 w pobli\u017cu Lenexa w stanie Kansas lub Denver w stanie Kolorado, dzia\u0142aj\u0105 tam dwa sklepy rowerowe, w kt\u00f3rych mo\u017cesz obejrze\u0107, a nast\u0119pnie kupi\u0107 ten niezwyk\u0142y stojak.<\/span><\/p>\n<p><a href=\"https:\/\/d2p6e6u75xmxt8.cloudfront.net\/5\/2017\/08\/Graffiti_1.jpg\"><img loading=\"lazy\" decoding=\"async\" class=\"alignnone wp-image-4902\" src=\"https:\/\/d2p6e6u75xmxt8.cloudfront.net\/5\/2017\/08\/Graffiti_1.jpg\" alt=\"\" width=\"799\" height=\"1199\" srcset=\"https:\/\/d2p6e6u75xmxt8.cloudfront.net\/5\/2017\/08\/Graffiti_1.jpg 1000w, https:\/\/d2p6e6u75xmxt8.cloudfront.net\/5\/2017\/08\/Graffiti_1-200x300.jpg 200w, https:\/\/d2p6e6u75xmxt8.cloudfront.net\/5\/2017\/08\/Graffiti_1-768x1152.jpg 768w, https:\/\/d2p6e6u75xmxt8.cloudfront.net\/5\/2017\/08\/Graffiti_1-683x1024.jpg 683w\" sizes=\"auto, (max-width: 799px) 100vw, 799px\" \/><\/a><\/p>\n<p><a href=\"https:\/\/d2p6e6u75xmxt8.cloudfront.net\/5\/2017\/08\/BrickWall_4.jpg\"><img loading=\"lazy\" decoding=\"async\" class=\"alignnone wp-image-4903\" src=\"https:\/\/d2p6e6u75xmxt8.cloudfront.net\/5\/2017\/08\/BrickWall_4.jpg\" alt=\"\" width=\"797\" height=\"1196\" srcset=\"https:\/\/d2p6e6u75xmxt8.cloudfront.net\/5\/2017\/08\/BrickWall_4.jpg 1000w, https:\/\/d2p6e6u75xmxt8.cloudfront.net\/5\/2017\/08\/BrickWall_4-200x300.jpg 200w, https:\/\/d2p6e6u75xmxt8.cloudfront.net\/5\/2017\/08\/BrickWall_4-768x1152.jpg 768w, https:\/\/d2p6e6u75xmxt8.cloudfront.net\/5\/2017\/08\/BrickWall_4-683x1024.jpg 683w\" sizes=\"auto, (max-width: 797px) 100vw, 797px\" \/><\/a><\/p>\n<h2><strong>5. Killwood<\/strong><\/h2>\n<p>A<span style=\"font-weight: 400;\">\u00a0teraz co\u015b dla os\u00f3b ze \u015bwiadomo\u015bci\u0105 ekologiczn\u0105. Lasy Kolumbii Brytyjskiej w Kanadzie zosta\u0142y jaki\u015b czas temu zdewastowane przez endemi\u0119 zwi\u0105zan\u0105 z kornikami. Ma\u0142e szkodniki sprawi\u0142y, \u017ce drewno odbarwi\u0142o si\u0119 na niebieskawo, przez co tony wysokiej jako\u015bci drewna sta\u0142y si\u0119 bezu\u017cyteczne dla tradycyjnego przemys\u0142u drzewnego. Firmy takie jak <a href=\"http:\/\/www.killwood.ca\/product\/bika\/\">Killwood<\/a> przekszta\u0142ci\u0142y to dos\u0142ownie \u201ezabite drewno\u201d w przydatne gad\u017cety wykonane z materia\u0142u, kt\u00f3re w przeciwnym razie m\u00f3g\u0142by si\u0119 zmarnowa\u0107. Jednym z najlepszych przyk\u0142ad\u00f3w jest ich p\u00f3\u0142ka rowerowa BIKA, kt\u00f3ra ka\u017cdego dnia u\u0142atwia \u017cycie i wnosi troch\u0119 designu do wystroju domu.<\/span><\/p>\n<p><a href=\"https:\/\/d2p6e6u75xmxt8.cloudfront.net\/5\/2017\/08\/BIKA.SPORTBIKE.1000.jpg\"><img loading=\"lazy\" decoding=\"async\" class=\"alignnone wp-image-4904\" src=\"https:\/\/d2p6e6u75xmxt8.cloudfront.net\/5\/2017\/08\/BIKA.SPORTBIKE.1000.jpg\" alt=\"\" width=\"804\" height=\"536\" srcset=\"https:\/\/d2p6e6u75xmxt8.cloudfront.net\/5\/2017\/08\/BIKA.SPORTBIKE.1000.jpg 1000w, https:\/\/d2p6e6u75xmxt8.cloudfront.net\/5\/2017\/08\/BIKA.SPORTBIKE.1000-300x200.jpg 300w, https:\/\/d2p6e6u75xmxt8.cloudfront.net\/5\/2017\/08\/BIKA.SPORTBIKE.1000-768x512.jpg 768w, https:\/\/d2p6e6u75xmxt8.cloudfront.net\/5\/2017\/08\/BIKA.SPORTBIKE.1000-272x182.jpg 272w\" sizes=\"auto, (max-width: 804px) 100vw, 804px\" \/><\/a><\/p>\n<p><a href=\"https:\/\/d2p6e6u75xmxt8.cloudfront.net\/5\/2017\/08\/BIKA.LIFTING.1000.jpg\"><img loading=\"lazy\" decoding=\"async\" class=\"alignnone wp-image-4905\" src=\"https:\/\/d2p6e6u75xmxt8.cloudfront.net\/5\/2017\/08\/BIKA.LIFTING.1000.jpg\" alt=\"\" width=\"807\" height=\"538\" srcset=\"https:\/\/d2p6e6u75xmxt8.cloudfront.net\/5\/2017\/08\/BIKA.LIFTING.1000.jpg 1000w, https:\/\/d2p6e6u75xmxt8.cloudfront.net\/5\/2017\/08\/BIKA.LIFTING.1000-300x200.jpg 300w, https:\/\/d2p6e6u75xmxt8.cloudfront.net\/5\/2017\/08\/BIKA.LIFTING.1000-768x512.jpg 768w, https:\/\/d2p6e6u75xmxt8.cloudfront.net\/5\/2017\/08\/BIKA.LIFTING.1000-272x182.jpg 272w\" sizes=\"auto, (max-width: 807px) 100vw, 807px\" \/><\/a><\/p>\n","protected":false},"excerpt":{"rendered":"<p>Wszyscy to przerabiali\u015bmy. Przez brak gara\u017cu lub z obawy przed trzymaniem roweru poza zasi\u0119giem wzroku pr\u00f3bowali\u015bmy znale\u017a\u0107 spos\u00f3b na przechowywanie [&hellip;]<\/p>\n","protected":false},"author":76,"featured_media":4897,"comment_status":"open","ping_status":"open","sticky":false,"template":"","format":"standard","meta":{"footnotes":""},"categories":[1],"tags":[96],"global-categories":[],"class_list":["post-4896","post","type-post","status-publish","format-standard","has-post-thumbnail","hentry","category-uncategorized","tag-jazda-miejska"],"yoast_head":"<!-- This site is optimized with the Yoast SEO Premium plugin v25.3 (Yoast SEO v25.9) - https:\/\/yoast.com\/wordpress\/plugins\/seo\/ -->\n<title>5 marek niesamowitych mebli tworzonych z my\u015bl\u0105 o rowerzystach - \u0160koda We Love Cycling - Poland<\/title>\n<meta name=\"robots\" content=\"index, follow, max-snippet:-1, max-image-preview:large, max-video-preview:-1\" \/>\n<link rel=\"canonical\" href=\"https:\/\/www.welovecycling.com\/pl\/2017\/08\/10\/5-marek-niesamowitych-mebli-tworzonych-mysla-o-rowerzystach\/\" \/>\n<meta property=\"og:locale\" content=\"pl_PL\" \/>\n<meta property=\"og:type\" content=\"article\" \/>\n<meta property=\"og:title\" content=\"5 marek niesamowitych mebli tworzonych z my\u015bl\u0105 o rowerzystach\" \/>\n<meta property=\"og:description\" content=\"Wszyscy to przerabiali\u015bmy. Przez brak gara\u017cu lub z obawy przed trzymaniem roweru poza zasi\u0119giem wzroku pr\u00f3bowali\u015bmy znale\u017a\u0107 spos\u00f3b na przechowywanie [&hellip;]\" \/>\n<meta property=\"og:url\" content=\"https:\/\/www.welovecycling.com\/pl\/2017\/08\/10\/5-marek-niesamowitych-mebli-tworzonych-mysla-o-rowerzystach\/\" \/>\n<meta property=\"og:site_name\" content=\"\u0160koda We Love Cycling - Poland\" \/>\n<meta property=\"article:published_time\" content=\"2017-08-10T21:54:15+00:00\" \/>\n<meta property=\"article:modified_time\" content=\"2017-08-27T07:52:39+00:00\" \/>\n<meta property=\"og:image\" content=\"https:\/\/d2p6e6u75xmxt8.cloudfront.net\/5\/2017\/08\/coverpoh.jpg\" \/>\n\t<meta property=\"og:image:width\" content=\"1375\" \/>\n\t<meta property=\"og:image:height\" content=\"600\" \/>\n\t<meta property=\"og:image:type\" content=\"image\/jpeg\" \/>\n<meta name=\"author\" content=\"piotrboczkowski\" \/>\n<meta name=\"twitter:card\" content=\"summary_large_image\" \/>\n<meta name=\"twitter:label1\" content=\"Written by\" \/>\n\t<meta name=\"twitter:data1\" content=\"Frantiska Blazkova\" \/>\n\t<meta name=\"twitter:label2\" content=\"Est. reading time\" \/>\n\t<meta name=\"twitter:data2\" content=\"3 minutes\" \/>\n<script type=\"application\/ld+json\" class=\"yoast-schema-graph\">{\"@context\":\"https:\/\/schema.org\",\"@graph\":[{\"@type\":\"WebPage\",\"@id\":\"https:\/\/www.welovecycling.com\/pl\/2017\/08\/10\/5-marek-niesamowitych-mebli-tworzonych-mysla-o-rowerzystach\/\",\"url\":\"https:\/\/www.welovecycling.com\/pl\/2017\/08\/10\/5-marek-niesamowitych-mebli-tworzonych-mysla-o-rowerzystach\/\",\"name\":\"5 marek niesamowitych mebli tworzonych z my\u015bl\u0105 o rowerzystach - \u0160koda We Love Cycling - Poland\",\"isPartOf\":{\"@id\":\"https:\/\/www.welovecycling.com\/pl\/#website\"},\"primaryImageOfPage\":{\"@id\":\"https:\/\/www.welovecycling.com\/pl\/2017\/08\/10\/5-marek-niesamowitych-mebli-tworzonych-mysla-o-rowerzystach\/#primaryimage\"},\"image\":{\"@id\":\"https:\/\/www.welovecycling.com\/pl\/2017\/08\/10\/5-marek-niesamowitych-mebli-tworzonych-mysla-o-rowerzystach\/#primaryimage\"},\"thumbnailUrl\":\"https:\/\/d2p6e6u75xmxt8.cloudfront.net\/5\/2017\/08\/coverpoh.jpg\",\"datePublished\":\"2017-08-10T21:54:15+00:00\",\"dateModified\":\"2017-08-27T07:52:39+00:00\",\"author\":{\"@id\":\"https:\/\/www.welovecycling.com\/pl\/#\/schema\/person\/0dba2d39da943db9df3fd8f4687e7f23\"},\"breadcrumb\":{\"@id\":\"https:\/\/www.welovecycling.com\/pl\/2017\/08\/10\/5-marek-niesamowitych-mebli-tworzonych-mysla-o-rowerzystach\/#breadcrumb\"},\"inLanguage\":\"pl-PL\",\"potentialAction\":[{\"@type\":\"ReadAction\",\"target\":[\"https:\/\/www.welovecycling.com\/pl\/2017\/08\/10\/5-marek-niesamowitych-mebli-tworzonych-mysla-o-rowerzystach\/\"]}]},{\"@type\":\"ImageObject\",\"inLanguage\":\"pl-PL\",\"@id\":\"https:\/\/www.welovecycling.com\/pl\/2017\/08\/10\/5-marek-niesamowitych-mebli-tworzonych-mysla-o-rowerzystach\/#primaryimage\",\"url\":\"https:\/\/d2p6e6u75xmxt8.cloudfront.net\/5\/2017\/08\/coverpoh.jpg\",\"contentUrl\":\"https:\/\/d2p6e6u75xmxt8.cloudfront.net\/5\/2017\/08\/coverpoh.jpg\",\"width\":1375,\"height\":600},{\"@type\":\"BreadcrumbList\",\"@id\":\"https:\/\/www.welovecycling.com\/pl\/2017\/08\/10\/5-marek-niesamowitych-mebli-tworzonych-mysla-o-rowerzystach\/#breadcrumb\",\"itemListElement\":[{\"@type\":\"ListItem\",\"position\":1,\"name\":\"Home\",\"item\":\"https:\/\/www.welovecycling.com\/pl\/\"},{\"@type\":\"ListItem\",\"position\":2,\"name\":\"5 marek niesamowitych mebli tworzonych z my\u015bl\u0105 o rowerzystach\"}]},{\"@type\":\"WebSite\",\"@id\":\"https:\/\/www.welovecycling.com\/pl\/#website\",\"url\":\"https:\/\/www.welovecycling.com\/pl\/\",\"name\":\"\u0160koda We Love Cycling - Poland\",\"description\":\"\",\"potentialAction\":[{\"@type\":\"SearchAction\",\"target\":{\"@type\":\"EntryPoint\",\"urlTemplate\":\"https:\/\/www.welovecycling.com\/pl\/?s={search_term_string}\"},\"query-input\":{\"@type\":\"PropertyValueSpecification\",\"valueRequired\":true,\"valueName\":\"search_term_string\"}}],\"inLanguage\":\"pl-PL\"},{\"@type\":\"Person\",\"@id\":\"https:\/\/www.welovecycling.com\/pl\/#\/schema\/person\/0dba2d39da943db9df3fd8f4687e7f23\",\"name\":\"piotrboczkowski\",\"image\":{\"@type\":\"ImageObject\",\"inLanguage\":\"pl-PL\",\"@id\":\"https:\/\/www.welovecycling.com\/pl\/#\/schema\/person\/image\/\",\"url\":\"https:\/\/secure.gravatar.com\/avatar\/533caccae14752e03a2ce2d3fd62d1b98b93e1393c3195c27819e53344ca1ace?s=96&d=mm&r=g\",\"contentUrl\":\"https:\/\/secure.gravatar.com\/avatar\/533caccae14752e03a2ce2d3fd62d1b98b93e1393c3195c27819e53344ca1ace?s=96&d=mm&r=g\",\"caption\":\"piotrboczkowski\"},\"url\":\"https:\/\/www.welovecycling.com\/pl\/author\/piotrboczkowski\/\"}]}<\/script>\n<!-- \/ Yoast SEO Premium plugin. -->","yoast_head_json":{"title":"5 marek niesamowitych mebli tworzonych z my\u015bl\u0105 o rowerzystach - \u0160koda We Love Cycling - Poland","robots":{"index":"index","follow":"follow","max-snippet":"max-snippet:-1","max-image-preview":"max-image-preview:large","max-video-preview":"max-video-preview:-1"},"canonical":"https:\/\/www.welovecycling.com\/pl\/2017\/08\/10\/5-marek-niesamowitych-mebli-tworzonych-mysla-o-rowerzystach\/","og_locale":"pl_PL","og_type":"article","og_title":"5 marek niesamowitych mebli tworzonych z my\u015bl\u0105 o rowerzystach","og_description":"Wszyscy to przerabiali\u015bmy. Przez brak gara\u017cu lub z obawy przed trzymaniem roweru poza zasi\u0119giem wzroku pr\u00f3bowali\u015bmy znale\u017a\u0107 spos\u00f3b na przechowywanie [&hellip;]","og_url":"https:\/\/www.welovecycling.com\/pl\/2017\/08\/10\/5-marek-niesamowitych-mebli-tworzonych-mysla-o-rowerzystach\/","og_site_name":"\u0160koda We Love Cycling - Poland","article_published_time":"2017-08-10T21:54:15+00:00","article_modified_time":"2017-08-27T07:52:39+00:00","og_image":[{"width":1375,"height":600,"url":"https:\/\/d2p6e6u75xmxt8.cloudfront.net\/5\/2017\/08\/coverpoh.jpg","type":"image\/jpeg"}],"author":"piotrboczkowski","twitter_card":"summary_large_image","twitter_misc":{"Written by":"Frantiska Blazkova","Est. reading time":"3 minutes"},"schema":{"@context":"https:\/\/schema.org","@graph":[{"@type":"WebPage","@id":"https:\/\/www.welovecycling.com\/pl\/2017\/08\/10\/5-marek-niesamowitych-mebli-tworzonych-mysla-o-rowerzystach\/","url":"https:\/\/www.welovecycling.com\/pl\/2017\/08\/10\/5-marek-niesamowitych-mebli-tworzonych-mysla-o-rowerzystach\/","name":"5 marek niesamowitych mebli tworzonych z my\u015bl\u0105 o rowerzystach - \u0160koda We Love Cycling - Poland","isPartOf":{"@id":"https:\/\/www.welovecycling.com\/pl\/#website"},"primaryImageOfPage":{"@id":"https:\/\/www.welovecycling.com\/pl\/2017\/08\/10\/5-marek-niesamowitych-mebli-tworzonych-mysla-o-rowerzystach\/#primaryimage"},"image":{"@id":"https:\/\/www.welovecycling.com\/pl\/2017\/08\/10\/5-marek-niesamowitych-mebli-tworzonych-mysla-o-rowerzystach\/#primaryimage"},"thumbnailUrl":"https:\/\/d2p6e6u75xmxt8.cloudfront.net\/5\/2017\/08\/coverpoh.jpg","datePublished":"2017-08-10T21:54:15+00:00","dateModified":"2017-08-27T07:52:39+00:00","author":{"@id":"https:\/\/www.welovecycling.com\/pl\/#\/schema\/person\/0dba2d39da943db9df3fd8f4687e7f23"},"breadcrumb":{"@id":"https:\/\/www.welovecycling.com\/pl\/2017\/08\/10\/5-marek-niesamowitych-mebli-tworzonych-mysla-o-rowerzystach\/#breadcrumb"},"inLanguage":"pl-PL","potentialAction":[{"@type":"ReadAction","target":["https:\/\/www.welovecycling.com\/pl\/2017\/08\/10\/5-marek-niesamowitych-mebli-tworzonych-mysla-o-rowerzystach\/"]}]},{"@type":"ImageObject","inLanguage":"pl-PL","@id":"https:\/\/www.welovecycling.com\/pl\/2017\/08\/10\/5-marek-niesamowitych-mebli-tworzonych-mysla-o-rowerzystach\/#primaryimage","url":"https:\/\/d2p6e6u75xmxt8.cloudfront.net\/5\/2017\/08\/coverpoh.jpg","contentUrl":"https:\/\/d2p6e6u75xmxt8.cloudfront.net\/5\/2017\/08\/coverpoh.jpg","width":1375,"height":600},{"@type":"BreadcrumbList","@id":"https:\/\/www.welovecycling.com\/pl\/2017\/08\/10\/5-marek-niesamowitych-mebli-tworzonych-mysla-o-rowerzystach\/#breadcrumb","itemListElement":[{"@type":"ListItem","position":1,"name":"Home","item":"https:\/\/www.welovecycling.com\/pl\/"},{"@type":"ListItem","position":2,"name":"5 marek niesamowitych mebli tworzonych z my\u015bl\u0105 o rowerzystach"}]},{"@type":"WebSite","@id":"https:\/\/www.welovecycling.com\/pl\/#website","url":"https:\/\/www.welovecycling.com\/pl\/","name":"\u0160koda We Love Cycling - Poland","description":"","potentialAction":[{"@type":"SearchAction","target":{"@type":"EntryPoint","urlTemplate":"https:\/\/www.welovecycling.com\/pl\/?s={search_term_string}"},"query-input":{"@type":"PropertyValueSpecification","valueRequired":true,"valueName":"search_term_string"}}],"inLanguage":"pl-PL"},{"@type":"Person","@id":"https:\/\/www.welovecycling.com\/pl\/#\/schema\/person\/0dba2d39da943db9df3fd8f4687e7f23","name":"piotrboczkowski","image":{"@type":"ImageObject","inLanguage":"pl-PL","@id":"https:\/\/www.welovecycling.com\/pl\/#\/schema\/person\/image\/","url":"https:\/\/secure.gravatar.com\/avatar\/533caccae14752e03a2ce2d3fd62d1b98b93e1393c3195c27819e53344ca1ace?s=96&d=mm&r=g","contentUrl":"https:\/\/secure.gravatar.com\/avatar\/533caccae14752e03a2ce2d3fd62d1b98b93e1393c3195c27819e53344ca1ace?s=96&d=mm&r=g","caption":"piotrboczkowski"},"url":"https:\/\/www.welovecycling.com\/pl\/author\/piotrboczkowski\/"}]}},"_links":{"self":[{"href":"https:\/\/www.welovecycling.com\/pl\/wp-json\/wp\/v2\/posts\/4896","targetHints":{"allow":["GET"]}}],"collection":[{"href":"https:\/\/www.welovecycling.com\/pl\/wp-json\/wp\/v2\/posts"}],"about":[{"href":"https:\/\/www.welovecycling.com\/pl\/wp-json\/wp\/v2\/types\/post"}],"author":[{"embeddable":true,"href":"https:\/\/www.welovecycling.com\/pl\/wp-json\/wp\/v2\/users\/76"}],"replies":[{"embeddable":true,"href":"https:\/\/www.welovecycling.com\/pl\/wp-json\/wp\/v2\/comments?post=4896"}],"version-history":[{"count":2,"href":"https:\/\/www.welovecycling.com\/pl\/wp-json\/wp\/v2\/posts\/4896\/revisions"}],"predecessor-version":[{"id":5090,"href":"https:\/\/www.welovecycling.com\/pl\/wp-json\/wp\/v2\/posts\/4896\/revisions\/5090"}],"wp:featuredmedia":[{"embeddable":true,"href":"https:\/\/www.welovecycling.com\/pl\/wp-json\/wp\/v2\/media\/4897"}],"wp:attachment":[{"href":"https:\/\/www.welovecycling.com\/pl\/wp-json\/wp\/v2\/media?parent=4896"}],"wp:term":[{"taxonomy":"category","embeddable":true,"href":"https:\/\/www.welovecycling.com\/pl\/wp-json\/wp\/v2\/categories?post=4896"},{"taxonomy":"post_tag","embeddable":true,"href":"https:\/\/www.welovecycling.com\/pl\/wp-json\/wp\/v2\/tags?post=4896"},{"taxonomy":"global-categories","embeddable":true,"href":"https:\/\/www.welovecycling.com\/pl\/wp-json\/wp\/v2\/global-categories?post=4896"}],"curies":[{"name":"wp","href":"https:\/\/api.w.org\/{rel}","templated":true}]}}