{"id":4883,"date":"2017-08-10T08:29:58","date_gmt":"2017-08-10T08:29:58","guid":{"rendered":"https:\/\/www.welovecycling.com\/pl\/?p=4883"},"modified":"2017-08-27T07:44:56","modified_gmt":"2017-08-27T07:44:56","slug":"pszczyna-wierna-kolarskim-tradycjom","status":"publish","type":"post","link":"https:\/\/www.welovecycling.com\/pl\/2017\/08\/10\/pszczyna-wierna-kolarskim-tradycjom\/","title":{"rendered":"Pszczyna wierna kolarskim tradycjom"},"content":{"rendered":"<p><strong>Ju\u017c po raz dziesi\u0105ty pszczy\u0144skie drogi i ulice go\u015bci\u0142y Memoria\u0142 im. Kazimierza Gazdy \u2013 wybitnego kolarza i promotora sportu rowerowego. Samemu wy\u015bcigowi towarzyszy\u0142y liczne imprezy dla amator\u00f3w kolarstwa.<\/strong><!--more--><\/p>\n<p>Rowerowe emocje wystartowa\u0142y ju\u017c o godzinie 10.00, gdy ruszyli w tras\u0119 m\u0142odzi zawodnicy a\u017c w 6 kategoriach: <strong>\u017bak, \u017bakinia, M\u0142odzik, M\u0142odziczka, Junior M\u0142odszy oraz Juniorka M\u0142odsza<\/strong>. Potem przyszed\u0142 czas na najm\u0142odszych kolarzy, czyli wy\u015bcig dla dzieci przedszkolnych i szkolnych. Kulminacj\u0119 dnia start\u00f3w poprzedzi\u0142y przejazdy go\u015bci specjalnych oraz liczne konkursy z nagrodami. Wreszcie od 15.30 do 19.00 mia\u0142y miejsce zawody g\u0142\u00f3wne, w kt\u00f3rych jak co roku uczestniczy\u0142a elita polskich szosowc\u00f3w. By\u0142o o co walczy\u0107, gdy\u017c pszczy\u0144skie kryterium miejskie by\u0142o eliminacj\u0105 do Mistrzostw Polski.\u00a0Trasa tego wspania\u0142ego wy\u015bcigu, obserwowanego przez tysi\u0105ce widz\u00f3w, przebiega\u0142a ulicami: Rynek, Chrobrego, Kopernika, Bielsk\u0105, Wojska Polskiego (p\u0119tla 1400 m). Meta i start znajdowa\u0142y si\u0119 na pszczy\u0144skim Rynku.<\/p>\n<div class=\"embed-wrapper\">\n<p><iframe loading=\"lazy\" src=\"https:\/\/www.youtube-nocookie.com\/embed\/38dMH3KuTRM?ecver=1\" width=\"760\" height=\"480\" frameborder=\"0\" allowfullscreen=\"allowfullscreen\"><\/iframe><\/p>\n<\/div>\n<p>Pszczy\u0144ska impreza to idealny przyk\u0142ad cyklicznego \u015bwi\u0119ta kolarskiego mocno zwi\u0105zanego z lokaln\u0105 spo\u0142eczno\u015bci\u0105. Obros\u0142a w tradycj\u0119, silna dzi\u0119ki wspania\u0142ej organizacji i wspierana przez lokalnych mi\u0142o\u015bnik\u00f3w rower\u00f3w.<\/p>\n<p>W\u0142a\u015bnie w ramach takiego wsparcia na Rynku w Pszczynie powsta\u0142o niezwykle kolorowe miasteczko Auto-Gazda Group, w tym strefa marki <strong>\u0160koda<\/strong>. Dzi\u0119ki temu X Memoria\u0142 im. Kazimierza Gazdy sta\u0142 si\u0119 prawdziwym po\u0142\u0105czeniem sportu z rodzinnym piknikiem, kt\u00f3ry mieszka\u0144cy Pszczyny zapami\u0119taj\u0105 jako pe\u0142en emocji festiwal wytrwa\u0142o\u015bci i pr\u0119dko\u015bci. Ju\u017c teraz Pszczyna czeka na kolejny, tym razem XI, Memoria\u0142.<\/p>\n<p><a href=\"https:\/\/d2p6e6u75xmxt8.cloudfront.net\/5\/2017\/08\/IMG_20170723_122426.jpg\"><img loading=\"lazy\" decoding=\"async\" class=\"alignnone wp-image-4885\" src=\"https:\/\/d2p6e6u75xmxt8.cloudfront.net\/5\/2017\/08\/IMG_20170723_122426-1920x1440.jpg\" alt=\"\" width=\"1119\" height=\"838\" srcset=\"https:\/\/d2p6e6u75xmxt8.cloudfront.net\/5\/2017\/08\/IMG_20170723_122426-1920x1440.jpg 1920w, https:\/\/d2p6e6u75xmxt8.cloudfront.net\/5\/2017\/08\/IMG_20170723_122426-300x225.jpg 300w, https:\/\/d2p6e6u75xmxt8.cloudfront.net\/5\/2017\/08\/IMG_20170723_122426-768x576.jpg 768w, https:\/\/d2p6e6u75xmxt8.cloudfront.net\/5\/2017\/08\/IMG_20170723_122426-1024x768.jpg 1024w, https:\/\/d2p6e6u75xmxt8.cloudfront.net\/5\/2017\/08\/IMG_20170723_122426-1920x1440.jpg 1920w\" sizes=\"auto, (max-width: 1119px) 100vw, 1119px\" \/><\/a><\/p>\n<p><a href=\"https:\/\/d2p6e6u75xmxt8.cloudfront.net\/5\/2017\/08\/IMG_20170723_163404.jpg\"><img loading=\"lazy\" decoding=\"async\" class=\"alignnone wp-image-4886\" src=\"https:\/\/d2p6e6u75xmxt8.cloudfront.net\/5\/2017\/08\/IMG_20170723_163404-1920x1440.jpg\" alt=\"\" width=\"1110\" height=\"831\" srcset=\"https:\/\/d2p6e6u75xmxt8.cloudfront.net\/5\/2017\/08\/IMG_20170723_163404-300x225.jpg 300w, https:\/\/d2p6e6u75xmxt8.cloudfront.net\/5\/2017\/08\/IMG_20170723_163404-768x576.jpg 768w, https:\/\/d2p6e6u75xmxt8.cloudfront.net\/5\/2017\/08\/IMG_20170723_163404-1024x768.jpg 1024w, https:\/\/d2p6e6u75xmxt8.cloudfront.net\/5\/2017\/08\/IMG_20170723_163404-1920x1440.jpg 1920w\" sizes=\"auto, (max-width: 1110px) 100vw, 1110px\" \/><\/a><\/p>\n<p><a href=\"https:\/\/d2p6e6u75xmxt8.cloudfront.net\/5\/2017\/08\/IMG_20170723_163350.jpg\"><img loading=\"lazy\" decoding=\"async\" class=\"alignnone wp-image-4887\" src=\"https:\/\/d2p6e6u75xmxt8.cloudfront.net\/5\/2017\/08\/IMG_20170723_163350-1920x1440.jpg\" alt=\"\" width=\"1111\" height=\"833\" srcset=\"https:\/\/d2p6e6u75xmxt8.cloudfront.net\/5\/2017\/08\/IMG_20170723_163350-1920x1440.jpg 1920w, https:\/\/d2p6e6u75xmxt8.cloudfront.net\/5\/2017\/08\/IMG_20170723_163350-300x225.jpg 300w, https:\/\/d2p6e6u75xmxt8.cloudfront.net\/5\/2017\/08\/IMG_20170723_163350-768x576.jpg 768w, https:\/\/d2p6e6u75xmxt8.cloudfront.net\/5\/2017\/08\/IMG_20170723_163350-1024x768.jpg 1024w, https:\/\/d2p6e6u75xmxt8.cloudfront.net\/5\/2017\/08\/IMG_20170723_163350-1920x1440.jpg 1920w\" sizes=\"auto, (max-width: 1111px) 100vw, 1111px\" \/><\/a><\/p>\n<p><a href=\"https:\/\/d2p6e6u75xmxt8.cloudfront.net\/5\/2017\/08\/IMG_20170723_094927.jpg\"><img loading=\"lazy\" decoding=\"async\" class=\"alignnone wp-image-4888\" src=\"https:\/\/d2p6e6u75xmxt8.cloudfront.net\/5\/2017\/08\/IMG_20170723_094927-1920x1440.jpg\" alt=\"\" width=\"1107\" height=\"830\" srcset=\"https:\/\/d2p6e6u75xmxt8.cloudfront.net\/5\/2017\/08\/IMG_20170723_094927-1920x1440.jpg 1920w, https:\/\/d2p6e6u75xmxt8.cloudfront.net\/5\/2017\/08\/IMG_20170723_094927-300x225.jpg 300w, https:\/\/d2p6e6u75xmxt8.cloudfront.net\/5\/2017\/08\/IMG_20170723_094927-768x576.jpg 768w, https:\/\/d2p6e6u75xmxt8.cloudfront.net\/5\/2017\/08\/IMG_20170723_094927-1024x768.jpg 1024w, https:\/\/d2p6e6u75xmxt8.cloudfront.net\/5\/2017\/08\/IMG_20170723_094927-1920x1440.jpg 1920w\" sizes=\"auto, (max-width: 1107px) 100vw, 1107px\" \/><\/a><\/p>\n<p>(\u017ar\u00f3d\u0142o zdj\u0119\u0107: Autoryzowany salon\u00a0\u0160KODY Auto-Gazda)<\/p>\n","protected":false},"excerpt":{"rendered":"<p>Ju\u017c po raz dziesi\u0105ty pszczy\u0144skie drogi i ulice go\u015bci\u0142y Memoria\u0142 im. Kazimierza Gazdy \u2013 wybitnego kolarza i promotora sportu rowerowego. [&hellip;]<\/p>\n","protected":false},"author":76,"featured_media":4884,"comment_status":"open","ping_status":"open","sticky":false,"template":"","format":"standard","meta":{"footnotes":""},"categories":[1],"tags":[158,82,137],"global-categories":[],"class_list":["post-4883","post","type-post","status-publish","format-standard","has-post-thumbnail","hentry","category-uncategorized","tag-relacja","tag-welovecycling","tag-wyscigi"],"yoast_head":"<!-- This site is optimized with the Yoast SEO Premium plugin v25.3 (Yoast SEO v25.9) - https:\/\/yoast.com\/wordpress\/plugins\/seo\/ -->\n<title>Pszczyna wierna kolarskim tradycjom - \u0160koda We Love Cycling - Poland<\/title>\n<meta name=\"robots\" content=\"index, follow, max-snippet:-1, max-image-preview:large, max-video-preview:-1\" \/>\n<link rel=\"canonical\" href=\"https:\/\/www.welovecycling.com\/pl\/2017\/08\/10\/pszczyna-wierna-kolarskim-tradycjom\/\" \/>\n<meta property=\"og:locale\" content=\"pl_PL\" \/>\n<meta property=\"og:type\" content=\"article\" \/>\n<meta property=\"og:title\" content=\"Pszczyna wierna kolarskim tradycjom\" \/>\n<meta property=\"og:description\" content=\"Ju\u017c po raz dziesi\u0105ty pszczy\u0144skie drogi i ulice go\u015bci\u0142y Memoria\u0142 im. Kazimierza Gazdy \u2013 wybitnego kolarza i promotora sportu rowerowego. [&hellip;]\" \/>\n<meta property=\"og:url\" content=\"https:\/\/www.welovecycling.com\/pl\/2017\/08\/10\/pszczyna-wierna-kolarskim-tradycjom\/\" \/>\n<meta property=\"og:site_name\" content=\"\u0160koda We Love Cycling - Poland\" \/>\n<meta property=\"article:published_time\" content=\"2017-08-10T08:29:58+00:00\" \/>\n<meta property=\"article:modified_time\" content=\"2017-08-27T07:44:56+00:00\" \/>\n<meta property=\"og:image\" content=\"https:\/\/d2p6e6u75xmxt8.cloudfront.net\/5\/2017\/08\/IMG_20170723_085249-1024x768.jpg\" \/>\n\t<meta property=\"og:image:width\" content=\"1024\" \/>\n\t<meta property=\"og:image:height\" content=\"768\" \/>\n\t<meta property=\"og:image:type\" content=\"image\/jpeg\" \/>\n<meta name=\"author\" content=\"piotrboczkowski\" \/>\n<meta name=\"twitter:card\" content=\"summary_large_image\" \/>\n<meta name=\"twitter:label1\" content=\"Written by\" \/>\n\t<meta name=\"twitter:data1\" content=\"WeLoveCycling\" \/>\n\t<meta name=\"twitter:label2\" content=\"Est. reading time\" \/>\n\t<meta name=\"twitter:data2\" content=\"1 minute\" \/>\n<script type=\"application\/ld+json\" class=\"yoast-schema-graph\">{\"@context\":\"https:\/\/schema.org\",\"@graph\":[{\"@type\":\"WebPage\",\"@id\":\"https:\/\/www.welovecycling.com\/pl\/2017\/08\/10\/pszczyna-wierna-kolarskim-tradycjom\/\",\"url\":\"https:\/\/www.welovecycling.com\/pl\/2017\/08\/10\/pszczyna-wierna-kolarskim-tradycjom\/\",\"name\":\"Pszczyna wierna kolarskim tradycjom - \u0160koda We Love Cycling - Poland\",\"isPartOf\":{\"@id\":\"https:\/\/www.welovecycling.com\/pl\/#website\"},\"primaryImageOfPage\":{\"@id\":\"https:\/\/www.welovecycling.com\/pl\/2017\/08\/10\/pszczyna-wierna-kolarskim-tradycjom\/#primaryimage\"},\"image\":{\"@id\":\"https:\/\/www.welovecycling.com\/pl\/2017\/08\/10\/pszczyna-wierna-kolarskim-tradycjom\/#primaryimage\"},\"thumbnailUrl\":\"https:\/\/d2p6e6u75xmxt8.cloudfront.net\/5\/2017\/08\/IMG_20170723_085249.jpg\",\"datePublished\":\"2017-08-10T08:29:58+00:00\",\"dateModified\":\"2017-08-27T07:44:56+00:00\",\"author\":{\"@id\":\"https:\/\/www.welovecycling.com\/pl\/#\/schema\/person\/0dba2d39da943db9df3fd8f4687e7f23\"},\"breadcrumb\":{\"@id\":\"https:\/\/www.welovecycling.com\/pl\/2017\/08\/10\/pszczyna-wierna-kolarskim-tradycjom\/#breadcrumb\"},\"inLanguage\":\"pl-PL\",\"potentialAction\":[{\"@type\":\"ReadAction\",\"target\":[\"https:\/\/www.welovecycling.com\/pl\/2017\/08\/10\/pszczyna-wierna-kolarskim-tradycjom\/\"]}]},{\"@type\":\"ImageObject\",\"inLanguage\":\"pl-PL\",\"@id\":\"https:\/\/www.welovecycling.com\/pl\/2017\/08\/10\/pszczyna-wierna-kolarskim-tradycjom\/#primaryimage\",\"url\":\"https:\/\/d2p6e6u75xmxt8.cloudfront.net\/5\/2017\/08\/IMG_20170723_085249.jpg\",\"contentUrl\":\"https:\/\/d2p6e6u75xmxt8.cloudfront.net\/5\/2017\/08\/IMG_20170723_085249.jpg\",\"width\":3264,\"height\":2448},{\"@type\":\"BreadcrumbList\",\"@id\":\"https:\/\/www.welovecycling.com\/pl\/2017\/08\/10\/pszczyna-wierna-kolarskim-tradycjom\/#breadcrumb\",\"itemListElement\":[{\"@type\":\"ListItem\",\"position\":1,\"name\":\"Home\",\"item\":\"https:\/\/www.welovecycling.com\/pl\/\"},{\"@type\":\"ListItem\",\"position\":2,\"name\":\"Pszczyna wierna kolarskim tradycjom\"}]},{\"@type\":\"WebSite\",\"@id\":\"https:\/\/www.welovecycling.com\/pl\/#website\",\"url\":\"https:\/\/www.welovecycling.com\/pl\/\",\"name\":\"\u0160koda We Love Cycling - Poland\",\"description\":\"\",\"potentialAction\":[{\"@type\":\"SearchAction\",\"target\":{\"@type\":\"EntryPoint\",\"urlTemplate\":\"https:\/\/www.welovecycling.com\/pl\/?s={search_term_string}\"},\"query-input\":{\"@type\":\"PropertyValueSpecification\",\"valueRequired\":true,\"valueName\":\"search_term_string\"}}],\"inLanguage\":\"pl-PL\"},{\"@type\":\"Person\",\"@id\":\"https:\/\/www.welovecycling.com\/pl\/#\/schema\/person\/0dba2d39da943db9df3fd8f4687e7f23\",\"name\":\"piotrboczkowski\",\"image\":{\"@type\":\"ImageObject\",\"inLanguage\":\"pl-PL\",\"@id\":\"https:\/\/www.welovecycling.com\/pl\/#\/schema\/person\/image\/\",\"url\":\"https:\/\/secure.gravatar.com\/avatar\/533caccae14752e03a2ce2d3fd62d1b98b93e1393c3195c27819e53344ca1ace?s=96&d=mm&r=g\",\"contentUrl\":\"https:\/\/secure.gravatar.com\/avatar\/533caccae14752e03a2ce2d3fd62d1b98b93e1393c3195c27819e53344ca1ace?s=96&d=mm&r=g\",\"caption\":\"piotrboczkowski\"},\"url\":\"https:\/\/www.welovecycling.com\/pl\/author\/piotrboczkowski\/\"}]}<\/script>\n<!-- \/ Yoast SEO Premium plugin. -->","yoast_head_json":{"title":"Pszczyna wierna kolarskim tradycjom - \u0160koda We Love Cycling - Poland","robots":{"index":"index","follow":"follow","max-snippet":"max-snippet:-1","max-image-preview":"max-image-preview:large","max-video-preview":"max-video-preview:-1"},"canonical":"https:\/\/www.welovecycling.com\/pl\/2017\/08\/10\/pszczyna-wierna-kolarskim-tradycjom\/","og_locale":"pl_PL","og_type":"article","og_title":"Pszczyna wierna kolarskim tradycjom","og_description":"Ju\u017c po raz dziesi\u0105ty pszczy\u0144skie drogi i ulice go\u015bci\u0142y Memoria\u0142 im. Kazimierza Gazdy \u2013 wybitnego kolarza i promotora sportu rowerowego. [&hellip;]","og_url":"https:\/\/www.welovecycling.com\/pl\/2017\/08\/10\/pszczyna-wierna-kolarskim-tradycjom\/","og_site_name":"\u0160koda We Love Cycling - Poland","article_published_time":"2017-08-10T08:29:58+00:00","article_modified_time":"2017-08-27T07:44:56+00:00","og_image":[{"width":1024,"height":768,"url":"https:\/\/d2p6e6u75xmxt8.cloudfront.net\/5\/2017\/08\/IMG_20170723_085249-1024x768.jpg","type":"image\/jpeg"}],"author":"piotrboczkowski","twitter_card":"summary_large_image","twitter_misc":{"Written by":"WeLoveCycling","Est. reading time":"1 minute"},"schema":{"@context":"https:\/\/schema.org","@graph":[{"@type":"WebPage","@id":"https:\/\/www.welovecycling.com\/pl\/2017\/08\/10\/pszczyna-wierna-kolarskim-tradycjom\/","url":"https:\/\/www.welovecycling.com\/pl\/2017\/08\/10\/pszczyna-wierna-kolarskim-tradycjom\/","name":"Pszczyna wierna kolarskim tradycjom - \u0160koda We Love Cycling - Poland","isPartOf":{"@id":"https:\/\/www.welovecycling.com\/pl\/#website"},"primaryImageOfPage":{"@id":"https:\/\/www.welovecycling.com\/pl\/2017\/08\/10\/pszczyna-wierna-kolarskim-tradycjom\/#primaryimage"},"image":{"@id":"https:\/\/www.welovecycling.com\/pl\/2017\/08\/10\/pszczyna-wierna-kolarskim-tradycjom\/#primaryimage"},"thumbnailUrl":"https:\/\/d2p6e6u75xmxt8.cloudfront.net\/5\/2017\/08\/IMG_20170723_085249.jpg","datePublished":"2017-08-10T08:29:58+00:00","dateModified":"2017-08-27T07:44:56+00:00","author":{"@id":"https:\/\/www.welovecycling.com\/pl\/#\/schema\/person\/0dba2d39da943db9df3fd8f4687e7f23"},"breadcrumb":{"@id":"https:\/\/www.welovecycling.com\/pl\/2017\/08\/10\/pszczyna-wierna-kolarskim-tradycjom\/#breadcrumb"},"inLanguage":"pl-PL","potentialAction":[{"@type":"ReadAction","target":["https:\/\/www.welovecycling.com\/pl\/2017\/08\/10\/pszczyna-wierna-kolarskim-tradycjom\/"]}]},{"@type":"ImageObject","inLanguage":"pl-PL","@id":"https:\/\/www.welovecycling.com\/pl\/2017\/08\/10\/pszczyna-wierna-kolarskim-tradycjom\/#primaryimage","url":"https:\/\/d2p6e6u75xmxt8.cloudfront.net\/5\/2017\/08\/IMG_20170723_085249.jpg","contentUrl":"https:\/\/d2p6e6u75xmxt8.cloudfront.net\/5\/2017\/08\/IMG_20170723_085249.jpg","width":3264,"height":2448},{"@type":"BreadcrumbList","@id":"https:\/\/www.welovecycling.com\/pl\/2017\/08\/10\/pszczyna-wierna-kolarskim-tradycjom\/#breadcrumb","itemListElement":[{"@type":"ListItem","position":1,"name":"Home","item":"https:\/\/www.welovecycling.com\/pl\/"},{"@type":"ListItem","position":2,"name":"Pszczyna wierna kolarskim tradycjom"}]},{"@type":"WebSite","@id":"https:\/\/www.welovecycling.com\/pl\/#website","url":"https:\/\/www.welovecycling.com\/pl\/","name":"\u0160koda We Love Cycling - Poland","description":"","potentialAction":[{"@type":"SearchAction","target":{"@type":"EntryPoint","urlTemplate":"https:\/\/www.welovecycling.com\/pl\/?s={search_term_string}"},"query-input":{"@type":"PropertyValueSpecification","valueRequired":true,"valueName":"search_term_string"}}],"inLanguage":"pl-PL"},{"@type":"Person","@id":"https:\/\/www.welovecycling.com\/pl\/#\/schema\/person\/0dba2d39da943db9df3fd8f4687e7f23","name":"piotrboczkowski","image":{"@type":"ImageObject","inLanguage":"pl-PL","@id":"https:\/\/www.welovecycling.com\/pl\/#\/schema\/person\/image\/","url":"https:\/\/secure.gravatar.com\/avatar\/533caccae14752e03a2ce2d3fd62d1b98b93e1393c3195c27819e53344ca1ace?s=96&d=mm&r=g","contentUrl":"https:\/\/secure.gravatar.com\/avatar\/533caccae14752e03a2ce2d3fd62d1b98b93e1393c3195c27819e53344ca1ace?s=96&d=mm&r=g","caption":"piotrboczkowski"},"url":"https:\/\/www.welovecycling.com\/pl\/author\/piotrboczkowski\/"}]}},"_links":{"self":[{"href":"https:\/\/www.welovecycling.com\/pl\/wp-json\/wp\/v2\/posts\/4883","targetHints":{"allow":["GET"]}}],"collection":[{"href":"https:\/\/www.welovecycling.com\/pl\/wp-json\/wp\/v2\/posts"}],"about":[{"href":"https:\/\/www.welovecycling.com\/pl\/wp-json\/wp\/v2\/types\/post"}],"author":[{"embeddable":true,"href":"https:\/\/www.welovecycling.com\/pl\/wp-json\/wp\/v2\/users\/76"}],"replies":[{"embeddable":true,"href":"https:\/\/www.welovecycling.com\/pl\/wp-json\/wp\/v2\/comments?post=4883"}],"version-history":[{"count":2,"href":"https:\/\/www.welovecycling.com\/pl\/wp-json\/wp\/v2\/posts\/4883\/revisions"}],"predecessor-version":[{"id":5089,"href":"https:\/\/www.welovecycling.com\/pl\/wp-json\/wp\/v2\/posts\/4883\/revisions\/5089"}],"wp:featuredmedia":[{"embeddable":true,"href":"https:\/\/www.welovecycling.com\/pl\/wp-json\/wp\/v2\/media\/4884"}],"wp:attachment":[{"href":"https:\/\/www.welovecycling.com\/pl\/wp-json\/wp\/v2\/media?parent=4883"}],"wp:term":[{"taxonomy":"category","embeddable":true,"href":"https:\/\/www.welovecycling.com\/pl\/wp-json\/wp\/v2\/categories?post=4883"},{"taxonomy":"post_tag","embeddable":true,"href":"https:\/\/www.welovecycling.com\/pl\/wp-json\/wp\/v2\/tags?post=4883"},{"taxonomy":"global-categories","embeddable":true,"href":"https:\/\/www.welovecycling.com\/pl\/wp-json\/wp\/v2\/global-categories?post=4883"}],"curies":[{"name":"wp","href":"https:\/\/api.w.org\/{rel}","templated":true}]}}