{"id":4799,"date":"2017-08-04T14:42:33","date_gmt":"2017-08-04T14:42:33","guid":{"rendered":"https:\/\/www.welovecycling.com\/pl\/?p=4799"},"modified":"2017-08-07T10:28:38","modified_gmt":"2017-08-07T10:28:38","slug":"czulismy-sie-jakbysmy-jechali-wielki-tour","status":"publish","type":"post","link":"https:\/\/www.welovecycling.com\/pl\/2017\/08\/04\/czulismy-sie-jakbysmy-jechali-wielki-tour\/","title":{"rendered":"Wywiad: Czuli\u015bmy si\u0119 tak, jakby\u015bmy jechali wielki tour!"},"content":{"rendered":"<p><strong>Rozmawiali\u015bmy z \u0141ukaszem Wyczesanym, polskim zwyci\u0119zc\u0105 konkursu <span class=\"st\">l&#8217;\u00c9tape du Tour<\/span>. Razem z ekip\u0105\u00a0WeLoveCycling.com \u0141ukasz mia\u0142 okazj\u0119 \u015bciga\u0107 si\u0119 z innymi zwyci\u0119zcami z ca\u0142ej Europy na trasie 18. etapu Tour de France, zanim zrobili to zawodowcy.<\/strong><!--more--><\/p>\n<p><a href=\"https:\/\/d2p6e6u75xmxt8.cloudfront.net\/5\/2017\/08\/IMG_0151.JPG.jpg\"><img loading=\"lazy\" decoding=\"async\" class=\"alignnone wp-image-4800\" src=\"https:\/\/d2p6e6u75xmxt8.cloudfront.net\/5\/2017\/08\/IMG_0151.JPG-1920x1280.jpg\" alt=\"\" width=\"1208\" height=\"805\" srcset=\"https:\/\/d2p6e6u75xmxt8.cloudfront.net\/5\/2017\/08\/IMG_0151.JPG-1920x1280.jpg 1920w, https:\/\/d2p6e6u75xmxt8.cloudfront.net\/5\/2017\/08\/IMG_0151.JPG-300x200.jpg 300w, https:\/\/d2p6e6u75xmxt8.cloudfront.net\/5\/2017\/08\/IMG_0151.JPG-768x512.jpg 768w, https:\/\/d2p6e6u75xmxt8.cloudfront.net\/5\/2017\/08\/IMG_0151.JPG-1024x683.jpg 1024w, https:\/\/d2p6e6u75xmxt8.cloudfront.net\/5\/2017\/08\/IMG_0151.JPG-272x182.jpg 272w, https:\/\/d2p6e6u75xmxt8.cloudfront.net\/5\/2017\/08\/IMG_0151.JPG-1920x1280.jpg 1920w\" sizes=\"auto, (max-width: 1208px) 100vw, 1208px\" \/><\/a><\/p>\n<p><strong>Jak to si\u0119 sta\u0142<\/strong><strong>o, <\/strong><strong>\u017ce je\u017adzisz na rowerze? <\/strong><\/p>\n<p>Trenuj\u0119\u00a0od 3-4 lat i kiedy zbli\u017ca\u0142y si\u0119 narodziny mojego dziecka, zrezygnowa\u0142em z motocykla, a zacz\u0105\u0142em je\u017adzi\u0107 wi\u0119cej na rowerze. Szuka\u0142em czego\u015b, w co mo\u017cna si\u0119 realnie zaanga\u017cowa\u0107.<\/p>\n<p><strong>Co napisa\u0142e\u015b w zg\u0142oszeniu do konkursu?<\/strong><\/p>\n<p>Zamiast zwyci\u0119stwa opisa\u0142em kraks\u0119, kt\u00f3ra mi si\u0119 przydarzy\u0142a. Na pocz\u0105tku maja by\u0142em uczestnikiem 3-etapowego wy\u015bcigu w Nowym Targu. Na pierwszym etapie przy zje\u017adzie przekombinowa\u0142em i nie zmie\u015bci\u0142em si\u0119 na zakr\u0119cie na \u201eczas\u00f3wce\u201d. Zakr\u0119t by\u0142 bardzo ostry, a ja wylecia\u0142em za band\u0119 i nie zatrzyma\u0142y mnie poduszki. Po upadku czu\u0142em si\u0119 strasznie i tak samo wygl\u0105da\u0142em, ale uda\u0142o mi si\u0119 z powrotem wsi\u0105\u015b\u0107 na rower i uko\u0144czy\u0107 wy\u015bcig. Uko\u0144czy\u0142em ten etap na 46. miejscu, bo przez kraks\u0119 nie by\u0142o ju\u017c szans walczy\u0107 o lepsz\u0105 lokat\u0119. Ale liczy si\u0119 walka do ko\u0144ca, dlatego na mecie us\u0142ysza\u0142em bardzo du\u017co ciep\u0142ych s\u0142\u00f3w wsparcia od innych kolarzy. Dlatego, mimo b\u00f3lu, \u015bciga\u0142em si\u0119 jeszcze przez kolejne dwa dni. Marzy\u0142em te\u017c o dostaniu drugiej szansy, o tym, \u017ceby si\u0119 sportowo odegra\u0107 na przekornym losie.<\/p>\n<p><strong>Jak przygotowywa\u0142e\u015b si\u0119 <\/strong><strong>do <\/strong><strong><span class=\"st\">l&#8217;\u00c9tape<\/span>?<\/strong><\/p>\n<p>M\u00f3g\u0142bym si\u0119 za\u015bmia\u0107, \u017ce z form\u0105 sp\u00f3\u017ani\u0142em si\u0119\u00a0o rok, bo w\u0142a\u015bnie w zesz\u0142ym roku uda\u0142o mi si\u0119\u00a0zakwalifikowa\u0107\u00a0na mistrzostwa \u015bwiata podczas \u0160koda Pozna\u0144 Bike Challenge. Mia\u0142em nadzieje, \u017ce zdo\u0142am przenie\u015b\u0107 form\u0119\u00a0i starty na ten sezon. Niestety obecny rok jest bardzo intensywny, ale nie pod wzgl\u0119dem trening\u00f3w. Je\u017celi mam szans\u0119\u00a0zmie\u015bci\u0107 rower, to tylko wczesnym rankiem lub po zachodzie s\u0142o\u0144ca. Staram si\u0119, jak mog\u0119, ale nie jest \u0142atwo wszystko pogodzi\u0107. Nawet nie mia\u0142em kiedy wyleczy\u0107 przezi\u0119bienia przed tym startem, co mia\u0142o bardzo du\u017cy wp\u0142yw na wynik. Intensyfikuj\u0119 czas na rowerze i staram si\u0119 \u0107wiczy\u0107 najmocniej, jak si\u0119\u00a0da, korzystaj\u0105c z chwili dla siebie lub je\u017cd\u017c\u0105c z synem w przyczepce &#8211; to te\u017c\u00a0\u015bwietny trening, a w dodatku czas sp\u0119dzony z rodzin\u0105. \u017bartuj\u0119, \u017ce mam romantyczne podej\u015bcie do kolarstwa i nie potrafi\u0119\u00a0wszystkiego ubiera\u0107\u00a0w liczby. Dlatego je\u017celi nie wracam zm\u0119czony z jazdy, znaczy to, \u017ce zamiast kr\u0119ci\u0107, bardziej si\u0119\u00a0obija\u0142em. Cokolwiek robi\u0119, staram si\u0119\u00a0wykorzysta\u0107\u00a0ten czas w pe\u0142ni na t\u0119 w\u0142a\u015bnie\u00a0czynno\u015b\u0107, przenosi si\u0119\u00a0to r\u00f3wnie\u017c na jazd\u0119 na rowerze.<\/p>\n<p><a href=\"https:\/\/d2p6e6u75xmxt8.cloudfront.net\/5\/2017\/08\/IMG_0063.JPG.jpg\"><img loading=\"lazy\" decoding=\"async\" class=\"alignnone wp-image-4805\" src=\"https:\/\/d2p6e6u75xmxt8.cloudfront.net\/5\/2017\/08\/IMG_0063.JPG-1920x1280.jpg\" alt=\"\" width=\"1243\" height=\"829\" srcset=\"https:\/\/d2p6e6u75xmxt8.cloudfront.net\/5\/2017\/08\/IMG_0063.JPG-1920x1280.jpg 1920w, https:\/\/d2p6e6u75xmxt8.cloudfront.net\/5\/2017\/08\/IMG_0063.JPG-300x200.jpg 300w, https:\/\/d2p6e6u75xmxt8.cloudfront.net\/5\/2017\/08\/IMG_0063.JPG-768x512.jpg 768w, https:\/\/d2p6e6u75xmxt8.cloudfront.net\/5\/2017\/08\/IMG_0063.JPG-1024x683.jpg 1024w, https:\/\/d2p6e6u75xmxt8.cloudfront.net\/5\/2017\/08\/IMG_0063.JPG-272x182.jpg 272w, https:\/\/d2p6e6u75xmxt8.cloudfront.net\/5\/2017\/08\/IMG_0063.JPG-1920x1280.jpg 1920w\" sizes=\"auto, (max-width: 1243px) 100vw, 1243px\" \/><\/a><\/p>\n<p><strong>Jak wygl\u0105da\u0142a Wasza przygoda krok po kroku ju\u017c na miejscu we Francji?<\/strong><\/p>\n<p>Po dotarciu na miejsce wszyscy od razu rzucili\u015bmy si\u0119 do sk\u0142adania rower\u00f3w. Wieczorem spotkali\u015bmy si\u0119, \u017ceby porozmawia\u0107 o planach na nast\u0119pny dzie\u0144, poniewa\u017c wy\u015bcig zaczyna\u0142 si\u0119 bardzo wcze\u015bnie i musieli\u015bmy wsta\u0107 o 4 rano. Kiedy po przyje\u017adzie z\u0142o\u017cyli\u015bmy sprz\u0119t, wybrali\u015bmy si\u0119 w 4 osoby na przeja\u017cd\u017ck\u0119, \u017ceby zobaczy\u0107, czy wszystko dzia\u0142a. Ka\u017cdy z nas by\u0142 z innego kraju, a nast\u0119pnego dnia mieli\u015bmy razem wystartowa\u0107 i pokaza\u0107, \u017ce jeste\u015bmy jedn\u0105 dru\u017cyn\u0105 \u2013 dlatego chcieli\u015bmy si\u0119 pozna\u0107.<\/p>\n<p><strong>Co jedz\u0105 kolarze przed takim wy\u015bcigiem?<\/strong><\/p>\n<p>W\u0142osi maj\u0105 bardzo ciekawe podej\u015bcie do \u017cywienia, bo przed wy\u015bcigiem dostali\u015bmy na \u015bniadanie morele, troch\u0119 nutelli i croissanta. Ma\u0142o kolarskie \u015bniadanie, bo przed takim wy\u015bcigiem powinno si\u0119 zje\u015b\u0107 raczej wielk\u0105 misk\u0119 carbonary. Zszokowani pobiegli\u015bmy wi\u0119c od razu po energetyczne batony.<\/p>\n<p><strong>Ile trwa\u0142 przejazd? <\/strong><\/p>\n<p>Nieca\u0142e 6 godzin i 40 minut. W czasie przejazdu organizatorzy zapewnili nam \u015bwietnie przygotowane i dobrze roz\u0142o\u017cone bufety ze wszystkim, czego mo\u017cna zapragn\u0105\u0107. Na samej trasie rozstawione by\u0142y dodatkowe wodopoje. Atmosfera panuj\u0105ca na trasie by\u0142a cudowna. Mimo \u017ce w wy\u015bcigu startowali\u015bmy jako amatorzy, mieli\u015bmy bardzo ciep\u0142e przyj\u0119cie przez lokaln\u0105 spo\u0142eczno\u015b\u0107 i jestem przekonany, \u017ce czego\u015b takiego nie da si\u0119 do\u015bwiadczy\u0107 na \u017cadnej innej szeroko\u015bci geograficznej. Jak ju\u017c wspomnia\u0142em, ka\u017cdy z nas by\u0142 z innego kraju i ka\u017cdy mia\u0142 dok\u0142adnie takie samo wra\u017cenie \u2013 miejscowi fani kolarstwa i atmosfera, kt\u00f3r\u0105 s\u0105 w stanie wytworzy\u0107, to absolutny fenomen. A\u017c si\u0119 chcia\u0142o jeszcze mocniej kr\u0119ci\u0107. W trakcie wyjazdu mieli\u015bmy r\u00f3wnie\u017c przyjemno\u015b\u0107 je\u017adzi\u0107 now\u0105 \u0160KOD\u0104 <span class=\"st\">Kodiaq<\/span>, wi\u0119c wszystko nam si\u0119 genialnie pomie\u015bci\u0142o, a ca\u0142a podr\u00f3\u017c by\u0142a bardzo komfortowa.<\/p>\n<p><strong>Opowiedz troch\u0119 o atmosferze w\u015br<\/strong><strong>\u00f3<\/strong><strong>d zawodnik<\/strong><strong>\u00f3<\/strong><strong>w.<\/strong><\/p>\n<p>Mocna rywalizacja. To by\u0142 jeden z tych wy\u015bcig\u00f3w, podczas kt\u00f3rego nikt nie bra\u0142 je\u0144c\u00f3w. Przy wjazdach by\u0142o ostro i da\u0142o si\u0119 to odczu\u0107. Dzi\u0119ki wsparciu \u0160KODY mieli\u015bmy przyjemno\u015b\u0107 startowa\u0107 z pierwszego sektora i chocia\u017c byli\u015bmy rozpisani na 7:07, to uda\u0142o si\u0119 nam si\u0119 wystartowa\u0107 o 7:00.<\/p>\n<p>Dzi\u0119ki temu by\u0142o i \u0142atwiej, i trudniej, bo jechali\u015bmy z bardziej do\u015bwiadczonymi, mocnymi zawodnikami, kt\u00f3rzy nie przyjechali tam rekreacyjnie, tylko sprawdzi\u0107 si\u0119 w po\u015bcigach. To by\u0142a walka o ka\u017cde miejsce.<\/p>\n<p><strong>Czy pogoda w czasie wy\u015bcigu Wam dopisa\u0142a? <\/strong><\/p>\n<p>Pogoda by\u0142a cudowna. Chocia\u017c rano by\u0142o tylko 8 stopni i byli\u015bmy wych\u0142odzeni, to mogli\u015bmy liczy\u0107 na organizator\u00f3w, kt\u00f3rzy zabrali od nas kurtki, gdy ju\u017c ich nie potrzebowali\u015bmy. W trakcie jazdy robi\u0142o si\u0119 coraz cieplej \u2013 nawet do 30 stopni, ale przy szybkich zjazdach, na kt\u00f3rych osi\u0105ga si\u0119 pr\u0119dko\u015b\u0107 od 80 do 100 kilometr\u00f3w na godzin\u0119, kolarzom robi si\u0119 naprawd\u0119 ch\u0142odno.<\/p>\n<p><a href=\"https:\/\/d2p6e6u75xmxt8.cloudfront.net\/5\/2017\/08\/IMG_0184.JPG.jpg\"><img loading=\"lazy\" decoding=\"async\" class=\"alignnone wp-image-4804\" src=\"https:\/\/d2p6e6u75xmxt8.cloudfront.net\/5\/2017\/08\/IMG_0184.JPG-1920x1280.jpg\" alt=\"\" width=\"1214\" height=\"809\" srcset=\"https:\/\/d2p6e6u75xmxt8.cloudfront.net\/5\/2017\/08\/IMG_0184.JPG-1920x1280.jpg 1920w, https:\/\/d2p6e6u75xmxt8.cloudfront.net\/5\/2017\/08\/IMG_0184.JPG-300x200.jpg 300w, https:\/\/d2p6e6u75xmxt8.cloudfront.net\/5\/2017\/08\/IMG_0184.JPG-768x512.jpg 768w, https:\/\/d2p6e6u75xmxt8.cloudfront.net\/5\/2017\/08\/IMG_0184.JPG-1024x683.jpg 1024w, https:\/\/d2p6e6u75xmxt8.cloudfront.net\/5\/2017\/08\/IMG_0184.JPG-272x182.jpg 272w, https:\/\/d2p6e6u75xmxt8.cloudfront.net\/5\/2017\/08\/IMG_0184.JPG-1920x1280.jpg 1920w\" sizes=\"auto, (max-width: 1214px) 100vw, 1214px\" \/><\/a><\/p>\n<p><strong>Jakie wra\u017cenia po wyje\u017adzie?<\/strong><\/p>\n<p>To by\u0142o cudowne do\u015bwiadczenie. Je\u017celi kto\u015b je\u017adzi na rowerze i chce si\u0119 \u015bciga\u0107, to warto podnie\u015b\u0107 sobie poprzeczk\u0119, \u017ceby przej\u015b\u0107 na wy\u017cszy poziom. U nas nie ma takich g\u00f3r i rado\u015bci z podje\u017cd\u017cania.<\/p>\n<p>Nigdy nie je\u017adzi\u0142em w tak wysokich g\u00f3rach. Alpy zim\u0105 to jednak zupe\u0142nie inne do\u015bwiadczenie ni\u017c Alpy w lecie. Podczas wyjazdu spotykali\u015bmy mn\u00f3stwo rowerzyst\u00f3w na szosach i rowerach g\u00f3rskich. Ca\u0142e miasteczko \u017cy\u0142o kolarstwem. Sp\u0119dzali\u015bmy czas w przemi\u0142ej scenerii pe\u0142nej ludzi, kt\u00f3rzy uprawiaj\u0105 sport, maj\u0105 pasj\u0119 i ochot\u0119 robi\u0107 co\u015b wi\u0119cej, ni\u017c tylko siedzie\u0107 w domu przed telewizorem.<\/p>\n<p><strong>Jak oceniasz sw<\/strong><strong>\u00f3<\/strong><strong>j start? <\/strong><\/p>\n<p>Niestety nie uda\u0142o mi si\u0119 zbi\u0107 gor\u0105czki przed startem i odezwa\u0142o si\u0119 te\u017c kolano. Zaj\u0105\u0142em 790. miejsce na 12 tysi\u0119cy. Mia\u0142em nadziej\u0119, \u017ce b\u0119dzie lepiej. Nie czuj\u0119 du\u017cego zm\u0119czenia, poniewa\u017c nie mog\u0142em jecha\u0107 na 100%. M\u00f3j organizm jest zdolny do wi\u0119kszego wysi\u0142ku, z kt\u00f3rego niestety tym razem musia\u0142em zrezygnowa\u0107 ze wzgl\u0119du na stan zdrowia. W Polsce mamy du\u017co ostrzejsze podjazdy, na przyk\u0142ad w okolicy Zakopanego, a podczas <span class=\"st\">l&#8217;\u00c9tape<\/span> podjazdy by\u0142y po prostu d\u0142u\u017csze i trzeba by\u0142o dobrze trzyma\u0107 tempo przy wjazdach.<\/p>\n<p><strong>Czy jeste\u015b zadowolony ze startu, mimo tego sportowego niedosytu?<\/strong><\/p>\n<p>Jasne! Taka opieka teamu i sceneria wy\u015bcigu nie zdarzaj\u0105 si\u0119 cz\u0119sto. Gdyby g\u0142\u0119biej si\u0119 zastanowi\u0107, to nie da si\u0119 prze\u017cy\u0107 takiej przygody bez pomocy sponsora. Zadbano o nas od samego pocz\u0105tku do samego ko\u0144ca. Mieli\u015bmy fantastycznego mentora \u2013 \u00a0Ji\u0159\u00ed Je\u017eek, kt\u00f3ry podzieli\u0142 si\u0119 z nami do\u015bwiadczeniem. \u015awietna osobowo\u015b\u0107, fantastyczna osoba, z kt\u00f3r\u0105 mogli\u015bmy porozmawia\u0107 i poradzi\u0107 si\u0119 w sprawie podjazd\u00f3w. Dzi\u0119ki niemu wiedzieli\u015bmy, na co zwr\u00f3ci\u0107 uwag\u0119 i na co uwa\u017ca\u0107.<\/p>\n<p><strong>Czy po powrocie widzia\u0142e\u015b <\/strong><strong>18. etap Tour de France?<\/strong><\/p>\n<p>Niestety nie. Wymarzy\u0142em sobie, \u017ce go zobacz\u0119, ale nie zobaczy\u0142em, bo mia\u0142em za du\u017co pracy. Pozosta\u0142o mi ze wzruszeniem ogl\u0105da\u0107 tylko fragmenty.<\/p>\n<p><strong>Czy chcia\u0142by\u015b kiedy\u015b wr<\/strong><strong>\u00f3<\/strong><strong>ci\u0107 <\/strong><strong>na tras<\/strong><strong>\u0119 <span class=\"st\">l&#8217;\u00c9tape<\/span>? <\/strong><\/p>\n<p>Na pewno &#8211; ju\u017c to sobie obieca\u0142em. Rekomendowa\u0142em te rejony wielu znajomym i teraz b\u0119dzie nas na tej trasie wi\u0119cej.<\/p>\n<p><strong>Co Ci\u0119\u00a0dopinguje do trening<\/strong><strong>\u00f3<\/strong><strong>w?<\/strong><\/p>\n<p>D\u0142ugo si\u0119 wzbrania\u0142em przed startami. Wszyscy mnie zach\u0119cali, ale ja nie czu\u0142em potrzeby. Jednak w ko\u0144cu okaza\u0142o si\u0119, \u017ce przesuwanie w\u0142asnych granic wytrzyma\u0142o\u015bci i umiej\u0119tno\u015bci to fantastyczna sprawa. Na linii startu stajemy r\u00f3wni i wszystko zostaje z ty\u0142u. Mierzymy si\u0119 ze sob\u0105 i nie ma wym\u00f3wek \u2013 to lubi\u0119 w kolarstwie najbardziej. \u017beby si\u0119 \u015bciga\u0107, wystarczy nam rower i treningi. Walczymy ze sob\u0105, ale r\u00f3wnie\u017c pomagamy sobie. To jest to!<\/p>\n<p><strong>W jaki spos<\/strong><strong>\u00f3<\/strong><strong>b zach\u0119ci\u0142by\u015b innych do wzi\u0119cia udzia\u0142u w konkursie? <\/strong><\/p>\n<p>M\u00f3j skromny przyk\u0142ad to dow\u00f3d, \u017ce da si\u0119 wygra\u0107 w takim konkursie. I \u017ce warto prze\u017cy\u0107 tak\u0105 przygod\u0119. Mimo \u017ce najbardziej ceni\u0119 nasze lokalne wy\u015bcigi na po\u0142udniu Polski, gdzie uczestnicy si\u0119 znaj\u0105, to uwa\u017cam, \u017ce przynajmniej raz w \u017cyciu powinno si\u0119 wzi\u0105\u0107 udzia\u0142 w tak niesamowitym wydarzeniu. Takiej trasy nie robi si\u0119 codziennie. Warto j\u0105 przejecha\u0107, bo po takim do\u015bwiadczeniu wspomnienia pozostaj\u0105 do ko\u0144ca \u017cycia. To przygoda, kt\u00f3r\u0105 trudno opisa\u0107 s\u0142owami.<\/p>\n<p><strong>Czy chcia\u0142by\u015b jeszcze co\u015b\u00a0doda\u0107?<\/strong><\/p>\n<p>Tak, bardzo dzi\u0119kuj\u0119\u00a0za dan\u0105\u00a0mi szans\u0119 prze\u017cycia jedynej w swoim rodzaju kolarskiej przygody. Ogromne podzi\u0119kowania dla Pani Joanny i Pana Konrada ze \u0160koda Polska, kt\u00f3rzy doskonale zorganizowali moj\u0105\u00a0bardzo komfortow\u0105 podr\u00f3\u017c. Naturalnie niezliczone s\u0142owa uznania kieruj\u0119 do ekipy We Love Cycling, kt\u00f3ra opiekowa\u0142a si\u0119\u00a0nami na miejscu i sprawi\u0142a, \u017ce nie musieli\u015bmy martwi\u0107 si\u0119\u00a0niczym innym poza samym startem. Dodatkowo mocno nas dopingowali na trasie wy\u015bcigu. Wspaniali ludzie!<\/p>\n<p><strong>Czy jest co\u015b, czym zawsze<\/strong><strong> chcia\u0142e\u015b podzieli\u0107 si\u0119 z szerszym gronem pasjonat\u00f3w kolarstwa<\/strong><strong>?<\/strong><\/p>\n<p>Wyczu\u0142a\u015b mnie, chcia\u0142bym poruszy\u0107\u00a0jeszcze jedn\u0105 ma\u0142\u0105 kwesti\u0119. Dla nas jako amator\u00f3w wa\u017cne jest to, co robimy na co dzie\u0144, podczas trening\u00f3w, gdy jeste\u015bmy na rowerze. Nie ogl\u0105daj\u0105\u00a0nas przecie\u017c\u00a0w telewizji, a jednak jeste\u015bmy widoczni, prawda? Chcia\u0142bym, \u017ceby\u015bmy nie dzielili si\u0119\u00a0na kierowc\u00f3w samochod\u00f3w, rowerzyst\u00f3w czy pieszych, ale \u017ceby\u015bmy widzieli ludzi. Kiedy jad\u0119\u00a0sprintem ostatni kilometr do domu, \u0142ykaj\u0105c powietrze niczym topielec, widz\u0119 u ludzi\u00a0podobne u\u015bmiechy do tych, kt\u00f3rymi obdarowuje mnie ca\u0142a rodzina, gdy przepuszczam ich na pasach, siedz\u0105c w aucie. Inspirujmy zachowania, jakie chcieliby\u015bmy sami ogl\u0105da\u0107 wok\u00f3\u0142 siebie. A kto wie&#8230; mo\u017ce kiedy\u015b,\u00a0dzi\u0119ki temu, zupe\u0142nie niespodziewanie spotka nas \u201ejaka\u015b nagroda\u201d.<\/p>\n<p><strong>Dzi\u0119kujemy za wywiad i \u017cyczymy powodzenia w kolejnych startach!<\/strong><\/p>\n<p>Dzi\u0119kuj\u0119 bardzo!<\/p>\n<p><a href=\"https:\/\/d2p6e6u75xmxt8.cloudfront.net\/5\/2017\/08\/IMG_0058.JPG.jpg\"><img loading=\"lazy\" decoding=\"async\" class=\"alignnone wp-image-4802\" src=\"https:\/\/d2p6e6u75xmxt8.cloudfront.net\/5\/2017\/08\/IMG_0058.JPG-1920x1280.jpg\" alt=\"\" width=\"1194\" height=\"796\" srcset=\"https:\/\/d2p6e6u75xmxt8.cloudfront.net\/5\/2017\/08\/IMG_0058.JPG-1920x1280.jpg 1920w, https:\/\/d2p6e6u75xmxt8.cloudfront.net\/5\/2017\/08\/IMG_0058.JPG-300x200.jpg 300w, https:\/\/d2p6e6u75xmxt8.cloudfront.net\/5\/2017\/08\/IMG_0058.JPG-768x512.jpg 768w, https:\/\/d2p6e6u75xmxt8.cloudfront.net\/5\/2017\/08\/IMG_0058.JPG-1024x683.jpg 1024w, https:\/\/d2p6e6u75xmxt8.cloudfront.net\/5\/2017\/08\/IMG_0058.JPG-272x182.jpg 272w, https:\/\/d2p6e6u75xmxt8.cloudfront.net\/5\/2017\/08\/IMG_0058.JPG-1920x1280.jpg 1920w\" sizes=\"auto, (max-width: 1194px) 100vw, 1194px\" \/><\/a><\/p>\n<p><a href=\"https:\/\/d2p6e6u75xmxt8.cloudfront.net\/5\/2017\/08\/IMG_0027.JPG.jpg\"><img loading=\"lazy\" decoding=\"async\" class=\"alignnone wp-image-4803\" src=\"https:\/\/d2p6e6u75xmxt8.cloudfront.net\/5\/2017\/08\/IMG_0027.JPG-1920x1280.jpg\" alt=\"\" width=\"1195\" height=\"796\" srcset=\"https:\/\/d2p6e6u75xmxt8.cloudfront.net\/5\/2017\/08\/IMG_0027.JPG-1920x1280.jpg 1920w, https:\/\/d2p6e6u75xmxt8.cloudfront.net\/5\/2017\/08\/IMG_0027.JPG-300x200.jpg 300w, https:\/\/d2p6e6u75xmxt8.cloudfront.net\/5\/2017\/08\/IMG_0027.JPG-768x512.jpg 768w, https:\/\/d2p6e6u75xmxt8.cloudfront.net\/5\/2017\/08\/IMG_0027.JPG-1024x683.jpg 1024w, https:\/\/d2p6e6u75xmxt8.cloudfront.net\/5\/2017\/08\/IMG_0027.JPG-272x182.jpg 272w, https:\/\/d2p6e6u75xmxt8.cloudfront.net\/5\/2017\/08\/IMG_0027.JPG-1920x1280.jpg 1920w\" sizes=\"auto, (max-width: 1195px) 100vw, 1195px\" \/><\/a><\/p>\n<p>&nbsp;<\/p>\n<p>&nbsp;<\/p>\n","protected":false},"excerpt":{"rendered":"<p>Rozmawiali\u015bmy z \u0141ukaszem Wyczesanym, polskim zwyci\u0119zc\u0105 konkursu l&#8217;\u00c9tape du Tour. Razem z ekip\u0105\u00a0WeLoveCycling.com \u0141ukasz mia\u0142 okazj\u0119 \u015bciga\u0107 si\u0119 z innymi [&hellip;]<\/p>\n","protected":false},"author":76,"featured_media":4801,"comment_status":"open","ping_status":"open","sticky":false,"template":"","format":"standard","meta":{"footnotes":""},"categories":[1],"tags":[140,77,163,154],"global-categories":[],"class_list":["post-4799","post","type-post","status-publish","format-standard","has-post-thumbnail","hentry","category-uncategorized","tag-letape-du-tour","tag-tour-de-france","tag-tour-de-france-2017","tag-wywiad"],"yoast_head":"<!-- This site is optimized with the Yoast SEO Premium plugin v25.3 (Yoast SEO v25.9) - https:\/\/yoast.com\/wordpress\/plugins\/seo\/ -->\n<title>Wywiad: Czuli\u015bmy si\u0119 tak, jakby\u015bmy jechali wielki tour! - \u0160koda We Love Cycling - Poland<\/title>\n<meta name=\"robots\" content=\"index, follow, max-snippet:-1, max-image-preview:large, max-video-preview:-1\" \/>\n<link rel=\"canonical\" href=\"https:\/\/www.welovecycling.com\/pl\/2017\/08\/04\/czulismy-sie-jakbysmy-jechali-wielki-tour\/\" \/>\n<meta property=\"og:locale\" content=\"pl_PL\" \/>\n<meta property=\"og:type\" content=\"article\" \/>\n<meta property=\"og:title\" content=\"Wywiad: Czuli\u015bmy si\u0119 tak, jakby\u015bmy jechali wielki tour!\" \/>\n<meta property=\"og:description\" content=\"Rozmawiali\u015bmy z \u0141ukaszem Wyczesanym, polskim zwyci\u0119zc\u0105 konkursu l&#8217;\u00c9tape du Tour. Razem z ekip\u0105\u00a0WeLoveCycling.com \u0141ukasz mia\u0142 okazj\u0119 \u015bciga\u0107 si\u0119 z innymi [&hellip;]\" \/>\n<meta property=\"og:url\" content=\"https:\/\/www.welovecycling.com\/pl\/2017\/08\/04\/czulismy-sie-jakbysmy-jechali-wielki-tour\/\" \/>\n<meta property=\"og:site_name\" content=\"\u0160koda We Love Cycling - Poland\" \/>\n<meta property=\"article:published_time\" content=\"2017-08-04T14:42:33+00:00\" \/>\n<meta property=\"article:modified_time\" content=\"2017-08-07T10:28:38+00:00\" \/>\n<meta property=\"og:image\" content=\"https:\/\/d2p6e6u75xmxt8.cloudfront.net\/5\/2017\/08\/IMG_0036.JPG-1024x683.jpg\" \/>\n\t<meta property=\"og:image:width\" content=\"1024\" \/>\n\t<meta property=\"og:image:height\" content=\"683\" \/>\n\t<meta property=\"og:image:type\" content=\"image\/jpeg\" \/>\n<meta name=\"author\" content=\"piotrboczkowski\" \/>\n<meta name=\"twitter:card\" content=\"summary_large_image\" \/>\n<meta name=\"twitter:label1\" content=\"Written by\" \/>\n\t<meta name=\"twitter:data1\" content=\"WeLoveCycling\" \/>\n\t<meta name=\"twitter:label2\" content=\"Est. reading time\" \/>\n\t<meta name=\"twitter:data2\" content=\"9 minutes\" \/>\n<script type=\"application\/ld+json\" class=\"yoast-schema-graph\">{\"@context\":\"https:\/\/schema.org\",\"@graph\":[{\"@type\":\"WebPage\",\"@id\":\"https:\/\/www.welovecycling.com\/pl\/2017\/08\/04\/czulismy-sie-jakbysmy-jechali-wielki-tour\/\",\"url\":\"https:\/\/www.welovecycling.com\/pl\/2017\/08\/04\/czulismy-sie-jakbysmy-jechali-wielki-tour\/\",\"name\":\"Wywiad: Czuli\u015bmy si\u0119 tak, jakby\u015bmy jechali wielki tour! - \u0160koda We Love Cycling - Poland\",\"isPartOf\":{\"@id\":\"https:\/\/www.welovecycling.com\/pl\/#website\"},\"primaryImageOfPage\":{\"@id\":\"https:\/\/www.welovecycling.com\/pl\/2017\/08\/04\/czulismy-sie-jakbysmy-jechali-wielki-tour\/#primaryimage\"},\"image\":{\"@id\":\"https:\/\/www.welovecycling.com\/pl\/2017\/08\/04\/czulismy-sie-jakbysmy-jechali-wielki-tour\/#primaryimage\"},\"thumbnailUrl\":\"https:\/\/d2p6e6u75xmxt8.cloudfront.net\/5\/2017\/08\/IMG_0036.JPG.jpg\",\"datePublished\":\"2017-08-04T14:42:33+00:00\",\"dateModified\":\"2017-08-07T10:28:38+00:00\",\"author\":{\"@id\":\"https:\/\/www.welovecycling.com\/pl\/#\/schema\/person\/0dba2d39da943db9df3fd8f4687e7f23\"},\"breadcrumb\":{\"@id\":\"https:\/\/www.welovecycling.com\/pl\/2017\/08\/04\/czulismy-sie-jakbysmy-jechali-wielki-tour\/#breadcrumb\"},\"inLanguage\":\"pl-PL\",\"potentialAction\":[{\"@type\":\"ReadAction\",\"target\":[\"https:\/\/www.welovecycling.com\/pl\/2017\/08\/04\/czulismy-sie-jakbysmy-jechali-wielki-tour\/\"]}]},{\"@type\":\"ImageObject\",\"inLanguage\":\"pl-PL\",\"@id\":\"https:\/\/www.welovecycling.com\/pl\/2017\/08\/04\/czulismy-sie-jakbysmy-jechali-wielki-tour\/#primaryimage\",\"url\":\"https:\/\/d2p6e6u75xmxt8.cloudfront.net\/5\/2017\/08\/IMG_0036.JPG.jpg\",\"contentUrl\":\"https:\/\/d2p6e6u75xmxt8.cloudfront.net\/5\/2017\/08\/IMG_0036.JPG.jpg\",\"width\":3888,\"height\":2592},{\"@type\":\"BreadcrumbList\",\"@id\":\"https:\/\/www.welovecycling.com\/pl\/2017\/08\/04\/czulismy-sie-jakbysmy-jechali-wielki-tour\/#breadcrumb\",\"itemListElement\":[{\"@type\":\"ListItem\",\"position\":1,\"name\":\"Home\",\"item\":\"https:\/\/www.welovecycling.com\/pl\/\"},{\"@type\":\"ListItem\",\"position\":2,\"name\":\"Wywiad: Czuli\u015bmy si\u0119 tak, jakby\u015bmy jechali wielki tour!\"}]},{\"@type\":\"WebSite\",\"@id\":\"https:\/\/www.welovecycling.com\/pl\/#website\",\"url\":\"https:\/\/www.welovecycling.com\/pl\/\",\"name\":\"\u0160koda We Love Cycling - Poland\",\"description\":\"\",\"potentialAction\":[{\"@type\":\"SearchAction\",\"target\":{\"@type\":\"EntryPoint\",\"urlTemplate\":\"https:\/\/www.welovecycling.com\/pl\/?s={search_term_string}\"},\"query-input\":{\"@type\":\"PropertyValueSpecification\",\"valueRequired\":true,\"valueName\":\"search_term_string\"}}],\"inLanguage\":\"pl-PL\"},{\"@type\":\"Person\",\"@id\":\"https:\/\/www.welovecycling.com\/pl\/#\/schema\/person\/0dba2d39da943db9df3fd8f4687e7f23\",\"name\":\"piotrboczkowski\",\"image\":{\"@type\":\"ImageObject\",\"inLanguage\":\"pl-PL\",\"@id\":\"https:\/\/www.welovecycling.com\/pl\/#\/schema\/person\/image\/\",\"url\":\"https:\/\/secure.gravatar.com\/avatar\/533caccae14752e03a2ce2d3fd62d1b98b93e1393c3195c27819e53344ca1ace?s=96&d=mm&r=g\",\"contentUrl\":\"https:\/\/secure.gravatar.com\/avatar\/533caccae14752e03a2ce2d3fd62d1b98b93e1393c3195c27819e53344ca1ace?s=96&d=mm&r=g\",\"caption\":\"piotrboczkowski\"},\"url\":\"https:\/\/www.welovecycling.com\/pl\/author\/piotrboczkowski\/\"}]}<\/script>\n<!-- \/ Yoast SEO Premium plugin. -->","yoast_head_json":{"title":"Wywiad: Czuli\u015bmy si\u0119 tak, jakby\u015bmy jechali wielki tour! - \u0160koda We Love Cycling - Poland","robots":{"index":"index","follow":"follow","max-snippet":"max-snippet:-1","max-image-preview":"max-image-preview:large","max-video-preview":"max-video-preview:-1"},"canonical":"https:\/\/www.welovecycling.com\/pl\/2017\/08\/04\/czulismy-sie-jakbysmy-jechali-wielki-tour\/","og_locale":"pl_PL","og_type":"article","og_title":"Wywiad: Czuli\u015bmy si\u0119 tak, jakby\u015bmy jechali wielki tour!","og_description":"Rozmawiali\u015bmy z \u0141ukaszem Wyczesanym, polskim zwyci\u0119zc\u0105 konkursu l&#8217;\u00c9tape du Tour. Razem z ekip\u0105\u00a0WeLoveCycling.com \u0141ukasz mia\u0142 okazj\u0119 \u015bciga\u0107 si\u0119 z innymi [&hellip;]","og_url":"https:\/\/www.welovecycling.com\/pl\/2017\/08\/04\/czulismy-sie-jakbysmy-jechali-wielki-tour\/","og_site_name":"\u0160koda We Love Cycling - Poland","article_published_time":"2017-08-04T14:42:33+00:00","article_modified_time":"2017-08-07T10:28:38+00:00","og_image":[{"width":1024,"height":683,"url":"https:\/\/d2p6e6u75xmxt8.cloudfront.net\/5\/2017\/08\/IMG_0036.JPG-1024x683.jpg","type":"image\/jpeg"}],"author":"piotrboczkowski","twitter_card":"summary_large_image","twitter_misc":{"Written by":"WeLoveCycling","Est. reading time":"9 minutes"},"schema":{"@context":"https:\/\/schema.org","@graph":[{"@type":"WebPage","@id":"https:\/\/www.welovecycling.com\/pl\/2017\/08\/04\/czulismy-sie-jakbysmy-jechali-wielki-tour\/","url":"https:\/\/www.welovecycling.com\/pl\/2017\/08\/04\/czulismy-sie-jakbysmy-jechali-wielki-tour\/","name":"Wywiad: Czuli\u015bmy si\u0119 tak, jakby\u015bmy jechali wielki tour! - \u0160koda We Love Cycling - Poland","isPartOf":{"@id":"https:\/\/www.welovecycling.com\/pl\/#website"},"primaryImageOfPage":{"@id":"https:\/\/www.welovecycling.com\/pl\/2017\/08\/04\/czulismy-sie-jakbysmy-jechali-wielki-tour\/#primaryimage"},"image":{"@id":"https:\/\/www.welovecycling.com\/pl\/2017\/08\/04\/czulismy-sie-jakbysmy-jechali-wielki-tour\/#primaryimage"},"thumbnailUrl":"https:\/\/d2p6e6u75xmxt8.cloudfront.net\/5\/2017\/08\/IMG_0036.JPG.jpg","datePublished":"2017-08-04T14:42:33+00:00","dateModified":"2017-08-07T10:28:38+00:00","author":{"@id":"https:\/\/www.welovecycling.com\/pl\/#\/schema\/person\/0dba2d39da943db9df3fd8f4687e7f23"},"breadcrumb":{"@id":"https:\/\/www.welovecycling.com\/pl\/2017\/08\/04\/czulismy-sie-jakbysmy-jechali-wielki-tour\/#breadcrumb"},"inLanguage":"pl-PL","potentialAction":[{"@type":"ReadAction","target":["https:\/\/www.welovecycling.com\/pl\/2017\/08\/04\/czulismy-sie-jakbysmy-jechali-wielki-tour\/"]}]},{"@type":"ImageObject","inLanguage":"pl-PL","@id":"https:\/\/www.welovecycling.com\/pl\/2017\/08\/04\/czulismy-sie-jakbysmy-jechali-wielki-tour\/#primaryimage","url":"https:\/\/d2p6e6u75xmxt8.cloudfront.net\/5\/2017\/08\/IMG_0036.JPG.jpg","contentUrl":"https:\/\/d2p6e6u75xmxt8.cloudfront.net\/5\/2017\/08\/IMG_0036.JPG.jpg","width":3888,"height":2592},{"@type":"BreadcrumbList","@id":"https:\/\/www.welovecycling.com\/pl\/2017\/08\/04\/czulismy-sie-jakbysmy-jechali-wielki-tour\/#breadcrumb","itemListElement":[{"@type":"ListItem","position":1,"name":"Home","item":"https:\/\/www.welovecycling.com\/pl\/"},{"@type":"ListItem","position":2,"name":"Wywiad: Czuli\u015bmy si\u0119 tak, jakby\u015bmy jechali wielki tour!"}]},{"@type":"WebSite","@id":"https:\/\/www.welovecycling.com\/pl\/#website","url":"https:\/\/www.welovecycling.com\/pl\/","name":"\u0160koda We Love Cycling - Poland","description":"","potentialAction":[{"@type":"SearchAction","target":{"@type":"EntryPoint","urlTemplate":"https:\/\/www.welovecycling.com\/pl\/?s={search_term_string}"},"query-input":{"@type":"PropertyValueSpecification","valueRequired":true,"valueName":"search_term_string"}}],"inLanguage":"pl-PL"},{"@type":"Person","@id":"https:\/\/www.welovecycling.com\/pl\/#\/schema\/person\/0dba2d39da943db9df3fd8f4687e7f23","name":"piotrboczkowski","image":{"@type":"ImageObject","inLanguage":"pl-PL","@id":"https:\/\/www.welovecycling.com\/pl\/#\/schema\/person\/image\/","url":"https:\/\/secure.gravatar.com\/avatar\/533caccae14752e03a2ce2d3fd62d1b98b93e1393c3195c27819e53344ca1ace?s=96&d=mm&r=g","contentUrl":"https:\/\/secure.gravatar.com\/avatar\/533caccae14752e03a2ce2d3fd62d1b98b93e1393c3195c27819e53344ca1ace?s=96&d=mm&r=g","caption":"piotrboczkowski"},"url":"https:\/\/www.welovecycling.com\/pl\/author\/piotrboczkowski\/"}]}},"_links":{"self":[{"href":"https:\/\/www.welovecycling.com\/pl\/wp-json\/wp\/v2\/posts\/4799","targetHints":{"allow":["GET"]}}],"collection":[{"href":"https:\/\/www.welovecycling.com\/pl\/wp-json\/wp\/v2\/posts"}],"about":[{"href":"https:\/\/www.welovecycling.com\/pl\/wp-json\/wp\/v2\/types\/post"}],"author":[{"embeddable":true,"href":"https:\/\/www.welovecycling.com\/pl\/wp-json\/wp\/v2\/users\/76"}],"replies":[{"embeddable":true,"href":"https:\/\/www.welovecycling.com\/pl\/wp-json\/wp\/v2\/comments?post=4799"}],"version-history":[{"count":2,"href":"https:\/\/www.welovecycling.com\/pl\/wp-json\/wp\/v2\/posts\/4799\/revisions"}],"predecessor-version":[{"id":4835,"href":"https:\/\/www.welovecycling.com\/pl\/wp-json\/wp\/v2\/posts\/4799\/revisions\/4835"}],"wp:featuredmedia":[{"embeddable":true,"href":"https:\/\/www.welovecycling.com\/pl\/wp-json\/wp\/v2\/media\/4801"}],"wp:attachment":[{"href":"https:\/\/www.welovecycling.com\/pl\/wp-json\/wp\/v2\/media?parent=4799"}],"wp:term":[{"taxonomy":"category","embeddable":true,"href":"https:\/\/www.welovecycling.com\/pl\/wp-json\/wp\/v2\/categories?post=4799"},{"taxonomy":"post_tag","embeddable":true,"href":"https:\/\/www.welovecycling.com\/pl\/wp-json\/wp\/v2\/tags?post=4799"},{"taxonomy":"global-categories","embeddable":true,"href":"https:\/\/www.welovecycling.com\/pl\/wp-json\/wp\/v2\/global-categories?post=4799"}],"curies":[{"name":"wp","href":"https:\/\/api.w.org\/{rel}","templated":true}]}}