{"id":4794,"date":"2017-08-04T14:21:29","date_gmt":"2017-08-04T14:21:29","guid":{"rendered":"https:\/\/www.welovecycling.com\/pl\/?p=4794"},"modified":"2017-08-07T10:29:46","modified_gmt":"2017-08-07T10:29:46","slug":"o-pompke-krolaka-juz-osmy","status":"publish","type":"post","link":"https:\/\/www.welovecycling.com\/pl\/2017\/08\/04\/o-pompke-krolaka-juz-osmy\/","title":{"rendered":"O \u201ePompk\u0119 Kr\u00f3laka\u201d ju\u017c po raz \u00f3smy"},"content":{"rendered":"<p>Zapraszamy do Warszawy na prawdziwe kolarskie \u015bwi\u0119to! W niedziel\u0119 6 sierpnia odb\u0119dzie si\u0119 VIII Kolarski Memoria\u0142 Stanis\u0142awa Kr\u00f3laka. Jednocze\u015bnie b\u0119dzie to fina\u0142 Kolarskich Mistrzostw Polski w Kryterium Ulicznym.<\/p>\n<p>W sercu stolicy powstanie Kolorowe Miasteczko Poland Bike, a start i meta wy\u015bcig\u00f3w oraz Biuro Zawod\u00f3w znajd\u0105 si\u0119 przy Krakowskim Przedmie\u015bciu w pobli\u017cu Placu Zamkowego.<\/p>\n<p>To b\u0119dzie dzie\u0144 pe\u0142en kolarskich wra\u017ce\u0144 i emocji. Na warszawskiej Star\u00f3wce b\u0119d\u0105 \u015bciga\u0107 si\u0119 przedszkolaki, dzieci i m\u0142odzie\u017c; amatorzy na rowerach g\u00f3rskich oraz szosowych; kolarze i kolarki z licencjami Polskiego Zwi\u0105zku Kolarskiego, w tym elita zawodowc\u00f3w.<\/p>\n<p><a href=\"https:\/\/d2p6e6u75xmxt8.cloudfront.net\/5\/2017\/08\/4.jpg\"><img loading=\"lazy\" decoding=\"async\" class=\"alignnone size-full wp-image-4796\" src=\"https:\/\/d2p6e6u75xmxt8.cloudfront.net\/5\/2017\/08\/4.jpg\" alt=\"\" width=\"900\" height=\"600\" srcset=\"https:\/\/d2p6e6u75xmxt8.cloudfront.net\/5\/2017\/08\/4.jpg 900w, https:\/\/d2p6e6u75xmxt8.cloudfront.net\/5\/2017\/08\/4-300x200.jpg 300w, https:\/\/d2p6e6u75xmxt8.cloudfront.net\/5\/2017\/08\/4-768x512.jpg 768w, https:\/\/d2p6e6u75xmxt8.cloudfront.net\/5\/2017\/08\/4-272x182.jpg 272w\" sizes=\"auto, (max-width: 900px) 100vw, 900px\" \/><\/a><\/p>\n<p>Wy\u015bcig g\u0142\u00f3wny z udzia\u0142em kolarzy polskich i zagranicznych grup zawodowych rozpocznie si\u0119 o godzinie 17.15 i zostanie rozegrany jako kryterium uliczne na dystansie 45 km (15 rund). Zdobywc\u0105 presti\u017cowej \u201ePompki Kr\u00f3laka\u201d zostanie zawodnik, kt\u00f3ry zdob\u0119dzie najwi\u0119cej punkt\u00f3w. Dodatkowo na premiach g\u00f3rskich przy ul. Bednarskiej kolarze powalcz\u0105 o \u201eKostk\u0119 Bednarskiej\u201d.<\/p>\n<p>Ka\u017cdy, kto naprawd\u0119 kocha kolarstwo, musi by\u0107 6 sierpnia w Warszawie!<\/p>\n<p>(\u017ar\u00f3d\u0142o zdj\u0119\u0107: zbigniewswiderski.pl)<\/p>\n","protected":false},"excerpt":{"rendered":"<p>Zapraszamy do Warszawy na prawdziwe kolarskie \u015bwi\u0119to! W niedziel\u0119 6 sierpnia odb\u0119dzie si\u0119 VIII Kolarski Memoria\u0142 Stanis\u0142awa Kr\u00f3laka. Jednocze\u015bnie b\u0119dzie [&hellip;]<\/p>\n","protected":false},"author":76,"featured_media":4795,"comment_status":"open","ping_status":"open","sticky":false,"template":"","format":"standard","meta":{"footnotes":""},"categories":[1],"tags":[176,146],"global-categories":[],"class_list":["post-4794","post","type-post","status-publish","format-standard","has-post-thumbnail","hentry","category-uncategorized","tag-kolarstwo","tag-wyscig"],"yoast_head":"<!-- This site is optimized with the Yoast SEO Premium plugin v25.3 (Yoast SEO v25.9) - https:\/\/yoast.com\/wordpress\/plugins\/seo\/ -->\n<title>O \u201ePompk\u0119 Kr\u00f3laka\u201d ju\u017c po raz \u00f3smy - \u0160koda We Love Cycling - Poland<\/title>\n<meta name=\"robots\" content=\"index, follow, max-snippet:-1, max-image-preview:large, max-video-preview:-1\" \/>\n<link rel=\"canonical\" href=\"https:\/\/www.welovecycling.com\/pl\/2017\/08\/04\/o-pompke-krolaka-juz-osmy\/\" \/>\n<meta property=\"og:locale\" content=\"pl_PL\" \/>\n<meta property=\"og:type\" content=\"article\" \/>\n<meta property=\"og:title\" content=\"O \u201ePompk\u0119 Kr\u00f3laka\u201d ju\u017c po raz \u00f3smy\" \/>\n<meta property=\"og:description\" content=\"Zapraszamy do Warszawy na prawdziwe kolarskie \u015bwi\u0119to! W niedziel\u0119 6 sierpnia odb\u0119dzie si\u0119 VIII Kolarski Memoria\u0142 Stanis\u0142awa Kr\u00f3laka. Jednocze\u015bnie b\u0119dzie [&hellip;]\" \/>\n<meta property=\"og:url\" content=\"https:\/\/www.welovecycling.com\/pl\/2017\/08\/04\/o-pompke-krolaka-juz-osmy\/\" \/>\n<meta property=\"og:site_name\" content=\"\u0160koda We Love Cycling - Poland\" \/>\n<meta property=\"article:published_time\" content=\"2017-08-04T14:21:29+00:00\" \/>\n<meta property=\"article:modified_time\" content=\"2017-08-07T10:29:46+00:00\" \/>\n<meta property=\"og:image\" content=\"https:\/\/d2p6e6u75xmxt8.cloudfront.net\/5\/2017\/08\/2-2.jpg\" \/>\n\t<meta property=\"og:image:width\" content=\"900\" \/>\n\t<meta property=\"og:image:height\" content=\"600\" \/>\n\t<meta property=\"og:image:type\" content=\"image\/jpeg\" \/>\n<meta name=\"author\" content=\"piotrboczkowski\" \/>\n<meta name=\"twitter:card\" content=\"summary_large_image\" \/>\n<meta name=\"twitter:label1\" content=\"Written by\" \/>\n\t<meta name=\"twitter:data1\" content=\"WeLoveCycling\" \/>\n\t<meta name=\"twitter:label2\" content=\"Est. reading time\" \/>\n\t<meta name=\"twitter:data2\" content=\"1 minute\" \/>\n<script type=\"application\/ld+json\" class=\"yoast-schema-graph\">{\"@context\":\"https:\/\/schema.org\",\"@graph\":[{\"@type\":\"WebPage\",\"@id\":\"https:\/\/www.welovecycling.com\/pl\/2017\/08\/04\/o-pompke-krolaka-juz-osmy\/\",\"url\":\"https:\/\/www.welovecycling.com\/pl\/2017\/08\/04\/o-pompke-krolaka-juz-osmy\/\",\"name\":\"O \u201ePompk\u0119 Kr\u00f3laka\u201d ju\u017c po raz \u00f3smy - \u0160koda We Love Cycling - Poland\",\"isPartOf\":{\"@id\":\"https:\/\/www.welovecycling.com\/pl\/#website\"},\"primaryImageOfPage\":{\"@id\":\"https:\/\/www.welovecycling.com\/pl\/2017\/08\/04\/o-pompke-krolaka-juz-osmy\/#primaryimage\"},\"image\":{\"@id\":\"https:\/\/www.welovecycling.com\/pl\/2017\/08\/04\/o-pompke-krolaka-juz-osmy\/#primaryimage\"},\"thumbnailUrl\":\"https:\/\/d2p6e6u75xmxt8.cloudfront.net\/5\/2017\/08\/2-2.jpg\",\"datePublished\":\"2017-08-04T14:21:29+00:00\",\"dateModified\":\"2017-08-07T10:29:46+00:00\",\"author\":{\"@id\":\"https:\/\/www.welovecycling.com\/pl\/#\/schema\/person\/0dba2d39da943db9df3fd8f4687e7f23\"},\"breadcrumb\":{\"@id\":\"https:\/\/www.welovecycling.com\/pl\/2017\/08\/04\/o-pompke-krolaka-juz-osmy\/#breadcrumb\"},\"inLanguage\":\"pl-PL\",\"potentialAction\":[{\"@type\":\"ReadAction\",\"target\":[\"https:\/\/www.welovecycling.com\/pl\/2017\/08\/04\/o-pompke-krolaka-juz-osmy\/\"]}]},{\"@type\":\"ImageObject\",\"inLanguage\":\"pl-PL\",\"@id\":\"https:\/\/www.welovecycling.com\/pl\/2017\/08\/04\/o-pompke-krolaka-juz-osmy\/#primaryimage\",\"url\":\"https:\/\/d2p6e6u75xmxt8.cloudfront.net\/5\/2017\/08\/2-2.jpg\",\"contentUrl\":\"https:\/\/d2p6e6u75xmxt8.cloudfront.net\/5\/2017\/08\/2-2.jpg\",\"width\":900,\"height\":600},{\"@type\":\"BreadcrumbList\",\"@id\":\"https:\/\/www.welovecycling.com\/pl\/2017\/08\/04\/o-pompke-krolaka-juz-osmy\/#breadcrumb\",\"itemListElement\":[{\"@type\":\"ListItem\",\"position\":1,\"name\":\"Home\",\"item\":\"https:\/\/www.welovecycling.com\/pl\/\"},{\"@type\":\"ListItem\",\"position\":2,\"name\":\"O \u201ePompk\u0119 Kr\u00f3laka\u201d ju\u017c po raz \u00f3smy\"}]},{\"@type\":\"WebSite\",\"@id\":\"https:\/\/www.welovecycling.com\/pl\/#website\",\"url\":\"https:\/\/www.welovecycling.com\/pl\/\",\"name\":\"\u0160koda We Love Cycling - Poland\",\"description\":\"\",\"potentialAction\":[{\"@type\":\"SearchAction\",\"target\":{\"@type\":\"EntryPoint\",\"urlTemplate\":\"https:\/\/www.welovecycling.com\/pl\/?s={search_term_string}\"},\"query-input\":{\"@type\":\"PropertyValueSpecification\",\"valueRequired\":true,\"valueName\":\"search_term_string\"}}],\"inLanguage\":\"pl-PL\"},{\"@type\":\"Person\",\"@id\":\"https:\/\/www.welovecycling.com\/pl\/#\/schema\/person\/0dba2d39da943db9df3fd8f4687e7f23\",\"name\":\"piotrboczkowski\",\"image\":{\"@type\":\"ImageObject\",\"inLanguage\":\"pl-PL\",\"@id\":\"https:\/\/www.welovecycling.com\/pl\/#\/schema\/person\/image\/\",\"url\":\"https:\/\/secure.gravatar.com\/avatar\/533caccae14752e03a2ce2d3fd62d1b98b93e1393c3195c27819e53344ca1ace?s=96&d=mm&r=g\",\"contentUrl\":\"https:\/\/secure.gravatar.com\/avatar\/533caccae14752e03a2ce2d3fd62d1b98b93e1393c3195c27819e53344ca1ace?s=96&d=mm&r=g\",\"caption\":\"piotrboczkowski\"},\"url\":\"https:\/\/www.welovecycling.com\/pl\/author\/piotrboczkowski\/\"}]}<\/script>\n<!-- \/ Yoast SEO Premium plugin. -->","yoast_head_json":{"title":"O \u201ePompk\u0119 Kr\u00f3laka\u201d ju\u017c po raz \u00f3smy - \u0160koda We Love Cycling - Poland","robots":{"index":"index","follow":"follow","max-snippet":"max-snippet:-1","max-image-preview":"max-image-preview:large","max-video-preview":"max-video-preview:-1"},"canonical":"https:\/\/www.welovecycling.com\/pl\/2017\/08\/04\/o-pompke-krolaka-juz-osmy\/","og_locale":"pl_PL","og_type":"article","og_title":"O \u201ePompk\u0119 Kr\u00f3laka\u201d ju\u017c po raz \u00f3smy","og_description":"Zapraszamy do Warszawy na prawdziwe kolarskie \u015bwi\u0119to! W niedziel\u0119 6 sierpnia odb\u0119dzie si\u0119 VIII Kolarski Memoria\u0142 Stanis\u0142awa Kr\u00f3laka. Jednocze\u015bnie b\u0119dzie [&hellip;]","og_url":"https:\/\/www.welovecycling.com\/pl\/2017\/08\/04\/o-pompke-krolaka-juz-osmy\/","og_site_name":"\u0160koda We Love Cycling - Poland","article_published_time":"2017-08-04T14:21:29+00:00","article_modified_time":"2017-08-07T10:29:46+00:00","og_image":[{"width":900,"height":600,"url":"https:\/\/d2p6e6u75xmxt8.cloudfront.net\/5\/2017\/08\/2-2.jpg","type":"image\/jpeg"}],"author":"piotrboczkowski","twitter_card":"summary_large_image","twitter_misc":{"Written by":"WeLoveCycling","Est. reading time":"1 minute"},"schema":{"@context":"https:\/\/schema.org","@graph":[{"@type":"WebPage","@id":"https:\/\/www.welovecycling.com\/pl\/2017\/08\/04\/o-pompke-krolaka-juz-osmy\/","url":"https:\/\/www.welovecycling.com\/pl\/2017\/08\/04\/o-pompke-krolaka-juz-osmy\/","name":"O \u201ePompk\u0119 Kr\u00f3laka\u201d ju\u017c po raz \u00f3smy - \u0160koda We Love Cycling - Poland","isPartOf":{"@id":"https:\/\/www.welovecycling.com\/pl\/#website"},"primaryImageOfPage":{"@id":"https:\/\/www.welovecycling.com\/pl\/2017\/08\/04\/o-pompke-krolaka-juz-osmy\/#primaryimage"},"image":{"@id":"https:\/\/www.welovecycling.com\/pl\/2017\/08\/04\/o-pompke-krolaka-juz-osmy\/#primaryimage"},"thumbnailUrl":"https:\/\/d2p6e6u75xmxt8.cloudfront.net\/5\/2017\/08\/2-2.jpg","datePublished":"2017-08-04T14:21:29+00:00","dateModified":"2017-08-07T10:29:46+00:00","author":{"@id":"https:\/\/www.welovecycling.com\/pl\/#\/schema\/person\/0dba2d39da943db9df3fd8f4687e7f23"},"breadcrumb":{"@id":"https:\/\/www.welovecycling.com\/pl\/2017\/08\/04\/o-pompke-krolaka-juz-osmy\/#breadcrumb"},"inLanguage":"pl-PL","potentialAction":[{"@type":"ReadAction","target":["https:\/\/www.welovecycling.com\/pl\/2017\/08\/04\/o-pompke-krolaka-juz-osmy\/"]}]},{"@type":"ImageObject","inLanguage":"pl-PL","@id":"https:\/\/www.welovecycling.com\/pl\/2017\/08\/04\/o-pompke-krolaka-juz-osmy\/#primaryimage","url":"https:\/\/d2p6e6u75xmxt8.cloudfront.net\/5\/2017\/08\/2-2.jpg","contentUrl":"https:\/\/d2p6e6u75xmxt8.cloudfront.net\/5\/2017\/08\/2-2.jpg","width":900,"height":600},{"@type":"BreadcrumbList","@id":"https:\/\/www.welovecycling.com\/pl\/2017\/08\/04\/o-pompke-krolaka-juz-osmy\/#breadcrumb","itemListElement":[{"@type":"ListItem","position":1,"name":"Home","item":"https:\/\/www.welovecycling.com\/pl\/"},{"@type":"ListItem","position":2,"name":"O \u201ePompk\u0119 Kr\u00f3laka\u201d ju\u017c po raz \u00f3smy"}]},{"@type":"WebSite","@id":"https:\/\/www.welovecycling.com\/pl\/#website","url":"https:\/\/www.welovecycling.com\/pl\/","name":"\u0160koda We Love Cycling - Poland","description":"","potentialAction":[{"@type":"SearchAction","target":{"@type":"EntryPoint","urlTemplate":"https:\/\/www.welovecycling.com\/pl\/?s={search_term_string}"},"query-input":{"@type":"PropertyValueSpecification","valueRequired":true,"valueName":"search_term_string"}}],"inLanguage":"pl-PL"},{"@type":"Person","@id":"https:\/\/www.welovecycling.com\/pl\/#\/schema\/person\/0dba2d39da943db9df3fd8f4687e7f23","name":"piotrboczkowski","image":{"@type":"ImageObject","inLanguage":"pl-PL","@id":"https:\/\/www.welovecycling.com\/pl\/#\/schema\/person\/image\/","url":"https:\/\/secure.gravatar.com\/avatar\/533caccae14752e03a2ce2d3fd62d1b98b93e1393c3195c27819e53344ca1ace?s=96&d=mm&r=g","contentUrl":"https:\/\/secure.gravatar.com\/avatar\/533caccae14752e03a2ce2d3fd62d1b98b93e1393c3195c27819e53344ca1ace?s=96&d=mm&r=g","caption":"piotrboczkowski"},"url":"https:\/\/www.welovecycling.com\/pl\/author\/piotrboczkowski\/"}]}},"_links":{"self":[{"href":"https:\/\/www.welovecycling.com\/pl\/wp-json\/wp\/v2\/posts\/4794","targetHints":{"allow":["GET"]}}],"collection":[{"href":"https:\/\/www.welovecycling.com\/pl\/wp-json\/wp\/v2\/posts"}],"about":[{"href":"https:\/\/www.welovecycling.com\/pl\/wp-json\/wp\/v2\/types\/post"}],"author":[{"embeddable":true,"href":"https:\/\/www.welovecycling.com\/pl\/wp-json\/wp\/v2\/users\/76"}],"replies":[{"embeddable":true,"href":"https:\/\/www.welovecycling.com\/pl\/wp-json\/wp\/v2\/comments?post=4794"}],"version-history":[{"count":2,"href":"https:\/\/www.welovecycling.com\/pl\/wp-json\/wp\/v2\/posts\/4794\/revisions"}],"predecessor-version":[{"id":4836,"href":"https:\/\/www.welovecycling.com\/pl\/wp-json\/wp\/v2\/posts\/4794\/revisions\/4836"}],"wp:featuredmedia":[{"embeddable":true,"href":"https:\/\/www.welovecycling.com\/pl\/wp-json\/wp\/v2\/media\/4795"}],"wp:attachment":[{"href":"https:\/\/www.welovecycling.com\/pl\/wp-json\/wp\/v2\/media?parent=4794"}],"wp:term":[{"taxonomy":"category","embeddable":true,"href":"https:\/\/www.welovecycling.com\/pl\/wp-json\/wp\/v2\/categories?post=4794"},{"taxonomy":"post_tag","embeddable":true,"href":"https:\/\/www.welovecycling.com\/pl\/wp-json\/wp\/v2\/tags?post=4794"},{"taxonomy":"global-categories","embeddable":true,"href":"https:\/\/www.welovecycling.com\/pl\/wp-json\/wp\/v2\/global-categories?post=4794"}],"curies":[{"name":"wp","href":"https:\/\/api.w.org\/{rel}","templated":true}]}}