{"id":4771,"date":"2017-08-03T22:06:47","date_gmt":"2017-08-03T22:06:47","guid":{"rendered":"https:\/\/www.welovecycling.com\/pl\/?p=4771"},"modified":"2017-08-18T11:10:05","modified_gmt":"2017-08-18T11:10:05","slug":"kolarskie-czwartki-poznaniu","status":"publish","type":"post","link":"https:\/\/www.welovecycling.com\/pl\/2017\/08\/03\/kolarskie-czwartki-poznaniu\/","title":{"rendered":"Kolarskie Czwartki w Poznaniu"},"content":{"rendered":"<p><b>Przyje\u017cd\u017caj\u0105 na Tor Pozna\u0144 z r\u00f3\u017cnych stron Polski, a czasami nawet zza granicy. S\u0105\u00a0w r\u00f3\u017cnym wieku i maj\u0105 r\u00f3\u017cne do\u015bwiadczenia. Niekt\u00f3rzy z nich odnie\u015bli ju\u017c wiele sukces\u00f3w, a inni dopiero zaczynaj\u0105 przygod\u0119 z kolarstwem. Co tydzie\u0144 spotykaj\u0105 si\u0119 na Kolarskim Czwartku, \u017ceby razem poje\u017adzi\u0107. O tym, co sprawia, \u017ce czwartkowe wy\u015bcigi ciesz\u0105 si\u0119 coraz wi\u0119ksz\u0105 popularno\u015bci\u0105, opowiada Romuald Szaj i Filip Kaczanowski.<\/b><\/p>\n<p><!--more--><\/p>\n<p><span style=\"font-weight: 400;\"><em>Spotykamy<\/em> <\/span><i><span style=\"font-weight: 400;\">si\u0119 co tydzie\u0144 i takich czwartk\u00f3w b\u0119dzie w tym sezonie a\u017c 25. W tym momencie jest to najbardziej rozpoznawalna impreza kolarska amator\u00f3w w Polsce<\/span><\/i><span style=\"font-weight: 400;\"> &#8211; m\u00f3wi Romuald Szaj, kt\u00f3ry po wielu latach postanowi\u0142 reaktywowa\u0107 ide\u0119 Kolarskich Czwartk\u00f3w. Od czterech sezon\u00f3w na tor w Poznaniu impreza ta co tydzie\u0144 przyci\u0105ga ok. 150 zawodnik\u00f3w. Ka\u017cdy uczestnik wy\u015bcigu bierze udzia\u0142 w klasyfikacji generalnej, b\u0119d\u0105cej sum\u0105 10 najlepszych start\u00f3w. W tym roku wielki fina\u0142 Kolarskich Czwartk\u00f3w odb\u0119dzie si\u0119 8 pa\u017adziernika.<\/span><\/p>\n<p><span style=\"font-weight: 400;\">Chocia\u017c czwartki zaliczane s\u0105 do wy\u015bcig\u00f3w amatorskich, bierze w nich udzia\u0142 wielu profesjonalist\u00f3w. Wy\u015bcigi na torze to doskona\u0142a okazja, \u017ceby przygotowa\u0107 si\u0119 do wi\u0119kszych wy\u015bcig\u00f3w \u2013 nic wi\u0119c dziwnego, \u017ce do Poznania zje\u017cd\u017caj\u0105 go\u015bcie z r\u00f3\u017cnych stron Polski i \u015bwiata.<\/span><\/p>\n<p><a href=\"https:\/\/d2p6e6u75xmxt8.cloudfront.net\/5\/2017\/08\/DSC02703.jpg\"><img loading=\"lazy\" decoding=\"async\" class=\"alignnone size-full wp-image-4772\" src=\"https:\/\/d2p6e6u75xmxt8.cloudfront.net\/5\/2017\/08\/DSC02703.jpg\" alt=\"\" width=\"1024\" height=\"576\" srcset=\"https:\/\/d2p6e6u75xmxt8.cloudfront.net\/5\/2017\/08\/DSC02703.jpg 1024w, https:\/\/d2p6e6u75xmxt8.cloudfront.net\/5\/2017\/08\/DSC02703-300x169.jpg 300w, https:\/\/d2p6e6u75xmxt8.cloudfront.net\/5\/2017\/08\/DSC02703-768x432.jpg 768w\" sizes=\"auto, (max-width: 1024px) 100vw, 1024px\" \/><\/a><\/p>\n<p><a href=\"https:\/\/d2p6e6u75xmxt8.cloudfront.net\/5\/2017\/08\/DSC01086.jpg\"><img loading=\"lazy\" decoding=\"async\" class=\"alignnone size-full wp-image-4774\" src=\"https:\/\/d2p6e6u75xmxt8.cloudfront.net\/5\/2017\/08\/DSC01086.jpg\" alt=\"\" width=\"1024\" height=\"576\" srcset=\"https:\/\/d2p6e6u75xmxt8.cloudfront.net\/5\/2017\/08\/DSC01086.jpg 1024w, https:\/\/d2p6e6u75xmxt8.cloudfront.net\/5\/2017\/08\/DSC01086-300x169.jpg 300w, https:\/\/d2p6e6u75xmxt8.cloudfront.net\/5\/2017\/08\/DSC01086-768x432.jpg 768w\" sizes=\"auto, (max-width: 1024px) 100vw, 1024px\" \/><\/a><\/p>\n<p><i><span style=\"font-weight: 400;\">Kolarskie Czwartki to kontynuacja tego, co robi\u0142em, kiedy by\u0142em zawodnikiem pozna\u0144skiego Lecha. To rewelacyjne uzupe\u0142nienie treningowe przed powa\u017cniejszymi imprezami. Wielu czwartkowicz\u00f3w startuje, \u017ceby przygotowa\u0107 si\u0119 do wi\u0119kszych wy\u015bcig\u00f3w. Na Czwartkach mo\u017cna spotka\u0107 na przyk\u0142ad kadr\u0119 polskich torowc\u00f3w, kt\u00f3rzy trenuj\u0105 do mistrzostw \u015bwiata. Mniej wi\u0119cej w sierpniu na torze w Poznaniu zaczynaj\u0105 pojawia\u0107 si\u0119 zawodowcy elity torowej i utytu\u0142owani kolarze \u2013<\/span><\/i><span style=\"font-weight: 400;\"> m\u00f3wi Romuald Szaj.<\/span><\/p>\n<p><span style=\"font-weight: 400;\">Kolarskie Czwartki s\u0105 otwarte i dost\u0119pne dla wszystkich ch\u0119tnych \u2013 wystarczy rower szosowy i kask, \u017ceby we wspania\u0142ej atmosferze i w bezpiecznych warunkach sprawdzi\u0107 si\u0119 na torze. <\/span><\/p>\n<p><i><span style=\"font-weight: 400;\">Na Kolarskim Czwartku jest miejsce dla ka\u017cdego. Ka\u017cdy znajdzie swoj\u0105 grup\u0119 do jazdy. Co ciekawe, mastersi cz\u0119sto wypadaj\u0105 w nich lepiej od zawodowc\u00f3w! W Poznaniu pojawiaj\u0105 si\u0119 kolarze w r\u00f3\u017cnym wieku \u2013 od m\u0142odzik\u00f3w i junior\u00f3w, przez elit\u0119, do masters\u00f3w. Panowie z kategorii master maj\u0105 \u015bwietne wyniki i zdobywaj\u0105 medale na mistrzostwach \u015bwiata \u2013 ostatnio dwa z\u0142ote, jeden srebrny i dwa br\u0105zowe. Takie \u015bciganie si\u0119 w dobrym towarzystwie i na dobrym poziomie przek\u0142ada si\u0119 na sukcesy<\/span><\/i> <i><span style=\"font-weight: 400;\">&#8211; <\/span><\/i><span style=\"font-weight: 400;\">dodaje Romuald Szaj.<\/span><\/p>\n<p><b>Wi\u0119cej ni\u017c samodzielny trening <\/b><\/p>\n<p><span style=\"font-weight: 400;\">W Kolarskich Czwartkach ju\u017c od paru lat bierze udzia\u0142 Filip Kaczanowski \u2013 trener ze <\/span><span style=\"font-weight: 400;\">\u0160koda Auto Szko\u0142a. <\/span><\/p>\n<p><i><span style=\"font-weight: 400;\">Kolarskie Czwartki to dobra okazja dla tych, kt\u00f3rzy chc\u0105 wystartowa\u0107 na Bike Challenge. Sam w\u0142a\u015bnie z tak\u0105 my\u015bl\u0105 przyszed\u0142em na sw\u00f3j pierwszy Czwartek. Jazda w grupie to zupe\u0142nie inna rzecz ni\u017c samodzielny trening, bo mo\u017cna szlifowa\u0107 nowe umiej\u0119tno\u015bci \u2013 np. nauczy\u0107\u00a0si\u0119, jak je\u017adzi\u0107 w peletonie, oraz po\u0107wiczy\u0107 ucieczki i wchodzenie w zakr\u0119ty. <\/span><\/i><\/p>\n<p><i><span style=\"font-weight: 400;\">Warto przyjecha\u0107 i zobaczy\u0107, jak to wygl\u0105da. \u015arednia pr\u0119dko\u015b\u0107 z ostatniego czwartku z 12 okr\u0105\u017ce\u0144 wynosi\u0142a 48 kilometr\u00f3w na godzin\u0119. Czyli prawie przez ca\u0142y czas jechali\u015bmy 50 kilometr\u00f3w na godzin\u0119 i to przez godzin\u0119 i 2 minuty \u2013 <\/span><\/i><span style=\"font-weight: 400;\">m\u00f3wi Filip Kaczanowski. <\/span><\/p>\n<p><span style=\"font-weight: 400;\">Kolarskie Czwartki to przede wszystkim trening w bezpiecznych warunkach. Profesjonalna organizacja imprezy i doskona\u0142a atmosfera w\u015br\u00f3d startuj\u0105cych sprawiaj\u0105, \u017ce ch\u0119tnych do wsp\u00f3lnej jazdy nie brakuje.<\/span><\/p>\n<p><span style=\"font-weight: 400;\"><a href=\"https:\/\/d2p6e6u75xmxt8.cloudfront.net\/5\/2017\/08\/DSC05432-01.jpeg\"><img loading=\"lazy\" decoding=\"async\" class=\"alignnone size-full wp-image-4775\" src=\"https:\/\/d2p6e6u75xmxt8.cloudfront.net\/5\/2017\/08\/DSC05432-01.jpeg\" alt=\"\" width=\"1024\" height=\"576\" srcset=\"https:\/\/d2p6e6u75xmxt8.cloudfront.net\/5\/2017\/08\/DSC05432-01.jpeg 1024w, https:\/\/d2p6e6u75xmxt8.cloudfront.net\/5\/2017\/08\/DSC05432-01-300x169.jpeg 300w, https:\/\/d2p6e6u75xmxt8.cloudfront.net\/5\/2017\/08\/DSC05432-01-768x432.jpeg 768w\" sizes=\"auto, (max-width: 1024px) 100vw, 1024px\" \/><\/a> <\/span><\/p>\n<p><i><span style=\"font-weight: 400;\">Je\u017adzimy na zamkni\u0119tym terenie, w bardzo bezpiecznych warunkach, na idealnie g\u0142adkiej nawierzchni. Tor jest wy\u0142\u0105czony z ruchu i jeste\u015bmy tylko my jako rowerzy\u015bci. To takie Tour de France dla amator\u00f3w. Bajka! <\/span><\/i><\/p>\n<p><i><span style=\"font-weight: 400;\">Jedna runda to 4 kilometry. Je\u017adzimy od 10 do 20 rund. Na torze co chwil\u0119 pojawia si\u0119 kto\u015b znany i jest to bardzo motywuj\u0105ce do\u015bwiadczenie \u2013 <\/span><\/i><span style=\"font-weight: 400;\">m\u00f3wi trener ze \u0160koda Auto Szko\u0142a.<\/span><\/p>\n<p><b>Najlepszy czwartek w mie\u015bcie <\/b><\/p>\n<p><i><span style=\"font-weight: 400;\">To najlepszy i najbezpieczniejszy czwartek w mie\u015bcie. Dla ka\u017cdego szanuj\u0105cego si\u0119 poznaniaka, kt\u00f3ry ma rower szosowy, Kolarski C<\/span><\/i><i><span style=\"font-weight: 400;\">zwartek <\/span><\/i><i><span style=\"font-weight: 400;\">to nieodzowny element treningu! \u2013 <\/span><\/i><span style=\"font-weight: 400;\">przekonuje Kaczanowski. <\/span><\/p>\n<p><i><span style=\"font-weight: 400;\">Jazda na rowerze uzdrawia i pozwala zachowa\u0107 m\u0142odo\u015b\u0107!<\/span><\/i><span style=\"font-weight: 400;\"> \u2013 dodaje Romuald Szaj. <\/span><\/p>\n<p><span style=\"font-weight: 400;\">Ka\u017cdego, kto kocha kolarstwo i chcia\u0142by spr\u00f3bowa\u0107 treningu na torze w Poznaniu, zapraszamy na Kolarski Czwartek!<\/span><\/p>\n<p><a href=\"https:\/\/d2p6e6u75xmxt8.cloudfront.net\/5\/2017\/08\/DSC05277-01.jpeg\"><img loading=\"lazy\" decoding=\"async\" class=\"alignnone size-full wp-image-4776\" src=\"https:\/\/d2p6e6u75xmxt8.cloudfront.net\/5\/2017\/08\/DSC05277-01.jpeg\" alt=\"\" width=\"1024\" height=\"576\" srcset=\"https:\/\/d2p6e6u75xmxt8.cloudfront.net\/5\/2017\/08\/DSC05277-01.jpeg 1024w, https:\/\/d2p6e6u75xmxt8.cloudfront.net\/5\/2017\/08\/DSC05277-01-300x169.jpeg 300w, https:\/\/d2p6e6u75xmxt8.cloudfront.net\/5\/2017\/08\/DSC05277-01-768x432.jpeg 768w\" sizes=\"auto, (max-width: 1024px) 100vw, 1024px\" \/><\/a><\/p>\n<p><a href=\"https:\/\/d2p6e6u75xmxt8.cloudfront.net\/5\/2017\/08\/DSC06926.jpg\"><img loading=\"lazy\" decoding=\"async\" class=\"alignnone size-full wp-image-4777\" src=\"https:\/\/d2p6e6u75xmxt8.cloudfront.net\/5\/2017\/08\/DSC06926.jpg\" alt=\"\" width=\"1024\" height=\"576\" srcset=\"https:\/\/d2p6e6u75xmxt8.cloudfront.net\/5\/2017\/08\/DSC06926.jpg 1024w, https:\/\/d2p6e6u75xmxt8.cloudfront.net\/5\/2017\/08\/DSC06926-300x169.jpg 300w, https:\/\/d2p6e6u75xmxt8.cloudfront.net\/5\/2017\/08\/DSC06926-768x432.jpg 768w\" sizes=\"auto, (max-width: 1024px) 100vw, 1024px\" \/><\/a><\/p>\n<p><b>Zapisy i szczeg\u00f3\u0142y na stronie <\/b><a href=\"http:\/\/www.speedtimecycling.eu\"><span style=\"font-weight: 400;\">www.speedtimecycling.eu<\/span><\/a><span style=\"font-weight: 400;\">.<\/span><\/p>\n<p>(\u017ar\u00f3d\u0142o zdj\u0119\u0107: Kuba Malke &#8211; www.kubamalke.com)<\/p>\n","protected":false},"excerpt":{"rendered":"<p>Przyje\u017cd\u017caj\u0105 na Tor Pozna\u0144 z r\u00f3\u017cnych stron Polski, a czasami nawet zza granicy. S\u0105\u00a0w r\u00f3\u017cnym wieku i maj\u0105 r\u00f3\u017cne do\u015bwiadczenia. [&hellip;]<\/p>\n","protected":false},"author":76,"featured_media":4773,"comment_status":"open","ping_status":"open","sticky":false,"template":"","format":"standard","meta":{"footnotes":""},"categories":[6],"tags":[86,194,151],"global-categories":[],"class_list":["post-4771","post","type-post","status-publish","format-standard","has-post-thumbnail","hentry","category-kolarstwo-szosowe","tag-ciekawostki","tag-kolarskie-czwartki","tag-kolarstwo-szosowe"],"yoast_head":"<!-- This site is optimized with the Yoast SEO Premium plugin v25.3 (Yoast SEO v25.9) - https:\/\/yoast.com\/wordpress\/plugins\/seo\/ -->\n<title>Kolarskie Czwartki w Poznaniu - \u0160koda We Love Cycling - Poland<\/title>\n<meta name=\"robots\" content=\"index, follow, max-snippet:-1, max-image-preview:large, max-video-preview:-1\" \/>\n<link rel=\"canonical\" href=\"https:\/\/www.welovecycling.com\/pl\/2017\/08\/03\/kolarskie-czwartki-poznaniu\/\" \/>\n<meta property=\"og:locale\" content=\"pl_PL\" \/>\n<meta property=\"og:type\" content=\"article\" \/>\n<meta property=\"og:title\" content=\"Kolarskie Czwartki w Poznaniu\" \/>\n<meta property=\"og:description\" content=\"Przyje\u017cd\u017caj\u0105 na Tor Pozna\u0144 z r\u00f3\u017cnych stron Polski, a czasami nawet zza granicy. S\u0105\u00a0w r\u00f3\u017cnym wieku i maj\u0105 r\u00f3\u017cne do\u015bwiadczenia. [&hellip;]\" \/>\n<meta property=\"og:url\" content=\"https:\/\/www.welovecycling.com\/pl\/2017\/08\/03\/kolarskie-czwartki-poznaniu\/\" \/>\n<meta property=\"og:site_name\" content=\"\u0160koda We Love Cycling - Poland\" \/>\n<meta property=\"article:published_time\" content=\"2017-08-03T22:06:47+00:00\" \/>\n<meta property=\"article:modified_time\" content=\"2017-08-18T11:10:05+00:00\" \/>\n<meta property=\"og:image\" content=\"https:\/\/d2p6e6u75xmxt8.cloudfront.net\/5\/2017\/08\/DSC05158.jpg\" \/>\n\t<meta property=\"og:image:width\" content=\"1024\" \/>\n\t<meta property=\"og:image:height\" content=\"576\" \/>\n\t<meta property=\"og:image:type\" content=\"image\/jpeg\" \/>\n<meta name=\"author\" content=\"piotrboczkowski\" \/>\n<meta name=\"twitter:card\" content=\"summary_large_image\" \/>\n<meta name=\"twitter:label1\" content=\"Written by\" \/>\n\t<meta name=\"twitter:data1\" content=\"WeLoveCycling\" \/>\n\t<meta name=\"twitter:label2\" content=\"Est. reading time\" \/>\n\t<meta name=\"twitter:data2\" content=\"4 minutes\" \/>\n<script type=\"application\/ld+json\" class=\"yoast-schema-graph\">{\"@context\":\"https:\/\/schema.org\",\"@graph\":[{\"@type\":\"WebPage\",\"@id\":\"https:\/\/www.welovecycling.com\/pl\/2017\/08\/03\/kolarskie-czwartki-poznaniu\/\",\"url\":\"https:\/\/www.welovecycling.com\/pl\/2017\/08\/03\/kolarskie-czwartki-poznaniu\/\",\"name\":\"Kolarskie Czwartki w Poznaniu - \u0160koda We Love Cycling - Poland\",\"isPartOf\":{\"@id\":\"https:\/\/www.welovecycling.com\/pl\/#website\"},\"primaryImageOfPage\":{\"@id\":\"https:\/\/www.welovecycling.com\/pl\/2017\/08\/03\/kolarskie-czwartki-poznaniu\/#primaryimage\"},\"image\":{\"@id\":\"https:\/\/www.welovecycling.com\/pl\/2017\/08\/03\/kolarskie-czwartki-poznaniu\/#primaryimage\"},\"thumbnailUrl\":\"https:\/\/d2p6e6u75xmxt8.cloudfront.net\/5\/2017\/08\/DSC05158.jpg\",\"datePublished\":\"2017-08-03T22:06:47+00:00\",\"dateModified\":\"2017-08-18T11:10:05+00:00\",\"author\":{\"@id\":\"https:\/\/www.welovecycling.com\/pl\/#\/schema\/person\/0dba2d39da943db9df3fd8f4687e7f23\"},\"breadcrumb\":{\"@id\":\"https:\/\/www.welovecycling.com\/pl\/2017\/08\/03\/kolarskie-czwartki-poznaniu\/#breadcrumb\"},\"inLanguage\":\"pl-PL\",\"potentialAction\":[{\"@type\":\"ReadAction\",\"target\":[\"https:\/\/www.welovecycling.com\/pl\/2017\/08\/03\/kolarskie-czwartki-poznaniu\/\"]}]},{\"@type\":\"ImageObject\",\"inLanguage\":\"pl-PL\",\"@id\":\"https:\/\/www.welovecycling.com\/pl\/2017\/08\/03\/kolarskie-czwartki-poznaniu\/#primaryimage\",\"url\":\"https:\/\/d2p6e6u75xmxt8.cloudfront.net\/5\/2017\/08\/DSC05158.jpg\",\"contentUrl\":\"https:\/\/d2p6e6u75xmxt8.cloudfront.net\/5\/2017\/08\/DSC05158.jpg\",\"width\":1024,\"height\":576},{\"@type\":\"BreadcrumbList\",\"@id\":\"https:\/\/www.welovecycling.com\/pl\/2017\/08\/03\/kolarskie-czwartki-poznaniu\/#breadcrumb\",\"itemListElement\":[{\"@type\":\"ListItem\",\"position\":1,\"name\":\"Home\",\"item\":\"https:\/\/www.welovecycling.com\/pl\/\"},{\"@type\":\"ListItem\",\"position\":2,\"name\":\"Kolarskie Czwartki w Poznaniu\"}]},{\"@type\":\"WebSite\",\"@id\":\"https:\/\/www.welovecycling.com\/pl\/#website\",\"url\":\"https:\/\/www.welovecycling.com\/pl\/\",\"name\":\"\u0160koda We Love Cycling - Poland\",\"description\":\"\",\"potentialAction\":[{\"@type\":\"SearchAction\",\"target\":{\"@type\":\"EntryPoint\",\"urlTemplate\":\"https:\/\/www.welovecycling.com\/pl\/?s={search_term_string}\"},\"query-input\":{\"@type\":\"PropertyValueSpecification\",\"valueRequired\":true,\"valueName\":\"search_term_string\"}}],\"inLanguage\":\"pl-PL\"},{\"@type\":\"Person\",\"@id\":\"https:\/\/www.welovecycling.com\/pl\/#\/schema\/person\/0dba2d39da943db9df3fd8f4687e7f23\",\"name\":\"piotrboczkowski\",\"image\":{\"@type\":\"ImageObject\",\"inLanguage\":\"pl-PL\",\"@id\":\"https:\/\/www.welovecycling.com\/pl\/#\/schema\/person\/image\/\",\"url\":\"https:\/\/secure.gravatar.com\/avatar\/533caccae14752e03a2ce2d3fd62d1b98b93e1393c3195c27819e53344ca1ace?s=96&d=mm&r=g\",\"contentUrl\":\"https:\/\/secure.gravatar.com\/avatar\/533caccae14752e03a2ce2d3fd62d1b98b93e1393c3195c27819e53344ca1ace?s=96&d=mm&r=g\",\"caption\":\"piotrboczkowski\"},\"url\":\"https:\/\/www.welovecycling.com\/pl\/author\/piotrboczkowski\/\"}]}<\/script>\n<!-- \/ Yoast SEO Premium plugin. -->","yoast_head_json":{"title":"Kolarskie Czwartki w Poznaniu - \u0160koda We Love Cycling - Poland","robots":{"index":"index","follow":"follow","max-snippet":"max-snippet:-1","max-image-preview":"max-image-preview:large","max-video-preview":"max-video-preview:-1"},"canonical":"https:\/\/www.welovecycling.com\/pl\/2017\/08\/03\/kolarskie-czwartki-poznaniu\/","og_locale":"pl_PL","og_type":"article","og_title":"Kolarskie Czwartki w Poznaniu","og_description":"Przyje\u017cd\u017caj\u0105 na Tor Pozna\u0144 z r\u00f3\u017cnych stron Polski, a czasami nawet zza granicy. S\u0105\u00a0w r\u00f3\u017cnym wieku i maj\u0105 r\u00f3\u017cne do\u015bwiadczenia. [&hellip;]","og_url":"https:\/\/www.welovecycling.com\/pl\/2017\/08\/03\/kolarskie-czwartki-poznaniu\/","og_site_name":"\u0160koda We Love Cycling - Poland","article_published_time":"2017-08-03T22:06:47+00:00","article_modified_time":"2017-08-18T11:10:05+00:00","og_image":[{"width":1024,"height":576,"url":"https:\/\/d2p6e6u75xmxt8.cloudfront.net\/5\/2017\/08\/DSC05158.jpg","type":"image\/jpeg"}],"author":"piotrboczkowski","twitter_card":"summary_large_image","twitter_misc":{"Written by":"WeLoveCycling","Est. reading time":"4 minutes"},"schema":{"@context":"https:\/\/schema.org","@graph":[{"@type":"WebPage","@id":"https:\/\/www.welovecycling.com\/pl\/2017\/08\/03\/kolarskie-czwartki-poznaniu\/","url":"https:\/\/www.welovecycling.com\/pl\/2017\/08\/03\/kolarskie-czwartki-poznaniu\/","name":"Kolarskie Czwartki w Poznaniu - \u0160koda We Love Cycling - Poland","isPartOf":{"@id":"https:\/\/www.welovecycling.com\/pl\/#website"},"primaryImageOfPage":{"@id":"https:\/\/www.welovecycling.com\/pl\/2017\/08\/03\/kolarskie-czwartki-poznaniu\/#primaryimage"},"image":{"@id":"https:\/\/www.welovecycling.com\/pl\/2017\/08\/03\/kolarskie-czwartki-poznaniu\/#primaryimage"},"thumbnailUrl":"https:\/\/d2p6e6u75xmxt8.cloudfront.net\/5\/2017\/08\/DSC05158.jpg","datePublished":"2017-08-03T22:06:47+00:00","dateModified":"2017-08-18T11:10:05+00:00","author":{"@id":"https:\/\/www.welovecycling.com\/pl\/#\/schema\/person\/0dba2d39da943db9df3fd8f4687e7f23"},"breadcrumb":{"@id":"https:\/\/www.welovecycling.com\/pl\/2017\/08\/03\/kolarskie-czwartki-poznaniu\/#breadcrumb"},"inLanguage":"pl-PL","potentialAction":[{"@type":"ReadAction","target":["https:\/\/www.welovecycling.com\/pl\/2017\/08\/03\/kolarskie-czwartki-poznaniu\/"]}]},{"@type":"ImageObject","inLanguage":"pl-PL","@id":"https:\/\/www.welovecycling.com\/pl\/2017\/08\/03\/kolarskie-czwartki-poznaniu\/#primaryimage","url":"https:\/\/d2p6e6u75xmxt8.cloudfront.net\/5\/2017\/08\/DSC05158.jpg","contentUrl":"https:\/\/d2p6e6u75xmxt8.cloudfront.net\/5\/2017\/08\/DSC05158.jpg","width":1024,"height":576},{"@type":"BreadcrumbList","@id":"https:\/\/www.welovecycling.com\/pl\/2017\/08\/03\/kolarskie-czwartki-poznaniu\/#breadcrumb","itemListElement":[{"@type":"ListItem","position":1,"name":"Home","item":"https:\/\/www.welovecycling.com\/pl\/"},{"@type":"ListItem","position":2,"name":"Kolarskie Czwartki w Poznaniu"}]},{"@type":"WebSite","@id":"https:\/\/www.welovecycling.com\/pl\/#website","url":"https:\/\/www.welovecycling.com\/pl\/","name":"\u0160koda We Love Cycling - Poland","description":"","potentialAction":[{"@type":"SearchAction","target":{"@type":"EntryPoint","urlTemplate":"https:\/\/www.welovecycling.com\/pl\/?s={search_term_string}"},"query-input":{"@type":"PropertyValueSpecification","valueRequired":true,"valueName":"search_term_string"}}],"inLanguage":"pl-PL"},{"@type":"Person","@id":"https:\/\/www.welovecycling.com\/pl\/#\/schema\/person\/0dba2d39da943db9df3fd8f4687e7f23","name":"piotrboczkowski","image":{"@type":"ImageObject","inLanguage":"pl-PL","@id":"https:\/\/www.welovecycling.com\/pl\/#\/schema\/person\/image\/","url":"https:\/\/secure.gravatar.com\/avatar\/533caccae14752e03a2ce2d3fd62d1b98b93e1393c3195c27819e53344ca1ace?s=96&d=mm&r=g","contentUrl":"https:\/\/secure.gravatar.com\/avatar\/533caccae14752e03a2ce2d3fd62d1b98b93e1393c3195c27819e53344ca1ace?s=96&d=mm&r=g","caption":"piotrboczkowski"},"url":"https:\/\/www.welovecycling.com\/pl\/author\/piotrboczkowski\/"}]}},"_links":{"self":[{"href":"https:\/\/www.welovecycling.com\/pl\/wp-json\/wp\/v2\/posts\/4771","targetHints":{"allow":["GET"]}}],"collection":[{"href":"https:\/\/www.welovecycling.com\/pl\/wp-json\/wp\/v2\/posts"}],"about":[{"href":"https:\/\/www.welovecycling.com\/pl\/wp-json\/wp\/v2\/types\/post"}],"author":[{"embeddable":true,"href":"https:\/\/www.welovecycling.com\/pl\/wp-json\/wp\/v2\/users\/76"}],"replies":[{"embeddable":true,"href":"https:\/\/www.welovecycling.com\/pl\/wp-json\/wp\/v2\/comments?post=4771"}],"version-history":[{"count":2,"href":"https:\/\/www.welovecycling.com\/pl\/wp-json\/wp\/v2\/posts\/4771\/revisions"}],"predecessor-version":[{"id":4839,"href":"https:\/\/www.welovecycling.com\/pl\/wp-json\/wp\/v2\/posts\/4771\/revisions\/4839"}],"wp:featuredmedia":[{"embeddable":true,"href":"https:\/\/www.welovecycling.com\/pl\/wp-json\/wp\/v2\/media\/4773"}],"wp:attachment":[{"href":"https:\/\/www.welovecycling.com\/pl\/wp-json\/wp\/v2\/media?parent=4771"}],"wp:term":[{"taxonomy":"category","embeddable":true,"href":"https:\/\/www.welovecycling.com\/pl\/wp-json\/wp\/v2\/categories?post=4771"},{"taxonomy":"post_tag","embeddable":true,"href":"https:\/\/www.welovecycling.com\/pl\/wp-json\/wp\/v2\/tags?post=4771"},{"taxonomy":"global-categories","embeddable":true,"href":"https:\/\/www.welovecycling.com\/pl\/wp-json\/wp\/v2\/global-categories?post=4771"}],"curies":[{"name":"wp","href":"https:\/\/api.w.org\/{rel}","templated":true}]}}