{"id":4747,"date":"2017-08-02T21:18:09","date_gmt":"2017-08-02T21:18:09","guid":{"rendered":"https:\/\/www.welovecycling.com\/pl\/?p=4747"},"modified":"2017-08-07T12:46:02","modified_gmt":"2017-08-07T12:46:02","slug":"7-blyskow-ktore-zapamietamy-tegorocznego-tour-de-france","status":"publish","type":"post","link":"https:\/\/www.welovecycling.com\/pl\/2017\/08\/02\/7-blyskow-ktore-zapamietamy-tegorocznego-tour-de-france\/","title":{"rendered":"7 b\u0142ysk\u00f3w, kt\u00f3re zapami\u0119tamy z tegorocznego Tour de France"},"content":{"rendered":"<p>Wchodzicie na Google, wpisujecie Tour de France 2017 i Wikipedia podaje Wam wszystko na talerzu: edycja 104., etap\u00f3w 21, zwyci\u0119zca Chris Froome. Jednak tego, co najpi\u0119kniejsze w kolarstwie, tam nie znajdziecie.<\/p>\n<p>My Wielk\u0105 P\u0119tl\u0119\u00a0 widzimy obrazami. Czasem pi\u0119knymi, czasem wzruszaj\u0105cymi, a niekiedy dramatycznymi. Takimi, kt\u00f3re wywo\u0142uj\u0105 emocje, bo w ko\u0144cu o to w kolarstwie chodzi. Zapraszamy na naszych 7 b\u0142ysk\u00f3w, kt\u00f3re zapami\u0119tamy z Tour de France 2017. Kolejno\u015b\u0107 przypadkowa.<\/p>\n<ol>\n<li><strong> Mi\u0142o\u015b\u0107<\/strong><\/li>\n<\/ol>\n<p>Uwielbiamy ostatni dzie\u0144 Tour de France, bo kolarze zawsze czym\u015b zaskakuj\u0105. O Cyrilu Gautier us\u0142ysza\u0142aby mo\u017ce garstka kibic\u00f3w, gdyby nie jego niecodzienny pomys\u0142.<\/p>\n<p>W trakcie 21 etap\u00f3w peda\u0142owania, jazdy przez ponad 3,5 tys. kilometr\u00f3w i miesi\u0119cy roz\u0142\u0105ki zawodnik AG2R mia\u0142 czas na przemy\u015blenia. I wymy\u015bli\u0142 &#8211; podczas jazdy w peletonie pokaza\u0142 do przeje\u017cd\u017caj\u0105cej kamery karteczk\u0119 z napisem: \u201eCaroline, wyjdziesz za mnie?\u201d, na co przeje\u017cd\u017caj\u0105cy Pierre Roland z teamu Cannondale krzycza\u0142: \u201eZg\u00f3d\u017a si\u0119, zg\u00f3d\u017a si\u0119!\u201d.<\/p>\n<div class=\"embed-controller-wrapper\">\n<blockquote class=\"twitter-tweet\" data-width=\"500\" data-dnt=\"true\">\n<p lang=\"qme\" dir=\"ltr\">\u2764\ufe0f\ud83d\udc70\ud83d\udeb4 <a href=\"https:\/\/t.co\/8FhD1nHTmU\">pic.twitter.com\/8FhD1nHTmU<\/a><\/p>\n<p>&mdash; Tour de France\u2122 (@LeTour) <a href=\"https:\/\/twitter.com\/LeTour\/status\/889147583926603776?ref_src=twsrc%5Etfw\">July 23, 2017<\/a><\/p><\/blockquote>\n<p><script async data-src=\"https:\/\/platform.twitter.com\/widgets.js\" charset=\"utf-8\"><\/script><\/div>\n<p>Teraz czekamy tylko na szcz\u0119\u015bliwe zako\u0144czenie tej historii. Mo\u017ce weselny korow\u00f3d podczas Tour de France 2018?<\/p>\n<ol start=\"2\">\n<li><strong> Szacunek<\/strong><\/li>\n<\/ol>\n<p>I jeszcze raz etap przyja\u017ani, tym razem z Polakami w roli g\u0142\u00f3wnej. Micha\u0142 Kwiatkowski po ka\u017cdym dniu analizowa\u0142 wydarzenia podczas relacji live na Facebooku. Na og\u00f3\u0142 zza sto\u0142u lub le\u017c\u0105c ju\u017c w \u0142\u00f3\u017cku, opowiada\u0142, co si\u0119 wydarzy\u0142o. Ostatniego dnia zdecydowa\u0142 si\u0119 jednak zrobi\u0107 relacj\u0119 na \u017cywo\u2026 w trakcie wy\u015bcigu.<\/p>\n<p>Kolejny raz pogratulowa\u0142 w nim Maciejowi Bodnarowi, kt\u00f3ry dob\u0119 wcze\u015bniej jako drugi Polak w historii wygra\u0142 etap Tour de France, minimalnie wyprzedzaj\u0105c\u2026 Kwiatkowskiego. Mi\u0142y obrazek dla polskich kibic\u00f3w.<\/p>\n<p>https:\/\/www.facebook.com\/kwiato\/videos\/1625325904176529\/<\/p>\n<p>&nbsp;<\/p>\n<ol start=\"3\">\n<li><strong> Dramat<\/strong><\/li>\n<\/ol>\n<p>I to wielu os\u00f3b na raz, spowodowany przez jedno nieodpowiedzialne (g\u0142upie?) zachowanie. A chodzi o Petera Sagana, kt\u00f3ry przypadkowo (celowo?) uderzy\u0142 Marka Cavendisha.<\/p>\n<p>Nie b\u0119dziemy ocenia\u0107, bo interpretacji by\u0142o ju\u017c wiele. Zreszt\u0105 od tego s\u0105 s\u0119dziowie, kt\u00f3rzy orzekli, \u017ce Sagan zrobi\u0142 to specjalnie, i S\u0142owaka zdyskwalifikowali. Z Tour de France musia\u0142 te\u017c wycofa\u0107 si\u0119 Cavendish, bo jego obra\u017cenia by\u0142y zbyt powa\u017cne.<\/p>\n<p>\u017bal Brytyjczyka, bo nie ze swojej winy musia\u0142 zako\u0144czy\u0107 wy\u015bcig. S\u0105 jednak tacy, kt\u00f3rym \u017cal te\u017c Sagana, bo nawet je\u015bli zrobi\u0142 to specjalnie (cho\u0107 zarzeka si\u0119, \u017ce nie widzia\u0142 rywala), to zapewne sekund\u0119 p\u00f3\u017aniej tego \u017ca\u0142owa\u0142. Co\u015b pod wp\u0142ywem rywalizacji i emocji w nim p\u0119k\u0142o, po prostu nie wytrzymywa\u0142. I przez to dw\u00f3ch wielkich zawodnik\u00f3w, a wraz z nimi ich kibice, prze\u017cywali dramat.<\/p>\n<ol start=\"4\">\n<li><strong> Determinacja<\/strong><\/li>\n<\/ol>\n<p>\u201eTelemarkiem wskoczy\u0142 na podium\u201d \u2013 pisano po jego zwyci\u0119stwie w 17. etapie, a historia by\u0142a tak niesamowita, jakby kto\u015b wyci\u0105\u0142 j\u0105 z naiwnego ameryka\u0144skiego filmu.<\/p>\n<p>Primo\u017c Roglicz by\u0142 \u015bwietnie zapowiadaj\u0105cym si\u0119\u2026 skoczkiem narciarskim, mistrzem \u015bwiata junior\u00f3w. Pewnego dnia przegra\u0142 jednak z olbrzymi\u0105 skoczni\u0105, do kt\u00f3rej z wielkim respektem podchodz\u0105 najstarsi wyjadacze. Upad\u0142 w Planicy, gdzie szybuje si\u0119 grubo ponad 200 metr\u00f3w. D\u0142ugie leczenie, rehabilitacja i ci\u0105g\u0142e pytania: czy wr\u00f3c\u0119? W ko\u0144cu zacz\u0105\u0142 skaka\u0107. Fizycznie wszystko wydawa\u0142o si\u0119 w porz\u0105dku, ale zawodzi\u0142a g\u0142owa.<\/p>\n<p>Cz\u0142owiek stworzony do rzeczy wielkich cia\u0142em, psychicznie nie m\u00f3g\u0142 poradzi\u0107 sobie z traum\u0105. I gdy wydawa\u0142o si\u0119, \u017ce o Rogliczu sportowcu trzeba b\u0119dzie zapomnie\u0107, S\u0142oweniec zamieni\u0142 narty na rower. I by\u0107 mo\u017ce to by\u0142 najlepszy pomys\u0142 w jego \u017cyciu, bo szybko okaza\u0142o si\u0119, \u017ce jest stworzony w\u0142a\u015bnie do kolarstwa. Dow\u00f3d? Wygrana w 17. etapie tegorocznego Tour de France.<\/p>\n<p>Gdyby\u015bmy mieli dokr\u0119ci\u0107 ko\u0144c\u00f3wk\u0119 tego ameryka\u0144skiego filmu, to tu\u017c przed met\u0105 pojawi\u0142yby si\u0119 uj\u0119cia z Planicy i g\u0142os Roglicza: \u201eNajwyra\u017aniej tak mia\u0142o by\u0107\u2026\u201d.<\/p>\n<ol start=\"5\">\n<li><strong> Odpowiedzialno\u015b\u0107<\/strong><\/li>\n<\/ol>\n<p>Kusi\u0142o nas, by nazwa\u0107 to kole\u017ce\u0144stwem, ale wiemy, jakimi prawami rz\u0105dzi si\u0119 kolarstwo oraz Tour de France. A mianowicie chodzi o Kwiatkowskiego, kt\u00f3ry w trakcie wy\u015bcigu odda\u0142\u2026 swoje ko\u0142o Chrisowi Froome\u2019owi.<\/p>\n<p>Sytuacja wygl\u0105da\u0142a tak:<\/p>\n<div class=\"embed-controller-wrapper\">\n<blockquote class=\"twitter-tweet\" data-width=\"500\" data-dnt=\"true\">\n<p lang=\"en\" dir=\"ltr\">New wheel and one slap on his bottom. Enough to keep <a href=\"https:\/\/twitter.com\/chrisfroome?ref_src=twsrc%5Etfw\">@chrisfroome<\/a> motivated \ud83d\ude09<a href=\"https:\/\/twitter.com\/teamsky?ref_src=twsrc%5Etfw\">@TeamSky<\/a> <a href=\"https:\/\/twitter.com\/hashtag\/GoTeamSky?src=hash&amp;ref_src=twsrc%5Etfw\">#GoTeamSky<\/a> <a href=\"https:\/\/twitter.com\/hashtag\/AllezKwiato?src=hash&amp;ref_src=twsrc%5Etfw\">#AllezKwiato<\/a><br \/>\ud83c\udfa5 <a href=\"https:\/\/twitter.com\/LeTour?ref_src=twsrc%5Etfw\">@LeTour<\/a> <a href=\"https:\/\/t.co\/bgGE6yeqRB\">pic.twitter.com\/bgGE6yeqRB<\/a><\/p>\n<p>&mdash; Micha\u0142 Kwiatkowski (@kwiato) <a href=\"https:\/\/twitter.com\/kwiato\/status\/886637758751666176?ref_src=twsrc%5Etfw\">July 16, 2017<\/a><\/p><\/blockquote>\n<p><script async data-src=\"https:\/\/platform.twitter.com\/widgets.js\" charset=\"utf-8\"><\/script><\/div>\n<p>Kwiatkowski zrobi\u0142 to, poniewa\u017c w Tour de France jecha\u0142 jako pomocnik Froome\u2019a i jego g\u0142\u00f3wnym zadaniem by\u0142o sprawi\u0107, by Brytyjczyk wygra\u0142 wy\u015bcig. Wywi\u0105zywa\u0142 si\u0119 z tej roli \u015bwietnie, a oddanie i wymiana ko\u0142a sta\u0142y si\u0119 tego symbolem.<\/p>\n<ol start=\"6\">\n<li><strong> Szcz\u0119\u015bcie<\/strong><\/li>\n<\/ol>\n<p>Mo\u017ce troch\u0119 niesprawiedliwe m\u00f3wi\u0107, \u017ce zwyci\u0119zca mia\u0142 szcz\u0119\u015bcie, ale sami popatrzcie na finisz 7. etapu.<\/p>\n<p><iframe loading=\"lazy\" src=\"https:\/\/www.youtube-nocookie.com\/embed\/5f2e3vjSgs4?ecver=1\" width=\"854\" height=\"480\" frameborder=\"0\" allowfullscreen=\"allowfullscreen\"><\/iframe><\/p>\n<p>Wiemy, \u017ce tu liczy si\u0119 ruch cia\u0142a, \u201ewyrzucenie roweru\u201d, a w pewnej mierze nawet taktyka, ale Marcel Kittel z\u00a0 Boassonem Hagenem wygra\u0142 o 0,003 sekundy! Co\u015b kompletnie nie do zarejestrowania przez ludzkie oko. Ba, co\u015b, co w erze przedkomputerowej pewnie by\u0142oby nie do rozstrzygni\u0119cia. Wielkie umiej\u0119tno\u015bci, ale te\u017c sporo szcz\u0119\u015bcia.<\/p>\n<ol start=\"7\">\n<li><strong> Emocje<\/strong><\/li>\n<\/ol>\n<p>Widoczne u wszystkich, ale najmocniej u zwyci\u0119zcy, bo to w niego wbite s\u0105 kamery. Chris Fromme po wielu tygodniach witaj\u0105cy si\u0119 z \u017con\u0105; jego syn, kt\u00f3ry w \u017c\u00f3\u0142tej koszulce czeka na tat\u0119; oraz przem\u00f3wienie Brytyjczyka, kt\u00f3ry cho\u0107 na podium staje po raz czwarty, to za ka\u017cdym razem dr\u017cy.<\/p>\n<p>Teraz zn\u00f3w \u0142ama\u0142 mu si\u0119 g\u0142os, a kartki z tekstem wypada\u0142y z r\u0119ki. I idziemy o zak\u0142ad, \u017ce ktokolwiek za rok stanie naprzeciw \u0141uku Triumfalnego, b\u0119dzie czu\u0142 to samo.<\/p>\n<p>https:\/\/www.youtube.com\/watch?v=D4D6XQ_1BS0<\/p>\n<p>&nbsp;<\/p>\n<p>(\u017ar\u00f3d\u0142o zdj\u0119\u0107: www.letour.fr\u00a0\u00a9 ASO\/Pauline BALLET)<\/p>\n","protected":false},"excerpt":{"rendered":"<p>Wchodzicie na Google, wpisujecie Tour de France 2017 i Wikipedia podaje Wam wszystko na talerzu: edycja 104., etap\u00f3w 21, zwyci\u0119zca [&hellip;]<\/p>\n","protected":false},"author":76,"featured_media":4750,"comment_status":"open","ping_status":"open","sticky":false,"template":"","format":"standard","meta":{"footnotes":""},"categories":[1],"tags":[77,163],"global-categories":[],"class_list":["post-4747","post","type-post","status-publish","format-standard","has-post-thumbnail","hentry","category-uncategorized","tag-tour-de-france","tag-tour-de-france-2017"],"yoast_head":"<!-- This site is optimized with the Yoast SEO Premium plugin v25.3 (Yoast SEO v25.9) - https:\/\/yoast.com\/wordpress\/plugins\/seo\/ -->\n<title>7 b\u0142ysk\u00f3w, kt\u00f3re zapami\u0119tamy z tegorocznego Tour de France - \u0160koda We Love Cycling - Poland<\/title>\n<meta name=\"robots\" content=\"index, follow, max-snippet:-1, max-image-preview:large, max-video-preview:-1\" \/>\n<link rel=\"canonical\" href=\"https:\/\/www.welovecycling.com\/pl\/2017\/08\/02\/7-blyskow-ktore-zapamietamy-tegorocznego-tour-de-france\/\" \/>\n<meta property=\"og:locale\" content=\"pl_PL\" \/>\n<meta property=\"og:type\" content=\"article\" \/>\n<meta property=\"og:title\" content=\"7 b\u0142ysk\u00f3w, kt\u00f3re zapami\u0119tamy z tegorocznego Tour de France\" \/>\n<meta property=\"og:description\" content=\"Wchodzicie na Google, wpisujecie Tour de France 2017 i Wikipedia podaje Wam wszystko na talerzu: edycja 104., etap\u00f3w 21, zwyci\u0119zca [&hellip;]\" \/>\n<meta property=\"og:url\" content=\"https:\/\/www.welovecycling.com\/pl\/2017\/08\/02\/7-blyskow-ktore-zapamietamy-tegorocznego-tour-de-france\/\" \/>\n<meta property=\"og:site_name\" content=\"\u0160koda We Love Cycling - Poland\" \/>\n<meta property=\"article:published_time\" content=\"2017-08-02T21:18:09+00:00\" \/>\n<meta property=\"article:modified_time\" content=\"2017-08-07T12:46:02+00:00\" \/>\n<meta property=\"og:image\" content=\"https:\/\/d2p6e6u75xmxt8.cloudfront.net\/5\/2017\/08\/20170723343_081213.jpg\" \/>\n\t<meta property=\"og:image:width\" content=\"1000\" \/>\n\t<meta property=\"og:image:height\" content=\"666\" \/>\n\t<meta property=\"og:image:type\" content=\"image\/jpeg\" \/>\n<meta name=\"author\" content=\"piotrboczkowski\" \/>\n<meta name=\"twitter:card\" content=\"summary_large_image\" \/>\n<meta name=\"twitter:label1\" content=\"Written by\" \/>\n\t<meta name=\"twitter:data1\" content=\"WeLoveCycling\" \/>\n\t<meta name=\"twitter:label2\" content=\"Est. reading time\" \/>\n\t<meta name=\"twitter:data2\" content=\"5 minutes\" \/>\n<script type=\"application\/ld+json\" class=\"yoast-schema-graph\">{\"@context\":\"https:\/\/schema.org\",\"@graph\":[{\"@type\":\"WebPage\",\"@id\":\"https:\/\/www.welovecycling.com\/pl\/2017\/08\/02\/7-blyskow-ktore-zapamietamy-tegorocznego-tour-de-france\/\",\"url\":\"https:\/\/www.welovecycling.com\/pl\/2017\/08\/02\/7-blyskow-ktore-zapamietamy-tegorocznego-tour-de-france\/\",\"name\":\"7 b\u0142ysk\u00f3w, kt\u00f3re zapami\u0119tamy z tegorocznego Tour de France - \u0160koda We Love Cycling - Poland\",\"isPartOf\":{\"@id\":\"https:\/\/www.welovecycling.com\/pl\/#website\"},\"primaryImageOfPage\":{\"@id\":\"https:\/\/www.welovecycling.com\/pl\/2017\/08\/02\/7-blyskow-ktore-zapamietamy-tegorocznego-tour-de-france\/#primaryimage\"},\"image\":{\"@id\":\"https:\/\/www.welovecycling.com\/pl\/2017\/08\/02\/7-blyskow-ktore-zapamietamy-tegorocznego-tour-de-france\/#primaryimage\"},\"thumbnailUrl\":\"https:\/\/d2p6e6u75xmxt8.cloudfront.net\/5\/2017\/08\/20170723343_081213.jpg\",\"datePublished\":\"2017-08-02T21:18:09+00:00\",\"dateModified\":\"2017-08-07T12:46:02+00:00\",\"author\":{\"@id\":\"https:\/\/www.welovecycling.com\/pl\/#\/schema\/person\/0dba2d39da943db9df3fd8f4687e7f23\"},\"breadcrumb\":{\"@id\":\"https:\/\/www.welovecycling.com\/pl\/2017\/08\/02\/7-blyskow-ktore-zapamietamy-tegorocznego-tour-de-france\/#breadcrumb\"},\"inLanguage\":\"pl-PL\",\"potentialAction\":[{\"@type\":\"ReadAction\",\"target\":[\"https:\/\/www.welovecycling.com\/pl\/2017\/08\/02\/7-blyskow-ktore-zapamietamy-tegorocznego-tour-de-france\/\"]}]},{\"@type\":\"ImageObject\",\"inLanguage\":\"pl-PL\",\"@id\":\"https:\/\/www.welovecycling.com\/pl\/2017\/08\/02\/7-blyskow-ktore-zapamietamy-tegorocznego-tour-de-france\/#primaryimage\",\"url\":\"https:\/\/d2p6e6u75xmxt8.cloudfront.net\/5\/2017\/08\/20170723343_081213.jpg\",\"contentUrl\":\"https:\/\/d2p6e6u75xmxt8.cloudfront.net\/5\/2017\/08\/20170723343_081213.jpg\",\"width\":1000,\"height\":666,\"caption\":\"Tour de France 2017 - 08\/07\/2017 - Etape 8 - Dole \/ Station des Rousses (187,5 km) - France - 193 coureurs au d\u00e9part de l'\u00e9tape 8\"},{\"@type\":\"BreadcrumbList\",\"@id\":\"https:\/\/www.welovecycling.com\/pl\/2017\/08\/02\/7-blyskow-ktore-zapamietamy-tegorocznego-tour-de-france\/#breadcrumb\",\"itemListElement\":[{\"@type\":\"ListItem\",\"position\":1,\"name\":\"Home\",\"item\":\"https:\/\/www.welovecycling.com\/pl\/\"},{\"@type\":\"ListItem\",\"position\":2,\"name\":\"7 b\u0142ysk\u00f3w, kt\u00f3re zapami\u0119tamy z tegorocznego Tour de France\"}]},{\"@type\":\"WebSite\",\"@id\":\"https:\/\/www.welovecycling.com\/pl\/#website\",\"url\":\"https:\/\/www.welovecycling.com\/pl\/\",\"name\":\"\u0160koda We Love Cycling - Poland\",\"description\":\"\",\"potentialAction\":[{\"@type\":\"SearchAction\",\"target\":{\"@type\":\"EntryPoint\",\"urlTemplate\":\"https:\/\/www.welovecycling.com\/pl\/?s={search_term_string}\"},\"query-input\":{\"@type\":\"PropertyValueSpecification\",\"valueRequired\":true,\"valueName\":\"search_term_string\"}}],\"inLanguage\":\"pl-PL\"},{\"@type\":\"Person\",\"@id\":\"https:\/\/www.welovecycling.com\/pl\/#\/schema\/person\/0dba2d39da943db9df3fd8f4687e7f23\",\"name\":\"piotrboczkowski\",\"image\":{\"@type\":\"ImageObject\",\"inLanguage\":\"pl-PL\",\"@id\":\"https:\/\/www.welovecycling.com\/pl\/#\/schema\/person\/image\/\",\"url\":\"https:\/\/secure.gravatar.com\/avatar\/533caccae14752e03a2ce2d3fd62d1b98b93e1393c3195c27819e53344ca1ace?s=96&d=mm&r=g\",\"contentUrl\":\"https:\/\/secure.gravatar.com\/avatar\/533caccae14752e03a2ce2d3fd62d1b98b93e1393c3195c27819e53344ca1ace?s=96&d=mm&r=g\",\"caption\":\"piotrboczkowski\"},\"url\":\"https:\/\/www.welovecycling.com\/pl\/author\/piotrboczkowski\/\"}]}<\/script>\n<!-- \/ Yoast SEO Premium plugin. -->","yoast_head_json":{"title":"7 b\u0142ysk\u00f3w, kt\u00f3re zapami\u0119tamy z tegorocznego Tour de France - \u0160koda We Love Cycling - Poland","robots":{"index":"index","follow":"follow","max-snippet":"max-snippet:-1","max-image-preview":"max-image-preview:large","max-video-preview":"max-video-preview:-1"},"canonical":"https:\/\/www.welovecycling.com\/pl\/2017\/08\/02\/7-blyskow-ktore-zapamietamy-tegorocznego-tour-de-france\/","og_locale":"pl_PL","og_type":"article","og_title":"7 b\u0142ysk\u00f3w, kt\u00f3re zapami\u0119tamy z tegorocznego Tour de France","og_description":"Wchodzicie na Google, wpisujecie Tour de France 2017 i Wikipedia podaje Wam wszystko na talerzu: edycja 104., etap\u00f3w 21, zwyci\u0119zca [&hellip;]","og_url":"https:\/\/www.welovecycling.com\/pl\/2017\/08\/02\/7-blyskow-ktore-zapamietamy-tegorocznego-tour-de-france\/","og_site_name":"\u0160koda We Love Cycling - Poland","article_published_time":"2017-08-02T21:18:09+00:00","article_modified_time":"2017-08-07T12:46:02+00:00","og_image":[{"width":1000,"height":666,"url":"https:\/\/d2p6e6u75xmxt8.cloudfront.net\/5\/2017\/08\/20170723343_081213.jpg","type":"image\/jpeg"}],"author":"piotrboczkowski","twitter_card":"summary_large_image","twitter_misc":{"Written by":"WeLoveCycling","Est. reading time":"5 minutes"},"schema":{"@context":"https:\/\/schema.org","@graph":[{"@type":"WebPage","@id":"https:\/\/www.welovecycling.com\/pl\/2017\/08\/02\/7-blyskow-ktore-zapamietamy-tegorocznego-tour-de-france\/","url":"https:\/\/www.welovecycling.com\/pl\/2017\/08\/02\/7-blyskow-ktore-zapamietamy-tegorocznego-tour-de-france\/","name":"7 b\u0142ysk\u00f3w, kt\u00f3re zapami\u0119tamy z tegorocznego Tour de France - \u0160koda We Love Cycling - Poland","isPartOf":{"@id":"https:\/\/www.welovecycling.com\/pl\/#website"},"primaryImageOfPage":{"@id":"https:\/\/www.welovecycling.com\/pl\/2017\/08\/02\/7-blyskow-ktore-zapamietamy-tegorocznego-tour-de-france\/#primaryimage"},"image":{"@id":"https:\/\/www.welovecycling.com\/pl\/2017\/08\/02\/7-blyskow-ktore-zapamietamy-tegorocznego-tour-de-france\/#primaryimage"},"thumbnailUrl":"https:\/\/d2p6e6u75xmxt8.cloudfront.net\/5\/2017\/08\/20170723343_081213.jpg","datePublished":"2017-08-02T21:18:09+00:00","dateModified":"2017-08-07T12:46:02+00:00","author":{"@id":"https:\/\/www.welovecycling.com\/pl\/#\/schema\/person\/0dba2d39da943db9df3fd8f4687e7f23"},"breadcrumb":{"@id":"https:\/\/www.welovecycling.com\/pl\/2017\/08\/02\/7-blyskow-ktore-zapamietamy-tegorocznego-tour-de-france\/#breadcrumb"},"inLanguage":"pl-PL","potentialAction":[{"@type":"ReadAction","target":["https:\/\/www.welovecycling.com\/pl\/2017\/08\/02\/7-blyskow-ktore-zapamietamy-tegorocznego-tour-de-france\/"]}]},{"@type":"ImageObject","inLanguage":"pl-PL","@id":"https:\/\/www.welovecycling.com\/pl\/2017\/08\/02\/7-blyskow-ktore-zapamietamy-tegorocznego-tour-de-france\/#primaryimage","url":"https:\/\/d2p6e6u75xmxt8.cloudfront.net\/5\/2017\/08\/20170723343_081213.jpg","contentUrl":"https:\/\/d2p6e6u75xmxt8.cloudfront.net\/5\/2017\/08\/20170723343_081213.jpg","width":1000,"height":666,"caption":"Tour de France 2017 - 08\/07\/2017 - Etape 8 - Dole \/ Station des Rousses (187,5 km) - France - 193 coureurs au d\u00e9part de l'\u00e9tape 8"},{"@type":"BreadcrumbList","@id":"https:\/\/www.welovecycling.com\/pl\/2017\/08\/02\/7-blyskow-ktore-zapamietamy-tegorocznego-tour-de-france\/#breadcrumb","itemListElement":[{"@type":"ListItem","position":1,"name":"Home","item":"https:\/\/www.welovecycling.com\/pl\/"},{"@type":"ListItem","position":2,"name":"7 b\u0142ysk\u00f3w, kt\u00f3re zapami\u0119tamy z tegorocznego Tour de France"}]},{"@type":"WebSite","@id":"https:\/\/www.welovecycling.com\/pl\/#website","url":"https:\/\/www.welovecycling.com\/pl\/","name":"\u0160koda We Love Cycling - Poland","description":"","potentialAction":[{"@type":"SearchAction","target":{"@type":"EntryPoint","urlTemplate":"https:\/\/www.welovecycling.com\/pl\/?s={search_term_string}"},"query-input":{"@type":"PropertyValueSpecification","valueRequired":true,"valueName":"search_term_string"}}],"inLanguage":"pl-PL"},{"@type":"Person","@id":"https:\/\/www.welovecycling.com\/pl\/#\/schema\/person\/0dba2d39da943db9df3fd8f4687e7f23","name":"piotrboczkowski","image":{"@type":"ImageObject","inLanguage":"pl-PL","@id":"https:\/\/www.welovecycling.com\/pl\/#\/schema\/person\/image\/","url":"https:\/\/secure.gravatar.com\/avatar\/533caccae14752e03a2ce2d3fd62d1b98b93e1393c3195c27819e53344ca1ace?s=96&d=mm&r=g","contentUrl":"https:\/\/secure.gravatar.com\/avatar\/533caccae14752e03a2ce2d3fd62d1b98b93e1393c3195c27819e53344ca1ace?s=96&d=mm&r=g","caption":"piotrboczkowski"},"url":"https:\/\/www.welovecycling.com\/pl\/author\/piotrboczkowski\/"}]}},"_links":{"self":[{"href":"https:\/\/www.welovecycling.com\/pl\/wp-json\/wp\/v2\/posts\/4747","targetHints":{"allow":["GET"]}}],"collection":[{"href":"https:\/\/www.welovecycling.com\/pl\/wp-json\/wp\/v2\/posts"}],"about":[{"href":"https:\/\/www.welovecycling.com\/pl\/wp-json\/wp\/v2\/types\/post"}],"author":[{"embeddable":true,"href":"https:\/\/www.welovecycling.com\/pl\/wp-json\/wp\/v2\/users\/76"}],"replies":[{"embeddable":true,"href":"https:\/\/www.welovecycling.com\/pl\/wp-json\/wp\/v2\/comments?post=4747"}],"version-history":[{"count":2,"href":"https:\/\/www.welovecycling.com\/pl\/wp-json\/wp\/v2\/posts\/4747\/revisions"}],"predecessor-version":[{"id":4842,"href":"https:\/\/www.welovecycling.com\/pl\/wp-json\/wp\/v2\/posts\/4747\/revisions\/4842"}],"wp:featuredmedia":[{"embeddable":true,"href":"https:\/\/www.welovecycling.com\/pl\/wp-json\/wp\/v2\/media\/4750"}],"wp:attachment":[{"href":"https:\/\/www.welovecycling.com\/pl\/wp-json\/wp\/v2\/media?parent=4747"}],"wp:term":[{"taxonomy":"category","embeddable":true,"href":"https:\/\/www.welovecycling.com\/pl\/wp-json\/wp\/v2\/categories?post=4747"},{"taxonomy":"post_tag","embeddable":true,"href":"https:\/\/www.welovecycling.com\/pl\/wp-json\/wp\/v2\/tags?post=4747"},{"taxonomy":"global-categories","embeddable":true,"href":"https:\/\/www.welovecycling.com\/pl\/wp-json\/wp\/v2\/global-categories?post=4747"}],"curies":[{"name":"wp","href":"https:\/\/api.w.org\/{rel}","templated":true}]}}