{"id":4717,"date":"2017-07-31T20:48:44","date_gmt":"2017-07-31T20:48:44","guid":{"rendered":"https:\/\/www.welovecycling.com\/pl\/?p=4717"},"modified":"2017-08-02T11:30:38","modified_gmt":"2017-08-02T11:30:38","slug":"o-dwoch-takich-zaplanowali-trase-tour-de-france","status":"publish","type":"post","link":"https:\/\/www.welovecycling.com\/pl\/2017\/07\/31\/o-dwoch-takich-zaplanowali-trase-tour-de-france\/","title":{"rendered":"O dw\u00f3ch takich, co zaplanowali tras\u0119 Tour de France"},"content":{"rendered":"<p><strong>Ma d\u0142ugo\u015b\u0107 3500 kmilometr\u00f3w, dzieli si\u0119 na 21 etap\u00f3w, trzeba na to po\u015bwi\u0119ci\u0107 jakie\u015b 3 tygodnie i przecina kilka granic pa\u0144stwowych. Co to jest? \u017bartujemy. S\u0105 to oczywi\u015bcie parametry Tour de France. Ka\u017cdy metr trasy tego wy\u015bcigu zosta\u0142 wybrany tylko przez dwie osoby. Ka\u017cdego roku w pa\u017adzierniku dyrektor Tour de France, Christian Prudhomme, og\u0142asza przebieg przysz\u0142orocznej trasy wraz ze swoim jedynym wsp\u00f3lnikiem, siedz\u0105cym obok niego Thierrym Gouvenou. Kim s\u0105 i jak udaje im si\u0119 samodzielnie zaplanowa\u0107 ka\u017cdy etap najwi\u0119kszej imprezy kolarskiej roku?<\/strong><br \/>\n<!--more--><\/p>\n<h2><strong>Tour potrzebuje gruntownej przemiany<\/strong><\/h2>\n<p><span style=\"font-weight: 400;\">Kiedy w 2007 r. Prudhomme zosta\u0142 dyrektorem imprezy, wy\u015bcig mia\u0142 bardzo przewidywalny format, a liczba skandali dopingowych ros\u0142a. Nadszed\u0142 czas na wprowadzenie powa\u017cnych zmian. Nowy dyrektor zintensyfikowa\u0142 dzia\u0142ania antydopingowe, ale &#8211; co wa\u017cniejsze &#8211; postanowi\u0142 zwr\u00f3ci\u0107 uwag\u0119 na tras\u0119, aby zapewni\u0107 kibicom co\u015b nowego i ekscytuj\u0105cego, a przed kolarzami stawia\u0107 nowe wyzwania. Na szcz\u0119\u015bcie nie jest w tych wysi\u0142kach sam.<\/span><\/p>\n<h2><strong>Dwuosobowy zesp\u00f3\u0142<\/strong><\/h2>\n<p><span style=\"font-weight: 400;\">Prudhomme, by\u0142y dziennikarz telewizyjny, doskonale wie, co to reflektory i kontrowersje. Ma do\u015bwiadczenie i ca\u0142o\u015bciow\u0105 wizj\u0119 tego, jak chce ukszta\u0142towa\u0107 Tour de France. Thierry Gouvenou bardzo dobrze go uzupe\u0142nia, poniewa\u017c jest by\u0142ym kolarzem zawodowym i uwielbia pracowa\u0107 w terenie, wprowadzaj\u0105c w \u017cycie wizj\u0119 Prudhomme&#8217;a. Dyrektor wyznacza g\u0142\u00f3wne miasta goszcz\u0105ce, a Gouvenou musi wtedy znale\u017a\u0107 konkretne drogi \u0142\u0105cz\u0105ce te punkty.<\/span><\/p>\n<p>&nbsp;<\/p>\n<figure id=\"attachment_160120\" aria-describedby=\"caption-attachment-160120\" style=\"width: 1250px\" class=\"wp-caption alignnone\"><a href=\"https:\/\/d2p6e6u75xmxt8.cloudfront.net\/5\/2017\/07\/profimedia-0339720410.jpg\"><img loading=\"lazy\" decoding=\"async\" class=\"size-full wp-image-4718\" src=\"https:\/\/d2p6e6u75xmxt8.cloudfront.net\/5\/2017\/07\/profimedia-0339720410.jpg\" alt=\"\" width=\"1250\" height=\"830\" srcset=\"https:\/\/d2p6e6u75xmxt8.cloudfront.net\/5\/2017\/07\/profimedia-0339720410.jpg 1250w, https:\/\/d2p6e6u75xmxt8.cloudfront.net\/5\/2017\/07\/profimedia-0339720410-300x199.jpg 300w, https:\/\/d2p6e6u75xmxt8.cloudfront.net\/5\/2017\/07\/profimedia-0339720410-768x510.jpg 768w, https:\/\/d2p6e6u75xmxt8.cloudfront.net\/5\/2017\/07\/profimedia-0339720410-1024x680.jpg 1024w, https:\/\/d2p6e6u75xmxt8.cloudfront.net\/5\/2017\/07\/profimedia-0339720410-272x182.jpg 272w\" sizes=\"auto, (max-width: 1250px) 100vw, 1250px\" \/><\/a><figcaption id=\"caption-attachment-160120\" class=\"wp-caption-text\"><span style=\"font-weight: 400;\">Burmistrz D\u00fcsseldorfu Thomas Geisel i dyrektor Tour de France Christian Prudhomme na fotografii zrobionej podczas konferencji prasowej w D\u00fcsseldorfie, 30 czerwca 2017 r.<\/span><\/figcaption><\/figure>\n<h2><strong>Zmienione etapy na przetrwanie<\/strong><\/h2>\n<p><span style=\"font-weight: 400;\">Szybko sta\u0142o si\u0119 jasne, \u017ce najwi\u0119ksze zmiany mo\u017cna wprowadzi\u0107 w etapach na przetrwanie. Zwykle by\u0142y to przewidywalne etapy p\u0142askie, a z punktu widzenia kibic\u00f3w ma\u0142o si\u0119 tam dzia\u0142o. Prudhomme postanowi\u0142 doda\u0107 dynamiczne strome finisze, zr\u00f3\u017cnicowane tereny, a nawet bruk. Nagle przestali liczy\u0107 si\u0119 tylko sprinterzy, a widzowie to pokochali.<\/span><\/p>\n<h2><strong>Sporz\u0105dzanie map<\/strong><\/h2>\n<p><span style=\"font-weight: 400;\">Po ustaleniu og\u00f3lnego zarysu Gouvenou zaczyna szuka\u0107 konkretnych dr\u00f3g, podjazd\u00f3w i odcink\u00f3w do sprintu. W miar\u0119 mo\u017cliwo\u015bci korzysta z nowoczesnych technologii, nie tylko przewidywalnych narz\u0119dzi, takich jak GPS czy Google Earth, ale nawet Strava, aby odkrywa\u0107 nowe drogi i podjazdy. Nawet\u00a0wtedy zawsze sam wyje\u017cd\u017ca na takie drogi. Podr\u00f3\u017cuje przez wiele tygodni, a do wrze\u015bnia ustala ca\u0142\u0105 tras\u0119 na przysz\u0142y rok.<\/span><\/p>\n<figure id=\"attachment_160121\" aria-describedby=\"caption-attachment-160121\" style=\"width: 1250px\" class=\"wp-caption alignnone\"><a href=\"https:\/\/d2p6e6u75xmxt8.cloudfront.net\/5\/2017\/07\/profimedia-0269461075.jpg\"><img loading=\"lazy\" decoding=\"async\" class=\"size-full wp-image-4720\" src=\"https:\/\/d2p6e6u75xmxt8.cloudfront.net\/5\/2017\/07\/profimedia-0269461075.jpg\" alt=\"\" width=\"1250\" height=\"833\" srcset=\"https:\/\/d2p6e6u75xmxt8.cloudfront.net\/5\/2017\/07\/profimedia-0269461075.jpg 1250w, https:\/\/d2p6e6u75xmxt8.cloudfront.net\/5\/2017\/07\/profimedia-0269461075-300x200.jpg 300w, https:\/\/d2p6e6u75xmxt8.cloudfront.net\/5\/2017\/07\/profimedia-0269461075-768x512.jpg 768w, https:\/\/d2p6e6u75xmxt8.cloudfront.net\/5\/2017\/07\/profimedia-0269461075-1024x682.jpg 1024w, https:\/\/d2p6e6u75xmxt8.cloudfront.net\/5\/2017\/07\/profimedia-0269461075-272x182.jpg 272w\" sizes=\"auto, (max-width: 1250px) 100vw, 1250px\" \/><\/a><figcaption id=\"caption-attachment-160121\" class=\"wp-caption-text\"><span style=\"font-weight: 400;\">Konferencja prasowa Thierry&#8217;ego Gouvenou w Wersalu 17 grudnia 2015 r. w celu przedstawienia trasy Pary\u017c-Nicea 2016<\/span><\/figcaption><\/figure>\n<h2><strong>Operacja wojskowa<\/strong><\/h2>\n<p><span style=\"font-weight: 400;\">Trzeba sprawdzi\u0107 te\u017c ka\u017cde miasto kandyduj\u0105ce i lini\u0119 mety, aby zobaczy\u0107, czy podo\u0142a ono zadaniu organizacji wy\u015bcigu. Nie chodzi przecie\u017c tylko o peleton 200 zawodnik\u00f3w, jest jeszcze ok. 5 tysi\u0119cy os\u00f3b z obs\u0142ugi i oko\u0142o 250 samochod\u00f3w towarzysz\u0105cych \u0160KODY. Za kulisami pracuje od 400 do 500 technik\u00f3w, le\u017cy tam do 20 kilometr\u00f3w kabla \u015bwiat\u0142owodowego, kt\u00f3ry nale\u017cy codziennie uk\u0142ada\u0107 z my\u015bl\u0105 o pomieszczeniach dla przedstawicieli telewizji i prasy. Na ka\u017cdy finisz potrzeba oko\u0142o 10 tysi\u0119cy metr\u00f3w kwadratowych<\/span><span style=\"font-weight: 400;\">\u00a0(2,5 akr\u00f3w) przestrzeni, cz\u0119sto przypomina to bardziej operacj\u0119 wojskow\u0105 ni\u017c imprez\u0119 sportow\u0105.<\/span><\/p>\n<h2><strong>Po zako\u0144czeniu<\/strong><\/h2>\n<p><span style=\"font-weight: 400;\">Gdy nadchodzi pa\u017adziernik, Prudhomme i Gouvenou s\u0105 gotowi zaprezentowa\u0107 swoj\u0105 prac\u0119. Jak powiedzia\u0142 kiedy\u015b Gouvenou: \u201ePlanowanie trasy ka\u017cdego roku jest wielkim wyzwaniem, ale gdy widzimy, \u017ce zawodnicy komentuj\u0105, i\u017c wygl\u0105da ona na ci\u0119\u017ck\u0105, wiemy, \u017ce wykonali\u015bmy dobr\u0105 robot\u0119\u201d.<\/span><\/p>\n","protected":false},"excerpt":{"rendered":"<p>Ma d\u0142ugo\u015b\u0107 3500 kmilometr\u00f3w, dzieli si\u0119 na 21 etap\u00f3w, trzeba na to po\u015bwi\u0119ci\u0107 jakie\u015b 3 tygodnie i przecina kilka granic [&hellip;]<\/p>\n","protected":false},"author":76,"featured_media":4722,"comment_status":"open","ping_status":"open","sticky":false,"template":"","format":"standard","meta":{"footnotes":""},"categories":[1],"tags":[77,163],"global-categories":[],"class_list":["post-4717","post","type-post","status-publish","format-standard","has-post-thumbnail","hentry","category-uncategorized","tag-tour-de-france","tag-tour-de-france-2017"],"yoast_head":"<!-- This site is optimized with the Yoast SEO Premium plugin v25.3 (Yoast SEO v25.9) - https:\/\/yoast.com\/wordpress\/plugins\/seo\/ -->\n<title>O dw\u00f3ch takich, co zaplanowali tras\u0119 Tour de France - \u0160koda We Love Cycling - Poland<\/title>\n<meta name=\"robots\" content=\"index, follow, max-snippet:-1, max-image-preview:large, max-video-preview:-1\" \/>\n<link rel=\"canonical\" href=\"https:\/\/www.welovecycling.com\/pl\/2017\/07\/31\/o-dwoch-takich-zaplanowali-trase-tour-de-france\/\" \/>\n<meta property=\"og:locale\" content=\"pl_PL\" \/>\n<meta property=\"og:type\" content=\"article\" \/>\n<meta property=\"og:title\" content=\"O dw\u00f3ch takich, co zaplanowali tras\u0119 Tour de France\" \/>\n<meta property=\"og:description\" content=\"Ma d\u0142ugo\u015b\u0107 3500 kmilometr\u00f3w, dzieli si\u0119 na 21 etap\u00f3w, trzeba na to po\u015bwi\u0119ci\u0107 jakie\u015b 3 tygodnie i przecina kilka granic [&hellip;]\" \/>\n<meta property=\"og:url\" content=\"https:\/\/www.welovecycling.com\/pl\/2017\/07\/31\/o-dwoch-takich-zaplanowali-trase-tour-de-france\/\" \/>\n<meta property=\"og:site_name\" content=\"\u0160koda We Love Cycling - Poland\" \/>\n<meta property=\"article:published_time\" content=\"2017-07-31T20:48:44+00:00\" \/>\n<meta property=\"article:modified_time\" content=\"2017-08-02T11:30:38+00:00\" \/>\n<meta property=\"og:image\" content=\"https:\/\/d2p6e6u75xmxt8.cloudfront.net\/5\/2017\/07\/profimedia-0342070243jpg.jpg\" \/>\n\t<meta property=\"og:image:width\" content=\"1800\" \/>\n\t<meta property=\"og:image:height\" content=\"785\" \/>\n\t<meta property=\"og:image:type\" content=\"image\/jpeg\" \/>\n<meta name=\"author\" content=\"piotrboczkowski\" \/>\n<meta name=\"twitter:card\" content=\"summary_large_image\" \/>\n<meta name=\"twitter:label1\" content=\"Written by\" \/>\n\t<meta name=\"twitter:data1\" content=\"WeLoveCycling\" \/>\n\t<meta name=\"twitter:label2\" content=\"Est. reading time\" \/>\n\t<meta name=\"twitter:data2\" content=\"3 minutes\" \/>\n<script type=\"application\/ld+json\" class=\"yoast-schema-graph\">{\"@context\":\"https:\/\/schema.org\",\"@graph\":[{\"@type\":\"WebPage\",\"@id\":\"https:\/\/www.welovecycling.com\/pl\/2017\/07\/31\/o-dwoch-takich-zaplanowali-trase-tour-de-france\/\",\"url\":\"https:\/\/www.welovecycling.com\/pl\/2017\/07\/31\/o-dwoch-takich-zaplanowali-trase-tour-de-france\/\",\"name\":\"O dw\u00f3ch takich, co zaplanowali tras\u0119 Tour de France - \u0160koda We Love Cycling - Poland\",\"isPartOf\":{\"@id\":\"https:\/\/www.welovecycling.com\/pl\/#website\"},\"primaryImageOfPage\":{\"@id\":\"https:\/\/www.welovecycling.com\/pl\/2017\/07\/31\/o-dwoch-takich-zaplanowali-trase-tour-de-france\/#primaryimage\"},\"image\":{\"@id\":\"https:\/\/www.welovecycling.com\/pl\/2017\/07\/31\/o-dwoch-takich-zaplanowali-trase-tour-de-france\/#primaryimage\"},\"thumbnailUrl\":\"https:\/\/d2p6e6u75xmxt8.cloudfront.net\/5\/2017\/07\/profimedia-0342070243jpg.jpg\",\"datePublished\":\"2017-07-31T20:48:44+00:00\",\"dateModified\":\"2017-08-02T11:30:38+00:00\",\"author\":{\"@id\":\"https:\/\/www.welovecycling.com\/pl\/#\/schema\/person\/0dba2d39da943db9df3fd8f4687e7f23\"},\"breadcrumb\":{\"@id\":\"https:\/\/www.welovecycling.com\/pl\/2017\/07\/31\/o-dwoch-takich-zaplanowali-trase-tour-de-france\/#breadcrumb\"},\"inLanguage\":\"pl-PL\",\"potentialAction\":[{\"@type\":\"ReadAction\",\"target\":[\"https:\/\/www.welovecycling.com\/pl\/2017\/07\/31\/o-dwoch-takich-zaplanowali-trase-tour-de-france\/\"]}]},{\"@type\":\"ImageObject\",\"inLanguage\":\"pl-PL\",\"@id\":\"https:\/\/www.welovecycling.com\/pl\/2017\/07\/31\/o-dwoch-takich-zaplanowali-trase-tour-de-france\/#primaryimage\",\"url\":\"https:\/\/d2p6e6u75xmxt8.cloudfront.net\/5\/2017\/07\/profimedia-0342070243jpg.jpg\",\"contentUrl\":\"https:\/\/d2p6e6u75xmxt8.cloudfront.net\/5\/2017\/07\/profimedia-0342070243jpg.jpg\",\"width\":1800,\"height\":785},{\"@type\":\"BreadcrumbList\",\"@id\":\"https:\/\/www.welovecycling.com\/pl\/2017\/07\/31\/o-dwoch-takich-zaplanowali-trase-tour-de-france\/#breadcrumb\",\"itemListElement\":[{\"@type\":\"ListItem\",\"position\":1,\"name\":\"Home\",\"item\":\"https:\/\/www.welovecycling.com\/pl\/\"},{\"@type\":\"ListItem\",\"position\":2,\"name\":\"O dw\u00f3ch takich, co zaplanowali tras\u0119 Tour de France\"}]},{\"@type\":\"WebSite\",\"@id\":\"https:\/\/www.welovecycling.com\/pl\/#website\",\"url\":\"https:\/\/www.welovecycling.com\/pl\/\",\"name\":\"\u0160koda We Love Cycling - Poland\",\"description\":\"\",\"potentialAction\":[{\"@type\":\"SearchAction\",\"target\":{\"@type\":\"EntryPoint\",\"urlTemplate\":\"https:\/\/www.welovecycling.com\/pl\/?s={search_term_string}\"},\"query-input\":{\"@type\":\"PropertyValueSpecification\",\"valueRequired\":true,\"valueName\":\"search_term_string\"}}],\"inLanguage\":\"pl-PL\"},{\"@type\":\"Person\",\"@id\":\"https:\/\/www.welovecycling.com\/pl\/#\/schema\/person\/0dba2d39da943db9df3fd8f4687e7f23\",\"name\":\"piotrboczkowski\",\"image\":{\"@type\":\"ImageObject\",\"inLanguage\":\"pl-PL\",\"@id\":\"https:\/\/www.welovecycling.com\/pl\/#\/schema\/person\/image\/\",\"url\":\"https:\/\/secure.gravatar.com\/avatar\/533caccae14752e03a2ce2d3fd62d1b98b93e1393c3195c27819e53344ca1ace?s=96&d=mm&r=g\",\"contentUrl\":\"https:\/\/secure.gravatar.com\/avatar\/533caccae14752e03a2ce2d3fd62d1b98b93e1393c3195c27819e53344ca1ace?s=96&d=mm&r=g\",\"caption\":\"piotrboczkowski\"},\"url\":\"https:\/\/www.welovecycling.com\/pl\/author\/piotrboczkowski\/\"}]}<\/script>\n<!-- \/ Yoast SEO Premium plugin. -->","yoast_head_json":{"title":"O dw\u00f3ch takich, co zaplanowali tras\u0119 Tour de France - \u0160koda We Love Cycling - Poland","robots":{"index":"index","follow":"follow","max-snippet":"max-snippet:-1","max-image-preview":"max-image-preview:large","max-video-preview":"max-video-preview:-1"},"canonical":"https:\/\/www.welovecycling.com\/pl\/2017\/07\/31\/o-dwoch-takich-zaplanowali-trase-tour-de-france\/","og_locale":"pl_PL","og_type":"article","og_title":"O dw\u00f3ch takich, co zaplanowali tras\u0119 Tour de France","og_description":"Ma d\u0142ugo\u015b\u0107 3500 kmilometr\u00f3w, dzieli si\u0119 na 21 etap\u00f3w, trzeba na to po\u015bwi\u0119ci\u0107 jakie\u015b 3 tygodnie i przecina kilka granic [&hellip;]","og_url":"https:\/\/www.welovecycling.com\/pl\/2017\/07\/31\/o-dwoch-takich-zaplanowali-trase-tour-de-france\/","og_site_name":"\u0160koda We Love Cycling - Poland","article_published_time":"2017-07-31T20:48:44+00:00","article_modified_time":"2017-08-02T11:30:38+00:00","og_image":[{"width":1800,"height":785,"url":"https:\/\/d2p6e6u75xmxt8.cloudfront.net\/5\/2017\/07\/profimedia-0342070243jpg.jpg","type":"image\/jpeg"}],"author":"piotrboczkowski","twitter_card":"summary_large_image","twitter_misc":{"Written by":"WeLoveCycling","Est. reading time":"3 minutes"},"schema":{"@context":"https:\/\/schema.org","@graph":[{"@type":"WebPage","@id":"https:\/\/www.welovecycling.com\/pl\/2017\/07\/31\/o-dwoch-takich-zaplanowali-trase-tour-de-france\/","url":"https:\/\/www.welovecycling.com\/pl\/2017\/07\/31\/o-dwoch-takich-zaplanowali-trase-tour-de-france\/","name":"O dw\u00f3ch takich, co zaplanowali tras\u0119 Tour de France - \u0160koda We Love Cycling - Poland","isPartOf":{"@id":"https:\/\/www.welovecycling.com\/pl\/#website"},"primaryImageOfPage":{"@id":"https:\/\/www.welovecycling.com\/pl\/2017\/07\/31\/o-dwoch-takich-zaplanowali-trase-tour-de-france\/#primaryimage"},"image":{"@id":"https:\/\/www.welovecycling.com\/pl\/2017\/07\/31\/o-dwoch-takich-zaplanowali-trase-tour-de-france\/#primaryimage"},"thumbnailUrl":"https:\/\/d2p6e6u75xmxt8.cloudfront.net\/5\/2017\/07\/profimedia-0342070243jpg.jpg","datePublished":"2017-07-31T20:48:44+00:00","dateModified":"2017-08-02T11:30:38+00:00","author":{"@id":"https:\/\/www.welovecycling.com\/pl\/#\/schema\/person\/0dba2d39da943db9df3fd8f4687e7f23"},"breadcrumb":{"@id":"https:\/\/www.welovecycling.com\/pl\/2017\/07\/31\/o-dwoch-takich-zaplanowali-trase-tour-de-france\/#breadcrumb"},"inLanguage":"pl-PL","potentialAction":[{"@type":"ReadAction","target":["https:\/\/www.welovecycling.com\/pl\/2017\/07\/31\/o-dwoch-takich-zaplanowali-trase-tour-de-france\/"]}]},{"@type":"ImageObject","inLanguage":"pl-PL","@id":"https:\/\/www.welovecycling.com\/pl\/2017\/07\/31\/o-dwoch-takich-zaplanowali-trase-tour-de-france\/#primaryimage","url":"https:\/\/d2p6e6u75xmxt8.cloudfront.net\/5\/2017\/07\/profimedia-0342070243jpg.jpg","contentUrl":"https:\/\/d2p6e6u75xmxt8.cloudfront.net\/5\/2017\/07\/profimedia-0342070243jpg.jpg","width":1800,"height":785},{"@type":"BreadcrumbList","@id":"https:\/\/www.welovecycling.com\/pl\/2017\/07\/31\/o-dwoch-takich-zaplanowali-trase-tour-de-france\/#breadcrumb","itemListElement":[{"@type":"ListItem","position":1,"name":"Home","item":"https:\/\/www.welovecycling.com\/pl\/"},{"@type":"ListItem","position":2,"name":"O dw\u00f3ch takich, co zaplanowali tras\u0119 Tour de France"}]},{"@type":"WebSite","@id":"https:\/\/www.welovecycling.com\/pl\/#website","url":"https:\/\/www.welovecycling.com\/pl\/","name":"\u0160koda We Love Cycling - Poland","description":"","potentialAction":[{"@type":"SearchAction","target":{"@type":"EntryPoint","urlTemplate":"https:\/\/www.welovecycling.com\/pl\/?s={search_term_string}"},"query-input":{"@type":"PropertyValueSpecification","valueRequired":true,"valueName":"search_term_string"}}],"inLanguage":"pl-PL"},{"@type":"Person","@id":"https:\/\/www.welovecycling.com\/pl\/#\/schema\/person\/0dba2d39da943db9df3fd8f4687e7f23","name":"piotrboczkowski","image":{"@type":"ImageObject","inLanguage":"pl-PL","@id":"https:\/\/www.welovecycling.com\/pl\/#\/schema\/person\/image\/","url":"https:\/\/secure.gravatar.com\/avatar\/533caccae14752e03a2ce2d3fd62d1b98b93e1393c3195c27819e53344ca1ace?s=96&d=mm&r=g","contentUrl":"https:\/\/secure.gravatar.com\/avatar\/533caccae14752e03a2ce2d3fd62d1b98b93e1393c3195c27819e53344ca1ace?s=96&d=mm&r=g","caption":"piotrboczkowski"},"url":"https:\/\/www.welovecycling.com\/pl\/author\/piotrboczkowski\/"}]}},"_links":{"self":[{"href":"https:\/\/www.welovecycling.com\/pl\/wp-json\/wp\/v2\/posts\/4717","targetHints":{"allow":["GET"]}}],"collection":[{"href":"https:\/\/www.welovecycling.com\/pl\/wp-json\/wp\/v2\/posts"}],"about":[{"href":"https:\/\/www.welovecycling.com\/pl\/wp-json\/wp\/v2\/types\/post"}],"author":[{"embeddable":true,"href":"https:\/\/www.welovecycling.com\/pl\/wp-json\/wp\/v2\/users\/76"}],"replies":[{"embeddable":true,"href":"https:\/\/www.welovecycling.com\/pl\/wp-json\/wp\/v2\/comments?post=4717"}],"version-history":[{"count":2,"href":"https:\/\/www.welovecycling.com\/pl\/wp-json\/wp\/v2\/posts\/4717\/revisions"}],"predecessor-version":[{"id":4739,"href":"https:\/\/www.welovecycling.com\/pl\/wp-json\/wp\/v2\/posts\/4717\/revisions\/4739"}],"wp:featuredmedia":[{"embeddable":true,"href":"https:\/\/www.welovecycling.com\/pl\/wp-json\/wp\/v2\/media\/4722"}],"wp:attachment":[{"href":"https:\/\/www.welovecycling.com\/pl\/wp-json\/wp\/v2\/media?parent=4717"}],"wp:term":[{"taxonomy":"category","embeddable":true,"href":"https:\/\/www.welovecycling.com\/pl\/wp-json\/wp\/v2\/categories?post=4717"},{"taxonomy":"post_tag","embeddable":true,"href":"https:\/\/www.welovecycling.com\/pl\/wp-json\/wp\/v2\/tags?post=4717"},{"taxonomy":"global-categories","embeddable":true,"href":"https:\/\/www.welovecycling.com\/pl\/wp-json\/wp\/v2\/global-categories?post=4717"}],"curies":[{"name":"wp","href":"https:\/\/api.w.org\/{rel}","templated":true}]}}