{"id":4681,"date":"2017-07-29T09:52:48","date_gmt":"2017-07-29T09:52:48","guid":{"rendered":"https:\/\/www.welovecycling.com\/pl\/?p=4681"},"modified":"2017-07-30T07:20:14","modified_gmt":"2017-07-30T07:20:14","slug":"klamstewko-yatesa-pomoglo-mu-wygrac-klasyfikacje-mlodziezowa-tour-de-france","status":"publish","type":"post","link":"https:\/\/www.welovecycling.com\/pl\/2017\/07\/29\/klamstewko-yatesa-pomoglo-mu-wygrac-klasyfikacje-mlodziezowa-tour-de-france\/","title":{"rendered":"K\u0142amstewko Yatesa pomog\u0142o mu wygra\u0107 klasyfikacj\u0119 m\u0142odzie\u017cow\u0105 Tour de France"},"content":{"rendered":"<p>Mo\u017ce zabrzmi to brutalnie, ale czasem ojcu musi przytrafi\u0107 si\u0119 nieszcz\u0119\u015bcie, by synowie w pe\u0142ni przekonali si\u0119 do swojej drogi \u017cycia. W tej historii pechowcem by\u0142 John Yates, a szcz\u0119\u015bliwcami jego synowe: Adam i Simon. Ten drugi w\u0142a\u015bnie spe\u0142ni\u0142 jedno z rodzinnych marze\u0144 \u2013 dor\u00f3wna\u0142 bratu bli\u017aniakowi i zosta\u0142 najlepszym m\u0142odzie\u017cowcem tegorocznego Tour de France!<\/p>\n<p><strong>Naci\u0105gni\u0119cie rzeczywisto\u015bci<\/strong><\/p>\n<p>To pewnie jedna z tych rodzin, gdzie nawet podczas Wigilii rozmawia si\u0119 o kolarstwie. Kto ma najlepsz\u0105 technik\u0119, kto najgenialniejszy zmys\u0142 taktyczny, a kto najlepiej rokuje na przysz\u0142o\u015b\u0107.\u00a0 Ale w domu Yates\u00f3w nie zawsze tak by\u0142o, bo ojciec mi\u0142o\u015b\u0107 do dw\u00f3ch k\u00f3\u0142ek wpoi\u0142 synom troch\u0119 przypadkowo, cho\u0107 podobno gen kolarski by\u0142 w nich od zawsze.<\/p>\n<p>Pan John sam trenowa\u0142 kolarstwo, ale pewnego dnia mia\u0142 wypadek \u2013 wpad\u0142 pod samoch\u00f3d i po\u0142ama\u0142 \u017cebra. Potrzebna by\u0142a rehabilitacja i du\u017co czasu. W domu nie m\u00f3g\u0142 jednak usiedzie\u0107 i ca\u0142y czas chodzi\u0142 ogl\u0105da\u0107 koleg\u00f3w, kt\u00f3rzy kr\u0119cili kilometry na Manchester Velodrome.<\/p>\n<p>Nie by\u0142 jednak sam, bo niemal zawsze towarzyszyli mu dwaj synowie \u2013 Adam i o kilka minut starszy Simon. Ch\u0142opcy ju\u017c wtedy czuli poci\u0105g do kolarstwa, a cz\u0119ste wizyty mi\u0119dzy zawodnikami tylko utwierdzi\u0142y ich w przekonaniu, \u017ce te\u017c chc\u0105 trenowa\u0107.<\/p>\n<p>Niestety, wi\u0105za\u0142o si\u0119 to z jednym ma\u0142ym k\u0142amstewkiem\u2026 By zaj\u0105\u0107 si\u0119 jazd\u0105 troch\u0119 powa\u017cniej, nale\u017ca\u0142o mie\u0107 sko\u0144czone dziesi\u0119\u0107 lat. \u2013 <em>A mi ci\u0105gle brakowa\u0142o kilku tygodni czy miesi\u0119cy, wi\u0119c musia\u0142em troch\u0119 naci\u0105gn\u0105\u0107 rzeczywisto\u015b\u0107<\/em> \u2013 przyzna\u0142 po latach Simon w rozmowie z Manchester Evening News.<\/p>\n<p>Dzi\u015b wszyscy s\u0105 szcz\u0119\u015bliwi, \u017ce k\u0142amstewko nie wysz\u0142o na jaw (a mo\u017ce wysz\u0142o, tylko nikt nie chcia\u0142 o tym g\u0142o\u015bno m\u00f3wi\u0107?), bo dzi\u0119ki temu klub Bury Clarion wychowa\u0142 dw\u00f3ch \u015bwietnych zawodnik\u00f3w.<\/p>\n<p><strong>Braterska zamiana<\/strong><\/p>\n<p>Adam m\u0142odzie\u017cowym zwyci\u0119zc\u0105 Tour de France zosta\u0142 w poprzednim roku, 12 miesi\u0119cy p\u00f3\u017aniej w bia\u0142ej koszulce na met\u0119 w Pary\u017cu wjecha\u0142 Simon, jako zawodnik Orica \u2013 Scott.<\/p>\n<p>Cho\u0107 gdyby chcieli zrobi\u0107 psikusa i zamieni\u0107 si\u0119 na podium, to niewiele os\u00f3b by to zauwa\u017cy\u0142o. Wystarczy czapeczka oraz okulary i ju\u017c Simon mo\u017ce by\u0107 Adamem, a Adam Simonem. Co wi\u0119cej, czasem ch\u0119tnie jeden z drugim by si\u0119 zamieni\u0142, by zrzuci\u0107 na brata cz\u0119\u015b\u0107 obowi\u0105zk\u00f3w. Szczeg\u00f3lnie tych zwi\u0105zanych z mediami. Taka ju\u017c ich uroda, \u017ce z dziennikarzami rozmawiaj\u0105 tylko z obowi\u0105zku.<\/p>\n<p>Tymczasem media ju\u017c od dawna chcia\u0142y o nich wiedzie\u0107 jak najwi\u0119cej, bo byli (i ci\u0105gle s\u0105) wielkimi nadziejami brytyjskiego kolarstwa. 25-letni zawodnicy zdobywali medale w m\u0142odzie\u017cowych imprezach, ale coraz cz\u0119\u015bciej rywalizuj\u0105 jak r\u00f3wny z r\u00f3wnym ze starymi wyjadaczami.<\/p>\n<p><strong>Bia\u0142a koszulka zosta\u0142a w domu<\/strong><\/p>\n<p>Simon zaliczy\u0142 ju\u017c wygran\u0105 etapow\u0105 w Vuelta a Espa\u00f1a, a Adam zwyci\u0119stwa w jednodniowych wy\u015bcigach. \u017badne z tych osi\u0105gni\u0119\u0107 nie mo\u017ce si\u0119 jednak r\u00f3wna\u0107 ze zdobyciem koszulki na tegorocznym Tour de France.<\/p>\n<p>\u201eBia\u0142a koszulka zosta\u0142a w domu\u201d \u2013 napisa\u0142 \u201eThe Guardian\u201d po zwyci\u0119stwie Simona Yatesa.<\/p>\n<p>Przypomnijmy, \u017ce tegoroczn\u0105 Wielk\u0105 P\u0119tl\u0119 wygra\u0142 Chris Froome, zielon\u0105 koszulk\u0119 za zwyci\u0119stwo w klasyfikacji punktowej (sponsorowanej przez \u0160KOD\u0118) zdoby\u0142 Michael Matthews, a najlepszym g\u00f3ralem zosta\u0142 Warren Barguil.<\/p>\n<p>(\u017ar\u00f3d\u0142o zdj\u0119\u0107: www.letour.fr \u00a9 ASO\/Pauline BALLET)<\/p>\n","protected":false},"excerpt":{"rendered":"<p>Mo\u017ce zabrzmi to brutalnie, ale czasem ojcu musi przytrafi\u0107 si\u0119 nieszcz\u0119\u015bcie, by synowie w pe\u0142ni przekonali si\u0119 do swojej drogi [&hellip;]<\/p>\n","protected":false},"author":76,"featured_media":4682,"comment_status":"open","ping_status":"open","sticky":false,"template":"","format":"standard","meta":{"footnotes":""},"categories":[1],"tags":[77,163],"global-categories":[],"class_list":["post-4681","post","type-post","status-publish","format-standard","has-post-thumbnail","hentry","category-uncategorized","tag-tour-de-france","tag-tour-de-france-2017"],"yoast_head":"<!-- This site is optimized with the Yoast SEO Premium plugin v25.3 (Yoast SEO v25.9) - https:\/\/yoast.com\/wordpress\/plugins\/seo\/ -->\n<title>K\u0142amstewko Yatesa pomog\u0142o mu wygra\u0107 klasyfikacj\u0119 m\u0142odzie\u017cow\u0105 Tour de France - \u0160koda We Love Cycling - Poland<\/title>\n<meta name=\"robots\" content=\"index, follow, max-snippet:-1, max-image-preview:large, max-video-preview:-1\" \/>\n<link rel=\"canonical\" href=\"https:\/\/www.welovecycling.com\/pl\/2017\/07\/29\/klamstewko-yatesa-pomoglo-mu-wygrac-klasyfikacje-mlodziezowa-tour-de-france\/\" \/>\n<meta property=\"og:locale\" content=\"pl_PL\" \/>\n<meta property=\"og:type\" content=\"article\" \/>\n<meta property=\"og:title\" content=\"K\u0142amstewko Yatesa pomog\u0142o mu wygra\u0107 klasyfikacj\u0119 m\u0142odzie\u017cow\u0105 Tour de France\" \/>\n<meta property=\"og:description\" content=\"Mo\u017ce zabrzmi to brutalnie, ale czasem ojcu musi przytrafi\u0107 si\u0119 nieszcz\u0119\u015bcie, by synowie w pe\u0142ni przekonali si\u0119 do swojej drogi [&hellip;]\" \/>\n<meta property=\"og:url\" content=\"https:\/\/www.welovecycling.com\/pl\/2017\/07\/29\/klamstewko-yatesa-pomoglo-mu-wygrac-klasyfikacje-mlodziezowa-tour-de-france\/\" \/>\n<meta property=\"og:site_name\" content=\"\u0160koda We Love Cycling - Poland\" \/>\n<meta property=\"article:published_time\" content=\"2017-07-29T09:52:48+00:00\" \/>\n<meta property=\"article:modified_time\" content=\"2017-07-30T07:20:14+00:00\" \/>\n<meta property=\"og:image\" content=\"https:\/\/d2p6e6u75xmxt8.cloudfront.net\/5\/2017\/07\/20170723446_231949.jpg\" \/>\n\t<meta property=\"og:image:width\" content=\"1000\" \/>\n\t<meta property=\"og:image:height\" content=\"666\" \/>\n\t<meta property=\"og:image:type\" content=\"image\/jpeg\" \/>\n<meta name=\"author\" content=\"piotrboczkowski\" \/>\n<meta name=\"twitter:card\" content=\"summary_large_image\" \/>\n<meta name=\"twitter:label1\" content=\"Written by\" \/>\n\t<meta name=\"twitter:data1\" content=\"WeLoveCycling\" \/>\n\t<meta name=\"twitter:label2\" content=\"Est. reading time\" \/>\n\t<meta name=\"twitter:data2\" content=\"3 minutes\" \/>\n<script type=\"application\/ld+json\" class=\"yoast-schema-graph\">{\"@context\":\"https:\/\/schema.org\",\"@graph\":[{\"@type\":\"WebPage\",\"@id\":\"https:\/\/www.welovecycling.com\/pl\/2017\/07\/29\/klamstewko-yatesa-pomoglo-mu-wygrac-klasyfikacje-mlodziezowa-tour-de-france\/\",\"url\":\"https:\/\/www.welovecycling.com\/pl\/2017\/07\/29\/klamstewko-yatesa-pomoglo-mu-wygrac-klasyfikacje-mlodziezowa-tour-de-france\/\",\"name\":\"K\u0142amstewko Yatesa pomog\u0142o mu wygra\u0107 klasyfikacj\u0119 m\u0142odzie\u017cow\u0105 Tour de France - \u0160koda We Love Cycling - Poland\",\"isPartOf\":{\"@id\":\"https:\/\/www.welovecycling.com\/pl\/#website\"},\"primaryImageOfPage\":{\"@id\":\"https:\/\/www.welovecycling.com\/pl\/2017\/07\/29\/klamstewko-yatesa-pomoglo-mu-wygrac-klasyfikacje-mlodziezowa-tour-de-france\/#primaryimage\"},\"image\":{\"@id\":\"https:\/\/www.welovecycling.com\/pl\/2017\/07\/29\/klamstewko-yatesa-pomoglo-mu-wygrac-klasyfikacje-mlodziezowa-tour-de-france\/#primaryimage\"},\"thumbnailUrl\":\"https:\/\/d2p6e6u75xmxt8.cloudfront.net\/5\/2017\/07\/20170723446_231949.jpg\",\"datePublished\":\"2017-07-29T09:52:48+00:00\",\"dateModified\":\"2017-07-30T07:20:14+00:00\",\"author\":{\"@id\":\"https:\/\/www.welovecycling.com\/pl\/#\/schema\/person\/0dba2d39da943db9df3fd8f4687e7f23\"},\"breadcrumb\":{\"@id\":\"https:\/\/www.welovecycling.com\/pl\/2017\/07\/29\/klamstewko-yatesa-pomoglo-mu-wygrac-klasyfikacje-mlodziezowa-tour-de-france\/#breadcrumb\"},\"inLanguage\":\"pl-PL\",\"potentialAction\":[{\"@type\":\"ReadAction\",\"target\":[\"https:\/\/www.welovecycling.com\/pl\/2017\/07\/29\/klamstewko-yatesa-pomoglo-mu-wygrac-klasyfikacje-mlodziezowa-tour-de-france\/\"]}]},{\"@type\":\"ImageObject\",\"inLanguage\":\"pl-PL\",\"@id\":\"https:\/\/www.welovecycling.com\/pl\/2017\/07\/29\/klamstewko-yatesa-pomoglo-mu-wygrac-klasyfikacje-mlodziezowa-tour-de-france\/#primaryimage\",\"url\":\"https:\/\/d2p6e6u75xmxt8.cloudfront.net\/5\/2017\/07\/20170723446_231949.jpg\",\"contentUrl\":\"https:\/\/d2p6e6u75xmxt8.cloudfront.net\/5\/2017\/07\/20170723446_231949.jpg\",\"width\":1000,\"height\":666,\"caption\":\"Tour de France 2017 - 23\/07\/2017 - Etape 21 - Montgeron \/ Paris Champs-Elys\u00e9es (103 km) - France - Warren BARGUIL (TEAM SUNWEB) - Super Combtif\"},{\"@type\":\"BreadcrumbList\",\"@id\":\"https:\/\/www.welovecycling.com\/pl\/2017\/07\/29\/klamstewko-yatesa-pomoglo-mu-wygrac-klasyfikacje-mlodziezowa-tour-de-france\/#breadcrumb\",\"itemListElement\":[{\"@type\":\"ListItem\",\"position\":1,\"name\":\"Home\",\"item\":\"https:\/\/www.welovecycling.com\/pl\/\"},{\"@type\":\"ListItem\",\"position\":2,\"name\":\"K\u0142amstewko Yatesa pomog\u0142o mu wygra\u0107 klasyfikacj\u0119 m\u0142odzie\u017cow\u0105 Tour de France\"}]},{\"@type\":\"WebSite\",\"@id\":\"https:\/\/www.welovecycling.com\/pl\/#website\",\"url\":\"https:\/\/www.welovecycling.com\/pl\/\",\"name\":\"\u0160koda We Love Cycling - Poland\",\"description\":\"\",\"potentialAction\":[{\"@type\":\"SearchAction\",\"target\":{\"@type\":\"EntryPoint\",\"urlTemplate\":\"https:\/\/www.welovecycling.com\/pl\/?s={search_term_string}\"},\"query-input\":{\"@type\":\"PropertyValueSpecification\",\"valueRequired\":true,\"valueName\":\"search_term_string\"}}],\"inLanguage\":\"pl-PL\"},{\"@type\":\"Person\",\"@id\":\"https:\/\/www.welovecycling.com\/pl\/#\/schema\/person\/0dba2d39da943db9df3fd8f4687e7f23\",\"name\":\"piotrboczkowski\",\"image\":{\"@type\":\"ImageObject\",\"inLanguage\":\"pl-PL\",\"@id\":\"https:\/\/www.welovecycling.com\/pl\/#\/schema\/person\/image\/\",\"url\":\"https:\/\/secure.gravatar.com\/avatar\/533caccae14752e03a2ce2d3fd62d1b98b93e1393c3195c27819e53344ca1ace?s=96&d=mm&r=g\",\"contentUrl\":\"https:\/\/secure.gravatar.com\/avatar\/533caccae14752e03a2ce2d3fd62d1b98b93e1393c3195c27819e53344ca1ace?s=96&d=mm&r=g\",\"caption\":\"piotrboczkowski\"},\"url\":\"https:\/\/www.welovecycling.com\/pl\/author\/piotrboczkowski\/\"}]}<\/script>\n<!-- \/ Yoast SEO Premium plugin. -->","yoast_head_json":{"title":"K\u0142amstewko Yatesa pomog\u0142o mu wygra\u0107 klasyfikacj\u0119 m\u0142odzie\u017cow\u0105 Tour de France - \u0160koda We Love Cycling - Poland","robots":{"index":"index","follow":"follow","max-snippet":"max-snippet:-1","max-image-preview":"max-image-preview:large","max-video-preview":"max-video-preview:-1"},"canonical":"https:\/\/www.welovecycling.com\/pl\/2017\/07\/29\/klamstewko-yatesa-pomoglo-mu-wygrac-klasyfikacje-mlodziezowa-tour-de-france\/","og_locale":"pl_PL","og_type":"article","og_title":"K\u0142amstewko Yatesa pomog\u0142o mu wygra\u0107 klasyfikacj\u0119 m\u0142odzie\u017cow\u0105 Tour de France","og_description":"Mo\u017ce zabrzmi to brutalnie, ale czasem ojcu musi przytrafi\u0107 si\u0119 nieszcz\u0119\u015bcie, by synowie w pe\u0142ni przekonali si\u0119 do swojej drogi [&hellip;]","og_url":"https:\/\/www.welovecycling.com\/pl\/2017\/07\/29\/klamstewko-yatesa-pomoglo-mu-wygrac-klasyfikacje-mlodziezowa-tour-de-france\/","og_site_name":"\u0160koda We Love Cycling - Poland","article_published_time":"2017-07-29T09:52:48+00:00","article_modified_time":"2017-07-30T07:20:14+00:00","og_image":[{"width":1000,"height":666,"url":"https:\/\/d2p6e6u75xmxt8.cloudfront.net\/5\/2017\/07\/20170723446_231949.jpg","type":"image\/jpeg"}],"author":"piotrboczkowski","twitter_card":"summary_large_image","twitter_misc":{"Written by":"WeLoveCycling","Est. reading time":"3 minutes"},"schema":{"@context":"https:\/\/schema.org","@graph":[{"@type":"WebPage","@id":"https:\/\/www.welovecycling.com\/pl\/2017\/07\/29\/klamstewko-yatesa-pomoglo-mu-wygrac-klasyfikacje-mlodziezowa-tour-de-france\/","url":"https:\/\/www.welovecycling.com\/pl\/2017\/07\/29\/klamstewko-yatesa-pomoglo-mu-wygrac-klasyfikacje-mlodziezowa-tour-de-france\/","name":"K\u0142amstewko Yatesa pomog\u0142o mu wygra\u0107 klasyfikacj\u0119 m\u0142odzie\u017cow\u0105 Tour de France - \u0160koda We Love Cycling - Poland","isPartOf":{"@id":"https:\/\/www.welovecycling.com\/pl\/#website"},"primaryImageOfPage":{"@id":"https:\/\/www.welovecycling.com\/pl\/2017\/07\/29\/klamstewko-yatesa-pomoglo-mu-wygrac-klasyfikacje-mlodziezowa-tour-de-france\/#primaryimage"},"image":{"@id":"https:\/\/www.welovecycling.com\/pl\/2017\/07\/29\/klamstewko-yatesa-pomoglo-mu-wygrac-klasyfikacje-mlodziezowa-tour-de-france\/#primaryimage"},"thumbnailUrl":"https:\/\/d2p6e6u75xmxt8.cloudfront.net\/5\/2017\/07\/20170723446_231949.jpg","datePublished":"2017-07-29T09:52:48+00:00","dateModified":"2017-07-30T07:20:14+00:00","author":{"@id":"https:\/\/www.welovecycling.com\/pl\/#\/schema\/person\/0dba2d39da943db9df3fd8f4687e7f23"},"breadcrumb":{"@id":"https:\/\/www.welovecycling.com\/pl\/2017\/07\/29\/klamstewko-yatesa-pomoglo-mu-wygrac-klasyfikacje-mlodziezowa-tour-de-france\/#breadcrumb"},"inLanguage":"pl-PL","potentialAction":[{"@type":"ReadAction","target":["https:\/\/www.welovecycling.com\/pl\/2017\/07\/29\/klamstewko-yatesa-pomoglo-mu-wygrac-klasyfikacje-mlodziezowa-tour-de-france\/"]}]},{"@type":"ImageObject","inLanguage":"pl-PL","@id":"https:\/\/www.welovecycling.com\/pl\/2017\/07\/29\/klamstewko-yatesa-pomoglo-mu-wygrac-klasyfikacje-mlodziezowa-tour-de-france\/#primaryimage","url":"https:\/\/d2p6e6u75xmxt8.cloudfront.net\/5\/2017\/07\/20170723446_231949.jpg","contentUrl":"https:\/\/d2p6e6u75xmxt8.cloudfront.net\/5\/2017\/07\/20170723446_231949.jpg","width":1000,"height":666,"caption":"Tour de France 2017 - 23\/07\/2017 - Etape 21 - Montgeron \/ Paris Champs-Elys\u00e9es (103 km) - France - Warren BARGUIL (TEAM SUNWEB) - Super Combtif"},{"@type":"BreadcrumbList","@id":"https:\/\/www.welovecycling.com\/pl\/2017\/07\/29\/klamstewko-yatesa-pomoglo-mu-wygrac-klasyfikacje-mlodziezowa-tour-de-france\/#breadcrumb","itemListElement":[{"@type":"ListItem","position":1,"name":"Home","item":"https:\/\/www.welovecycling.com\/pl\/"},{"@type":"ListItem","position":2,"name":"K\u0142amstewko Yatesa pomog\u0142o mu wygra\u0107 klasyfikacj\u0119 m\u0142odzie\u017cow\u0105 Tour de France"}]},{"@type":"WebSite","@id":"https:\/\/www.welovecycling.com\/pl\/#website","url":"https:\/\/www.welovecycling.com\/pl\/","name":"\u0160koda We Love Cycling - Poland","description":"","potentialAction":[{"@type":"SearchAction","target":{"@type":"EntryPoint","urlTemplate":"https:\/\/www.welovecycling.com\/pl\/?s={search_term_string}"},"query-input":{"@type":"PropertyValueSpecification","valueRequired":true,"valueName":"search_term_string"}}],"inLanguage":"pl-PL"},{"@type":"Person","@id":"https:\/\/www.welovecycling.com\/pl\/#\/schema\/person\/0dba2d39da943db9df3fd8f4687e7f23","name":"piotrboczkowski","image":{"@type":"ImageObject","inLanguage":"pl-PL","@id":"https:\/\/www.welovecycling.com\/pl\/#\/schema\/person\/image\/","url":"https:\/\/secure.gravatar.com\/avatar\/533caccae14752e03a2ce2d3fd62d1b98b93e1393c3195c27819e53344ca1ace?s=96&d=mm&r=g","contentUrl":"https:\/\/secure.gravatar.com\/avatar\/533caccae14752e03a2ce2d3fd62d1b98b93e1393c3195c27819e53344ca1ace?s=96&d=mm&r=g","caption":"piotrboczkowski"},"url":"https:\/\/www.welovecycling.com\/pl\/author\/piotrboczkowski\/"}]}},"_links":{"self":[{"href":"https:\/\/www.welovecycling.com\/pl\/wp-json\/wp\/v2\/posts\/4681","targetHints":{"allow":["GET"]}}],"collection":[{"href":"https:\/\/www.welovecycling.com\/pl\/wp-json\/wp\/v2\/posts"}],"about":[{"href":"https:\/\/www.welovecycling.com\/pl\/wp-json\/wp\/v2\/types\/post"}],"author":[{"embeddable":true,"href":"https:\/\/www.welovecycling.com\/pl\/wp-json\/wp\/v2\/users\/76"}],"replies":[{"embeddable":true,"href":"https:\/\/www.welovecycling.com\/pl\/wp-json\/wp\/v2\/comments?post=4681"}],"version-history":[{"count":2,"href":"https:\/\/www.welovecycling.com\/pl\/wp-json\/wp\/v2\/posts\/4681\/revisions"}],"predecessor-version":[{"id":4692,"href":"https:\/\/www.welovecycling.com\/pl\/wp-json\/wp\/v2\/posts\/4681\/revisions\/4692"}],"wp:featuredmedia":[{"embeddable":true,"href":"https:\/\/www.welovecycling.com\/pl\/wp-json\/wp\/v2\/media\/4682"}],"wp:attachment":[{"href":"https:\/\/www.welovecycling.com\/pl\/wp-json\/wp\/v2\/media?parent=4681"}],"wp:term":[{"taxonomy":"category","embeddable":true,"href":"https:\/\/www.welovecycling.com\/pl\/wp-json\/wp\/v2\/categories?post=4681"},{"taxonomy":"post_tag","embeddable":true,"href":"https:\/\/www.welovecycling.com\/pl\/wp-json\/wp\/v2\/tags?post=4681"},{"taxonomy":"global-categories","embeddable":true,"href":"https:\/\/www.welovecycling.com\/pl\/wp-json\/wp\/v2\/global-categories?post=4681"}],"curies":[{"name":"wp","href":"https:\/\/api.w.org\/{rel}","templated":true}]}}