{"id":4667,"date":"2017-07-27T20:20:09","date_gmt":"2017-07-27T20:20:09","guid":{"rendered":"https:\/\/www.welovecycling.com\/pl\/?p=4667"},"modified":"2017-07-29T06:51:10","modified_gmt":"2017-07-29T06:51:10","slug":"barguil-zwyciezca-ktorego-zatrzymala-nawet-73-letnia-brytyjka","status":"publish","type":"post","link":"https:\/\/www.welovecycling.com\/pl\/2017\/07\/27\/barguil-zwyciezca-ktorego-zatrzymala-nawet-73-letnia-brytyjka\/","title":{"rendered":"Barguil &#8211; zwyci\u0119zca, kt\u00f3rego nie zatrzyma\u0142a nawet 73-letnia Brytyjka"},"content":{"rendered":"<p>S\u0142ycha\u0107 by\u0142o tylko huk. W sze\u015bciu le\u017celi na asfalcie i sprawdzali, kt\u00f3ry odni\u00f3s\u0142 najci\u0119\u017csze obra\u017cenia. On akurat mia\u0142 szcz\u0119\u015bcie, cho\u0107 tylko po\u0142owiczne \u2013 szybko doszed\u0142 do siebie, wr\u00f3ci\u0142 do trening\u00f3w, ale dwa miesi\u0105ce przed Tour de France&#8230; z\u0142ama\u0142 grzebie\u0144 biodrowy. Za\u0142amanie? Zw\u0105tpienie? Z\u0142o\u017cenie broni? Nie, wr\u0119cz przeciwnie. Poznajcie Warrena Barguila, zwyci\u0119zc\u0119 klasyfikacji g\u00f3rskiej tegorocznej Wielkiej P\u0119tli!<\/p>\n<p>23 stycznia 2016 r. Pierwszy dzie\u0144 zgrupowania teamu Giant-Alpecin w Hiszpanii. Grupa kolarzy wraca\u0142a do hotelu, gdy nagle zacz\u0105\u0142 na nich jecha\u0107 samoch\u00f3d. Nie, nie by\u0142 to pirat drogowy, kt\u00f3ry postanowi\u0142 si\u0119 sprawdzi\u0107 na g\u00f3rskiej trasie, ani m\u0142odzieniaszek, kt\u00f3rego ponios\u0142a fantazja. Za kierownic\u0105 siedzia\u0142a 73-letnia Brytyjka.<\/p>\n<p>Nie szar\u017cowa\u0142a z nadmiern\u0105 pr\u0119dko\u015bci\u0105, ale kierowa\u0142a si\u0119 prosto w grup\u0119 kolarzy. Pow\u00f3d? Jecha\u0142a nie tym pasem co trzeba. Nie zd\u0105\u017cy\u0142a odbi\u0107, a zawodnicy nie mogli uciec, bo jechali ok. 50 km\/h, do tego droga nie mia\u0142a pobocza. Sko\u0144czy\u0142o si\u0119 czo\u0142owym zderzeniem.<\/p>\n<p><strong>Kolejny wypadek i walka z czasem<\/strong><\/p>\n<p>&#8211; 300 metr\u00f3w przed nami samoch\u00f3d wje\u017cd\u017ca\u0142 w zakr\u0119t, wi\u0119c my\u015bla\u0142em, \u017ce go wyrzuci\u0142o. Okaza\u0142o si\u0119 jednak, \u017ce nie jecha\u0142 zbyt szybko, ca\u0142y czas jednak po naszej stronie. Auto dopiero zacz\u0119\u0142o hamowa\u0107, kiedy dosz\u0142o do kolizji \u2013 t\u0142umaczy\u0142 dziennikarzom Barguil.<\/p>\n<p>&#8211; Le\u017celi\u015bmy na ziemi, patrzyli\u015bmy na siebie i pytali\u015bmy, czy wszystko w porz\u0105dku. Zapanowa\u0142 jeden wielki chaos. Chwil\u0119 po wypadku robili\u015bmy sobie z tego \u017carty, ale dopiero teraz zrozumia\u0142em, co si\u0119 tak naprawd\u0119 wydarzy\u0142o i jak to si\u0119 mog\u0142o dla nas sko\u0144czy\u0107 \u2013 doda\u0142 26-letni Francuz.<\/p>\n<p>Barguil mia\u0142 du\u017co szcz\u0119\u015bcia, bo tylko z\u0142ama\u0142 nadgarstek. Jego kolega Chad Haga d\u0142ugo le\u017ca\u0142 w szpitalu, a Johnowi Degenkolbowi grozi\u0142a utrata lewego palca. Za to Francuz ju\u017c kilka miesi\u0119cy p\u00f3\u017aniej startowa\u0142 w wy\u015bcigach.<\/p>\n<p>A\u017c do kwietnia 2017 r., gdy podczas Tour de Romandie upad\u0142 na mokrym, a miejscami tak\u017ce zmro\u017conym asfalcie i z\u0142ama\u0142 grzebie\u0144 biodrowy. Mimo takiej kontuzji rokowania by\u0142o dobre i zacz\u0105\u0142 si\u0119 wy\u015bcig z czasem. Cel? Zd\u0105\u017cy\u0107 na Tour de France, kt\u00f3ry zaczyna\u0142 si\u0119 za troch\u0119 wi\u0119cej ni\u017c dwa miesi\u0105ce.<\/p>\n<p>Barguil zacisn\u0105\u0142 z\u0119by, wzi\u0105\u0142 si\u0119 za rehabilitacj\u0119 i miesi\u0105c p\u00f3\u017aniej zacz\u0105\u0142 si\u0119 \u015bciga\u0107. Na Wielk\u0105 P\u0119tl\u0119 wr\u00f3ci\u0142 ju\u017c do formy. I to jakiej!<\/p>\n<p><strong>Rzeczywisto\u015b\u0107 przeros\u0142a marzenia<\/strong><\/p>\n<p>Na pocz\u0105tku drugiego tygodnia Tour de France Barguil przej\u0105\u0142 koszulk\u0119 w grochy (wcze\u015bniej jecha\u0142o w niej czterech kolarzy), a p\u00f3\u017aniej kr\u0119ci\u0142 ju\u017c tylko lepiej i po po\u0142owie wy\u015bcigu by\u0142 murowanym faworytem do wjechania do Pary\u017ca jako lider klasyfikacji g\u00f3rskiej.<\/p>\n<p>Bra\u0142 udzia\u0142 w wielu odjazdach, regularnie zbiera\u0142 punkty, a wisienk\u0105 na torcie by\u0142y dwa zwyci\u0119stwa etapowe. Ostatecznie uzbiera\u0142 a\u017c 169 punkt\u00f3w, a drugi po nim Primo\u017c Roglicz &#8211; 80. Mo\u017cna by\u0142o odnie\u015b\u0107 wra\u017cenie, \u017ce wi\u0119kszym problemem dla Francuza by\u0142o doj\u015bcie do siebie po &#8222;spotkaniu&#8221; z 73-letni\u0105 Brytyjk\u0105 ni\u017c odjechanie rywalom podczas Tour de France.<\/p>\n<p>&#8211; <em>Moim marzeniem by\u0142o wygra\u0107 etap Wielkiej P\u0119tli. Dwa zwyci\u0119stwa i triumf w klasyfikacji g\u00f3rskiej sprawi\u0142y, \u017ce rzeczywisto\u015b\u0107 przeros\u0142a marzenia. Tegoroczny Tour de France to dla mnie jakie\u015b absolutne szale\u0144stwo: jazda po Polach Elizejskich w koszulce w grochy, stanie na podium na wprost \u0141uku Triumfalnego&#8230; Co\u015b pi\u0119knego!<\/em> &#8211; nie kry\u0142 rado\u015bci na mecie Barguil.<\/p>\n<p>Przypomnijmy, \u017ce tegoroczny Tour de France wygra\u0142 Chris Froome, zielon\u0105 koszulk\u0119 za zwyci\u0119stwo w klasyfikacji punktowej (sponsorowan\u0105 przez \u0160KOD\u0118) zdoby\u0142 Michael Matthews, a bia\u0142\u0105 (dla najlepszego m\u0142odzie\u017cowca) &#8211; Simon Yates.<\/p>\n<p>(\u017ar\u00f3d\u0142o zdj\u0119\u0107: www.letour.fr \u00a9 ASO\/Pauline BALLET)<\/p>\n","protected":false},"excerpt":{"rendered":"<p>S\u0142ycha\u0107 by\u0142o tylko huk. W sze\u015bciu le\u017celi na asfalcie i sprawdzali, kt\u00f3ry odni\u00f3s\u0142 najci\u0119\u017csze obra\u017cenia. On akurat mia\u0142 szcz\u0119\u015bcie, cho\u0107 [&hellip;]<\/p>\n","protected":false},"author":76,"featured_media":4668,"comment_status":"open","ping_status":"open","sticky":false,"template":"","format":"standard","meta":{"footnotes":""},"categories":[1],"tags":[77,163],"global-categories":[],"class_list":["post-4667","post","type-post","status-publish","format-standard","has-post-thumbnail","hentry","category-uncategorized","tag-tour-de-france","tag-tour-de-france-2017"],"yoast_head":"<!-- This site is optimized with the Yoast SEO Premium plugin v25.3 (Yoast SEO v25.9) - https:\/\/yoast.com\/wordpress\/plugins\/seo\/ -->\n<title>Barguil - zwyci\u0119zca, kt\u00f3rego nie zatrzyma\u0142a nawet 73-letnia Brytyjka - \u0160koda We Love Cycling - Poland<\/title>\n<meta name=\"robots\" content=\"index, follow, max-snippet:-1, max-image-preview:large, max-video-preview:-1\" \/>\n<link rel=\"canonical\" href=\"https:\/\/www.welovecycling.com\/pl\/2017\/07\/27\/barguil-zwyciezca-ktorego-zatrzymala-nawet-73-letnia-brytyjka\/\" \/>\n<meta property=\"og:locale\" content=\"pl_PL\" \/>\n<meta property=\"og:type\" content=\"article\" \/>\n<meta property=\"og:title\" content=\"Barguil - zwyci\u0119zca, kt\u00f3rego nie zatrzyma\u0142a nawet 73-letnia Brytyjka\" \/>\n<meta property=\"og:description\" content=\"S\u0142ycha\u0107 by\u0142o tylko huk. W sze\u015bciu le\u017celi na asfalcie i sprawdzali, kt\u00f3ry odni\u00f3s\u0142 najci\u0119\u017csze obra\u017cenia. On akurat mia\u0142 szcz\u0119\u015bcie, cho\u0107 [&hellip;]\" \/>\n<meta property=\"og:url\" content=\"https:\/\/www.welovecycling.com\/pl\/2017\/07\/27\/barguil-zwyciezca-ktorego-zatrzymala-nawet-73-letnia-brytyjka\/\" \/>\n<meta property=\"og:site_name\" content=\"\u0160koda We Love Cycling - Poland\" \/>\n<meta property=\"article:published_time\" content=\"2017-07-27T20:20:09+00:00\" \/>\n<meta property=\"article:modified_time\" content=\"2017-07-29T06:51:10+00:00\" \/>\n<meta property=\"og:image\" content=\"https:\/\/d2p6e6u75xmxt8.cloudfront.net\/5\/2017\/07\/20170723434_231945.jpg\" \/>\n\t<meta property=\"og:image:width\" content=\"1000\" \/>\n\t<meta property=\"og:image:height\" content=\"666\" \/>\n\t<meta property=\"og:image:type\" content=\"image\/jpeg\" \/>\n<meta name=\"author\" content=\"piotrboczkowski\" \/>\n<meta name=\"twitter:card\" content=\"summary_large_image\" \/>\n<meta name=\"twitter:label1\" content=\"Written by\" \/>\n\t<meta name=\"twitter:data1\" content=\"WeLoveCycling\" \/>\n\t<meta name=\"twitter:label2\" content=\"Est. reading time\" \/>\n\t<meta name=\"twitter:data2\" content=\"3 minutes\" \/>\n<script type=\"application\/ld+json\" class=\"yoast-schema-graph\">{\"@context\":\"https:\/\/schema.org\",\"@graph\":[{\"@type\":\"WebPage\",\"@id\":\"https:\/\/www.welovecycling.com\/pl\/2017\/07\/27\/barguil-zwyciezca-ktorego-zatrzymala-nawet-73-letnia-brytyjka\/\",\"url\":\"https:\/\/www.welovecycling.com\/pl\/2017\/07\/27\/barguil-zwyciezca-ktorego-zatrzymala-nawet-73-letnia-brytyjka\/\",\"name\":\"Barguil - zwyci\u0119zca, kt\u00f3rego nie zatrzyma\u0142a nawet 73-letnia Brytyjka - \u0160koda We Love Cycling - Poland\",\"isPartOf\":{\"@id\":\"https:\/\/www.welovecycling.com\/pl\/#website\"},\"primaryImageOfPage\":{\"@id\":\"https:\/\/www.welovecycling.com\/pl\/2017\/07\/27\/barguil-zwyciezca-ktorego-zatrzymala-nawet-73-letnia-brytyjka\/#primaryimage\"},\"image\":{\"@id\":\"https:\/\/www.welovecycling.com\/pl\/2017\/07\/27\/barguil-zwyciezca-ktorego-zatrzymala-nawet-73-letnia-brytyjka\/#primaryimage\"},\"thumbnailUrl\":\"https:\/\/d2p6e6u75xmxt8.cloudfront.net\/5\/2017\/07\/20170723434_231945.jpg\",\"datePublished\":\"2017-07-27T20:20:09+00:00\",\"dateModified\":\"2017-07-29T06:51:10+00:00\",\"author\":{\"@id\":\"https:\/\/www.welovecycling.com\/pl\/#\/schema\/person\/0dba2d39da943db9df3fd8f4687e7f23\"},\"breadcrumb\":{\"@id\":\"https:\/\/www.welovecycling.com\/pl\/2017\/07\/27\/barguil-zwyciezca-ktorego-zatrzymala-nawet-73-letnia-brytyjka\/#breadcrumb\"},\"inLanguage\":\"pl-PL\",\"potentialAction\":[{\"@type\":\"ReadAction\",\"target\":[\"https:\/\/www.welovecycling.com\/pl\/2017\/07\/27\/barguil-zwyciezca-ktorego-zatrzymala-nawet-73-letnia-brytyjka\/\"]}]},{\"@type\":\"ImageObject\",\"inLanguage\":\"pl-PL\",\"@id\":\"https:\/\/www.welovecycling.com\/pl\/2017\/07\/27\/barguil-zwyciezca-ktorego-zatrzymala-nawet-73-letnia-brytyjka\/#primaryimage\",\"url\":\"https:\/\/d2p6e6u75xmxt8.cloudfront.net\/5\/2017\/07\/20170723434_231945.jpg\",\"contentUrl\":\"https:\/\/d2p6e6u75xmxt8.cloudfront.net\/5\/2017\/07\/20170723434_231945.jpg\",\"width\":1000,\"height\":666,\"caption\":\"Tour de France 2017 - 23\/07\/2017 - Etape 21 - Montgeron \/ Paris Champs-Elys\u00e9es (103 km) - France - Warren BARGUIL (TEAM SUNWEB) - Avec le maillot \u00e0 pois\"},{\"@type\":\"BreadcrumbList\",\"@id\":\"https:\/\/www.welovecycling.com\/pl\/2017\/07\/27\/barguil-zwyciezca-ktorego-zatrzymala-nawet-73-letnia-brytyjka\/#breadcrumb\",\"itemListElement\":[{\"@type\":\"ListItem\",\"position\":1,\"name\":\"Home\",\"item\":\"https:\/\/www.welovecycling.com\/pl\/\"},{\"@type\":\"ListItem\",\"position\":2,\"name\":\"Barguil &#8211; zwyci\u0119zca, kt\u00f3rego nie zatrzyma\u0142a nawet 73-letnia Brytyjka\"}]},{\"@type\":\"WebSite\",\"@id\":\"https:\/\/www.welovecycling.com\/pl\/#website\",\"url\":\"https:\/\/www.welovecycling.com\/pl\/\",\"name\":\"\u0160koda We Love Cycling - Poland\",\"description\":\"\",\"potentialAction\":[{\"@type\":\"SearchAction\",\"target\":{\"@type\":\"EntryPoint\",\"urlTemplate\":\"https:\/\/www.welovecycling.com\/pl\/?s={search_term_string}\"},\"query-input\":{\"@type\":\"PropertyValueSpecification\",\"valueRequired\":true,\"valueName\":\"search_term_string\"}}],\"inLanguage\":\"pl-PL\"},{\"@type\":\"Person\",\"@id\":\"https:\/\/www.welovecycling.com\/pl\/#\/schema\/person\/0dba2d39da943db9df3fd8f4687e7f23\",\"name\":\"piotrboczkowski\",\"image\":{\"@type\":\"ImageObject\",\"inLanguage\":\"pl-PL\",\"@id\":\"https:\/\/www.welovecycling.com\/pl\/#\/schema\/person\/image\/\",\"url\":\"https:\/\/secure.gravatar.com\/avatar\/533caccae14752e03a2ce2d3fd62d1b98b93e1393c3195c27819e53344ca1ace?s=96&d=mm&r=g\",\"contentUrl\":\"https:\/\/secure.gravatar.com\/avatar\/533caccae14752e03a2ce2d3fd62d1b98b93e1393c3195c27819e53344ca1ace?s=96&d=mm&r=g\",\"caption\":\"piotrboczkowski\"},\"url\":\"https:\/\/www.welovecycling.com\/pl\/author\/piotrboczkowski\/\"}]}<\/script>\n<!-- \/ Yoast SEO Premium plugin. -->","yoast_head_json":{"title":"Barguil - zwyci\u0119zca, kt\u00f3rego nie zatrzyma\u0142a nawet 73-letnia Brytyjka - \u0160koda We Love Cycling - Poland","robots":{"index":"index","follow":"follow","max-snippet":"max-snippet:-1","max-image-preview":"max-image-preview:large","max-video-preview":"max-video-preview:-1"},"canonical":"https:\/\/www.welovecycling.com\/pl\/2017\/07\/27\/barguil-zwyciezca-ktorego-zatrzymala-nawet-73-letnia-brytyjka\/","og_locale":"pl_PL","og_type":"article","og_title":"Barguil - zwyci\u0119zca, kt\u00f3rego nie zatrzyma\u0142a nawet 73-letnia Brytyjka","og_description":"S\u0142ycha\u0107 by\u0142o tylko huk. W sze\u015bciu le\u017celi na asfalcie i sprawdzali, kt\u00f3ry odni\u00f3s\u0142 najci\u0119\u017csze obra\u017cenia. On akurat mia\u0142 szcz\u0119\u015bcie, cho\u0107 [&hellip;]","og_url":"https:\/\/www.welovecycling.com\/pl\/2017\/07\/27\/barguil-zwyciezca-ktorego-zatrzymala-nawet-73-letnia-brytyjka\/","og_site_name":"\u0160koda We Love Cycling - Poland","article_published_time":"2017-07-27T20:20:09+00:00","article_modified_time":"2017-07-29T06:51:10+00:00","og_image":[{"width":1000,"height":666,"url":"https:\/\/d2p6e6u75xmxt8.cloudfront.net\/5\/2017\/07\/20170723434_231945.jpg","type":"image\/jpeg"}],"author":"piotrboczkowski","twitter_card":"summary_large_image","twitter_misc":{"Written by":"WeLoveCycling","Est. reading time":"3 minutes"},"schema":{"@context":"https:\/\/schema.org","@graph":[{"@type":"WebPage","@id":"https:\/\/www.welovecycling.com\/pl\/2017\/07\/27\/barguil-zwyciezca-ktorego-zatrzymala-nawet-73-letnia-brytyjka\/","url":"https:\/\/www.welovecycling.com\/pl\/2017\/07\/27\/barguil-zwyciezca-ktorego-zatrzymala-nawet-73-letnia-brytyjka\/","name":"Barguil - zwyci\u0119zca, kt\u00f3rego nie zatrzyma\u0142a nawet 73-letnia Brytyjka - \u0160koda We Love Cycling - Poland","isPartOf":{"@id":"https:\/\/www.welovecycling.com\/pl\/#website"},"primaryImageOfPage":{"@id":"https:\/\/www.welovecycling.com\/pl\/2017\/07\/27\/barguil-zwyciezca-ktorego-zatrzymala-nawet-73-letnia-brytyjka\/#primaryimage"},"image":{"@id":"https:\/\/www.welovecycling.com\/pl\/2017\/07\/27\/barguil-zwyciezca-ktorego-zatrzymala-nawet-73-letnia-brytyjka\/#primaryimage"},"thumbnailUrl":"https:\/\/d2p6e6u75xmxt8.cloudfront.net\/5\/2017\/07\/20170723434_231945.jpg","datePublished":"2017-07-27T20:20:09+00:00","dateModified":"2017-07-29T06:51:10+00:00","author":{"@id":"https:\/\/www.welovecycling.com\/pl\/#\/schema\/person\/0dba2d39da943db9df3fd8f4687e7f23"},"breadcrumb":{"@id":"https:\/\/www.welovecycling.com\/pl\/2017\/07\/27\/barguil-zwyciezca-ktorego-zatrzymala-nawet-73-letnia-brytyjka\/#breadcrumb"},"inLanguage":"pl-PL","potentialAction":[{"@type":"ReadAction","target":["https:\/\/www.welovecycling.com\/pl\/2017\/07\/27\/barguil-zwyciezca-ktorego-zatrzymala-nawet-73-letnia-brytyjka\/"]}]},{"@type":"ImageObject","inLanguage":"pl-PL","@id":"https:\/\/www.welovecycling.com\/pl\/2017\/07\/27\/barguil-zwyciezca-ktorego-zatrzymala-nawet-73-letnia-brytyjka\/#primaryimage","url":"https:\/\/d2p6e6u75xmxt8.cloudfront.net\/5\/2017\/07\/20170723434_231945.jpg","contentUrl":"https:\/\/d2p6e6u75xmxt8.cloudfront.net\/5\/2017\/07\/20170723434_231945.jpg","width":1000,"height":666,"caption":"Tour de France 2017 - 23\/07\/2017 - Etape 21 - Montgeron \/ Paris Champs-Elys\u00e9es (103 km) - France - Warren BARGUIL (TEAM SUNWEB) - Avec le maillot \u00e0 pois"},{"@type":"BreadcrumbList","@id":"https:\/\/www.welovecycling.com\/pl\/2017\/07\/27\/barguil-zwyciezca-ktorego-zatrzymala-nawet-73-letnia-brytyjka\/#breadcrumb","itemListElement":[{"@type":"ListItem","position":1,"name":"Home","item":"https:\/\/www.welovecycling.com\/pl\/"},{"@type":"ListItem","position":2,"name":"Barguil &#8211; zwyci\u0119zca, kt\u00f3rego nie zatrzyma\u0142a nawet 73-letnia Brytyjka"}]},{"@type":"WebSite","@id":"https:\/\/www.welovecycling.com\/pl\/#website","url":"https:\/\/www.welovecycling.com\/pl\/","name":"\u0160koda We Love Cycling - Poland","description":"","potentialAction":[{"@type":"SearchAction","target":{"@type":"EntryPoint","urlTemplate":"https:\/\/www.welovecycling.com\/pl\/?s={search_term_string}"},"query-input":{"@type":"PropertyValueSpecification","valueRequired":true,"valueName":"search_term_string"}}],"inLanguage":"pl-PL"},{"@type":"Person","@id":"https:\/\/www.welovecycling.com\/pl\/#\/schema\/person\/0dba2d39da943db9df3fd8f4687e7f23","name":"piotrboczkowski","image":{"@type":"ImageObject","inLanguage":"pl-PL","@id":"https:\/\/www.welovecycling.com\/pl\/#\/schema\/person\/image\/","url":"https:\/\/secure.gravatar.com\/avatar\/533caccae14752e03a2ce2d3fd62d1b98b93e1393c3195c27819e53344ca1ace?s=96&d=mm&r=g","contentUrl":"https:\/\/secure.gravatar.com\/avatar\/533caccae14752e03a2ce2d3fd62d1b98b93e1393c3195c27819e53344ca1ace?s=96&d=mm&r=g","caption":"piotrboczkowski"},"url":"https:\/\/www.welovecycling.com\/pl\/author\/piotrboczkowski\/"}]}},"_links":{"self":[{"href":"https:\/\/www.welovecycling.com\/pl\/wp-json\/wp\/v2\/posts\/4667","targetHints":{"allow":["GET"]}}],"collection":[{"href":"https:\/\/www.welovecycling.com\/pl\/wp-json\/wp\/v2\/posts"}],"about":[{"href":"https:\/\/www.welovecycling.com\/pl\/wp-json\/wp\/v2\/types\/post"}],"author":[{"embeddable":true,"href":"https:\/\/www.welovecycling.com\/pl\/wp-json\/wp\/v2\/users\/76"}],"replies":[{"embeddable":true,"href":"https:\/\/www.welovecycling.com\/pl\/wp-json\/wp\/v2\/comments?post=4667"}],"version-history":[{"count":2,"href":"https:\/\/www.welovecycling.com\/pl\/wp-json\/wp\/v2\/posts\/4667\/revisions"}],"predecessor-version":[{"id":4676,"href":"https:\/\/www.welovecycling.com\/pl\/wp-json\/wp\/v2\/posts\/4667\/revisions\/4676"}],"wp:featuredmedia":[{"embeddable":true,"href":"https:\/\/www.welovecycling.com\/pl\/wp-json\/wp\/v2\/media\/4668"}],"wp:attachment":[{"href":"https:\/\/www.welovecycling.com\/pl\/wp-json\/wp\/v2\/media?parent=4667"}],"wp:term":[{"taxonomy":"category","embeddable":true,"href":"https:\/\/www.welovecycling.com\/pl\/wp-json\/wp\/v2\/categories?post=4667"},{"taxonomy":"post_tag","embeddable":true,"href":"https:\/\/www.welovecycling.com\/pl\/wp-json\/wp\/v2\/tags?post=4667"},{"taxonomy":"global-categories","embeddable":true,"href":"https:\/\/www.welovecycling.com\/pl\/wp-json\/wp\/v2\/global-categories?post=4667"}],"curies":[{"name":"wp","href":"https:\/\/api.w.org\/{rel}","templated":true}]}}