{"id":4662,"date":"2017-07-26T21:16:56","date_gmt":"2017-07-26T21:16:56","guid":{"rendered":"https:\/\/www.welovecycling.com\/pl\/?p=4662"},"modified":"2017-07-29T08:04:46","modified_gmt":"2017-07-29T08:04:46","slug":"myslal-ze-ponury-zart-matthews-zwyciezca-scigania-naznaczonego-krwia","status":"publish","type":"post","link":"https:\/\/www.welovecycling.com\/pl\/2017\/07\/26\/myslal-ze-ponury-zart-matthews-zwyciezca-scigania-naznaczonego-krwia\/","title":{"rendered":"My\u015bla\u0142, \u017ce to ponury \u017cart\u2026 Matthews, zwyci\u0119zca \u015bcigania naznaczonego krwi\u0105"},"content":{"rendered":"<p>Australia \u2013 24 miliony mieszka\u0144c\u00f3w, 3 osoby na km\u00b2 i setki tysi\u0119cy kibic\u00f3w t\u0119skni\u0105cych za sprinterskimi sukcesami na Tour de France. I w ko\u0144cu si\u0119 doczekali \u2013 w tym roku Michael Matthews zdoby\u0142 zielon\u0105 koszulk\u0119 (sponsorowan\u0105 przez \u0160KOD\u0118) po walce naznaczonej rozczarowaniami, uporem, a nawet krwi\u0105.<\/p>\n<p>Za 27-letnim Matthewesem nie kryj\u0105 si\u0119 jakie\u015b ekscytuj\u0105ce historie. Nie zaczyna\u0142 w RPA jak Chris Froome, nie je\u017adzi\u0142 na rowerze po\u017cyczonym od siostry jak Peter Sagan, nie zbiera\u0142 samodzielnie pieni\u0119dzy na starty jak Mark Cavendish.<\/p>\n<p>Kariera Australijczyka od pocz\u0105tku by\u0142a przyk\u0142adnie pouk\u0142adana: ucz\u0119szcza\u0142 do australijskiej szko\u0142y dla kandydat\u00f3w na wybitnych sportowc\u00f3w, w 2010 r. wykr\u0119ci\u0142 m\u0142odzie\u017cowe mistrzostwo \u015bwiata i powoli wrzuca\u0142 coraz szybsze przerzutki kolarskiej kariery. Najpierw wygra\u0142 etapy w Vuelta a Espa\u00f1a, nast\u0119pnie Giro d\u2019Italia, a przed rokiem odni\u00f3s\u0142 to najwi\u0119ksze zwyci\u0119stwo etapowe, czyli w Tour de France.<\/p>\n<p><strong>Najwy\u017csze honory<\/strong><\/p>\n<p>W tegorocznej Wielkiej P\u0119tli wygra\u0142 dwa wy\u015bcigi, wi\u0119c brytyjski \u201eThe Guardian\u201d z pe\u0142n\u0105 odpowiedzialno\u015bci\u0105 obwie\u015bci\u0142 \u015bwiatu: \u201eRobbie McEwen [dwukrotny zdobywca zielonej koszulki TdF] mo\u017ce mie\u0107 pewno\u015b\u0107, \u017ce przysz\u0142o\u015b\u0107 australijskiego sprintu jest w dobrych r\u0119kach\u201d.<\/p>\n<p>Jednak nawet wtedy znawcy kolarstwa nie wiedzieli, \u017ce najwy\u017csze honory sprinterskie Matthews zdob\u0119dzie ju\u017c teraz.<\/p>\n<p>Sta\u0142o si\u0119 to jednak w niezwyk\u0142ych okoliczno\u015bciach. Tak niezwyk\u0142ych, \u017ce do pewnego momentu walka o zielon\u0105 koszulk\u0119 by\u0142a bardziej emocjonuj\u0105ca ni\u017c o \u017c\u00f3\u0142t\u0105. W klasyfikacji generalnej Froome jecha\u0142 jak po swoje, a w walce sprinter\u00f3w mieli\u015bmy dwa powa\u017cne zwroty akcji.<\/p>\n<p><strong>Ponury \u017cart<\/strong><\/p>\n<p>\u201eNa tym \u015bwiecie pewne s\u0105 tylko dwie rzeczy: \u015bmier\u0107 i podatki \u2013 m\u00f3wi\u0142 Benjamin Franklin. Gdyby ameryka\u0144ski polityk \u017cy\u0142 dzi\u015b, to musia\u0142by doda\u0107 do tego zestawu tak\u017ce zwyci\u0119stwo Sagana w klasyfikacji punktowej Tour de France\u201d \u2013 pisali\u015bmy rok temu. S\u0142owak teraz zn\u00f3w by\u0142 murowanym kandydatem (sz\u00f3sta wygrana pozwoli\u0142aby mu przej\u015b\u0107 do historii), ale sam sobie te szans\u0119 odebra\u0142. Na finiszu czwartego etapu pchn\u0105\u0142 (uderzy\u0142?) Marka Cavendisha i zosta\u0142 wykluczony z wy\u015bcigu. Sagan spakowa\u0142 si\u0119, pojecha\u0142 do domu, a rol\u0119 faworyta przej\u0105\u0142 Marcel Kittel.<\/p>\n<p>I wywi\u0105zywa\u0142 si\u0119 z niej doskonale a\u017c do 17. etapu. W\u00f3wczas dosz\u0142o do kraksy. Poraniony Niemiec pr\u00f3bowa\u0142 jeszcze dojecha\u0107 do mety, ale przegra\u0142 z b\u00f3lem. I w taki spos\u00f3b Matthews z nie\u015bmia\u0142ego kandydata do zielonej koszulki sta\u0142 si\u0119 murowanym faworytem.<\/p>\n<p>&#8211;\u00a0<em>W radiu us\u0142ysza\u0142em, \u017ce Marcel upad\u0142, ale nie wiedzia\u0142em, \u017ce a\u017c tak gro\u017anie. Naprawd\u0119 mia\u0142em nadziej\u0119, \u017ce wszystko z nim OK. P\u00f3\u017aniej przysz\u0142a wiadomo\u015b\u0107, \u017ce si\u0119 wycofa\u0142. Z pocz\u0105tku my\u015bla\u0142em, \u017ce to jaki\u015b ponury \u017cart\u2026 Nie jest mi\u0142o przejmowa\u0107 zielon\u0105 koszulk\u0119 w takich okoliczno\u015bciach, ale z drugiej strony ci\u0119\u017cko o ni\u0105 walczy\u0142em<\/em>\u00a0\u2013 m\u00f3wi\u0142 Matthews.<\/p>\n<p>A The Guardian napisa\u0142: \u201ePo d\u0142ugich latach posuchy zielona koszulka zn\u00f3w trafi\u0142a na ramiona Australijczyka. Zwyci\u0119stwo Matthewsa to wielka lekcja wytrwa\u0142o\u015bci\u201d.<\/p>\n<p>Za zwyci\u0119stwem Matthewsa stoi szef Team Sunweb \u2013 Luke Roberts, mistrz olimpijski z Aten i trzykrotny mistrz \u015bwiata. To on w najdrobniejszym szczeg\u00f3le opracowa\u0142 taktyk\u0119, kt\u00f3ra z etapu na etap przynosi\u0142a coraz lepsze efekty.<\/p>\n<p><strong>Czas na \u201egeneralk\u0119\u201d?<\/strong><\/p>\n<p>Czas i ci\u0119\u017ck\u0105 prac\u0119 w Matthewsa przed laty zainwestowa\u0142 te\u017c trener Matt White. To on doprowadzi\u0142 go do m\u0142odzie\u017cowego mistrzostwa \u015bwiata, a teraz roztacza przed Australijczykiem wizj\u0119 kolejnych sukces\u00f3w. \u2013 Nie wiem, jak zdecyduje si\u0119 poprowadzi\u0107 karier\u0119, ale ten ch\u0142opak naprawd\u0119 jest w stanie wygra\u0107 nawet klasyfikacj\u0119 generaln\u0105 Tour de France \u2013 m\u00f3wi\u0142 White, cytowany przez \u201eSydney Morning Herald\u201d.<\/p>\n<p>Przypomnijmy, \u017ce tegoroczny Tour de France wygra\u0142 Chris Froome, koszulk\u0119 w grochy (klasyfikacja g\u00f3rali) zdoby\u0142 Warren Barguil, a bia\u0142\u0105 (dla najlepszego m\u0142odzie\u017cowca) &#8211; Simon Yates.<\/p>\n<p>(\u017ar\u00f3d\u0142o zdj\u0119\u0107:\u00a0www.letour.fr\u00a0\u00a9 ASO\/Bruno BADE)<\/p>\n","protected":false},"excerpt":{"rendered":"<p>Australia \u2013 24 miliony mieszka\u0144c\u00f3w, 3 osoby na km\u00b2 i setki tysi\u0119cy kibic\u00f3w t\u0119skni\u0105cych za sprinterskimi sukcesami na Tour de [&hellip;]<\/p>\n","protected":false},"author":76,"featured_media":4661,"comment_status":"open","ping_status":"open","sticky":false,"template":"","format":"standard","meta":{"footnotes":""},"categories":[1],"tags":[77,163],"global-categories":[],"class_list":["post-4662","post","type-post","status-publish","format-standard","has-post-thumbnail","hentry","category-uncategorized","tag-tour-de-france","tag-tour-de-france-2017"],"yoast_head":"<!-- This site is optimized with the Yoast SEO Premium plugin v25.3 (Yoast SEO v25.9) - https:\/\/yoast.com\/wordpress\/plugins\/seo\/ -->\n<title>My\u015bla\u0142, \u017ce to ponury \u017cart\u2026 Matthews, zwyci\u0119zca \u015bcigania naznaczonego krwi\u0105 - \u0160koda We Love Cycling - Poland<\/title>\n<meta name=\"robots\" content=\"index, follow, max-snippet:-1, max-image-preview:large, max-video-preview:-1\" \/>\n<link rel=\"canonical\" href=\"https:\/\/www.welovecycling.com\/pl\/2017\/07\/26\/myslal-ze-ponury-zart-matthews-zwyciezca-scigania-naznaczonego-krwia\/\" \/>\n<meta property=\"og:locale\" content=\"pl_PL\" \/>\n<meta property=\"og:type\" content=\"article\" \/>\n<meta property=\"og:title\" content=\"My\u015bla\u0142, \u017ce to ponury \u017cart\u2026 Matthews, zwyci\u0119zca \u015bcigania naznaczonego krwi\u0105\" \/>\n<meta property=\"og:description\" content=\"Australia \u2013 24 miliony mieszka\u0144c\u00f3w, 3 osoby na km\u00b2 i setki tysi\u0119cy kibic\u00f3w t\u0119skni\u0105cych za sprinterskimi sukcesami na Tour de [&hellip;]\" \/>\n<meta property=\"og:url\" content=\"https:\/\/www.welovecycling.com\/pl\/2017\/07\/26\/myslal-ze-ponury-zart-matthews-zwyciezca-scigania-naznaczonego-krwia\/\" \/>\n<meta property=\"og:site_name\" content=\"\u0160koda We Love Cycling - Poland\" \/>\n<meta property=\"article:published_time\" content=\"2017-07-26T21:16:56+00:00\" \/>\n<meta property=\"article:modified_time\" content=\"2017-07-29T08:04:46+00:00\" \/>\n<meta property=\"og:image\" content=\"https:\/\/d2p6e6u75xmxt8.cloudfront.net\/5\/2017\/07\/20170723488_231943.jpg\" \/>\n\t<meta property=\"og:image:width\" content=\"1000\" \/>\n\t<meta property=\"og:image:height\" content=\"666\" \/>\n\t<meta property=\"og:image:type\" content=\"image\/jpeg\" \/>\n<meta name=\"author\" content=\"piotrboczkowski\" \/>\n<meta name=\"twitter:card\" content=\"summary_large_image\" \/>\n<meta name=\"twitter:label1\" content=\"Written by\" \/>\n\t<meta name=\"twitter:data1\" content=\"WeLoveCycling\" \/>\n\t<meta name=\"twitter:label2\" content=\"Est. reading time\" \/>\n\t<meta name=\"twitter:data2\" content=\"3 minutes\" \/>\n<script type=\"application\/ld+json\" class=\"yoast-schema-graph\">{\"@context\":\"https:\/\/schema.org\",\"@graph\":[{\"@type\":\"WebPage\",\"@id\":\"https:\/\/www.welovecycling.com\/pl\/2017\/07\/26\/myslal-ze-ponury-zart-matthews-zwyciezca-scigania-naznaczonego-krwia\/\",\"url\":\"https:\/\/www.welovecycling.com\/pl\/2017\/07\/26\/myslal-ze-ponury-zart-matthews-zwyciezca-scigania-naznaczonego-krwia\/\",\"name\":\"My\u015bla\u0142, \u017ce to ponury \u017cart\u2026 Matthews, zwyci\u0119zca \u015bcigania naznaczonego krwi\u0105 - \u0160koda We Love Cycling - Poland\",\"isPartOf\":{\"@id\":\"https:\/\/www.welovecycling.com\/pl\/#website\"},\"primaryImageOfPage\":{\"@id\":\"https:\/\/www.welovecycling.com\/pl\/2017\/07\/26\/myslal-ze-ponury-zart-matthews-zwyciezca-scigania-naznaczonego-krwia\/#primaryimage\"},\"image\":{\"@id\":\"https:\/\/www.welovecycling.com\/pl\/2017\/07\/26\/myslal-ze-ponury-zart-matthews-zwyciezca-scigania-naznaczonego-krwia\/#primaryimage\"},\"thumbnailUrl\":\"https:\/\/d2p6e6u75xmxt8.cloudfront.net\/5\/2017\/07\/20170723488_231943.jpg\",\"datePublished\":\"2017-07-26T21:16:56+00:00\",\"dateModified\":\"2017-07-29T08:04:46+00:00\",\"author\":{\"@id\":\"https:\/\/www.welovecycling.com\/pl\/#\/schema\/person\/0dba2d39da943db9df3fd8f4687e7f23\"},\"breadcrumb\":{\"@id\":\"https:\/\/www.welovecycling.com\/pl\/2017\/07\/26\/myslal-ze-ponury-zart-matthews-zwyciezca-scigania-naznaczonego-krwia\/#breadcrumb\"},\"inLanguage\":\"pl-PL\",\"potentialAction\":[{\"@type\":\"ReadAction\",\"target\":[\"https:\/\/www.welovecycling.com\/pl\/2017\/07\/26\/myslal-ze-ponury-zart-matthews-zwyciezca-scigania-naznaczonego-krwia\/\"]}]},{\"@type\":\"ImageObject\",\"inLanguage\":\"pl-PL\",\"@id\":\"https:\/\/www.welovecycling.com\/pl\/2017\/07\/26\/myslal-ze-ponury-zart-matthews-zwyciezca-scigania-naznaczonego-krwia\/#primaryimage\",\"url\":\"https:\/\/d2p6e6u75xmxt8.cloudfront.net\/5\/2017\/07\/20170723488_231943.jpg\",\"contentUrl\":\"https:\/\/d2p6e6u75xmxt8.cloudfront.net\/5\/2017\/07\/20170723488_231943.jpg\",\"width\":1000,\"height\":666,\"caption\":\"Tour de France 2017 - 23\/07\/2017 - Etape 21 - Montgeron \/ Paris Champs-Elys\u00e9es (103 km) - France - Michael MATTHEWS (TEAM SUNWEB) - Maillot vert\"},{\"@type\":\"BreadcrumbList\",\"@id\":\"https:\/\/www.welovecycling.com\/pl\/2017\/07\/26\/myslal-ze-ponury-zart-matthews-zwyciezca-scigania-naznaczonego-krwia\/#breadcrumb\",\"itemListElement\":[{\"@type\":\"ListItem\",\"position\":1,\"name\":\"Home\",\"item\":\"https:\/\/www.welovecycling.com\/pl\/\"},{\"@type\":\"ListItem\",\"position\":2,\"name\":\"My\u015bla\u0142, \u017ce to ponury \u017cart\u2026 Matthews, zwyci\u0119zca \u015bcigania naznaczonego krwi\u0105\"}]},{\"@type\":\"WebSite\",\"@id\":\"https:\/\/www.welovecycling.com\/pl\/#website\",\"url\":\"https:\/\/www.welovecycling.com\/pl\/\",\"name\":\"\u0160koda We Love Cycling - Poland\",\"description\":\"\",\"potentialAction\":[{\"@type\":\"SearchAction\",\"target\":{\"@type\":\"EntryPoint\",\"urlTemplate\":\"https:\/\/www.welovecycling.com\/pl\/?s={search_term_string}\"},\"query-input\":{\"@type\":\"PropertyValueSpecification\",\"valueRequired\":true,\"valueName\":\"search_term_string\"}}],\"inLanguage\":\"pl-PL\"},{\"@type\":\"Person\",\"@id\":\"https:\/\/www.welovecycling.com\/pl\/#\/schema\/person\/0dba2d39da943db9df3fd8f4687e7f23\",\"name\":\"piotrboczkowski\",\"image\":{\"@type\":\"ImageObject\",\"inLanguage\":\"pl-PL\",\"@id\":\"https:\/\/www.welovecycling.com\/pl\/#\/schema\/person\/image\/\",\"url\":\"https:\/\/secure.gravatar.com\/avatar\/533caccae14752e03a2ce2d3fd62d1b98b93e1393c3195c27819e53344ca1ace?s=96&d=mm&r=g\",\"contentUrl\":\"https:\/\/secure.gravatar.com\/avatar\/533caccae14752e03a2ce2d3fd62d1b98b93e1393c3195c27819e53344ca1ace?s=96&d=mm&r=g\",\"caption\":\"piotrboczkowski\"},\"url\":\"https:\/\/www.welovecycling.com\/pl\/author\/piotrboczkowski\/\"}]}<\/script>\n<!-- \/ Yoast SEO Premium plugin. -->","yoast_head_json":{"title":"My\u015bla\u0142, \u017ce to ponury \u017cart\u2026 Matthews, zwyci\u0119zca \u015bcigania naznaczonego krwi\u0105 - \u0160koda We Love Cycling - Poland","robots":{"index":"index","follow":"follow","max-snippet":"max-snippet:-1","max-image-preview":"max-image-preview:large","max-video-preview":"max-video-preview:-1"},"canonical":"https:\/\/www.welovecycling.com\/pl\/2017\/07\/26\/myslal-ze-ponury-zart-matthews-zwyciezca-scigania-naznaczonego-krwia\/","og_locale":"pl_PL","og_type":"article","og_title":"My\u015bla\u0142, \u017ce to ponury \u017cart\u2026 Matthews, zwyci\u0119zca \u015bcigania naznaczonego krwi\u0105","og_description":"Australia \u2013 24 miliony mieszka\u0144c\u00f3w, 3 osoby na km\u00b2 i setki tysi\u0119cy kibic\u00f3w t\u0119skni\u0105cych za sprinterskimi sukcesami na Tour de [&hellip;]","og_url":"https:\/\/www.welovecycling.com\/pl\/2017\/07\/26\/myslal-ze-ponury-zart-matthews-zwyciezca-scigania-naznaczonego-krwia\/","og_site_name":"\u0160koda We Love Cycling - Poland","article_published_time":"2017-07-26T21:16:56+00:00","article_modified_time":"2017-07-29T08:04:46+00:00","og_image":[{"width":1000,"height":666,"url":"https:\/\/d2p6e6u75xmxt8.cloudfront.net\/5\/2017\/07\/20170723488_231943.jpg","type":"image\/jpeg"}],"author":"piotrboczkowski","twitter_card":"summary_large_image","twitter_misc":{"Written by":"WeLoveCycling","Est. reading time":"3 minutes"},"schema":{"@context":"https:\/\/schema.org","@graph":[{"@type":"WebPage","@id":"https:\/\/www.welovecycling.com\/pl\/2017\/07\/26\/myslal-ze-ponury-zart-matthews-zwyciezca-scigania-naznaczonego-krwia\/","url":"https:\/\/www.welovecycling.com\/pl\/2017\/07\/26\/myslal-ze-ponury-zart-matthews-zwyciezca-scigania-naznaczonego-krwia\/","name":"My\u015bla\u0142, \u017ce to ponury \u017cart\u2026 Matthews, zwyci\u0119zca \u015bcigania naznaczonego krwi\u0105 - \u0160koda We Love Cycling - Poland","isPartOf":{"@id":"https:\/\/www.welovecycling.com\/pl\/#website"},"primaryImageOfPage":{"@id":"https:\/\/www.welovecycling.com\/pl\/2017\/07\/26\/myslal-ze-ponury-zart-matthews-zwyciezca-scigania-naznaczonego-krwia\/#primaryimage"},"image":{"@id":"https:\/\/www.welovecycling.com\/pl\/2017\/07\/26\/myslal-ze-ponury-zart-matthews-zwyciezca-scigania-naznaczonego-krwia\/#primaryimage"},"thumbnailUrl":"https:\/\/d2p6e6u75xmxt8.cloudfront.net\/5\/2017\/07\/20170723488_231943.jpg","datePublished":"2017-07-26T21:16:56+00:00","dateModified":"2017-07-29T08:04:46+00:00","author":{"@id":"https:\/\/www.welovecycling.com\/pl\/#\/schema\/person\/0dba2d39da943db9df3fd8f4687e7f23"},"breadcrumb":{"@id":"https:\/\/www.welovecycling.com\/pl\/2017\/07\/26\/myslal-ze-ponury-zart-matthews-zwyciezca-scigania-naznaczonego-krwia\/#breadcrumb"},"inLanguage":"pl-PL","potentialAction":[{"@type":"ReadAction","target":["https:\/\/www.welovecycling.com\/pl\/2017\/07\/26\/myslal-ze-ponury-zart-matthews-zwyciezca-scigania-naznaczonego-krwia\/"]}]},{"@type":"ImageObject","inLanguage":"pl-PL","@id":"https:\/\/www.welovecycling.com\/pl\/2017\/07\/26\/myslal-ze-ponury-zart-matthews-zwyciezca-scigania-naznaczonego-krwia\/#primaryimage","url":"https:\/\/d2p6e6u75xmxt8.cloudfront.net\/5\/2017\/07\/20170723488_231943.jpg","contentUrl":"https:\/\/d2p6e6u75xmxt8.cloudfront.net\/5\/2017\/07\/20170723488_231943.jpg","width":1000,"height":666,"caption":"Tour de France 2017 - 23\/07\/2017 - Etape 21 - Montgeron \/ Paris Champs-Elys\u00e9es (103 km) - France - Michael MATTHEWS (TEAM SUNWEB) - Maillot vert"},{"@type":"BreadcrumbList","@id":"https:\/\/www.welovecycling.com\/pl\/2017\/07\/26\/myslal-ze-ponury-zart-matthews-zwyciezca-scigania-naznaczonego-krwia\/#breadcrumb","itemListElement":[{"@type":"ListItem","position":1,"name":"Home","item":"https:\/\/www.welovecycling.com\/pl\/"},{"@type":"ListItem","position":2,"name":"My\u015bla\u0142, \u017ce to ponury \u017cart\u2026 Matthews, zwyci\u0119zca \u015bcigania naznaczonego krwi\u0105"}]},{"@type":"WebSite","@id":"https:\/\/www.welovecycling.com\/pl\/#website","url":"https:\/\/www.welovecycling.com\/pl\/","name":"\u0160koda We Love Cycling - Poland","description":"","potentialAction":[{"@type":"SearchAction","target":{"@type":"EntryPoint","urlTemplate":"https:\/\/www.welovecycling.com\/pl\/?s={search_term_string}"},"query-input":{"@type":"PropertyValueSpecification","valueRequired":true,"valueName":"search_term_string"}}],"inLanguage":"pl-PL"},{"@type":"Person","@id":"https:\/\/www.welovecycling.com\/pl\/#\/schema\/person\/0dba2d39da943db9df3fd8f4687e7f23","name":"piotrboczkowski","image":{"@type":"ImageObject","inLanguage":"pl-PL","@id":"https:\/\/www.welovecycling.com\/pl\/#\/schema\/person\/image\/","url":"https:\/\/secure.gravatar.com\/avatar\/533caccae14752e03a2ce2d3fd62d1b98b93e1393c3195c27819e53344ca1ace?s=96&d=mm&r=g","contentUrl":"https:\/\/secure.gravatar.com\/avatar\/533caccae14752e03a2ce2d3fd62d1b98b93e1393c3195c27819e53344ca1ace?s=96&d=mm&r=g","caption":"piotrboczkowski"},"url":"https:\/\/www.welovecycling.com\/pl\/author\/piotrboczkowski\/"}]}},"_links":{"self":[{"href":"https:\/\/www.welovecycling.com\/pl\/wp-json\/wp\/v2\/posts\/4662","targetHints":{"allow":["GET"]}}],"collection":[{"href":"https:\/\/www.welovecycling.com\/pl\/wp-json\/wp\/v2\/posts"}],"about":[{"href":"https:\/\/www.welovecycling.com\/pl\/wp-json\/wp\/v2\/types\/post"}],"author":[{"embeddable":true,"href":"https:\/\/www.welovecycling.com\/pl\/wp-json\/wp\/v2\/users\/76"}],"replies":[{"embeddable":true,"href":"https:\/\/www.welovecycling.com\/pl\/wp-json\/wp\/v2\/comments?post=4662"}],"version-history":[{"count":2,"href":"https:\/\/www.welovecycling.com\/pl\/wp-json\/wp\/v2\/posts\/4662\/revisions"}],"predecessor-version":[{"id":4679,"href":"https:\/\/www.welovecycling.com\/pl\/wp-json\/wp\/v2\/posts\/4662\/revisions\/4679"}],"wp:featuredmedia":[{"embeddable":true,"href":"https:\/\/www.welovecycling.com\/pl\/wp-json\/wp\/v2\/media\/4661"}],"wp:attachment":[{"href":"https:\/\/www.welovecycling.com\/pl\/wp-json\/wp\/v2\/media?parent=4662"}],"wp:term":[{"taxonomy":"category","embeddable":true,"href":"https:\/\/www.welovecycling.com\/pl\/wp-json\/wp\/v2\/categories?post=4662"},{"taxonomy":"post_tag","embeddable":true,"href":"https:\/\/www.welovecycling.com\/pl\/wp-json\/wp\/v2\/tags?post=4662"},{"taxonomy":"global-categories","embeddable":true,"href":"https:\/\/www.welovecycling.com\/pl\/wp-json\/wp\/v2\/global-categories?post=4662"}],"curies":[{"name":"wp","href":"https:\/\/api.w.org\/{rel}","templated":true}]}}