{"id":4655,"date":"2017-07-25T14:53:34","date_gmt":"2017-07-25T14:53:34","guid":{"rendered":"https:\/\/www.welovecycling.com\/pl\/?p=4655"},"modified":"2017-07-29T10:35:41","modified_gmt":"2017-07-29T10:35:41","slug":"chris-froome-wielki-zwyciezca-wyznawca-teorii-adama-malysza","status":"publish","type":"post","link":"https:\/\/www.welovecycling.com\/pl\/2017\/07\/25\/chris-froome-wielki-zwyciezca-wyznawca-teorii-adama-malysza\/","title":{"rendered":"Chris Froome &#8211; wielki zwyci\u0119zca, wyznawca teorii Adama Ma\u0142ysza"},"content":{"rendered":"<p>Urodzi\u0142 si\u0119 w Nairobi, bracia grali w rugby, tata reprezentowa\u0142 Wielk\u0105 Brytanie w hokeju na lodzie, a wys\u0142annicy Team Sky wy\u0142owili go podczas wy\u015bcigu charytatywnego dla nastolatk\u00f3w &#8211; to wszystko ju\u017c wytrawni kibice kolarstwa wiedz\u0105. Teraz niewiadoma w sprawie Chrisa Froome\u2019a jest jedna, ale absolutnie kluczowa \u2013 czy przejdzie do historii Tour de France? Kolejny wielki krok zrobi\u0142 w niedziel\u0119, gdy po raz czwarty wygra\u0142 Wielk\u0105 P\u0119tl\u0119.<\/p>\n<p>Napisa\u0107, \u017ce Froome jest wielkim kolarzem,\u00a0 to nic nie napisa\u0107. Od lat zawsze w\u015br\u00f3d faworyt\u00f3w wielkich wy\u015bcig\u00f3w i to nie w roli czarnego konia, ale pewnego kandydata do zwyci\u0119stwa. Kolarz skazany na wygrywanie, w kt\u00f3rego \u017cy\u0142ach a\u017c buzuje krew zwyci\u0119zcy.<\/p>\n<p>Przez lata Froome nauczy\u0142 si\u0119 jednak hamowa\u0107 p\u0119d do wygrywania za wszelk\u0105 cen\u0119 i w\u0142a\u015bnie to uczyni\u0142o z niego wielkiego kolarza.<\/p>\n<p>&#8211; <em>Ka\u017cda wygrana jest inna, za ka\u017cd\u0105 stoi jaka\u015b wyj\u0105tkowa historia. Ka\u017cdy wy\u015bcig to nowa bitwa, a wszystkie s\u0105 szczeg\u00f3lne. Tegoroczn\u0105 zapami\u0119tam jako najbardziej wyr\u00f3wnan\u0105, bo r\u00f3\u017cnice by\u0142y niewielkie <\/em>\u2013 przyzna\u0142 Froome w niedziel\u0119 na mecie na Polach Elizejskich.<\/p>\n<p><strong>Chris Froome jak Adam Ma\u0142ysz<\/strong><\/p>\n<p>Od pocz\u0105tku tegorocznego wy\u015bcigu jecha\u0142 bardzo r\u00f3wno. Nie szar\u017cowa\u0142, nie rzuca\u0142 wszystkiego na jedn\u0105 kart\u0119. Wytrawny strateg i genera\u0142, na ka\u017cdym kilometrze m\u00f3g\u0142 liczy\u0107 na pomoc \u015bwietnych \u017co\u0142nierzy z Team Sky, bez kt\u00f3rych nie mia\u0142by szans na triumf.<\/p>\n<p>Froome by\u0142 jak Adam Ma\u0142ysz, kt\u00f3ry przez lata recytowa\u0142 swoje formu\u0142ki o dw\u00f3ch dobrych skokach. Brytyjczyk nie skaka\u0142, ale kr\u0119ci\u0142. Nie dwa razy, ale 21. I w efekcie nie wygra\u0142 \u017cadnego etapu, ale za to zwyci\u0119\u017cy\u0142 w ca\u0142ym wy\u015bcigu. Dla por\u00f3wnania \u2013 gdy rok temu triumfowa\u0142 w Tour de France, dwukrotnie mija\u0142 met\u0119 jako pierwszy.<\/p>\n<p>Tylko na pocz\u0105tku tegorocznego \u015bcigania jecha\u0142 w zwyk\u0142ym trykocie swojego teamu, bo \u017c\u00f3\u0142t\u0105 koszulk\u0119 przez cztery pierwsze etapy mia\u0142 jego rodak Geraint Thomas. Na pi\u0105tym Froome odbi\u0142 obiekt westchnie\u0144 wszystkich kolarzy, p\u00f3\u017aniej odda\u0142 go jeszcze na dwa dni W\u0142ochowi Fabio Aru, ale potem ju\u017c do ko\u0144ca utrzymywa\u0142 bezpieczn\u0105 przewag\u0119.<\/p>\n<p>Froome wygra\u0142 w \u015bwietnym stylu i wykr\u0119ci\u0142 kapitalny wynik. \u015arednio podczas ca\u0142ego Tour de France jecha\u0142 40,995 km\/h. Wi\u0119ksz\u0105 pr\u0119dko\u015b\u0107 zwyci\u0119zca Wielkiej P\u0119tli osi\u0105gn\u0105\u0142 tylko raz \u2013 Lance Armstrong w 2005 r. Z kolei przed rokiem \u015brednia pr\u0119dko\u015b\u0107 by\u0142a ni\u017csza \u2013 39,571 km\/h \u2013 ale wynika\u0142o to tak\u017ce z trudno\u015bci trasy.<\/p>\n<p><strong>Nieoszlifowany diament<\/strong><\/p>\n<p>Froome od zawsze jad\u0142 ma\u0142ymi \u0142y\u017ckami. Najpierw rodzice przymierzali go do innych sport\u00f3w, p\u00f3\u017aniej je\u017adzi\u0142 zupe\u0142nie amatorsko, a\u017c w ko\u0144cu z t\u0142umu ch\u0142opc\u00f3w na rowerach wy\u0142owi\u0142 go Dave Brailsford, generalny mened\u017cer Team Sky. W dru\u017cynie szybko nazwali go nieoszlifowanym diamentem. I jak si\u0119 okaza\u0142o, by\u0142 to diament, kt\u00f3ry wyj\u0105tkowo \u0142atwo podda\u0142 si\u0119 profesjonalnej obr\u00f3bce.<\/p>\n<p>Dzi\u015b Brytyjczyk ma na koncie ju\u017c cztery zwyci\u0119stwa w Tour de France i tylko jedno dzieli go od przej\u015bcia do historii. Pi\u0119\u0107 wygranych to bowiem rekord, a tyle razy wy\u015bcig w \u017c\u00f3\u0142tej koszulce ko\u0144czyli Jacques Anquetil, Eddy Merckx, Bernard Hinault i Miguel Indurain (siedmiokrotnie Wielk\u0105 P\u0119tl\u0119 wygrywa\u0142 Lance Armstrong, ale zosta\u0142 z\u0142apany na dopingu i jego osi\u0105gni\u0119cia anulowano).<\/p>\n<p>&#8211; <em>Za wcze\u015bnie m\u00f3wi\u0107, czy uda mi si\u0119 wygra\u0107 po raz pi\u0105ty, ale fajnie by\u0142oby przej\u015b\u0107 do historii. Teraz jednak przyszed\u0142 czas na \u015bwi\u0119towanie, bo ten wy\u015bcig by\u0142 moim najwi\u0119kszym wyzwaniem w karierze<\/em> \u2013 podkre\u015bla 32-letni Froome.<\/p>\n<p>Brytyjczyk za wygran\u0105 w Wielkiej P\u0119tli otrzyma\u0142 p\u00f3\u0142 miliona euro, a za ka\u017cdy dzie\u0144 sp\u0119dzony w koszulce lidera dosta\u0142 dodatkowe 500 euro.<\/p>\n<p>Przypomnijmy, \u017ce w tegorocznym Tour de France zielon\u0105 koszulk\u0119 dla najlepiej punktuj\u0105cego zawodnika (sponsorowan\u0105 przez \u0160KOD\u0118) zdoby\u0142 Michael Matthews, koszulk\u0119 w grochy (klasyfikacja g\u00f3rali) wygra\u0142 Warren Barguil, a bia\u0142\u0105 (najlepszy m\u0142odzie\u017cowiec) &#8211; Simon Yates.<\/p>\n<p>(\u017ar\u00f3d\u0142o zdj\u0119\u0107:\u00a0www.letour.fr\u00a0\u00a9 ASO\/Pauline BALLET)<\/p>\n","protected":false},"excerpt":{"rendered":"<p>Urodzi\u0142 si\u0119 w Nairobi, bracia grali w rugby, tata reprezentowa\u0142 Wielk\u0105 Brytanie w hokeju na lodzie, a wys\u0142annicy Team Sky [&hellip;]<\/p>\n","protected":false},"author":76,"featured_media":4656,"comment_status":"open","ping_status":"open","sticky":false,"template":"","format":"standard","meta":{"footnotes":""},"categories":[1],"tags":[77,163],"global-categories":[],"class_list":["post-4655","post","type-post","status-publish","format-standard","has-post-thumbnail","hentry","category-uncategorized","tag-tour-de-france","tag-tour-de-france-2017"],"yoast_head":"<!-- This site is optimized with the Yoast SEO Premium plugin v25.3 (Yoast SEO v25.9) - https:\/\/yoast.com\/wordpress\/plugins\/seo\/ -->\n<title>Chris Froome - wielki zwyci\u0119zca, wyznawca teorii Adama Ma\u0142ysza - \u0160koda We Love Cycling - Poland<\/title>\n<meta name=\"robots\" content=\"index, follow, max-snippet:-1, max-image-preview:large, max-video-preview:-1\" \/>\n<link rel=\"canonical\" href=\"https:\/\/www.welovecycling.com\/pl\/2017\/07\/25\/chris-froome-wielki-zwyciezca-wyznawca-teorii-adama-malysza\/\" \/>\n<meta property=\"og:locale\" content=\"pl_PL\" \/>\n<meta property=\"og:type\" content=\"article\" \/>\n<meta property=\"og:title\" content=\"Chris Froome - wielki zwyci\u0119zca, wyznawca teorii Adama Ma\u0142ysza\" \/>\n<meta property=\"og:description\" content=\"Urodzi\u0142 si\u0119 w Nairobi, bracia grali w rugby, tata reprezentowa\u0142 Wielk\u0105 Brytanie w hokeju na lodzie, a wys\u0142annicy Team Sky [&hellip;]\" \/>\n<meta property=\"og:url\" content=\"https:\/\/www.welovecycling.com\/pl\/2017\/07\/25\/chris-froome-wielki-zwyciezca-wyznawca-teorii-adama-malysza\/\" \/>\n<meta property=\"og:site_name\" content=\"\u0160koda We Love Cycling - Poland\" \/>\n<meta property=\"article:published_time\" content=\"2017-07-25T14:53:34+00:00\" \/>\n<meta property=\"article:modified_time\" content=\"2017-07-29T10:35:41+00:00\" \/>\n<meta property=\"og:image\" content=\"https:\/\/d2p6e6u75xmxt8.cloudfront.net\/5\/2017\/07\/20170723452_231952.jpg\" \/>\n\t<meta property=\"og:image:width\" content=\"1000\" \/>\n\t<meta property=\"og:image:height\" content=\"666\" \/>\n\t<meta property=\"og:image:type\" content=\"image\/jpeg\" \/>\n<meta name=\"author\" content=\"piotrboczkowski\" \/>\n<meta name=\"twitter:card\" content=\"summary_large_image\" \/>\n<meta name=\"twitter:label1\" content=\"Written by\" \/>\n\t<meta name=\"twitter:data1\" content=\"WeLoveCycling\" \/>\n\t<meta name=\"twitter:label2\" content=\"Est. reading time\" \/>\n\t<meta name=\"twitter:data2\" content=\"3 minutes\" \/>\n<script type=\"application\/ld+json\" class=\"yoast-schema-graph\">{\"@context\":\"https:\/\/schema.org\",\"@graph\":[{\"@type\":\"WebPage\",\"@id\":\"https:\/\/www.welovecycling.com\/pl\/2017\/07\/25\/chris-froome-wielki-zwyciezca-wyznawca-teorii-adama-malysza\/\",\"url\":\"https:\/\/www.welovecycling.com\/pl\/2017\/07\/25\/chris-froome-wielki-zwyciezca-wyznawca-teorii-adama-malysza\/\",\"name\":\"Chris Froome - wielki zwyci\u0119zca, wyznawca teorii Adama Ma\u0142ysza - \u0160koda We Love Cycling - Poland\",\"isPartOf\":{\"@id\":\"https:\/\/www.welovecycling.com\/pl\/#website\"},\"primaryImageOfPage\":{\"@id\":\"https:\/\/www.welovecycling.com\/pl\/2017\/07\/25\/chris-froome-wielki-zwyciezca-wyznawca-teorii-adama-malysza\/#primaryimage\"},\"image\":{\"@id\":\"https:\/\/www.welovecycling.com\/pl\/2017\/07\/25\/chris-froome-wielki-zwyciezca-wyznawca-teorii-adama-malysza\/#primaryimage\"},\"thumbnailUrl\":\"https:\/\/d2p6e6u75xmxt8.cloudfront.net\/5\/2017\/07\/20170723452_231952.jpg\",\"datePublished\":\"2017-07-25T14:53:34+00:00\",\"dateModified\":\"2017-07-29T10:35:41+00:00\",\"author\":{\"@id\":\"https:\/\/www.welovecycling.com\/pl\/#\/schema\/person\/0dba2d39da943db9df3fd8f4687e7f23\"},\"breadcrumb\":{\"@id\":\"https:\/\/www.welovecycling.com\/pl\/2017\/07\/25\/chris-froome-wielki-zwyciezca-wyznawca-teorii-adama-malysza\/#breadcrumb\"},\"inLanguage\":\"pl-PL\",\"potentialAction\":[{\"@type\":\"ReadAction\",\"target\":[\"https:\/\/www.welovecycling.com\/pl\/2017\/07\/25\/chris-froome-wielki-zwyciezca-wyznawca-teorii-adama-malysza\/\"]}]},{\"@type\":\"ImageObject\",\"inLanguage\":\"pl-PL\",\"@id\":\"https:\/\/www.welovecycling.com\/pl\/2017\/07\/25\/chris-froome-wielki-zwyciezca-wyznawca-teorii-adama-malysza\/#primaryimage\",\"url\":\"https:\/\/d2p6e6u75xmxt8.cloudfront.net\/5\/2017\/07\/20170723452_231952.jpg\",\"contentUrl\":\"https:\/\/d2p6e6u75xmxt8.cloudfront.net\/5\/2017\/07\/20170723452_231952.jpg\",\"width\":1000,\"height\":666,\"caption\":\"Tour de France 2017 - 23\/07\/2017 - Etape 21 - Montgeron \/ Paris Champs-Elys\u00e9es (103 km) - France - Christopher FROOME (TEAM SKY) - Vainqueur du Tour de France 2017\"},{\"@type\":\"BreadcrumbList\",\"@id\":\"https:\/\/www.welovecycling.com\/pl\/2017\/07\/25\/chris-froome-wielki-zwyciezca-wyznawca-teorii-adama-malysza\/#breadcrumb\",\"itemListElement\":[{\"@type\":\"ListItem\",\"position\":1,\"name\":\"Home\",\"item\":\"https:\/\/www.welovecycling.com\/pl\/\"},{\"@type\":\"ListItem\",\"position\":2,\"name\":\"Chris Froome &#8211; wielki zwyci\u0119zca, wyznawca teorii Adama Ma\u0142ysza\"}]},{\"@type\":\"WebSite\",\"@id\":\"https:\/\/www.welovecycling.com\/pl\/#website\",\"url\":\"https:\/\/www.welovecycling.com\/pl\/\",\"name\":\"\u0160koda We Love Cycling - Poland\",\"description\":\"\",\"potentialAction\":[{\"@type\":\"SearchAction\",\"target\":{\"@type\":\"EntryPoint\",\"urlTemplate\":\"https:\/\/www.welovecycling.com\/pl\/?s={search_term_string}\"},\"query-input\":{\"@type\":\"PropertyValueSpecification\",\"valueRequired\":true,\"valueName\":\"search_term_string\"}}],\"inLanguage\":\"pl-PL\"},{\"@type\":\"Person\",\"@id\":\"https:\/\/www.welovecycling.com\/pl\/#\/schema\/person\/0dba2d39da943db9df3fd8f4687e7f23\",\"name\":\"piotrboczkowski\",\"image\":{\"@type\":\"ImageObject\",\"inLanguage\":\"pl-PL\",\"@id\":\"https:\/\/www.welovecycling.com\/pl\/#\/schema\/person\/image\/\",\"url\":\"https:\/\/secure.gravatar.com\/avatar\/533caccae14752e03a2ce2d3fd62d1b98b93e1393c3195c27819e53344ca1ace?s=96&d=mm&r=g\",\"contentUrl\":\"https:\/\/secure.gravatar.com\/avatar\/533caccae14752e03a2ce2d3fd62d1b98b93e1393c3195c27819e53344ca1ace?s=96&d=mm&r=g\",\"caption\":\"piotrboczkowski\"},\"url\":\"https:\/\/www.welovecycling.com\/pl\/author\/piotrboczkowski\/\"}]}<\/script>\n<!-- \/ Yoast SEO Premium plugin. -->","yoast_head_json":{"title":"Chris Froome - wielki zwyci\u0119zca, wyznawca teorii Adama Ma\u0142ysza - \u0160koda We Love Cycling - Poland","robots":{"index":"index","follow":"follow","max-snippet":"max-snippet:-1","max-image-preview":"max-image-preview:large","max-video-preview":"max-video-preview:-1"},"canonical":"https:\/\/www.welovecycling.com\/pl\/2017\/07\/25\/chris-froome-wielki-zwyciezca-wyznawca-teorii-adama-malysza\/","og_locale":"pl_PL","og_type":"article","og_title":"Chris Froome - wielki zwyci\u0119zca, wyznawca teorii Adama Ma\u0142ysza","og_description":"Urodzi\u0142 si\u0119 w Nairobi, bracia grali w rugby, tata reprezentowa\u0142 Wielk\u0105 Brytanie w hokeju na lodzie, a wys\u0142annicy Team Sky [&hellip;]","og_url":"https:\/\/www.welovecycling.com\/pl\/2017\/07\/25\/chris-froome-wielki-zwyciezca-wyznawca-teorii-adama-malysza\/","og_site_name":"\u0160koda We Love Cycling - Poland","article_published_time":"2017-07-25T14:53:34+00:00","article_modified_time":"2017-07-29T10:35:41+00:00","og_image":[{"width":1000,"height":666,"url":"https:\/\/d2p6e6u75xmxt8.cloudfront.net\/5\/2017\/07\/20170723452_231952.jpg","type":"image\/jpeg"}],"author":"piotrboczkowski","twitter_card":"summary_large_image","twitter_misc":{"Written by":"WeLoveCycling","Est. reading time":"3 minutes"},"schema":{"@context":"https:\/\/schema.org","@graph":[{"@type":"WebPage","@id":"https:\/\/www.welovecycling.com\/pl\/2017\/07\/25\/chris-froome-wielki-zwyciezca-wyznawca-teorii-adama-malysza\/","url":"https:\/\/www.welovecycling.com\/pl\/2017\/07\/25\/chris-froome-wielki-zwyciezca-wyznawca-teorii-adama-malysza\/","name":"Chris Froome - wielki zwyci\u0119zca, wyznawca teorii Adama Ma\u0142ysza - \u0160koda We Love Cycling - Poland","isPartOf":{"@id":"https:\/\/www.welovecycling.com\/pl\/#website"},"primaryImageOfPage":{"@id":"https:\/\/www.welovecycling.com\/pl\/2017\/07\/25\/chris-froome-wielki-zwyciezca-wyznawca-teorii-adama-malysza\/#primaryimage"},"image":{"@id":"https:\/\/www.welovecycling.com\/pl\/2017\/07\/25\/chris-froome-wielki-zwyciezca-wyznawca-teorii-adama-malysza\/#primaryimage"},"thumbnailUrl":"https:\/\/d2p6e6u75xmxt8.cloudfront.net\/5\/2017\/07\/20170723452_231952.jpg","datePublished":"2017-07-25T14:53:34+00:00","dateModified":"2017-07-29T10:35:41+00:00","author":{"@id":"https:\/\/www.welovecycling.com\/pl\/#\/schema\/person\/0dba2d39da943db9df3fd8f4687e7f23"},"breadcrumb":{"@id":"https:\/\/www.welovecycling.com\/pl\/2017\/07\/25\/chris-froome-wielki-zwyciezca-wyznawca-teorii-adama-malysza\/#breadcrumb"},"inLanguage":"pl-PL","potentialAction":[{"@type":"ReadAction","target":["https:\/\/www.welovecycling.com\/pl\/2017\/07\/25\/chris-froome-wielki-zwyciezca-wyznawca-teorii-adama-malysza\/"]}]},{"@type":"ImageObject","inLanguage":"pl-PL","@id":"https:\/\/www.welovecycling.com\/pl\/2017\/07\/25\/chris-froome-wielki-zwyciezca-wyznawca-teorii-adama-malysza\/#primaryimage","url":"https:\/\/d2p6e6u75xmxt8.cloudfront.net\/5\/2017\/07\/20170723452_231952.jpg","contentUrl":"https:\/\/d2p6e6u75xmxt8.cloudfront.net\/5\/2017\/07\/20170723452_231952.jpg","width":1000,"height":666,"caption":"Tour de France 2017 - 23\/07\/2017 - Etape 21 - Montgeron \/ Paris Champs-Elys\u00e9es (103 km) - France - Christopher FROOME (TEAM SKY) - Vainqueur du Tour de France 2017"},{"@type":"BreadcrumbList","@id":"https:\/\/www.welovecycling.com\/pl\/2017\/07\/25\/chris-froome-wielki-zwyciezca-wyznawca-teorii-adama-malysza\/#breadcrumb","itemListElement":[{"@type":"ListItem","position":1,"name":"Home","item":"https:\/\/www.welovecycling.com\/pl\/"},{"@type":"ListItem","position":2,"name":"Chris Froome &#8211; wielki zwyci\u0119zca, wyznawca teorii Adama Ma\u0142ysza"}]},{"@type":"WebSite","@id":"https:\/\/www.welovecycling.com\/pl\/#website","url":"https:\/\/www.welovecycling.com\/pl\/","name":"\u0160koda We Love Cycling - Poland","description":"","potentialAction":[{"@type":"SearchAction","target":{"@type":"EntryPoint","urlTemplate":"https:\/\/www.welovecycling.com\/pl\/?s={search_term_string}"},"query-input":{"@type":"PropertyValueSpecification","valueRequired":true,"valueName":"search_term_string"}}],"inLanguage":"pl-PL"},{"@type":"Person","@id":"https:\/\/www.welovecycling.com\/pl\/#\/schema\/person\/0dba2d39da943db9df3fd8f4687e7f23","name":"piotrboczkowski","image":{"@type":"ImageObject","inLanguage":"pl-PL","@id":"https:\/\/www.welovecycling.com\/pl\/#\/schema\/person\/image\/","url":"https:\/\/secure.gravatar.com\/avatar\/533caccae14752e03a2ce2d3fd62d1b98b93e1393c3195c27819e53344ca1ace?s=96&d=mm&r=g","contentUrl":"https:\/\/secure.gravatar.com\/avatar\/533caccae14752e03a2ce2d3fd62d1b98b93e1393c3195c27819e53344ca1ace?s=96&d=mm&r=g","caption":"piotrboczkowski"},"url":"https:\/\/www.welovecycling.com\/pl\/author\/piotrboczkowski\/"}]}},"_links":{"self":[{"href":"https:\/\/www.welovecycling.com\/pl\/wp-json\/wp\/v2\/posts\/4655","targetHints":{"allow":["GET"]}}],"collection":[{"href":"https:\/\/www.welovecycling.com\/pl\/wp-json\/wp\/v2\/posts"}],"about":[{"href":"https:\/\/www.welovecycling.com\/pl\/wp-json\/wp\/v2\/types\/post"}],"author":[{"embeddable":true,"href":"https:\/\/www.welovecycling.com\/pl\/wp-json\/wp\/v2\/users\/76"}],"replies":[{"embeddable":true,"href":"https:\/\/www.welovecycling.com\/pl\/wp-json\/wp\/v2\/comments?post=4655"}],"version-history":[{"count":2,"href":"https:\/\/www.welovecycling.com\/pl\/wp-json\/wp\/v2\/posts\/4655\/revisions"}],"predecessor-version":[{"id":4686,"href":"https:\/\/www.welovecycling.com\/pl\/wp-json\/wp\/v2\/posts\/4655\/revisions\/4686"}],"wp:featuredmedia":[{"embeddable":true,"href":"https:\/\/www.welovecycling.com\/pl\/wp-json\/wp\/v2\/media\/4656"}],"wp:attachment":[{"href":"https:\/\/www.welovecycling.com\/pl\/wp-json\/wp\/v2\/media?parent=4655"}],"wp:term":[{"taxonomy":"category","embeddable":true,"href":"https:\/\/www.welovecycling.com\/pl\/wp-json\/wp\/v2\/categories?post=4655"},{"taxonomy":"post_tag","embeddable":true,"href":"https:\/\/www.welovecycling.com\/pl\/wp-json\/wp\/v2\/tags?post=4655"},{"taxonomy":"global-categories","embeddable":true,"href":"https:\/\/www.welovecycling.com\/pl\/wp-json\/wp\/v2\/global-categories?post=4655"}],"curies":[{"name":"wp","href":"https:\/\/api.w.org\/{rel}","templated":true}]}}