{"id":4638,"date":"2017-07-24T10:38:33","date_gmt":"2017-07-24T10:38:33","guid":{"rendered":"https:\/\/www.welovecycling.com\/pl\/?p=4638"},"modified":"2017-07-29T11:08:54","modified_gmt":"2017-07-29T11:08:54","slug":"szampan-dla-wszystkich-bylo-piekne-zakonczenie-pieknego-tour-de-france","status":"publish","type":"post","link":"https:\/\/www.welovecycling.com\/pl\/2017\/07\/24\/szampan-dla-wszystkich-bylo-piekne-zakonczenie-pieknego-tour-de-france\/","title":{"rendered":"Szampan dla wszystkich! To by\u0142o pi\u0119kne zako\u0144czenie pi\u0119knego Tour de France"},"content":{"rendered":"<p>\u017bony mia\u0142y \u0142zy w oczach, dzieci wyrywa\u0142y im si\u0119 z r\u0105k, a zawodnicy i kibice po raz kolejny pokazali, \u017ce s\u0105 jedn\u0105 wielk\u0105 kolarsk\u0105 rodzin\u0105. Za nami 104. Tour de France, jeden z najpi\u0119kniejszych w ostatnich latach!<!--more--><\/p>\n<p><a href=\"https:\/\/d2p6e6u75xmxt8.cloudfront.net\/5\/2017\/07\/20170723266_231703.jpg\"><img loading=\"lazy\" decoding=\"async\" class=\"size-full wp-image-4643\" src=\"https:\/\/d2p6e6u75xmxt8.cloudfront.net\/5\/2017\/07\/20170723266_231703.jpg\" alt=\"\" width=\"1000\" height=\"666\" srcset=\"https:\/\/d2p6e6u75xmxt8.cloudfront.net\/5\/2017\/07\/20170723266_231703.jpg 1000w, https:\/\/d2p6e6u75xmxt8.cloudfront.net\/5\/2017\/07\/20170723266_231703-300x200.jpg 300w, https:\/\/d2p6e6u75xmxt8.cloudfront.net\/5\/2017\/07\/20170723266_231703-768x511.jpg 768w, https:\/\/d2p6e6u75xmxt8.cloudfront.net\/5\/2017\/07\/20170723266_231703-272x182.jpg 272w\" sizes=\"auto, (max-width: 1000px) 100vw, 1000px\" \/><\/a><\/p>\n<p>Gdy tylko wjechali na met\u0119, wszystkie kamery wycelowa\u0142y obiektywy w Chrisa Froome\u2019a. Zwyci\u0119zca Wielkiej P\u0119tli zszed\u0142 z roweru &#8211; kt\u00f3ry przez ostatnie dni czasem by\u0142 jego wrogiem, ale na og\u00f3\u0142 najlepszym przyjacielem &#8211; i od razu uda\u0142 si\u0119 do rodziny. W ko\u0144cu przez ostatnie trzy tygodnie domem Brytyjczyka by\u0142y tylko hotele, a rodzina widzia\u0142a go wy\u0142\u0105cznie na ekranie telewizora.<\/p>\n<p>\u017bona mia\u0142a \u0142zy w oczach i trzyma\u0142a na r\u0119kach kilkuletniego ch\u0142opca ubranego \u2013 a jak\u017ce! \u2013 w \u017c\u00f3\u0142t\u0105 koszulk\u0119 z napisem \u201eFroome\u201d.<\/p>\n<p><strong>O\u015bwiadczyny w peletonie<\/strong><\/p>\n<p>Zm\u0119czenie i t\u0119sknota dotkn\u0119\u0142y ka\u017cdego zawodnika, kt\u00f3ry mia\u0142 zaszczyt startowa\u0107 w Tour de France. Ka\u017cdy z nich po\u015bwi\u0119ci\u0142 ponad trzy tygodnie \u017cycia (oraz wiele miesi\u0119cy na przygotowania), by powalczy\u0107 w najwi\u0119kszym i najpi\u0119kniejszym wy\u015bcigu \u015bwiata. I idziemy o zak\u0142ad, \u017ce \u017caden nie \u017ca\u0142owa\u0142.<\/p>\n<p>W nagrod\u0119 w niedziel\u0119 mogli \u015bciga\u0107 si\u0119 w niepowtarzalnej atmosferze. Nad g\u0142owami kolarzy lata\u0142y samoloty rysuj\u0105ce na niebie flag\u0119 Francji, wzd\u0142u\u017c trasy kolarzy oklaskiwa\u0142y setki tysi\u0119cy kibic\u00f3w, a widok zawodnika z kieliszkiem szampana w r\u0119ce nikogo nie dziwi\u0142.<\/p>\n<p><a href=\"https:\/\/d2p6e6u75xmxt8.cloudfront.net\/5\/2017\/07\/20170723259_231812-1.jpg\"><img loading=\"lazy\" decoding=\"async\" class=\"size-full wp-image-4642\" src=\"https:\/\/d2p6e6u75xmxt8.cloudfront.net\/5\/2017\/07\/20170723259_231812-1.jpg\" alt=\"\" width=\"1000\" height=\"666\" srcset=\"https:\/\/d2p6e6u75xmxt8.cloudfront.net\/5\/2017\/07\/20170723259_231812-1.jpg 1000w, https:\/\/d2p6e6u75xmxt8.cloudfront.net\/5\/2017\/07\/20170723259_231812-1-300x200.jpg 300w, https:\/\/d2p6e6u75xmxt8.cloudfront.net\/5\/2017\/07\/20170723259_231812-1-768x511.jpg 768w, https:\/\/d2p6e6u75xmxt8.cloudfront.net\/5\/2017\/07\/20170723259_231812-1-272x182.jpg 272w\" sizes=\"auto, (max-width: 1000px) 100vw, 1000px\" \/><\/a><\/p>\n<p>Peleton bawi\u0142 si\u0119 \u015bwietnie, a konkurs na rzecz najbardziej nies\u0142ychan\u0105 wygra\u0142 Cyril Gautier. Francuz, jad\u0105c w peletonie, roz\u0142o\u017cy\u0142 przed kamerami kartk\u0119 zaadresowan\u0105 do swojej dziewczyny, na kt\u00f3rej by\u0142y napisane\u2026 o\u015bwiadczyny. W tym samym momencie kolarze jad\u0105cy obok zacz\u0119li krzycze\u0107: \u201epowiedz tak!\u201d.<\/p>\n<p><strong>Magiczne miejsce<\/strong><\/p>\n<p>Na mecie oczywi\u015bcie najszcz\u0119\u015bliwszy by\u0142 Froome. Podczas niedzielnego etapu zbiera\u0142 gratulacje i stuka\u0142 si\u0119 plastikowym kieliszkiem z rywalami oraz kolegami z Team Sky. Gdy wjecha\u0142 na met\u0119, od razu z uznaniem poklepa\u0142 po plecach Micha\u0142a Kwiatkowskiego, jednego ze swoich najlepszych pomocnik\u00f3w, kt\u00f3ry mia\u0142 ogromny udzia\u0142 w wygranej Brytyjczyka.<\/p>\n<p><a href=\"https:\/\/d2p6e6u75xmxt8.cloudfront.net\/5\/2017\/07\/20170723410_231916-2.jpg\"><img loading=\"lazy\" decoding=\"async\" class=\"size-full wp-image-4640\" src=\"https:\/\/d2p6e6u75xmxt8.cloudfront.net\/5\/2017\/07\/20170723410_231916-2.jpg\" alt=\"\" width=\"1000\" height=\"666\" srcset=\"https:\/\/d2p6e6u75xmxt8.cloudfront.net\/5\/2017\/07\/20170723410_231916-2.jpg 1000w, https:\/\/d2p6e6u75xmxt8.cloudfront.net\/5\/2017\/07\/20170723410_231916-2-300x200.jpg 300w, https:\/\/d2p6e6u75xmxt8.cloudfront.net\/5\/2017\/07\/20170723410_231916-2-768x511.jpg 768w, https:\/\/d2p6e6u75xmxt8.cloudfront.net\/5\/2017\/07\/20170723410_231916-2-272x182.jpg 272w\" sizes=\"auto, (max-width: 1000px) 100vw, 1000px\" \/><\/a><\/p>\n<p>&#8211; <em>To niesamowite uczucie. Je\u017adzisz trzy tygodnie i ca\u0142y czas my\u015blisz, by znale\u017a\u0107 si\u0119 w\u0142a\u015bnie tu, na Polach Elizejskich. One nigdy nie rozczarowuj\u0105, to magiczne miejsce. Bycie tutaj jest nagrod\u0105 za ca\u0142y trudny czas, kt\u00f3ry sp\u0119dza si\u0119 podczas wy\u015bcigu. Ten sukces b\u0119d\u0119 pami\u0119ta\u0142 szczeg\u00f3lnie, bo moi rywale byli bardzo blisko<\/em> \u2013 podkre\u015bla Froome, kt\u00f3ry Tour de France wygra\u0142 po raz czwarty i je\u015bli uda mu si\u0119 to jeszcze raz, do\u0142\u0105czy do rekordzist\u00f3w \u2013 czterech \u015bwietnych kolarzy, kt\u00f3rzy przeszli do historii, a s\u0105 to: Jacques Anquetil, Eddy Merckx, Bernard Hinault i Miguel Indurain.<\/p>\n<p>Na podium na Polach Elizejskich w zielonej koszulce dla zwyci\u0119zcy klasyfikacji punktowej (sponsorowanej przez \u0160KOD\u0118) stan\u0105\u0142 Australijczyk Michael Matthews (Team Sunweb), najlepszym \u201eg\u00f3ralem\u201d zosta\u0142 jego kolega z dru\u017cyny Francuz Warren Barguil, a m\u0142odzie\u017cowcem Brytyjczyk Simon Yates (Orica &#8211; Scott). Najlepsz\u0105 dru\u017cyn\u0105 okaza\u0142 si\u0119 Team Sky.<\/p>\n<p><strong>Daty kolejnego Tour de France<\/strong><\/p>\n<p>Przysz\u0142oroczny Tour de France zacznie si\u0119 7 lipca. Najwi\u0119ksi kibice kolarstwa do swoich kalendarzy wpisali sobie jednak inn\u0105, wa\u017cn\u0105 dla Wielkiej P\u0119tli dat\u0119, a mianowicie 17 pa\u017adziernika. To w\u0142a\u015bnie wtedy w Pary\u017cu zostanie zaprezentowana trasa 105. Tour de France.<\/p>\n<p>Historia jednak uczy, \u017ce kt\u00f3r\u0119dy by ta trasa nie prowadzi\u0142a, to na pewno przyniesie niesamowit\u0105 rywalizacj\u0119 i pi\u0119kne emocje. Takie, kt\u00f3re daje tylko Tour de France.<\/p>\n<p><strong>Ko\u0144cowa klasyfikacja generalna 104. Tour de France<\/strong><\/p>\n<ol>\n<li>Chris Froome<\/li>\n<li>Rigoberto Uran + 54 sekundy<\/li>\n<li>Romain Bardet +2:20<\/li>\n<\/ol>\n<p>&#8212;&#8212;<\/p>\n<ol start=\"57\">\n<li>Micha\u0142 Kwiatkowski 2.17:48<\/li>\n<li>Pawe\u0142 Polja\u0144ski 2.53:42<\/li>\n<li>Maciej Bodnar 3.26:58<\/li>\n<\/ol>\n<p><strong>Klasyfikacja punktowa (zielona koszulka sponsorowana przez \u0160KOD\u0118)<\/strong><\/p>\n<ol>\n<li>Michael Matthews 370 punkt\u00f3w<\/li>\n<li>Andre Grepiel 234 punkt\u00f3w<\/li>\n<li>Edvald Hagen Boasson 220 punkt\u00f3w<\/li>\n<\/ol>\n<p><strong>Klasyfikacja g\u00f3rska (koszulka w grochy)<\/strong><\/p>\n<ol>\n<li>Warren Barguil 169 punkt\u00f3w<\/li>\n<li>Primo\u017c Roglicz 80 punkt\u00f3w<\/li>\n<li>Thomas de Gendt 64 punkt\u00f3w<\/li>\n<\/ol>\n<p><strong>Klasyfikacja m\u0142odzie\u017cowa (bia\u0142a koszulka)<\/strong><\/p>\n<ol>\n<li>Simon Yates<\/li>\n<li>Louis Meintjes + 2:06<\/li>\n<li>Emanuel Buchmann + 27:07<\/li>\n<\/ol>\n<p>&nbsp;<\/p>\n<p>(\u017ar\u00f3d\u0142o zdj\u0119\u0107:\u00a0www.letour.fr\u00a0\u00a9 ASO\/Pauline BALLET oraz\u00a0\u00a9 ASO\/Bruno BADE)<\/p>\n","protected":false},"excerpt":{"rendered":"<p>\u017bony mia\u0142y \u0142zy w oczach, dzieci wyrywa\u0142y im si\u0119 z r\u0105k, a zawodnicy i kibice po raz kolejny pokazali, \u017ce [&hellip;]<\/p>\n","protected":false},"author":76,"featured_media":4639,"comment_status":"open","ping_status":"open","sticky":false,"template":"","format":"standard","meta":{"footnotes":""},"categories":[1],"tags":[158,77,163,146],"global-categories":[],"class_list":["post-4638","post","type-post","status-publish","format-standard","has-post-thumbnail","hentry","category-uncategorized","tag-relacja","tag-tour-de-france","tag-tour-de-france-2017","tag-wyscig"],"yoast_head":"<!-- This site is optimized with the Yoast SEO Premium plugin v25.3 (Yoast SEO v25.9) - https:\/\/yoast.com\/wordpress\/plugins\/seo\/ -->\n<title>Szampan dla wszystkich! To by\u0142o pi\u0119kne zako\u0144czenie pi\u0119knego Tour de France - \u0160koda We Love Cycling - Poland<\/title>\n<meta name=\"robots\" content=\"index, follow, max-snippet:-1, max-image-preview:large, max-video-preview:-1\" \/>\n<link rel=\"canonical\" href=\"https:\/\/www.welovecycling.com\/pl\/2017\/07\/24\/szampan-dla-wszystkich-bylo-piekne-zakonczenie-pieknego-tour-de-france\/\" \/>\n<meta property=\"og:locale\" content=\"pl_PL\" \/>\n<meta property=\"og:type\" content=\"article\" \/>\n<meta property=\"og:title\" content=\"Szampan dla wszystkich! To by\u0142o pi\u0119kne zako\u0144czenie pi\u0119knego Tour de France\" \/>\n<meta property=\"og:description\" content=\"\u017bony mia\u0142y \u0142zy w oczach, dzieci wyrywa\u0142y im si\u0119 z r\u0105k, a zawodnicy i kibice po raz kolejny pokazali, \u017ce [&hellip;]\" \/>\n<meta property=\"og:url\" content=\"https:\/\/www.welovecycling.com\/pl\/2017\/07\/24\/szampan-dla-wszystkich-bylo-piekne-zakonczenie-pieknego-tour-de-france\/\" \/>\n<meta property=\"og:site_name\" content=\"\u0160koda We Love Cycling - Poland\" \/>\n<meta property=\"article:published_time\" content=\"2017-07-24T10:38:33+00:00\" \/>\n<meta property=\"article:modified_time\" content=\"2017-07-29T11:08:54+00:00\" \/>\n<meta property=\"og:image\" content=\"https:\/\/d2p6e6u75xmxt8.cloudfront.net\/5\/2017\/07\/20170723506_232012.jpg\" \/>\n\t<meta property=\"og:image:width\" content=\"1000\" \/>\n\t<meta property=\"og:image:height\" content=\"666\" \/>\n\t<meta property=\"og:image:type\" content=\"image\/jpeg\" \/>\n<meta name=\"author\" content=\"piotrboczkowski\" \/>\n<meta name=\"twitter:card\" content=\"summary_large_image\" \/>\n<meta name=\"twitter:label1\" content=\"Written by\" \/>\n\t<meta name=\"twitter:data1\" content=\"WeLoveCycling\" \/>\n\t<meta name=\"twitter:label2\" content=\"Est. reading time\" \/>\n\t<meta name=\"twitter:data2\" content=\"3 minutes\" \/>\n<script type=\"application\/ld+json\" class=\"yoast-schema-graph\">{\"@context\":\"https:\/\/schema.org\",\"@graph\":[{\"@type\":\"WebPage\",\"@id\":\"https:\/\/www.welovecycling.com\/pl\/2017\/07\/24\/szampan-dla-wszystkich-bylo-piekne-zakonczenie-pieknego-tour-de-france\/\",\"url\":\"https:\/\/www.welovecycling.com\/pl\/2017\/07\/24\/szampan-dla-wszystkich-bylo-piekne-zakonczenie-pieknego-tour-de-france\/\",\"name\":\"Szampan dla wszystkich! To by\u0142o pi\u0119kne zako\u0144czenie pi\u0119knego Tour de France - \u0160koda We Love Cycling - Poland\",\"isPartOf\":{\"@id\":\"https:\/\/www.welovecycling.com\/pl\/#website\"},\"primaryImageOfPage\":{\"@id\":\"https:\/\/www.welovecycling.com\/pl\/2017\/07\/24\/szampan-dla-wszystkich-bylo-piekne-zakonczenie-pieknego-tour-de-france\/#primaryimage\"},\"image\":{\"@id\":\"https:\/\/www.welovecycling.com\/pl\/2017\/07\/24\/szampan-dla-wszystkich-bylo-piekne-zakonczenie-pieknego-tour-de-france\/#primaryimage\"},\"thumbnailUrl\":\"https:\/\/d2p6e6u75xmxt8.cloudfront.net\/5\/2017\/07\/20170723506_232012.jpg\",\"datePublished\":\"2017-07-24T10:38:33+00:00\",\"dateModified\":\"2017-07-29T11:08:54+00:00\",\"author\":{\"@id\":\"https:\/\/www.welovecycling.com\/pl\/#\/schema\/person\/0dba2d39da943db9df3fd8f4687e7f23\"},\"breadcrumb\":{\"@id\":\"https:\/\/www.welovecycling.com\/pl\/2017\/07\/24\/szampan-dla-wszystkich-bylo-piekne-zakonczenie-pieknego-tour-de-france\/#breadcrumb\"},\"inLanguage\":\"pl-PL\",\"potentialAction\":[{\"@type\":\"ReadAction\",\"target\":[\"https:\/\/www.welovecycling.com\/pl\/2017\/07\/24\/szampan-dla-wszystkich-bylo-piekne-zakonczenie-pieknego-tour-de-france\/\"]}]},{\"@type\":\"ImageObject\",\"inLanguage\":\"pl-PL\",\"@id\":\"https:\/\/www.welovecycling.com\/pl\/2017\/07\/24\/szampan-dla-wszystkich-bylo-piekne-zakonczenie-pieknego-tour-de-france\/#primaryimage\",\"url\":\"https:\/\/d2p6e6u75xmxt8.cloudfront.net\/5\/2017\/07\/20170723506_232012.jpg\",\"contentUrl\":\"https:\/\/d2p6e6u75xmxt8.cloudfront.net\/5\/2017\/07\/20170723506_232012.jpg\",\"width\":1000,\"height\":666,\"caption\":\"Tour de France 2017 - 23\/07\/2017 - Etape 21 - Montgeron \/ Paris Champs-Elys\u00e9es (103 km) - France - Warren BARGUIL (SUN) Meilleur grimpeur, Simon YATES (ORS) Meilleur jeune, Christopher FROOME (SKY) Meilleur au g\u00e9n\u00e9ral, Michael MATTHEWS (SUN) Meilleur sprinter\"},{\"@type\":\"BreadcrumbList\",\"@id\":\"https:\/\/www.welovecycling.com\/pl\/2017\/07\/24\/szampan-dla-wszystkich-bylo-piekne-zakonczenie-pieknego-tour-de-france\/#breadcrumb\",\"itemListElement\":[{\"@type\":\"ListItem\",\"position\":1,\"name\":\"Home\",\"item\":\"https:\/\/www.welovecycling.com\/pl\/\"},{\"@type\":\"ListItem\",\"position\":2,\"name\":\"Szampan dla wszystkich! To by\u0142o pi\u0119kne zako\u0144czenie pi\u0119knego Tour de France\"}]},{\"@type\":\"WebSite\",\"@id\":\"https:\/\/www.welovecycling.com\/pl\/#website\",\"url\":\"https:\/\/www.welovecycling.com\/pl\/\",\"name\":\"\u0160koda We Love Cycling - Poland\",\"description\":\"\",\"potentialAction\":[{\"@type\":\"SearchAction\",\"target\":{\"@type\":\"EntryPoint\",\"urlTemplate\":\"https:\/\/www.welovecycling.com\/pl\/?s={search_term_string}\"},\"query-input\":{\"@type\":\"PropertyValueSpecification\",\"valueRequired\":true,\"valueName\":\"search_term_string\"}}],\"inLanguage\":\"pl-PL\"},{\"@type\":\"Person\",\"@id\":\"https:\/\/www.welovecycling.com\/pl\/#\/schema\/person\/0dba2d39da943db9df3fd8f4687e7f23\",\"name\":\"piotrboczkowski\",\"image\":{\"@type\":\"ImageObject\",\"inLanguage\":\"pl-PL\",\"@id\":\"https:\/\/www.welovecycling.com\/pl\/#\/schema\/person\/image\/\",\"url\":\"https:\/\/secure.gravatar.com\/avatar\/533caccae14752e03a2ce2d3fd62d1b98b93e1393c3195c27819e53344ca1ace?s=96&d=mm&r=g\",\"contentUrl\":\"https:\/\/secure.gravatar.com\/avatar\/533caccae14752e03a2ce2d3fd62d1b98b93e1393c3195c27819e53344ca1ace?s=96&d=mm&r=g\",\"caption\":\"piotrboczkowski\"},\"url\":\"https:\/\/www.welovecycling.com\/pl\/author\/piotrboczkowski\/\"}]}<\/script>\n<!-- \/ Yoast SEO Premium plugin. -->","yoast_head_json":{"title":"Szampan dla wszystkich! To by\u0142o pi\u0119kne zako\u0144czenie pi\u0119knego Tour de France - \u0160koda We Love Cycling - Poland","robots":{"index":"index","follow":"follow","max-snippet":"max-snippet:-1","max-image-preview":"max-image-preview:large","max-video-preview":"max-video-preview:-1"},"canonical":"https:\/\/www.welovecycling.com\/pl\/2017\/07\/24\/szampan-dla-wszystkich-bylo-piekne-zakonczenie-pieknego-tour-de-france\/","og_locale":"pl_PL","og_type":"article","og_title":"Szampan dla wszystkich! To by\u0142o pi\u0119kne zako\u0144czenie pi\u0119knego Tour de France","og_description":"\u017bony mia\u0142y \u0142zy w oczach, dzieci wyrywa\u0142y im si\u0119 z r\u0105k, a zawodnicy i kibice po raz kolejny pokazali, \u017ce [&hellip;]","og_url":"https:\/\/www.welovecycling.com\/pl\/2017\/07\/24\/szampan-dla-wszystkich-bylo-piekne-zakonczenie-pieknego-tour-de-france\/","og_site_name":"\u0160koda We Love Cycling - Poland","article_published_time":"2017-07-24T10:38:33+00:00","article_modified_time":"2017-07-29T11:08:54+00:00","og_image":[{"width":1000,"height":666,"url":"https:\/\/d2p6e6u75xmxt8.cloudfront.net\/5\/2017\/07\/20170723506_232012.jpg","type":"image\/jpeg"}],"author":"piotrboczkowski","twitter_card":"summary_large_image","twitter_misc":{"Written by":"WeLoveCycling","Est. reading time":"3 minutes"},"schema":{"@context":"https:\/\/schema.org","@graph":[{"@type":"WebPage","@id":"https:\/\/www.welovecycling.com\/pl\/2017\/07\/24\/szampan-dla-wszystkich-bylo-piekne-zakonczenie-pieknego-tour-de-france\/","url":"https:\/\/www.welovecycling.com\/pl\/2017\/07\/24\/szampan-dla-wszystkich-bylo-piekne-zakonczenie-pieknego-tour-de-france\/","name":"Szampan dla wszystkich! To by\u0142o pi\u0119kne zako\u0144czenie pi\u0119knego Tour de France - \u0160koda We Love Cycling - Poland","isPartOf":{"@id":"https:\/\/www.welovecycling.com\/pl\/#website"},"primaryImageOfPage":{"@id":"https:\/\/www.welovecycling.com\/pl\/2017\/07\/24\/szampan-dla-wszystkich-bylo-piekne-zakonczenie-pieknego-tour-de-france\/#primaryimage"},"image":{"@id":"https:\/\/www.welovecycling.com\/pl\/2017\/07\/24\/szampan-dla-wszystkich-bylo-piekne-zakonczenie-pieknego-tour-de-france\/#primaryimage"},"thumbnailUrl":"https:\/\/d2p6e6u75xmxt8.cloudfront.net\/5\/2017\/07\/20170723506_232012.jpg","datePublished":"2017-07-24T10:38:33+00:00","dateModified":"2017-07-29T11:08:54+00:00","author":{"@id":"https:\/\/www.welovecycling.com\/pl\/#\/schema\/person\/0dba2d39da943db9df3fd8f4687e7f23"},"breadcrumb":{"@id":"https:\/\/www.welovecycling.com\/pl\/2017\/07\/24\/szampan-dla-wszystkich-bylo-piekne-zakonczenie-pieknego-tour-de-france\/#breadcrumb"},"inLanguage":"pl-PL","potentialAction":[{"@type":"ReadAction","target":["https:\/\/www.welovecycling.com\/pl\/2017\/07\/24\/szampan-dla-wszystkich-bylo-piekne-zakonczenie-pieknego-tour-de-france\/"]}]},{"@type":"ImageObject","inLanguage":"pl-PL","@id":"https:\/\/www.welovecycling.com\/pl\/2017\/07\/24\/szampan-dla-wszystkich-bylo-piekne-zakonczenie-pieknego-tour-de-france\/#primaryimage","url":"https:\/\/d2p6e6u75xmxt8.cloudfront.net\/5\/2017\/07\/20170723506_232012.jpg","contentUrl":"https:\/\/d2p6e6u75xmxt8.cloudfront.net\/5\/2017\/07\/20170723506_232012.jpg","width":1000,"height":666,"caption":"Tour de France 2017 - 23\/07\/2017 - Etape 21 - Montgeron \/ Paris Champs-Elys\u00e9es (103 km) - France - Warren BARGUIL (SUN) Meilleur grimpeur, Simon YATES (ORS) Meilleur jeune, Christopher FROOME (SKY) Meilleur au g\u00e9n\u00e9ral, Michael MATTHEWS (SUN) Meilleur sprinter"},{"@type":"BreadcrumbList","@id":"https:\/\/www.welovecycling.com\/pl\/2017\/07\/24\/szampan-dla-wszystkich-bylo-piekne-zakonczenie-pieknego-tour-de-france\/#breadcrumb","itemListElement":[{"@type":"ListItem","position":1,"name":"Home","item":"https:\/\/www.welovecycling.com\/pl\/"},{"@type":"ListItem","position":2,"name":"Szampan dla wszystkich! To by\u0142o pi\u0119kne zako\u0144czenie pi\u0119knego Tour de France"}]},{"@type":"WebSite","@id":"https:\/\/www.welovecycling.com\/pl\/#website","url":"https:\/\/www.welovecycling.com\/pl\/","name":"\u0160koda We Love Cycling - Poland","description":"","potentialAction":[{"@type":"SearchAction","target":{"@type":"EntryPoint","urlTemplate":"https:\/\/www.welovecycling.com\/pl\/?s={search_term_string}"},"query-input":{"@type":"PropertyValueSpecification","valueRequired":true,"valueName":"search_term_string"}}],"inLanguage":"pl-PL"},{"@type":"Person","@id":"https:\/\/www.welovecycling.com\/pl\/#\/schema\/person\/0dba2d39da943db9df3fd8f4687e7f23","name":"piotrboczkowski","image":{"@type":"ImageObject","inLanguage":"pl-PL","@id":"https:\/\/www.welovecycling.com\/pl\/#\/schema\/person\/image\/","url":"https:\/\/secure.gravatar.com\/avatar\/533caccae14752e03a2ce2d3fd62d1b98b93e1393c3195c27819e53344ca1ace?s=96&d=mm&r=g","contentUrl":"https:\/\/secure.gravatar.com\/avatar\/533caccae14752e03a2ce2d3fd62d1b98b93e1393c3195c27819e53344ca1ace?s=96&d=mm&r=g","caption":"piotrboczkowski"},"url":"https:\/\/www.welovecycling.com\/pl\/author\/piotrboczkowski\/"}]}},"_links":{"self":[{"href":"https:\/\/www.welovecycling.com\/pl\/wp-json\/wp\/v2\/posts\/4638","targetHints":{"allow":["GET"]}}],"collection":[{"href":"https:\/\/www.welovecycling.com\/pl\/wp-json\/wp\/v2\/posts"}],"about":[{"href":"https:\/\/www.welovecycling.com\/pl\/wp-json\/wp\/v2\/types\/post"}],"author":[{"embeddable":true,"href":"https:\/\/www.welovecycling.com\/pl\/wp-json\/wp\/v2\/users\/76"}],"replies":[{"embeddable":true,"href":"https:\/\/www.welovecycling.com\/pl\/wp-json\/wp\/v2\/comments?post=4638"}],"version-history":[{"count":2,"href":"https:\/\/www.welovecycling.com\/pl\/wp-json\/wp\/v2\/posts\/4638\/revisions"}],"predecessor-version":[{"id":4689,"href":"https:\/\/www.welovecycling.com\/pl\/wp-json\/wp\/v2\/posts\/4638\/revisions\/4689"}],"wp:featuredmedia":[{"embeddable":true,"href":"https:\/\/www.welovecycling.com\/pl\/wp-json\/wp\/v2\/media\/4639"}],"wp:attachment":[{"href":"https:\/\/www.welovecycling.com\/pl\/wp-json\/wp\/v2\/media?parent=4638"}],"wp:term":[{"taxonomy":"category","embeddable":true,"href":"https:\/\/www.welovecycling.com\/pl\/wp-json\/wp\/v2\/categories?post=4638"},{"taxonomy":"post_tag","embeddable":true,"href":"https:\/\/www.welovecycling.com\/pl\/wp-json\/wp\/v2\/tags?post=4638"},{"taxonomy":"global-categories","embeddable":true,"href":"https:\/\/www.welovecycling.com\/pl\/wp-json\/wp\/v2\/global-categories?post=4638"}],"curies":[{"name":"wp","href":"https:\/\/api.w.org\/{rel}","templated":true}]}}