{"id":4623,"date":"2017-07-23T19:10:25","date_gmt":"2017-07-23T19:10:25","guid":{"rendered":"https:\/\/www.welovecycling.com\/pl\/?p=4623"},"modified":"2017-07-30T07:22:57","modified_gmt":"2017-07-30T07:22:57","slug":"chris-froome-wygral-tour-de-france-2017","status":"publish","type":"post","link":"https:\/\/www.welovecycling.com\/pl\/2017\/07\/23\/chris-froome-wygral-tour-de-france-2017\/","title":{"rendered":"Chris Froome wygra\u0142 Tour de France 2017"},"content":{"rendered":"<p><strong>To ju\u017c oficjalne! Brytyjczyk wygra\u0142 po raz czwarty Tour de France. Rigoberto Ur\u00e1n wywalczy\u0142 drugie miejsce, a tu\u017c za nim, na miejscu trzecim, uplasowa\u0142 si\u0119 Romain Bardet.\u00a0\u00a0Presti\u017cowy sprint wygra\u0142\u00a0Dylan Groenewegen.\u00a0<\/strong><!--more--><\/p>\n<h2><strong>Etap 21<\/strong><\/h2>\n<p>1 Dylan Groenewegen (Ned) Team LottoNl-Jumbo<br \/>\n2 Andr\u00e9 Greipel (Ger) Lotto Soudal<br \/>\n3 Edvald Boasson Hagen (Nor) Dimension Data<br \/>\n4 Nacer Bouhanni (Fra) Cofidis, Solutions Credits<br \/>\n5 Alexander Kristoff (Nor) Katusha-Alpecin<br \/>\n6 Borut Bozic (Slo) Bahrain-Merida<br \/>\n7 Davide Cimolai (Ita) FDJ<br \/>\n8 Pierre Luc Perichon (Fra) Team Fortuneo &#8211; Oscaro<br \/>\n9 R\u00fcdiger Selig (Ger) Bora-Hansgrohe<br \/>\n10 Daniele Bennati (Ita) Movistar Team<\/p>\n<div class=\"embed-controller-wrapper\">\n<blockquote class=\"twitter-tweet\" data-width=\"500\" data-dnt=\"true\">\n<p lang=\"en\" dir=\"ltr\">Chris Froome f\u00eate son 4e titre en famille ! \/ It&#39;s time to celebrate with the family for <a href=\"https:\/\/twitter.com\/chrisfroome?ref_src=twsrc%5Etfw\">@chrisfroome<\/a> <a href=\"https:\/\/twitter.com\/hashtag\/TDF2017?src=hash&amp;ref_src=twsrc%5Etfw\">#TDF2017<\/a> <a href=\"https:\/\/t.co\/glzBO8kzZJ\">pic.twitter.com\/glzBO8kzZJ<\/a><\/p>\n<p>&mdash; Tour de France\u2122 (@LeTour) <a href=\"https:\/\/twitter.com\/LeTour\/status\/889173979373731841?ref_src=twsrc%5Etfw\">July 23, 2017<\/a><\/p><\/blockquote>\n<p><script async data-src=\"https:\/\/platform.twitter.com\/widgets.js\" charset=\"utf-8\"><\/script><\/div>\n<h2><strong>Klasyfikacja generalna<\/strong><\/h2>\n<p>1 Christopher Froome (GBr) Team Sky 86:20:55<br \/>\n2 Rigoberto Ur\u00e1n (Col) Cannondale-Drapac 0:00:54<br \/>\n3 Romain Bardet (Fra) AG2R La Mondiale 0:02:20<br \/>\n4 Mikel Landa (Spa) Team Sky 0:02:21<br \/>\n5 Fabio Aru (Ita) Astana Pro Team 0:03:05<br \/>\n6 Daniel Martin (Irl) Quick-Step Floors 0:04:42<br \/>\n7 Simon Yates (GBr) Orica-Scott 0:06:14<br \/>\n8 Louis Meintjes (RSA) UAE Team Emirates 0:08:20<br \/>\n9 Alberto Contador (Spa) Trek-Segafredo 0:08:49<br \/>\n10 Warren Barguil (Fra) Team Sunweb 0:09:25<\/p>\n","protected":false},"excerpt":{"rendered":"<p>To ju\u017c oficjalne! Brytyjczyk wygra\u0142 po raz czwarty Tour de France. Rigoberto Ur\u00e1n wywalczy\u0142 drugie miejsce, a tu\u017c za nim, [&hellip;]<\/p>\n","protected":false},"author":76,"featured_media":4624,"comment_status":"open","ping_status":"open","sticky":false,"template":"","format":"standard","meta":{"footnotes":""},"categories":[1],"tags":[193,77,163,192],"global-categories":[],"class_list":["post-4623","post","type-post","status-publish","format-standard","has-post-thumbnail","hentry","category-uncategorized","tag-chris-froome","tag-tour-de-france","tag-tour-de-france-2017","tag-zwyciezca"],"yoast_head":"<!-- This site is optimized with the Yoast SEO Premium plugin v25.3 (Yoast SEO v25.9) - https:\/\/yoast.com\/wordpress\/plugins\/seo\/ -->\n<title>Chris Froome wygra\u0142 Tour de France 2017 - \u0160koda We Love Cycling - Poland<\/title>\n<meta name=\"robots\" content=\"index, follow, max-snippet:-1, max-image-preview:large, max-video-preview:-1\" \/>\n<link rel=\"canonical\" href=\"https:\/\/www.welovecycling.com\/pl\/2017\/07\/23\/chris-froome-wygral-tour-de-france-2017\/\" \/>\n<meta property=\"og:locale\" content=\"pl_PL\" \/>\n<meta property=\"og:type\" content=\"article\" \/>\n<meta property=\"og:title\" content=\"Chris Froome wygra\u0142 Tour de France 2017\" \/>\n<meta property=\"og:description\" content=\"To ju\u017c oficjalne! Brytyjczyk wygra\u0142 po raz czwarty Tour de France. Rigoberto Ur\u00e1n wywalczy\u0142 drugie miejsce, a tu\u017c za nim, [&hellip;]\" \/>\n<meta property=\"og:url\" content=\"https:\/\/www.welovecycling.com\/pl\/2017\/07\/23\/chris-froome-wygral-tour-de-france-2017\/\" \/>\n<meta property=\"og:site_name\" content=\"\u0160koda We Love Cycling - Poland\" \/>\n<meta property=\"article:published_time\" content=\"2017-07-23T19:10:25+00:00\" \/>\n<meta property=\"article:modified_time\" content=\"2017-07-30T07:22:57+00:00\" \/>\n<meta property=\"og:image\" content=\"https:\/\/d2p6e6u75xmxt8.cloudfront.net\/5\/2017\/07\/profimedia-0342786101jpg.jpg\" \/>\n\t<meta property=\"og:image:width\" content=\"1800\" \/>\n\t<meta property=\"og:image:height\" content=\"785\" \/>\n\t<meta property=\"og:image:type\" content=\"image\/jpeg\" \/>\n<meta name=\"author\" content=\"piotrboczkowski\" \/>\n<meta name=\"twitter:card\" content=\"summary_large_image\" \/>\n<meta name=\"twitter:label1\" content=\"Written by\" \/>\n\t<meta name=\"twitter:data1\" content=\"WeLoveCycling\" \/>\n\t<meta name=\"twitter:label2\" content=\"Est. reading time\" \/>\n\t<meta name=\"twitter:data2\" content=\"1 minute\" \/>\n<script type=\"application\/ld+json\" class=\"yoast-schema-graph\">{\"@context\":\"https:\/\/schema.org\",\"@graph\":[{\"@type\":\"WebPage\",\"@id\":\"https:\/\/www.welovecycling.com\/pl\/2017\/07\/23\/chris-froome-wygral-tour-de-france-2017\/\",\"url\":\"https:\/\/www.welovecycling.com\/pl\/2017\/07\/23\/chris-froome-wygral-tour-de-france-2017\/\",\"name\":\"Chris Froome wygra\u0142 Tour de France 2017 - \u0160koda We Love Cycling - Poland\",\"isPartOf\":{\"@id\":\"https:\/\/www.welovecycling.com\/pl\/#website\"},\"primaryImageOfPage\":{\"@id\":\"https:\/\/www.welovecycling.com\/pl\/2017\/07\/23\/chris-froome-wygral-tour-de-france-2017\/#primaryimage\"},\"image\":{\"@id\":\"https:\/\/www.welovecycling.com\/pl\/2017\/07\/23\/chris-froome-wygral-tour-de-france-2017\/#primaryimage\"},\"thumbnailUrl\":\"https:\/\/d2p6e6u75xmxt8.cloudfront.net\/5\/2017\/07\/profimedia-0342786101jpg.jpg\",\"datePublished\":\"2017-07-23T19:10:25+00:00\",\"dateModified\":\"2017-07-30T07:22:57+00:00\",\"author\":{\"@id\":\"https:\/\/www.welovecycling.com\/pl\/#\/schema\/person\/0dba2d39da943db9df3fd8f4687e7f23\"},\"breadcrumb\":{\"@id\":\"https:\/\/www.welovecycling.com\/pl\/2017\/07\/23\/chris-froome-wygral-tour-de-france-2017\/#breadcrumb\"},\"inLanguage\":\"pl-PL\",\"potentialAction\":[{\"@type\":\"ReadAction\",\"target\":[\"https:\/\/www.welovecycling.com\/pl\/2017\/07\/23\/chris-froome-wygral-tour-de-france-2017\/\"]}]},{\"@type\":\"ImageObject\",\"inLanguage\":\"pl-PL\",\"@id\":\"https:\/\/www.welovecycling.com\/pl\/2017\/07\/23\/chris-froome-wygral-tour-de-france-2017\/#primaryimage\",\"url\":\"https:\/\/d2p6e6u75xmxt8.cloudfront.net\/5\/2017\/07\/profimedia-0342786101jpg.jpg\",\"contentUrl\":\"https:\/\/d2p6e6u75xmxt8.cloudfront.net\/5\/2017\/07\/profimedia-0342786101jpg.jpg\",\"width\":1800,\"height\":785},{\"@type\":\"BreadcrumbList\",\"@id\":\"https:\/\/www.welovecycling.com\/pl\/2017\/07\/23\/chris-froome-wygral-tour-de-france-2017\/#breadcrumb\",\"itemListElement\":[{\"@type\":\"ListItem\",\"position\":1,\"name\":\"Home\",\"item\":\"https:\/\/www.welovecycling.com\/pl\/\"},{\"@type\":\"ListItem\",\"position\":2,\"name\":\"Chris Froome wygra\u0142 Tour de France 2017\"}]},{\"@type\":\"WebSite\",\"@id\":\"https:\/\/www.welovecycling.com\/pl\/#website\",\"url\":\"https:\/\/www.welovecycling.com\/pl\/\",\"name\":\"\u0160koda We Love Cycling - Poland\",\"description\":\"\",\"potentialAction\":[{\"@type\":\"SearchAction\",\"target\":{\"@type\":\"EntryPoint\",\"urlTemplate\":\"https:\/\/www.welovecycling.com\/pl\/?s={search_term_string}\"},\"query-input\":{\"@type\":\"PropertyValueSpecification\",\"valueRequired\":true,\"valueName\":\"search_term_string\"}}],\"inLanguage\":\"pl-PL\"},{\"@type\":\"Person\",\"@id\":\"https:\/\/www.welovecycling.com\/pl\/#\/schema\/person\/0dba2d39da943db9df3fd8f4687e7f23\",\"name\":\"piotrboczkowski\",\"image\":{\"@type\":\"ImageObject\",\"inLanguage\":\"pl-PL\",\"@id\":\"https:\/\/www.welovecycling.com\/pl\/#\/schema\/person\/image\/\",\"url\":\"https:\/\/secure.gravatar.com\/avatar\/533caccae14752e03a2ce2d3fd62d1b98b93e1393c3195c27819e53344ca1ace?s=96&d=mm&r=g\",\"contentUrl\":\"https:\/\/secure.gravatar.com\/avatar\/533caccae14752e03a2ce2d3fd62d1b98b93e1393c3195c27819e53344ca1ace?s=96&d=mm&r=g\",\"caption\":\"piotrboczkowski\"},\"url\":\"https:\/\/www.welovecycling.com\/pl\/author\/piotrboczkowski\/\"}]}<\/script>\n<!-- \/ Yoast SEO Premium plugin. -->","yoast_head_json":{"title":"Chris Froome wygra\u0142 Tour de France 2017 - \u0160koda We Love Cycling - Poland","robots":{"index":"index","follow":"follow","max-snippet":"max-snippet:-1","max-image-preview":"max-image-preview:large","max-video-preview":"max-video-preview:-1"},"canonical":"https:\/\/www.welovecycling.com\/pl\/2017\/07\/23\/chris-froome-wygral-tour-de-france-2017\/","og_locale":"pl_PL","og_type":"article","og_title":"Chris Froome wygra\u0142 Tour de France 2017","og_description":"To ju\u017c oficjalne! Brytyjczyk wygra\u0142 po raz czwarty Tour de France. Rigoberto Ur\u00e1n wywalczy\u0142 drugie miejsce, a tu\u017c za nim, [&hellip;]","og_url":"https:\/\/www.welovecycling.com\/pl\/2017\/07\/23\/chris-froome-wygral-tour-de-france-2017\/","og_site_name":"\u0160koda We Love Cycling - Poland","article_published_time":"2017-07-23T19:10:25+00:00","article_modified_time":"2017-07-30T07:22:57+00:00","og_image":[{"width":1800,"height":785,"url":"https:\/\/d2p6e6u75xmxt8.cloudfront.net\/5\/2017\/07\/profimedia-0342786101jpg.jpg","type":"image\/jpeg"}],"author":"piotrboczkowski","twitter_card":"summary_large_image","twitter_misc":{"Written by":"WeLoveCycling","Est. reading time":"1 minute"},"schema":{"@context":"https:\/\/schema.org","@graph":[{"@type":"WebPage","@id":"https:\/\/www.welovecycling.com\/pl\/2017\/07\/23\/chris-froome-wygral-tour-de-france-2017\/","url":"https:\/\/www.welovecycling.com\/pl\/2017\/07\/23\/chris-froome-wygral-tour-de-france-2017\/","name":"Chris Froome wygra\u0142 Tour de France 2017 - \u0160koda We Love Cycling - Poland","isPartOf":{"@id":"https:\/\/www.welovecycling.com\/pl\/#website"},"primaryImageOfPage":{"@id":"https:\/\/www.welovecycling.com\/pl\/2017\/07\/23\/chris-froome-wygral-tour-de-france-2017\/#primaryimage"},"image":{"@id":"https:\/\/www.welovecycling.com\/pl\/2017\/07\/23\/chris-froome-wygral-tour-de-france-2017\/#primaryimage"},"thumbnailUrl":"https:\/\/d2p6e6u75xmxt8.cloudfront.net\/5\/2017\/07\/profimedia-0342786101jpg.jpg","datePublished":"2017-07-23T19:10:25+00:00","dateModified":"2017-07-30T07:22:57+00:00","author":{"@id":"https:\/\/www.welovecycling.com\/pl\/#\/schema\/person\/0dba2d39da943db9df3fd8f4687e7f23"},"breadcrumb":{"@id":"https:\/\/www.welovecycling.com\/pl\/2017\/07\/23\/chris-froome-wygral-tour-de-france-2017\/#breadcrumb"},"inLanguage":"pl-PL","potentialAction":[{"@type":"ReadAction","target":["https:\/\/www.welovecycling.com\/pl\/2017\/07\/23\/chris-froome-wygral-tour-de-france-2017\/"]}]},{"@type":"ImageObject","inLanguage":"pl-PL","@id":"https:\/\/www.welovecycling.com\/pl\/2017\/07\/23\/chris-froome-wygral-tour-de-france-2017\/#primaryimage","url":"https:\/\/d2p6e6u75xmxt8.cloudfront.net\/5\/2017\/07\/profimedia-0342786101jpg.jpg","contentUrl":"https:\/\/d2p6e6u75xmxt8.cloudfront.net\/5\/2017\/07\/profimedia-0342786101jpg.jpg","width":1800,"height":785},{"@type":"BreadcrumbList","@id":"https:\/\/www.welovecycling.com\/pl\/2017\/07\/23\/chris-froome-wygral-tour-de-france-2017\/#breadcrumb","itemListElement":[{"@type":"ListItem","position":1,"name":"Home","item":"https:\/\/www.welovecycling.com\/pl\/"},{"@type":"ListItem","position":2,"name":"Chris Froome wygra\u0142 Tour de France 2017"}]},{"@type":"WebSite","@id":"https:\/\/www.welovecycling.com\/pl\/#website","url":"https:\/\/www.welovecycling.com\/pl\/","name":"\u0160koda We Love Cycling - Poland","description":"","potentialAction":[{"@type":"SearchAction","target":{"@type":"EntryPoint","urlTemplate":"https:\/\/www.welovecycling.com\/pl\/?s={search_term_string}"},"query-input":{"@type":"PropertyValueSpecification","valueRequired":true,"valueName":"search_term_string"}}],"inLanguage":"pl-PL"},{"@type":"Person","@id":"https:\/\/www.welovecycling.com\/pl\/#\/schema\/person\/0dba2d39da943db9df3fd8f4687e7f23","name":"piotrboczkowski","image":{"@type":"ImageObject","inLanguage":"pl-PL","@id":"https:\/\/www.welovecycling.com\/pl\/#\/schema\/person\/image\/","url":"https:\/\/secure.gravatar.com\/avatar\/533caccae14752e03a2ce2d3fd62d1b98b93e1393c3195c27819e53344ca1ace?s=96&d=mm&r=g","contentUrl":"https:\/\/secure.gravatar.com\/avatar\/533caccae14752e03a2ce2d3fd62d1b98b93e1393c3195c27819e53344ca1ace?s=96&d=mm&r=g","caption":"piotrboczkowski"},"url":"https:\/\/www.welovecycling.com\/pl\/author\/piotrboczkowski\/"}]}},"_links":{"self":[{"href":"https:\/\/www.welovecycling.com\/pl\/wp-json\/wp\/v2\/posts\/4623","targetHints":{"allow":["GET"]}}],"collection":[{"href":"https:\/\/www.welovecycling.com\/pl\/wp-json\/wp\/v2\/posts"}],"about":[{"href":"https:\/\/www.welovecycling.com\/pl\/wp-json\/wp\/v2\/types\/post"}],"author":[{"embeddable":true,"href":"https:\/\/www.welovecycling.com\/pl\/wp-json\/wp\/v2\/users\/76"}],"replies":[{"embeddable":true,"href":"https:\/\/www.welovecycling.com\/pl\/wp-json\/wp\/v2\/comments?post=4623"}],"version-history":[{"count":2,"href":"https:\/\/www.welovecycling.com\/pl\/wp-json\/wp\/v2\/posts\/4623\/revisions"}],"predecessor-version":[{"id":4694,"href":"https:\/\/www.welovecycling.com\/pl\/wp-json\/wp\/v2\/posts\/4623\/revisions\/4694"}],"wp:featuredmedia":[{"embeddable":true,"href":"https:\/\/www.welovecycling.com\/pl\/wp-json\/wp\/v2\/media\/4624"}],"wp:attachment":[{"href":"https:\/\/www.welovecycling.com\/pl\/wp-json\/wp\/v2\/media?parent=4623"}],"wp:term":[{"taxonomy":"category","embeddable":true,"href":"https:\/\/www.welovecycling.com\/pl\/wp-json\/wp\/v2\/categories?post=4623"},{"taxonomy":"post_tag","embeddable":true,"href":"https:\/\/www.welovecycling.com\/pl\/wp-json\/wp\/v2\/tags?post=4623"},{"taxonomy":"global-categories","embeddable":true,"href":"https:\/\/www.welovecycling.com\/pl\/wp-json\/wp\/v2\/global-categories?post=4623"}],"curies":[{"name":"wp","href":"https:\/\/api.w.org\/{rel}","templated":true}]}}