{"id":4617,"date":"2017-07-23T18:54:05","date_gmt":"2017-07-23T18:54:05","guid":{"rendered":"https:\/\/www.welovecycling.com\/pl\/?p=4617"},"modified":"2017-07-30T09:02:45","modified_gmt":"2017-07-30T09:02:45","slug":"zobacz-nowe-szklane-trofeum-tour-de-france","status":"publish","type":"post","link":"https:\/\/www.welovecycling.com\/pl\/2017\/07\/23\/zobacz-nowe-szklane-trofeum-tour-de-france\/","title":{"rendered":"Zobacz nowe szklane trofeum Tour de France"},"content":{"rendered":"<div class=\"entry-content\"><strong>Dzi\u015b przyjrzymy si\u0119 bli\u017cej jednemu z najbardziej po\u017c\u0105danych dzie\u0142 sztuki w \u015bwiecie kolarstwa. Odruchowo pomy\u015blisz zapewne o nowym modelu roweru, ale nie chodzi o co\u015b do jazdy \u2013 chodzi o rzecz do podziwiania. Sp\u00f3jrz na trofeum, kt\u00f3re <\/strong><strong>na Polach Elizejskich <\/strong><strong>zosta\u0142o\u00a0wr\u0119czone zwyci\u0119zcy tegorocznego wy\u015bcigu.<\/strong><br \/>\n<!--more--><\/div>\n<div class=\"entry-content\">\n<div class=\"embed-wrapper\">\n<p><iframe loading=\"lazy\" src=\"https:\/\/www.youtube-nocookie.com\/embed\/A979vhv4E-E\" width=\"640\" height=\"360\" frameborder=\"0\" allowfullscreen=\"allowfullscreen\"><\/iframe><\/p>\n<\/div>\n<p><span style=\"font-weight: 400;\">Szklany puchar Tour de France to istne dzie\u0142o sztuki i obiekt po\u017c\u0105dania, a sam wy\u015bcig by\u0142by bez niego niekompletny. Obecna forma trofeum pojawia si\u0119 na podium zwyci\u0119zc\u00f3w na bulwarze na Polach Elizejskich w Pary\u017cu od 2011 r., kiedy to zast\u0105pi\u0142a szereg r\u00f3\u017cnorodnych kszta\u0142t\u00f3w wykorzystywanych w przesz\u0142o\u015bci. Charakterystyczny p\u0142ynny, rurowy, elegancki kszta\u0142t nie zmienia si\u0119 od siedmiu lat.<\/span><\/p>\n<p><span style=\"font-weight: 400;\">Nie jest tajemnic\u0105, \u017ce \u0160koda od czternastu lat wsp\u00f3\u0142pracuje z Tour de France i wspiera wy\u015bcig, a tak\u017ce wiele innych imprez kolarskich na ca\u0142ym \u015bwiecie. Wynika to z tego, \u017ce korzenie firmy wywodz\u0105 si\u0119 z dzia\u0142aj\u0105cej dawno temu czeskiej fabryki o nazwie Laurin &amp; Klement (nazwanej tak od jej za\u0142o\u017cycieli), kt\u00f3rej pierwszym produktem by\u0142 rower. Fabryka zosta\u0142a za\u0142o\u017cona w 1895 r. i zaledwie po dziesi\u0119ciu latach wyprodukowa\u0142a sw\u00f3j pierwszy samoch\u00f3d, cho\u0107 wcze\u015bniej zajmowa\u0142a si\u0119 produkcj\u0105 wysokiej jako\u015bci czeskich rower\u00f3w. Tak w\u0142a\u015bnie narodzi\u0142a si\u0119 \u0160koda.<\/span><\/p>\n<p><span style=\"font-weight: 400;\">Aby jeszcze bardziej czerpa\u0107 z czeskiego i rowerowego dziedzictwa oraz wzmocni\u0107 wi\u0119zi z histori\u0105, \u0160koda postanowi\u0142a przyznawa\u0107 zwyci\u0119zcom Tour de France oryginalne, autorskie trofea. Minimalistyczna forma by\u0142a inspirowana kszta\u0142tem opon rowerowych. Projekt zmienia si\u0119 co roku, a inspiracj\u0119 <\/span><span style=\"font-weight: 400;\">czerpie <\/span><span style=\"font-weight: 400;\">zar\u00f3wno z przesz\u0142o\u015bci, jak i przysz\u0142o\u015bci.<\/span><\/p>\n<p><a href=\"https:\/\/d2p6e6u75xmxt8.cloudfront.net\/5\/2017\/07\/2017_Lasvit-for-Tour-de-France_Glassworks-9.jpg\"><img loading=\"lazy\" decoding=\"async\" class=\"alignnone size-full wp-image-4618\" src=\"https:\/\/d2p6e6u75xmxt8.cloudfront.net\/5\/2017\/07\/2017_Lasvit-for-Tour-de-France_Glassworks-9.jpg\" alt=\"\" width=\"6016\" height=\"4016\" srcset=\"https:\/\/d2p6e6u75xmxt8.cloudfront.net\/5\/2017\/07\/2017_Lasvit-for-Tour-de-France_Glassworks-9.jpg 6016w, https:\/\/d2p6e6u75xmxt8.cloudfront.net\/5\/2017\/07\/2017_Lasvit-for-Tour-de-France_Glassworks-9-300x200.jpg 300w, https:\/\/d2p6e6u75xmxt8.cloudfront.net\/5\/2017\/07\/2017_Lasvit-for-Tour-de-France_Glassworks-9-768x513.jpg 768w, https:\/\/d2p6e6u75xmxt8.cloudfront.net\/5\/2017\/07\/2017_Lasvit-for-Tour-de-France_Glassworks-9-1024x684.jpg 1024w, https:\/\/d2p6e6u75xmxt8.cloudfront.net\/5\/2017\/07\/2017_Lasvit-for-Tour-de-France_Glassworks-9-1920x1282.jpg 1920w, https:\/\/d2p6e6u75xmxt8.cloudfront.net\/5\/2017\/07\/2017_Lasvit-for-Tour-de-France_Glassworks-9-272x182.jpg 272w, https:\/\/d2p6e6u75xmxt8.cloudfront.net\/5\/2017\/07\/2017_Lasvit-for-Tour-de-France_Glassworks-9-1920x1282.jpg 1920w\" sizes=\"auto, (max-width: 6016px) 100vw, 6016px\" \/><\/a><\/p>\n<p><span style=\"font-weight: 400;\">Przesz\u0142o\u015b\u0107 symbolizuje czeski kryszta\u0142 i czeski kubizm, osi\u0105gni\u0119cia, kt\u00f3re zyska\u0142y \u015bwiatow\u0105 s\u0142aw\u0119 i kt\u00f3re p\u0142ynnie wesz\u0142y do obecnych trend\u00f3w \u0160KODY w zakresie projektowania i dekorowania. Krystaliczne linie i minimalistyczne, ostro ci\u0119te formy razem tworz\u0105 jedno z najbardziej cenionych trofe\u00f3w w \u015bwiecie sportu.<\/span><\/p>\n<p><span style=\"font-weight: 400;\">Posiadacz tego unikatowego szklanego dzie\u0142a jest wi\u0119c nie tylko jednym z najlepszych \u017cyj\u0105cych kolarzy na \u015bwiecie, ale ma r\u00f3wnie\u017c na swoim kominku prawdziwy kawa\u0142ek historii.<\/span><\/p>\n<h2><strong><u>Fakty o szklanym trofeum:<\/u><\/strong><\/h2>\n<p><span style=\"font-weight: 400;\">Waga: 4 kg (8,8 lb): mniej wi\u0119cej tyle, ile wa\u017cy m\u0142ody koala lub doros\u0142a iguana.<\/span><\/p>\n<p><span style=\"font-weight: 400;\">Wysoko\u015b\u0107: 60 cm (23,6 in): mniej wi\u0119cej tyle, ile mierzy przeci\u0119tne 4-miesi\u0119czne niemowl\u0119.<\/span><\/p>\n<p><span style=\"font-weight: 400;\">Wykonane r\u0119cznie w Czechach przez znan\u0105 pracowni\u0119 szklarsk\u0105 Lasvit.<\/span><\/p>\n<p><span style=\"font-weight: 400;\">Projektanci \u0160KODY maj\u0105 bezpo\u015bredni wp\u0142yw na ostateczny wygl\u0105d puchar\u00f3w. W tym roku jest on inspirowany pierwszym projektem deski rozdzielczej samochodu &#8211; \u0160koda VISION E.<\/span><\/p>\n<p><span style=\"font-weight: 400;\">\u0160koda jest sponsorem zielonej koszulki od 2015 r. i stworzy\u0142a specjaln\u0105 wersj\u0119 trofeum z zielonego szk\u0142a na cze\u015b\u0107 zwyci\u0119zcy.<\/span><\/p>\n<p><span style=\"font-weight: 400;\">Zielony szklany puchar w 2015 i 2016 r. zdoby\u0142 ten sam zawodnik \u2013 Peter Sagan.<\/span><\/p>\n<p><span style=\"font-weight: 400;\">Na wypadek, gdyby kt\u00f3re\u015b z trofe\u00f3w uleg\u0142o uszkodzeniu, zawsze jest kilka \u201ezapasowych\u201d.<\/span><\/p>\n<p><span style=\"font-weight: 400;\">Puchary symbolizuj\u0105 idea\u0142y Tour de France: pasj\u0119, umiej\u0119tno\u015b\u0107, precyzj\u0119, wytrzyma\u0142o\u015b\u0107 i emocje.<\/span><\/p>\n<\/div>\n","protected":false},"excerpt":{"rendered":"<p>Dzi\u015b przyjrzymy si\u0119 bli\u017cej jednemu z najbardziej po\u017c\u0105danych dzie\u0142 sztuki w \u015bwiecie kolarstwa. Odruchowo pomy\u015blisz zapewne o nowym modelu roweru, [&hellip;]<\/p>\n","protected":false},"author":76,"featured_media":4620,"comment_status":"open","ping_status":"open","sticky":false,"template":"","format":"standard","meta":{"footnotes":""},"categories":[1],"tags":[191,77,163,190],"global-categories":[],"class_list":["post-4617","post","type-post","status-publish","format-standard","has-post-thumbnail","hentry","category-uncategorized","tag-skoda","tag-tour-de-france","tag-tour-de-france-2017","tag-trofeum"],"yoast_head":"<!-- This site is optimized with the Yoast SEO Premium plugin v25.3 (Yoast SEO v25.9) - https:\/\/yoast.com\/wordpress\/plugins\/seo\/ -->\n<title>Zobacz nowe szklane trofeum Tour de France - \u0160koda We Love Cycling - Poland<\/title>\n<meta name=\"robots\" content=\"index, follow, max-snippet:-1, max-image-preview:large, max-video-preview:-1\" \/>\n<link rel=\"canonical\" href=\"https:\/\/www.welovecycling.com\/pl\/2017\/07\/23\/zobacz-nowe-szklane-trofeum-tour-de-france\/\" \/>\n<meta property=\"og:locale\" content=\"pl_PL\" \/>\n<meta property=\"og:type\" content=\"article\" \/>\n<meta property=\"og:title\" content=\"Zobacz nowe szklane trofeum Tour de France\" \/>\n<meta property=\"og:description\" content=\"Dzi\u015b przyjrzymy si\u0119 bli\u017cej jednemu z najbardziej po\u017c\u0105danych dzie\u0142 sztuki w \u015bwiecie kolarstwa. Odruchowo pomy\u015blisz zapewne o nowym modelu roweru, [&hellip;]\" \/>\n<meta property=\"og:url\" content=\"https:\/\/www.welovecycling.com\/pl\/2017\/07\/23\/zobacz-nowe-szklane-trofeum-tour-de-france\/\" \/>\n<meta property=\"og:site_name\" content=\"\u0160koda We Love Cycling - Poland\" \/>\n<meta property=\"article:published_time\" content=\"2017-07-23T18:54:05+00:00\" \/>\n<meta property=\"article:modified_time\" content=\"2017-07-30T09:02:45+00:00\" \/>\n<meta property=\"og:image\" content=\"https:\/\/d2p6e6u75xmxt8.cloudfront.net\/5\/2017\/07\/cover1.jpg\" \/>\n\t<meta property=\"og:image:width\" content=\"1375\" \/>\n\t<meta property=\"og:image:height\" content=\"600\" \/>\n\t<meta property=\"og:image:type\" content=\"image\/jpeg\" \/>\n<meta name=\"author\" content=\"piotrboczkowski\" \/>\n<meta name=\"twitter:card\" content=\"summary_large_image\" \/>\n<meta name=\"twitter:label1\" content=\"Written by\" \/>\n\t<meta name=\"twitter:data1\" content=\"Frantiska Blazkova\" \/>\n\t<meta name=\"twitter:label2\" content=\"Est. reading time\" \/>\n\t<meta name=\"twitter:data2\" content=\"3 minutes\" \/>\n<script type=\"application\/ld+json\" class=\"yoast-schema-graph\">{\"@context\":\"https:\/\/schema.org\",\"@graph\":[{\"@type\":\"WebPage\",\"@id\":\"https:\/\/www.welovecycling.com\/pl\/2017\/07\/23\/zobacz-nowe-szklane-trofeum-tour-de-france\/\",\"url\":\"https:\/\/www.welovecycling.com\/pl\/2017\/07\/23\/zobacz-nowe-szklane-trofeum-tour-de-france\/\",\"name\":\"Zobacz nowe szklane trofeum Tour de France - \u0160koda We Love Cycling - Poland\",\"isPartOf\":{\"@id\":\"https:\/\/www.welovecycling.com\/pl\/#website\"},\"primaryImageOfPage\":{\"@id\":\"https:\/\/www.welovecycling.com\/pl\/2017\/07\/23\/zobacz-nowe-szklane-trofeum-tour-de-france\/#primaryimage\"},\"image\":{\"@id\":\"https:\/\/www.welovecycling.com\/pl\/2017\/07\/23\/zobacz-nowe-szklane-trofeum-tour-de-france\/#primaryimage\"},\"thumbnailUrl\":\"https:\/\/d2p6e6u75xmxt8.cloudfront.net\/5\/2017\/07\/cover1.jpg\",\"datePublished\":\"2017-07-23T18:54:05+00:00\",\"dateModified\":\"2017-07-30T09:02:45+00:00\",\"author\":{\"@id\":\"https:\/\/www.welovecycling.com\/pl\/#\/schema\/person\/0dba2d39da943db9df3fd8f4687e7f23\"},\"breadcrumb\":{\"@id\":\"https:\/\/www.welovecycling.com\/pl\/2017\/07\/23\/zobacz-nowe-szklane-trofeum-tour-de-france\/#breadcrumb\"},\"inLanguage\":\"pl-PL\",\"potentialAction\":[{\"@type\":\"ReadAction\",\"target\":[\"https:\/\/www.welovecycling.com\/pl\/2017\/07\/23\/zobacz-nowe-szklane-trofeum-tour-de-france\/\"]}]},{\"@type\":\"ImageObject\",\"inLanguage\":\"pl-PL\",\"@id\":\"https:\/\/www.welovecycling.com\/pl\/2017\/07\/23\/zobacz-nowe-szklane-trofeum-tour-de-france\/#primaryimage\",\"url\":\"https:\/\/d2p6e6u75xmxt8.cloudfront.net\/5\/2017\/07\/cover1.jpg\",\"contentUrl\":\"https:\/\/d2p6e6u75xmxt8.cloudfront.net\/5\/2017\/07\/cover1.jpg\",\"width\":1375,\"height\":600},{\"@type\":\"BreadcrumbList\",\"@id\":\"https:\/\/www.welovecycling.com\/pl\/2017\/07\/23\/zobacz-nowe-szklane-trofeum-tour-de-france\/#breadcrumb\",\"itemListElement\":[{\"@type\":\"ListItem\",\"position\":1,\"name\":\"Home\",\"item\":\"https:\/\/www.welovecycling.com\/pl\/\"},{\"@type\":\"ListItem\",\"position\":2,\"name\":\"Zobacz nowe szklane trofeum Tour de France\"}]},{\"@type\":\"WebSite\",\"@id\":\"https:\/\/www.welovecycling.com\/pl\/#website\",\"url\":\"https:\/\/www.welovecycling.com\/pl\/\",\"name\":\"\u0160koda We Love Cycling - Poland\",\"description\":\"\",\"potentialAction\":[{\"@type\":\"SearchAction\",\"target\":{\"@type\":\"EntryPoint\",\"urlTemplate\":\"https:\/\/www.welovecycling.com\/pl\/?s={search_term_string}\"},\"query-input\":{\"@type\":\"PropertyValueSpecification\",\"valueRequired\":true,\"valueName\":\"search_term_string\"}}],\"inLanguage\":\"pl-PL\"},{\"@type\":\"Person\",\"@id\":\"https:\/\/www.welovecycling.com\/pl\/#\/schema\/person\/0dba2d39da943db9df3fd8f4687e7f23\",\"name\":\"piotrboczkowski\",\"image\":{\"@type\":\"ImageObject\",\"inLanguage\":\"pl-PL\",\"@id\":\"https:\/\/www.welovecycling.com\/pl\/#\/schema\/person\/image\/\",\"url\":\"https:\/\/secure.gravatar.com\/avatar\/533caccae14752e03a2ce2d3fd62d1b98b93e1393c3195c27819e53344ca1ace?s=96&d=mm&r=g\",\"contentUrl\":\"https:\/\/secure.gravatar.com\/avatar\/533caccae14752e03a2ce2d3fd62d1b98b93e1393c3195c27819e53344ca1ace?s=96&d=mm&r=g\",\"caption\":\"piotrboczkowski\"},\"url\":\"https:\/\/www.welovecycling.com\/pl\/author\/piotrboczkowski\/\"}]}<\/script>\n<!-- \/ Yoast SEO Premium plugin. -->","yoast_head_json":{"title":"Zobacz nowe szklane trofeum Tour de France - \u0160koda We Love Cycling - Poland","robots":{"index":"index","follow":"follow","max-snippet":"max-snippet:-1","max-image-preview":"max-image-preview:large","max-video-preview":"max-video-preview:-1"},"canonical":"https:\/\/www.welovecycling.com\/pl\/2017\/07\/23\/zobacz-nowe-szklane-trofeum-tour-de-france\/","og_locale":"pl_PL","og_type":"article","og_title":"Zobacz nowe szklane trofeum Tour de France","og_description":"Dzi\u015b przyjrzymy si\u0119 bli\u017cej jednemu z najbardziej po\u017c\u0105danych dzie\u0142 sztuki w \u015bwiecie kolarstwa. Odruchowo pomy\u015blisz zapewne o nowym modelu roweru, [&hellip;]","og_url":"https:\/\/www.welovecycling.com\/pl\/2017\/07\/23\/zobacz-nowe-szklane-trofeum-tour-de-france\/","og_site_name":"\u0160koda We Love Cycling - Poland","article_published_time":"2017-07-23T18:54:05+00:00","article_modified_time":"2017-07-30T09:02:45+00:00","og_image":[{"width":1375,"height":600,"url":"https:\/\/d2p6e6u75xmxt8.cloudfront.net\/5\/2017\/07\/cover1.jpg","type":"image\/jpeg"}],"author":"piotrboczkowski","twitter_card":"summary_large_image","twitter_misc":{"Written by":"Frantiska Blazkova","Est. reading time":"3 minutes"},"schema":{"@context":"https:\/\/schema.org","@graph":[{"@type":"WebPage","@id":"https:\/\/www.welovecycling.com\/pl\/2017\/07\/23\/zobacz-nowe-szklane-trofeum-tour-de-france\/","url":"https:\/\/www.welovecycling.com\/pl\/2017\/07\/23\/zobacz-nowe-szklane-trofeum-tour-de-france\/","name":"Zobacz nowe szklane trofeum Tour de France - \u0160koda We Love Cycling - Poland","isPartOf":{"@id":"https:\/\/www.welovecycling.com\/pl\/#website"},"primaryImageOfPage":{"@id":"https:\/\/www.welovecycling.com\/pl\/2017\/07\/23\/zobacz-nowe-szklane-trofeum-tour-de-france\/#primaryimage"},"image":{"@id":"https:\/\/www.welovecycling.com\/pl\/2017\/07\/23\/zobacz-nowe-szklane-trofeum-tour-de-france\/#primaryimage"},"thumbnailUrl":"https:\/\/d2p6e6u75xmxt8.cloudfront.net\/5\/2017\/07\/cover1.jpg","datePublished":"2017-07-23T18:54:05+00:00","dateModified":"2017-07-30T09:02:45+00:00","author":{"@id":"https:\/\/www.welovecycling.com\/pl\/#\/schema\/person\/0dba2d39da943db9df3fd8f4687e7f23"},"breadcrumb":{"@id":"https:\/\/www.welovecycling.com\/pl\/2017\/07\/23\/zobacz-nowe-szklane-trofeum-tour-de-france\/#breadcrumb"},"inLanguage":"pl-PL","potentialAction":[{"@type":"ReadAction","target":["https:\/\/www.welovecycling.com\/pl\/2017\/07\/23\/zobacz-nowe-szklane-trofeum-tour-de-france\/"]}]},{"@type":"ImageObject","inLanguage":"pl-PL","@id":"https:\/\/www.welovecycling.com\/pl\/2017\/07\/23\/zobacz-nowe-szklane-trofeum-tour-de-france\/#primaryimage","url":"https:\/\/d2p6e6u75xmxt8.cloudfront.net\/5\/2017\/07\/cover1.jpg","contentUrl":"https:\/\/d2p6e6u75xmxt8.cloudfront.net\/5\/2017\/07\/cover1.jpg","width":1375,"height":600},{"@type":"BreadcrumbList","@id":"https:\/\/www.welovecycling.com\/pl\/2017\/07\/23\/zobacz-nowe-szklane-trofeum-tour-de-france\/#breadcrumb","itemListElement":[{"@type":"ListItem","position":1,"name":"Home","item":"https:\/\/www.welovecycling.com\/pl\/"},{"@type":"ListItem","position":2,"name":"Zobacz nowe szklane trofeum Tour de France"}]},{"@type":"WebSite","@id":"https:\/\/www.welovecycling.com\/pl\/#website","url":"https:\/\/www.welovecycling.com\/pl\/","name":"\u0160koda We Love Cycling - Poland","description":"","potentialAction":[{"@type":"SearchAction","target":{"@type":"EntryPoint","urlTemplate":"https:\/\/www.welovecycling.com\/pl\/?s={search_term_string}"},"query-input":{"@type":"PropertyValueSpecification","valueRequired":true,"valueName":"search_term_string"}}],"inLanguage":"pl-PL"},{"@type":"Person","@id":"https:\/\/www.welovecycling.com\/pl\/#\/schema\/person\/0dba2d39da943db9df3fd8f4687e7f23","name":"piotrboczkowski","image":{"@type":"ImageObject","inLanguage":"pl-PL","@id":"https:\/\/www.welovecycling.com\/pl\/#\/schema\/person\/image\/","url":"https:\/\/secure.gravatar.com\/avatar\/533caccae14752e03a2ce2d3fd62d1b98b93e1393c3195c27819e53344ca1ace?s=96&d=mm&r=g","contentUrl":"https:\/\/secure.gravatar.com\/avatar\/533caccae14752e03a2ce2d3fd62d1b98b93e1393c3195c27819e53344ca1ace?s=96&d=mm&r=g","caption":"piotrboczkowski"},"url":"https:\/\/www.welovecycling.com\/pl\/author\/piotrboczkowski\/"}]}},"_links":{"self":[{"href":"https:\/\/www.welovecycling.com\/pl\/wp-json\/wp\/v2\/posts\/4617","targetHints":{"allow":["GET"]}}],"collection":[{"href":"https:\/\/www.welovecycling.com\/pl\/wp-json\/wp\/v2\/posts"}],"about":[{"href":"https:\/\/www.welovecycling.com\/pl\/wp-json\/wp\/v2\/types\/post"}],"author":[{"embeddable":true,"href":"https:\/\/www.welovecycling.com\/pl\/wp-json\/wp\/v2\/users\/76"}],"replies":[{"embeddable":true,"href":"https:\/\/www.welovecycling.com\/pl\/wp-json\/wp\/v2\/comments?post=4617"}],"version-history":[{"count":2,"href":"https:\/\/www.welovecycling.com\/pl\/wp-json\/wp\/v2\/posts\/4617\/revisions"}],"predecessor-version":[{"id":4697,"href":"https:\/\/www.welovecycling.com\/pl\/wp-json\/wp\/v2\/posts\/4617\/revisions\/4697"}],"wp:featuredmedia":[{"embeddable":true,"href":"https:\/\/www.welovecycling.com\/pl\/wp-json\/wp\/v2\/media\/4620"}],"wp:attachment":[{"href":"https:\/\/www.welovecycling.com\/pl\/wp-json\/wp\/v2\/media?parent=4617"}],"wp:term":[{"taxonomy":"category","embeddable":true,"href":"https:\/\/www.welovecycling.com\/pl\/wp-json\/wp\/v2\/categories?post=4617"},{"taxonomy":"post_tag","embeddable":true,"href":"https:\/\/www.welovecycling.com\/pl\/wp-json\/wp\/v2\/tags?post=4617"},{"taxonomy":"global-categories","embeddable":true,"href":"https:\/\/www.welovecycling.com\/pl\/wp-json\/wp\/v2\/global-categories?post=4617"}],"curies":[{"name":"wp","href":"https:\/\/api.w.org\/{rel}","templated":true}]}}