{"id":4607,"date":"2017-07-22T21:09:43","date_gmt":"2017-07-22T21:09:43","guid":{"rendered":"https:\/\/www.welovecycling.com\/pl\/?p=4607"},"modified":"2017-07-30T10:47:20","modified_gmt":"2017-07-30T10:47:20","slug":"czapki-glow-sie-tworzy-historie-bodnar-wygral-etap-tour-de-france-kwiatkowski-tuz-nim","status":"publish","type":"post","link":"https:\/\/www.welovecycling.com\/pl\/2017\/07\/22\/czapki-glow-sie-tworzy-historie-bodnar-wygral-etap-tour-de-france-kwiatkowski-tuz-nim\/","title":{"rendered":"Czapki z g\u0142\u00f3w, tak si\u0119 tworzy histori\u0119! Bodnar wygra\u0142 etap Tour de France, Kwiatkowski tu\u017c za nim!"},"content":{"rendered":"<p>O tym dniu b\u0119dziemy opowiadali dzieciom i wnukom! Maciej Bodnar wygra\u0142 20. etap Tour de France, a tu\u017c za nim by\u0142 Micha\u0142 Kwiatkowski. Tak pi\u0119knego dnia polscy kibice kolarstwa jeszcze nie prze\u017cyli w 114-letniej historii Wielkiej P\u0119tli!<\/p>\n<p>By\u0142y zwyci\u0119stwa etapowe, by\u0142a wygrana w klasyfikacji g\u00f3rskiej. Ale dwaj Polacy na najwy\u017cszych stopniach podium? Szanowni Pa\u0144stwo, historia tworzy si\u0119 na naszych oczach!<\/p>\n<p>&#8211; Wielki sukces Ma\u0107ka Bodnara, pi\u0119kna jazda Micha\u0142a Kwiatkowskiego, a wielki Chris\u00a0 Froome dopiero za nimi. Pi\u0119knie si\u0119 dzia\u0142o w Marsylii na tym cudownym welodromie \u2013 emocjonowali si\u0119 komentatorzy Eurosportu.<\/p>\n<p><strong>Pech przegoniony z pr\u0119dko\u015bci\u0105 \u015bwiat\u0142a<\/strong><\/p>\n<p>A wszystko rozegra\u0142o si\u0119 na stadionie, na kt\u00f3rym polscy kibice rok temu prze\u017cywali dramat. To tu, w Marsylii, z Euro 2016 odpad\u0142a po rzutach karnych polska dru\u017cyna. Tamtego pecha w sobot\u0119 przegonili jednak Bodnar oraz Kwiatkowski. I to z pr\u0119dko\u015bci\u0105 \u015bwiat\u0142a!<\/p>\n<p>Nie do\u015b\u0107, \u017ce kr\u0119cili z nadludzk\u0105 si\u0142\u0105, to jeszcze jechali na pograniczu ryzyka. A trasa \u0142atwa nie by\u0142a &#8211; kr\u0119ta, skomplikowana technicznie, z morskimi podmuchami wiatru. S\u0142owem \u2013 przypadkowy kolarz nie m\u00f3g\u0142 tu wygra\u0107.<\/p>\n<p>Najpierw Polacy wskoczyli na pierwsze dwa miejsca, a z czasem okazywa\u0142o si\u0119, \u017ce wykr\u0119cili czas nieosi\u0105galny tak\u017ce dla coraz lepszych zawodnik\u00f3w. Na samym ko\u0144cu na tras\u0119 wjechali ci najmocniejsi i te\u017c nie dali rady. W sobot\u0119 Polacy byli nie do pokonania!<\/p>\n<p><em>&#8211; Jestem bardzo szcz\u0119\u015bliwy, wci\u0105\u017c nie mog\u0119 w to uwierzy\u0107. To najlepszy spos\u00f3b na zako\u0144czenie Tour de France\u2026 W ubieg\u0142ym roku by\u0142em blisko, w tym jeszcze bli\u017cej, a teraz wreszcie zwyci\u0119stwo. Jak by\u0142em dzieckiem, marzy\u0142em o starcie w Wielkiej P\u0119tli, a teraz wygra\u0142em etap!<\/em> \u2013 m\u00f3wi\u0142 na mecie szcz\u0119\u015bliwy Bodnar.<\/p>\n<p>Kilka dni temu Polak by\u0142 250 metr\u00f3w od zwyci\u0119stwa, ale w ostatniej chwili wch\u0142on\u0105\u0142 go peleton. I zamiast szcz\u0119\u015bcia oraz przej\u015bcia do historii by\u0142o wielkie rozczarowanie. Bo chcia\u0142 wygra\u0107 dla siebie, najbli\u017cszych i zmar\u0142ego niedawno ojca. Niestety, nic z tego nie wysz\u0142o.<\/p>\n<p>Teraz jednak w ko\u0144cu m\u00f3g\u0142 wypowiedzie\u0107 s\u0142owa, kt\u00f3re by\u0107 mo\u017ce \u015bni\u0142y mu si\u0119 po nocach.<\/p>\n<p><em>&#8211; Dzi\u0119kuj\u0119\u00a0mojej dziewczynie, kt\u00f3ra zawsze mnie wspiera, a tak\u017ce mamie i tacie, kt\u00f3ry niestety odszed\u0142 i nie m\u00f3g\u0142 by\u0107 \u015bwiadkiem tego wspania\u0142ego momentu. Ten triumf jest te\u017c dla Petera [Sagana] i Rafa\u0142a [Majki]. Pokazali\u015bmy, \u017ce jeste\u015bmy bardzo siln\u0105 grup\u0105<\/em> \u2013 cieszy\u0142 si\u0119 Bodnar.<\/p>\n<p><strong>Przegrana o b\u0142ysk szprychy<\/strong><\/p>\n<p>Nagrod\u0119 za pi\u0119kn\u0105 walk\u0119 otrzyma\u0142 te\u017c Kwiatkowski. Przez ca\u0142y Tour de France walczy\u0142 jak lew za triumf Chrisa Fromme\u2019a. Wypruwa\u0142 \u017cy\u0142y, niemal pada\u0142 na trasie, a mimo to wykrzesa\u0142 si\u0142y na walk\u0119 w czas\u00f3wce. Na pierwszym pomiarze czasu by\u0142 nawet lepszy od Bodnara, ale ostatecznie przegra\u0142 o b\u0142ysk szprychy.<\/p>\n<p>&#8211; Nawet hrabia Monte Christo nie mo\u017ce nadziwi\u0107 si\u0119 temu, jak pi\u0119knie pojechali Polacy. Wielkie gratulacje dla naszych kolarzy \u2013 podsumowali komentatorzy Eurosportu.<\/p>\n<p>W Marsylii wygran\u0105 w Tour de France przypiecz\u0119towa\u0142 Chris Froome, drugi jest Rigoberto Ur\u00e1n, a trzeci Romain Bardet. Jest ju\u017c tak\u017ce niemal pewne, \u017ce walk\u0119 o zielon\u0105 koszulk\u0119 (sponsorowan\u0105 przez \u0160KOD\u0118) wygra Michael Matthews.<\/p>\n<p>W niedziel\u0119 ostatni etap \u2013 etap przyja\u017ani, kt\u00f3ry nie powinien przynie\u015b\u0107 zmian w czo\u0142\u00f3wce.<\/p>\n<p>(\u017ar\u00f3d\u0142o zdj\u0119\u0107:\u00a0www.letour.fr \u00a9 ASO\/Alex BROADWAY)<\/p>\n","protected":false},"excerpt":{"rendered":"<p>O tym dniu b\u0119dziemy opowiadali dzieciom i wnukom! Maciej Bodnar wygra\u0142 20. etap Tour de France, a tu\u017c za nim [&hellip;]<\/p>\n","protected":false},"author":76,"featured_media":4608,"comment_status":"open","ping_status":"open","sticky":false,"template":"","format":"standard","meta":{"footnotes":""},"categories":[1],"tags":[189,158,77,163,82,146],"global-categories":[],"class_list":["post-4607","post","type-post","status-publish","format-standard","has-post-thumbnail","hentry","category-uncategorized","tag-maciej-bodnar","tag-relacja","tag-tour-de-france","tag-tour-de-france-2017","tag-welovecycling","tag-wyscig"],"yoast_head":"<!-- This site is optimized with the Yoast SEO Premium plugin v25.3 (Yoast SEO v25.9) - https:\/\/yoast.com\/wordpress\/plugins\/seo\/ -->\n<title>Czapki z g\u0142\u00f3w, tak si\u0119 tworzy histori\u0119! Bodnar wygra\u0142 etap Tour de France, Kwiatkowski tu\u017c za nim! - \u0160koda We Love Cycling - Poland<\/title>\n<meta name=\"robots\" content=\"index, follow, max-snippet:-1, max-image-preview:large, max-video-preview:-1\" \/>\n<link rel=\"canonical\" href=\"https:\/\/www.welovecycling.com\/pl\/2017\/07\/22\/czapki-glow-sie-tworzy-historie-bodnar-wygral-etap-tour-de-france-kwiatkowski-tuz-nim\/\" \/>\n<meta property=\"og:locale\" content=\"pl_PL\" \/>\n<meta property=\"og:type\" content=\"article\" \/>\n<meta property=\"og:title\" content=\"Czapki z g\u0142\u00f3w, tak si\u0119 tworzy histori\u0119! Bodnar wygra\u0142 etap Tour de France, Kwiatkowski tu\u017c za nim!\" \/>\n<meta property=\"og:description\" content=\"O tym dniu b\u0119dziemy opowiadali dzieciom i wnukom! Maciej Bodnar wygra\u0142 20. etap Tour de France, a tu\u017c za nim [&hellip;]\" \/>\n<meta property=\"og:url\" content=\"https:\/\/www.welovecycling.com\/pl\/2017\/07\/22\/czapki-glow-sie-tworzy-historie-bodnar-wygral-etap-tour-de-france-kwiatkowski-tuz-nim\/\" \/>\n<meta property=\"og:site_name\" content=\"\u0160koda We Love Cycling - Poland\" \/>\n<meta property=\"article:published_time\" content=\"2017-07-22T21:09:43+00:00\" \/>\n<meta property=\"article:modified_time\" content=\"2017-07-30T10:47:20+00:00\" \/>\n<meta property=\"og:image\" content=\"https:\/\/d2p6e6u75xmxt8.cloudfront.net\/5\/2017\/07\/20170722314_221651.jpg\" \/>\n\t<meta property=\"og:image:width\" content=\"1000\" \/>\n\t<meta property=\"og:image:height\" content=\"666\" \/>\n\t<meta property=\"og:image:type\" content=\"image\/jpeg\" \/>\n<meta name=\"author\" content=\"piotrboczkowski\" \/>\n<meta name=\"twitter:card\" content=\"summary_large_image\" \/>\n<meta name=\"twitter:label1\" content=\"Written by\" \/>\n\t<meta name=\"twitter:data1\" content=\"WeLoveCycling\" \/>\n\t<meta name=\"twitter:label2\" content=\"Est. reading time\" \/>\n\t<meta name=\"twitter:data2\" content=\"3 minutes\" \/>\n<script type=\"application\/ld+json\" class=\"yoast-schema-graph\">{\"@context\":\"https:\/\/schema.org\",\"@graph\":[{\"@type\":\"WebPage\",\"@id\":\"https:\/\/www.welovecycling.com\/pl\/2017\/07\/22\/czapki-glow-sie-tworzy-historie-bodnar-wygral-etap-tour-de-france-kwiatkowski-tuz-nim\/\",\"url\":\"https:\/\/www.welovecycling.com\/pl\/2017\/07\/22\/czapki-glow-sie-tworzy-historie-bodnar-wygral-etap-tour-de-france-kwiatkowski-tuz-nim\/\",\"name\":\"Czapki z g\u0142\u00f3w, tak si\u0119 tworzy histori\u0119! Bodnar wygra\u0142 etap Tour de France, Kwiatkowski tu\u017c za nim! - \u0160koda We Love Cycling - Poland\",\"isPartOf\":{\"@id\":\"https:\/\/www.welovecycling.com\/pl\/#website\"},\"primaryImageOfPage\":{\"@id\":\"https:\/\/www.welovecycling.com\/pl\/2017\/07\/22\/czapki-glow-sie-tworzy-historie-bodnar-wygral-etap-tour-de-france-kwiatkowski-tuz-nim\/#primaryimage\"},\"image\":{\"@id\":\"https:\/\/www.welovecycling.com\/pl\/2017\/07\/22\/czapki-glow-sie-tworzy-historie-bodnar-wygral-etap-tour-de-france-kwiatkowski-tuz-nim\/#primaryimage\"},\"thumbnailUrl\":\"https:\/\/d2p6e6u75xmxt8.cloudfront.net\/5\/2017\/07\/20170722314_221651.jpg\",\"datePublished\":\"2017-07-22T21:09:43+00:00\",\"dateModified\":\"2017-07-30T10:47:20+00:00\",\"author\":{\"@id\":\"https:\/\/www.welovecycling.com\/pl\/#\/schema\/person\/0dba2d39da943db9df3fd8f4687e7f23\"},\"breadcrumb\":{\"@id\":\"https:\/\/www.welovecycling.com\/pl\/2017\/07\/22\/czapki-glow-sie-tworzy-historie-bodnar-wygral-etap-tour-de-france-kwiatkowski-tuz-nim\/#breadcrumb\"},\"inLanguage\":\"pl-PL\",\"potentialAction\":[{\"@type\":\"ReadAction\",\"target\":[\"https:\/\/www.welovecycling.com\/pl\/2017\/07\/22\/czapki-glow-sie-tworzy-historie-bodnar-wygral-etap-tour-de-france-kwiatkowski-tuz-nim\/\"]}]},{\"@type\":\"ImageObject\",\"inLanguage\":\"pl-PL\",\"@id\":\"https:\/\/www.welovecycling.com\/pl\/2017\/07\/22\/czapki-glow-sie-tworzy-historie-bodnar-wygral-etap-tour-de-france-kwiatkowski-tuz-nim\/#primaryimage\",\"url\":\"https:\/\/d2p6e6u75xmxt8.cloudfront.net\/5\/2017\/07\/20170722314_221651.jpg\",\"contentUrl\":\"https:\/\/d2p6e6u75xmxt8.cloudfront.net\/5\/2017\/07\/20170722314_221651.jpg\",\"width\":1000,\"height\":666,\"caption\":\"Tour de France 2017 - 22\/07\/2017 - Etape 20 - Marseille \/ Marseille(22,5 km CLM) - France - Maciej BODNAR (BORA - HANSGROHE) - Vainqueur du contre la montre\"},{\"@type\":\"BreadcrumbList\",\"@id\":\"https:\/\/www.welovecycling.com\/pl\/2017\/07\/22\/czapki-glow-sie-tworzy-historie-bodnar-wygral-etap-tour-de-france-kwiatkowski-tuz-nim\/#breadcrumb\",\"itemListElement\":[{\"@type\":\"ListItem\",\"position\":1,\"name\":\"Home\",\"item\":\"https:\/\/www.welovecycling.com\/pl\/\"},{\"@type\":\"ListItem\",\"position\":2,\"name\":\"Czapki z g\u0142\u00f3w, tak si\u0119 tworzy histori\u0119! Bodnar wygra\u0142 etap Tour de France, Kwiatkowski tu\u017c za nim!\"}]},{\"@type\":\"WebSite\",\"@id\":\"https:\/\/www.welovecycling.com\/pl\/#website\",\"url\":\"https:\/\/www.welovecycling.com\/pl\/\",\"name\":\"\u0160koda We Love Cycling - Poland\",\"description\":\"\",\"potentialAction\":[{\"@type\":\"SearchAction\",\"target\":{\"@type\":\"EntryPoint\",\"urlTemplate\":\"https:\/\/www.welovecycling.com\/pl\/?s={search_term_string}\"},\"query-input\":{\"@type\":\"PropertyValueSpecification\",\"valueRequired\":true,\"valueName\":\"search_term_string\"}}],\"inLanguage\":\"pl-PL\"},{\"@type\":\"Person\",\"@id\":\"https:\/\/www.welovecycling.com\/pl\/#\/schema\/person\/0dba2d39da943db9df3fd8f4687e7f23\",\"name\":\"piotrboczkowski\",\"image\":{\"@type\":\"ImageObject\",\"inLanguage\":\"pl-PL\",\"@id\":\"https:\/\/www.welovecycling.com\/pl\/#\/schema\/person\/image\/\",\"url\":\"https:\/\/secure.gravatar.com\/avatar\/533caccae14752e03a2ce2d3fd62d1b98b93e1393c3195c27819e53344ca1ace?s=96&d=mm&r=g\",\"contentUrl\":\"https:\/\/secure.gravatar.com\/avatar\/533caccae14752e03a2ce2d3fd62d1b98b93e1393c3195c27819e53344ca1ace?s=96&d=mm&r=g\",\"caption\":\"piotrboczkowski\"},\"url\":\"https:\/\/www.welovecycling.com\/pl\/author\/piotrboczkowski\/\"}]}<\/script>\n<!-- \/ Yoast SEO Premium plugin. -->","yoast_head_json":{"title":"Czapki z g\u0142\u00f3w, tak si\u0119 tworzy histori\u0119! Bodnar wygra\u0142 etap Tour de France, Kwiatkowski tu\u017c za nim! - \u0160koda We Love Cycling - Poland","robots":{"index":"index","follow":"follow","max-snippet":"max-snippet:-1","max-image-preview":"max-image-preview:large","max-video-preview":"max-video-preview:-1"},"canonical":"https:\/\/www.welovecycling.com\/pl\/2017\/07\/22\/czapki-glow-sie-tworzy-historie-bodnar-wygral-etap-tour-de-france-kwiatkowski-tuz-nim\/","og_locale":"pl_PL","og_type":"article","og_title":"Czapki z g\u0142\u00f3w, tak si\u0119 tworzy histori\u0119! Bodnar wygra\u0142 etap Tour de France, Kwiatkowski tu\u017c za nim!","og_description":"O tym dniu b\u0119dziemy opowiadali dzieciom i wnukom! Maciej Bodnar wygra\u0142 20. etap Tour de France, a tu\u017c za nim [&hellip;]","og_url":"https:\/\/www.welovecycling.com\/pl\/2017\/07\/22\/czapki-glow-sie-tworzy-historie-bodnar-wygral-etap-tour-de-france-kwiatkowski-tuz-nim\/","og_site_name":"\u0160koda We Love Cycling - Poland","article_published_time":"2017-07-22T21:09:43+00:00","article_modified_time":"2017-07-30T10:47:20+00:00","og_image":[{"width":1000,"height":666,"url":"https:\/\/d2p6e6u75xmxt8.cloudfront.net\/5\/2017\/07\/20170722314_221651.jpg","type":"image\/jpeg"}],"author":"piotrboczkowski","twitter_card":"summary_large_image","twitter_misc":{"Written by":"WeLoveCycling","Est. reading time":"3 minutes"},"schema":{"@context":"https:\/\/schema.org","@graph":[{"@type":"WebPage","@id":"https:\/\/www.welovecycling.com\/pl\/2017\/07\/22\/czapki-glow-sie-tworzy-historie-bodnar-wygral-etap-tour-de-france-kwiatkowski-tuz-nim\/","url":"https:\/\/www.welovecycling.com\/pl\/2017\/07\/22\/czapki-glow-sie-tworzy-historie-bodnar-wygral-etap-tour-de-france-kwiatkowski-tuz-nim\/","name":"Czapki z g\u0142\u00f3w, tak si\u0119 tworzy histori\u0119! Bodnar wygra\u0142 etap Tour de France, Kwiatkowski tu\u017c za nim! - \u0160koda We Love Cycling - Poland","isPartOf":{"@id":"https:\/\/www.welovecycling.com\/pl\/#website"},"primaryImageOfPage":{"@id":"https:\/\/www.welovecycling.com\/pl\/2017\/07\/22\/czapki-glow-sie-tworzy-historie-bodnar-wygral-etap-tour-de-france-kwiatkowski-tuz-nim\/#primaryimage"},"image":{"@id":"https:\/\/www.welovecycling.com\/pl\/2017\/07\/22\/czapki-glow-sie-tworzy-historie-bodnar-wygral-etap-tour-de-france-kwiatkowski-tuz-nim\/#primaryimage"},"thumbnailUrl":"https:\/\/d2p6e6u75xmxt8.cloudfront.net\/5\/2017\/07\/20170722314_221651.jpg","datePublished":"2017-07-22T21:09:43+00:00","dateModified":"2017-07-30T10:47:20+00:00","author":{"@id":"https:\/\/www.welovecycling.com\/pl\/#\/schema\/person\/0dba2d39da943db9df3fd8f4687e7f23"},"breadcrumb":{"@id":"https:\/\/www.welovecycling.com\/pl\/2017\/07\/22\/czapki-glow-sie-tworzy-historie-bodnar-wygral-etap-tour-de-france-kwiatkowski-tuz-nim\/#breadcrumb"},"inLanguage":"pl-PL","potentialAction":[{"@type":"ReadAction","target":["https:\/\/www.welovecycling.com\/pl\/2017\/07\/22\/czapki-glow-sie-tworzy-historie-bodnar-wygral-etap-tour-de-france-kwiatkowski-tuz-nim\/"]}]},{"@type":"ImageObject","inLanguage":"pl-PL","@id":"https:\/\/www.welovecycling.com\/pl\/2017\/07\/22\/czapki-glow-sie-tworzy-historie-bodnar-wygral-etap-tour-de-france-kwiatkowski-tuz-nim\/#primaryimage","url":"https:\/\/d2p6e6u75xmxt8.cloudfront.net\/5\/2017\/07\/20170722314_221651.jpg","contentUrl":"https:\/\/d2p6e6u75xmxt8.cloudfront.net\/5\/2017\/07\/20170722314_221651.jpg","width":1000,"height":666,"caption":"Tour de France 2017 - 22\/07\/2017 - Etape 20 - Marseille \/ Marseille(22,5 km CLM) - France - Maciej BODNAR (BORA - HANSGROHE) - Vainqueur du contre la montre"},{"@type":"BreadcrumbList","@id":"https:\/\/www.welovecycling.com\/pl\/2017\/07\/22\/czapki-glow-sie-tworzy-historie-bodnar-wygral-etap-tour-de-france-kwiatkowski-tuz-nim\/#breadcrumb","itemListElement":[{"@type":"ListItem","position":1,"name":"Home","item":"https:\/\/www.welovecycling.com\/pl\/"},{"@type":"ListItem","position":2,"name":"Czapki z g\u0142\u00f3w, tak si\u0119 tworzy histori\u0119! Bodnar wygra\u0142 etap Tour de France, Kwiatkowski tu\u017c za nim!"}]},{"@type":"WebSite","@id":"https:\/\/www.welovecycling.com\/pl\/#website","url":"https:\/\/www.welovecycling.com\/pl\/","name":"\u0160koda We Love Cycling - Poland","description":"","potentialAction":[{"@type":"SearchAction","target":{"@type":"EntryPoint","urlTemplate":"https:\/\/www.welovecycling.com\/pl\/?s={search_term_string}"},"query-input":{"@type":"PropertyValueSpecification","valueRequired":true,"valueName":"search_term_string"}}],"inLanguage":"pl-PL"},{"@type":"Person","@id":"https:\/\/www.welovecycling.com\/pl\/#\/schema\/person\/0dba2d39da943db9df3fd8f4687e7f23","name":"piotrboczkowski","image":{"@type":"ImageObject","inLanguage":"pl-PL","@id":"https:\/\/www.welovecycling.com\/pl\/#\/schema\/person\/image\/","url":"https:\/\/secure.gravatar.com\/avatar\/533caccae14752e03a2ce2d3fd62d1b98b93e1393c3195c27819e53344ca1ace?s=96&d=mm&r=g","contentUrl":"https:\/\/secure.gravatar.com\/avatar\/533caccae14752e03a2ce2d3fd62d1b98b93e1393c3195c27819e53344ca1ace?s=96&d=mm&r=g","caption":"piotrboczkowski"},"url":"https:\/\/www.welovecycling.com\/pl\/author\/piotrboczkowski\/"}]}},"_links":{"self":[{"href":"https:\/\/www.welovecycling.com\/pl\/wp-json\/wp\/v2\/posts\/4607","targetHints":{"allow":["GET"]}}],"collection":[{"href":"https:\/\/www.welovecycling.com\/pl\/wp-json\/wp\/v2\/posts"}],"about":[{"href":"https:\/\/www.welovecycling.com\/pl\/wp-json\/wp\/v2\/types\/post"}],"author":[{"embeddable":true,"href":"https:\/\/www.welovecycling.com\/pl\/wp-json\/wp\/v2\/users\/76"}],"replies":[{"embeddable":true,"href":"https:\/\/www.welovecycling.com\/pl\/wp-json\/wp\/v2\/comments?post=4607"}],"version-history":[{"count":2,"href":"https:\/\/www.welovecycling.com\/pl\/wp-json\/wp\/v2\/posts\/4607\/revisions"}],"predecessor-version":[{"id":4700,"href":"https:\/\/www.welovecycling.com\/pl\/wp-json\/wp\/v2\/posts\/4607\/revisions\/4700"}],"wp:featuredmedia":[{"embeddable":true,"href":"https:\/\/www.welovecycling.com\/pl\/wp-json\/wp\/v2\/media\/4608"}],"wp:attachment":[{"href":"https:\/\/www.welovecycling.com\/pl\/wp-json\/wp\/v2\/media?parent=4607"}],"wp:term":[{"taxonomy":"category","embeddable":true,"href":"https:\/\/www.welovecycling.com\/pl\/wp-json\/wp\/v2\/categories?post=4607"},{"taxonomy":"post_tag","embeddable":true,"href":"https:\/\/www.welovecycling.com\/pl\/wp-json\/wp\/v2\/tags?post=4607"},{"taxonomy":"global-categories","embeddable":true,"href":"https:\/\/www.welovecycling.com\/pl\/wp-json\/wp\/v2\/global-categories?post=4607"}],"curies":[{"name":"wp","href":"https:\/\/api.w.org\/{rel}","templated":true}]}}