{"id":4596,"date":"2017-07-21T23:14:49","date_gmt":"2017-07-21T23:14:49","guid":{"rendered":"https:\/\/www.welovecycling.com\/pl\/?p=4596"},"modified":"2017-08-26T17:08:48","modified_gmt":"2017-08-26T17:08:48","slug":"jiri-jezek-historia-niezlomnego-ducha","status":"publish","type":"post","link":"https:\/\/www.welovecycling.com\/pl\/2017\/07\/21\/jiri-jezek-historia-niezlomnego-ducha\/","title":{"rendered":"Ji\u0159\u00ed Je\u017eek \u2013 historia niez\u0142omnego ducha"},"content":{"rendered":"<p><strong>Jest taki zawodnik, kt\u00f3ry do wszystkiego doszed\u0142 sam, kt\u00f3ry kocha jazd\u0119 rowerow\u0105 i nigdy si\u0119 nie poddaje. Ka\u017cdego roku przeje\u017cd\u017ca ponad 30 tysi\u0119cy kilometr\u00f3w na swoim rowerze, jest zdobywc\u0105 Pucharu \u015awiata UCI w parakolarstwie i sze\u015bciokrotnym paraolimpijskim z\u0142otym medalist\u0105. Nazywa si\u0119 Ji\u0159\u00ed Je\u017eek i brak nogi nie jest dla niego wielkim problemem. Rozgrywa swoj\u0105 sportow\u0105 karier\u0119 na najwy\u017cszym poziomie trudno\u015bci i wci\u0105\u017c wygrywa. Jak to robi? Poznajcie histori\u0119 jego \u017cycia.<\/strong><br \/>\n<!--more--><\/p>\n<h2><strong>Wypadek, kt\u00f3ry uwa\u017ca za wygran\u0105<\/strong><\/h2>\n<p>Problemem protez n\u00f3g nie jest tylko ograniczenie ruchu, ale tak\u017ce ograniczona trwa\u0142o\u015b\u0107. Nie s\u0105 one niezniszczalne i zdarza im si\u0119 zepsu\u0107. Na przyk\u0142ad podczas d\u0142ugiego wy\u015bcigu na Dominikanie proteza Ji\u0159\u00edego z\u0142ama\u0142a si\u0119 w \u015brodku etapu. Nie da\u0142o si\u0119 jej wymieni\u0107, gdy\u017c nie by\u0142o \u017cadnej firmy, kt\u00f3ra produkowa\u0142aby takie protezy, wi\u0119c sklei\u0142 j\u0105 po prostu ta\u015bm\u0105 izolacyjn\u0105 i sko\u0144czy\u0142 pozosta\u0142e etapy.<\/p>\n<lite-youtube videoid=mNqx2f9Pgj0 params=\"enablejsapi=1\" style=\"background-image: url('https:\/\/i.ytimg.com\/vi_webp\/mNqx2f9Pgj0\/maxresdefault.webp');\"><\/lite-youtube>\n<p>Niewiele rzeczy jest w stanie go zniech\u0119ci\u0107, by\u0142o tak ju\u017c w czasach jego dzieci\u0144stwa. Kiedy jako jedenastolatek przechodzi\u0142 przez jezdni\u0119, przejecha\u0142 go cementow\u00f3z i jego prawa noga musia\u0142a zosta\u0107 amputowana w kolanie. Kiedy dzi\u015b kto\u015b pyta o wypadek, jego odpowiedzi s\u0105 dosy\u0107 zaskakuj\u0105ce i pozbawione z\u0142ych emocji. \u201eDa\u0142 mi samokontrol\u0119 i determinacj\u0119\u201d \u2013 m\u00f3wi, t\u0142umacz\u0105c, jak utrata nogi w rzeczywisto\u015bci mu pomog\u0142a.<\/p>\n<h2><strong>Powr\u00f3t do zdrowia go ukszta\u0142towa\u0142<\/strong><\/h2>\n<p>Rodzice nie odpuszczali mu, kiedy wr\u00f3ci\u0142 po kilku miesi\u0105cach w szpitalu. Musia\u0142 wykonywa\u0107 domowe obowi\u0105zki tak jak wcze\u015bniej. A nawet kiedy wolno mu by\u0142o wi\u0119cej, na przyk\u0142ad nie zdejmowa\u0107 but\u00f3w w szkole, bo z jego protez\u0105 by\u0142o to skomplikowane, odmawia\u0142. Wk\u0142ada\u0142 we wszystko wi\u0119cej wysi\u0142ku i przestrzega\u0142 tych samych zasad co inne dzieci. To do\u015bwiadczenie ukszta\u0142towa\u0142o jego osobowo\u015b\u0107 i zaprocentowa\u0142o w p\u00f3\u017aniejszym \u017cyciu.<\/p>\n<p><a href=\"https:\/\/d2p6e6u75xmxt8.cloudfront.net\/5\/2017\/07\/IMG_2883.jpg\"><img loading=\"lazy\" decoding=\"async\" class=\"alignnone size-full wp-image-4597\" src=\"https:\/\/d2p6e6u75xmxt8.cloudfront.net\/5\/2017\/07\/IMG_2883.jpg\" alt=\"\" width=\"1920\" height=\"1440\" srcset=\"https:\/\/d2p6e6u75xmxt8.cloudfront.net\/5\/2017\/07\/IMG_2883.jpg 1920w, https:\/\/d2p6e6u75xmxt8.cloudfront.net\/5\/2017\/07\/IMG_2883-300x225.jpg 300w, https:\/\/d2p6e6u75xmxt8.cloudfront.net\/5\/2017\/07\/IMG_2883-768x576.jpg 768w, https:\/\/d2p6e6u75xmxt8.cloudfront.net\/5\/2017\/07\/IMG_2883-1024x768.jpg 1024w, https:\/\/d2p6e6u75xmxt8.cloudfront.net\/5\/2017\/07\/IMG_2883-1920x1440.jpg 1920w\" sizes=\"auto, (max-width: 1920px) 100vw, 1920px\" \/><\/a><\/p>\n<h2><strong>Jak wci\u0105gn\u0105\u0142 si\u0119 w kolarstwo<\/strong><\/h2>\n<p>Jazda na rowerze by\u0142a dla niego najmniej bolesnym sposobem przemieszczania si\u0119 i szybko sta\u0142a si\u0119 hobby. By\u0142 to jeden z tych rodzaj\u00f3w aktywno\u015bci fizycznej, w kt\u00f3rych czu\u0142 si\u0119 r\u00f3wny swoim r\u00f3wie\u015bnikom. Zacz\u0105\u0142 trenowa\u0107 w wieku dwudziestu lat, ci\u0119\u017cko pracowa\u0142, robi\u0142 post\u0119py i szybko zacz\u0105\u0142 stawa\u0107 na podiach rozmaitych wy\u015bcig\u00f3w. Jego pierwszy du\u017cy sukces jako amatora przyszed\u0142 po sze\u015bciu latach, kiedy zakwalifikowa\u0142 si\u0119 na Igrzyska Paraolimpijskie w Sydney i zdoby\u0142 dwa z\u0142ote medale.<\/p>\n<h2><strong>Trenowanie z jedn\u0105 nog\u0105<\/strong><\/h2>\n<p>W tym czasie Ji\u0159\u00ed pracowa\u0142 w firmie produkuj\u0105cej protezy, wi\u0119c mia\u0142 ich kilka \u2013 do chodzenia, biegania i jazdy na rowerze. P\u00f3\u017aniej, jako zaawansowany kolarz, chcia\u0142 podnosi\u0107 ci\u0119\u017cary jak inni profesjonali\u015bci. Niestety nie by\u0142 w stanie trenowa\u0107 si\u0142owo z \u017cadn\u0105 protez\u0105, by\u0142o to zbyt bolesne i niszcz\u0105ce dla jego cia\u0142a. Ale to go nie powstrzyma\u0142o. \u0106wiczy\u0142 du\u017co intensywniej i zdoby\u0142 wszystkie swoje z\u0142ote medale, trenuj\u0105c nogi tylko na rowerze.<\/p>\n<p>https:\/\/www.instagram.com\/p\/BUXa5DXFtox\/?taken-by=jirijezek74<\/p>\n<h2><strong>Spos\u00f3b my\u015blenia mistrza<\/strong><\/h2>\n<p>Wed\u0142ug pomiar\u00f3w przeprowadzonych na Uniwersytecie w Heidelbergu jego amputowana noga jest w stanie wytworzy\u0107 oko\u0142o 70% mocy w por\u00f3wnaniu do mo\u017cliwo\u015bci pe\u0142nosprawnych profesjonalist\u00f3w. Mimo to Ji\u0159\u00ed regularnie si\u0119 z nimi \u015bciga i zawsze mia\u0142 potrzeb\u0119 bycia pierwszym, bez wzgl\u0119du na startowe pozycje. Zamiast narzeka\u0107, dodatkowo \u0107wiczy, \u017ceby jego nogi mog\u0142y sprosta\u0107 konkurencji.<\/p>\n<p>Dowodem tego by\u0142a jego demonstracja najwy\u017cszego poziomu kolarstwa w 2010 roku, w kt\u00f3rym sp\u0119dzi\u0142 ca\u0142y sezon w zawodowej grupie. Z powodzeniem \u015bciga\u0142 si\u0119 ze zwyci\u0119zcami Tour de France, mistrzami \u015bwiata i wielkimi gwiazdami peletonu.\u00a0W 2013 roku przejecha\u0142 czas\u00f3wk\u0119 na Mt. San Michel jako zawodnik przecieraj\u0105cy tras\u0119 i nie bior\u0105c nawet udzia\u0142u w wy\u015bcigu, osi\u0105gn\u0105\u0142 lepszy czas ni\u017c trzech prawdziwych zawodowc\u00f3w.<\/p>\n<p><a href=\"https:\/\/d2p6e6u75xmxt8.cloudfront.net\/5\/2017\/07\/IMG_7580.jpg\"><img loading=\"lazy\" decoding=\"async\" class=\"alignnone size-full wp-image-4599\" src=\"https:\/\/d2p6e6u75xmxt8.cloudfront.net\/5\/2017\/07\/IMG_7580.jpg\" alt=\"\" width=\"1920\" height=\"1440\" srcset=\"https:\/\/d2p6e6u75xmxt8.cloudfront.net\/5\/2017\/07\/IMG_7580.jpg 1920w, https:\/\/d2p6e6u75xmxt8.cloudfront.net\/5\/2017\/07\/IMG_7580-300x225.jpg 300w, https:\/\/d2p6e6u75xmxt8.cloudfront.net\/5\/2017\/07\/IMG_7580-768x576.jpg 768w, https:\/\/d2p6e6u75xmxt8.cloudfront.net\/5\/2017\/07\/IMG_7580-1024x768.jpg 1024w, https:\/\/d2p6e6u75xmxt8.cloudfront.net\/5\/2017\/07\/IMG_7580-1920x1440.jpg 1920w\" sizes=\"auto, (max-width: 1920px) 100vw, 1920px\" \/><\/a><\/p>\n<p>Nawet kiedy wy\u015bcig z profesjonalistami nie idzie mu dobrze, zostaje na rowerze tak d\u0142ugo, jak to mo\u017cliwe, \u017ceby solidnie potrenowa\u0107. Jego \u017cona i managerka Sonja m\u00f3wi: \u201eJirka rezygnuje z jazdy tylko, je\u015bli upadnie, odniesie kontuzj\u0119, jego rower zostanie zniszczony lub kiedy s\u0119dziowie wy\u0142\u0105cz\u0105 go z wy\u015bcigu\u201d. Przekonali\u015bmy si\u0119 o tym sami, kiedy do\u0142\u0105czy\u0142 do naszej grupy na L&#8217;\u00c9tape\u00a0du Tour w 2016 roku.<\/p>\n<h2><strong>Zaci\u0119to\u015b\u0107<\/strong><\/h2>\n<p>Ji\u0159\u00ed jest zdeterminowany i ma \u015bwietn\u0105 etyk\u0119 pracy \u2013 to w\u0142a\u015bnie pomog\u0142o mu zosta\u0107 pierwszym niepe\u0142nosprawnym zawodowym rowerzyst\u0105 Czech. Zosta\u0142 mistrzem, bo nigdy si\u0119 nie poddaje. \u201eJe\u015bli poddasz si\u0119 raz, zapami\u0119tasz to na zawsze i ju\u017c zawsze b\u0119dziesz si\u0119 poddawa\u0142 w wy\u015bcigach\u201d\u2013 m\u00f3wi, t\u0142umacz\u0105c, dlaczego nie dopuszcza takiej mo\u017cliwo\u015bci. Nie tylko o tym m\u00f3wi, ale te\u017c to praktykuje.<\/p>\n<p>https:\/\/www.instagram.com\/p\/BTRnc40lvFS\/?taken-by=jirijezek74<\/p>\n<p>Po du\u017cym upadku w mistrzostwach \u015bwiata w USA w 2014 roku\u00a0\u2013 po kt\u00f3rym sp\u0119dzi\u0142 w szpitalu kilka tygodni, straci\u0142 dwa \u017cebra, troch\u0119 mi\u0119\u015bni g\u00f3rnej cz\u0119\u015bci cia\u0142a i kawa\u0142ek p\u0142uca \u2013 nie podda\u0142 si\u0119. Uda\u0142o mu si\u0119 wr\u00f3ci\u0107 do zdrowia, zacz\u0105\u0107 zn\u00f3w trenowa\u0107 i zakwalifikowa\u0107 si\u0119 na Igrzyska Paraolimpijskie 2016 w Rio.<\/p>\n","protected":false},"excerpt":{"rendered":"<p>Jest taki zawodnik, kt\u00f3ry do wszystkiego doszed\u0142 sam, kt\u00f3ry kocha jazd\u0119 rowerow\u0105 i nigdy si\u0119 nie poddaje. Ka\u017cdego roku przeje\u017cd\u017ca [&hellip;]<\/p>\n","protected":false},"author":76,"featured_media":4603,"comment_status":"open","ping_status":"open","sticky":false,"template":"","format":"standard","meta":{"footnotes":""},"categories":[1],"tags":[77],"global-categories":[],"class_list":["post-4596","post","type-post","status-publish","format-standard","has-post-thumbnail","hentry","category-uncategorized","tag-tour-de-france"],"yoast_head":"<!-- This site is optimized with the Yoast SEO Premium plugin v25.3 (Yoast SEO v25.9) - https:\/\/yoast.com\/wordpress\/plugins\/seo\/ -->\n<title>Ji\u0159\u00ed Je\u017eek \u2013 historia niez\u0142omnego ducha - \u0160koda We Love Cycling - Poland<\/title>\n<meta name=\"robots\" content=\"index, follow, max-snippet:-1, max-image-preview:large, max-video-preview:-1\" \/>\n<link rel=\"canonical\" href=\"https:\/\/www.welovecycling.com\/pl\/2017\/07\/21\/jiri-jezek-historia-niezlomnego-ducha\/\" \/>\n<meta property=\"og:locale\" content=\"pl_PL\" \/>\n<meta property=\"og:type\" content=\"article\" \/>\n<meta property=\"og:title\" content=\"Ji\u0159\u00ed Je\u017eek \u2013 historia niez\u0142omnego ducha\" \/>\n<meta property=\"og:description\" content=\"Jest taki zawodnik, kt\u00f3ry do wszystkiego doszed\u0142 sam, kt\u00f3ry kocha jazd\u0119 rowerow\u0105 i nigdy si\u0119 nie poddaje. Ka\u017cdego roku przeje\u017cd\u017ca [&hellip;]\" \/>\n<meta property=\"og:url\" content=\"https:\/\/www.welovecycling.com\/pl\/2017\/07\/21\/jiri-jezek-historia-niezlomnego-ducha\/\" \/>\n<meta property=\"og:site_name\" content=\"\u0160koda We Love Cycling - Poland\" \/>\n<meta property=\"article:published_time\" content=\"2017-07-21T23:14:49+00:00\" \/>\n<meta property=\"article:modified_time\" content=\"2017-08-26T17:08:48+00:00\" \/>\n<meta property=\"og:image\" content=\"https:\/\/d2p6e6u75xmxt8.cloudfront.net\/5\/2017\/07\/Untitled-collage-5.jpg\" \/>\n\t<meta property=\"og:image:width\" content=\"1800\" \/>\n\t<meta property=\"og:image:height\" content=\"785\" \/>\n\t<meta property=\"og:image:type\" content=\"image\/jpeg\" \/>\n<meta name=\"author\" content=\"piotrboczkowski\" \/>\n<meta name=\"twitter:card\" content=\"summary_large_image\" \/>\n<meta name=\"twitter:label1\" content=\"Written by\" \/>\n\t<meta name=\"twitter:data1\" content=\"WeLoveCycling\" \/>\n\t<meta name=\"twitter:label2\" content=\"Est. reading time\" \/>\n\t<meta name=\"twitter:data2\" content=\"4 minutes\" \/>\n<script type=\"application\/ld+json\" class=\"yoast-schema-graph\">{\"@context\":\"https:\/\/schema.org\",\"@graph\":[{\"@type\":\"WebPage\",\"@id\":\"https:\/\/www.welovecycling.com\/pl\/2017\/07\/21\/jiri-jezek-historia-niezlomnego-ducha\/\",\"url\":\"https:\/\/www.welovecycling.com\/pl\/2017\/07\/21\/jiri-jezek-historia-niezlomnego-ducha\/\",\"name\":\"Ji\u0159\u00ed Je\u017eek \u2013 historia niez\u0142omnego ducha - \u0160koda We Love Cycling - Poland\",\"isPartOf\":{\"@id\":\"https:\/\/www.welovecycling.com\/pl\/#website\"},\"primaryImageOfPage\":{\"@id\":\"https:\/\/www.welovecycling.com\/pl\/2017\/07\/21\/jiri-jezek-historia-niezlomnego-ducha\/#primaryimage\"},\"image\":{\"@id\":\"https:\/\/www.welovecycling.com\/pl\/2017\/07\/21\/jiri-jezek-historia-niezlomnego-ducha\/#primaryimage\"},\"thumbnailUrl\":\"https:\/\/d2p6e6u75xmxt8.cloudfront.net\/5\/2017\/07\/Untitled-collage-5.jpg\",\"datePublished\":\"2017-07-21T23:14:49+00:00\",\"dateModified\":\"2017-08-26T17:08:48+00:00\",\"author\":{\"@id\":\"https:\/\/www.welovecycling.com\/pl\/#\/schema\/person\/0dba2d39da943db9df3fd8f4687e7f23\"},\"breadcrumb\":{\"@id\":\"https:\/\/www.welovecycling.com\/pl\/2017\/07\/21\/jiri-jezek-historia-niezlomnego-ducha\/#breadcrumb\"},\"inLanguage\":\"pl-PL\",\"potentialAction\":[{\"@type\":\"ReadAction\",\"target\":[\"https:\/\/www.welovecycling.com\/pl\/2017\/07\/21\/jiri-jezek-historia-niezlomnego-ducha\/\"]}]},{\"@type\":\"ImageObject\",\"inLanguage\":\"pl-PL\",\"@id\":\"https:\/\/www.welovecycling.com\/pl\/2017\/07\/21\/jiri-jezek-historia-niezlomnego-ducha\/#primaryimage\",\"url\":\"https:\/\/d2p6e6u75xmxt8.cloudfront.net\/5\/2017\/07\/Untitled-collage-5.jpg\",\"contentUrl\":\"https:\/\/d2p6e6u75xmxt8.cloudfront.net\/5\/2017\/07\/Untitled-collage-5.jpg\",\"width\":1800,\"height\":785},{\"@type\":\"BreadcrumbList\",\"@id\":\"https:\/\/www.welovecycling.com\/pl\/2017\/07\/21\/jiri-jezek-historia-niezlomnego-ducha\/#breadcrumb\",\"itemListElement\":[{\"@type\":\"ListItem\",\"position\":1,\"name\":\"Home\",\"item\":\"https:\/\/www.welovecycling.com\/pl\/\"},{\"@type\":\"ListItem\",\"position\":2,\"name\":\"Ji\u0159\u00ed Je\u017eek \u2013 historia niez\u0142omnego ducha\"}]},{\"@type\":\"WebSite\",\"@id\":\"https:\/\/www.welovecycling.com\/pl\/#website\",\"url\":\"https:\/\/www.welovecycling.com\/pl\/\",\"name\":\"\u0160koda We Love Cycling - Poland\",\"description\":\"\",\"potentialAction\":[{\"@type\":\"SearchAction\",\"target\":{\"@type\":\"EntryPoint\",\"urlTemplate\":\"https:\/\/www.welovecycling.com\/pl\/?s={search_term_string}\"},\"query-input\":{\"@type\":\"PropertyValueSpecification\",\"valueRequired\":true,\"valueName\":\"search_term_string\"}}],\"inLanguage\":\"pl-PL\"},{\"@type\":\"Person\",\"@id\":\"https:\/\/www.welovecycling.com\/pl\/#\/schema\/person\/0dba2d39da943db9df3fd8f4687e7f23\",\"name\":\"piotrboczkowski\",\"image\":{\"@type\":\"ImageObject\",\"inLanguage\":\"pl-PL\",\"@id\":\"https:\/\/www.welovecycling.com\/pl\/#\/schema\/person\/image\/\",\"url\":\"https:\/\/secure.gravatar.com\/avatar\/533caccae14752e03a2ce2d3fd62d1b98b93e1393c3195c27819e53344ca1ace?s=96&d=mm&r=g\",\"contentUrl\":\"https:\/\/secure.gravatar.com\/avatar\/533caccae14752e03a2ce2d3fd62d1b98b93e1393c3195c27819e53344ca1ace?s=96&d=mm&r=g\",\"caption\":\"piotrboczkowski\"},\"url\":\"https:\/\/www.welovecycling.com\/pl\/author\/piotrboczkowski\/\"}]}<\/script>\n<!-- \/ Yoast SEO Premium plugin. -->","yoast_head_json":{"title":"Ji\u0159\u00ed Je\u017eek \u2013 historia niez\u0142omnego ducha - \u0160koda We Love Cycling - Poland","robots":{"index":"index","follow":"follow","max-snippet":"max-snippet:-1","max-image-preview":"max-image-preview:large","max-video-preview":"max-video-preview:-1"},"canonical":"https:\/\/www.welovecycling.com\/pl\/2017\/07\/21\/jiri-jezek-historia-niezlomnego-ducha\/","og_locale":"pl_PL","og_type":"article","og_title":"Ji\u0159\u00ed Je\u017eek \u2013 historia niez\u0142omnego ducha","og_description":"Jest taki zawodnik, kt\u00f3ry do wszystkiego doszed\u0142 sam, kt\u00f3ry kocha jazd\u0119 rowerow\u0105 i nigdy si\u0119 nie poddaje. Ka\u017cdego roku przeje\u017cd\u017ca [&hellip;]","og_url":"https:\/\/www.welovecycling.com\/pl\/2017\/07\/21\/jiri-jezek-historia-niezlomnego-ducha\/","og_site_name":"\u0160koda We Love Cycling - Poland","article_published_time":"2017-07-21T23:14:49+00:00","article_modified_time":"2017-08-26T17:08:48+00:00","og_image":[{"width":1800,"height":785,"url":"https:\/\/d2p6e6u75xmxt8.cloudfront.net\/5\/2017\/07\/Untitled-collage-5.jpg","type":"image\/jpeg"}],"author":"piotrboczkowski","twitter_card":"summary_large_image","twitter_misc":{"Written by":"WeLoveCycling","Est. reading time":"4 minutes"},"schema":{"@context":"https:\/\/schema.org","@graph":[{"@type":"WebPage","@id":"https:\/\/www.welovecycling.com\/pl\/2017\/07\/21\/jiri-jezek-historia-niezlomnego-ducha\/","url":"https:\/\/www.welovecycling.com\/pl\/2017\/07\/21\/jiri-jezek-historia-niezlomnego-ducha\/","name":"Ji\u0159\u00ed Je\u017eek \u2013 historia niez\u0142omnego ducha - \u0160koda We Love Cycling - Poland","isPartOf":{"@id":"https:\/\/www.welovecycling.com\/pl\/#website"},"primaryImageOfPage":{"@id":"https:\/\/www.welovecycling.com\/pl\/2017\/07\/21\/jiri-jezek-historia-niezlomnego-ducha\/#primaryimage"},"image":{"@id":"https:\/\/www.welovecycling.com\/pl\/2017\/07\/21\/jiri-jezek-historia-niezlomnego-ducha\/#primaryimage"},"thumbnailUrl":"https:\/\/d2p6e6u75xmxt8.cloudfront.net\/5\/2017\/07\/Untitled-collage-5.jpg","datePublished":"2017-07-21T23:14:49+00:00","dateModified":"2017-08-26T17:08:48+00:00","author":{"@id":"https:\/\/www.welovecycling.com\/pl\/#\/schema\/person\/0dba2d39da943db9df3fd8f4687e7f23"},"breadcrumb":{"@id":"https:\/\/www.welovecycling.com\/pl\/2017\/07\/21\/jiri-jezek-historia-niezlomnego-ducha\/#breadcrumb"},"inLanguage":"pl-PL","potentialAction":[{"@type":"ReadAction","target":["https:\/\/www.welovecycling.com\/pl\/2017\/07\/21\/jiri-jezek-historia-niezlomnego-ducha\/"]}]},{"@type":"ImageObject","inLanguage":"pl-PL","@id":"https:\/\/www.welovecycling.com\/pl\/2017\/07\/21\/jiri-jezek-historia-niezlomnego-ducha\/#primaryimage","url":"https:\/\/d2p6e6u75xmxt8.cloudfront.net\/5\/2017\/07\/Untitled-collage-5.jpg","contentUrl":"https:\/\/d2p6e6u75xmxt8.cloudfront.net\/5\/2017\/07\/Untitled-collage-5.jpg","width":1800,"height":785},{"@type":"BreadcrumbList","@id":"https:\/\/www.welovecycling.com\/pl\/2017\/07\/21\/jiri-jezek-historia-niezlomnego-ducha\/#breadcrumb","itemListElement":[{"@type":"ListItem","position":1,"name":"Home","item":"https:\/\/www.welovecycling.com\/pl\/"},{"@type":"ListItem","position":2,"name":"Ji\u0159\u00ed Je\u017eek \u2013 historia niez\u0142omnego ducha"}]},{"@type":"WebSite","@id":"https:\/\/www.welovecycling.com\/pl\/#website","url":"https:\/\/www.welovecycling.com\/pl\/","name":"\u0160koda We Love Cycling - Poland","description":"","potentialAction":[{"@type":"SearchAction","target":{"@type":"EntryPoint","urlTemplate":"https:\/\/www.welovecycling.com\/pl\/?s={search_term_string}"},"query-input":{"@type":"PropertyValueSpecification","valueRequired":true,"valueName":"search_term_string"}}],"inLanguage":"pl-PL"},{"@type":"Person","@id":"https:\/\/www.welovecycling.com\/pl\/#\/schema\/person\/0dba2d39da943db9df3fd8f4687e7f23","name":"piotrboczkowski","image":{"@type":"ImageObject","inLanguage":"pl-PL","@id":"https:\/\/www.welovecycling.com\/pl\/#\/schema\/person\/image\/","url":"https:\/\/secure.gravatar.com\/avatar\/533caccae14752e03a2ce2d3fd62d1b98b93e1393c3195c27819e53344ca1ace?s=96&d=mm&r=g","contentUrl":"https:\/\/secure.gravatar.com\/avatar\/533caccae14752e03a2ce2d3fd62d1b98b93e1393c3195c27819e53344ca1ace?s=96&d=mm&r=g","caption":"piotrboczkowski"},"url":"https:\/\/www.welovecycling.com\/pl\/author\/piotrboczkowski\/"}]}},"_links":{"self":[{"href":"https:\/\/www.welovecycling.com\/pl\/wp-json\/wp\/v2\/posts\/4596","targetHints":{"allow":["GET"]}}],"collection":[{"href":"https:\/\/www.welovecycling.com\/pl\/wp-json\/wp\/v2\/posts"}],"about":[{"href":"https:\/\/www.welovecycling.com\/pl\/wp-json\/wp\/v2\/types\/post"}],"author":[{"embeddable":true,"href":"https:\/\/www.welovecycling.com\/pl\/wp-json\/wp\/v2\/users\/76"}],"replies":[{"embeddable":true,"href":"https:\/\/www.welovecycling.com\/pl\/wp-json\/wp\/v2\/comments?post=4596"}],"version-history":[{"count":2,"href":"https:\/\/www.welovecycling.com\/pl\/wp-json\/wp\/v2\/posts\/4596\/revisions"}],"predecessor-version":[{"id":5077,"href":"https:\/\/www.welovecycling.com\/pl\/wp-json\/wp\/v2\/posts\/4596\/revisions\/5077"}],"wp:featuredmedia":[{"embeddable":true,"href":"https:\/\/www.welovecycling.com\/pl\/wp-json\/wp\/v2\/media\/4603"}],"wp:attachment":[{"href":"https:\/\/www.welovecycling.com\/pl\/wp-json\/wp\/v2\/media?parent=4596"}],"wp:term":[{"taxonomy":"category","embeddable":true,"href":"https:\/\/www.welovecycling.com\/pl\/wp-json\/wp\/v2\/categories?post=4596"},{"taxonomy":"post_tag","embeddable":true,"href":"https:\/\/www.welovecycling.com\/pl\/wp-json\/wp\/v2\/tags?post=4596"},{"taxonomy":"global-categories","embeddable":true,"href":"https:\/\/www.welovecycling.com\/pl\/wp-json\/wp\/v2\/global-categories?post=4596"}],"curies":[{"name":"wp","href":"https:\/\/api.w.org\/{rel}","templated":true}]}}