{"id":4584,"date":"2017-07-20T12:19:39","date_gmt":"2017-07-20T12:19:39","guid":{"rendered":"https:\/\/www.welovecycling.com\/pl\/?p=4584"},"modified":"2017-07-30T11:39:27","modified_gmt":"2017-07-30T11:39:27","slug":"dramat-sprintera-zwyciestwo-skoczka-narciarskiego-oto-caly-urok-tour-de-france","status":"publish","type":"post","link":"https:\/\/www.welovecycling.com\/pl\/2017\/07\/20\/dramat-sprintera-zwyciestwo-skoczka-narciarskiego-oto-caly-urok-tour-de-france\/","title":{"rendered":"Dramat sprintera i zwyci\u0119stwo\u2026 skoczka narciarskiego. Oto ca\u0142y urok Tour de France!"},"content":{"rendered":"<p>Rozdarcie na zielonej koszulce by\u0142o jak symbol \u2013 Marcel Kittel o niej marzy\u0142, walczy\u0142 jak lew, ale nie zdo\u0142a\u0142 jej ochroni\u0107. Jej, a raczej siebie, przed udzia\u0142em w kraksie. Pi\u0119ciokrotny (!) zwyci\u0119zca etapowy tegorocznej Wielkiej P\u0119tli prze\u017cy\u0142 wielki dramat i musia\u0142 wycofa\u0107 si\u0119 z wy\u015bcigu. Na szcz\u0119\u015bcie ostatnie dni przynios\u0142y te\u017c pi\u0119kn\u0105 histori\u0119 na Tour de France.<\/p>\n<p>Zielona koszulka (od lat sponsorowana przez \u0160KOD\u0118) to sen \u00a0wielu kolarzy, bo je\u017cd\u017c\u0105 w niej tylko najlepsi sprinterzy i stratedzy. Kittel marzy\u0142, by na Pole Elizejskie wjecha\u0107 w\u0142a\u015bnie w kolorze nadziei, ale te marzenia zosta\u0142y brutalnie rozwiane.<\/p>\n<p><strong>Bolesna kraksa<\/strong><\/p>\n<p>To tak jakby\u015bcie przez rok przygotowywali si\u0119 do maratonu, a kto\u015b na ostatnich kilometrach pod\u0142o\u017cy\u0142 Wam nog\u0119. Albo chcieli przep\u0142yn\u0105\u0107 kana\u0142 La Manche, ale tu\u017c przed ko\u0144cem kto\u015b poci\u0105gn\u0105\u0142 Was na dno. To, co dzi\u015b prze\u017cywa Kittel, to dramat kolarza najwi\u0119kszego kalibru.<\/p>\n<p>Do mety 17. etapu by\u0142o jeszcze ponad 160 kilometr\u00f3w. Zawodnicy jechali kilkudziesi\u0119cioosobow\u0105 grup\u0105 w\u0105skim asfaltem. W pewnym momencie zacz\u0119li upada\u0107 jak domino. Dw\u00f3ch wylecia\u0142o z trasy, kilku bole\u015bnie rozbi\u0142o si\u0119 o nawierzchni\u0119, inni cudem unikn\u0119li utraty r\u00f3wnowagi. Jednym z najd\u0142u\u017cej zbieraj\u0105cych si\u0119 by\u0142 Kittel.<\/p>\n<p>Utyka\u0142, spogl\u0105da\u0142 na obie d\u0142onie, kr\u0119ci\u0142 g\u0142ow\u0105. Mia\u0142 rozdarte r\u0119kawiczki i koszulk\u0119, d\u0142u\u017csz\u0105 chwil\u0119 drepta\u0142 te\u017c w miejscu.<\/p>\n<p><em>Nie mo\u017ce przeci\u0105ga\u0107. O ile dobrze si\u0119 czuje, to powinien wsiada\u0107 na rower i jecha\u0107<\/em> \u2013 m\u00f3wili komentatorzy Eurosportu, po czym s\u0142usznie zauwa\u017cyli, \u017ce w kraksie ucierpia\u0142 tak\u017ce rower Niemca. Szybka wymiana pozwoli\u0142a mu jednak wr\u00f3ci\u0107 na tras\u0119.<\/p>\n<p><strong>Pi\u0119\u0107 wygranych etap\u00f3w i nic<\/strong><\/p>\n<p>Dramat rozegra\u0142 si\u0119 60 kilometr\u00f3w p\u00f3\u017aniej. To tam, jeszcze przed szczytem Col de la Croix de Fer, Kittel podj\u0105\u0142 bolesn\u0105 decyzj\u0119, \u017ce tegoroczny Tour de France ju\u017c si\u0119 dla niego ko\u0144czy. Niestety, przegra\u0142 z b\u00f3lem i obra\u017ceniami. A przegra\u0142 bardzo wiele, bo zasady s\u0105 jasne \u2013 je\u015bli chcesz by\u0107 sklasyfikowany w Tour de France, musisz przejecha\u0107 ca\u0142y wy\u015bcig.<\/p>\n<p>I w ten spos\u00f3b zawodnik, kt\u00f3ry w tym roku prawdopodobnie wygra najwi\u0119cej etap\u00f3w Tour de France (a\u017c pi\u0119ciokrotnie jako pierwszy mija\u0142 lini\u0119 mety!), w Wielkiej P\u0119tli 2017 nie zostanie w og\u00f3le sklasyfikowany.<\/p>\n<p>Zosta\u0142 wykre\u015blony tak\u017ce z rywalizacji punktowej, a zielon\u0105 koszulk\u0119 przej\u0105\u0142 od niego Michael Matthews. Australijczyk ma 364 punkty i wyprzedza Niemca Andre Greipela (204) oraz Norwega Alexandera Kristoffa (158).<\/p>\n<p><strong>Skoczek narciarski wygra\u0142 etap Tour de France!<\/strong><\/p>\n<p>Tour de France ma jednak to do siebie, \u017ce smutne historie przeplata radosnymi, a po drodze zahacza jeszcze o historie niesamowite. Tak jak ta o Primo\u017cu Rogliczu, zwyci\u0119zcy 17. etapu, kt\u00f3ry jeszcze sze\u015b\u0107 lat temu w obcis\u0142ym ortalionie fruwa\u0142 nad \u015bnie\u017cn\u0105 skoczni\u0105 i pr\u00f3bowa\u0142 bi\u0107 rekord Adama Ma\u0142ysza.<\/p>\n<p>Tak, Roglicz by\u0142 \u015bwietnie zapowiadaj\u0105cym si\u0119 skoczkiem narciarskim (w 2007 r. zdoby\u0142 nawet dru\u017cynowe mistrzostwo \u015bwiata!), ale musia\u0142 zrezygnowa\u0142 z nart po upadku w Planicy. Fizycznie ci\u0105gle by\u0142 w stanie rywalizowa\u0107 z najlepszymi, ale psychicznie si\u0119 zablokowa\u0142. Skoki przesta\u0142y sprawia\u0107 mu frajd\u0119, a zacz\u0119\u0142y wywo\u0142ywa\u0107 strach.<\/p>\n<p>Sta\u0142o si\u0119 to pi\u0119\u0107 lat temu i w ramach rehabilitacji S\u0142oweniec zacz\u0105\u0142 je\u017adzi\u0107 na rowerze. Kr\u0119ci\u0142 kolejne kilometry, \u0142apa\u0142 kolarskiego bakcyla, a do tego okaza\u0142o si\u0119, \u017ce ma talent. \u2013 <em>Spodoba\u0142a mi si\u0119 ta jazda<\/em> \u2013 opowiada\u0142 w s\u0142owe\u0144skich mediach, a w 2013 r. podpisa\u0142 pierwszy zawodowy kontrakt.<\/p>\n<p>I powoli pi\u0105\u0142 si\u0119 na szczyty kariery, by w \u015brod\u0119 osi\u0105gn\u0105\u0107 co\u015b absolutnie niesamowitego \u2013 wygra\u0142 etap Tour de France.<\/p>\n<p>&#8211; <em>To wszystko jest szalone, niesamowite. Brakuje mi s\u0142\u00f3w&#8230; W wieku 22 lat jeszcze nie by\u0142em kolarzem, a teraz jestem pierwszym S\u0142owe\u0144cem, kt\u00f3ry triumfuje na etapie Tour de France. Ju\u017c sam udzia\u0142 w takim wy\u015bcigu by\u0142 dla mnie wielkim prze\u017cyciem, a dzi\u015b spe\u0142ni\u0142y si\u0119 moje marzenia<\/em> \u2013 kr\u0119ci\u0142 g\u0142ow\u0105 z niedowierzaniem Roglicz.<\/p>\n<p>Do ko\u0144ca Wielkiej P\u0119tli zosta\u0142y ju\u017c tylko cztery etapy. We czwartek Briancon \u2013 Izoard (180 km), w pi\u0105tek Embrun \u2013 Salon de Provence (223 km), w sobot\u0119 czas\u00f3wka w Marsylii, w niedziel\u0119 etap przyja\u017ani.<\/p>\n<p><strong>Klasyfikacja generalna<\/strong><\/p>\n<ol>\n<li>Christopher Froome<\/li>\n<li>Rigoberto Ur\u00e1n<\/li>\n<li>Romain Bardet<\/li>\n<\/ol>\n<p>\u2026<\/p>\n<ol start=\"59\">\n<li>Micha\u0142 Kwiatkowski<\/li>\n<li>Pawe\u0142 Polja\u0144ski<\/li>\n<li>Maciej Bodnar<\/li>\n<\/ol>\n<p>(\u017ar\u00f3d\u0142o zdj\u0119\u0107:\u00a0www.letour.fr \u00a9 ASO\/Alex BROADWAY)<\/p>\n","protected":false},"excerpt":{"rendered":"<p>Rozdarcie na zielonej koszulce by\u0142o jak symbol \u2013 Marcel Kittel o niej marzy\u0142, walczy\u0142 jak lew, ale nie zdo\u0142a\u0142 jej [&hellip;]<\/p>\n","protected":false},"author":76,"featured_media":4588,"comment_status":"open","ping_status":"open","sticky":false,"template":"","format":"standard","meta":{"footnotes":""},"categories":[1],"tags":[158,77,163,82],"global-categories":[],"class_list":["post-4584","post","type-post","status-publish","format-standard","has-post-thumbnail","hentry","category-uncategorized","tag-relacja","tag-tour-de-france","tag-tour-de-france-2017","tag-welovecycling"],"yoast_head":"<!-- This site is optimized with the Yoast SEO Premium plugin v25.3 (Yoast SEO v25.9) - https:\/\/yoast.com\/wordpress\/plugins\/seo\/ -->\n<title>Dramat sprintera i zwyci\u0119stwo\u2026 skoczka narciarskiego. Oto ca\u0142y urok Tour de France! - \u0160koda We Love Cycling - Poland<\/title>\n<meta name=\"robots\" content=\"index, follow, max-snippet:-1, max-image-preview:large, max-video-preview:-1\" \/>\n<link rel=\"canonical\" href=\"https:\/\/www.welovecycling.com\/pl\/2017\/07\/20\/dramat-sprintera-zwyciestwo-skoczka-narciarskiego-oto-caly-urok-tour-de-france\/\" \/>\n<meta property=\"og:locale\" content=\"pl_PL\" \/>\n<meta property=\"og:type\" content=\"article\" \/>\n<meta property=\"og:title\" content=\"Dramat sprintera i zwyci\u0119stwo\u2026 skoczka narciarskiego. Oto ca\u0142y urok Tour de France!\" \/>\n<meta property=\"og:description\" content=\"Rozdarcie na zielonej koszulce by\u0142o jak symbol \u2013 Marcel Kittel o niej marzy\u0142, walczy\u0142 jak lew, ale nie zdo\u0142a\u0142 jej [&hellip;]\" \/>\n<meta property=\"og:url\" content=\"https:\/\/www.welovecycling.com\/pl\/2017\/07\/20\/dramat-sprintera-zwyciestwo-skoczka-narciarskiego-oto-caly-urok-tour-de-france\/\" \/>\n<meta property=\"og:site_name\" content=\"\u0160koda We Love Cycling - Poland\" \/>\n<meta property=\"article:published_time\" content=\"2017-07-20T12:19:39+00:00\" \/>\n<meta property=\"article:modified_time\" content=\"2017-07-30T11:39:27+00:00\" \/>\n<meta property=\"og:image\" content=\"https:\/\/d2p6e6u75xmxt8.cloudfront.net\/5\/2017\/07\/20170720230_201215.jpg\" \/>\n\t<meta property=\"og:image:width\" content=\"1000\" \/>\n\t<meta property=\"og:image:height\" content=\"666\" \/>\n\t<meta property=\"og:image:type\" content=\"image\/jpeg\" \/>\n<meta name=\"author\" content=\"piotrboczkowski\" \/>\n<meta name=\"twitter:card\" content=\"summary_large_image\" \/>\n<meta name=\"twitter:label1\" content=\"Written by\" \/>\n\t<meta name=\"twitter:data1\" content=\"WeLoveCycling\" \/>\n\t<meta name=\"twitter:label2\" content=\"Est. reading time\" \/>\n\t<meta name=\"twitter:data2\" content=\"4 minutes\" \/>\n<script type=\"application\/ld+json\" class=\"yoast-schema-graph\">{\"@context\":\"https:\/\/schema.org\",\"@graph\":[{\"@type\":\"WebPage\",\"@id\":\"https:\/\/www.welovecycling.com\/pl\/2017\/07\/20\/dramat-sprintera-zwyciestwo-skoczka-narciarskiego-oto-caly-urok-tour-de-france\/\",\"url\":\"https:\/\/www.welovecycling.com\/pl\/2017\/07\/20\/dramat-sprintera-zwyciestwo-skoczka-narciarskiego-oto-caly-urok-tour-de-france\/\",\"name\":\"Dramat sprintera i zwyci\u0119stwo\u2026 skoczka narciarskiego. Oto ca\u0142y urok Tour de France! - \u0160koda We Love Cycling - Poland\",\"isPartOf\":{\"@id\":\"https:\/\/www.welovecycling.com\/pl\/#website\"},\"primaryImageOfPage\":{\"@id\":\"https:\/\/www.welovecycling.com\/pl\/2017\/07\/20\/dramat-sprintera-zwyciestwo-skoczka-narciarskiego-oto-caly-urok-tour-de-france\/#primaryimage\"},\"image\":{\"@id\":\"https:\/\/www.welovecycling.com\/pl\/2017\/07\/20\/dramat-sprintera-zwyciestwo-skoczka-narciarskiego-oto-caly-urok-tour-de-france\/#primaryimage\"},\"thumbnailUrl\":\"https:\/\/d2p6e6u75xmxt8.cloudfront.net\/5\/2017\/07\/20170720230_201215.jpg\",\"datePublished\":\"2017-07-20T12:19:39+00:00\",\"dateModified\":\"2017-07-30T11:39:27+00:00\",\"author\":{\"@id\":\"https:\/\/www.welovecycling.com\/pl\/#\/schema\/person\/0dba2d39da943db9df3fd8f4687e7f23\"},\"breadcrumb\":{\"@id\":\"https:\/\/www.welovecycling.com\/pl\/2017\/07\/20\/dramat-sprintera-zwyciestwo-skoczka-narciarskiego-oto-caly-urok-tour-de-france\/#breadcrumb\"},\"inLanguage\":\"pl-PL\",\"potentialAction\":[{\"@type\":\"ReadAction\",\"target\":[\"https:\/\/www.welovecycling.com\/pl\/2017\/07\/20\/dramat-sprintera-zwyciestwo-skoczka-narciarskiego-oto-caly-urok-tour-de-france\/\"]}]},{\"@type\":\"ImageObject\",\"inLanguage\":\"pl-PL\",\"@id\":\"https:\/\/www.welovecycling.com\/pl\/2017\/07\/20\/dramat-sprintera-zwyciestwo-skoczka-narciarskiego-oto-caly-urok-tour-de-france\/#primaryimage\",\"url\":\"https:\/\/d2p6e6u75xmxt8.cloudfront.net\/5\/2017\/07\/20170720230_201215.jpg\",\"contentUrl\":\"https:\/\/d2p6e6u75xmxt8.cloudfront.net\/5\/2017\/07\/20170720230_201215.jpg\",\"width\":1000,\"height\":666,\"caption\":\"Tour de France 2017 - 20\/07\/2017 - Etape 18 - Brian\u00e7on \/ Izoard (179,5 km) - France - Le Team Sky m\u00e8ne la poursuite derri\u00e8re le groupe intercal\u00e9 comprenant 48 coureurs.\"},{\"@type\":\"BreadcrumbList\",\"@id\":\"https:\/\/www.welovecycling.com\/pl\/2017\/07\/20\/dramat-sprintera-zwyciestwo-skoczka-narciarskiego-oto-caly-urok-tour-de-france\/#breadcrumb\",\"itemListElement\":[{\"@type\":\"ListItem\",\"position\":1,\"name\":\"Home\",\"item\":\"https:\/\/www.welovecycling.com\/pl\/\"},{\"@type\":\"ListItem\",\"position\":2,\"name\":\"Dramat sprintera i zwyci\u0119stwo\u2026 skoczka narciarskiego. Oto ca\u0142y urok Tour de France!\"}]},{\"@type\":\"WebSite\",\"@id\":\"https:\/\/www.welovecycling.com\/pl\/#website\",\"url\":\"https:\/\/www.welovecycling.com\/pl\/\",\"name\":\"\u0160koda We Love Cycling - Poland\",\"description\":\"\",\"potentialAction\":[{\"@type\":\"SearchAction\",\"target\":{\"@type\":\"EntryPoint\",\"urlTemplate\":\"https:\/\/www.welovecycling.com\/pl\/?s={search_term_string}\"},\"query-input\":{\"@type\":\"PropertyValueSpecification\",\"valueRequired\":true,\"valueName\":\"search_term_string\"}}],\"inLanguage\":\"pl-PL\"},{\"@type\":\"Person\",\"@id\":\"https:\/\/www.welovecycling.com\/pl\/#\/schema\/person\/0dba2d39da943db9df3fd8f4687e7f23\",\"name\":\"piotrboczkowski\",\"image\":{\"@type\":\"ImageObject\",\"inLanguage\":\"pl-PL\",\"@id\":\"https:\/\/www.welovecycling.com\/pl\/#\/schema\/person\/image\/\",\"url\":\"https:\/\/secure.gravatar.com\/avatar\/533caccae14752e03a2ce2d3fd62d1b98b93e1393c3195c27819e53344ca1ace?s=96&d=mm&r=g\",\"contentUrl\":\"https:\/\/secure.gravatar.com\/avatar\/533caccae14752e03a2ce2d3fd62d1b98b93e1393c3195c27819e53344ca1ace?s=96&d=mm&r=g\",\"caption\":\"piotrboczkowski\"},\"url\":\"https:\/\/www.welovecycling.com\/pl\/author\/piotrboczkowski\/\"}]}<\/script>\n<!-- \/ Yoast SEO Premium plugin. -->","yoast_head_json":{"title":"Dramat sprintera i zwyci\u0119stwo\u2026 skoczka narciarskiego. Oto ca\u0142y urok Tour de France! - \u0160koda We Love Cycling - Poland","robots":{"index":"index","follow":"follow","max-snippet":"max-snippet:-1","max-image-preview":"max-image-preview:large","max-video-preview":"max-video-preview:-1"},"canonical":"https:\/\/www.welovecycling.com\/pl\/2017\/07\/20\/dramat-sprintera-zwyciestwo-skoczka-narciarskiego-oto-caly-urok-tour-de-france\/","og_locale":"pl_PL","og_type":"article","og_title":"Dramat sprintera i zwyci\u0119stwo\u2026 skoczka narciarskiego. Oto ca\u0142y urok Tour de France!","og_description":"Rozdarcie na zielonej koszulce by\u0142o jak symbol \u2013 Marcel Kittel o niej marzy\u0142, walczy\u0142 jak lew, ale nie zdo\u0142a\u0142 jej [&hellip;]","og_url":"https:\/\/www.welovecycling.com\/pl\/2017\/07\/20\/dramat-sprintera-zwyciestwo-skoczka-narciarskiego-oto-caly-urok-tour-de-france\/","og_site_name":"\u0160koda We Love Cycling - Poland","article_published_time":"2017-07-20T12:19:39+00:00","article_modified_time":"2017-07-30T11:39:27+00:00","og_image":[{"width":1000,"height":666,"url":"https:\/\/d2p6e6u75xmxt8.cloudfront.net\/5\/2017\/07\/20170720230_201215.jpg","type":"image\/jpeg"}],"author":"piotrboczkowski","twitter_card":"summary_large_image","twitter_misc":{"Written by":"WeLoveCycling","Est. reading time":"4 minutes"},"schema":{"@context":"https:\/\/schema.org","@graph":[{"@type":"WebPage","@id":"https:\/\/www.welovecycling.com\/pl\/2017\/07\/20\/dramat-sprintera-zwyciestwo-skoczka-narciarskiego-oto-caly-urok-tour-de-france\/","url":"https:\/\/www.welovecycling.com\/pl\/2017\/07\/20\/dramat-sprintera-zwyciestwo-skoczka-narciarskiego-oto-caly-urok-tour-de-france\/","name":"Dramat sprintera i zwyci\u0119stwo\u2026 skoczka narciarskiego. Oto ca\u0142y urok Tour de France! - \u0160koda We Love Cycling - Poland","isPartOf":{"@id":"https:\/\/www.welovecycling.com\/pl\/#website"},"primaryImageOfPage":{"@id":"https:\/\/www.welovecycling.com\/pl\/2017\/07\/20\/dramat-sprintera-zwyciestwo-skoczka-narciarskiego-oto-caly-urok-tour-de-france\/#primaryimage"},"image":{"@id":"https:\/\/www.welovecycling.com\/pl\/2017\/07\/20\/dramat-sprintera-zwyciestwo-skoczka-narciarskiego-oto-caly-urok-tour-de-france\/#primaryimage"},"thumbnailUrl":"https:\/\/d2p6e6u75xmxt8.cloudfront.net\/5\/2017\/07\/20170720230_201215.jpg","datePublished":"2017-07-20T12:19:39+00:00","dateModified":"2017-07-30T11:39:27+00:00","author":{"@id":"https:\/\/www.welovecycling.com\/pl\/#\/schema\/person\/0dba2d39da943db9df3fd8f4687e7f23"},"breadcrumb":{"@id":"https:\/\/www.welovecycling.com\/pl\/2017\/07\/20\/dramat-sprintera-zwyciestwo-skoczka-narciarskiego-oto-caly-urok-tour-de-france\/#breadcrumb"},"inLanguage":"pl-PL","potentialAction":[{"@type":"ReadAction","target":["https:\/\/www.welovecycling.com\/pl\/2017\/07\/20\/dramat-sprintera-zwyciestwo-skoczka-narciarskiego-oto-caly-urok-tour-de-france\/"]}]},{"@type":"ImageObject","inLanguage":"pl-PL","@id":"https:\/\/www.welovecycling.com\/pl\/2017\/07\/20\/dramat-sprintera-zwyciestwo-skoczka-narciarskiego-oto-caly-urok-tour-de-france\/#primaryimage","url":"https:\/\/d2p6e6u75xmxt8.cloudfront.net\/5\/2017\/07\/20170720230_201215.jpg","contentUrl":"https:\/\/d2p6e6u75xmxt8.cloudfront.net\/5\/2017\/07\/20170720230_201215.jpg","width":1000,"height":666,"caption":"Tour de France 2017 - 20\/07\/2017 - Etape 18 - Brian\u00e7on \/ Izoard (179,5 km) - France - Le Team Sky m\u00e8ne la poursuite derri\u00e8re le groupe intercal\u00e9 comprenant 48 coureurs."},{"@type":"BreadcrumbList","@id":"https:\/\/www.welovecycling.com\/pl\/2017\/07\/20\/dramat-sprintera-zwyciestwo-skoczka-narciarskiego-oto-caly-urok-tour-de-france\/#breadcrumb","itemListElement":[{"@type":"ListItem","position":1,"name":"Home","item":"https:\/\/www.welovecycling.com\/pl\/"},{"@type":"ListItem","position":2,"name":"Dramat sprintera i zwyci\u0119stwo\u2026 skoczka narciarskiego. Oto ca\u0142y urok Tour de France!"}]},{"@type":"WebSite","@id":"https:\/\/www.welovecycling.com\/pl\/#website","url":"https:\/\/www.welovecycling.com\/pl\/","name":"\u0160koda We Love Cycling - Poland","description":"","potentialAction":[{"@type":"SearchAction","target":{"@type":"EntryPoint","urlTemplate":"https:\/\/www.welovecycling.com\/pl\/?s={search_term_string}"},"query-input":{"@type":"PropertyValueSpecification","valueRequired":true,"valueName":"search_term_string"}}],"inLanguage":"pl-PL"},{"@type":"Person","@id":"https:\/\/www.welovecycling.com\/pl\/#\/schema\/person\/0dba2d39da943db9df3fd8f4687e7f23","name":"piotrboczkowski","image":{"@type":"ImageObject","inLanguage":"pl-PL","@id":"https:\/\/www.welovecycling.com\/pl\/#\/schema\/person\/image\/","url":"https:\/\/secure.gravatar.com\/avatar\/533caccae14752e03a2ce2d3fd62d1b98b93e1393c3195c27819e53344ca1ace?s=96&d=mm&r=g","contentUrl":"https:\/\/secure.gravatar.com\/avatar\/533caccae14752e03a2ce2d3fd62d1b98b93e1393c3195c27819e53344ca1ace?s=96&d=mm&r=g","caption":"piotrboczkowski"},"url":"https:\/\/www.welovecycling.com\/pl\/author\/piotrboczkowski\/"}]}},"_links":{"self":[{"href":"https:\/\/www.welovecycling.com\/pl\/wp-json\/wp\/v2\/posts\/4584","targetHints":{"allow":["GET"]}}],"collection":[{"href":"https:\/\/www.welovecycling.com\/pl\/wp-json\/wp\/v2\/posts"}],"about":[{"href":"https:\/\/www.welovecycling.com\/pl\/wp-json\/wp\/v2\/types\/post"}],"author":[{"embeddable":true,"href":"https:\/\/www.welovecycling.com\/pl\/wp-json\/wp\/v2\/users\/76"}],"replies":[{"embeddable":true,"href":"https:\/\/www.welovecycling.com\/pl\/wp-json\/wp\/v2\/comments?post=4584"}],"version-history":[{"count":2,"href":"https:\/\/www.welovecycling.com\/pl\/wp-json\/wp\/v2\/posts\/4584\/revisions"}],"predecessor-version":[{"id":4706,"href":"https:\/\/www.welovecycling.com\/pl\/wp-json\/wp\/v2\/posts\/4584\/revisions\/4706"}],"wp:featuredmedia":[{"embeddable":true,"href":"https:\/\/www.welovecycling.com\/pl\/wp-json\/wp\/v2\/media\/4588"}],"wp:attachment":[{"href":"https:\/\/www.welovecycling.com\/pl\/wp-json\/wp\/v2\/media?parent=4584"}],"wp:term":[{"taxonomy":"category","embeddable":true,"href":"https:\/\/www.welovecycling.com\/pl\/wp-json\/wp\/v2\/categories?post=4584"},{"taxonomy":"post_tag","embeddable":true,"href":"https:\/\/www.welovecycling.com\/pl\/wp-json\/wp\/v2\/tags?post=4584"},{"taxonomy":"global-categories","embeddable":true,"href":"https:\/\/www.welovecycling.com\/pl\/wp-json\/wp\/v2\/global-categories?post=4584"}],"curies":[{"name":"wp","href":"https:\/\/api.w.org\/{rel}","templated":true}]}}