{"id":4573,"date":"2017-07-19T20:41:41","date_gmt":"2017-07-19T20:41:41","guid":{"rendered":"https:\/\/www.welovecycling.com\/pl\/?p=4573"},"modified":"2017-07-30T11:54:06","modified_gmt":"2017-07-30T11:54:06","slug":"szanse-wygrac-wycieczke-majorke-ze-stephenem-rochem","status":"publish","type":"post","link":"https:\/\/www.welovecycling.com\/pl\/2017\/07\/19\/szanse-wygrac-wycieczke-majorke-ze-stephenem-rochem\/","title":{"rendered":"Masz szans\u0119 wygra\u0107 wycieczk\u0119 na Majork\u0119 ze Stephenem Rochem!"},"content":{"rendered":"<p><span style=\"font-weight: 400;\"><strong>Ma\u0142o kto nie skaka\u0142by ze szcz\u0119\u015bcia na widok takiej wiadomo\u015bci w skrzynce odbiorczej. W ka\u017cdym razie dwie pierwsze rundy naszego konkursu zwi\u0105zanego z Tour de France s\u0105 ju\u017c za nami i szcz\u0119\u015bliwi zwyci\u0119zcy mog\u0105 zacz\u0105\u0107 <\/strong><\/span><span style=\"font-weight: 400;\"><strong>si\u0119 <\/strong><\/span><span style=\"font-weight: 400;\"><strong>zastanawia\u0107 nad tym, co spakowa\u0107 na wyjazd. Ale czy wiedzieli\u015bcie o rundzie trzeciej?<\/strong> <\/span><br \/>\n<!--more--><\/p>\n<div class=\"embed-wrapper\"><iframe loading=\"lazy\" src=\"https:\/\/www.youtube-nocookie.com\/embed\/78QvfWy-QlU?ecver=1\" width=\"640\" height=\"360\" frameborder=\"0\" allowfullscreen=\"allowfullscreen\"><\/iframe><\/div>\n<p><span style=\"font-weight: 400;\">Na najbardziej aktywnych\u00a0czeka ob\u00f3z rowerowy. Ale nie chodzi tylko o nudne \u0107wiczenia. Sam Stephen Roche, zdobywca potr\u00f3jnej korony kolarstwa (to osi\u0105gni\u0119cie polegaj\u0105ce na zwyci\u0119stwie w Tour de France, Giro d&#8217;Italia i mistrzostwach \u015bwiata w kolarstwie szosowym) i \u015bwietny irlandzki kompan, zaprosi trzech entuzjast\u00f3w jazdy rowerowej do sp\u0119dzenia czterech lub pi\u0119ciu dni na jego obozie treningowym na Majorce. Nie ma \u017cadnych w\u0105tpliwo\u015bci, \u017ce to b\u0119dzie kapitalny wyjazd.<\/span><\/p>\n<p><a href=\"https:\/\/d2p6e6u75xmxt8.cloudfront.net\/5\/2017\/07\/DSC_7510-1.jpg\"><img loading=\"lazy\" decoding=\"async\" class=\"alignnone size-full wp-image-4574\" src=\"https:\/\/d2p6e6u75xmxt8.cloudfront.net\/5\/2017\/07\/DSC_7510-1.jpg\" alt=\"\" width=\"1920\" height=\"1280\" srcset=\"https:\/\/d2p6e6u75xmxt8.cloudfront.net\/5\/2017\/07\/DSC_7510-1.jpg 1920w, https:\/\/d2p6e6u75xmxt8.cloudfront.net\/5\/2017\/07\/DSC_7510-1-300x200.jpg 300w, https:\/\/d2p6e6u75xmxt8.cloudfront.net\/5\/2017\/07\/DSC_7510-1-768x512.jpg 768w, https:\/\/d2p6e6u75xmxt8.cloudfront.net\/5\/2017\/07\/DSC_7510-1-1024x683.jpg 1024w, https:\/\/d2p6e6u75xmxt8.cloudfront.net\/5\/2017\/07\/DSC_7510-1-272x182.jpg 272w, https:\/\/d2p6e6u75xmxt8.cloudfront.net\/5\/2017\/07\/DSC_7510-1-1920x1280.jpg 1920w\" sizes=\"auto, (max-width: 1920px) 100vw, 1920px\" \/><\/a><\/p>\n<p><span style=\"font-weight: 400;\">Niesamowite krajobrazy tej sk\u0105panej w s\u0142o\u0144cu wyspy i doskona\u0142a jako\u015b\u0107 dr\u00f3g nie b\u0119d\u0105 jedynymi atrakcjami \u2013 opr\u00f3cz Stephena towarzyszy\u0107 Wam b\u0119d\u0105 rowerowi doradcy, kt\u00f3rzy oceni\u0105 Wasze umiej\u0119tno\u015bci i podpowiedz\u0105, jak poprawi\u0107 styl jazdy lub po prostu jak wycisn\u0105\u0107 najwi\u0119cej z tego do\u015bwiadczenia. Nie spodziewajcie si\u0119 jednak \u0142atwizny \u2013 trzeba si\u0119 b\u0119dzie rusza\u0107! Majorka jest znana z pag\u00f3rkowatego i skalistego ukszta\u0142towania terenu, wi\u0119c czeka tu na Was wiele wij\u0105cych si\u0119 zakr\u0119tami zjazd\u00f3w i podjazd\u00f3w. Mo\u017ce wi\u0119c przyj\u015b\u0107 chwila, w kt\u00f3rej zaczniecie raz za razem wykrzykiwa\u0107 legendarn\u0105 rowerow\u0105 mantr\u0119: \u201ecicho b\u0105d\u017acie, nogi\u201d, ale odrobina b\u00f3lu w \u0142ydkach to ma\u0142a cena za jedyn\u0105 w swoim rodzaju przygod\u0119. \u00a0<\/span><\/p>\n<div id='gallery-1' class='gallery galleryid-4573 gallery-columns-2 gallery-size-large'><figure class='gallery-item'>\n\t\t\t<div class='gallery-icon landscape'>\n\t\t\t\t<a href='https:\/\/d2p6e6u75xmxt8.cloudfront.net\/5\/2017\/07\/DSC_7164-1.jpg'><img loading=\"lazy\" decoding=\"async\" width=\"1024\" height=\"683\" src=\"https:\/\/d2p6e6u75xmxt8.cloudfront.net\/5\/2017\/07\/DSC_7164-1-1024x683.jpg\" class=\"attachment-large size-large\" alt=\"\" srcset=\"https:\/\/d2p6e6u75xmxt8.cloudfront.net\/5\/2017\/07\/DSC_7164-1-1024x683.jpg 1024w, https:\/\/d2p6e6u75xmxt8.cloudfront.net\/5\/2017\/07\/DSC_7164-1-300x200.jpg 300w, https:\/\/d2p6e6u75xmxt8.cloudfront.net\/5\/2017\/07\/DSC_7164-1-768x512.jpg 768w, https:\/\/d2p6e6u75xmxt8.cloudfront.net\/5\/2017\/07\/DSC_7164-1.jpg 1920w, https:\/\/d2p6e6u75xmxt8.cloudfront.net\/5\/2017\/07\/DSC_7164-1-272x182.jpg 272w, https:\/\/d2p6e6u75xmxt8.cloudfront.net\/5\/2017\/07\/DSC_7164-1-1920x1281.jpg 1920w\" sizes=\"auto, (max-width: 1024px) 100vw, 1024px\" \/><\/a>\n\t\t\t<\/div><\/figure><figure class='gallery-item'>\n\t\t\t<div class='gallery-icon landscape'>\n\t\t\t\t<a href='https:\/\/d2p6e6u75xmxt8.cloudfront.net\/5\/2017\/07\/DSC_7487-1.jpg'><img loading=\"lazy\" decoding=\"async\" width=\"1024\" height=\"683\" src=\"https:\/\/d2p6e6u75xmxt8.cloudfront.net\/5\/2017\/07\/DSC_7487-1-1024x683.jpg\" class=\"attachment-large size-large\" alt=\"\" srcset=\"https:\/\/d2p6e6u75xmxt8.cloudfront.net\/5\/2017\/07\/DSC_7487-1-1024x683.jpg 1024w, https:\/\/d2p6e6u75xmxt8.cloudfront.net\/5\/2017\/07\/DSC_7487-1-300x200.jpg 300w, https:\/\/d2p6e6u75xmxt8.cloudfront.net\/5\/2017\/07\/DSC_7487-1-768x512.jpg 768w, https:\/\/d2p6e6u75xmxt8.cloudfront.net\/5\/2017\/07\/DSC_7487-1.jpg 1920w, https:\/\/d2p6e6u75xmxt8.cloudfront.net\/5\/2017\/07\/DSC_7487-1-272x182.jpg 272w, https:\/\/d2p6e6u75xmxt8.cloudfront.net\/5\/2017\/07\/DSC_7487-1-1920x1280.jpg 1920w\" sizes=\"auto, (max-width: 1024px) 100vw, 1024px\" \/><\/a>\n\t\t\t<\/div><\/figure>\n\t\t<\/div>\n\n<p><span style=\"font-weight: 400;\">Po dniu sp\u0119dzonym na siode\u0142ku wieczorem usi\u0105dziecie do wsp\u00f3lnej kolacji, kt\u00f3rej towarzyszy\u0107 b\u0119d\u0105 rozmowy i przyjazna atmosfera, b\u0119dziecie te\u017c mogli podzieli\u0107 si\u0119 do\u015bwiadczeniami i spostrze\u017ceniami z dziennej jazdy. Oczywi\u015bcie, je\u015bli wolicie porozmawia\u0107 o zami\u0142owaniu do kanapek z tu\u0144czykiem, droga wolna.<\/span><\/p>\n<p><span style=\"font-weight: 400;\">W skr\u00f3cie: to b\u0119d\u0105 niezapomniane cztery dni. Na co czekacie? Spr\u00f3bujcie szcz\u0119\u015bcia w naszym <a href=\"https:\/\/www.welovecycling.com\/pl\/tour-de-france-2017\/\">konkursie<\/a>!<\/span><\/p>\n","protected":false},"excerpt":{"rendered":"<p>Ma\u0142o kto nie skaka\u0142by ze szcz\u0119\u015bcia na widok takiej wiadomo\u015bci w skrzynce odbiorczej. W ka\u017cdym razie dwie pierwsze rundy naszego [&hellip;]<\/p>\n","protected":false},"author":76,"featured_media":4576,"comment_status":"open","ping_status":"open","sticky":false,"template":"","format":"standard","meta":{"footnotes":""},"categories":[1],"tags":[53,188,112,77],"global-categories":[],"class_list":["post-4573","post","type-post","status-publish","format-standard","has-post-thumbnail","hentry","category-uncategorized","tag-konkurs","tag-oboz","tag-stephan-roche","tag-tour-de-france"],"yoast_head":"<!-- This site is optimized with the Yoast SEO Premium plugin v25.3 (Yoast SEO v25.9) - https:\/\/yoast.com\/wordpress\/plugins\/seo\/ -->\n<title>Masz szans\u0119 wygra\u0107 wycieczk\u0119 na Majork\u0119 ze Stephenem Rochem! - \u0160koda We Love Cycling - Poland<\/title>\n<meta name=\"robots\" content=\"index, follow, max-snippet:-1, max-image-preview:large, max-video-preview:-1\" \/>\n<link rel=\"canonical\" href=\"https:\/\/www.welovecycling.com\/pl\/2017\/07\/19\/szanse-wygrac-wycieczke-majorke-ze-stephenem-rochem\/\" \/>\n<meta property=\"og:locale\" content=\"pl_PL\" \/>\n<meta property=\"og:type\" content=\"article\" \/>\n<meta property=\"og:title\" content=\"Masz szans\u0119 wygra\u0107 wycieczk\u0119 na Majork\u0119 ze Stephenem Rochem!\" \/>\n<meta property=\"og:description\" content=\"Ma\u0142o kto nie skaka\u0142by ze szcz\u0119\u015bcia na widok takiej wiadomo\u015bci w skrzynce odbiorczej. W ka\u017cdym razie dwie pierwsze rundy naszego [&hellip;]\" \/>\n<meta property=\"og:url\" content=\"https:\/\/www.welovecycling.com\/pl\/2017\/07\/19\/szanse-wygrac-wycieczke-majorke-ze-stephenem-rochem\/\" \/>\n<meta property=\"og:site_name\" content=\"\u0160koda We Love Cycling - Poland\" \/>\n<meta property=\"article:published_time\" content=\"2017-07-19T20:41:41+00:00\" \/>\n<meta property=\"article:modified_time\" content=\"2017-07-30T11:54:06+00:00\" \/>\n<meta property=\"og:image\" content=\"https:\/\/d2p6e6u75xmxt8.cloudfront.net\/5\/2017\/07\/Cover.png\" \/>\n\t<meta property=\"og:image:width\" content=\"1375\" \/>\n\t<meta property=\"og:image:height\" content=\"600\" \/>\n\t<meta property=\"og:image:type\" content=\"image\/png\" \/>\n<meta name=\"author\" content=\"piotrboczkowski\" \/>\n<meta name=\"twitter:card\" content=\"summary_large_image\" \/>\n<meta name=\"twitter:label1\" content=\"Written by\" \/>\n\t<meta name=\"twitter:data1\" content=\"WeLoveCycling\" \/>\n\t<meta name=\"twitter:label2\" content=\"Est. reading time\" \/>\n\t<meta name=\"twitter:data2\" content=\"2 minutes\" \/>\n<script type=\"application\/ld+json\" class=\"yoast-schema-graph\">{\"@context\":\"https:\/\/schema.org\",\"@graph\":[{\"@type\":\"WebPage\",\"@id\":\"https:\/\/www.welovecycling.com\/pl\/2017\/07\/19\/szanse-wygrac-wycieczke-majorke-ze-stephenem-rochem\/\",\"url\":\"https:\/\/www.welovecycling.com\/pl\/2017\/07\/19\/szanse-wygrac-wycieczke-majorke-ze-stephenem-rochem\/\",\"name\":\"Masz szans\u0119 wygra\u0107 wycieczk\u0119 na Majork\u0119 ze Stephenem Rochem! - \u0160koda We Love Cycling - Poland\",\"isPartOf\":{\"@id\":\"https:\/\/www.welovecycling.com\/pl\/#website\"},\"primaryImageOfPage\":{\"@id\":\"https:\/\/www.welovecycling.com\/pl\/2017\/07\/19\/szanse-wygrac-wycieczke-majorke-ze-stephenem-rochem\/#primaryimage\"},\"image\":{\"@id\":\"https:\/\/www.welovecycling.com\/pl\/2017\/07\/19\/szanse-wygrac-wycieczke-majorke-ze-stephenem-rochem\/#primaryimage\"},\"thumbnailUrl\":\"https:\/\/d2p6e6u75xmxt8.cloudfront.net\/5\/2017\/07\/Cover.png\",\"datePublished\":\"2017-07-19T20:41:41+00:00\",\"dateModified\":\"2017-07-30T11:54:06+00:00\",\"author\":{\"@id\":\"https:\/\/www.welovecycling.com\/pl\/#\/schema\/person\/0dba2d39da943db9df3fd8f4687e7f23\"},\"breadcrumb\":{\"@id\":\"https:\/\/www.welovecycling.com\/pl\/2017\/07\/19\/szanse-wygrac-wycieczke-majorke-ze-stephenem-rochem\/#breadcrumb\"},\"inLanguage\":\"pl-PL\",\"potentialAction\":[{\"@type\":\"ReadAction\",\"target\":[\"https:\/\/www.welovecycling.com\/pl\/2017\/07\/19\/szanse-wygrac-wycieczke-majorke-ze-stephenem-rochem\/\"]}]},{\"@type\":\"ImageObject\",\"inLanguage\":\"pl-PL\",\"@id\":\"https:\/\/www.welovecycling.com\/pl\/2017\/07\/19\/szanse-wygrac-wycieczke-majorke-ze-stephenem-rochem\/#primaryimage\",\"url\":\"https:\/\/d2p6e6u75xmxt8.cloudfront.net\/5\/2017\/07\/Cover.png\",\"contentUrl\":\"https:\/\/d2p6e6u75xmxt8.cloudfront.net\/5\/2017\/07\/Cover.png\",\"width\":1375,\"height\":600},{\"@type\":\"BreadcrumbList\",\"@id\":\"https:\/\/www.welovecycling.com\/pl\/2017\/07\/19\/szanse-wygrac-wycieczke-majorke-ze-stephenem-rochem\/#breadcrumb\",\"itemListElement\":[{\"@type\":\"ListItem\",\"position\":1,\"name\":\"Home\",\"item\":\"https:\/\/www.welovecycling.com\/pl\/\"},{\"@type\":\"ListItem\",\"position\":2,\"name\":\"Masz szans\u0119 wygra\u0107 wycieczk\u0119 na Majork\u0119 ze Stephenem Rochem!\"}]},{\"@type\":\"WebSite\",\"@id\":\"https:\/\/www.welovecycling.com\/pl\/#website\",\"url\":\"https:\/\/www.welovecycling.com\/pl\/\",\"name\":\"\u0160koda We Love Cycling - Poland\",\"description\":\"\",\"potentialAction\":[{\"@type\":\"SearchAction\",\"target\":{\"@type\":\"EntryPoint\",\"urlTemplate\":\"https:\/\/www.welovecycling.com\/pl\/?s={search_term_string}\"},\"query-input\":{\"@type\":\"PropertyValueSpecification\",\"valueRequired\":true,\"valueName\":\"search_term_string\"}}],\"inLanguage\":\"pl-PL\"},{\"@type\":\"Person\",\"@id\":\"https:\/\/www.welovecycling.com\/pl\/#\/schema\/person\/0dba2d39da943db9df3fd8f4687e7f23\",\"name\":\"piotrboczkowski\",\"image\":{\"@type\":\"ImageObject\",\"inLanguage\":\"pl-PL\",\"@id\":\"https:\/\/www.welovecycling.com\/pl\/#\/schema\/person\/image\/\",\"url\":\"https:\/\/secure.gravatar.com\/avatar\/533caccae14752e03a2ce2d3fd62d1b98b93e1393c3195c27819e53344ca1ace?s=96&d=mm&r=g\",\"contentUrl\":\"https:\/\/secure.gravatar.com\/avatar\/533caccae14752e03a2ce2d3fd62d1b98b93e1393c3195c27819e53344ca1ace?s=96&d=mm&r=g\",\"caption\":\"piotrboczkowski\"},\"url\":\"https:\/\/www.welovecycling.com\/pl\/author\/piotrboczkowski\/\"}]}<\/script>\n<!-- \/ Yoast SEO Premium plugin. -->","yoast_head_json":{"title":"Masz szans\u0119 wygra\u0107 wycieczk\u0119 na Majork\u0119 ze Stephenem Rochem! - \u0160koda We Love Cycling - Poland","robots":{"index":"index","follow":"follow","max-snippet":"max-snippet:-1","max-image-preview":"max-image-preview:large","max-video-preview":"max-video-preview:-1"},"canonical":"https:\/\/www.welovecycling.com\/pl\/2017\/07\/19\/szanse-wygrac-wycieczke-majorke-ze-stephenem-rochem\/","og_locale":"pl_PL","og_type":"article","og_title":"Masz szans\u0119 wygra\u0107 wycieczk\u0119 na Majork\u0119 ze Stephenem Rochem!","og_description":"Ma\u0142o kto nie skaka\u0142by ze szcz\u0119\u015bcia na widok takiej wiadomo\u015bci w skrzynce odbiorczej. W ka\u017cdym razie dwie pierwsze rundy naszego [&hellip;]","og_url":"https:\/\/www.welovecycling.com\/pl\/2017\/07\/19\/szanse-wygrac-wycieczke-majorke-ze-stephenem-rochem\/","og_site_name":"\u0160koda We Love Cycling - Poland","article_published_time":"2017-07-19T20:41:41+00:00","article_modified_time":"2017-07-30T11:54:06+00:00","og_image":[{"width":1375,"height":600,"url":"https:\/\/d2p6e6u75xmxt8.cloudfront.net\/5\/2017\/07\/Cover.png","type":"image\/png"}],"author":"piotrboczkowski","twitter_card":"summary_large_image","twitter_misc":{"Written by":"WeLoveCycling","Est. reading time":"2 minutes"},"schema":{"@context":"https:\/\/schema.org","@graph":[{"@type":"WebPage","@id":"https:\/\/www.welovecycling.com\/pl\/2017\/07\/19\/szanse-wygrac-wycieczke-majorke-ze-stephenem-rochem\/","url":"https:\/\/www.welovecycling.com\/pl\/2017\/07\/19\/szanse-wygrac-wycieczke-majorke-ze-stephenem-rochem\/","name":"Masz szans\u0119 wygra\u0107 wycieczk\u0119 na Majork\u0119 ze Stephenem Rochem! - \u0160koda We Love Cycling - Poland","isPartOf":{"@id":"https:\/\/www.welovecycling.com\/pl\/#website"},"primaryImageOfPage":{"@id":"https:\/\/www.welovecycling.com\/pl\/2017\/07\/19\/szanse-wygrac-wycieczke-majorke-ze-stephenem-rochem\/#primaryimage"},"image":{"@id":"https:\/\/www.welovecycling.com\/pl\/2017\/07\/19\/szanse-wygrac-wycieczke-majorke-ze-stephenem-rochem\/#primaryimage"},"thumbnailUrl":"https:\/\/d2p6e6u75xmxt8.cloudfront.net\/5\/2017\/07\/Cover.png","datePublished":"2017-07-19T20:41:41+00:00","dateModified":"2017-07-30T11:54:06+00:00","author":{"@id":"https:\/\/www.welovecycling.com\/pl\/#\/schema\/person\/0dba2d39da943db9df3fd8f4687e7f23"},"breadcrumb":{"@id":"https:\/\/www.welovecycling.com\/pl\/2017\/07\/19\/szanse-wygrac-wycieczke-majorke-ze-stephenem-rochem\/#breadcrumb"},"inLanguage":"pl-PL","potentialAction":[{"@type":"ReadAction","target":["https:\/\/www.welovecycling.com\/pl\/2017\/07\/19\/szanse-wygrac-wycieczke-majorke-ze-stephenem-rochem\/"]}]},{"@type":"ImageObject","inLanguage":"pl-PL","@id":"https:\/\/www.welovecycling.com\/pl\/2017\/07\/19\/szanse-wygrac-wycieczke-majorke-ze-stephenem-rochem\/#primaryimage","url":"https:\/\/d2p6e6u75xmxt8.cloudfront.net\/5\/2017\/07\/Cover.png","contentUrl":"https:\/\/d2p6e6u75xmxt8.cloudfront.net\/5\/2017\/07\/Cover.png","width":1375,"height":600},{"@type":"BreadcrumbList","@id":"https:\/\/www.welovecycling.com\/pl\/2017\/07\/19\/szanse-wygrac-wycieczke-majorke-ze-stephenem-rochem\/#breadcrumb","itemListElement":[{"@type":"ListItem","position":1,"name":"Home","item":"https:\/\/www.welovecycling.com\/pl\/"},{"@type":"ListItem","position":2,"name":"Masz szans\u0119 wygra\u0107 wycieczk\u0119 na Majork\u0119 ze Stephenem Rochem!"}]},{"@type":"WebSite","@id":"https:\/\/www.welovecycling.com\/pl\/#website","url":"https:\/\/www.welovecycling.com\/pl\/","name":"\u0160koda We Love Cycling - Poland","description":"","potentialAction":[{"@type":"SearchAction","target":{"@type":"EntryPoint","urlTemplate":"https:\/\/www.welovecycling.com\/pl\/?s={search_term_string}"},"query-input":{"@type":"PropertyValueSpecification","valueRequired":true,"valueName":"search_term_string"}}],"inLanguage":"pl-PL"},{"@type":"Person","@id":"https:\/\/www.welovecycling.com\/pl\/#\/schema\/person\/0dba2d39da943db9df3fd8f4687e7f23","name":"piotrboczkowski","image":{"@type":"ImageObject","inLanguage":"pl-PL","@id":"https:\/\/www.welovecycling.com\/pl\/#\/schema\/person\/image\/","url":"https:\/\/secure.gravatar.com\/avatar\/533caccae14752e03a2ce2d3fd62d1b98b93e1393c3195c27819e53344ca1ace?s=96&d=mm&r=g","contentUrl":"https:\/\/secure.gravatar.com\/avatar\/533caccae14752e03a2ce2d3fd62d1b98b93e1393c3195c27819e53344ca1ace?s=96&d=mm&r=g","caption":"piotrboczkowski"},"url":"https:\/\/www.welovecycling.com\/pl\/author\/piotrboczkowski\/"}]}},"_links":{"self":[{"href":"https:\/\/www.welovecycling.com\/pl\/wp-json\/wp\/v2\/posts\/4573","targetHints":{"allow":["GET"]}}],"collection":[{"href":"https:\/\/www.welovecycling.com\/pl\/wp-json\/wp\/v2\/posts"}],"about":[{"href":"https:\/\/www.welovecycling.com\/pl\/wp-json\/wp\/v2\/types\/post"}],"author":[{"embeddable":true,"href":"https:\/\/www.welovecycling.com\/pl\/wp-json\/wp\/v2\/users\/76"}],"replies":[{"embeddable":true,"href":"https:\/\/www.welovecycling.com\/pl\/wp-json\/wp\/v2\/comments?post=4573"}],"version-history":[{"count":2,"href":"https:\/\/www.welovecycling.com\/pl\/wp-json\/wp\/v2\/posts\/4573\/revisions"}],"predecessor-version":[{"id":4712,"href":"https:\/\/www.welovecycling.com\/pl\/wp-json\/wp\/v2\/posts\/4573\/revisions\/4712"}],"wp:featuredmedia":[{"embeddable":true,"href":"https:\/\/www.welovecycling.com\/pl\/wp-json\/wp\/v2\/media\/4576"}],"wp:attachment":[{"href":"https:\/\/www.welovecycling.com\/pl\/wp-json\/wp\/v2\/media?parent=4573"}],"wp:term":[{"taxonomy":"category","embeddable":true,"href":"https:\/\/www.welovecycling.com\/pl\/wp-json\/wp\/v2\/categories?post=4573"},{"taxonomy":"post_tag","embeddable":true,"href":"https:\/\/www.welovecycling.com\/pl\/wp-json\/wp\/v2\/tags?post=4573"},{"taxonomy":"global-categories","embeddable":true,"href":"https:\/\/www.welovecycling.com\/pl\/wp-json\/wp\/v2\/global-categories?post=4573"}],"curies":[{"name":"wp","href":"https:\/\/api.w.org\/{rel}","templated":true}]}}