{"id":4562,"date":"2017-07-18T09:00:20","date_gmt":"2017-07-18T09:00:20","guid":{"rendered":"https:\/\/www.welovecycling.com\/pl\/?p=4562"},"modified":"2017-09-05T11:32:56","modified_gmt":"2017-09-05T11:32:56","slug":"bartosz-huzarski-tour-de-france-liczy-sie-zwyciezca","status":"publish","type":"post","link":"https:\/\/www.welovecycling.com\/pl\/2017\/07\/18\/bartosz-huzarski-tour-de-france-liczy-sie-zwyciezca\/","title":{"rendered":"Bartosz Huzarski: Tour de France \u2013 tu liczy si\u0119 tylko zwyci\u0119zca"},"content":{"rendered":"<p><strong>Wy\u015bcig, kt\u00f3rego nienawidzisz od samego pocz\u0105tku, ale wiesz, \u017ce tu wr\u00f3cisz, je\u015bli tylko kto\u015b da ci kolejn\u0105 szans\u0119. S\u0142ysza\u0142em to powiedzenie wiele razy. Lecz dopiero, gdy sam tego spr\u00f3bowa\u0142em, zrozumia\u0142em, o co w tym kolarskim powiedzonku tak w\u0142a\u015bciwie chodzi. <\/strong><!--more--><\/p>\n<p><a href=\"https:\/\/d2p6e6u75xmxt8.cloudfront.net\/5\/2017\/07\/28234015012_3ccb4848ea_z.jpg\"><img loading=\"lazy\" decoding=\"async\" class=\"alignnone wp-image-4564\" src=\"https:\/\/d2p6e6u75xmxt8.cloudfront.net\/5\/2017\/07\/28234015012_3ccb4848ea_z.jpg\" alt=\"\" width=\"1039\" height=\"693\" srcset=\"https:\/\/d2p6e6u75xmxt8.cloudfront.net\/5\/2017\/07\/28234015012_3ccb4848ea_z.jpg 640w, https:\/\/d2p6e6u75xmxt8.cloudfront.net\/5\/2017\/07\/28234015012_3ccb4848ea_z-300x200.jpg 300w, https:\/\/d2p6e6u75xmxt8.cloudfront.net\/5\/2017\/07\/28234015012_3ccb4848ea_z-272x182.jpg 272w\" sizes=\"auto, (max-width: 1039px) 100vw, 1039px\" \/><\/a><\/p>\n<p><a href=\"https:\/\/d2p6e6u75xmxt8.cloudfront.net\/5\/2017\/07\/27829005250_ea4acfdbfd_z.jpg\"><img loading=\"lazy\" decoding=\"async\" class=\"alignnone wp-image-4565\" src=\"https:\/\/d2p6e6u75xmxt8.cloudfront.net\/5\/2017\/07\/27829005250_ea4acfdbfd_z.jpg\" alt=\"\" width=\"1039\" height=\"787\" srcset=\"https:\/\/d2p6e6u75xmxt8.cloudfront.net\/5\/2017\/07\/27829005250_ea4acfdbfd_z.jpg 640w, https:\/\/d2p6e6u75xmxt8.cloudfront.net\/5\/2017\/07\/27829005250_ea4acfdbfd_z-300x227.jpg 300w\" sizes=\"auto, (max-width: 1039px) 100vw, 1039px\" \/><\/a><\/p>\n<p>To sta\u0142o si\u0119 mniej wi\u0119cej w okolicy 2. etapu i ju\u017c wtedy, podczas mojego pierwszego Tour de France, wiedzia\u0142em, \u017ce b\u0119d\u0105 to bardzo, bardzo d\u0142ugie trzy tygodnie. Najwi\u0119kszy, najci\u0119\u017cszy, najwa\u017cniejszy &#8211; to trzy najprostsze s\u0142owa opisuj\u0105ce trzytygodniowe \u015bciganie we Francji. Tutaj wszystko jest naj&#8230; Do tego stopnia, \u017ce czasem si\u0119 zastanawiam, dlaczego Tour de France nie jest rozgrywany w USA, przecie\u017c to zawsze w Ameryce wszystko by\u0142o najwi\u0119ksze. Ale to francuski wy\u015bcig, bez sztucznego naginania statystyk, ma wszystko naj, od poziomu sportowego, poprzez sprz\u0119towe nowinki, nazwiska na li\u015bcie startowej, opraw\u0119 startu i mety,\u00a0 kibic\u00f3w po kolumn\u0119 reklamow\u0105 jad\u0105c\u0105 przed zawodnikami. W tym roku r\u00f3wnie\u017c w cz\u0119sto\u015bci relacji telewizyjnych Tour de France pobi\u0142 o kosmiczn\u0105 d\u0142ugo\u015b\u0107 reszt\u0119 peletonu, gdy\u017c wy\u015bcig jest transmitowany na \u017cywo od startu do mety. Wsp\u00f3\u0142czu\u0107 mo\u017cna komentatorom, ale z drugiej strony codzienne zmagania zawodnik\u00f3w na trasie obserwuje tyle os\u00f3b co fina\u0142 Super Bowl. Liczby i statystyki m\u00f3wi\u0105 same za siebie \u2013 zwrot z inwestycji w kolarstwo jest najwi\u0119kszy.<\/p>\n<p><strong>W trzy tygodnie z piek\u0142a do nieba <\/strong><\/p>\n<p>Jecha\u0142em Tour de France trzy razy z rz\u0119du w latach 2014-2016. Wcze\u015bniej, przez kilka dobrych lat \u00a0poprzedzaj\u0105cych moje (raczej marne) woja\u017ce we Francji, ekscytowa\u0142em si\u0119 wy\u015bcigiem z kanapy, a teraz zn\u00f3w w roli kanapowego kibica patrz\u0119 na te zmagania zupe\u0142nie inaczej. Na w\u0142asnej sk\u00f3rze prze\u017cy\u0142em to, co teraz widz\u0119 w telewizji. Tour de France jest najbardziej nerwowym z trzytygodniowych wy\u015bcig\u00f3w, a przejecha\u0142em wszystkie, wi\u0119c mam por\u00f3wnanie.<\/p>\n<p>Pierwszy tydzie\u0144 jest dramatycznie obci\u0105\u017caj\u0105cy dla psychiki. My\u015bl\u0119, \u017ce tu wszystkie parametry zm\u0119czeniowe s\u0105 g\u0142\u00f3wnie podbijane przez stres. Oczywi\u015bcie do tego zm\u0119czenie fizyczne, narastaj\u0105ce z dnia na dzie\u0144, etapy raczej p\u0142askie, wietrzne, wi\u0119c z dodatkow\u0105 \u201egwiazdk\u0105\u201d w skali trudno\u015bci. To taki etap, gdzie otwieraj\u0105 si\u0119 drzwi do ka\u017cdej klasyfikacji w wy\u015bcigu, a wi\u0119kszo\u015b\u0107 startuj\u0105cych czuje super power i przyp\u0142yw adrenaliny. Wtedy ka\u017cdy jest sprinterem, g\u00f3ralem lub kandydatem na \u201egeneralk\u0119\u201d.<\/p>\n<p>To sieje w peletonie spustoszenie, wprowadza napi\u0119t\u0105 atmosfer\u0119, to taki czas, gdy g\u0142upio mo\u017cna straci\u0107 bardzo wiele. W kontek\u015bcie ko\u0144cowej klasyfikacji generalnej prawda jest taka, \u017ce nic nie zyskasz w pierwszym tygodniu, ale straci\u0107 mo\u017cesz wszystko. To rodzi kraksy i wszystkie sytuacje nerwowe, gdy\u017c najzwyczajniej w \u015bwiecie ka\u017cdy chce by\u0107 z przodu peletonu, bo tam jest najbezpieczniej, ale miejsca jest dla kilkunastu, mo\u017ce kilkudziesi\u0119ciu zawodnik\u00f3w. Dlatego bywa\u0142y etapy, gdzie 70 km przed met\u0105 nie by\u0142o ju\u017c szans przebi\u0107 si\u0119 do przodu, a walcz\u0105cy o jak najlepsze pozycje peleton jecha\u0142 50 km\/h. W miar\u0119 spokojnie robi si\u0119 po pierwszym prawdziwie g\u00f3rskim etapie, kiedy ju\u017c wi\u0119kszo\u015b\u0107 zawodnik\u00f3w wie, gdzie ich miejsce, gdy wreszcie do oko\u0142o 180 os\u00f3b w peletonie dotar\u0142o, \u017ce nie wygraj\u0105 jednak tego wy\u015bcigu. Wtedy z przodu robi si\u0119 spokojniej, lu\u017aniej, mniej nerwowo. Ka\u017cdy zna ju\u017c swoje miejsce w tym barwnym wy\u015bcigu przecinaj\u0105cym Francj\u0119. Zmieniaj\u0105 si\u0119 priorytety, cze\u015b\u0107 zawodnik\u00f3w chce tylko dojecha\u0107 do mety, cz\u0119\u015b\u0107 marzy, by wygra\u0107 etap, a s\u0105 i tacy, kt\u00f3rzy licz\u0105 na zebranie si\u0119 do ucieczki dnia. Teraz ka\u017cdy jedzie ju\u017c sw\u00f3j ma\u0142y wy\u015bcig, bo klasyfikacja generalna zaw\u0119\u017ca si\u0119 do dziesi\u0119ciu potencjalnych tryumfator\u00f3w na Polach Elizejskich. Nie znaczy to wcale, \u017ce wy\u015bcig z dnia na dzie\u0144 staje si\u0119 l\u017cejszy, lecz po prostu kompletnie si\u0119 zmienia w stosunku do pierwszego tygodnia.<\/p>\n<p><strong>Tylko dla or\u0142\u00f3w<\/strong><\/p>\n<p>By\u0107 albo nie by\u0107 &#8211; tutaj liczy si\u0119 tylko wygrany. Przegranym jest ju\u017c ten na drugim miejscu i cho\u0107 wci\u0105\u017c trzeba by\u0107 wybitnym sportowcem, by sko\u0144czy\u0107 ten wy\u015bcig w pierwszej dziesi\u0105tce, pami\u0119ta si\u0119 tylko tego, kto stoi na najwy\u017cszym stopniu podium. Id\u0119 nawet o zak\u0142ad, \u017ce bez wujka Google ma\u0142o kto wymieni nazwisko drugiego zawodnika wy\u015bcigu z zesz\u0142ego roku. Pami\u0119tamy, kto wygra\u0142 i mo\u017ce poszczeg\u00f3lne klasyfikacje, ale niewiele wi\u0119cej.\u00a0 A prosz\u0119 mi uwierzy\u0107 &#8211; uko\u0144czenie tych trzytygodniowych zmaga\u0144 w pierwszej dwudziestce zarezerwowane jest dla wybitnie utalentowanych zawodnik\u00f3w.<\/p>\n<p>Na Tour de France trzeba jecha\u0107 doskonale przygotowanym. Forma fizyczna, nastawienie psychiczne, miesi\u0105ce przygotowa\u0144, test\u00f3w, zgrupowa\u0144. Litry potu i dziesi\u0105tki tysi\u0119cy kilometr\u00f3w sp\u0119dzonych w siodle. Podjazdy, zjazdy, jazda indywidualna na czas i dru\u017cyna. W wy\u015bcigu jedzie dziewi\u0119ciu zawodnik\u00f3w w ka\u017cdej z ekip, ale do obs\u0142ugi tych dziewi\u0119ciu jest przynajmniej dwadzie\u015bcia os\u00f3b. Ka\u017cda dru\u017cyna na Tour de France ma oko\u0142o sze\u015bciu samochod\u00f3w osobowych, ci\u0119\u017car\u00f3wk\u0119 na sprz\u0119t, autobus, mobiln\u0105 kuchni\u0119, samoch\u00f3d prasowy&#8230; uff. Zapytacie dlaczego? Ka\u017cdy zawodnik ma do dyspozycji od pi\u0119ciu do nawet dziesi\u0119ciu rower\u00f3w, zapasowe ko\u0142a, ramy, stroje, kaski, bidony (oko\u0142o pi\u0119\u0107 tysi\u0119cy!) zapasowe opony i podzespo\u0142y. Do tego warunki pracy obs\u0142ugi musz\u0105 by\u0107 optymalne, gdy\u017c oni te\u017c walcz\u0105 przez trzy tygodnie. Walcz\u0105 podobnie jak zawodnicy na trasie. Sprz\u0119t musi dzia\u0142a\u0107 perfekcyjnie, pranie musi by\u0107 zrobione, jedzenie na etap przygotowane, a \u00a0ka\u017cdy detal ma tu znaczenie. Nic nie mo\u017ce zawie\u015b\u0107, bo gdy to si\u0119 zdarza, to zawsze w najwa\u017cniejszym momencie wy\u015bcigu &#8211; taka z\u0142o\u015bliwo\u015b\u0107 rzeczy martwych. By\u0107 albo nie by\u0107. Pomy\u015bl, \u017ce przegrywasz etap przez \u015brubk\u0119 za pi\u0119\u0107 z\u0142otych \u2013 tu naprawd\u0119 nie ma miejsca na b\u0142\u0119dy.<\/p>\n<p>Mikroprocenty decyduj\u0105 w zawodowym sporcie o wszystkim, bo o ile wszyscy znaj\u0105 si\u0119 na aerodynamice, metodyce treningu, psychologii sportowej, to w ostatecznym rozrachunku decyduj\u0105 detale, setki ma\u0142ych szczeg\u00f3lik\u00f3w, kt\u00f3re daj\u0105 nam albo przewag\u0119 nad konkurencj\u0105, albo strat\u0119. Wyobra\u017acie sobie zawodowego kolarza, cz\u0142owieka prawie ze stali, go\u015bcia, kt\u00f3ry jak g\u00f3rska kozica przemierza alpejskie prze\u0142\u0119cze i robi rocznie oko\u0142o 30 tysi\u0119cy kilometr\u00f3w na rowerze, a na pierwsze pi\u0119tro w hotelu wje\u017cd\u017ca wind\u0105. Przez te trzy tygodnie wszystko ma znaczenie. Dlatego zawodnicy, siadaj\u0105c rano do \u015bniadania, o wszystko, czego nie ma na stole, prosz\u0105 masa\u017cyst\u0119. A te lepiej zorganizowane dru\u017cyny maj\u0105 ci\u0119\u017car\u00f3wki przerobione na kuchnie, \u017ceby system \u017cywienia, otoczenie i rozmieszczenie poszczeg\u00f3lnych produkt\u00f3w by\u0142y perfekcyjne.<\/p>\n<p><strong>Przeskoczy\u0107 samego siebie<\/strong><\/p>\n<p>Jednak w ca\u0142ym procesie regeneracji najwa\u017cniejszy jest sen. 21 etap\u00f3w plus 2 dni przerwy to daje 23 dni wy\u015bcigu. Wystarczy spa\u0107 dziennie o godzin\u0119 d\u0142u\u017cej, by zyska\u0107 23 godziny snu. Inne rzeczy, jak kompresyjna odzie\u017c, elektrostymulacje, masa\u017c, komfortowy autobus, og\u00f3lnie poj\u0119ty relaks czy wanny z zimn\u0105 wod\u0105 po etapie, to wszystko wp\u0142ywa na te mikroprocenty, o kt\u00f3rych pisa\u0142em wcze\u015bniej.\u00a0 Doskona\u0142ym przyk\u0142adem niech b\u0119dzie opracowanie strategii \u017cywieniowej na poszczeg\u00f3lne etapy i dostosowanie ich do ka\u017cdego zawodnika z osobna. Bo przecie\u017c kto\u015b ucieka, kto\u015b goni, a kto\u015b grzecznie czeka schowany w peletonie, \u017ceby wyrwa\u0107 do przodu na ostatnich 200 metrach. Kolarstwo zawodowe to ch\u0142odna kalkulacja. Jeden z najci\u0119\u017cszych sport\u00f3w fizycznych \u015bwiata. To trzeba kocha\u0107, inaczej nie ma szans, by doj\u015b\u0107 do takiego wy\u015bcigu jak Tour de France, i nie ma szans, by go uko\u0144czy\u0107. Start w Tour de France pokaza\u0142 mi, \u017ce mog\u0119 du\u017co wi\u0119cej, bo inaczej zostan\u0119 wyrzucony z wy\u015bcigu za przekroczenie limitu czasowego na etapie. Cz\u0119sto chcia\u0142em powiedzie\u0107 pas, po pi\u0119\u0107-sze\u015b\u0107 godzin dziennie na rowerze, w zmiennych warunkach pogodowych, gdy boli ci\u0119 dos\u0142ownie wszystko, a za met\u0105 czeka\u2026 kolejny etap.<\/p>\n<p>Do Pary\u017ca niesie sportowa ambicja, najbli\u017csza rodzina, kibice i w\u0142a\u015bnie dru\u017cyna. A na fina\u0142, pod \u0141uk Triumfalny, etap w Pary\u017cu \u2013 tysi\u0105ce kibic\u00f3w i g\u0119sia sk\u00f3rka. To jest to, co zapami\u0119tam na zawsze. M\u00f3j pierwszy wjazd na Champs-\u00c9lys\u00e9es. Nie wiem, czy kiedykolwiek by\u0142em tak szcz\u0119\u015bliwy, chcia\u0142o mi si\u0119 p\u0142aka\u0107, g\u0119si\u0105 sk\u00f3rk\u0119 mia\u0142em na ca\u0142ym ciele i u\u015bmiech od ucha do ucha. Wtedy po raz pierwszy zi\u015bci\u0142 si\u0119\u00a0 m\u00f3j sen, sen ka\u017cdego zawodowego kolarza: uko\u0144czy\u0142em najwi\u0119kszy, najci\u0119\u017cszy i najwa\u017cniejszy wy\u015bcig kolarski \u015bwiata. Zrobi\u0142em to w sumie trzy razy, ale ten pierwszy pami\u0119tam, jakby to by\u0142o wczoraj.<\/p>\n<p><a href=\"https:\/\/d2p6e6u75xmxt8.cloudfront.net\/5\/2017\/07\/27606951774_2c90128acb_z.jpg\"><img loading=\"lazy\" decoding=\"async\" class=\"alignnone wp-image-4563\" src=\"https:\/\/d2p6e6u75xmxt8.cloudfront.net\/5\/2017\/07\/27606951774_2c90128acb_z.jpg\" alt=\"\" width=\"1028\" height=\"686\" srcset=\"https:\/\/d2p6e6u75xmxt8.cloudfront.net\/5\/2017\/07\/27606951774_2c90128acb_z.jpg 640w, https:\/\/d2p6e6u75xmxt8.cloudfront.net\/5\/2017\/07\/27606951774_2c90128acb_z-300x200.jpg 300w, https:\/\/d2p6e6u75xmxt8.cloudfront.net\/5\/2017\/07\/27606951774_2c90128acb_z-272x182.jpg 272w\" sizes=\"auto, (max-width: 1028px) 100vw, 1028px\" \/><\/a><\/p>\n<p>(\u017ar\u00f3d\u0142o zdj\u0119\u0107: archiwum w\u0142asne Bartosza Huzarskiego)<\/p>\n","protected":false},"excerpt":{"rendered":"<p>Wy\u015bcig, kt\u00f3rego nienawidzisz od samego pocz\u0105tku, ale wiesz, \u017ce tu wr\u00f3cisz, je\u015bli tylko kto\u015b da ci kolejn\u0105 szans\u0119. S\u0142ysza\u0142em to [&hellip;]<\/p>\n","protected":false},"author":76,"featured_media":4571,"comment_status":"open","ping_status":"open","sticky":false,"template":"","format":"standard","meta":{"footnotes":""},"categories":[203],"tags":[108,151,77],"global-categories":[],"class_list":["post-4562","post","type-post","status-publish","format-standard","has-post-thumbnail","hentry","category-bartosz-huzarski","tag-bartosz-huzarski","tag-kolarstwo-szosowe","tag-tour-de-france"],"yoast_head":"<!-- This site is optimized with the Yoast SEO Premium plugin v25.3 (Yoast SEO v25.9) - https:\/\/yoast.com\/wordpress\/plugins\/seo\/ -->\n<title>Bartosz Huzarski: Tour de France \u2013 tu liczy si\u0119 tylko zwyci\u0119zca - \u0160koda We Love Cycling - Poland<\/title>\n<meta name=\"robots\" content=\"index, follow, max-snippet:-1, max-image-preview:large, max-video-preview:-1\" \/>\n<link rel=\"canonical\" href=\"https:\/\/www.welovecycling.com\/pl\/2017\/07\/18\/bartosz-huzarski-tour-de-france-liczy-sie-zwyciezca\/\" \/>\n<meta property=\"og:locale\" content=\"pl_PL\" \/>\n<meta property=\"og:type\" content=\"article\" \/>\n<meta property=\"og:title\" content=\"Bartosz Huzarski: Tour de France \u2013 tu liczy si\u0119 tylko zwyci\u0119zca\" \/>\n<meta property=\"og:description\" content=\"Wy\u015bcig, kt\u00f3rego nienawidzisz od samego pocz\u0105tku, ale wiesz, \u017ce tu wr\u00f3cisz, je\u015bli tylko kto\u015b da ci kolejn\u0105 szans\u0119. S\u0142ysza\u0142em to [&hellip;]\" \/>\n<meta property=\"og:url\" content=\"https:\/\/www.welovecycling.com\/pl\/2017\/07\/18\/bartosz-huzarski-tour-de-france-liczy-sie-zwyciezca\/\" \/>\n<meta property=\"og:site_name\" content=\"\u0160koda We Love Cycling - Poland\" \/>\n<meta property=\"article:published_time\" content=\"2017-07-18T09:00:20+00:00\" \/>\n<meta property=\"article:modified_time\" content=\"2017-09-05T11:32:56+00:00\" \/>\n<meta property=\"og:image\" content=\"https:\/\/d2p6e6u75xmxt8.cloudfront.net\/5\/2017\/07\/28292625701_ce0eb225da_b.jpg\" \/>\n\t<meta property=\"og:image:width\" content=\"1000\" \/>\n\t<meta property=\"og:image:height\" content=\"836\" \/>\n\t<meta property=\"og:image:type\" content=\"image\/jpeg\" \/>\n<meta name=\"author\" content=\"piotrboczkowski\" \/>\n<meta name=\"twitter:card\" content=\"summary_large_image\" \/>\n<meta name=\"twitter:label1\" content=\"Written by\" \/>\n\t<meta name=\"twitter:data1\" content=\"Bartosz Huzarski\" \/>\n\t<meta name=\"twitter:label2\" content=\"Est. reading time\" \/>\n\t<meta name=\"twitter:data2\" content=\"7 minutes\" \/>\n<script type=\"application\/ld+json\" class=\"yoast-schema-graph\">{\"@context\":\"https:\/\/schema.org\",\"@graph\":[{\"@type\":\"WebPage\",\"@id\":\"https:\/\/www.welovecycling.com\/pl\/2017\/07\/18\/bartosz-huzarski-tour-de-france-liczy-sie-zwyciezca\/\",\"url\":\"https:\/\/www.welovecycling.com\/pl\/2017\/07\/18\/bartosz-huzarski-tour-de-france-liczy-sie-zwyciezca\/\",\"name\":\"Bartosz Huzarski: Tour de France \u2013 tu liczy si\u0119 tylko zwyci\u0119zca - \u0160koda We Love Cycling - Poland\",\"isPartOf\":{\"@id\":\"https:\/\/www.welovecycling.com\/pl\/#website\"},\"primaryImageOfPage\":{\"@id\":\"https:\/\/www.welovecycling.com\/pl\/2017\/07\/18\/bartosz-huzarski-tour-de-france-liczy-sie-zwyciezca\/#primaryimage\"},\"image\":{\"@id\":\"https:\/\/www.welovecycling.com\/pl\/2017\/07\/18\/bartosz-huzarski-tour-de-france-liczy-sie-zwyciezca\/#primaryimage\"},\"thumbnailUrl\":\"https:\/\/d2p6e6u75xmxt8.cloudfront.net\/5\/2017\/07\/28292625701_ce0eb225da_b.jpg\",\"datePublished\":\"2017-07-18T09:00:20+00:00\",\"dateModified\":\"2017-09-05T11:32:56+00:00\",\"author\":{\"@id\":\"https:\/\/www.welovecycling.com\/pl\/#\/schema\/person\/0dba2d39da943db9df3fd8f4687e7f23\"},\"breadcrumb\":{\"@id\":\"https:\/\/www.welovecycling.com\/pl\/2017\/07\/18\/bartosz-huzarski-tour-de-france-liczy-sie-zwyciezca\/#breadcrumb\"},\"inLanguage\":\"pl-PL\",\"potentialAction\":[{\"@type\":\"ReadAction\",\"target\":[\"https:\/\/www.welovecycling.com\/pl\/2017\/07\/18\/bartosz-huzarski-tour-de-france-liczy-sie-zwyciezca\/\"]}]},{\"@type\":\"ImageObject\",\"inLanguage\":\"pl-PL\",\"@id\":\"https:\/\/www.welovecycling.com\/pl\/2017\/07\/18\/bartosz-huzarski-tour-de-france-liczy-sie-zwyciezca\/#primaryimage\",\"url\":\"https:\/\/d2p6e6u75xmxt8.cloudfront.net\/5\/2017\/07\/28292625701_ce0eb225da_b.jpg\",\"contentUrl\":\"https:\/\/d2p6e6u75xmxt8.cloudfront.net\/5\/2017\/07\/28292625701_ce0eb225da_b.jpg\",\"width\":1000,\"height\":836},{\"@type\":\"BreadcrumbList\",\"@id\":\"https:\/\/www.welovecycling.com\/pl\/2017\/07\/18\/bartosz-huzarski-tour-de-france-liczy-sie-zwyciezca\/#breadcrumb\",\"itemListElement\":[{\"@type\":\"ListItem\",\"position\":1,\"name\":\"Home\",\"item\":\"https:\/\/www.welovecycling.com\/pl\/\"},{\"@type\":\"ListItem\",\"position\":2,\"name\":\"Bartosz Huzarski: Tour de France \u2013 tu liczy si\u0119 tylko zwyci\u0119zca\"}]},{\"@type\":\"WebSite\",\"@id\":\"https:\/\/www.welovecycling.com\/pl\/#website\",\"url\":\"https:\/\/www.welovecycling.com\/pl\/\",\"name\":\"\u0160koda We Love Cycling - Poland\",\"description\":\"\",\"potentialAction\":[{\"@type\":\"SearchAction\",\"target\":{\"@type\":\"EntryPoint\",\"urlTemplate\":\"https:\/\/www.welovecycling.com\/pl\/?s={search_term_string}\"},\"query-input\":{\"@type\":\"PropertyValueSpecification\",\"valueRequired\":true,\"valueName\":\"search_term_string\"}}],\"inLanguage\":\"pl-PL\"},{\"@type\":\"Person\",\"@id\":\"https:\/\/www.welovecycling.com\/pl\/#\/schema\/person\/0dba2d39da943db9df3fd8f4687e7f23\",\"name\":\"piotrboczkowski\",\"image\":{\"@type\":\"ImageObject\",\"inLanguage\":\"pl-PL\",\"@id\":\"https:\/\/www.welovecycling.com\/pl\/#\/schema\/person\/image\/\",\"url\":\"https:\/\/secure.gravatar.com\/avatar\/533caccae14752e03a2ce2d3fd62d1b98b93e1393c3195c27819e53344ca1ace?s=96&d=mm&r=g\",\"contentUrl\":\"https:\/\/secure.gravatar.com\/avatar\/533caccae14752e03a2ce2d3fd62d1b98b93e1393c3195c27819e53344ca1ace?s=96&d=mm&r=g\",\"caption\":\"piotrboczkowski\"},\"url\":\"https:\/\/www.welovecycling.com\/pl\/author\/piotrboczkowski\/\"}]}<\/script>\n<!-- \/ Yoast SEO Premium plugin. -->","yoast_head_json":{"title":"Bartosz Huzarski: Tour de France \u2013 tu liczy si\u0119 tylko zwyci\u0119zca - \u0160koda We Love Cycling - Poland","robots":{"index":"index","follow":"follow","max-snippet":"max-snippet:-1","max-image-preview":"max-image-preview:large","max-video-preview":"max-video-preview:-1"},"canonical":"https:\/\/www.welovecycling.com\/pl\/2017\/07\/18\/bartosz-huzarski-tour-de-france-liczy-sie-zwyciezca\/","og_locale":"pl_PL","og_type":"article","og_title":"Bartosz Huzarski: Tour de France \u2013 tu liczy si\u0119 tylko zwyci\u0119zca","og_description":"Wy\u015bcig, kt\u00f3rego nienawidzisz od samego pocz\u0105tku, ale wiesz, \u017ce tu wr\u00f3cisz, je\u015bli tylko kto\u015b da ci kolejn\u0105 szans\u0119. S\u0142ysza\u0142em to [&hellip;]","og_url":"https:\/\/www.welovecycling.com\/pl\/2017\/07\/18\/bartosz-huzarski-tour-de-france-liczy-sie-zwyciezca\/","og_site_name":"\u0160koda We Love Cycling - Poland","article_published_time":"2017-07-18T09:00:20+00:00","article_modified_time":"2017-09-05T11:32:56+00:00","og_image":[{"width":1000,"height":836,"url":"https:\/\/d2p6e6u75xmxt8.cloudfront.net\/5\/2017\/07\/28292625701_ce0eb225da_b.jpg","type":"image\/jpeg"}],"author":"piotrboczkowski","twitter_card":"summary_large_image","twitter_misc":{"Written by":"Bartosz Huzarski","Est. reading time":"7 minutes"},"schema":{"@context":"https:\/\/schema.org","@graph":[{"@type":"WebPage","@id":"https:\/\/www.welovecycling.com\/pl\/2017\/07\/18\/bartosz-huzarski-tour-de-france-liczy-sie-zwyciezca\/","url":"https:\/\/www.welovecycling.com\/pl\/2017\/07\/18\/bartosz-huzarski-tour-de-france-liczy-sie-zwyciezca\/","name":"Bartosz Huzarski: Tour de France \u2013 tu liczy si\u0119 tylko zwyci\u0119zca - \u0160koda We Love Cycling - Poland","isPartOf":{"@id":"https:\/\/www.welovecycling.com\/pl\/#website"},"primaryImageOfPage":{"@id":"https:\/\/www.welovecycling.com\/pl\/2017\/07\/18\/bartosz-huzarski-tour-de-france-liczy-sie-zwyciezca\/#primaryimage"},"image":{"@id":"https:\/\/www.welovecycling.com\/pl\/2017\/07\/18\/bartosz-huzarski-tour-de-france-liczy-sie-zwyciezca\/#primaryimage"},"thumbnailUrl":"https:\/\/d2p6e6u75xmxt8.cloudfront.net\/5\/2017\/07\/28292625701_ce0eb225da_b.jpg","datePublished":"2017-07-18T09:00:20+00:00","dateModified":"2017-09-05T11:32:56+00:00","author":{"@id":"https:\/\/www.welovecycling.com\/pl\/#\/schema\/person\/0dba2d39da943db9df3fd8f4687e7f23"},"breadcrumb":{"@id":"https:\/\/www.welovecycling.com\/pl\/2017\/07\/18\/bartosz-huzarski-tour-de-france-liczy-sie-zwyciezca\/#breadcrumb"},"inLanguage":"pl-PL","potentialAction":[{"@type":"ReadAction","target":["https:\/\/www.welovecycling.com\/pl\/2017\/07\/18\/bartosz-huzarski-tour-de-france-liczy-sie-zwyciezca\/"]}]},{"@type":"ImageObject","inLanguage":"pl-PL","@id":"https:\/\/www.welovecycling.com\/pl\/2017\/07\/18\/bartosz-huzarski-tour-de-france-liczy-sie-zwyciezca\/#primaryimage","url":"https:\/\/d2p6e6u75xmxt8.cloudfront.net\/5\/2017\/07\/28292625701_ce0eb225da_b.jpg","contentUrl":"https:\/\/d2p6e6u75xmxt8.cloudfront.net\/5\/2017\/07\/28292625701_ce0eb225da_b.jpg","width":1000,"height":836},{"@type":"BreadcrumbList","@id":"https:\/\/www.welovecycling.com\/pl\/2017\/07\/18\/bartosz-huzarski-tour-de-france-liczy-sie-zwyciezca\/#breadcrumb","itemListElement":[{"@type":"ListItem","position":1,"name":"Home","item":"https:\/\/www.welovecycling.com\/pl\/"},{"@type":"ListItem","position":2,"name":"Bartosz Huzarski: Tour de France \u2013 tu liczy si\u0119 tylko zwyci\u0119zca"}]},{"@type":"WebSite","@id":"https:\/\/www.welovecycling.com\/pl\/#website","url":"https:\/\/www.welovecycling.com\/pl\/","name":"\u0160koda We Love Cycling - Poland","description":"","potentialAction":[{"@type":"SearchAction","target":{"@type":"EntryPoint","urlTemplate":"https:\/\/www.welovecycling.com\/pl\/?s={search_term_string}"},"query-input":{"@type":"PropertyValueSpecification","valueRequired":true,"valueName":"search_term_string"}}],"inLanguage":"pl-PL"},{"@type":"Person","@id":"https:\/\/www.welovecycling.com\/pl\/#\/schema\/person\/0dba2d39da943db9df3fd8f4687e7f23","name":"piotrboczkowski","image":{"@type":"ImageObject","inLanguage":"pl-PL","@id":"https:\/\/www.welovecycling.com\/pl\/#\/schema\/person\/image\/","url":"https:\/\/secure.gravatar.com\/avatar\/533caccae14752e03a2ce2d3fd62d1b98b93e1393c3195c27819e53344ca1ace?s=96&d=mm&r=g","contentUrl":"https:\/\/secure.gravatar.com\/avatar\/533caccae14752e03a2ce2d3fd62d1b98b93e1393c3195c27819e53344ca1ace?s=96&d=mm&r=g","caption":"piotrboczkowski"},"url":"https:\/\/www.welovecycling.com\/pl\/author\/piotrboczkowski\/"}]}},"_links":{"self":[{"href":"https:\/\/www.welovecycling.com\/pl\/wp-json\/wp\/v2\/posts\/4562","targetHints":{"allow":["GET"]}}],"collection":[{"href":"https:\/\/www.welovecycling.com\/pl\/wp-json\/wp\/v2\/posts"}],"about":[{"href":"https:\/\/www.welovecycling.com\/pl\/wp-json\/wp\/v2\/types\/post"}],"author":[{"embeddable":true,"href":"https:\/\/www.welovecycling.com\/pl\/wp-json\/wp\/v2\/users\/76"}],"replies":[{"embeddable":true,"href":"https:\/\/www.welovecycling.com\/pl\/wp-json\/wp\/v2\/comments?post=4562"}],"version-history":[{"count":2,"href":"https:\/\/www.welovecycling.com\/pl\/wp-json\/wp\/v2\/posts\/4562\/revisions"}],"predecessor-version":[{"id":4716,"href":"https:\/\/www.welovecycling.com\/pl\/wp-json\/wp\/v2\/posts\/4562\/revisions\/4716"}],"wp:featuredmedia":[{"embeddable":true,"href":"https:\/\/www.welovecycling.com\/pl\/wp-json\/wp\/v2\/media\/4571"}],"wp:attachment":[{"href":"https:\/\/www.welovecycling.com\/pl\/wp-json\/wp\/v2\/media?parent=4562"}],"wp:term":[{"taxonomy":"category","embeddable":true,"href":"https:\/\/www.welovecycling.com\/pl\/wp-json\/wp\/v2\/categories?post=4562"},{"taxonomy":"post_tag","embeddable":true,"href":"https:\/\/www.welovecycling.com\/pl\/wp-json\/wp\/v2\/tags?post=4562"},{"taxonomy":"global-categories","embeddable":true,"href":"https:\/\/www.welovecycling.com\/pl\/wp-json\/wp\/v2\/global-categories?post=4562"}],"curies":[{"name":"wp","href":"https:\/\/api.w.org\/{rel}","templated":true}]}}