{"id":4549,"date":"2017-07-17T08:32:48","date_gmt":"2017-07-17T08:32:48","guid":{"rendered":"https:\/\/www.welovecycling.com\/pl\/?p=4549"},"modified":"2017-08-26T17:02:43","modified_gmt":"2017-08-26T17:02:43","slug":"taktyk-pomocnik-mechanik-polak-zdobywa-szacunek-tour-de-france","status":"publish","type":"post","link":"https:\/\/www.welovecycling.com\/pl\/2017\/07\/17\/taktyk-pomocnik-mechanik-polak-zdobywa-szacunek-tour-de-france\/","title":{"rendered":"Taktyk, pomocnik, mechanik. Polak zdobywa szacunek na Tour de France!"},"content":{"rendered":"<p>W kolarstwie jak w \u017cyciu \u2013 dobrze mie\u0107 swojego anio\u0142a str\u00f3\u017ca. A nad liderem Tour de France Christopherem Froome\u2019em niebiosa czuwaj\u0105, bo na ka\u017cdym kroku mo\u017ce liczy\u0107 na Micha\u0142a Kwiatkowskiego. Polak w tegorocznej Wielkiej P\u0119tli jest jak najlepsza kolarska polisa ubezpieczeniowa.<\/p>\n<p><!--more--><\/p>\n<p><a href=\"https:\/\/d2p6e6u75xmxt8.cloudfront.net\/5\/2017\/07\/TDFs15_Kwiato_txpwc5-1.jpg\"><img decoding=\"async\" class=\"alignnone size-full wp-image-4552\" src=\"https:\/\/d2p6e6u75xmxt8.cloudfront.net\/5\/2017\/07\/TDFs15_Kwiato_txpwc5-1.jpg\" alt=\"\" \/><\/a><\/p>\n<p><a href=\"https:\/\/d2p6e6u75xmxt8.cloudfront.net\/5\/2017\/07\/TDFs15_Kwiato_txpwc5-1.jpg\">(<\/a>\u017ar\u00f3d\u0142o:\u00a0www.teamsky.com)<\/p>\n<p>Dawno temu sko\u0144czy\u0142y si\u0119 czasy, gdy kolarz wskakiwa\u0142 na rower, zaciska\u0142 z\u0119by, kr\u0119ci\u0142, ile si\u0142 w nogach, a na met\u0119 z podniesionymi r\u0119kami wje\u017cd\u017cali najmocniejsi. Nie, dzisiejszym wy\u015bcigom zdecydowanie bli\u017cej do partii szach\u00f3w.<\/p>\n<p>Kolarstwo to wielka taktyczna rozgrywka, w kt\u00f3rej wa\u017cny jest lider, ale tak\u017ce optymalne zestawienie zespo\u0142u, czyli jego pomocnicy. A z tegorocznego Tour de France wynika, \u017ce uk\u0142adanie dru\u017cyny warto zacz\u0105\u0107 od Micha\u0142a Kwiatkowskiego.<\/p>\n<p><strong>Basista w zespole<\/strong><\/p>\n<p>Polacy w tegorocznej Wielkiej P\u0119tli maj\u0105 pod g\u00f3rk\u0119. Rafa\u0142 Majka mocno si\u0119 poobija\u0142 i musia\u0142 si\u0119 wycofa\u0107 z wy\u015bcigu. Maciej Bodnar niby b\u0142ysn\u0105\u0142, ale sam przyzna\u0142, \u017ce i tak jest zawiedziony, bo rywale wyprzedzili go 250 metr\u00f3w przed met\u0105.<\/p>\n<p>Gdy spojrzy si\u0119 na klasyfikacj\u0119 generaln\u0105, to szcz\u0119\u015bliwy nie mo\u017ce by\u0107 te\u017c Kwiatkowski, kt\u00f3ry zajmuje dopiero 62. miejsce. Jednak w jego przypadku ta pozycja jest z\u0142udna i ma drugorz\u0119dne znaczenie. \u201eKwiato\u201d jest bowiem jak basista w zespole muzycznym \u2013 rzadko kiedy to do niego wzdychaj\u0105 fani, rozdaje zdecydowanie mniej autograf\u00f3w od wokalisty, ale bez niego rytm ka\u017cdej piosenki rozsypa\u0142by si\u0119 jak domek z kart.<\/p>\n<p><strong>\u201eKwiato\u201d krzycza\u0142: P\u0119k\u0142o, p\u0119k\u0142o! Dawaj, wszystko do ko\u0144ca<\/strong><\/p>\n<p>Kwiatkowski na Tour de France ma r\u00f3\u017cne zadania, a wygrywanie etap\u00f3w znajduje si\u0119 na samym ko\u0144cu listy. Ma m\u0119czy\u0107 wsp\u00f3\u0142zawodnik\u00f3w, ma chroni\u0107 Froome\u2019a, ma przewidywa\u0107 ruchy jego rywali. Pewnie w g\u0142\u0119bi duszy Polak sam chcia\u0142by by\u0107 na \u015bwieczniku, ale wspieranie takiego zawodnika jak Brytyjczyk to te\u017c ogromne wyr\u00f3\u017cnienie.<\/p>\n<p>Szczeg\u00f3lnie gdy Froome chwali \u201eKwiato\u201d takimi s\u0142owami:<\/p>\n<p><em>Kwiatkowski by\u0142 niesamowity. Nie tylko dzi\u015b. Przez ca\u0142y wy\u015bcig robi wszystko, o co poprosimy, a nawet wi\u0119cej. Dzi\u015b, na ostatnich metrach, krzycza\u0142 do mnie przez radio: &#8222;P\u0119k\u0142o, p\u0119k\u0142o! Dawaj, wszystko do ko\u0144ca!&#8221;. To by\u0142o niesamowite <\/em>\u2013 zdradza\u0142 kulisy 14. etapu Froome. Etapu dla niego bardzo wa\u017cnego, bo w\u0142a\u015bnie wtedy odebra\u0142 od Fabio Aru \u017c\u00f3\u0142t\u0105 koszulk\u0119\u00a0lidera.<\/p>\n<p>By\u0107 mo\u017ce Froome straci\u0142by j\u0105 ju\u017c nazajutrz, gdyby znowu nie Kwiatkowski.<\/p>\n<p><strong>Mechanik, czyli wsp\u00f3\u0142tw\u00f3rca sukcesu<\/strong><\/p>\n<p>Tym razem Polak jednak nie by\u0142 \u201ezwierzakiem\u201d (tak kiedy\u015b nazwa\u0142 go Froome) ani \u201ewalczakiem\u201d, a sta\u0142 si\u0119\u2026 mechanikiem. Tak, Kwiatkowski w niedziel\u0119 idealnie wype\u0142ni\u0142 rol\u0119 anio\u0142a str\u00f3\u017ca.<\/p>\n<p>\u201eCzemu Froome robi takie luki i puszcza ko\u0142o? O, co\u015b mi si\u0119 wydaje, \u017ce ma problem ze sprz\u0119tem. Hamuje, podnosi r\u0119k\u0119\u2026\u201d \u2013 relacjonowali komentatorzy Eurosportu, a za moment kamery pokaza\u0142y jak Kwiatkowski\u2026 wymienia ko\u0142o Froome\u2019owi. Polak nie do\u015b\u0107, \u017ce uwin\u0105\u0142 si\u0119 z tym jak najlepszy mechanik, to jeszcze da\u0142 Brytyjczykowi swoje ko\u0142o, a sam poczeka\u0142 na samoch\u00f3d serwisowy.<\/p>\n<p>Dzi\u0119ki temu Froome wpad\u0142 na met\u0119 z takim samym czasem jak Aru, a to oznacza, \u017ce utrzyma\u0142 nad W\u0142ochem przewag\u0119 w klasyfikacji generalnej, kt\u00f3ra wynosi 18 sekund.<\/p>\n<p>Kwiatkowski na mecie by\u0142 dopiero 169., ale po raz kolejny m\u00f3g\u0142 si\u0119 czu\u0107 wsp\u00f3\u0142tw\u00f3rc\u0105 sukcesu. I nie dzia\u0142a ju\u017c anonimowo, bo jego wsparcie coraz cz\u0119\u015bciej zauwa\u017caj\u0105 najwi\u0119ksi kolarze Tour de France.<\/p>\n<p><strong>Ostatnia pe\u0142na regeneracja<\/strong><\/p>\n<p>Dzi\u015b dzie\u0144 przerwy, czyli ostatnia szansa na pe\u0142n\u0105 regeneracj\u0119. P\u00f3\u017aniej zawodnicy b\u0119d\u0105 ju\u017c jechali dzie\u0144 w dzie\u0144 i tak a\u017c do niedzielnego fina\u0142u na Polach Elizejskich.<\/p>\n<p>Bardzo wa\u017cne b\u0119d\u0105 dwa najbli\u017csze etapy. Wtorkowy z Le Puy-en-Velay do Romans-sur-Is\u00e8re (165 km) oraz \u015brodowy z La Mure do Serre Chevalier (183 km).<\/p>\n<p><strong>Klasyfikacja generalna<\/strong><\/p>\n<ol>\n<li>Christopher Fromme<\/li>\n<li>Fabio Aru<\/li>\n<li>Romain Bardet<\/li>\n<\/ol>\n<p>&#8212;<\/p>\n<ol start=\"62\">\n<li>Micha\u0142 Kwiatkowski<\/li>\n<li>Pawe\u0142 Polja\u0144ski<\/li>\n<li>Maciej Bodnar<\/li>\n<\/ol>\n<p><strong>Klasyfikacja sprinter\u00f3w (zielona koszulka sponsorowana przez \u0160KOD\u0118):<\/strong><\/p>\n<ol>\n<li>Marcel Kittel<\/li>\n<li>Michael Matthews<\/li>\n<li>Andr\u00e9\u00a0Greipel<\/li>\n<\/ol>\n<p>&nbsp;<\/p>\n<p>(\u017ar\u00f3d\u0142o zdj\u0119\u0107:\u00a0www.letour.fr \u00a9 ASO\/Pauline BALLET)<\/p>\n","protected":false},"excerpt":{"rendered":"<p>W kolarstwie jak w \u017cyciu \u2013 dobrze mie\u0107 swojego anio\u0142a str\u00f3\u017ca. A nad liderem Tour de France Christopherem Froome\u2019em niebiosa [&hellip;]<\/p>\n","protected":false},"author":76,"featured_media":4550,"comment_status":"open","ping_status":"open","sticky":false,"template":"","format":"standard","meta":{"footnotes":""},"categories":[1],"tags":[151,158,77,163,146],"global-categories":[],"class_list":["post-4549","post","type-post","status-publish","format-standard","has-post-thumbnail","hentry","category-uncategorized","tag-kolarstwo-szosowe","tag-relacja","tag-tour-de-france","tag-tour-de-france-2017","tag-wyscig"],"yoast_head":"<!-- This site is optimized with the Yoast SEO Premium plugin v25.3 (Yoast SEO v25.9) - https:\/\/yoast.com\/wordpress\/plugins\/seo\/ -->\n<title>Taktyk, pomocnik, mechanik. Polak zdobywa szacunek na Tour de France! - \u0160koda We Love Cycling - Poland<\/title>\n<meta name=\"robots\" content=\"index, follow, max-snippet:-1, max-image-preview:large, max-video-preview:-1\" \/>\n<link rel=\"canonical\" href=\"https:\/\/www.welovecycling.com\/pl\/2017\/07\/17\/taktyk-pomocnik-mechanik-polak-zdobywa-szacunek-tour-de-france\/\" \/>\n<meta property=\"og:locale\" content=\"pl_PL\" \/>\n<meta property=\"og:type\" content=\"article\" \/>\n<meta property=\"og:title\" content=\"Taktyk, pomocnik, mechanik. Polak zdobywa szacunek na Tour de France!\" \/>\n<meta property=\"og:description\" content=\"W kolarstwie jak w \u017cyciu \u2013 dobrze mie\u0107 swojego anio\u0142a str\u00f3\u017ca. A nad liderem Tour de France Christopherem Froome\u2019em niebiosa [&hellip;]\" \/>\n<meta property=\"og:url\" content=\"https:\/\/www.welovecycling.com\/pl\/2017\/07\/17\/taktyk-pomocnik-mechanik-polak-zdobywa-szacunek-tour-de-france\/\" \/>\n<meta property=\"og:site_name\" content=\"\u0160koda We Love Cycling - Poland\" \/>\n<meta property=\"article:published_time\" content=\"2017-07-17T08:32:48+00:00\" \/>\n<meta property=\"article:modified_time\" content=\"2017-08-26T17:02:43+00:00\" \/>\n<meta property=\"og:image\" content=\"https:\/\/d2p6e6u75xmxt8.cloudfront.net\/5\/2017\/07\/20170716374_161552.jpg\" \/>\n\t<meta property=\"og:image:width\" content=\"1000\" \/>\n\t<meta property=\"og:image:height\" content=\"666\" \/>\n\t<meta property=\"og:image:type\" content=\"image\/jpeg\" \/>\n<meta name=\"author\" content=\"piotrboczkowski\" \/>\n<meta name=\"twitter:card\" content=\"summary_large_image\" \/>\n<meta name=\"twitter:label1\" content=\"Written by\" \/>\n\t<meta name=\"twitter:data1\" content=\"WeLoveCycling\" \/>\n\t<meta name=\"twitter:label2\" content=\"Est. reading time\" \/>\n\t<meta name=\"twitter:data2\" content=\"3 minutes\" \/>\n<script type=\"application\/ld+json\" class=\"yoast-schema-graph\">{\"@context\":\"https:\/\/schema.org\",\"@graph\":[{\"@type\":\"WebPage\",\"@id\":\"https:\/\/www.welovecycling.com\/pl\/2017\/07\/17\/taktyk-pomocnik-mechanik-polak-zdobywa-szacunek-tour-de-france\/\",\"url\":\"https:\/\/www.welovecycling.com\/pl\/2017\/07\/17\/taktyk-pomocnik-mechanik-polak-zdobywa-szacunek-tour-de-france\/\",\"name\":\"Taktyk, pomocnik, mechanik. Polak zdobywa szacunek na Tour de France! - \u0160koda We Love Cycling - Poland\",\"isPartOf\":{\"@id\":\"https:\/\/www.welovecycling.com\/pl\/#website\"},\"primaryImageOfPage\":{\"@id\":\"https:\/\/www.welovecycling.com\/pl\/2017\/07\/17\/taktyk-pomocnik-mechanik-polak-zdobywa-szacunek-tour-de-france\/#primaryimage\"},\"image\":{\"@id\":\"https:\/\/www.welovecycling.com\/pl\/2017\/07\/17\/taktyk-pomocnik-mechanik-polak-zdobywa-szacunek-tour-de-france\/#primaryimage\"},\"thumbnailUrl\":\"https:\/\/d2p6e6u75xmxt8.cloudfront.net\/5\/2017\/07\/20170716374_161552.jpg\",\"datePublished\":\"2017-07-17T08:32:48+00:00\",\"dateModified\":\"2017-08-26T17:02:43+00:00\",\"author\":{\"@id\":\"https:\/\/www.welovecycling.com\/pl\/#\/schema\/person\/0dba2d39da943db9df3fd8f4687e7f23\"},\"breadcrumb\":{\"@id\":\"https:\/\/www.welovecycling.com\/pl\/2017\/07\/17\/taktyk-pomocnik-mechanik-polak-zdobywa-szacunek-tour-de-france\/#breadcrumb\"},\"inLanguage\":\"pl-PL\",\"potentialAction\":[{\"@type\":\"ReadAction\",\"target\":[\"https:\/\/www.welovecycling.com\/pl\/2017\/07\/17\/taktyk-pomocnik-mechanik-polak-zdobywa-szacunek-tour-de-france\/\"]}]},{\"@type\":\"ImageObject\",\"inLanguage\":\"pl-PL\",\"@id\":\"https:\/\/www.welovecycling.com\/pl\/2017\/07\/17\/taktyk-pomocnik-mechanik-polak-zdobywa-szacunek-tour-de-france\/#primaryimage\",\"url\":\"https:\/\/d2p6e6u75xmxt8.cloudfront.net\/5\/2017\/07\/20170716374_161552.jpg\",\"contentUrl\":\"https:\/\/d2p6e6u75xmxt8.cloudfront.net\/5\/2017\/07\/20170716374_161552.jpg\",\"width\":1000,\"height\":666,\"caption\":\"Tour de France 2017 - 16\/07\/2017 - Etape 15 - Laissac-S\u00e9v\u00e9rac l'Eglise \/ Le Puy-en-Velay (189,5km) - France\"},{\"@type\":\"BreadcrumbList\",\"@id\":\"https:\/\/www.welovecycling.com\/pl\/2017\/07\/17\/taktyk-pomocnik-mechanik-polak-zdobywa-szacunek-tour-de-france\/#breadcrumb\",\"itemListElement\":[{\"@type\":\"ListItem\",\"position\":1,\"name\":\"Home\",\"item\":\"https:\/\/www.welovecycling.com\/pl\/\"},{\"@type\":\"ListItem\",\"position\":2,\"name\":\"Taktyk, pomocnik, mechanik. Polak zdobywa szacunek na Tour de France!\"}]},{\"@type\":\"WebSite\",\"@id\":\"https:\/\/www.welovecycling.com\/pl\/#website\",\"url\":\"https:\/\/www.welovecycling.com\/pl\/\",\"name\":\"\u0160koda We Love Cycling - Poland\",\"description\":\"\",\"potentialAction\":[{\"@type\":\"SearchAction\",\"target\":{\"@type\":\"EntryPoint\",\"urlTemplate\":\"https:\/\/www.welovecycling.com\/pl\/?s={search_term_string}\"},\"query-input\":{\"@type\":\"PropertyValueSpecification\",\"valueRequired\":true,\"valueName\":\"search_term_string\"}}],\"inLanguage\":\"pl-PL\"},{\"@type\":\"Person\",\"@id\":\"https:\/\/www.welovecycling.com\/pl\/#\/schema\/person\/0dba2d39da943db9df3fd8f4687e7f23\",\"name\":\"piotrboczkowski\",\"image\":{\"@type\":\"ImageObject\",\"inLanguage\":\"pl-PL\",\"@id\":\"https:\/\/www.welovecycling.com\/pl\/#\/schema\/person\/image\/\",\"url\":\"https:\/\/secure.gravatar.com\/avatar\/533caccae14752e03a2ce2d3fd62d1b98b93e1393c3195c27819e53344ca1ace?s=96&d=mm&r=g\",\"contentUrl\":\"https:\/\/secure.gravatar.com\/avatar\/533caccae14752e03a2ce2d3fd62d1b98b93e1393c3195c27819e53344ca1ace?s=96&d=mm&r=g\",\"caption\":\"piotrboczkowski\"},\"url\":\"https:\/\/www.welovecycling.com\/pl\/author\/piotrboczkowski\/\"}]}<\/script>\n<!-- \/ Yoast SEO Premium plugin. -->","yoast_head_json":{"title":"Taktyk, pomocnik, mechanik. Polak zdobywa szacunek na Tour de France! - \u0160koda We Love Cycling - Poland","robots":{"index":"index","follow":"follow","max-snippet":"max-snippet:-1","max-image-preview":"max-image-preview:large","max-video-preview":"max-video-preview:-1"},"canonical":"https:\/\/www.welovecycling.com\/pl\/2017\/07\/17\/taktyk-pomocnik-mechanik-polak-zdobywa-szacunek-tour-de-france\/","og_locale":"pl_PL","og_type":"article","og_title":"Taktyk, pomocnik, mechanik. Polak zdobywa szacunek na Tour de France!","og_description":"W kolarstwie jak w \u017cyciu \u2013 dobrze mie\u0107 swojego anio\u0142a str\u00f3\u017ca. A nad liderem Tour de France Christopherem Froome\u2019em niebiosa [&hellip;]","og_url":"https:\/\/www.welovecycling.com\/pl\/2017\/07\/17\/taktyk-pomocnik-mechanik-polak-zdobywa-szacunek-tour-de-france\/","og_site_name":"\u0160koda We Love Cycling - Poland","article_published_time":"2017-07-17T08:32:48+00:00","article_modified_time":"2017-08-26T17:02:43+00:00","og_image":[{"width":1000,"height":666,"url":"https:\/\/d2p6e6u75xmxt8.cloudfront.net\/5\/2017\/07\/20170716374_161552.jpg","type":"image\/jpeg"}],"author":"piotrboczkowski","twitter_card":"summary_large_image","twitter_misc":{"Written by":"WeLoveCycling","Est. reading time":"3 minutes"},"schema":{"@context":"https:\/\/schema.org","@graph":[{"@type":"WebPage","@id":"https:\/\/www.welovecycling.com\/pl\/2017\/07\/17\/taktyk-pomocnik-mechanik-polak-zdobywa-szacunek-tour-de-france\/","url":"https:\/\/www.welovecycling.com\/pl\/2017\/07\/17\/taktyk-pomocnik-mechanik-polak-zdobywa-szacunek-tour-de-france\/","name":"Taktyk, pomocnik, mechanik. Polak zdobywa szacunek na Tour de France! - \u0160koda We Love Cycling - Poland","isPartOf":{"@id":"https:\/\/www.welovecycling.com\/pl\/#website"},"primaryImageOfPage":{"@id":"https:\/\/www.welovecycling.com\/pl\/2017\/07\/17\/taktyk-pomocnik-mechanik-polak-zdobywa-szacunek-tour-de-france\/#primaryimage"},"image":{"@id":"https:\/\/www.welovecycling.com\/pl\/2017\/07\/17\/taktyk-pomocnik-mechanik-polak-zdobywa-szacunek-tour-de-france\/#primaryimage"},"thumbnailUrl":"https:\/\/d2p6e6u75xmxt8.cloudfront.net\/5\/2017\/07\/20170716374_161552.jpg","datePublished":"2017-07-17T08:32:48+00:00","dateModified":"2017-08-26T17:02:43+00:00","author":{"@id":"https:\/\/www.welovecycling.com\/pl\/#\/schema\/person\/0dba2d39da943db9df3fd8f4687e7f23"},"breadcrumb":{"@id":"https:\/\/www.welovecycling.com\/pl\/2017\/07\/17\/taktyk-pomocnik-mechanik-polak-zdobywa-szacunek-tour-de-france\/#breadcrumb"},"inLanguage":"pl-PL","potentialAction":[{"@type":"ReadAction","target":["https:\/\/www.welovecycling.com\/pl\/2017\/07\/17\/taktyk-pomocnik-mechanik-polak-zdobywa-szacunek-tour-de-france\/"]}]},{"@type":"ImageObject","inLanguage":"pl-PL","@id":"https:\/\/www.welovecycling.com\/pl\/2017\/07\/17\/taktyk-pomocnik-mechanik-polak-zdobywa-szacunek-tour-de-france\/#primaryimage","url":"https:\/\/d2p6e6u75xmxt8.cloudfront.net\/5\/2017\/07\/20170716374_161552.jpg","contentUrl":"https:\/\/d2p6e6u75xmxt8.cloudfront.net\/5\/2017\/07\/20170716374_161552.jpg","width":1000,"height":666,"caption":"Tour de France 2017 - 16\/07\/2017 - Etape 15 - Laissac-S\u00e9v\u00e9rac l'Eglise \/ Le Puy-en-Velay (189,5km) - France"},{"@type":"BreadcrumbList","@id":"https:\/\/www.welovecycling.com\/pl\/2017\/07\/17\/taktyk-pomocnik-mechanik-polak-zdobywa-szacunek-tour-de-france\/#breadcrumb","itemListElement":[{"@type":"ListItem","position":1,"name":"Home","item":"https:\/\/www.welovecycling.com\/pl\/"},{"@type":"ListItem","position":2,"name":"Taktyk, pomocnik, mechanik. Polak zdobywa szacunek na Tour de France!"}]},{"@type":"WebSite","@id":"https:\/\/www.welovecycling.com\/pl\/#website","url":"https:\/\/www.welovecycling.com\/pl\/","name":"\u0160koda We Love Cycling - Poland","description":"","potentialAction":[{"@type":"SearchAction","target":{"@type":"EntryPoint","urlTemplate":"https:\/\/www.welovecycling.com\/pl\/?s={search_term_string}"},"query-input":{"@type":"PropertyValueSpecification","valueRequired":true,"valueName":"search_term_string"}}],"inLanguage":"pl-PL"},{"@type":"Person","@id":"https:\/\/www.welovecycling.com\/pl\/#\/schema\/person\/0dba2d39da943db9df3fd8f4687e7f23","name":"piotrboczkowski","image":{"@type":"ImageObject","inLanguage":"pl-PL","@id":"https:\/\/www.welovecycling.com\/pl\/#\/schema\/person\/image\/","url":"https:\/\/secure.gravatar.com\/avatar\/533caccae14752e03a2ce2d3fd62d1b98b93e1393c3195c27819e53344ca1ace?s=96&d=mm&r=g","contentUrl":"https:\/\/secure.gravatar.com\/avatar\/533caccae14752e03a2ce2d3fd62d1b98b93e1393c3195c27819e53344ca1ace?s=96&d=mm&r=g","caption":"piotrboczkowski"},"url":"https:\/\/www.welovecycling.com\/pl\/author\/piotrboczkowski\/"}]}},"_links":{"self":[{"href":"https:\/\/www.welovecycling.com\/pl\/wp-json\/wp\/v2\/posts\/4549","targetHints":{"allow":["GET"]}}],"collection":[{"href":"https:\/\/www.welovecycling.com\/pl\/wp-json\/wp\/v2\/posts"}],"about":[{"href":"https:\/\/www.welovecycling.com\/pl\/wp-json\/wp\/v2\/types\/post"}],"author":[{"embeddable":true,"href":"https:\/\/www.welovecycling.com\/pl\/wp-json\/wp\/v2\/users\/76"}],"replies":[{"embeddable":true,"href":"https:\/\/www.welovecycling.com\/pl\/wp-json\/wp\/v2\/comments?post=4549"}],"version-history":[{"count":2,"href":"https:\/\/www.welovecycling.com\/pl\/wp-json\/wp\/v2\/posts\/4549\/revisions"}],"predecessor-version":[{"id":5075,"href":"https:\/\/www.welovecycling.com\/pl\/wp-json\/wp\/v2\/posts\/4549\/revisions\/5075"}],"wp:featuredmedia":[{"embeddable":true,"href":"https:\/\/www.welovecycling.com\/pl\/wp-json\/wp\/v2\/media\/4550"}],"wp:attachment":[{"href":"https:\/\/www.welovecycling.com\/pl\/wp-json\/wp\/v2\/media?parent=4549"}],"wp:term":[{"taxonomy":"category","embeddable":true,"href":"https:\/\/www.welovecycling.com\/pl\/wp-json\/wp\/v2\/categories?post=4549"},{"taxonomy":"post_tag","embeddable":true,"href":"https:\/\/www.welovecycling.com\/pl\/wp-json\/wp\/v2\/tags?post=4549"},{"taxonomy":"global-categories","embeddable":true,"href":"https:\/\/www.welovecycling.com\/pl\/wp-json\/wp\/v2\/global-categories?post=4549"}],"curies":[{"name":"wp","href":"https:\/\/api.w.org\/{rel}","templated":true}]}}