{"id":4537,"date":"2017-07-14T13:29:11","date_gmt":"2017-07-14T13:29:11","guid":{"rendered":"https:\/\/www.welovecycling.com\/pl\/?p=4537"},"modified":"2017-08-03T13:59:13","modified_gmt":"2017-08-03T13:59:13","slug":"piekna-walka-polaka-rozdawal-karty-200-km-przegral-242-metrach","status":"publish","type":"post","link":"https:\/\/www.welovecycling.com\/pl\/2017\/07\/14\/piekna-walka-polaka-rozdawal-karty-200-km-przegral-242-metrach\/","title":{"rendered":"Pi\u0119kna walka Polaka! Rozdawa\u0142 karty przez 200 kilometr\u00f3w, przegra\u0142 na 242 metrach\u2026"},"content":{"rendered":"<p>Mo\u017cemy tylko przypuszcza\u0107, jak si\u0119 czu\u0142: mi\u0119\u015bnie pal\u0105ce z b\u00f3lu, ale nap\u0119dzane si\u0142\u0105 woli; skrajne zm\u0119czenie, jednak g\u0142owa walczy. Tylko ta meta &#8211; niby na wyci\u0105gni\u0119cie r\u0119ki, ale zbli\u017ca si\u0119 jak w wy\u015bcigu \u015blimak\u00f3w. Maciej Bodnar stoczy\u0142 pi\u0119kn\u0105 walk\u0119 na 12. etapie Tour de France. Dla wielu zosta\u0142 zwyci\u0119zc\u0105, cho\u0107 na met\u0119 wjecha\u0142 dopiero 54.\u00a0 Za to dzie\u0144 p\u00f3\u017aniej do\u015b\u0107 niespodziewanie Christopher Froome musia\u0142 odda\u0107 koszulk\u0119 lidera.<\/p>\n<p><strong>Stado much<\/strong><\/p>\n<p>Ucieka\u0142 bardzo d\u0142ugo. Podczas gdy peleton si\u0119 wspiera\u0142, zmienia\u0142 lider\u00f3w i wzajemnie mobilizowa\u0142, Bodnar dziesi\u0105tki kilometr\u00f3w jecha\u0142 sam. Z czasem sukces stawa\u0142 si\u0119 coraz bardziej realny &#8211; sze\u015b\u0107 kilometr\u00f3w przed met\u0105 mia\u0142 p\u00f3\u0142 minuty przewagi nad peletonem, jednak r\u00f3\u017cnica powoli topnia\u0142a. Ale zmniejsza\u0142 si\u0119 te\u017c dystans &#8211; dwa kilometry, p\u00f3\u0142tora, kilometr. Blisko, coraz bli\u017cej. Jednak wtedy Bodnar czu\u0142 ju\u017c na plecach oddech ca\u0142ego peletonu.<\/p>\n<p>Ca\u0142y czas mia\u0142 jednak nadziej\u0119, ale dok\u0142adnie 242 metry przed met\u0105 (ca\u0142y dystans liczy\u0142 203,5 kilometra!) musia\u0142 skapitulowa\u0107. Sta\u0142 si\u0119 jednym z wielu, peleton wch\u0142on\u0105\u0142 go jak stado much.<\/p>\n<p>&#8211; Pojecha\u0142 fantastycznie. Dla mnie to on jest zdecydowanym zwyci\u0119zc\u0105 tego etapu &#8211; komplementowa\u0142 zawodnika dru\u017cyny Bora-Hansgrohe Dariusz Baranowski, by\u0142y znakomity kolarz, a dzi\u015b komentator Eurosportu.<\/p>\n<p><strong>Dla Majki, Sagana i taty <\/strong><\/p>\n<p>Na otarcie \u0142ez Bodnar zosta\u0142 wyr\u00f3\u017cniony nagrod\u0105 dla najwaleczniejszego kolarza etapu. Uznano te\u017c, \u017ce wykona\u0142 najbardziej spektakularn\u0105 akcj\u0119 w ca\u0142ym 104. Tour de France. Na Polaku te pochwa\u0142y nie robi\u0142y jednak \u017cadnego wra\u017cenie. Nie by\u0142y w stanie zmieni\u0107 jego stanu ducha.<\/p>\n<p>&#8211; Jestem rozczarowany. Chcia\u0142em wygra\u0107 dla zespo\u0142u, dla Rafa\u0142a Majki [z powodu obra\u017ce\u0144 po upadku musia\u0142 wycofa\u0107 si\u0119 z wy\u015bcigu], dla Petera Sagana [zosta\u0142 zdyskwalifikowany] oraz dla mojego ojca, kt\u00f3ry zmar\u0142 dwa miesi\u0105ce temu &#8211; m\u00f3wi\u0142 Bodnar. &#8211; Z\u0142apali mnie 200 metr\u00f3w od celu, po przejechaniu 200 kilometr\u00f3w na czele wy\u015bcigu &#8211; kr\u0119ci\u0142 g\u0142ow\u0105 zawodnik 32-letni kolarz.<\/p>\n<p>Je\u015bli szuka\u0107 kolejnych pociesze\u0144, to Bodnar przegra\u0142 z czo\u0142owym sprinterem \u015bwiata &#8211; Marcelem Kittelem. Dla Niemca by\u0142o to pi\u0105te zwyci\u0119stwo etapowe w tegorocznym Tour de France i czternaste w karierze.<\/p>\n<p><strong>Zmiana lidera<\/strong><\/p>\n<p>Mimo to Kittel raczej nie b\u0119dzie si\u0119 liczy\u0142 w walce o wygranie ca\u0142ego wy\u015bcigu, cho\u0107 wczoraj w ko\u0144cu dosz\u0142o do przetasowa\u0144 na samym szczycie. Micha\u0142 Kwiatkowski pomaga\u0142, jak m\u00f3g\u0142, Froome&#8217;owi, ale strata Brytyjczyka by\u0142a za du\u017ca. Lider Teamu Sky wjecha\u0142 na met\u0119 si\u00f3dmy, a etap wygra\u0142 Francuz Romain Bardet.<\/p>\n<p>R\u00f3wnie szcz\u0119\u015bliwy po zako\u0144czeniu etapu by\u0142 W\u0142och Fabio Aru, kt\u00f3ry zaj\u0105\u0142 trzeci\u0105 pozycj\u0119, ale z tak\u0105 przewag\u0105 nad Froome\u2019em, \u017ce przej\u0105\u0142 od niego \u017c\u00f3\u0142t\u0105 koszulk\u0119 lidera.<\/p>\n<p>&#8211; To by\u0142 bardzo, bardzo trudny finisz, ale przed nami jeszcze d\u0142uga droga. Nie mam nic na swoje usprawiedliwienie. Trudno, teraz czeka nas niesamowita walka a\u017c na Pola Elizejskie \u2013 podkre\u015bla\u0142 Froome.<\/p>\n<p>Froome b\u0119dzie \u015bciga\u0142 lidera w dzisiejszym etapie g\u00f3rskim po Pirenejach z Saint-Girons do Foix (101 km).<\/p>\n<p><strong>Klasyfikacja generalna:<\/strong><\/p>\n<ol>\n<li>Fabio Aru<\/li>\n<li>Christopher Froome<\/li>\n<li>Romain Bardet<\/li>\n<\/ol>\n<p>&#8212;<\/p>\n<ol start=\"63\">\n<li>Pawe\u0142 Polja\u0144ski<\/li>\n<li>Micha\u0142 Kwiatkowski<\/li>\n<li>Maciej Bodnar<\/li>\n<\/ol>\n<p>&nbsp;<\/p>\n<p><strong>Klasyfikacja sprinter\u00f3w (zielona koszulka sponsorowana przez \u0160KOD\u0118):<\/strong><\/p>\n<ol>\n<li>Marcelo Kittel<\/li>\n<li>Michael Matthews<\/li>\n<li><span class=\"st\">Andr\u00e9 <\/span>Grepiel<\/li>\n<\/ol>\n<p>&nbsp;<\/p>\n<p>(\u017ar\u00f3d\u0142o zdj\u0119\u0107:\u00a0http:\/\/www.letour.fr \u00a9 ASO\/Alex BROADWAY)<\/p>\n","protected":false},"excerpt":{"rendered":"<p>Mo\u017cemy tylko przypuszcza\u0107, jak si\u0119 czu\u0142: mi\u0119\u015bnie pal\u0105ce z b\u00f3lu, ale nap\u0119dzane si\u0142\u0105 woli; skrajne zm\u0119czenie, jednak g\u0142owa walczy. Tylko [&hellip;]<\/p>\n","protected":false},"author":76,"featured_media":4538,"comment_status":"open","ping_status":"open","sticky":false,"template":"","format":"standard","meta":{"footnotes":""},"categories":[1],"tags":[41,151,158,77,163,82,146],"global-categories":[],"class_list":["post-4537","post","type-post","status-publish","format-standard","has-post-thumbnail","hentry","category-uncategorized","tag-cycling","tag-kolarstwo-szosowe","tag-relacja","tag-tour-de-france","tag-tour-de-france-2017","tag-welovecycling","tag-wyscig"],"yoast_head":"<!-- This site is optimized with the Yoast SEO Premium plugin v25.3 (Yoast SEO v25.9) - https:\/\/yoast.com\/wordpress\/plugins\/seo\/ -->\n<title>Pi\u0119kna walka Polaka! Rozdawa\u0142 karty przez 200 kilometr\u00f3w, przegra\u0142 na 242 metrach\u2026 - \u0160koda We Love Cycling - Poland<\/title>\n<meta name=\"robots\" content=\"index, follow, max-snippet:-1, max-image-preview:large, max-video-preview:-1\" \/>\n<link rel=\"canonical\" href=\"https:\/\/www.welovecycling.com\/pl\/2017\/07\/14\/piekna-walka-polaka-rozdawal-karty-200-km-przegral-242-metrach\/\" \/>\n<meta property=\"og:locale\" content=\"pl_PL\" \/>\n<meta property=\"og:type\" content=\"article\" \/>\n<meta property=\"og:title\" content=\"Pi\u0119kna walka Polaka! Rozdawa\u0142 karty przez 200 kilometr\u00f3w, przegra\u0142 na 242 metrach\u2026\" \/>\n<meta property=\"og:description\" content=\"Mo\u017cemy tylko przypuszcza\u0107, jak si\u0119 czu\u0142: mi\u0119\u015bnie pal\u0105ce z b\u00f3lu, ale nap\u0119dzane si\u0142\u0105 woli; skrajne zm\u0119czenie, jednak g\u0142owa walczy. Tylko [&hellip;]\" \/>\n<meta property=\"og:url\" content=\"https:\/\/www.welovecycling.com\/pl\/2017\/07\/14\/piekna-walka-polaka-rozdawal-karty-200-km-przegral-242-metrach\/\" \/>\n<meta property=\"og:site_name\" content=\"\u0160koda We Love Cycling - Poland\" \/>\n<meta property=\"article:published_time\" content=\"2017-07-14T13:29:11+00:00\" \/>\n<meta property=\"article:modified_time\" content=\"2017-08-03T13:59:13+00:00\" \/>\n<meta property=\"og:image\" content=\"https:\/\/d2p6e6u75xmxt8.cloudfront.net\/5\/2017\/07\/20170713194_131026-e1500039706858.jpg\" \/>\n\t<meta property=\"og:image:width\" content=\"900\" \/>\n\t<meta property=\"og:image:height\" content=\"599\" \/>\n\t<meta property=\"og:image:type\" content=\"image\/jpeg\" \/>\n<meta name=\"author\" content=\"piotrboczkowski\" \/>\n<meta name=\"twitter:card\" content=\"summary_large_image\" \/>\n<meta name=\"twitter:label1\" content=\"Written by\" \/>\n\t<meta name=\"twitter:data1\" content=\"WeLoveCycling\" \/>\n\t<meta name=\"twitter:label2\" content=\"Est. reading time\" \/>\n\t<meta name=\"twitter:data2\" content=\"3 minutes\" \/>\n<script type=\"application\/ld+json\" class=\"yoast-schema-graph\">{\"@context\":\"https:\/\/schema.org\",\"@graph\":[{\"@type\":\"WebPage\",\"@id\":\"https:\/\/www.welovecycling.com\/pl\/2017\/07\/14\/piekna-walka-polaka-rozdawal-karty-200-km-przegral-242-metrach\/\",\"url\":\"https:\/\/www.welovecycling.com\/pl\/2017\/07\/14\/piekna-walka-polaka-rozdawal-karty-200-km-przegral-242-metrach\/\",\"name\":\"Pi\u0119kna walka Polaka! Rozdawa\u0142 karty przez 200 kilometr\u00f3w, przegra\u0142 na 242 metrach\u2026 - \u0160koda We Love Cycling - Poland\",\"isPartOf\":{\"@id\":\"https:\/\/www.welovecycling.com\/pl\/#website\"},\"primaryImageOfPage\":{\"@id\":\"https:\/\/www.welovecycling.com\/pl\/2017\/07\/14\/piekna-walka-polaka-rozdawal-karty-200-km-przegral-242-metrach\/#primaryimage\"},\"image\":{\"@id\":\"https:\/\/www.welovecycling.com\/pl\/2017\/07\/14\/piekna-walka-polaka-rozdawal-karty-200-km-przegral-242-metrach\/#primaryimage\"},\"thumbnailUrl\":\"https:\/\/d2p6e6u75xmxt8.cloudfront.net\/5\/2017\/07\/20170713194_131026-e1500039706858.jpg\",\"datePublished\":\"2017-07-14T13:29:11+00:00\",\"dateModified\":\"2017-08-03T13:59:13+00:00\",\"author\":{\"@id\":\"https:\/\/www.welovecycling.com\/pl\/#\/schema\/person\/0dba2d39da943db9df3fd8f4687e7f23\"},\"breadcrumb\":{\"@id\":\"https:\/\/www.welovecycling.com\/pl\/2017\/07\/14\/piekna-walka-polaka-rozdawal-karty-200-km-przegral-242-metrach\/#breadcrumb\"},\"inLanguage\":\"pl-PL\",\"potentialAction\":[{\"@type\":\"ReadAction\",\"target\":[\"https:\/\/www.welovecycling.com\/pl\/2017\/07\/14\/piekna-walka-polaka-rozdawal-karty-200-km-przegral-242-metrach\/\"]}]},{\"@type\":\"ImageObject\",\"inLanguage\":\"pl-PL\",\"@id\":\"https:\/\/www.welovecycling.com\/pl\/2017\/07\/14\/piekna-walka-polaka-rozdawal-karty-200-km-przegral-242-metrach\/#primaryimage\",\"url\":\"https:\/\/d2p6e6u75xmxt8.cloudfront.net\/5\/2017\/07\/20170713194_131026-e1500039706858.jpg\",\"contentUrl\":\"https:\/\/d2p6e6u75xmxt8.cloudfront.net\/5\/2017\/07\/20170713194_131026-e1500039706858.jpg\",\"width\":900,\"height\":599},{\"@type\":\"BreadcrumbList\",\"@id\":\"https:\/\/www.welovecycling.com\/pl\/2017\/07\/14\/piekna-walka-polaka-rozdawal-karty-200-km-przegral-242-metrach\/#breadcrumb\",\"itemListElement\":[{\"@type\":\"ListItem\",\"position\":1,\"name\":\"Home\",\"item\":\"https:\/\/www.welovecycling.com\/pl\/\"},{\"@type\":\"ListItem\",\"position\":2,\"name\":\"Pi\u0119kna walka Polaka! Rozdawa\u0142 karty przez 200 kilometr\u00f3w, przegra\u0142 na 242 metrach\u2026\"}]},{\"@type\":\"WebSite\",\"@id\":\"https:\/\/www.welovecycling.com\/pl\/#website\",\"url\":\"https:\/\/www.welovecycling.com\/pl\/\",\"name\":\"\u0160koda We Love Cycling - Poland\",\"description\":\"\",\"potentialAction\":[{\"@type\":\"SearchAction\",\"target\":{\"@type\":\"EntryPoint\",\"urlTemplate\":\"https:\/\/www.welovecycling.com\/pl\/?s={search_term_string}\"},\"query-input\":{\"@type\":\"PropertyValueSpecification\",\"valueRequired\":true,\"valueName\":\"search_term_string\"}}],\"inLanguage\":\"pl-PL\"},{\"@type\":\"Person\",\"@id\":\"https:\/\/www.welovecycling.com\/pl\/#\/schema\/person\/0dba2d39da943db9df3fd8f4687e7f23\",\"name\":\"piotrboczkowski\",\"image\":{\"@type\":\"ImageObject\",\"inLanguage\":\"pl-PL\",\"@id\":\"https:\/\/www.welovecycling.com\/pl\/#\/schema\/person\/image\/\",\"url\":\"https:\/\/secure.gravatar.com\/avatar\/533caccae14752e03a2ce2d3fd62d1b98b93e1393c3195c27819e53344ca1ace?s=96&d=mm&r=g\",\"contentUrl\":\"https:\/\/secure.gravatar.com\/avatar\/533caccae14752e03a2ce2d3fd62d1b98b93e1393c3195c27819e53344ca1ace?s=96&d=mm&r=g\",\"caption\":\"piotrboczkowski\"},\"url\":\"https:\/\/www.welovecycling.com\/pl\/author\/piotrboczkowski\/\"}]}<\/script>\n<!-- \/ Yoast SEO Premium plugin. -->","yoast_head_json":{"title":"Pi\u0119kna walka Polaka! Rozdawa\u0142 karty przez 200 kilometr\u00f3w, przegra\u0142 na 242 metrach\u2026 - \u0160koda We Love Cycling - Poland","robots":{"index":"index","follow":"follow","max-snippet":"max-snippet:-1","max-image-preview":"max-image-preview:large","max-video-preview":"max-video-preview:-1"},"canonical":"https:\/\/www.welovecycling.com\/pl\/2017\/07\/14\/piekna-walka-polaka-rozdawal-karty-200-km-przegral-242-metrach\/","og_locale":"pl_PL","og_type":"article","og_title":"Pi\u0119kna walka Polaka! Rozdawa\u0142 karty przez 200 kilometr\u00f3w, przegra\u0142 na 242 metrach\u2026","og_description":"Mo\u017cemy tylko przypuszcza\u0107, jak si\u0119 czu\u0142: mi\u0119\u015bnie pal\u0105ce z b\u00f3lu, ale nap\u0119dzane si\u0142\u0105 woli; skrajne zm\u0119czenie, jednak g\u0142owa walczy. Tylko [&hellip;]","og_url":"https:\/\/www.welovecycling.com\/pl\/2017\/07\/14\/piekna-walka-polaka-rozdawal-karty-200-km-przegral-242-metrach\/","og_site_name":"\u0160koda We Love Cycling - Poland","article_published_time":"2017-07-14T13:29:11+00:00","article_modified_time":"2017-08-03T13:59:13+00:00","og_image":[{"width":900,"height":599,"url":"https:\/\/d2p6e6u75xmxt8.cloudfront.net\/5\/2017\/07\/20170713194_131026-e1500039706858.jpg","type":"image\/jpeg"}],"author":"piotrboczkowski","twitter_card":"summary_large_image","twitter_misc":{"Written by":"WeLoveCycling","Est. reading time":"3 minutes"},"schema":{"@context":"https:\/\/schema.org","@graph":[{"@type":"WebPage","@id":"https:\/\/www.welovecycling.com\/pl\/2017\/07\/14\/piekna-walka-polaka-rozdawal-karty-200-km-przegral-242-metrach\/","url":"https:\/\/www.welovecycling.com\/pl\/2017\/07\/14\/piekna-walka-polaka-rozdawal-karty-200-km-przegral-242-metrach\/","name":"Pi\u0119kna walka Polaka! Rozdawa\u0142 karty przez 200 kilometr\u00f3w, przegra\u0142 na 242 metrach\u2026 - \u0160koda We Love Cycling - Poland","isPartOf":{"@id":"https:\/\/www.welovecycling.com\/pl\/#website"},"primaryImageOfPage":{"@id":"https:\/\/www.welovecycling.com\/pl\/2017\/07\/14\/piekna-walka-polaka-rozdawal-karty-200-km-przegral-242-metrach\/#primaryimage"},"image":{"@id":"https:\/\/www.welovecycling.com\/pl\/2017\/07\/14\/piekna-walka-polaka-rozdawal-karty-200-km-przegral-242-metrach\/#primaryimage"},"thumbnailUrl":"https:\/\/d2p6e6u75xmxt8.cloudfront.net\/5\/2017\/07\/20170713194_131026-e1500039706858.jpg","datePublished":"2017-07-14T13:29:11+00:00","dateModified":"2017-08-03T13:59:13+00:00","author":{"@id":"https:\/\/www.welovecycling.com\/pl\/#\/schema\/person\/0dba2d39da943db9df3fd8f4687e7f23"},"breadcrumb":{"@id":"https:\/\/www.welovecycling.com\/pl\/2017\/07\/14\/piekna-walka-polaka-rozdawal-karty-200-km-przegral-242-metrach\/#breadcrumb"},"inLanguage":"pl-PL","potentialAction":[{"@type":"ReadAction","target":["https:\/\/www.welovecycling.com\/pl\/2017\/07\/14\/piekna-walka-polaka-rozdawal-karty-200-km-przegral-242-metrach\/"]}]},{"@type":"ImageObject","inLanguage":"pl-PL","@id":"https:\/\/www.welovecycling.com\/pl\/2017\/07\/14\/piekna-walka-polaka-rozdawal-karty-200-km-przegral-242-metrach\/#primaryimage","url":"https:\/\/d2p6e6u75xmxt8.cloudfront.net\/5\/2017\/07\/20170713194_131026-e1500039706858.jpg","contentUrl":"https:\/\/d2p6e6u75xmxt8.cloudfront.net\/5\/2017\/07\/20170713194_131026-e1500039706858.jpg","width":900,"height":599},{"@type":"BreadcrumbList","@id":"https:\/\/www.welovecycling.com\/pl\/2017\/07\/14\/piekna-walka-polaka-rozdawal-karty-200-km-przegral-242-metrach\/#breadcrumb","itemListElement":[{"@type":"ListItem","position":1,"name":"Home","item":"https:\/\/www.welovecycling.com\/pl\/"},{"@type":"ListItem","position":2,"name":"Pi\u0119kna walka Polaka! Rozdawa\u0142 karty przez 200 kilometr\u00f3w, przegra\u0142 na 242 metrach\u2026"}]},{"@type":"WebSite","@id":"https:\/\/www.welovecycling.com\/pl\/#website","url":"https:\/\/www.welovecycling.com\/pl\/","name":"\u0160koda We Love Cycling - Poland","description":"","potentialAction":[{"@type":"SearchAction","target":{"@type":"EntryPoint","urlTemplate":"https:\/\/www.welovecycling.com\/pl\/?s={search_term_string}"},"query-input":{"@type":"PropertyValueSpecification","valueRequired":true,"valueName":"search_term_string"}}],"inLanguage":"pl-PL"},{"@type":"Person","@id":"https:\/\/www.welovecycling.com\/pl\/#\/schema\/person\/0dba2d39da943db9df3fd8f4687e7f23","name":"piotrboczkowski","image":{"@type":"ImageObject","inLanguage":"pl-PL","@id":"https:\/\/www.welovecycling.com\/pl\/#\/schema\/person\/image\/","url":"https:\/\/secure.gravatar.com\/avatar\/533caccae14752e03a2ce2d3fd62d1b98b93e1393c3195c27819e53344ca1ace?s=96&d=mm&r=g","contentUrl":"https:\/\/secure.gravatar.com\/avatar\/533caccae14752e03a2ce2d3fd62d1b98b93e1393c3195c27819e53344ca1ace?s=96&d=mm&r=g","caption":"piotrboczkowski"},"url":"https:\/\/www.welovecycling.com\/pl\/author\/piotrboczkowski\/"}]}},"_links":{"self":[{"href":"https:\/\/www.welovecycling.com\/pl\/wp-json\/wp\/v2\/posts\/4537","targetHints":{"allow":["GET"]}}],"collection":[{"href":"https:\/\/www.welovecycling.com\/pl\/wp-json\/wp\/v2\/posts"}],"about":[{"href":"https:\/\/www.welovecycling.com\/pl\/wp-json\/wp\/v2\/types\/post"}],"author":[{"embeddable":true,"href":"https:\/\/www.welovecycling.com\/pl\/wp-json\/wp\/v2\/users\/76"}],"replies":[{"embeddable":true,"href":"https:\/\/www.welovecycling.com\/pl\/wp-json\/wp\/v2\/comments?post=4537"}],"version-history":[{"count":2,"href":"https:\/\/www.welovecycling.com\/pl\/wp-json\/wp\/v2\/posts\/4537\/revisions"}],"predecessor-version":[{"id":4762,"href":"https:\/\/www.welovecycling.com\/pl\/wp-json\/wp\/v2\/posts\/4537\/revisions\/4762"}],"wp:featuredmedia":[{"embeddable":true,"href":"https:\/\/www.welovecycling.com\/pl\/wp-json\/wp\/v2\/media\/4538"}],"wp:attachment":[{"href":"https:\/\/www.welovecycling.com\/pl\/wp-json\/wp\/v2\/media?parent=4537"}],"wp:term":[{"taxonomy":"category","embeddable":true,"href":"https:\/\/www.welovecycling.com\/pl\/wp-json\/wp\/v2\/categories?post=4537"},{"taxonomy":"post_tag","embeddable":true,"href":"https:\/\/www.welovecycling.com\/pl\/wp-json\/wp\/v2\/tags?post=4537"},{"taxonomy":"global-categories","embeddable":true,"href":"https:\/\/www.welovecycling.com\/pl\/wp-json\/wp\/v2\/global-categories?post=4537"}],"curies":[{"name":"wp","href":"https:\/\/api.w.org\/{rel}","templated":true}]}}